{"id":110340,"date":"2026-01-26T23:40:58","date_gmt":"2026-01-27T02:40:58","guid":{"rendered":"https:\/\/radiolifefm.com.br\/noticias\/?p=110340"},"modified":"2026-04-30T00:36:41","modified_gmt":"2026-04-30T03:36:41","slug":"avaliacao-de-densidade-larvaria-em-adamantina-resulta-em-risco-elevado-em-relacao-a-infestacao-e-dispersao-do-vetor-das-doencas-dengue-zika-virus-e-febre-chikungunya","status":"publish","type":"post","link":"https:\/\/radiolifefm.com.br\/noticias\/avaliacao-de-densidade-larvaria-em-adamantina-resulta-em-risco-elevado-em-relacao-a-infestacao-e-dispersao-do-vetor-das-doencas-dengue-zika-virus-e-febre-chikungunya\/","title":{"rendered":"Avalia\u00e7\u00e3o de Densidade Larv\u00e1ria em Adamantina resulta em risco elevado em rela\u00e7\u00e3o \u00e0 infesta\u00e7\u00e3o e dispers\u00e3o do vetor das doen\u00e7as dengue, zika v\u00edrus e febre chikungunya"},"content":{"rendered":"<div id=\"fb-root\"><\/div>\n<div>A Prefeitura de Adamantina, por meio do Departamento de Controle de Vetores, realizou na primeira quinzena de janeiro a Avalia\u00e7\u00e3o de Densidade Larv\u00e1ria (ADL) com o objetivo de verificar a presen\u00e7a de focos do mosquito Aedes Aegypti.<\/p>\n<p>Foram visitados 571 im\u00f3veis a partir de sorteio para defini\u00e7\u00e3o das quadras, conforme os crit\u00e9rios que foram preconizados pela Superintend\u00eancia de Controle de Endemias do Estado de S\u00e3o Paulo.<\/p>\n<p>O \u00cdndice de Desenvolvimento Larv\u00e1rio (ADL) apontou que o \u00cdndice Breteau (IB), valor num\u00e9rico que define a quantidade de insetos em fase de desenvolvimento, de 5,25 e o \u00cdndice Predial, porcentagem de im\u00f3veis com a presen\u00e7a de Aedes aegypti, com resultado de 4,38.<\/p>\n<p>Diante dos dados, a classifica\u00e7\u00e3o \u00e9 de risco para Adamantina em rela\u00e7\u00e3o \u00e0 infesta\u00e7\u00e3o e dispers\u00e3o do vetor das doen\u00e7as dengue, zika v\u00edrus, febre chikungunya e febre amarela.<\/p>\n<p><b>A\u00e7\u00e3o do Departamento de Controle de Vetores<\/b><br \/>\nA equipe do Departamento de Controle de Vetores tem visitado as casas e encontrado diversos ambientes prop\u00edcios que servem de criadouro para o mosquito Aedes Aegypti. Todos os dias, \u00e9 fundamental fazer uma vistoria no quintal a fim de eliminar \u00e1gua parada.<\/p>\n<p><b>Agentes Comunit\u00e1rios de Sa\u00fade<\/b><br \/>\nOs agentes comunit\u00e1rios de sa\u00fade tamb\u00e9m est\u00e3o visitando as casas e tamb\u00e9m tem encontrado criadouros e orientando a popula\u00e7\u00e3o para evitar \u00e1gua parada.<\/p>\n<p><b>Confira o checklist de preven\u00e7\u00e3o<\/b><br \/>\n<b>Vasos de plantas:<\/b>\u00a0Elimine os pratinhos ou preencha-os com areia at\u00e9 a borda.<br \/>\n<b>Calhas:\u00a0<\/b>Mantenha-as limpas e desentupidas para evitar o represamento de \u00e1gua.<br \/>\n<b>Bebedouros de animais:\u00a0<\/b>Lave-os com bucha e sab\u00e3o diariamente, n\u00e3o apenas troque a \u00e1gua.<br \/>\n<b>Lixo e entulho:<\/b>\u00a0Mantenha lixeiras bem fechadas e n\u00e3o deixe sucata ou pneus expostos \u00e0 chuva.<br \/>\n<b>Caixas d&#8217;\u00e1gua:\u00a0<\/b>Devem estar vedadas, sem nenhuma fresta por onde o mosquito possa passar.<br \/>\n<b>Ralos:<\/b>\u00a0Utilize telas de prote\u00e7\u00e3o ou mantenha-os fechados quando n\u00e3o estiverem em uso.<\/p>\n<p><b>Fique Atento aos Sintomas<\/b><br \/>\nAo apresentar sintomas, o morador deve procurar imediatamente a Unidade B\u00e1sica de Sa\u00fade (UBS) mais pr\u00f3xima e jamais se automedicar. Medicamentos \u00e0 base de \u00e1cido acetilsalic\u00edlico (como Aspirina) e anti-inflamat\u00f3rios podem agravar o quadro da doen\u00e7a, causando sangramentos.<\/p>\n<p><b>Sintomas comuns da dengue<\/b><br \/>\n&#8211; Febre alta e repentina (acima de 38\u00b0C).<br \/>\n&#8211; Dor forte no corpo e nas articula\u00e7\u00f5es.<br \/>\n&#8211; Dor atr\u00e1s dos olhos.<br \/>\n&#8211; Manchas vermelhas pelo corpo.<br \/>\n&#8211; Mal-estar e falta de apetite.<\/div>\n<div><\/div>\n<p><span style=\"color: #888888\"><span class=\"gmail_signature_prefix\">&#8212;<\/span><br \/>\n<\/span><\/p>\n<div class=\"gmail_signature\" dir=\"ltr\" data-smartmail=\"gmail_signature\">\n<div dir=\"ltr\">\n<div>\n<div dir=\"ltr\">\n<div>\n<div dir=\"ltr\">\n<div>\n<div dir=\"ltr\">\n<div>\n<div dir=\"ltr\">\n<div>\n<div dir=\"ltr\">\n<div dir=\"ltr\">\n<div>\n<div><\/div>\n<div><span style=\"font-family: tahoma, sans-serif;font-size: xx-small\"><b>PREFEITURA DO MUNIC\u00cdPIO DE ADAMANTINA<br \/>\n<\/b><\/span><\/div>\n<\/div>\n<div>\n<div>\n<div>\n<div><span style=\"font-family: tahoma, sans-serif;font-size: xx-small\"><b>\u00a0 \u00a0 \u00a0 \u00a0 \u00a0 \u00a0 \u00a0Jornalista Natacha Dominato<\/b><\/span><\/div>\n<\/div>\n<\/div>\n<\/div>\n<\/div>\n<\/div>\n<\/div>\n<\/div>\n<\/div>\n<\/div>\n<\/div>\n<\/div>\n<\/div>\n<\/div>\n<\/div>\n<\/div>\n<\/div>\n","protected":false},"excerpt":{"rendered":"<p>A Prefeitura de Adamantina, por meio do Departamento de Controle de Vetores, realizou na primeira quinzena de janeiro a Avalia\u00e7\u00e3o de Densidade Larv\u00e1ria (ADL) com o objetivo de verificar a presen\u00e7a de focos do mosquito Aedes Aegypti. Foram visitados 571 im\u00f3veis a partir de sorteio para defini\u00e7\u00e3o das quadras, conforme os crit\u00e9rios que foram preconizados [&hellip;]<\/p>\n","protected":false},"author":13,"featured_media":110094,"comment_status":"closed","ping_status":"open","sticky":false,"template":"","format":"standard","meta":{"_acf_changed":false,"_exactmetrics_skip_tracking":false,"_exactmetrics_sitenote_active":false,"_exactmetrics_sitenote_note":"","_exactmetrics_sitenote_category":0,"footnotes":""},"categories":[21,35],"tags":[],"class_list":["post-110340","post","type-post","status-publish","format-standard","has-post-thumbnail","hentry","category-adamantina","category-saude"],"acf":[],"yoast_head":"<!-- This site is optimized with the Yoast SEO plugin v27.2 - https:\/\/yoast.com\/product\/yoast-seo-wordpress\/ -->\n<title>Avalia\u00e7\u00e3o de Densidade Larv\u00e1ria em Adamantina resulta em risco elevado em rela\u00e7\u00e3o \u00e0 infesta\u00e7\u00e3o e dispers\u00e3o do vetor das doen\u00e7as dengue, zika v\u00edrus e febre chikungunya - R\u00e1dio Life FM<\/title>\n<meta name=\"robots\" content=\"index, follow, max-snippet:-1, max-image-preview:large, max-video-preview:-1\" \/>\n<link rel=\"canonical\" href=\"https:\/\/radiolifefm.com.br\/noticias\/avaliacao-de-densidade-larvaria-em-adamantina-resulta-em-risco-elevado-em-relacao-a-infestacao-e-dispersao-do-vetor-das-doencas-dengue-zika-virus-e-febre-chikungunya\/\" \/>\n<meta property=\"og:locale\" content=\"pt_BR\" \/>\n<meta property=\"og:type\" content=\"article\" \/>\n<meta property=\"og:title\" content=\"Avalia\u00e7\u00e3o de Densidade Larv\u00e1ria em Adamantina resulta em risco elevado em rela\u00e7\u00e3o \u00e0 infesta\u00e7\u00e3o e dispers\u00e3o do vetor das doen\u00e7as dengue, zika v\u00edrus e febre chikungunya - R\u00e1dio Life FM\" \/>\n<meta property=\"og:description\" content=\"A Prefeitura de Adamantina, por meio do Departamento de Controle de Vetores, realizou na primeira quinzena de janeiro a Avalia\u00e7\u00e3o de Densidade Larv\u00e1ria (ADL) com o objetivo de verificar a presen\u00e7a de focos do mosquito Aedes Aegypti. Foram visitados 571 im\u00f3veis a partir de sorteio para defini\u00e7\u00e3o das quadras, conforme os crit\u00e9rios que foram preconizados [&hellip;]\" \/>\n<meta property=\"og:url\" content=\"https:\/\/radiolifefm.com.br\/noticias\/avaliacao-de-densidade-larvaria-em-adamantina-resulta-em-risco-elevado-em-relacao-a-infestacao-e-dispersao-do-vetor-das-doencas-dengue-zika-virus-e-febre-chikungunya\/\" \/>\n<meta property=\"og:site_name\" content=\"R\u00e1dio Life FM\" \/>\n<meta property=\"article:publisher\" content=\"https:\/\/www.facebook.com\/radiolifefm\/\" \/>\n<meta property=\"article:published_time\" content=\"2026-01-27T02:40:58+00:00\" \/>\n<meta property=\"article:modified_time\" content=\"2026-04-30T03:36:41+00:00\" \/>\n<meta property=\"og:image\" content=\"https:\/\/radiolifefm.com.br\/noticias\/wp-content\/uploads\/2026\/01\/cats-15.jpg\" \/>\n\t<meta property=\"og:image:width\" content=\"640\" \/>\n\t<meta property=\"og:image:height\" content=\"400\" \/>\n\t<meta property=\"og:image:type\" content=\"image\/jpeg\" \/>\n<meta name=\"author\" content=\"ritanery\" \/>\n<meta name=\"twitter:card\" content=\"summary_large_image\" \/>\n<meta name=\"twitter:label1\" content=\"Escrito por\" \/>\n\t<meta name=\"twitter:data1\" content=\"ritanery\" \/>\n\t<meta name=\"twitter:label2\" content=\"Est. tempo de leitura\" \/>\n\t<meta name=\"twitter:data2\" content=\"3 minutos\" \/>\n<script type=\"application\/ld+json\" class=\"yoast-schema-graph\">{\"@context\":\"https:\/\/schema.org\",\"@graph\":[{\"@type\":\"Article\",\"@id\":\"https:\/\/radiolifefm.com.br\/noticias\/avaliacao-de-densidade-larvaria-em-adamantina-resulta-em-risco-elevado-em-relacao-a-infestacao-e-dispersao-do-vetor-das-doencas-dengue-zika-virus-e-febre-chikungunya\/#article\",\"isPartOf\":{\"@id\":\"https:\/\/radiolifefm.com.br\/noticias\/avaliacao-de-densidade-larvaria-em-adamantina-resulta-em-risco-elevado-em-relacao-a-infestacao-e-dispersao-do-vetor-das-doencas-dengue-zika-virus-e-febre-chikungunya\/\"},\"author\":{\"name\":\"ritanery\",\"@id\":\"https:\/\/radiolifefm.com.br\/noticias\/#\/schema\/person\/6339b9fac59d12b071dec680d7375d87\"},\"headline\":\"Avalia\u00e7\u00e3o de Densidade Larv\u00e1ria em Adamantina resulta em risco elevado em rela\u00e7\u00e3o \u00e0 infesta\u00e7\u00e3o e dispers\u00e3o do vetor das doen\u00e7as dengue, zika v\u00edrus e febre chikungunya\",\"datePublished\":\"2026-01-27T02:40:58+00:00\",\"dateModified\":\"2026-04-30T03:36:41+00:00\",\"mainEntityOfPage\":{\"@id\":\"https:\/\/radiolifefm.com.br\/noticias\/avaliacao-de-densidade-larvaria-em-adamantina-resulta-em-risco-elevado-em-relacao-a-infestacao-e-dispersao-do-vetor-das-doencas-dengue-zika-virus-e-febre-chikungunya\/\"},\"wordCount\":454,\"publisher\":{\"@id\":\"https:\/\/radiolifefm.com.br\/noticias\/#organization\"},\"image\":{\"@id\":\"https:\/\/radiolifefm.com.br\/noticias\/avaliacao-de-densidade-larvaria-em-adamantina-resulta-em-risco-elevado-em-relacao-a-infestacao-e-dispersao-do-vetor-das-doencas-dengue-zika-virus-e-febre-chikungunya\/#primaryimage\"},\"thumbnailUrl\":\"https:\/\/radiolifefm.com.br\/noticias\/wp-content\/uploads\/2026\/01\/cats-15.jpg\",\"articleSection\":[\"Adamantina\",\"Sa\u00fade\"],\"inLanguage\":\"pt-BR\"},{\"@type\":\"WebPage\",\"@id\":\"https:\/\/radiolifefm.com.br\/noticias\/avaliacao-de-densidade-larvaria-em-adamantina-resulta-em-risco-elevado-em-relacao-a-infestacao-e-dispersao-do-vetor-das-doencas-dengue-zika-virus-e-febre-chikungunya\/\",\"url\":\"https:\/\/radiolifefm.com.br\/noticias\/avaliacao-de-densidade-larvaria-em-adamantina-resulta-em-risco-elevado-em-relacao-a-infestacao-e-dispersao-do-vetor-das-doencas-dengue-zika-virus-e-febre-chikungunya\/\",\"name\":\"Avalia\u00e7\u00e3o de Densidade Larv\u00e1ria em Adamantina resulta em risco elevado em rela\u00e7\u00e3o \u00e0 infesta\u00e7\u00e3o e dispers\u00e3o do vetor das doen\u00e7as dengue, zika v\u00edrus e febre chikungunya - R\u00e1dio Life FM\",\"isPartOf\":{\"@id\":\"https:\/\/radiolifefm.com.br\/noticias\/#website\"},\"primaryImageOfPage\":{\"@id\":\"https:\/\/radiolifefm.com.br\/noticias\/avaliacao-de-densidade-larvaria-em-adamantina-resulta-em-risco-elevado-em-relacao-a-infestacao-e-dispersao-do-vetor-das-doencas-dengue-zika-virus-e-febre-chikungunya\/#primaryimage\"},\"image\":{\"@id\":\"https:\/\/radiolifefm.com.br\/noticias\/avaliacao-de-densidade-larvaria-em-adamantina-resulta-em-risco-elevado-em-relacao-a-infestacao-e-dispersao-do-vetor-das-doencas-dengue-zika-virus-e-febre-chikungunya\/#primaryimage\"},\"thumbnailUrl\":\"https:\/\/radiolifefm.com.br\/noticias\/wp-content\/uploads\/2026\/01\/cats-15.jpg\",\"datePublished\":\"2026-01-27T02:40:58+00:00\",\"dateModified\":\"2026-04-30T03:36:41+00:00\",\"breadcrumb\":{\"@id\":\"https:\/\/radiolifefm.com.br\/noticias\/avaliacao-de-densidade-larvaria-em-adamantina-resulta-em-risco-elevado-em-relacao-a-infestacao-e-dispersao-do-vetor-das-doencas-dengue-zika-virus-e-febre-chikungunya\/#breadcrumb\"},\"inLanguage\":\"pt-BR\",\"potentialAction\":[{\"@type\":\"ReadAction\",\"target\":[\"https:\/\/radiolifefm.com.br\/noticias\/avaliacao-de-densidade-larvaria-em-adamantina-resulta-em-risco-elevado-em-relacao-a-infestacao-e-dispersao-do-vetor-das-doencas-dengue-zika-virus-e-febre-chikungunya\/\"]}]},{\"@type\":\"ImageObject\",\"inLanguage\":\"pt-BR\",\"@id\":\"https:\/\/radiolifefm.com.br\/noticias\/avaliacao-de-densidade-larvaria-em-adamantina-resulta-em-risco-elevado-em-relacao-a-infestacao-e-dispersao-do-vetor-das-doencas-dengue-zika-virus-e-febre-chikungunya\/#primaryimage\",\"url\":\"https:\/\/radiolifefm.com.br\/noticias\/wp-content\/uploads\/2026\/01\/cats-15.jpg\",\"contentUrl\":\"https:\/\/radiolifefm.com.br\/noticias\/wp-content\/uploads\/2026\/01\/cats-15.jpg\",\"width\":640,\"height\":400},{\"@type\":\"BreadcrumbList\",\"@id\":\"https:\/\/radiolifefm.com.br\/noticias\/avaliacao-de-densidade-larvaria-em-adamantina-resulta-em-risco-elevado-em-relacao-a-infestacao-e-dispersao-do-vetor-das-doencas-dengue-zika-virus-e-febre-chikungunya\/#breadcrumb\",\"itemListElement\":[{\"@type\":\"ListItem\",\"position\":1,\"name\":\"In\u00edcio\",\"item\":\"https:\/\/radiolifefm.com.br\/noticias\/\"},{\"@type\":\"ListItem\",\"position\":2,\"name\":\"Avalia\u00e7\u00e3o de Densidade Larv\u00e1ria em Adamantina resulta em risco elevado em rela\u00e7\u00e3o \u00e0 infesta\u00e7\u00e3o e dispers\u00e3o do vetor das doen\u00e7as dengue, zika v\u00edrus e febre chikungunya\"}]},{\"@type\":\"WebSite\",\"@id\":\"https:\/\/radiolifefm.com.br\/noticias\/#website\",\"url\":\"https:\/\/radiolifefm.com.br\/noticias\/\",\"name\":\"R\u00e1dio Life FM\",\"description\":\"O Portal de Not\u00edcias de Adamantina\",\"publisher\":{\"@id\":\"https:\/\/radiolifefm.com.br\/noticias\/#organization\"},\"alternateName\":\"Life FM\",\"potentialAction\":[{\"@type\":\"SearchAction\",\"target\":{\"@type\":\"EntryPoint\",\"urlTemplate\":\"https:\/\/radiolifefm.com.br\/noticias\/?s={search_term_string}\"},\"query-input\":{\"@type\":\"PropertyValueSpecification\",\"valueRequired\":true,\"valueName\":\"search_term_string\"}}],\"inLanguage\":\"pt-BR\"},{\"@type\":\"Organization\",\"@id\":\"https:\/\/radiolifefm.com.br\/noticias\/#organization\",\"name\":\"R\u00e1dio Life FM\",\"alternateName\":\"Life FM\",\"url\":\"https:\/\/radiolifefm.com.br\/noticias\/\",\"logo\":{\"@type\":\"ImageObject\",\"inLanguage\":\"pt-BR\",\"@id\":\"https:\/\/radiolifefm.com.br\/noticias\/#\/schema\/logo\/image\/\",\"url\":\"https:\/\/static.radiolifefm.com.br\/noticias\/wp-content\/uploads\/2019\/10\/logo-lifefm.png\",\"contentUrl\":\"https:\/\/static.radiolifefm.com.br\/noticias\/wp-content\/uploads\/2019\/10\/logo-lifefm.png\",\"width\":196,\"height\":47,\"caption\":\"R\u00e1dio Life FM\"},\"image\":{\"@id\":\"https:\/\/radiolifefm.com.br\/noticias\/#\/schema\/logo\/image\/\"},\"sameAs\":[\"https:\/\/www.facebook.com\/radiolifefm\/\",\"https:\/\/www.instagram.com\/life1079fm\/\"]},{\"@type\":\"Person\",\"@id\":\"https:\/\/radiolifefm.com.br\/noticias\/#\/schema\/person\/6339b9fac59d12b071dec680d7375d87\",\"name\":\"ritanery\",\"image\":{\"@type\":\"ImageObject\",\"inLanguage\":\"pt-BR\",\"@id\":\"https:\/\/secure.gravatar.com\/avatar\/0e37bb19071f47c0b8a23f62a903df117c5a0e75f65a0c2901562f97cd41cf86?s=96&d=mm&r=g\",\"url\":\"https:\/\/secure.gravatar.com\/avatar\/0e37bb19071f47c0b8a23f62a903df117c5a0e75f65a0c2901562f97cd41cf86?s=96&d=mm&r=g\",\"contentUrl\":\"https:\/\/secure.gravatar.com\/avatar\/0e37bb19071f47c0b8a23f62a903df117c5a0e75f65a0c2901562f97cd41cf86?s=96&d=mm&r=g\",\"caption\":\"ritanery\"}}]}<\/script>\n<!-- \/ Yoast SEO plugin. -->","yoast_head_json":{"title":"Avalia\u00e7\u00e3o de Densidade Larv\u00e1ria em Adamantina resulta em risco elevado em rela\u00e7\u00e3o \u00e0 infesta\u00e7\u00e3o e dispers\u00e3o do vetor das doen\u00e7as dengue, zika v\u00edrus e febre chikungunya - R\u00e1dio Life FM","robots":{"index":"index","follow":"follow","max-snippet":"max-snippet:-1","max-image-preview":"max-image-preview:large","max-video-preview":"max-video-preview:-1"},"canonical":"https:\/\/radiolifefm.com.br\/noticias\/avaliacao-de-densidade-larvaria-em-adamantina-resulta-em-risco-elevado-em-relacao-a-infestacao-e-dispersao-do-vetor-das-doencas-dengue-zika-virus-e-febre-chikungunya\/","og_locale":"pt_BR","og_type":"article","og_title":"Avalia\u00e7\u00e3o de Densidade Larv\u00e1ria em Adamantina resulta em risco elevado em rela\u00e7\u00e3o \u00e0 infesta\u00e7\u00e3o e dispers\u00e3o do vetor das doen\u00e7as dengue, zika v\u00edrus e febre chikungunya - R\u00e1dio Life FM","og_description":"A Prefeitura de Adamantina, por meio do Departamento de Controle de Vetores, realizou na primeira quinzena de janeiro a Avalia\u00e7\u00e3o de Densidade Larv\u00e1ria (ADL) com o objetivo de verificar a presen\u00e7a de focos do mosquito Aedes Aegypti. Foram visitados 571 im\u00f3veis a partir de sorteio para defini\u00e7\u00e3o das quadras, conforme os crit\u00e9rios que foram preconizados [&hellip;]","og_url":"https:\/\/radiolifefm.com.br\/noticias\/avaliacao-de-densidade-larvaria-em-adamantina-resulta-em-risco-elevado-em-relacao-a-infestacao-e-dispersao-do-vetor-das-doencas-dengue-zika-virus-e-febre-chikungunya\/","og_site_name":"R\u00e1dio Life FM","article_publisher":"https:\/\/www.facebook.com\/radiolifefm\/","article_published_time":"2026-01-27T02:40:58+00:00","article_modified_time":"2026-04-30T03:36:41+00:00","og_image":[{"width":640,"height":400,"url":"https:\/\/radiolifefm.com.br\/noticias\/wp-content\/uploads\/2026\/01\/cats-15.jpg","type":"image\/jpeg"}],"author":"ritanery","twitter_card":"summary_large_image","twitter_misc":{"Escrito por":"ritanery","Est. tempo de leitura":"3 minutos"},"schema":{"@context":"https:\/\/schema.org","@graph":[{"@type":"Article","@id":"https:\/\/radiolifefm.com.br\/noticias\/avaliacao-de-densidade-larvaria-em-adamantina-resulta-em-risco-elevado-em-relacao-a-infestacao-e-dispersao-do-vetor-das-doencas-dengue-zika-virus-e-febre-chikungunya\/#article","isPartOf":{"@id":"https:\/\/radiolifefm.com.br\/noticias\/avaliacao-de-densidade-larvaria-em-adamantina-resulta-em-risco-elevado-em-relacao-a-infestacao-e-dispersao-do-vetor-das-doencas-dengue-zika-virus-e-febre-chikungunya\/"},"author":{"name":"ritanery","@id":"https:\/\/radiolifefm.com.br\/noticias\/#\/schema\/person\/6339b9fac59d12b071dec680d7375d87"},"headline":"Avalia\u00e7\u00e3o de Densidade Larv\u00e1ria em Adamantina resulta em risco elevado em rela\u00e7\u00e3o \u00e0 infesta\u00e7\u00e3o e dispers\u00e3o do vetor das doen\u00e7as dengue, zika v\u00edrus e febre chikungunya","datePublished":"2026-01-27T02:40:58+00:00","dateModified":"2026-04-30T03:36:41+00:00","mainEntityOfPage":{"@id":"https:\/\/radiolifefm.com.br\/noticias\/avaliacao-de-densidade-larvaria-em-adamantina-resulta-em-risco-elevado-em-relacao-a-infestacao-e-dispersao-do-vetor-das-doencas-dengue-zika-virus-e-febre-chikungunya\/"},"wordCount":454,"publisher":{"@id":"https:\/\/radiolifefm.com.br\/noticias\/#organization"},"image":{"@id":"https:\/\/radiolifefm.com.br\/noticias\/avaliacao-de-densidade-larvaria-em-adamantina-resulta-em-risco-elevado-em-relacao-a-infestacao-e-dispersao-do-vetor-das-doencas-dengue-zika-virus-e-febre-chikungunya\/#primaryimage"},"thumbnailUrl":"https:\/\/radiolifefm.com.br\/noticias\/wp-content\/uploads\/2026\/01\/cats-15.jpg","articleSection":["Adamantina","Sa\u00fade"],"inLanguage":"pt-BR"},{"@type":"WebPage","@id":"https:\/\/radiolifefm.com.br\/noticias\/avaliacao-de-densidade-larvaria-em-adamantina-resulta-em-risco-elevado-em-relacao-a-infestacao-e-dispersao-do-vetor-das-doencas-dengue-zika-virus-e-febre-chikungunya\/","url":"https:\/\/radiolifefm.com.br\/noticias\/avaliacao-de-densidade-larvaria-em-adamantina-resulta-em-risco-elevado-em-relacao-a-infestacao-e-dispersao-do-vetor-das-doencas-dengue-zika-virus-e-febre-chikungunya\/","name":"Avalia\u00e7\u00e3o de Densidade Larv\u00e1ria em Adamantina resulta em risco elevado em rela\u00e7\u00e3o \u00e0 infesta\u00e7\u00e3o e dispers\u00e3o do vetor das doen\u00e7as dengue, zika v\u00edrus e febre chikungunya - R\u00e1dio Life FM","isPartOf":{"@id":"https:\/\/radiolifefm.com.br\/noticias\/#website"},"primaryImageOfPage":{"@id":"https:\/\/radiolifefm.com.br\/noticias\/avaliacao-de-densidade-larvaria-em-adamantina-resulta-em-risco-elevado-em-relacao-a-infestacao-e-dispersao-do-vetor-das-doencas-dengue-zika-virus-e-febre-chikungunya\/#primaryimage"},"image":{"@id":"https:\/\/radiolifefm.com.br\/noticias\/avaliacao-de-densidade-larvaria-em-adamantina-resulta-em-risco-elevado-em-relacao-a-infestacao-e-dispersao-do-vetor-das-doencas-dengue-zika-virus-e-febre-chikungunya\/#primaryimage"},"thumbnailUrl":"https:\/\/radiolifefm.com.br\/noticias\/wp-content\/uploads\/2026\/01\/cats-15.jpg","datePublished":"2026-01-27T02:40:58+00:00","dateModified":"2026-04-30T03:36:41+00:00","breadcrumb":{"@id":"https:\/\/radiolifefm.com.br\/noticias\/avaliacao-de-densidade-larvaria-em-adamantina-resulta-em-risco-elevado-em-relacao-a-infestacao-e-dispersao-do-vetor-das-doencas-dengue-zika-virus-e-febre-chikungunya\/#breadcrumb"},"inLanguage":"pt-BR","potentialAction":[{"@type":"ReadAction","target":["https:\/\/radiolifefm.com.br\/noticias\/avaliacao-de-densidade-larvaria-em-adamantina-resulta-em-risco-elevado-em-relacao-a-infestacao-e-dispersao-do-vetor-das-doencas-dengue-zika-virus-e-febre-chikungunya\/"]}]},{"@type":"ImageObject","inLanguage":"pt-BR","@id":"https:\/\/radiolifefm.com.br\/noticias\/avaliacao-de-densidade-larvaria-em-adamantina-resulta-em-risco-elevado-em-relacao-a-infestacao-e-dispersao-do-vetor-das-doencas-dengue-zika-virus-e-febre-chikungunya\/#primaryimage","url":"https:\/\/radiolifefm.com.br\/noticias\/wp-content\/uploads\/2026\/01\/cats-15.jpg","contentUrl":"https:\/\/radiolifefm.com.br\/noticias\/wp-content\/uploads\/2026\/01\/cats-15.jpg","width":640,"height":400},{"@type":"BreadcrumbList","@id":"https:\/\/radiolifefm.com.br\/noticias\/avaliacao-de-densidade-larvaria-em-adamantina-resulta-em-risco-elevado-em-relacao-a-infestacao-e-dispersao-do-vetor-das-doencas-dengue-zika-virus-e-febre-chikungunya\/#breadcrumb","itemListElement":[{"@type":"ListItem","position":1,"name":"In\u00edcio","item":"https:\/\/radiolifefm.com.br\/noticias\/"},{"@type":"ListItem","position":2,"name":"Avalia\u00e7\u00e3o de Densidade Larv\u00e1ria em Adamantina resulta em risco elevado em rela\u00e7\u00e3o \u00e0 infesta\u00e7\u00e3o e dispers\u00e3o do vetor das doen\u00e7as dengue, zika v\u00edrus e febre chikungunya"}]},{"@type":"WebSite","@id":"https:\/\/radiolifefm.com.br\/noticias\/#website","url":"https:\/\/radiolifefm.com.br\/noticias\/","name":"R\u00e1dio Life FM","description":"O Portal de Not\u00edcias de Adamantina","publisher":{"@id":"https:\/\/radiolifefm.com.br\/noticias\/#organization"},"alternateName":"Life FM","potentialAction":[{"@type":"SearchAction","target":{"@type":"EntryPoint","urlTemplate":"https:\/\/radiolifefm.com.br\/noticias\/?s={search_term_string}"},"query-input":{"@type":"PropertyValueSpecification","valueRequired":true,"valueName":"search_term_string"}}],"inLanguage":"pt-BR"},{"@type":"Organization","@id":"https:\/\/radiolifefm.com.br\/noticias\/#organization","name":"R\u00e1dio Life FM","alternateName":"Life FM","url":"https:\/\/radiolifefm.com.br\/noticias\/","logo":{"@type":"ImageObject","inLanguage":"pt-BR","@id":"https:\/\/radiolifefm.com.br\/noticias\/#\/schema\/logo\/image\/","url":"https:\/\/static.radiolifefm.com.br\/noticias\/wp-content\/uploads\/2019\/10\/logo-lifefm.png","contentUrl":"https:\/\/static.radiolifefm.com.br\/noticias\/wp-content\/uploads\/2019\/10\/logo-lifefm.png","width":196,"height":47,"caption":"R\u00e1dio Life FM"},"image":{"@id":"https:\/\/radiolifefm.com.br\/noticias\/#\/schema\/logo\/image\/"},"sameAs":["https:\/\/www.facebook.com\/radiolifefm\/","https:\/\/www.instagram.com\/life1079fm\/"]},{"@type":"Person","@id":"https:\/\/radiolifefm.com.br\/noticias\/#\/schema\/person\/6339b9fac59d12b071dec680d7375d87","name":"ritanery","image":{"@type":"ImageObject","inLanguage":"pt-BR","@id":"https:\/\/secure.gravatar.com\/avatar\/0e37bb19071f47c0b8a23f62a903df117c5a0e75f65a0c2901562f97cd41cf86?s=96&d=mm&r=g","url":"https:\/\/secure.gravatar.com\/avatar\/0e37bb19071f47c0b8a23f62a903df117c5a0e75f65a0c2901562f97cd41cf86?s=96&d=mm&r=g","contentUrl":"https:\/\/secure.gravatar.com\/avatar\/0e37bb19071f47c0b8a23f62a903df117c5a0e75f65a0c2901562f97cd41cf86?s=96&d=mm&r=g","caption":"ritanery"}}]}},"amp_enabled":true,"_links":{"self":[{"href":"https:\/\/radiolifefm.com.br\/noticias\/wp-json\/wp\/v2\/posts\/110340","targetHints":{"allow":["GET"]}}],"collection":[{"href":"https:\/\/radiolifefm.com.br\/noticias\/wp-json\/wp\/v2\/posts"}],"about":[{"href":"https:\/\/radiolifefm.com.br\/noticias\/wp-json\/wp\/v2\/types\/post"}],"author":[{"embeddable":true,"href":"https:\/\/radiolifefm.com.br\/noticias\/wp-json\/wp\/v2\/users\/13"}],"replies":[{"embeddable":true,"href":"https:\/\/radiolifefm.com.br\/noticias\/wp-json\/wp\/v2\/comments?post=110340"}],"version-history":[{"count":4,"href":"https:\/\/radiolifefm.com.br\/noticias\/wp-json\/wp\/v2\/posts\/110340\/revisions"}],"predecessor-version":[{"id":110344,"href":"https:\/\/radiolifefm.com.br\/noticias\/wp-json\/wp\/v2\/posts\/110340\/revisions\/110344"}],"wp:featuredmedia":[{"embeddable":true,"href":"https:\/\/radiolifefm.com.br\/noticias\/wp-json\/wp\/v2\/media\/110094"}],"wp:attachment":[{"href":"https:\/\/radiolifefm.com.br\/noticias\/wp-json\/wp\/v2\/media?parent=110340"}],"wp:term":[{"taxonomy":"category","embeddable":true,"href":"https:\/\/radiolifefm.com.br\/noticias\/wp-json\/wp\/v2\/categories?post=110340"},{"taxonomy":"post_tag","embeddable":true,"href":"https:\/\/radiolifefm.com.br\/noticias\/wp-json\/wp\/v2\/tags?post=110340"}],"curies":[{"name":"wp","href":"https:\/\/api.w.org\/{rel}","templated":true}]}}