{"id":109818,"date":"2026-01-14T09:56:35","date_gmt":"2026-01-14T12:56:35","guid":{"rendered":"https:\/\/radiolifefm.com.br\/noticias\/?p=109818"},"modified":"2026-04-26T14:51:49","modified_gmt":"2026-04-26T17:51:49","slug":"projeto-soccer-stars-pm-osvaldo-cruz-conquista-dois-titulos-na-copa-sul-americana-de-lavinia","status":"publish","type":"post","link":"https:\/\/radiolifefm.com.br\/noticias\/projeto-soccer-stars-pm-osvaldo-cruz-conquista-dois-titulos-na-copa-sul-americana-de-lavinia\/","title":{"rendered":"Projeto Soccer Stars\/PM Osvaldo Cruz conquista dois t\u00edtulos na Copa Sul-Americana de Lav\u00ednia"},"content":{"rendered":"<div id=\"fb-root\"><\/div>\n<p data-start=\"283\" data-end=\"681\">O Projeto Soccer Stars\/PM Osvaldo Cruz teve uma participa\u00e7\u00e3o de destaque na\u00a0<strong data-start=\"359\" data-end=\"392\">Copa Sul-Americana de Lav\u00ednia<\/strong>, competi\u00e7\u00e3o internacional que reuniu equipes de diversas cidades, estados e pa\u00edses, e levou o nome de Osvaldo Cruz ao p\u00f3dio em diferentes categorias. Ao final do torneio, o projeto conquistou\u00a0<strong data-start=\"572\" data-end=\"599\">dois t\u00edtulos de campe\u00e3o<\/strong>\u00a0e\u00a0<strong data-start=\"602\" data-end=\"626\">dois quartos lugares<\/strong>, confirmando a for\u00e7a do trabalho desenvolvido na base.<\/p>\n<p data-start=\"683\" data-end=\"893\">Na\u00a0<strong data-start=\"686\" data-end=\"704\">categoria 2013<\/strong>, o Soccer Stars\/PM Osvaldo Cruz empatou em\u00a0<strong data-start=\"748\" data-end=\"776\">1 a 1 com o Rio Athletic<\/strong>\u00a0no tempo normal, mas acabou sendo superado na disputa por p\u00eanaltis, encerrando a competi\u00e7\u00e3o na\u00a0<strong data-start=\"872\" data-end=\"892\">quarta coloca\u00e7\u00e3o<\/strong>.<\/p>\n<p data-start=\"895\" data-end=\"1058\">Pela\u00a0<strong data-start=\"900\" data-end=\"920\">categoria 2014 B<\/strong>, a equipe enfrentou o\u00a0<strong data-start=\"943\" data-end=\"961\">Guerra EF (SP)<\/strong>\u00a0e foi derrotada pelo placar de\u00a0<strong data-start=\"993\" data-end=\"1002\">1 a 0<\/strong>, garantindo tamb\u00e9m a\u00a0<strong data-start=\"1024\" data-end=\"1044\">quarta coloca\u00e7\u00e3o<\/strong>\u00a0da categoria.<\/p>\n<p data-start=\"1060\" data-end=\"1267\">J\u00e1 na\u00a0<strong data-start=\"1066\" data-end=\"1084\">categoria 2012<\/strong>, o time mostrou equil\u00edbrio e maturidade ao empatar em\u00a0<strong data-start=\"1139\" data-end=\"1173\">1 a 1 com o Los Pestinhas (BO)<\/strong>\u00a0e vencer nos p\u00eanaltis, conquistando o\u00a0<strong data-start=\"1212\" data-end=\"1266\">t\u00edtulo de campe\u00e3o da Copa Sul-Americana de Lav\u00ednia<\/strong>.<\/p>\n<p data-start=\"1269\" data-end=\"1460\">Outro grande destaque foi a\u00a0<strong data-start=\"1297\" data-end=\"1317\">categoria 2014 A<\/strong>, que teve uma atua\u00e7\u00e3o dominante na final ao vencer o\u00a0<strong data-start=\"1371\" data-end=\"1396\">DME Lav\u00ednia por 3 a 0<\/strong>, garantindo mais um\u00a0<strong data-start=\"1417\" data-end=\"1445\">t\u00edtulo para Osvaldo Cruz<\/strong>\u00a0na competi\u00e7\u00e3o.<\/p>\n<p data-start=\"1462\" data-end=\"1605\">Com os resultados, o Projeto Soccer Stars\/PM Osvaldo Cruz encerrou sua participa\u00e7\u00e3o na Copa Sul-Americana de Lav\u00ednia com o seguinte desempenho:<\/p>\n<ul data-start=\"1606\" data-end=\"1703\">\n<li data-start=\"1606\" data-end=\"1654\">\n<p data-start=\"1608\" data-end=\"1654\"><strong data-start=\"1608\" data-end=\"1621\">Campe\u00f5es:<\/strong>\u00a0categorias\u00a0<strong data-start=\"1633\" data-end=\"1641\">2012<\/strong>\u00a0e\u00a0<strong data-start=\"1644\" data-end=\"1654\">2014 A<\/strong><\/p>\n<\/li>\n<li data-start=\"1655\" data-end=\"1703\">\n<p data-start=\"1657\" data-end=\"1703\"><strong data-start=\"1657\" data-end=\"1670\">4\u00ba lugar:<\/strong>\u00a0categorias\u00a0<strong data-start=\"1682\" data-end=\"1690\">2013<\/strong>\u00a0e\u00a0<strong data-start=\"1693\" data-end=\"1703\">2014 B<\/strong><\/p>\n<\/li>\n<\/ul>\n<p data-start=\"1705\" data-end=\"1914\">A campanha refor\u00e7a a import\u00e2ncia do projeto para o desenvolvimento esportivo e social de crian\u00e7as e adolescentes, al\u00e9m de evidenciar o potencial do futebol de base de Osvaldo Cruz em competi\u00e7\u00f5es de alto n\u00edvel.<\/p>\n<p>Fonte: Wendell de Giuli (Giuli Sport&#8217;s)<\/p>\n","protected":false},"excerpt":{"rendered":"<p>O Projeto Soccer Stars\/PM Osvaldo Cruz teve uma participa\u00e7\u00e3o de destaque na\u00a0Copa Sul-Americana de Lav\u00ednia, competi\u00e7\u00e3o internacional que reuniu equipes de diversas cidades, estados e pa\u00edses, e levou o nome de Osvaldo Cruz ao p\u00f3dio em diferentes categorias. Ao final do torneio, o projeto conquistou\u00a0dois t\u00edtulos de campe\u00e3o\u00a0e\u00a0dois quartos lugares, confirmando a for\u00e7a do trabalho [&hellip;]<\/p>\n","protected":false},"author":13,"featured_media":109819,"comment_status":"closed","ping_status":"open","sticky":false,"template":"","format":"standard","meta":{"_acf_changed":false,"_exactmetrics_skip_tracking":false,"_exactmetrics_sitenote_active":false,"_exactmetrics_sitenote_note":"","_exactmetrics_sitenote_category":0,"footnotes":""},"categories":[89,56,24],"tags":[],"class_list":["post-109818","post","type-post","status-publish","format-standard","has-post-thumbnail","hentry","category-acao-social","category-esporte","category-regiao"],"acf":[],"yoast_head":"<!-- This site is optimized with the Yoast SEO plugin v27.2 - https:\/\/yoast.com\/product\/yoast-seo-wordpress\/ -->\n<title>Projeto Soccer Stars\/PM Osvaldo Cruz conquista dois t\u00edtulos na Copa Sul-Americana de Lav\u00ednia - R\u00e1dio Life FM<\/title>\n<meta name=\"robots\" content=\"index, follow, max-snippet:-1, max-image-preview:large, max-video-preview:-1\" \/>\n<link rel=\"canonical\" href=\"https:\/\/radiolifefm.com.br\/noticias\/projeto-soccer-stars-pm-osvaldo-cruz-conquista-dois-titulos-na-copa-sul-americana-de-lavinia\/\" \/>\n<meta property=\"og:locale\" content=\"pt_BR\" \/>\n<meta property=\"og:type\" content=\"article\" \/>\n<meta property=\"og:title\" content=\"Projeto Soccer Stars\/PM Osvaldo Cruz conquista dois t\u00edtulos na Copa Sul-Americana de Lav\u00ednia - R\u00e1dio Life FM\" \/>\n<meta property=\"og:description\" content=\"O Projeto Soccer Stars\/PM Osvaldo Cruz teve uma participa\u00e7\u00e3o de destaque na\u00a0Copa Sul-Americana de Lav\u00ednia, competi\u00e7\u00e3o internacional que reuniu equipes de diversas cidades, estados e pa\u00edses, e levou o nome de Osvaldo Cruz ao p\u00f3dio em diferentes categorias. Ao final do torneio, o projeto conquistou\u00a0dois t\u00edtulos de campe\u00e3o\u00a0e\u00a0dois quartos lugares, confirmando a for\u00e7a do trabalho [&hellip;]\" \/>\n<meta property=\"og:url\" content=\"https:\/\/radiolifefm.com.br\/noticias\/projeto-soccer-stars-pm-osvaldo-cruz-conquista-dois-titulos-na-copa-sul-americana-de-lavinia\/\" \/>\n<meta property=\"og:site_name\" content=\"R\u00e1dio Life FM\" \/>\n<meta property=\"article:publisher\" content=\"https:\/\/www.facebook.com\/radiolifefm\/\" \/>\n<meta property=\"article:published_time\" content=\"2026-01-14T12:56:35+00:00\" \/>\n<meta property=\"article:modified_time\" content=\"2026-04-26T17:51:49+00:00\" \/>\n<meta property=\"og:image\" content=\"https:\/\/radiolifefm.com.br\/noticias\/wp-content\/uploads\/2026\/01\/cats-6.jpg\" \/>\n\t<meta property=\"og:image:width\" content=\"600\" \/>\n\t<meta property=\"og:image:height\" content=\"350\" \/>\n\t<meta property=\"og:image:type\" content=\"image\/jpeg\" \/>\n<meta name=\"author\" content=\"ritanery\" \/>\n<meta name=\"twitter:card\" content=\"summary_large_image\" \/>\n<meta name=\"twitter:label1\" content=\"Escrito por\" \/>\n\t<meta name=\"twitter:data1\" content=\"ritanery\" \/>\n\t<meta name=\"twitter:label2\" content=\"Est. tempo de leitura\" \/>\n\t<meta name=\"twitter:data2\" content=\"2 minutos\" \/>\n<script type=\"application\/ld+json\" class=\"yoast-schema-graph\">{\"@context\":\"https:\/\/schema.org\",\"@graph\":[{\"@type\":\"Article\",\"@id\":\"https:\/\/radiolifefm.com.br\/noticias\/projeto-soccer-stars-pm-osvaldo-cruz-conquista-dois-titulos-na-copa-sul-americana-de-lavinia\/#article\",\"isPartOf\":{\"@id\":\"https:\/\/radiolifefm.com.br\/noticias\/projeto-soccer-stars-pm-osvaldo-cruz-conquista-dois-titulos-na-copa-sul-americana-de-lavinia\/\"},\"author\":{\"name\":\"ritanery\",\"@id\":\"https:\/\/radiolifefm.com.br\/noticias\/#\/schema\/person\/6339b9fac59d12b071dec680d7375d87\"},\"headline\":\"Projeto Soccer Stars\/PM Osvaldo Cruz conquista dois t\u00edtulos na Copa Sul-Americana de Lav\u00ednia\",\"datePublished\":\"2026-01-14T12:56:35+00:00\",\"dateModified\":\"2026-04-26T17:51:49+00:00\",\"mainEntityOfPage\":{\"@id\":\"https:\/\/radiolifefm.com.br\/noticias\/projeto-soccer-stars-pm-osvaldo-cruz-conquista-dois-titulos-na-copa-sul-americana-de-lavinia\/\"},\"wordCount\":299,\"publisher\":{\"@id\":\"https:\/\/radiolifefm.com.br\/noticias\/#organization\"},\"image\":{\"@id\":\"https:\/\/radiolifefm.com.br\/noticias\/projeto-soccer-stars-pm-osvaldo-cruz-conquista-dois-titulos-na-copa-sul-americana-de-lavinia\/#primaryimage\"},\"thumbnailUrl\":\"https:\/\/radiolifefm.com.br\/noticias\/wp-content\/uploads\/2026\/01\/cats-6.jpg\",\"articleSection\":[\"A\u00e7\u00e3o Social\",\"Esporte\",\"Regi\u00e3o\"],\"inLanguage\":\"pt-BR\"},{\"@type\":\"WebPage\",\"@id\":\"https:\/\/radiolifefm.com.br\/noticias\/projeto-soccer-stars-pm-osvaldo-cruz-conquista-dois-titulos-na-copa-sul-americana-de-lavinia\/\",\"url\":\"https:\/\/radiolifefm.com.br\/noticias\/projeto-soccer-stars-pm-osvaldo-cruz-conquista-dois-titulos-na-copa-sul-americana-de-lavinia\/\",\"name\":\"Projeto Soccer Stars\/PM Osvaldo Cruz conquista dois t\u00edtulos na Copa Sul-Americana de Lav\u00ednia - R\u00e1dio Life FM\",\"isPartOf\":{\"@id\":\"https:\/\/radiolifefm.com.br\/noticias\/#website\"},\"primaryImageOfPage\":{\"@id\":\"https:\/\/radiolifefm.com.br\/noticias\/projeto-soccer-stars-pm-osvaldo-cruz-conquista-dois-titulos-na-copa-sul-americana-de-lavinia\/#primaryimage\"},\"image\":{\"@id\":\"https:\/\/radiolifefm.com.br\/noticias\/projeto-soccer-stars-pm-osvaldo-cruz-conquista-dois-titulos-na-copa-sul-americana-de-lavinia\/#primaryimage\"},\"thumbnailUrl\":\"https:\/\/radiolifefm.com.br\/noticias\/wp-content\/uploads\/2026\/01\/cats-6.jpg\",\"datePublished\":\"2026-01-14T12:56:35+00:00\",\"dateModified\":\"2026-04-26T17:51:49+00:00\",\"breadcrumb\":{\"@id\":\"https:\/\/radiolifefm.com.br\/noticias\/projeto-soccer-stars-pm-osvaldo-cruz-conquista-dois-titulos-na-copa-sul-americana-de-lavinia\/#breadcrumb\"},\"inLanguage\":\"pt-BR\",\"potentialAction\":[{\"@type\":\"ReadAction\",\"target\":[\"https:\/\/radiolifefm.com.br\/noticias\/projeto-soccer-stars-pm-osvaldo-cruz-conquista-dois-titulos-na-copa-sul-americana-de-lavinia\/\"]}]},{\"@type\":\"ImageObject\",\"inLanguage\":\"pt-BR\",\"@id\":\"https:\/\/radiolifefm.com.br\/noticias\/projeto-soccer-stars-pm-osvaldo-cruz-conquista-dois-titulos-na-copa-sul-americana-de-lavinia\/#primaryimage\",\"url\":\"https:\/\/radiolifefm.com.br\/noticias\/wp-content\/uploads\/2026\/01\/cats-6.jpg\",\"contentUrl\":\"https:\/\/radiolifefm.com.br\/noticias\/wp-content\/uploads\/2026\/01\/cats-6.jpg\",\"width\":600,\"height\":350,\"caption\":\"Wendell de Giuli (Giuli Sport's)\"},{\"@type\":\"BreadcrumbList\",\"@id\":\"https:\/\/radiolifefm.com.br\/noticias\/projeto-soccer-stars-pm-osvaldo-cruz-conquista-dois-titulos-na-copa-sul-americana-de-lavinia\/#breadcrumb\",\"itemListElement\":[{\"@type\":\"ListItem\",\"position\":1,\"name\":\"In\u00edcio\",\"item\":\"https:\/\/radiolifefm.com.br\/noticias\/\"},{\"@type\":\"ListItem\",\"position\":2,\"name\":\"Projeto Soccer Stars\/PM Osvaldo Cruz conquista dois t\u00edtulos na Copa Sul-Americana de Lav\u00ednia\"}]},{\"@type\":\"WebSite\",\"@id\":\"https:\/\/radiolifefm.com.br\/noticias\/#website\",\"url\":\"https:\/\/radiolifefm.com.br\/noticias\/\",\"name\":\"R\u00e1dio Life FM\",\"description\":\"O Portal de Not\u00edcias de Adamantina\",\"publisher\":{\"@id\":\"https:\/\/radiolifefm.com.br\/noticias\/#organization\"},\"alternateName\":\"Life FM\",\"potentialAction\":[{\"@type\":\"SearchAction\",\"target\":{\"@type\":\"EntryPoint\",\"urlTemplate\":\"https:\/\/radiolifefm.com.br\/noticias\/?s={search_term_string}\"},\"query-input\":{\"@type\":\"PropertyValueSpecification\",\"valueRequired\":true,\"valueName\":\"search_term_string\"}}],\"inLanguage\":\"pt-BR\"},{\"@type\":\"Organization\",\"@id\":\"https:\/\/radiolifefm.com.br\/noticias\/#organization\",\"name\":\"R\u00e1dio Life FM\",\"alternateName\":\"Life FM\",\"url\":\"https:\/\/radiolifefm.com.br\/noticias\/\",\"logo\":{\"@type\":\"ImageObject\",\"inLanguage\":\"pt-BR\",\"@id\":\"https:\/\/radiolifefm.com.br\/noticias\/#\/schema\/logo\/image\/\",\"url\":\"https:\/\/static.radiolifefm.com.br\/noticias\/wp-content\/uploads\/2019\/10\/logo-lifefm.png\",\"contentUrl\":\"https:\/\/static.radiolifefm.com.br\/noticias\/wp-content\/uploads\/2019\/10\/logo-lifefm.png\",\"width\":196,\"height\":47,\"caption\":\"R\u00e1dio Life FM\"},\"image\":{\"@id\":\"https:\/\/radiolifefm.com.br\/noticias\/#\/schema\/logo\/image\/\"},\"sameAs\":[\"https:\/\/www.facebook.com\/radiolifefm\/\",\"https:\/\/www.instagram.com\/life1079fm\/\"]},{\"@type\":\"Person\",\"@id\":\"https:\/\/radiolifefm.com.br\/noticias\/#\/schema\/person\/6339b9fac59d12b071dec680d7375d87\",\"name\":\"ritanery\",\"image\":{\"@type\":\"ImageObject\",\"inLanguage\":\"pt-BR\",\"@id\":\"https:\/\/secure.gravatar.com\/avatar\/0e37bb19071f47c0b8a23f62a903df117c5a0e75f65a0c2901562f97cd41cf86?s=96&d=mm&r=g\",\"url\":\"https:\/\/secure.gravatar.com\/avatar\/0e37bb19071f47c0b8a23f62a903df117c5a0e75f65a0c2901562f97cd41cf86?s=96&d=mm&r=g\",\"contentUrl\":\"https:\/\/secure.gravatar.com\/avatar\/0e37bb19071f47c0b8a23f62a903df117c5a0e75f65a0c2901562f97cd41cf86?s=96&d=mm&r=g\",\"caption\":\"ritanery\"}}]}<\/script>\n<!-- \/ Yoast SEO plugin. -->","yoast_head_json":{"title":"Projeto Soccer Stars\/PM Osvaldo Cruz conquista dois t\u00edtulos na Copa Sul-Americana de Lav\u00ednia - R\u00e1dio Life FM","robots":{"index":"index","follow":"follow","max-snippet":"max-snippet:-1","max-image-preview":"max-image-preview:large","max-video-preview":"max-video-preview:-1"},"canonical":"https:\/\/radiolifefm.com.br\/noticias\/projeto-soccer-stars-pm-osvaldo-cruz-conquista-dois-titulos-na-copa-sul-americana-de-lavinia\/","og_locale":"pt_BR","og_type":"article","og_title":"Projeto Soccer Stars\/PM Osvaldo Cruz conquista dois t\u00edtulos na Copa Sul-Americana de Lav\u00ednia - R\u00e1dio Life FM","og_description":"O Projeto Soccer Stars\/PM Osvaldo Cruz teve uma participa\u00e7\u00e3o de destaque na\u00a0Copa Sul-Americana de Lav\u00ednia, competi\u00e7\u00e3o internacional que reuniu equipes de diversas cidades, estados e pa\u00edses, e levou o nome de Osvaldo Cruz ao p\u00f3dio em diferentes categorias. Ao final do torneio, o projeto conquistou\u00a0dois t\u00edtulos de campe\u00e3o\u00a0e\u00a0dois quartos lugares, confirmando a for\u00e7a do trabalho [&hellip;]","og_url":"https:\/\/radiolifefm.com.br\/noticias\/projeto-soccer-stars-pm-osvaldo-cruz-conquista-dois-titulos-na-copa-sul-americana-de-lavinia\/","og_site_name":"R\u00e1dio Life FM","article_publisher":"https:\/\/www.facebook.com\/radiolifefm\/","article_published_time":"2026-01-14T12:56:35+00:00","article_modified_time":"2026-04-26T17:51:49+00:00","og_image":[{"width":600,"height":350,"url":"https:\/\/radiolifefm.com.br\/noticias\/wp-content\/uploads\/2026\/01\/cats-6.jpg","type":"image\/jpeg"}],"author":"ritanery","twitter_card":"summary_large_image","twitter_misc":{"Escrito por":"ritanery","Est. tempo de leitura":"2 minutos"},"schema":{"@context":"https:\/\/schema.org","@graph":[{"@type":"Article","@id":"https:\/\/radiolifefm.com.br\/noticias\/projeto-soccer-stars-pm-osvaldo-cruz-conquista-dois-titulos-na-copa-sul-americana-de-lavinia\/#article","isPartOf":{"@id":"https:\/\/radiolifefm.com.br\/noticias\/projeto-soccer-stars-pm-osvaldo-cruz-conquista-dois-titulos-na-copa-sul-americana-de-lavinia\/"},"author":{"name":"ritanery","@id":"https:\/\/radiolifefm.com.br\/noticias\/#\/schema\/person\/6339b9fac59d12b071dec680d7375d87"},"headline":"Projeto Soccer Stars\/PM Osvaldo Cruz conquista dois t\u00edtulos na Copa Sul-Americana de Lav\u00ednia","datePublished":"2026-01-14T12:56:35+00:00","dateModified":"2026-04-26T17:51:49+00:00","mainEntityOfPage":{"@id":"https:\/\/radiolifefm.com.br\/noticias\/projeto-soccer-stars-pm-osvaldo-cruz-conquista-dois-titulos-na-copa-sul-americana-de-lavinia\/"},"wordCount":299,"publisher":{"@id":"https:\/\/radiolifefm.com.br\/noticias\/#organization"},"image":{"@id":"https:\/\/radiolifefm.com.br\/noticias\/projeto-soccer-stars-pm-osvaldo-cruz-conquista-dois-titulos-na-copa-sul-americana-de-lavinia\/#primaryimage"},"thumbnailUrl":"https:\/\/radiolifefm.com.br\/noticias\/wp-content\/uploads\/2026\/01\/cats-6.jpg","articleSection":["A\u00e7\u00e3o Social","Esporte","Regi\u00e3o"],"inLanguage":"pt-BR"},{"@type":"WebPage","@id":"https:\/\/radiolifefm.com.br\/noticias\/projeto-soccer-stars-pm-osvaldo-cruz-conquista-dois-titulos-na-copa-sul-americana-de-lavinia\/","url":"https:\/\/radiolifefm.com.br\/noticias\/projeto-soccer-stars-pm-osvaldo-cruz-conquista-dois-titulos-na-copa-sul-americana-de-lavinia\/","name":"Projeto Soccer Stars\/PM Osvaldo Cruz conquista dois t\u00edtulos na Copa Sul-Americana de Lav\u00ednia - R\u00e1dio Life FM","isPartOf":{"@id":"https:\/\/radiolifefm.com.br\/noticias\/#website"},"primaryImageOfPage":{"@id":"https:\/\/radiolifefm.com.br\/noticias\/projeto-soccer-stars-pm-osvaldo-cruz-conquista-dois-titulos-na-copa-sul-americana-de-lavinia\/#primaryimage"},"image":{"@id":"https:\/\/radiolifefm.com.br\/noticias\/projeto-soccer-stars-pm-osvaldo-cruz-conquista-dois-titulos-na-copa-sul-americana-de-lavinia\/#primaryimage"},"thumbnailUrl":"https:\/\/radiolifefm.com.br\/noticias\/wp-content\/uploads\/2026\/01\/cats-6.jpg","datePublished":"2026-01-14T12:56:35+00:00","dateModified":"2026-04-26T17:51:49+00:00","breadcrumb":{"@id":"https:\/\/radiolifefm.com.br\/noticias\/projeto-soccer-stars-pm-osvaldo-cruz-conquista-dois-titulos-na-copa-sul-americana-de-lavinia\/#breadcrumb"},"inLanguage":"pt-BR","potentialAction":[{"@type":"ReadAction","target":["https:\/\/radiolifefm.com.br\/noticias\/projeto-soccer-stars-pm-osvaldo-cruz-conquista-dois-titulos-na-copa-sul-americana-de-lavinia\/"]}]},{"@type":"ImageObject","inLanguage":"pt-BR","@id":"https:\/\/radiolifefm.com.br\/noticias\/projeto-soccer-stars-pm-osvaldo-cruz-conquista-dois-titulos-na-copa-sul-americana-de-lavinia\/#primaryimage","url":"https:\/\/radiolifefm.com.br\/noticias\/wp-content\/uploads\/2026\/01\/cats-6.jpg","contentUrl":"https:\/\/radiolifefm.com.br\/noticias\/wp-content\/uploads\/2026\/01\/cats-6.jpg","width":600,"height":350,"caption":"Wendell de Giuli (Giuli Sport's)"},{"@type":"BreadcrumbList","@id":"https:\/\/radiolifefm.com.br\/noticias\/projeto-soccer-stars-pm-osvaldo-cruz-conquista-dois-titulos-na-copa-sul-americana-de-lavinia\/#breadcrumb","itemListElement":[{"@type":"ListItem","position":1,"name":"In\u00edcio","item":"https:\/\/radiolifefm.com.br\/noticias\/"},{"@type":"ListItem","position":2,"name":"Projeto Soccer Stars\/PM Osvaldo Cruz conquista dois t\u00edtulos na Copa Sul-Americana de Lav\u00ednia"}]},{"@type":"WebSite","@id":"https:\/\/radiolifefm.com.br\/noticias\/#website","url":"https:\/\/radiolifefm.com.br\/noticias\/","name":"R\u00e1dio Life FM","description":"O Portal de Not\u00edcias de Adamantina","publisher":{"@id":"https:\/\/radiolifefm.com.br\/noticias\/#organization"},"alternateName":"Life FM","potentialAction":[{"@type":"SearchAction","target":{"@type":"EntryPoint","urlTemplate":"https:\/\/radiolifefm.com.br\/noticias\/?s={search_term_string}"},"query-input":{"@type":"PropertyValueSpecification","valueRequired":true,"valueName":"search_term_string"}}],"inLanguage":"pt-BR"},{"@type":"Organization","@id":"https:\/\/radiolifefm.com.br\/noticias\/#organization","name":"R\u00e1dio Life FM","alternateName":"Life FM","url":"https:\/\/radiolifefm.com.br\/noticias\/","logo":{"@type":"ImageObject","inLanguage":"pt-BR","@id":"https:\/\/radiolifefm.com.br\/noticias\/#\/schema\/logo\/image\/","url":"https:\/\/static.radiolifefm.com.br\/noticias\/wp-content\/uploads\/2019\/10\/logo-lifefm.png","contentUrl":"https:\/\/static.radiolifefm.com.br\/noticias\/wp-content\/uploads\/2019\/10\/logo-lifefm.png","width":196,"height":47,"caption":"R\u00e1dio Life FM"},"image":{"@id":"https:\/\/radiolifefm.com.br\/noticias\/#\/schema\/logo\/image\/"},"sameAs":["https:\/\/www.facebook.com\/radiolifefm\/","https:\/\/www.instagram.com\/life1079fm\/"]},{"@type":"Person","@id":"https:\/\/radiolifefm.com.br\/noticias\/#\/schema\/person\/6339b9fac59d12b071dec680d7375d87","name":"ritanery","image":{"@type":"ImageObject","inLanguage":"pt-BR","@id":"https:\/\/secure.gravatar.com\/avatar\/0e37bb19071f47c0b8a23f62a903df117c5a0e75f65a0c2901562f97cd41cf86?s=96&d=mm&r=g","url":"https:\/\/secure.gravatar.com\/avatar\/0e37bb19071f47c0b8a23f62a903df117c5a0e75f65a0c2901562f97cd41cf86?s=96&d=mm&r=g","contentUrl":"https:\/\/secure.gravatar.com\/avatar\/0e37bb19071f47c0b8a23f62a903df117c5a0e75f65a0c2901562f97cd41cf86?s=96&d=mm&r=g","caption":"ritanery"}}]}},"amp_enabled":true,"_links":{"self":[{"href":"https:\/\/radiolifefm.com.br\/noticias\/wp-json\/wp\/v2\/posts\/109818","targetHints":{"allow":["GET"]}}],"collection":[{"href":"https:\/\/radiolifefm.com.br\/noticias\/wp-json\/wp\/v2\/posts"}],"about":[{"href":"https:\/\/radiolifefm.com.br\/noticias\/wp-json\/wp\/v2\/types\/post"}],"author":[{"embeddable":true,"href":"https:\/\/radiolifefm.com.br\/noticias\/wp-json\/wp\/v2\/users\/13"}],"replies":[{"embeddable":true,"href":"https:\/\/radiolifefm.com.br\/noticias\/wp-json\/wp\/v2\/comments?post=109818"}],"version-history":[{"count":1,"href":"https:\/\/radiolifefm.com.br\/noticias\/wp-json\/wp\/v2\/posts\/109818\/revisions"}],"predecessor-version":[{"id":109820,"href":"https:\/\/radiolifefm.com.br\/noticias\/wp-json\/wp\/v2\/posts\/109818\/revisions\/109820"}],"wp:featuredmedia":[{"embeddable":true,"href":"https:\/\/radiolifefm.com.br\/noticias\/wp-json\/wp\/v2\/media\/109819"}],"wp:attachment":[{"href":"https:\/\/radiolifefm.com.br\/noticias\/wp-json\/wp\/v2\/media?parent=109818"}],"wp:term":[{"taxonomy":"category","embeddable":true,"href":"https:\/\/radiolifefm.com.br\/noticias\/wp-json\/wp\/v2\/categories?post=109818"},{"taxonomy":"post_tag","embeddable":true,"href":"https:\/\/radiolifefm.com.br\/noticias\/wp-json\/wp\/v2\/tags?post=109818"}],"curies":[{"name":"wp","href":"https:\/\/api.w.org\/{rel}","templated":true}]}}