{"id":109686,"date":"2026-01-11T19:38:51","date_gmt":"2026-01-11T22:38:51","guid":{"rendered":"https:\/\/radiolifefm.com.br\/noticias\/?p=109686"},"modified":"2026-04-28T11:51:31","modified_gmt":"2026-04-28T14:51:31","slug":"projeto-teart-retoma-atividades-em-19-de-janeiro-com-foco-na-inclusao-e-no-desenvolvimento-de-criancas-e-adolescentes-com-tea","status":"publish","type":"post","link":"https:\/\/radiolifefm.com.br\/noticias\/projeto-teart-retoma-atividades-em-19-de-janeiro-com-foco-na-inclusao-e-no-desenvolvimento-de-criancas-e-adolescentes-com-tea\/","title":{"rendered":"Projeto TEArt retoma atividades em 19 de janeiro com foco na inclus\u00e3o e no desenvolvimento de crian\u00e7as e adolescentes com TEA"},"content":{"rendered":"<div id=\"fb-root\"><\/div>\n<p>Ap\u00f3s uma pausa para o recesso de fim de ano, o Projeto TEArt retorna com for\u00e7a total no dia 19 de janeiro, reafirmando seu compromisso com a inclus\u00e3o cultural e o desenvolvimento de crian\u00e7as e adolescentes diagnosticados com Transtorno do Espectro Autista (TEA) em Adamantina. A iniciativa, que teve in\u00edcio em novembro de 2025, \u00e9 uma realiza\u00e7\u00e3o da Life FM em parceria com a Secretaria de Cultura e Turismo e a Prefeitura Municipal, com apoio do Programa de A\u00e7\u00e3o Cultural \u2013 PROAC e recursos da Pol\u00edtica Nacional Aldir Blanc de Fomento \u00e0 Cultura (PNAB).<\/p>\n<p>Desde seu lan\u00e7amento, o TEArt tem se destacado por oferecer oficinas culturais adaptadas para o p\u00fablico de 5 a 17 anos com TEA, promovendo um ambiente seguro, acolhedor e estimulante. As atividades \u2014 com dura\u00e7\u00e3o de 45 minutos \u2014 exigem a presen\u00e7a de pais ou respons\u00e1veis, fortalecendo os v\u00ednculos familiares e garantindo suporte emocional durante as oficinas.<\/p>\n<p>Entre as modalidades oferecidas est\u00e3o modelagem em argila, pintura, dan\u00e7a inclusiva, m\u00fasica e movimento, palha\u00e7aria e teatro. As oficinas s\u00e3o conduzidas por profissionais experientes como Iris Nishiura, C\u00e9sar Marins, Let\u00edcia Rodrigues da Silva, Katia Roberta Mariotto e V\u00e1lter Negrine. A coordena\u00e7\u00e3o pedag\u00f3gica est\u00e1 a cargo de Carina Regina Prefeito, com supervis\u00e3o psicol\u00f3gica de \u00c2ngela Franco, assegurando um atendimento sens\u00edvel e tecnicamente preparado \u00e0s necessidades do p\u00fablico-alvo.<\/p>\n<p>O objetivo central do projeto \u00e9 promover a inclus\u00e3o e o desenvolvimento dos participantes por meio da arte, com a meta de inseri-los gradualmente nos projetos culturais j\u00e1 existentes na cidade. A proposta vai al\u00e9m do ensino art\u00edstico: trata-se de um espa\u00e7o de transforma\u00e7\u00e3o, onde o respeito \u00e0s individualidades e o est\u00edmulo \u00e0 express\u00e3o pessoal s\u00e3o prioridades.<\/p>\n<p>As inscri\u00e7\u00f5es seguem abertas das 7h \u00e0s 17h na Biblioteca Municipal Jurema Citeli, localizada na Av. Adhemar de Barros, 120 \u2013 Centro. Cada oficina conta com apenas seis vagas, garantindo aten\u00e7\u00e3o individualizada e qualidade no aprendizado.<\/p>\n<p>A Life FM refor\u00e7a o convite \u00e0s fam\u00edlias: o Projeto TEArt \u00e9 uma oportunidade \u00fanica de inclus\u00e3o cultural e desenvolvimento pessoal para crian\u00e7as e adolescentes com TEA. Mais do que oficinas, o projeto representa um passo importante rumo a uma sociedade mais emp\u00e1tica, acess\u00edvel e plural.<\/p>\n<div class='flex flex-wrap items-center -mx-1'>\r\n<a class='thumbnail gallery p-1 w-1\/2 md:w-1\/4' href='https:\/\/radiolifefm.com.br\/noticias\/wp-content\/uploads\/2026\/01\/WhatsApp-Image-2026-01-11-at-19.00.25.jpeg'><img class='border border-white' src='https:\/\/radiolifefm.com.br\/noticias\/wp-content\/uploads\/2026\/01\/WhatsApp-Image-2026-01-11-at-19.00.25-200x200.jpeg' alt='WhatsApp Image 2026 01 11 At 19.00.25' \/><\/a><a class='thumbnail gallery p-1 w-1\/2 md:w-1\/4' href='https:\/\/radiolifefm.com.br\/noticias\/wp-content\/uploads\/2026\/01\/WhatsApp-Image-2026-01-11-at-18.57.46.jpeg'><img class='border border-white' src='https:\/\/radiolifefm.com.br\/noticias\/wp-content\/uploads\/2026\/01\/WhatsApp-Image-2026-01-11-at-18.57.46-200x200.jpeg' alt='WhatsApp Image 2026 01 11 At 18.57.46' \/><\/a><a class='thumbnail gallery p-1 w-1\/2 md:w-1\/4' href='https:\/\/radiolifefm.com.br\/noticias\/wp-content\/uploads\/2026\/01\/WhatsApp-Image-2026-01-11-at-18.53.50.jpeg'><img class='border border-white' src='https:\/\/radiolifefm.com.br\/noticias\/wp-content\/uploads\/2026\/01\/WhatsApp-Image-2026-01-11-at-18.53.50-200x200.jpeg' alt='WhatsApp Image 2026 01 11 At 18.53.50' \/><\/a><a class='thumbnail gallery p-1 w-1\/2 md:w-1\/4' href='https:\/\/radiolifefm.com.br\/noticias\/wp-content\/uploads\/2026\/01\/WhatsApp-Image-2026-01-11-at-18.51.55.jpeg'><img class='border border-white' src='https:\/\/radiolifefm.com.br\/noticias\/wp-content\/uploads\/2026\/01\/WhatsApp-Image-2026-01-11-at-18.51.55-200x200.jpeg' alt='WhatsApp Image 2026 01 11 At 18.51.55' \/><\/a><a class='thumbnail gallery p-1 w-1\/2 md:w-1\/4' href='https:\/\/radiolifefm.com.br\/noticias\/wp-content\/uploads\/2026\/01\/WhatsApp-Image-2026-01-11-at-18.49.53.jpeg'><img class='border border-white' src='https:\/\/radiolifefm.com.br\/noticias\/wp-content\/uploads\/2026\/01\/WhatsApp-Image-2026-01-11-at-18.49.53-200x200.jpeg' alt='WhatsApp Image 2026 01 11 At 18.49.53' \/><\/a><a class='thumbnail gallery p-1 w-1\/2 md:w-1\/4' href='https:\/\/radiolifefm.com.br\/noticias\/wp-content\/uploads\/2026\/01\/WhatsApp-Image-2026-01-11-at-18.46.50.jpeg'><img class='border border-white' src='https:\/\/radiolifefm.com.br\/noticias\/wp-content\/uploads\/2026\/01\/WhatsApp-Image-2026-01-11-at-18.46.50-200x200.jpeg' alt='WhatsApp Image 2026 01 11 At 18.46.50' \/><\/a><\/div>\n<p>Por Rita Nery<\/p>\n","protected":false},"excerpt":{"rendered":"<p>Ap\u00f3s uma pausa para o recesso de fim de ano, o Projeto TEArt retorna com for\u00e7a total no dia 19 de janeiro, reafirmando seu compromisso com a inclus\u00e3o cultural e o desenvolvimento de crian\u00e7as e adolescentes diagnosticados com Transtorno do Espectro Autista (TEA) em Adamantina. A iniciativa, que teve in\u00edcio em novembro de 2025, \u00e9 [&hellip;]<\/p>\n","protected":false},"author":13,"featured_media":109687,"comment_status":"closed","ping_status":"open","sticky":false,"template":"","format":"standard","meta":{"_acf_changed":false,"_exactmetrics_skip_tracking":false,"_exactmetrics_sitenote_active":false,"_exactmetrics_sitenote_note":"","_exactmetrics_sitenote_category":0,"footnotes":""},"categories":[89,21],"tags":[],"class_list":["post-109686","post","type-post","status-publish","format-standard","has-post-thumbnail","hentry","category-acao-social","category-adamantina"],"acf":[],"yoast_head":"<!-- This site is optimized with the Yoast SEO plugin v27.2 - https:\/\/yoast.com\/product\/yoast-seo-wordpress\/ -->\n<title>Projeto TEArt retoma atividades em 19 de janeiro com foco na inclus\u00e3o e no desenvolvimento de crian\u00e7as e adolescentes com TEA - R\u00e1dio Life FM<\/title>\n<meta name=\"robots\" content=\"index, follow, max-snippet:-1, max-image-preview:large, max-video-preview:-1\" \/>\n<link rel=\"canonical\" href=\"https:\/\/radiolifefm.com.br\/noticias\/projeto-teart-retoma-atividades-em-19-de-janeiro-com-foco-na-inclusao-e-no-desenvolvimento-de-criancas-e-adolescentes-com-tea\/\" \/>\n<meta property=\"og:locale\" content=\"pt_BR\" \/>\n<meta property=\"og:type\" content=\"article\" \/>\n<meta property=\"og:title\" content=\"Projeto TEArt retoma atividades em 19 de janeiro com foco na inclus\u00e3o e no desenvolvimento de crian\u00e7as e adolescentes com TEA - R\u00e1dio Life FM\" \/>\n<meta property=\"og:description\" content=\"Ap\u00f3s uma pausa para o recesso de fim de ano, o Projeto TEArt retorna com for\u00e7a total no dia 19 de janeiro, reafirmando seu compromisso com a inclus\u00e3o cultural e o desenvolvimento de crian\u00e7as e adolescentes diagnosticados com Transtorno do Espectro Autista (TEA) em Adamantina. A iniciativa, que teve in\u00edcio em novembro de 2025, \u00e9 [&hellip;]\" \/>\n<meta property=\"og:url\" content=\"https:\/\/radiolifefm.com.br\/noticias\/projeto-teart-retoma-atividades-em-19-de-janeiro-com-foco-na-inclusao-e-no-desenvolvimento-de-criancas-e-adolescentes-com-tea\/\" \/>\n<meta property=\"og:site_name\" content=\"R\u00e1dio Life FM\" \/>\n<meta property=\"article:publisher\" content=\"https:\/\/www.facebook.com\/radiolifefm\/\" \/>\n<meta property=\"article:published_time\" content=\"2026-01-11T22:38:51+00:00\" \/>\n<meta property=\"article:modified_time\" content=\"2026-04-28T14:51:31+00:00\" \/>\n<meta property=\"og:image\" content=\"https:\/\/radiolifefm.com.br\/noticias\/wp-content\/uploads\/2026\/01\/WhatsApp-Image-2026-01-11-at-18.27.28-1.jpeg\" \/>\n\t<meta property=\"og:image:width\" content=\"1366\" \/>\n\t<meta property=\"og:image:height\" content=\"768\" \/>\n\t<meta property=\"og:image:type\" content=\"image\/jpeg\" \/>\n<meta name=\"author\" content=\"ritanery\" \/>\n<meta name=\"twitter:card\" content=\"summary_large_image\" \/>\n<meta name=\"twitter:label1\" content=\"Escrito por\" \/>\n\t<meta name=\"twitter:data1\" content=\"ritanery\" \/>\n\t<meta name=\"twitter:label2\" content=\"Est. tempo de leitura\" \/>\n\t<meta name=\"twitter:data2\" content=\"3 minutos\" \/>\n<script type=\"application\/ld+json\" class=\"yoast-schema-graph\">{\"@context\":\"https:\/\/schema.org\",\"@graph\":[{\"@type\":\"Article\",\"@id\":\"https:\/\/radiolifefm.com.br\/noticias\/projeto-teart-retoma-atividades-em-19-de-janeiro-com-foco-na-inclusao-e-no-desenvolvimento-de-criancas-e-adolescentes-com-tea\/#article\",\"isPartOf\":{\"@id\":\"https:\/\/radiolifefm.com.br\/noticias\/projeto-teart-retoma-atividades-em-19-de-janeiro-com-foco-na-inclusao-e-no-desenvolvimento-de-criancas-e-adolescentes-com-tea\/\"},\"author\":{\"name\":\"ritanery\",\"@id\":\"https:\/\/radiolifefm.com.br\/noticias\/#\/schema\/person\/6339b9fac59d12b071dec680d7375d87\"},\"headline\":\"Projeto TEArt retoma atividades em 19 de janeiro com foco na inclus\u00e3o e no desenvolvimento de crian\u00e7as e adolescentes com TEA\",\"datePublished\":\"2026-01-11T22:38:51+00:00\",\"dateModified\":\"2026-04-28T14:51:31+00:00\",\"mainEntityOfPage\":{\"@id\":\"https:\/\/radiolifefm.com.br\/noticias\/projeto-teart-retoma-atividades-em-19-de-janeiro-com-foco-na-inclusao-e-no-desenvolvimento-de-criancas-e-adolescentes-com-tea\/\"},\"wordCount\":414,\"publisher\":{\"@id\":\"https:\/\/radiolifefm.com.br\/noticias\/#organization\"},\"image\":{\"@id\":\"https:\/\/radiolifefm.com.br\/noticias\/projeto-teart-retoma-atividades-em-19-de-janeiro-com-foco-na-inclusao-e-no-desenvolvimento-de-criancas-e-adolescentes-com-tea\/#primaryimage\"},\"thumbnailUrl\":\"https:\/\/radiolifefm.com.br\/noticias\/wp-content\/uploads\/2026\/01\/WhatsApp-Image-2026-01-11-at-18.27.28-1.jpeg\",\"articleSection\":[\"A\u00e7\u00e3o Social\",\"Adamantina\"],\"inLanguage\":\"pt-BR\"},{\"@type\":\"WebPage\",\"@id\":\"https:\/\/radiolifefm.com.br\/noticias\/projeto-teart-retoma-atividades-em-19-de-janeiro-com-foco-na-inclusao-e-no-desenvolvimento-de-criancas-e-adolescentes-com-tea\/\",\"url\":\"https:\/\/radiolifefm.com.br\/noticias\/projeto-teart-retoma-atividades-em-19-de-janeiro-com-foco-na-inclusao-e-no-desenvolvimento-de-criancas-e-adolescentes-com-tea\/\",\"name\":\"Projeto TEArt retoma atividades em 19 de janeiro com foco na inclus\u00e3o e no desenvolvimento de crian\u00e7as e adolescentes com TEA - R\u00e1dio Life FM\",\"isPartOf\":{\"@id\":\"https:\/\/radiolifefm.com.br\/noticias\/#website\"},\"primaryImageOfPage\":{\"@id\":\"https:\/\/radiolifefm.com.br\/noticias\/projeto-teart-retoma-atividades-em-19-de-janeiro-com-foco-na-inclusao-e-no-desenvolvimento-de-criancas-e-adolescentes-com-tea\/#primaryimage\"},\"image\":{\"@id\":\"https:\/\/radiolifefm.com.br\/noticias\/projeto-teart-retoma-atividades-em-19-de-janeiro-com-foco-na-inclusao-e-no-desenvolvimento-de-criancas-e-adolescentes-com-tea\/#primaryimage\"},\"thumbnailUrl\":\"https:\/\/radiolifefm.com.br\/noticias\/wp-content\/uploads\/2026\/01\/WhatsApp-Image-2026-01-11-at-18.27.28-1.jpeg\",\"datePublished\":\"2026-01-11T22:38:51+00:00\",\"dateModified\":\"2026-04-28T14:51:31+00:00\",\"breadcrumb\":{\"@id\":\"https:\/\/radiolifefm.com.br\/noticias\/projeto-teart-retoma-atividades-em-19-de-janeiro-com-foco-na-inclusao-e-no-desenvolvimento-de-criancas-e-adolescentes-com-tea\/#breadcrumb\"},\"inLanguage\":\"pt-BR\",\"potentialAction\":[{\"@type\":\"ReadAction\",\"target\":[\"https:\/\/radiolifefm.com.br\/noticias\/projeto-teart-retoma-atividades-em-19-de-janeiro-com-foco-na-inclusao-e-no-desenvolvimento-de-criancas-e-adolescentes-com-tea\/\"]}]},{\"@type\":\"ImageObject\",\"inLanguage\":\"pt-BR\",\"@id\":\"https:\/\/radiolifefm.com.br\/noticias\/projeto-teart-retoma-atividades-em-19-de-janeiro-com-foco-na-inclusao-e-no-desenvolvimento-de-criancas-e-adolescentes-com-tea\/#primaryimage\",\"url\":\"https:\/\/radiolifefm.com.br\/noticias\/wp-content\/uploads\/2026\/01\/WhatsApp-Image-2026-01-11-at-18.27.28-1.jpeg\",\"contentUrl\":\"https:\/\/radiolifefm.com.br\/noticias\/wp-content\/uploads\/2026\/01\/WhatsApp-Image-2026-01-11-at-18.27.28-1.jpeg\",\"width\":1366,\"height\":768},{\"@type\":\"BreadcrumbList\",\"@id\":\"https:\/\/radiolifefm.com.br\/noticias\/projeto-teart-retoma-atividades-em-19-de-janeiro-com-foco-na-inclusao-e-no-desenvolvimento-de-criancas-e-adolescentes-com-tea\/#breadcrumb\",\"itemListElement\":[{\"@type\":\"ListItem\",\"position\":1,\"name\":\"In\u00edcio\",\"item\":\"https:\/\/radiolifefm.com.br\/noticias\/\"},{\"@type\":\"ListItem\",\"position\":2,\"name\":\"Projeto TEArt retoma atividades em 19 de janeiro com foco na inclus\u00e3o e no desenvolvimento de crian\u00e7as e adolescentes com TEA\"}]},{\"@type\":\"WebSite\",\"@id\":\"https:\/\/radiolifefm.com.br\/noticias\/#website\",\"url\":\"https:\/\/radiolifefm.com.br\/noticias\/\",\"name\":\"R\u00e1dio Life FM\",\"description\":\"O Portal de Not\u00edcias de Adamantina\",\"publisher\":{\"@id\":\"https:\/\/radiolifefm.com.br\/noticias\/#organization\"},\"alternateName\":\"Life FM\",\"potentialAction\":[{\"@type\":\"SearchAction\",\"target\":{\"@type\":\"EntryPoint\",\"urlTemplate\":\"https:\/\/radiolifefm.com.br\/noticias\/?s={search_term_string}\"},\"query-input\":{\"@type\":\"PropertyValueSpecification\",\"valueRequired\":true,\"valueName\":\"search_term_string\"}}],\"inLanguage\":\"pt-BR\"},{\"@type\":\"Organization\",\"@id\":\"https:\/\/radiolifefm.com.br\/noticias\/#organization\",\"name\":\"R\u00e1dio Life FM\",\"alternateName\":\"Life FM\",\"url\":\"https:\/\/radiolifefm.com.br\/noticias\/\",\"logo\":{\"@type\":\"ImageObject\",\"inLanguage\":\"pt-BR\",\"@id\":\"https:\/\/radiolifefm.com.br\/noticias\/#\/schema\/logo\/image\/\",\"url\":\"https:\/\/static.radiolifefm.com.br\/noticias\/wp-content\/uploads\/2019\/10\/logo-lifefm.png\",\"contentUrl\":\"https:\/\/static.radiolifefm.com.br\/noticias\/wp-content\/uploads\/2019\/10\/logo-lifefm.png\",\"width\":196,\"height\":47,\"caption\":\"R\u00e1dio Life FM\"},\"image\":{\"@id\":\"https:\/\/radiolifefm.com.br\/noticias\/#\/schema\/logo\/image\/\"},\"sameAs\":[\"https:\/\/www.facebook.com\/radiolifefm\/\",\"https:\/\/www.instagram.com\/life1079fm\/\"]},{\"@type\":\"Person\",\"@id\":\"https:\/\/radiolifefm.com.br\/noticias\/#\/schema\/person\/6339b9fac59d12b071dec680d7375d87\",\"name\":\"ritanery\",\"image\":{\"@type\":\"ImageObject\",\"inLanguage\":\"pt-BR\",\"@id\":\"https:\/\/secure.gravatar.com\/avatar\/0e37bb19071f47c0b8a23f62a903df117c5a0e75f65a0c2901562f97cd41cf86?s=96&d=mm&r=g\",\"url\":\"https:\/\/secure.gravatar.com\/avatar\/0e37bb19071f47c0b8a23f62a903df117c5a0e75f65a0c2901562f97cd41cf86?s=96&d=mm&r=g\",\"contentUrl\":\"https:\/\/secure.gravatar.com\/avatar\/0e37bb19071f47c0b8a23f62a903df117c5a0e75f65a0c2901562f97cd41cf86?s=96&d=mm&r=g\",\"caption\":\"ritanery\"}}]}<\/script>\n<!-- \/ Yoast SEO plugin. -->","yoast_head_json":{"title":"Projeto TEArt retoma atividades em 19 de janeiro com foco na inclus\u00e3o e no desenvolvimento de crian\u00e7as e adolescentes com TEA - R\u00e1dio Life FM","robots":{"index":"index","follow":"follow","max-snippet":"max-snippet:-1","max-image-preview":"max-image-preview:large","max-video-preview":"max-video-preview:-1"},"canonical":"https:\/\/radiolifefm.com.br\/noticias\/projeto-teart-retoma-atividades-em-19-de-janeiro-com-foco-na-inclusao-e-no-desenvolvimento-de-criancas-e-adolescentes-com-tea\/","og_locale":"pt_BR","og_type":"article","og_title":"Projeto TEArt retoma atividades em 19 de janeiro com foco na inclus\u00e3o e no desenvolvimento de crian\u00e7as e adolescentes com TEA - R\u00e1dio Life FM","og_description":"Ap\u00f3s uma pausa para o recesso de fim de ano, o Projeto TEArt retorna com for\u00e7a total no dia 19 de janeiro, reafirmando seu compromisso com a inclus\u00e3o cultural e o desenvolvimento de crian\u00e7as e adolescentes diagnosticados com Transtorno do Espectro Autista (TEA) em Adamantina. A iniciativa, que teve in\u00edcio em novembro de 2025, \u00e9 [&hellip;]","og_url":"https:\/\/radiolifefm.com.br\/noticias\/projeto-teart-retoma-atividades-em-19-de-janeiro-com-foco-na-inclusao-e-no-desenvolvimento-de-criancas-e-adolescentes-com-tea\/","og_site_name":"R\u00e1dio Life FM","article_publisher":"https:\/\/www.facebook.com\/radiolifefm\/","article_published_time":"2026-01-11T22:38:51+00:00","article_modified_time":"2026-04-28T14:51:31+00:00","og_image":[{"width":1366,"height":768,"url":"https:\/\/radiolifefm.com.br\/noticias\/wp-content\/uploads\/2026\/01\/WhatsApp-Image-2026-01-11-at-18.27.28-1.jpeg","type":"image\/jpeg"}],"author":"ritanery","twitter_card":"summary_large_image","twitter_misc":{"Escrito por":"ritanery","Est. tempo de leitura":"3 minutos"},"schema":{"@context":"https:\/\/schema.org","@graph":[{"@type":"Article","@id":"https:\/\/radiolifefm.com.br\/noticias\/projeto-teart-retoma-atividades-em-19-de-janeiro-com-foco-na-inclusao-e-no-desenvolvimento-de-criancas-e-adolescentes-com-tea\/#article","isPartOf":{"@id":"https:\/\/radiolifefm.com.br\/noticias\/projeto-teart-retoma-atividades-em-19-de-janeiro-com-foco-na-inclusao-e-no-desenvolvimento-de-criancas-e-adolescentes-com-tea\/"},"author":{"name":"ritanery","@id":"https:\/\/radiolifefm.com.br\/noticias\/#\/schema\/person\/6339b9fac59d12b071dec680d7375d87"},"headline":"Projeto TEArt retoma atividades em 19 de janeiro com foco na inclus\u00e3o e no desenvolvimento de crian\u00e7as e adolescentes com TEA","datePublished":"2026-01-11T22:38:51+00:00","dateModified":"2026-04-28T14:51:31+00:00","mainEntityOfPage":{"@id":"https:\/\/radiolifefm.com.br\/noticias\/projeto-teart-retoma-atividades-em-19-de-janeiro-com-foco-na-inclusao-e-no-desenvolvimento-de-criancas-e-adolescentes-com-tea\/"},"wordCount":414,"publisher":{"@id":"https:\/\/radiolifefm.com.br\/noticias\/#organization"},"image":{"@id":"https:\/\/radiolifefm.com.br\/noticias\/projeto-teart-retoma-atividades-em-19-de-janeiro-com-foco-na-inclusao-e-no-desenvolvimento-de-criancas-e-adolescentes-com-tea\/#primaryimage"},"thumbnailUrl":"https:\/\/radiolifefm.com.br\/noticias\/wp-content\/uploads\/2026\/01\/WhatsApp-Image-2026-01-11-at-18.27.28-1.jpeg","articleSection":["A\u00e7\u00e3o Social","Adamantina"],"inLanguage":"pt-BR"},{"@type":"WebPage","@id":"https:\/\/radiolifefm.com.br\/noticias\/projeto-teart-retoma-atividades-em-19-de-janeiro-com-foco-na-inclusao-e-no-desenvolvimento-de-criancas-e-adolescentes-com-tea\/","url":"https:\/\/radiolifefm.com.br\/noticias\/projeto-teart-retoma-atividades-em-19-de-janeiro-com-foco-na-inclusao-e-no-desenvolvimento-de-criancas-e-adolescentes-com-tea\/","name":"Projeto TEArt retoma atividades em 19 de janeiro com foco na inclus\u00e3o e no desenvolvimento de crian\u00e7as e adolescentes com TEA - R\u00e1dio Life FM","isPartOf":{"@id":"https:\/\/radiolifefm.com.br\/noticias\/#website"},"primaryImageOfPage":{"@id":"https:\/\/radiolifefm.com.br\/noticias\/projeto-teart-retoma-atividades-em-19-de-janeiro-com-foco-na-inclusao-e-no-desenvolvimento-de-criancas-e-adolescentes-com-tea\/#primaryimage"},"image":{"@id":"https:\/\/radiolifefm.com.br\/noticias\/projeto-teart-retoma-atividades-em-19-de-janeiro-com-foco-na-inclusao-e-no-desenvolvimento-de-criancas-e-adolescentes-com-tea\/#primaryimage"},"thumbnailUrl":"https:\/\/radiolifefm.com.br\/noticias\/wp-content\/uploads\/2026\/01\/WhatsApp-Image-2026-01-11-at-18.27.28-1.jpeg","datePublished":"2026-01-11T22:38:51+00:00","dateModified":"2026-04-28T14:51:31+00:00","breadcrumb":{"@id":"https:\/\/radiolifefm.com.br\/noticias\/projeto-teart-retoma-atividades-em-19-de-janeiro-com-foco-na-inclusao-e-no-desenvolvimento-de-criancas-e-adolescentes-com-tea\/#breadcrumb"},"inLanguage":"pt-BR","potentialAction":[{"@type":"ReadAction","target":["https:\/\/radiolifefm.com.br\/noticias\/projeto-teart-retoma-atividades-em-19-de-janeiro-com-foco-na-inclusao-e-no-desenvolvimento-de-criancas-e-adolescentes-com-tea\/"]}]},{"@type":"ImageObject","inLanguage":"pt-BR","@id":"https:\/\/radiolifefm.com.br\/noticias\/projeto-teart-retoma-atividades-em-19-de-janeiro-com-foco-na-inclusao-e-no-desenvolvimento-de-criancas-e-adolescentes-com-tea\/#primaryimage","url":"https:\/\/radiolifefm.com.br\/noticias\/wp-content\/uploads\/2026\/01\/WhatsApp-Image-2026-01-11-at-18.27.28-1.jpeg","contentUrl":"https:\/\/radiolifefm.com.br\/noticias\/wp-content\/uploads\/2026\/01\/WhatsApp-Image-2026-01-11-at-18.27.28-1.jpeg","width":1366,"height":768},{"@type":"BreadcrumbList","@id":"https:\/\/radiolifefm.com.br\/noticias\/projeto-teart-retoma-atividades-em-19-de-janeiro-com-foco-na-inclusao-e-no-desenvolvimento-de-criancas-e-adolescentes-com-tea\/#breadcrumb","itemListElement":[{"@type":"ListItem","position":1,"name":"In\u00edcio","item":"https:\/\/radiolifefm.com.br\/noticias\/"},{"@type":"ListItem","position":2,"name":"Projeto TEArt retoma atividades em 19 de janeiro com foco na inclus\u00e3o e no desenvolvimento de crian\u00e7as e adolescentes com TEA"}]},{"@type":"WebSite","@id":"https:\/\/radiolifefm.com.br\/noticias\/#website","url":"https:\/\/radiolifefm.com.br\/noticias\/","name":"R\u00e1dio Life FM","description":"O Portal de Not\u00edcias de Adamantina","publisher":{"@id":"https:\/\/radiolifefm.com.br\/noticias\/#organization"},"alternateName":"Life FM","potentialAction":[{"@type":"SearchAction","target":{"@type":"EntryPoint","urlTemplate":"https:\/\/radiolifefm.com.br\/noticias\/?s={search_term_string}"},"query-input":{"@type":"PropertyValueSpecification","valueRequired":true,"valueName":"search_term_string"}}],"inLanguage":"pt-BR"},{"@type":"Organization","@id":"https:\/\/radiolifefm.com.br\/noticias\/#organization","name":"R\u00e1dio Life FM","alternateName":"Life FM","url":"https:\/\/radiolifefm.com.br\/noticias\/","logo":{"@type":"ImageObject","inLanguage":"pt-BR","@id":"https:\/\/radiolifefm.com.br\/noticias\/#\/schema\/logo\/image\/","url":"https:\/\/static.radiolifefm.com.br\/noticias\/wp-content\/uploads\/2019\/10\/logo-lifefm.png","contentUrl":"https:\/\/static.radiolifefm.com.br\/noticias\/wp-content\/uploads\/2019\/10\/logo-lifefm.png","width":196,"height":47,"caption":"R\u00e1dio Life FM"},"image":{"@id":"https:\/\/radiolifefm.com.br\/noticias\/#\/schema\/logo\/image\/"},"sameAs":["https:\/\/www.facebook.com\/radiolifefm\/","https:\/\/www.instagram.com\/life1079fm\/"]},{"@type":"Person","@id":"https:\/\/radiolifefm.com.br\/noticias\/#\/schema\/person\/6339b9fac59d12b071dec680d7375d87","name":"ritanery","image":{"@type":"ImageObject","inLanguage":"pt-BR","@id":"https:\/\/secure.gravatar.com\/avatar\/0e37bb19071f47c0b8a23f62a903df117c5a0e75f65a0c2901562f97cd41cf86?s=96&d=mm&r=g","url":"https:\/\/secure.gravatar.com\/avatar\/0e37bb19071f47c0b8a23f62a903df117c5a0e75f65a0c2901562f97cd41cf86?s=96&d=mm&r=g","contentUrl":"https:\/\/secure.gravatar.com\/avatar\/0e37bb19071f47c0b8a23f62a903df117c5a0e75f65a0c2901562f97cd41cf86?s=96&d=mm&r=g","caption":"ritanery"}}]}},"amp_enabled":true,"_links":{"self":[{"href":"https:\/\/radiolifefm.com.br\/noticias\/wp-json\/wp\/v2\/posts\/109686","targetHints":{"allow":["GET"]}}],"collection":[{"href":"https:\/\/radiolifefm.com.br\/noticias\/wp-json\/wp\/v2\/posts"}],"about":[{"href":"https:\/\/radiolifefm.com.br\/noticias\/wp-json\/wp\/v2\/types\/post"}],"author":[{"embeddable":true,"href":"https:\/\/radiolifefm.com.br\/noticias\/wp-json\/wp\/v2\/users\/13"}],"replies":[{"embeddable":true,"href":"https:\/\/radiolifefm.com.br\/noticias\/wp-json\/wp\/v2\/comments?post=109686"}],"version-history":[{"count":2,"href":"https:\/\/radiolifefm.com.br\/noticias\/wp-json\/wp\/v2\/posts\/109686\/revisions"}],"predecessor-version":[{"id":116275,"href":"https:\/\/radiolifefm.com.br\/noticias\/wp-json\/wp\/v2\/posts\/109686\/revisions\/116275"}],"wp:featuredmedia":[{"embeddable":true,"href":"https:\/\/radiolifefm.com.br\/noticias\/wp-json\/wp\/v2\/media\/109687"}],"wp:attachment":[{"href":"https:\/\/radiolifefm.com.br\/noticias\/wp-json\/wp\/v2\/media?parent=109686"}],"wp:term":[{"taxonomy":"category","embeddable":true,"href":"https:\/\/radiolifefm.com.br\/noticias\/wp-json\/wp\/v2\/categories?post=109686"},{"taxonomy":"post_tag","embeddable":true,"href":"https:\/\/radiolifefm.com.br\/noticias\/wp-json\/wp\/v2\/tags?post=109686"}],"curies":[{"name":"wp","href":"https:\/\/api.w.org\/{rel}","templated":true}]}}