{"id":109674,"date":"2026-01-11T17:24:45","date_gmt":"2026-01-11T20:24:45","guid":{"rendered":"https:\/\/radiolifefm.com.br\/noticias\/?p=109674"},"modified":"2026-04-16T14:44:23","modified_gmt":"2026-04-16T17:44:23","slug":"ipva-2026-calendario-de-pagamento-comeca-nesta-segunda-12","status":"publish","type":"post","link":"https:\/\/radiolifefm.com.br\/noticias\/ipva-2026-calendario-de-pagamento-comeca-nesta-segunda-12\/","title":{"rendered":"IPVA 2026: calend\u00e1rio de pagamento come\u00e7a nesta segunda (12)"},"content":{"rendered":"<div id=\"fb-root\"><\/div>\n<p>Come\u00e7a nesta segunda-feira (12) o calend\u00e1rio de pagamento do Imposto sobre a Propriedade de Ve\u00edculos Automotores (IPVA) no estado de S\u00e3o Paulo. Os propriet\u00e1rios de ve\u00edculos com final de placa 1 t\u00eam at\u00e9 esta segunda para quitar a cota \u00fanica, com desconto de 3%, ou a primeira parcela do Imposto sobre a Propriedade de Ve\u00edculos Automotores (IPVA) de 2026 no estado de S\u00e3o Paulo. Os contribuintes devem ficar atentos \u00e0s datas de vencimento para aproveitar o abatimento ou parcelamento e regularizar o imposto.<\/p>\n<p>A consulta do valor pode ser realizada em toda a rede banc\u00e1ria, a partir do n\u00famero de Renavam (Registro Nacional de Ve\u00edculo Automotor) ou diretamente no portal da Secretaria da Fazenda e Planejamento do Estado de S\u00e3o Paulo (Sefaz-SP), clicando\u00a0<a role=\"link\" href=\"https:\/\/www.ipva.fazenda.sp.gov.br\/IPVANET_Consulta\/Consulta.aspx\" target=\"_blank\" rel=\"noreferrer noopener\">aqui<\/a>, mediante o Renavam e placa do ve\u00edculo (<em>leia mais abaixo<\/em>).<\/p>\n<p>O pagamento segue o final da placa do ve\u00edculo e pode ser feito \u00e0 vista, com desconto de 3%, ou parcelado em at\u00e9 5 vezes, de acordo com o valor do imposto devido.<\/p>\n<p>O pagamento em parcela \u00fanica com desconto de 3% vale para autom\u00f3veis, camionetas, caminhonetes, \u00f4nibus, micro-\u00f4nibus, motos e similares, caminh\u00f5es e caminh\u00f5es-tratores.<\/p>\n<p>Assim como no ano passado, a fim de facilitar o pagamento do contribuinte que opta pelo parcelamento do tributo, a Sefaz-SP definiu todos os vencimentos no mesmo dia do m\u00eas \u2013 a placa 1, por exemplo, tem vencimento em 12 de janeiro, 12 de fevereiro, 12 de mar\u00e7o, 12 de abril e 12 de maio. Caso o vencimento ocorra em finais de semana ou feriados, o pagamento poder\u00e1 ser feito no pr\u00f3ximo dia \u00fatil.\u200b<\/p>\n<p>A Sefaz-SP refor\u00e7a que as p\u00e1ginas verdadeiras para informa\u00e7\u00f5es do IPVA 2026 est\u00e3o no dom\u00ednio \u201csp.gov.br\u201d. N\u00e3o caia em golpes.\u00a0Para mais informa\u00e7\u00f5es, os propriet\u00e1rios dos ve\u00edculos podem entrar em contato com a Secretaria pelos canais do\u00a0<a role=\"link\" href=\"https:\/\/portal.fazenda.sp.gov.br\/Paginas\/CanaisdeComunicacao.aspx\" target=\"_blank\" rel=\"noopener\">Fale Conosco<\/a>.<\/p>\n<h3 class=\"wp-block-heading\"><strong>Quanto vou pagar<\/strong><\/h3>\n<p>As al\u00edquotas do imposto no estado de S\u00e3o Paulo para ve\u00edculos particulares novos e usados continuam as mesmas do ano passado: 4% para carros de passeio; 2% para motocicletas e similares, caminhonetes cabine simples, micro-\u00f4nibus, \u00f4nibus e maquin\u00e1rio pesado;\u00a0 1,5% para caminh\u00f5es e 1% para os ve\u00edculos de locadoras<\/p>\n<p>Para saber o valor venal do ve\u00edculo o propriet\u00e1rio pode consultar o\u00a0<a role=\"link\" href=\"https:\/\/www3.fazenda.sp.gov.br\/SIVEI\/\" target=\"_blank\" rel=\"noopener\">Sistema de Ve\u00edculos (Sivei)<\/a>, uma p\u00e1gina simplificada no site da Sefaz-SP.<\/p>\n<p>O valor do imposto a ser pago pode ser consultado diretamente pelo Internet Banking, no caixa eletr\u00f4nico do banco ou na\u00a0<a role=\"link\" href=\"https:\/\/www.ipva.fazenda.sp.gov.br\/IPVANET_Consulta\/Consulta.aspx\" target=\"_blank\" rel=\"noopener\">p\u00e1gina da Sefaz-SP<\/a>, mediante a apresenta\u00e7\u00e3o do n\u00famero do Renavam.<\/p>\n<h3 class=\"wp-block-heading\"><strong>Parcelamento<\/strong><\/h3>\n<p>O parcelamento do IPVA pode ser feito em at\u00e9 cinco vezes, de janeiro a maio, desde que o valor total do imposto seja igual ou superior a 10 Unidades Fiscais do Estado de S\u00e3o Paulo (Ufesps). Para 2026, a Ufesp foi fixada em R$ 38,42, de acordo com a Secretaria da Fazenda e Planejamento de S\u00e3o Paulo. Em caso de valores menores, o parcelamento poder\u00e1 ser feito em quatro ou tr\u00eas parcelas.<\/p>\n<p>A tabela de pagamento para propriet\u00e1rios de ve\u00edculos de carga \u00e9 diferente. O pagamento pode ser feito, sem desconto, at\u00e9 22 de abril, ou parcelado em at\u00e9 cinco vezes, com data fixada no dia 20 de cada m\u00eas.<\/p>\n<h3 class=\"wp-block-heading\"><strong>Como pagar<\/strong><\/h3>\n<p><a role=\"link\" href=\"https:\/\/www.agenciasp.sp.gov.br\/ipva-2026-veja-como-pagar-o-imposto-no-estado-de-sao-paulo\/\">Para efetuar o pagamento do IPVA 2026<\/a>, basta o contribuinte utilizar a rede banc\u00e1ria credenciada, com o n\u00famero do Renavam (Registro Nacional de Ve\u00edculo Automotor).<\/p>\n<p>No estado de S\u00e3o Paulo, o Pix \u00e9 a forma preferencial de pagamento, sendo mais r\u00e1pido, f\u00e1cil e confirmado imediatamente. Ao obter o\u00a0<em>QR code<\/em>, gerado exclusivamente no\u00a0<a role=\"link\" href=\"https:\/\/portal.fazenda.sp.gov.br\/servicos\/ipva\/Paginas\/pix.aspx\" target=\"_blank\" rel=\"noreferrer noopener\">site da Sefaz-SP<\/a>, o recolhimento pode ser feito junto a mais de 900 institui\u00e7\u00f5es financeiras, contemplando especialmente os cidad\u00e3os com contas digitais e que n\u00e3o possuem conta nos grandes bancos.<\/p>\n<p>As tradicionais formas de pagamento est\u00e3o mantidas. \u00c9 poss\u00edvel efetuar o recolhimento pela internet, nos terminais de autoatendimento ou outros canais oferecidos pela institui\u00e7\u00e3o banc\u00e1ria. Tamb\u00e9m \u00e9 poss\u00edvel realizar o pagamento em casas lot\u00e9ricas e com cart\u00e3o de cr\u00e9dito\u00a0<a role=\"link\" href=\"https:\/\/portal.fazenda.sp.gov.br\/servicos\/ipva\/Paginas\/cartao-de-credito.aspx\" target=\"_blank\" rel=\"noreferrer noopener\">nas empresas credenciadas \u00e0 Sefaz-SP<\/a>.<\/p>\n<h3 class=\"wp-block-heading\"><strong>Atraso no pagamento<\/strong><\/h3>\n<p>O contribuinte que deixar de recolher o imposto fica sujeito a multa de 0,33% por dia de atraso e juros de mora com base na taxa Selic. Passados 60 dias, o percentual da multa fixa-se em 20% do valor do imposto.<\/p>\n<p>Permanecendo a inadimpl\u00eancia do IPVA, o d\u00e9bito ser\u00e1 inscrito na D\u00edvida Ativa, al\u00e9m da inclus\u00e3o do nome do propriet\u00e1rio no Cadin Estadual, impedindo-o de aproveitar eventual cr\u00e9dito que possua por solicitar a Nota Fiscal Paulista. A partir do momento em que o d\u00e9bito de IPVA estiver inscrito, a Procuradoria Geral do Estado poder\u00e1 vir a cobr\u00e1-lo mediante protesto.<\/p>\n<p>Todas as informa\u00e7\u00f5es sobre IPVA podem ser consultadas na\u00a0<a role=\"link\" href=\"https:\/\/portal.fazenda.sp.gov.br\/servicos\/ipva\/Paginas\/restituicao-pagamento-indevido-ou-duplicado.aspx\" target=\"_blank\" rel=\"noreferrer noopener\">p\u00e1gina do IPVA no portal da Sefaz-SP<\/a>.<\/p>\n<h2 class=\"wp-block-heading\"><strong>Veja<\/strong>\u00a0c<strong>alend\u00e1rio completo de vencimento do IPVA-2026<\/strong><\/h2>\n<p>&nbsp;<\/p>\n<p><img loading=\"lazy\" decoding=\"async\" class=\"alignnone size-medium wp-image-109676\" src=\"https:\/\/radiolifefm.com.br\/noticias\/wp-content\/uploads\/2026\/01\/carro-300x246.jpg\" alt=\"\" width=\"300\" height=\"246\" srcset=\"https:\/\/radiolifefm.com.br\/noticias\/wp-content\/uploads\/2026\/01\/carro-300x246.jpg 300w, https:\/\/radiolifefm.com.br\/noticias\/wp-content\/uploads\/2026\/01\/carro-768x630.jpg 768w, https:\/\/radiolifefm.com.br\/noticias\/wp-content\/uploads\/2026\/01\/carro.jpg 816w\" sizes=\"auto, (max-width: 300px) 100vw, 300px\" \/><\/p>\n<p><img loading=\"lazy\" decoding=\"async\" class=\"alignnone size-medium wp-image-109675\" src=\"https:\/\/radiolifefm.com.br\/noticias\/wp-content\/uploads\/2026\/01\/camin-300x254.jpg\" alt=\"\" width=\"300\" height=\"254\" srcset=\"https:\/\/radiolifefm.com.br\/noticias\/wp-content\/uploads\/2026\/01\/camin-300x254.jpg 300w, https:\/\/radiolifefm.com.br\/noticias\/wp-content\/uploads\/2026\/01\/camin-768x650.jpg 768w, https:\/\/radiolifefm.com.br\/noticias\/wp-content\/uploads\/2026\/01\/camin.jpg 827w\" sizes=\"auto, (max-width: 300px) 100vw, 300px\" \/><\/p>\n<p>&nbsp;<\/p>\n<p>Fonte: Ag\u00eancia SP<\/p>\n","protected":false},"excerpt":{"rendered":"<p>Come\u00e7a nesta segunda-feira (12) o calend\u00e1rio de pagamento do Imposto sobre a Propriedade de Ve\u00edculos Automotores (IPVA) no estado de S\u00e3o Paulo. Os propriet\u00e1rios de ve\u00edculos com final de placa 1 t\u00eam at\u00e9 esta segunda para quitar a cota \u00fanica, com desconto de 3%, ou a primeira parcela do Imposto sobre a Propriedade de Ve\u00edculos [&hellip;]<\/p>\n","protected":false},"author":13,"featured_media":109677,"comment_status":"closed","ping_status":"open","sticky":false,"template":"","format":"standard","meta":{"_acf_changed":false,"_exactmetrics_skip_tracking":false,"_exactmetrics_sitenote_active":false,"_exactmetrics_sitenote_note":"","_exactmetrics_sitenote_category":0,"footnotes":""},"categories":[60],"tags":[],"class_list":["post-109674","post","type-post","status-publish","format-standard","has-post-thumbnail","hentry","category-transito"],"acf":[],"yoast_head":"<!-- This site is optimized with the Yoast SEO plugin v27.2 - https:\/\/yoast.com\/product\/yoast-seo-wordpress\/ -->\n<title>IPVA 2026: calend\u00e1rio de pagamento come\u00e7a nesta segunda (12) - R\u00e1dio Life FM<\/title>\n<meta name=\"robots\" content=\"index, follow, max-snippet:-1, max-image-preview:large, max-video-preview:-1\" \/>\n<link rel=\"canonical\" href=\"https:\/\/radiolifefm.com.br\/noticias\/ipva-2026-calendario-de-pagamento-comeca-nesta-segunda-12\/\" \/>\n<meta property=\"og:locale\" content=\"pt_BR\" \/>\n<meta property=\"og:type\" content=\"article\" \/>\n<meta property=\"og:title\" content=\"IPVA 2026: calend\u00e1rio de pagamento come\u00e7a nesta segunda (12) - R\u00e1dio Life FM\" \/>\n<meta property=\"og:description\" content=\"Come\u00e7a nesta segunda-feira (12) o calend\u00e1rio de pagamento do Imposto sobre a Propriedade de Ve\u00edculos Automotores (IPVA) no estado de S\u00e3o Paulo. Os propriet\u00e1rios de ve\u00edculos com final de placa 1 t\u00eam at\u00e9 esta segunda para quitar a cota \u00fanica, com desconto de 3%, ou a primeira parcela do Imposto sobre a Propriedade de Ve\u00edculos [&hellip;]\" \/>\n<meta property=\"og:url\" content=\"https:\/\/radiolifefm.com.br\/noticias\/ipva-2026-calendario-de-pagamento-comeca-nesta-segunda-12\/\" \/>\n<meta property=\"og:site_name\" content=\"R\u00e1dio Life FM\" \/>\n<meta property=\"article:publisher\" content=\"https:\/\/www.facebook.com\/radiolifefm\/\" \/>\n<meta property=\"article:published_time\" content=\"2026-01-11T20:24:45+00:00\" \/>\n<meta property=\"article:modified_time\" content=\"2026-04-16T17:44:23+00:00\" \/>\n<meta property=\"og:image\" content=\"https:\/\/radiolifefm.com.br\/noticias\/wp-content\/uploads\/2026\/01\/Licenciamento-1024x652-1.png\" \/>\n\t<meta property=\"og:image:width\" content=\"1024\" \/>\n\t<meta property=\"og:image:height\" content=\"652\" \/>\n\t<meta property=\"og:image:type\" content=\"image\/png\" \/>\n<meta name=\"author\" content=\"ritanery\" \/>\n<meta name=\"twitter:card\" content=\"summary_large_image\" \/>\n<meta name=\"twitter:label1\" content=\"Escrito por\" \/>\n\t<meta name=\"twitter:data1\" content=\"ritanery\" \/>\n\t<meta name=\"twitter:label2\" content=\"Est. tempo de leitura\" \/>\n\t<meta name=\"twitter:data2\" content=\"5 minutos\" \/>\n<script type=\"application\/ld+json\" class=\"yoast-schema-graph\">{\"@context\":\"https:\/\/schema.org\",\"@graph\":[{\"@type\":\"Article\",\"@id\":\"https:\/\/radiolifefm.com.br\/noticias\/ipva-2026-calendario-de-pagamento-comeca-nesta-segunda-12\/#article\",\"isPartOf\":{\"@id\":\"https:\/\/radiolifefm.com.br\/noticias\/ipva-2026-calendario-de-pagamento-comeca-nesta-segunda-12\/\"},\"author\":{\"name\":\"ritanery\",\"@id\":\"https:\/\/radiolifefm.com.br\/noticias\/#\/schema\/person\/6339b9fac59d12b071dec680d7375d87\"},\"headline\":\"IPVA 2026: calend\u00e1rio de pagamento come\u00e7a nesta segunda (12)\",\"datePublished\":\"2026-01-11T20:24:45+00:00\",\"dateModified\":\"2026-04-16T17:44:23+00:00\",\"mainEntityOfPage\":{\"@id\":\"https:\/\/radiolifefm.com.br\/noticias\/ipva-2026-calendario-de-pagamento-comeca-nesta-segunda-12\/\"},\"wordCount\":837,\"publisher\":{\"@id\":\"https:\/\/radiolifefm.com.br\/noticias\/#organization\"},\"image\":{\"@id\":\"https:\/\/radiolifefm.com.br\/noticias\/ipva-2026-calendario-de-pagamento-comeca-nesta-segunda-12\/#primaryimage\"},\"thumbnailUrl\":\"https:\/\/radiolifefm.com.br\/noticias\/wp-content\/uploads\/2026\/01\/Licenciamento-1024x652-1.png\",\"articleSection\":[\"Tr\u00e2nsito\"],\"inLanguage\":\"pt-BR\"},{\"@type\":\"WebPage\",\"@id\":\"https:\/\/radiolifefm.com.br\/noticias\/ipva-2026-calendario-de-pagamento-comeca-nesta-segunda-12\/\",\"url\":\"https:\/\/radiolifefm.com.br\/noticias\/ipva-2026-calendario-de-pagamento-comeca-nesta-segunda-12\/\",\"name\":\"IPVA 2026: calend\u00e1rio de pagamento come\u00e7a nesta segunda (12) - R\u00e1dio Life FM\",\"isPartOf\":{\"@id\":\"https:\/\/radiolifefm.com.br\/noticias\/#website\"},\"primaryImageOfPage\":{\"@id\":\"https:\/\/radiolifefm.com.br\/noticias\/ipva-2026-calendario-de-pagamento-comeca-nesta-segunda-12\/#primaryimage\"},\"image\":{\"@id\":\"https:\/\/radiolifefm.com.br\/noticias\/ipva-2026-calendario-de-pagamento-comeca-nesta-segunda-12\/#primaryimage\"},\"thumbnailUrl\":\"https:\/\/radiolifefm.com.br\/noticias\/wp-content\/uploads\/2026\/01\/Licenciamento-1024x652-1.png\",\"datePublished\":\"2026-01-11T20:24:45+00:00\",\"dateModified\":\"2026-04-16T17:44:23+00:00\",\"breadcrumb\":{\"@id\":\"https:\/\/radiolifefm.com.br\/noticias\/ipva-2026-calendario-de-pagamento-comeca-nesta-segunda-12\/#breadcrumb\"},\"inLanguage\":\"pt-BR\",\"potentialAction\":[{\"@type\":\"ReadAction\",\"target\":[\"https:\/\/radiolifefm.com.br\/noticias\/ipva-2026-calendario-de-pagamento-comeca-nesta-segunda-12\/\"]}]},{\"@type\":\"ImageObject\",\"inLanguage\":\"pt-BR\",\"@id\":\"https:\/\/radiolifefm.com.br\/noticias\/ipva-2026-calendario-de-pagamento-comeca-nesta-segunda-12\/#primaryimage\",\"url\":\"https:\/\/radiolifefm.com.br\/noticias\/wp-content\/uploads\/2026\/01\/Licenciamento-1024x652-1.png\",\"contentUrl\":\"https:\/\/radiolifefm.com.br\/noticias\/wp-content\/uploads\/2026\/01\/Licenciamento-1024x652-1.png\",\"width\":1024,\"height\":652,\"caption\":\"O pagamento segue o final da placa do ve\u00edculo e pode ser feito \u00e0 vista, com desconto de 3%, ou parcelado em at\u00e9 5 vezes, de acordo com o valor do imposto devido\"},{\"@type\":\"BreadcrumbList\",\"@id\":\"https:\/\/radiolifefm.com.br\/noticias\/ipva-2026-calendario-de-pagamento-comeca-nesta-segunda-12\/#breadcrumb\",\"itemListElement\":[{\"@type\":\"ListItem\",\"position\":1,\"name\":\"In\u00edcio\",\"item\":\"https:\/\/radiolifefm.com.br\/noticias\/\"},{\"@type\":\"ListItem\",\"position\":2,\"name\":\"IPVA 2026: calend\u00e1rio de pagamento come\u00e7a nesta segunda (12)\"}]},{\"@type\":\"WebSite\",\"@id\":\"https:\/\/radiolifefm.com.br\/noticias\/#website\",\"url\":\"https:\/\/radiolifefm.com.br\/noticias\/\",\"name\":\"R\u00e1dio Life FM\",\"description\":\"O Portal de Not\u00edcias de Adamantina\",\"publisher\":{\"@id\":\"https:\/\/radiolifefm.com.br\/noticias\/#organization\"},\"alternateName\":\"Life FM\",\"potentialAction\":[{\"@type\":\"SearchAction\",\"target\":{\"@type\":\"EntryPoint\",\"urlTemplate\":\"https:\/\/radiolifefm.com.br\/noticias\/?s={search_term_string}\"},\"query-input\":{\"@type\":\"PropertyValueSpecification\",\"valueRequired\":true,\"valueName\":\"search_term_string\"}}],\"inLanguage\":\"pt-BR\"},{\"@type\":\"Organization\",\"@id\":\"https:\/\/radiolifefm.com.br\/noticias\/#organization\",\"name\":\"R\u00e1dio Life FM\",\"alternateName\":\"Life FM\",\"url\":\"https:\/\/radiolifefm.com.br\/noticias\/\",\"logo\":{\"@type\":\"ImageObject\",\"inLanguage\":\"pt-BR\",\"@id\":\"https:\/\/radiolifefm.com.br\/noticias\/#\/schema\/logo\/image\/\",\"url\":\"https:\/\/static.radiolifefm.com.br\/noticias\/wp-content\/uploads\/2019\/10\/logo-lifefm.png\",\"contentUrl\":\"https:\/\/static.radiolifefm.com.br\/noticias\/wp-content\/uploads\/2019\/10\/logo-lifefm.png\",\"width\":196,\"height\":47,\"caption\":\"R\u00e1dio Life FM\"},\"image\":{\"@id\":\"https:\/\/radiolifefm.com.br\/noticias\/#\/schema\/logo\/image\/\"},\"sameAs\":[\"https:\/\/www.facebook.com\/radiolifefm\/\",\"https:\/\/www.instagram.com\/life1079fm\/\"]},{\"@type\":\"Person\",\"@id\":\"https:\/\/radiolifefm.com.br\/noticias\/#\/schema\/person\/6339b9fac59d12b071dec680d7375d87\",\"name\":\"ritanery\",\"image\":{\"@type\":\"ImageObject\",\"inLanguage\":\"pt-BR\",\"@id\":\"https:\/\/secure.gravatar.com\/avatar\/0e37bb19071f47c0b8a23f62a903df117c5a0e75f65a0c2901562f97cd41cf86?s=96&d=mm&r=g\",\"url\":\"https:\/\/secure.gravatar.com\/avatar\/0e37bb19071f47c0b8a23f62a903df117c5a0e75f65a0c2901562f97cd41cf86?s=96&d=mm&r=g\",\"contentUrl\":\"https:\/\/secure.gravatar.com\/avatar\/0e37bb19071f47c0b8a23f62a903df117c5a0e75f65a0c2901562f97cd41cf86?s=96&d=mm&r=g\",\"caption\":\"ritanery\"}}]}<\/script>\n<!-- \/ Yoast SEO plugin. -->","yoast_head_json":{"title":"IPVA 2026: calend\u00e1rio de pagamento come\u00e7a nesta segunda (12) - R\u00e1dio Life FM","robots":{"index":"index","follow":"follow","max-snippet":"max-snippet:-1","max-image-preview":"max-image-preview:large","max-video-preview":"max-video-preview:-1"},"canonical":"https:\/\/radiolifefm.com.br\/noticias\/ipva-2026-calendario-de-pagamento-comeca-nesta-segunda-12\/","og_locale":"pt_BR","og_type":"article","og_title":"IPVA 2026: calend\u00e1rio de pagamento come\u00e7a nesta segunda (12) - R\u00e1dio Life FM","og_description":"Come\u00e7a nesta segunda-feira (12) o calend\u00e1rio de pagamento do Imposto sobre a Propriedade de Ve\u00edculos Automotores (IPVA) no estado de S\u00e3o Paulo. Os propriet\u00e1rios de ve\u00edculos com final de placa 1 t\u00eam at\u00e9 esta segunda para quitar a cota \u00fanica, com desconto de 3%, ou a primeira parcela do Imposto sobre a Propriedade de Ve\u00edculos [&hellip;]","og_url":"https:\/\/radiolifefm.com.br\/noticias\/ipva-2026-calendario-de-pagamento-comeca-nesta-segunda-12\/","og_site_name":"R\u00e1dio Life FM","article_publisher":"https:\/\/www.facebook.com\/radiolifefm\/","article_published_time":"2026-01-11T20:24:45+00:00","article_modified_time":"2026-04-16T17:44:23+00:00","og_image":[{"width":1024,"height":652,"url":"https:\/\/radiolifefm.com.br\/noticias\/wp-content\/uploads\/2026\/01\/Licenciamento-1024x652-1.png","type":"image\/png"}],"author":"ritanery","twitter_card":"summary_large_image","twitter_misc":{"Escrito por":"ritanery","Est. tempo de leitura":"5 minutos"},"schema":{"@context":"https:\/\/schema.org","@graph":[{"@type":"Article","@id":"https:\/\/radiolifefm.com.br\/noticias\/ipva-2026-calendario-de-pagamento-comeca-nesta-segunda-12\/#article","isPartOf":{"@id":"https:\/\/radiolifefm.com.br\/noticias\/ipva-2026-calendario-de-pagamento-comeca-nesta-segunda-12\/"},"author":{"name":"ritanery","@id":"https:\/\/radiolifefm.com.br\/noticias\/#\/schema\/person\/6339b9fac59d12b071dec680d7375d87"},"headline":"IPVA 2026: calend\u00e1rio de pagamento come\u00e7a nesta segunda (12)","datePublished":"2026-01-11T20:24:45+00:00","dateModified":"2026-04-16T17:44:23+00:00","mainEntityOfPage":{"@id":"https:\/\/radiolifefm.com.br\/noticias\/ipva-2026-calendario-de-pagamento-comeca-nesta-segunda-12\/"},"wordCount":837,"publisher":{"@id":"https:\/\/radiolifefm.com.br\/noticias\/#organization"},"image":{"@id":"https:\/\/radiolifefm.com.br\/noticias\/ipva-2026-calendario-de-pagamento-comeca-nesta-segunda-12\/#primaryimage"},"thumbnailUrl":"https:\/\/radiolifefm.com.br\/noticias\/wp-content\/uploads\/2026\/01\/Licenciamento-1024x652-1.png","articleSection":["Tr\u00e2nsito"],"inLanguage":"pt-BR"},{"@type":"WebPage","@id":"https:\/\/radiolifefm.com.br\/noticias\/ipva-2026-calendario-de-pagamento-comeca-nesta-segunda-12\/","url":"https:\/\/radiolifefm.com.br\/noticias\/ipva-2026-calendario-de-pagamento-comeca-nesta-segunda-12\/","name":"IPVA 2026: calend\u00e1rio de pagamento come\u00e7a nesta segunda (12) - R\u00e1dio Life FM","isPartOf":{"@id":"https:\/\/radiolifefm.com.br\/noticias\/#website"},"primaryImageOfPage":{"@id":"https:\/\/radiolifefm.com.br\/noticias\/ipva-2026-calendario-de-pagamento-comeca-nesta-segunda-12\/#primaryimage"},"image":{"@id":"https:\/\/radiolifefm.com.br\/noticias\/ipva-2026-calendario-de-pagamento-comeca-nesta-segunda-12\/#primaryimage"},"thumbnailUrl":"https:\/\/radiolifefm.com.br\/noticias\/wp-content\/uploads\/2026\/01\/Licenciamento-1024x652-1.png","datePublished":"2026-01-11T20:24:45+00:00","dateModified":"2026-04-16T17:44:23+00:00","breadcrumb":{"@id":"https:\/\/radiolifefm.com.br\/noticias\/ipva-2026-calendario-de-pagamento-comeca-nesta-segunda-12\/#breadcrumb"},"inLanguage":"pt-BR","potentialAction":[{"@type":"ReadAction","target":["https:\/\/radiolifefm.com.br\/noticias\/ipva-2026-calendario-de-pagamento-comeca-nesta-segunda-12\/"]}]},{"@type":"ImageObject","inLanguage":"pt-BR","@id":"https:\/\/radiolifefm.com.br\/noticias\/ipva-2026-calendario-de-pagamento-comeca-nesta-segunda-12\/#primaryimage","url":"https:\/\/radiolifefm.com.br\/noticias\/wp-content\/uploads\/2026\/01\/Licenciamento-1024x652-1.png","contentUrl":"https:\/\/radiolifefm.com.br\/noticias\/wp-content\/uploads\/2026\/01\/Licenciamento-1024x652-1.png","width":1024,"height":652,"caption":"O pagamento segue o final da placa do ve\u00edculo e pode ser feito \u00e0 vista, com desconto de 3%, ou parcelado em at\u00e9 5 vezes, de acordo com o valor do imposto devido"},{"@type":"BreadcrumbList","@id":"https:\/\/radiolifefm.com.br\/noticias\/ipva-2026-calendario-de-pagamento-comeca-nesta-segunda-12\/#breadcrumb","itemListElement":[{"@type":"ListItem","position":1,"name":"In\u00edcio","item":"https:\/\/radiolifefm.com.br\/noticias\/"},{"@type":"ListItem","position":2,"name":"IPVA 2026: calend\u00e1rio de pagamento come\u00e7a nesta segunda (12)"}]},{"@type":"WebSite","@id":"https:\/\/radiolifefm.com.br\/noticias\/#website","url":"https:\/\/radiolifefm.com.br\/noticias\/","name":"R\u00e1dio Life FM","description":"O Portal de Not\u00edcias de Adamantina","publisher":{"@id":"https:\/\/radiolifefm.com.br\/noticias\/#organization"},"alternateName":"Life FM","potentialAction":[{"@type":"SearchAction","target":{"@type":"EntryPoint","urlTemplate":"https:\/\/radiolifefm.com.br\/noticias\/?s={search_term_string}"},"query-input":{"@type":"PropertyValueSpecification","valueRequired":true,"valueName":"search_term_string"}}],"inLanguage":"pt-BR"},{"@type":"Organization","@id":"https:\/\/radiolifefm.com.br\/noticias\/#organization","name":"R\u00e1dio Life FM","alternateName":"Life FM","url":"https:\/\/radiolifefm.com.br\/noticias\/","logo":{"@type":"ImageObject","inLanguage":"pt-BR","@id":"https:\/\/radiolifefm.com.br\/noticias\/#\/schema\/logo\/image\/","url":"https:\/\/static.radiolifefm.com.br\/noticias\/wp-content\/uploads\/2019\/10\/logo-lifefm.png","contentUrl":"https:\/\/static.radiolifefm.com.br\/noticias\/wp-content\/uploads\/2019\/10\/logo-lifefm.png","width":196,"height":47,"caption":"R\u00e1dio Life FM"},"image":{"@id":"https:\/\/radiolifefm.com.br\/noticias\/#\/schema\/logo\/image\/"},"sameAs":["https:\/\/www.facebook.com\/radiolifefm\/","https:\/\/www.instagram.com\/life1079fm\/"]},{"@type":"Person","@id":"https:\/\/radiolifefm.com.br\/noticias\/#\/schema\/person\/6339b9fac59d12b071dec680d7375d87","name":"ritanery","image":{"@type":"ImageObject","inLanguage":"pt-BR","@id":"https:\/\/secure.gravatar.com\/avatar\/0e37bb19071f47c0b8a23f62a903df117c5a0e75f65a0c2901562f97cd41cf86?s=96&d=mm&r=g","url":"https:\/\/secure.gravatar.com\/avatar\/0e37bb19071f47c0b8a23f62a903df117c5a0e75f65a0c2901562f97cd41cf86?s=96&d=mm&r=g","contentUrl":"https:\/\/secure.gravatar.com\/avatar\/0e37bb19071f47c0b8a23f62a903df117c5a0e75f65a0c2901562f97cd41cf86?s=96&d=mm&r=g","caption":"ritanery"}}]}},"amp_enabled":true,"_links":{"self":[{"href":"https:\/\/radiolifefm.com.br\/noticias\/wp-json\/wp\/v2\/posts\/109674","targetHints":{"allow":["GET"]}}],"collection":[{"href":"https:\/\/radiolifefm.com.br\/noticias\/wp-json\/wp\/v2\/posts"}],"about":[{"href":"https:\/\/radiolifefm.com.br\/noticias\/wp-json\/wp\/v2\/types\/post"}],"author":[{"embeddable":true,"href":"https:\/\/radiolifefm.com.br\/noticias\/wp-json\/wp\/v2\/users\/13"}],"replies":[{"embeddable":true,"href":"https:\/\/radiolifefm.com.br\/noticias\/wp-json\/wp\/v2\/comments?post=109674"}],"version-history":[{"count":1,"href":"https:\/\/radiolifefm.com.br\/noticias\/wp-json\/wp\/v2\/posts\/109674\/revisions"}],"predecessor-version":[{"id":109678,"href":"https:\/\/radiolifefm.com.br\/noticias\/wp-json\/wp\/v2\/posts\/109674\/revisions\/109678"}],"wp:featuredmedia":[{"embeddable":true,"href":"https:\/\/radiolifefm.com.br\/noticias\/wp-json\/wp\/v2\/media\/109677"}],"wp:attachment":[{"href":"https:\/\/radiolifefm.com.br\/noticias\/wp-json\/wp\/v2\/media?parent=109674"}],"wp:term":[{"taxonomy":"category","embeddable":true,"href":"https:\/\/radiolifefm.com.br\/noticias\/wp-json\/wp\/v2\/categories?post=109674"},{"taxonomy":"post_tag","embeddable":true,"href":"https:\/\/radiolifefm.com.br\/noticias\/wp-json\/wp\/v2\/tags?post=109674"}],"curies":[{"name":"wp","href":"https:\/\/api.w.org\/{rel}","templated":true}]}}