{"id":109365,"date":"2026-01-03T10:59:09","date_gmt":"2026-01-03T13:59:09","guid":{"rendered":"https:\/\/radiolifefm.com.br\/noticias\/?p=109365"},"modified":"2026-04-19T22:05:57","modified_gmt":"2026-04-20T01:05:57","slug":"lembrancas-da-rua-21-de-abril-vila-margarida-ourinhos-sp","status":"publish","type":"post","link":"https:\/\/radiolifefm.com.br\/noticias\/lembrancas-da-rua-21-de-abril-vila-margarida-ourinhos-sp\/","title":{"rendered":"LEMBRAN\u00c7AS DA RUA 21 DE ABRIL, VILA MARGARIDA, OURINHOS-SP&#8230;"},"content":{"rendered":"<div id=\"fb-root\"><\/div>\n<p><strong><em>\u201cA inf\u00e2ncia deve ser um tempo de brincadeira, pois \u00e9 brincando que as crian\u00e7as t\u00eam suas primeiras li\u00e7\u00f5es na vida.\u201d<\/em><\/strong><\/p>\n<p><strong><em>seb@r.<\/em><\/strong><\/p>\n<p>\u201cQuando eu era crian\u00e7a pequena\u201d (*) em OURINHOS, se estou bem lembrado aqui com a minha mem\u00f3ria, foi um tempo com muitas brincadeiras nas ruas pr\u00f3ximas onde em morava, ou seja, na RUA 21 DE ABRIL, 429, VILA MARGARIDA&#8230;<\/p>\n<p>Existiam alguns campinhos nas imedia\u00e7\u00f5es para um \u201cjoguinho de bola\u201d e aproveita-se a rua para muitas divers\u00f5es, entre as quais: BETIS, BOLINHA, SALVA, PIQUE LATINHA e muitas outras brincadeiras com a turma de sempre&#8230;<\/p>\n<p>Foram dias mais do que felizes, \u201cquando tudo era apenas uma brincadeira\u201d como cantou o poeta do outro tempo, neste caso, a letra est\u00e1 relacionada com um \u201camor perdido\u201d, mesmo assim, pode-se aproveitar a frase para este cen\u00e1rio quando as crian\u00e7as andavam descal\u00e7as sem \u201cmedo de ser feliz\u201d&#8230;<\/p>\n<p>Remexendo aqui e ali com a mem\u00f3ria, as lembran\u00e7as trazem alguns colegas daquele tempo, por exemplo, o \u201cChiquinho\u201d que morava na mesma RUA 21 DE ABRIL, o \u201cMarrec\u00e3o\u201d que residia uma rua abaixo e tanto outro que se perderam neste tempo novo tempo&#8230;<\/p>\n<p>N\u00e3o posso esquecer-me dos meus primos e primas que residiam na mesma rua, ainda, o mais interessante era que todos moravam do mesmo lado, dependendo da dire\u00e7\u00e3o, poderia ser \u00e0 esquerda ou direita deste ou daquele sentido&#8230;<\/p>\n<p>Por exemplo, no n\u00famero 365, a fam\u00edlia do meu TIO NEGO E TIA NAIM com os primos, LUIZ CARL\u00c3O, NEUZA MARIA, LIDIA e no apagar das luzes, a MARIZA&#8230; do lado, no n\u00famero 375, o \u201cV\u00d4 ANTONHO E V\u00d3 JULIA OU TIA JULIA\u201d, com os TIOS N\u00c9RSINHO E LOURDES, al\u00e9m dos primos AROLDO, TONINHO, ANA J\u00daLIA e na raspa do tacho, o BI&#8230;<\/p>\n<p>Na realidade as\u00a0 desaven\u00e7as entre os primos sempre estavam ocorrendo por causa de alguma coisa, por\u00e9m, os TIOS E TIAS quase nunca se envolviam nestes desencontros familiares, assim, a vida continuava sem mais e sem menos naquele outro tempo do tempo&#8230;<\/p>\n<p>Ah! Estava esquecendo, no cruzamento e mais acima, na RUA 14 DE JULHO, moravam a TIA NEUZA E TIO \u00c9DIO (VINTE) com os primos, REINALDO, RICARDO E ROSANA, estes com idades mais novas e, portanto, quase nunca estavam nas nossas brincadeiras de crian\u00e7a pequena em Ourinhos&#8230;<\/p>\n<p>N\u00e3o se pode esquecer que todos os meninos brincavam quase sempre juntos, enquanto as meninas, pra variar, naquele tempo do tempo, ficavam com suas brincadeiras de sempre&#8230;<\/p>\n<p>O mais legal neste tempo, creio eu, eram as correrias por causa disto ou daquilo, ou seja, tudo era motivo pra correr de um lado para o outro, todavia, com muitos tombos pelo caminho e muitos arranh\u00f5es que eram alvos do famigerado \u201cIodo\u201d, se tivesse sorte, de um \u201cmerc\u00fario\u201d e bola pra frente&#8230;<\/p>\n<p>O que se pode trazer desta \u00e9poca s\u00e3o estas e outras recorda\u00e7\u00f5es para um olhar diferenciado neste tempo novo, por\u00e9m, como sempre, torna-se necess\u00e1rio voltar a ser crian\u00e7a para que as inoc\u00eancias desses dias prevale\u00e7am sobre a realidade atual&#8230;<\/p>\n<p>QUEM SOBREVIVER VAI SABER&#8230;<\/p>\n<p>&nbsp;<\/p>\n<p><strong>e-mail: <\/strong><a href=\"mailto:barbosa.sebar@gmail.com\"><strong>barbosa.sebar@gmail.com<\/strong><\/a><\/p>\n","protected":false},"excerpt":{"rendered":"<p>\u201cA inf\u00e2ncia deve ser um tempo de brincadeira, pois \u00e9 brincando que as crian\u00e7as t\u00eam suas primeiras li\u00e7\u00f5es na vida.\u201d seb@r. \u201cQuando eu era crian\u00e7a pequena\u201d (*) em OURINHOS, se estou bem lembrado aqui com a minha mem\u00f3ria, foi um tempo com muitas brincadeiras nas ruas pr\u00f3ximas onde em morava, ou seja, na RUA 21 [&hellip;]<\/p>\n","protected":false},"author":8,"featured_media":109366,"comment_status":"closed","ping_status":"open","sticky":false,"template":"","format":"standard","meta":{"_acf_changed":false,"_exactmetrics_skip_tracking":false,"_exactmetrics_sitenote_active":false,"_exactmetrics_sitenote_note":"","_exactmetrics_sitenote_category":0,"footnotes":""},"categories":[59],"tags":[],"class_list":["post-109365","post","type-post","status-publish","format-standard","has-post-thumbnail","hentry","category-opiniao"],"acf":[],"yoast_head":"<!-- This site is optimized with the Yoast SEO plugin v27.2 - https:\/\/yoast.com\/product\/yoast-seo-wordpress\/ -->\n<title>LEMBRAN\u00c7AS DA RUA 21 DE ABRIL, VILA MARGARIDA, OURINHOS-SP... - R\u00e1dio Life FM<\/title>\n<meta name=\"robots\" content=\"index, follow, max-snippet:-1, max-image-preview:large, max-video-preview:-1\" \/>\n<link rel=\"canonical\" href=\"https:\/\/radiolifefm.com.br\/noticias\/lembrancas-da-rua-21-de-abril-vila-margarida-ourinhos-sp\/\" \/>\n<meta property=\"og:locale\" content=\"pt_BR\" \/>\n<meta property=\"og:type\" content=\"article\" \/>\n<meta property=\"og:title\" content=\"LEMBRAN\u00c7AS DA RUA 21 DE ABRIL, VILA MARGARIDA, OURINHOS-SP... - R\u00e1dio Life FM\" \/>\n<meta property=\"og:description\" content=\"\u201cA inf\u00e2ncia deve ser um tempo de brincadeira, pois \u00e9 brincando que as crian\u00e7as t\u00eam suas primeiras li\u00e7\u00f5es na vida.\u201d seb@r. \u201cQuando eu era crian\u00e7a pequena\u201d (*) em OURINHOS, se estou bem lembrado aqui com a minha mem\u00f3ria, foi um tempo com muitas brincadeiras nas ruas pr\u00f3ximas onde em morava, ou seja, na RUA 21 [&hellip;]\" \/>\n<meta property=\"og:url\" content=\"https:\/\/radiolifefm.com.br\/noticias\/lembrancas-da-rua-21-de-abril-vila-margarida-ourinhos-sp\/\" \/>\n<meta property=\"og:site_name\" content=\"R\u00e1dio Life FM\" \/>\n<meta property=\"article:publisher\" content=\"https:\/\/www.facebook.com\/radiolifefm\/\" \/>\n<meta property=\"article:published_time\" content=\"2026-01-03T13:59:09+00:00\" \/>\n<meta property=\"article:modified_time\" content=\"2026-04-20T01:05:57+00:00\" \/>\n<meta property=\"og:image\" content=\"https:\/\/radiolifefm.com.br\/noticias\/wp-content\/uploads\/2026\/01\/WhatsApp-Image-2022-04-10-at-18.43.02-1.jpeg\" \/>\n\t<meta property=\"og:image:width\" content=\"972\" \/>\n\t<meta property=\"og:image:height\" content=\"1296\" \/>\n\t<meta property=\"og:image:type\" content=\"image\/jpeg\" \/>\n<meta name=\"author\" content=\"joaograndao\" \/>\n<meta name=\"twitter:card\" content=\"summary_large_image\" \/>\n<meta name=\"twitter:label1\" content=\"Escrito por\" \/>\n\t<meta name=\"twitter:data1\" content=\"joaograndao\" \/>\n\t<meta name=\"twitter:label2\" content=\"Est. tempo de leitura\" \/>\n\t<meta name=\"twitter:data2\" content=\"3 minutos\" \/>\n<script type=\"application\/ld+json\" class=\"yoast-schema-graph\">{\"@context\":\"https:\/\/schema.org\",\"@graph\":[{\"@type\":\"Article\",\"@id\":\"https:\/\/radiolifefm.com.br\/noticias\/lembrancas-da-rua-21-de-abril-vila-margarida-ourinhos-sp\/#article\",\"isPartOf\":{\"@id\":\"https:\/\/radiolifefm.com.br\/noticias\/lembrancas-da-rua-21-de-abril-vila-margarida-ourinhos-sp\/\"},\"author\":{\"name\":\"joaograndao\",\"@id\":\"https:\/\/radiolifefm.com.br\/noticias\/#\/schema\/person\/6876e1240feffe6e1b63fd5cb85abf28\"},\"headline\":\"LEMBRAN\u00c7AS DA RUA 21 DE ABRIL, VILA MARGARIDA, OURINHOS-SP&#8230;\",\"datePublished\":\"2026-01-03T13:59:09+00:00\",\"dateModified\":\"2026-04-20T01:05:57+00:00\",\"mainEntityOfPage\":{\"@id\":\"https:\/\/radiolifefm.com.br\/noticias\/lembrancas-da-rua-21-de-abril-vila-margarida-ourinhos-sp\/\"},\"wordCount\":539,\"publisher\":{\"@id\":\"https:\/\/radiolifefm.com.br\/noticias\/#organization\"},\"image\":{\"@id\":\"https:\/\/radiolifefm.com.br\/noticias\/lembrancas-da-rua-21-de-abril-vila-margarida-ourinhos-sp\/#primaryimage\"},\"thumbnailUrl\":\"https:\/\/radiolifefm.com.br\/noticias\/wp-content\/uploads\/2026\/01\/WhatsApp-Image-2022-04-10-at-18.43.02-1.jpeg\",\"articleSection\":[\"Opini\u00e3o\"],\"inLanguage\":\"pt-BR\"},{\"@type\":\"WebPage\",\"@id\":\"https:\/\/radiolifefm.com.br\/noticias\/lembrancas-da-rua-21-de-abril-vila-margarida-ourinhos-sp\/\",\"url\":\"https:\/\/radiolifefm.com.br\/noticias\/lembrancas-da-rua-21-de-abril-vila-margarida-ourinhos-sp\/\",\"name\":\"LEMBRAN\u00c7AS DA RUA 21 DE ABRIL, VILA MARGARIDA, OURINHOS-SP... - R\u00e1dio Life FM\",\"isPartOf\":{\"@id\":\"https:\/\/radiolifefm.com.br\/noticias\/#website\"},\"primaryImageOfPage\":{\"@id\":\"https:\/\/radiolifefm.com.br\/noticias\/lembrancas-da-rua-21-de-abril-vila-margarida-ourinhos-sp\/#primaryimage\"},\"image\":{\"@id\":\"https:\/\/radiolifefm.com.br\/noticias\/lembrancas-da-rua-21-de-abril-vila-margarida-ourinhos-sp\/#primaryimage\"},\"thumbnailUrl\":\"https:\/\/radiolifefm.com.br\/noticias\/wp-content\/uploads\/2026\/01\/WhatsApp-Image-2022-04-10-at-18.43.02-1.jpeg\",\"datePublished\":\"2026-01-03T13:59:09+00:00\",\"dateModified\":\"2026-04-20T01:05:57+00:00\",\"breadcrumb\":{\"@id\":\"https:\/\/radiolifefm.com.br\/noticias\/lembrancas-da-rua-21-de-abril-vila-margarida-ourinhos-sp\/#breadcrumb\"},\"inLanguage\":\"pt-BR\",\"potentialAction\":[{\"@type\":\"ReadAction\",\"target\":[\"https:\/\/radiolifefm.com.br\/noticias\/lembrancas-da-rua-21-de-abril-vila-margarida-ourinhos-sp\/\"]}]},{\"@type\":\"ImageObject\",\"inLanguage\":\"pt-BR\",\"@id\":\"https:\/\/radiolifefm.com.br\/noticias\/lembrancas-da-rua-21-de-abril-vila-margarida-ourinhos-sp\/#primaryimage\",\"url\":\"https:\/\/radiolifefm.com.br\/noticias\/wp-content\/uploads\/2026\/01\/WhatsApp-Image-2022-04-10-at-18.43.02-1.jpeg\",\"contentUrl\":\"https:\/\/radiolifefm.com.br\/noticias\/wp-content\/uploads\/2026\/01\/WhatsApp-Image-2022-04-10-at-18.43.02-1.jpeg\",\"width\":972,\"height\":1296},{\"@type\":\"BreadcrumbList\",\"@id\":\"https:\/\/radiolifefm.com.br\/noticias\/lembrancas-da-rua-21-de-abril-vila-margarida-ourinhos-sp\/#breadcrumb\",\"itemListElement\":[{\"@type\":\"ListItem\",\"position\":1,\"name\":\"In\u00edcio\",\"item\":\"https:\/\/radiolifefm.com.br\/noticias\/\"},{\"@type\":\"ListItem\",\"position\":2,\"name\":\"LEMBRAN\u00c7AS DA RUA 21 DE ABRIL, VILA MARGARIDA, OURINHOS-SP&#8230;\"}]},{\"@type\":\"WebSite\",\"@id\":\"https:\/\/radiolifefm.com.br\/noticias\/#website\",\"url\":\"https:\/\/radiolifefm.com.br\/noticias\/\",\"name\":\"R\u00e1dio Life FM\",\"description\":\"O Portal de Not\u00edcias de Adamantina\",\"publisher\":{\"@id\":\"https:\/\/radiolifefm.com.br\/noticias\/#organization\"},\"alternateName\":\"Life FM\",\"potentialAction\":[{\"@type\":\"SearchAction\",\"target\":{\"@type\":\"EntryPoint\",\"urlTemplate\":\"https:\/\/radiolifefm.com.br\/noticias\/?s={search_term_string}\"},\"query-input\":{\"@type\":\"PropertyValueSpecification\",\"valueRequired\":true,\"valueName\":\"search_term_string\"}}],\"inLanguage\":\"pt-BR\"},{\"@type\":\"Organization\",\"@id\":\"https:\/\/radiolifefm.com.br\/noticias\/#organization\",\"name\":\"R\u00e1dio Life FM\",\"alternateName\":\"Life FM\",\"url\":\"https:\/\/radiolifefm.com.br\/noticias\/\",\"logo\":{\"@type\":\"ImageObject\",\"inLanguage\":\"pt-BR\",\"@id\":\"https:\/\/radiolifefm.com.br\/noticias\/#\/schema\/logo\/image\/\",\"url\":\"https:\/\/static.radiolifefm.com.br\/noticias\/wp-content\/uploads\/2019\/10\/logo-lifefm.png\",\"contentUrl\":\"https:\/\/static.radiolifefm.com.br\/noticias\/wp-content\/uploads\/2019\/10\/logo-lifefm.png\",\"width\":196,\"height\":47,\"caption\":\"R\u00e1dio Life FM\"},\"image\":{\"@id\":\"https:\/\/radiolifefm.com.br\/noticias\/#\/schema\/logo\/image\/\"},\"sameAs\":[\"https:\/\/www.facebook.com\/radiolifefm\/\",\"https:\/\/www.instagram.com\/life1079fm\/\"]},{\"@type\":\"Person\",\"@id\":\"https:\/\/radiolifefm.com.br\/noticias\/#\/schema\/person\/6876e1240feffe6e1b63fd5cb85abf28\",\"name\":\"joaograndao\",\"image\":{\"@type\":\"ImageObject\",\"inLanguage\":\"pt-BR\",\"@id\":\"https:\/\/secure.gravatar.com\/avatar\/d5b1a3cf357ed9c50404e256a1294083aa8ab5d2a994001567302786016cb32c?s=96&d=mm&r=g\",\"url\":\"https:\/\/secure.gravatar.com\/avatar\/d5b1a3cf357ed9c50404e256a1294083aa8ab5d2a994001567302786016cb32c?s=96&d=mm&r=g\",\"contentUrl\":\"https:\/\/secure.gravatar.com\/avatar\/d5b1a3cf357ed9c50404e256a1294083aa8ab5d2a994001567302786016cb32c?s=96&d=mm&r=g\",\"caption\":\"joaograndao\"}}]}<\/script>\n<!-- \/ Yoast SEO plugin. -->","yoast_head_json":{"title":"LEMBRAN\u00c7AS DA RUA 21 DE ABRIL, VILA MARGARIDA, OURINHOS-SP... - R\u00e1dio Life FM","robots":{"index":"index","follow":"follow","max-snippet":"max-snippet:-1","max-image-preview":"max-image-preview:large","max-video-preview":"max-video-preview:-1"},"canonical":"https:\/\/radiolifefm.com.br\/noticias\/lembrancas-da-rua-21-de-abril-vila-margarida-ourinhos-sp\/","og_locale":"pt_BR","og_type":"article","og_title":"LEMBRAN\u00c7AS DA RUA 21 DE ABRIL, VILA MARGARIDA, OURINHOS-SP... - R\u00e1dio Life FM","og_description":"\u201cA inf\u00e2ncia deve ser um tempo de brincadeira, pois \u00e9 brincando que as crian\u00e7as t\u00eam suas primeiras li\u00e7\u00f5es na vida.\u201d seb@r. \u201cQuando eu era crian\u00e7a pequena\u201d (*) em OURINHOS, se estou bem lembrado aqui com a minha mem\u00f3ria, foi um tempo com muitas brincadeiras nas ruas pr\u00f3ximas onde em morava, ou seja, na RUA 21 [&hellip;]","og_url":"https:\/\/radiolifefm.com.br\/noticias\/lembrancas-da-rua-21-de-abril-vila-margarida-ourinhos-sp\/","og_site_name":"R\u00e1dio Life FM","article_publisher":"https:\/\/www.facebook.com\/radiolifefm\/","article_published_time":"2026-01-03T13:59:09+00:00","article_modified_time":"2026-04-20T01:05:57+00:00","og_image":[{"width":972,"height":1296,"url":"https:\/\/radiolifefm.com.br\/noticias\/wp-content\/uploads\/2026\/01\/WhatsApp-Image-2022-04-10-at-18.43.02-1.jpeg","type":"image\/jpeg"}],"author":"joaograndao","twitter_card":"summary_large_image","twitter_misc":{"Escrito por":"joaograndao","Est. tempo de leitura":"3 minutos"},"schema":{"@context":"https:\/\/schema.org","@graph":[{"@type":"Article","@id":"https:\/\/radiolifefm.com.br\/noticias\/lembrancas-da-rua-21-de-abril-vila-margarida-ourinhos-sp\/#article","isPartOf":{"@id":"https:\/\/radiolifefm.com.br\/noticias\/lembrancas-da-rua-21-de-abril-vila-margarida-ourinhos-sp\/"},"author":{"name":"joaograndao","@id":"https:\/\/radiolifefm.com.br\/noticias\/#\/schema\/person\/6876e1240feffe6e1b63fd5cb85abf28"},"headline":"LEMBRAN\u00c7AS DA RUA 21 DE ABRIL, VILA MARGARIDA, OURINHOS-SP&#8230;","datePublished":"2026-01-03T13:59:09+00:00","dateModified":"2026-04-20T01:05:57+00:00","mainEntityOfPage":{"@id":"https:\/\/radiolifefm.com.br\/noticias\/lembrancas-da-rua-21-de-abril-vila-margarida-ourinhos-sp\/"},"wordCount":539,"publisher":{"@id":"https:\/\/radiolifefm.com.br\/noticias\/#organization"},"image":{"@id":"https:\/\/radiolifefm.com.br\/noticias\/lembrancas-da-rua-21-de-abril-vila-margarida-ourinhos-sp\/#primaryimage"},"thumbnailUrl":"https:\/\/radiolifefm.com.br\/noticias\/wp-content\/uploads\/2026\/01\/WhatsApp-Image-2022-04-10-at-18.43.02-1.jpeg","articleSection":["Opini\u00e3o"],"inLanguage":"pt-BR"},{"@type":"WebPage","@id":"https:\/\/radiolifefm.com.br\/noticias\/lembrancas-da-rua-21-de-abril-vila-margarida-ourinhos-sp\/","url":"https:\/\/radiolifefm.com.br\/noticias\/lembrancas-da-rua-21-de-abril-vila-margarida-ourinhos-sp\/","name":"LEMBRAN\u00c7AS DA RUA 21 DE ABRIL, VILA MARGARIDA, OURINHOS-SP... - R\u00e1dio Life FM","isPartOf":{"@id":"https:\/\/radiolifefm.com.br\/noticias\/#website"},"primaryImageOfPage":{"@id":"https:\/\/radiolifefm.com.br\/noticias\/lembrancas-da-rua-21-de-abril-vila-margarida-ourinhos-sp\/#primaryimage"},"image":{"@id":"https:\/\/radiolifefm.com.br\/noticias\/lembrancas-da-rua-21-de-abril-vila-margarida-ourinhos-sp\/#primaryimage"},"thumbnailUrl":"https:\/\/radiolifefm.com.br\/noticias\/wp-content\/uploads\/2026\/01\/WhatsApp-Image-2022-04-10-at-18.43.02-1.jpeg","datePublished":"2026-01-03T13:59:09+00:00","dateModified":"2026-04-20T01:05:57+00:00","breadcrumb":{"@id":"https:\/\/radiolifefm.com.br\/noticias\/lembrancas-da-rua-21-de-abril-vila-margarida-ourinhos-sp\/#breadcrumb"},"inLanguage":"pt-BR","potentialAction":[{"@type":"ReadAction","target":["https:\/\/radiolifefm.com.br\/noticias\/lembrancas-da-rua-21-de-abril-vila-margarida-ourinhos-sp\/"]}]},{"@type":"ImageObject","inLanguage":"pt-BR","@id":"https:\/\/radiolifefm.com.br\/noticias\/lembrancas-da-rua-21-de-abril-vila-margarida-ourinhos-sp\/#primaryimage","url":"https:\/\/radiolifefm.com.br\/noticias\/wp-content\/uploads\/2026\/01\/WhatsApp-Image-2022-04-10-at-18.43.02-1.jpeg","contentUrl":"https:\/\/radiolifefm.com.br\/noticias\/wp-content\/uploads\/2026\/01\/WhatsApp-Image-2022-04-10-at-18.43.02-1.jpeg","width":972,"height":1296},{"@type":"BreadcrumbList","@id":"https:\/\/radiolifefm.com.br\/noticias\/lembrancas-da-rua-21-de-abril-vila-margarida-ourinhos-sp\/#breadcrumb","itemListElement":[{"@type":"ListItem","position":1,"name":"In\u00edcio","item":"https:\/\/radiolifefm.com.br\/noticias\/"},{"@type":"ListItem","position":2,"name":"LEMBRAN\u00c7AS DA RUA 21 DE ABRIL, VILA MARGARIDA, OURINHOS-SP&#8230;"}]},{"@type":"WebSite","@id":"https:\/\/radiolifefm.com.br\/noticias\/#website","url":"https:\/\/radiolifefm.com.br\/noticias\/","name":"R\u00e1dio Life FM","description":"O Portal de Not\u00edcias de Adamantina","publisher":{"@id":"https:\/\/radiolifefm.com.br\/noticias\/#organization"},"alternateName":"Life FM","potentialAction":[{"@type":"SearchAction","target":{"@type":"EntryPoint","urlTemplate":"https:\/\/radiolifefm.com.br\/noticias\/?s={search_term_string}"},"query-input":{"@type":"PropertyValueSpecification","valueRequired":true,"valueName":"search_term_string"}}],"inLanguage":"pt-BR"},{"@type":"Organization","@id":"https:\/\/radiolifefm.com.br\/noticias\/#organization","name":"R\u00e1dio Life FM","alternateName":"Life FM","url":"https:\/\/radiolifefm.com.br\/noticias\/","logo":{"@type":"ImageObject","inLanguage":"pt-BR","@id":"https:\/\/radiolifefm.com.br\/noticias\/#\/schema\/logo\/image\/","url":"https:\/\/static.radiolifefm.com.br\/noticias\/wp-content\/uploads\/2019\/10\/logo-lifefm.png","contentUrl":"https:\/\/static.radiolifefm.com.br\/noticias\/wp-content\/uploads\/2019\/10\/logo-lifefm.png","width":196,"height":47,"caption":"R\u00e1dio Life FM"},"image":{"@id":"https:\/\/radiolifefm.com.br\/noticias\/#\/schema\/logo\/image\/"},"sameAs":["https:\/\/www.facebook.com\/radiolifefm\/","https:\/\/www.instagram.com\/life1079fm\/"]},{"@type":"Person","@id":"https:\/\/radiolifefm.com.br\/noticias\/#\/schema\/person\/6876e1240feffe6e1b63fd5cb85abf28","name":"joaograndao","image":{"@type":"ImageObject","inLanguage":"pt-BR","@id":"https:\/\/secure.gravatar.com\/avatar\/d5b1a3cf357ed9c50404e256a1294083aa8ab5d2a994001567302786016cb32c?s=96&d=mm&r=g","url":"https:\/\/secure.gravatar.com\/avatar\/d5b1a3cf357ed9c50404e256a1294083aa8ab5d2a994001567302786016cb32c?s=96&d=mm&r=g","contentUrl":"https:\/\/secure.gravatar.com\/avatar\/d5b1a3cf357ed9c50404e256a1294083aa8ab5d2a994001567302786016cb32c?s=96&d=mm&r=g","caption":"joaograndao"}}]}},"amp_enabled":true,"_links":{"self":[{"href":"https:\/\/radiolifefm.com.br\/noticias\/wp-json\/wp\/v2\/posts\/109365","targetHints":{"allow":["GET"]}}],"collection":[{"href":"https:\/\/radiolifefm.com.br\/noticias\/wp-json\/wp\/v2\/posts"}],"about":[{"href":"https:\/\/radiolifefm.com.br\/noticias\/wp-json\/wp\/v2\/types\/post"}],"author":[{"embeddable":true,"href":"https:\/\/radiolifefm.com.br\/noticias\/wp-json\/wp\/v2\/users\/8"}],"replies":[{"embeddable":true,"href":"https:\/\/radiolifefm.com.br\/noticias\/wp-json\/wp\/v2\/comments?post=109365"}],"version-history":[{"count":1,"href":"https:\/\/radiolifefm.com.br\/noticias\/wp-json\/wp\/v2\/posts\/109365\/revisions"}],"predecessor-version":[{"id":109367,"href":"https:\/\/radiolifefm.com.br\/noticias\/wp-json\/wp\/v2\/posts\/109365\/revisions\/109367"}],"wp:featuredmedia":[{"embeddable":true,"href":"https:\/\/radiolifefm.com.br\/noticias\/wp-json\/wp\/v2\/media\/109366"}],"wp:attachment":[{"href":"https:\/\/radiolifefm.com.br\/noticias\/wp-json\/wp\/v2\/media?parent=109365"}],"wp:term":[{"taxonomy":"category","embeddable":true,"href":"https:\/\/radiolifefm.com.br\/noticias\/wp-json\/wp\/v2\/categories?post=109365"},{"taxonomy":"post_tag","embeddable":true,"href":"https:\/\/radiolifefm.com.br\/noticias\/wp-json\/wp\/v2\/tags?post=109365"}],"curies":[{"name":"wp","href":"https:\/\/api.w.org\/{rel}","templated":true}]}}