{"id":109357,"date":"2026-01-02T21:41:41","date_gmt":"2026-01-03T00:41:41","guid":{"rendered":"https:\/\/radiolifefm.com.br\/noticias\/?p=109357"},"modified":"2026-04-24T11:32:38","modified_gmt":"2026-04-24T14:32:38","slug":"entenda-mudancas-na-aposentadoria-em-2026","status":"publish","type":"post","link":"https:\/\/radiolifefm.com.br\/noticias\/entenda-mudancas-na-aposentadoria-em-2026\/","title":{"rendered":"Entenda mudan\u00e7as na aposentadoria em 2026"},"content":{"rendered":"<div id=\"fb-root\"><\/div>\n<p data-start=\"0\" data-end=\"236\">Quem est\u00e1 pr\u00f3ximo de se aposentar deve ficar atento \u00e0s atualiza\u00e7\u00f5es nas regras. A reforma da Previd\u00eancia, aprovada em 2019, criou mecanismos autom\u00e1ticos de transi\u00e7\u00e3o que alteram, ano ap\u00f3s ano, os crit\u00e9rios para concess\u00e3o dos benef\u00edcios.<\/p>\n<p data-start=\"238\" data-end=\"377\">Em 2026, entram em vigor novas exig\u00eancias relacionadas \u00e0 aposentadoria por tempo de contribui\u00e7\u00e3o e por idade. Confira os principais pontos.<\/p>\n<h3 data-start=\"379\" data-end=\"422\">Aposentadoria por tempo de contribui\u00e7\u00e3o<\/h3>\n<p data-start=\"424\" data-end=\"537\">A reforma estabeleceu quatro regras de transi\u00e7\u00e3o, sendo que duas sofreram mudan\u00e7as na passagem de 2025 para 2026.<\/p>\n<p data-start=\"539\" data-end=\"811\">Na primeira regra, que segue o cronograma progressivo inspirado na antiga f\u00f3rmula 86\/96, houve aumento na pontua\u00e7\u00e3o exigida \u2014 resultado da soma entre idade e tempo de contribui\u00e7\u00e3o. Desde janeiro, passaram a ser necess\u00e1rios 93 pontos para mulheres e 103 pontos para homens.<\/p>\n<p data-start=\"813\" data-end=\"1152\">Para os servidores p\u00fablicos, aplica-se o mesmo sistema de pontua\u00e7\u00e3o, por\u00e9m com requisitos adicionais: homens precisam ter 62 anos de idade e 35 anos de contribui\u00e7\u00e3o; mulheres, 57 anos de idade e 30 anos de contribui\u00e7\u00e3o. Tamb\u00e9m \u00e9 obrigat\u00f3rio cumprir ao menos 20 anos no servi\u00e7o p\u00fablico e cinco anos no cargo em que ocorrer\u00e1 a aposentadoria.<\/p>\n<p data-start=\"1154\" data-end=\"1643\">Na segunda regra de transi\u00e7\u00e3o, destinada a quem possui longo tempo de contribui\u00e7\u00e3o, mas ainda n\u00e3o atingiu a pontua\u00e7\u00e3o, a idade m\u00ednima foi novamente ajustada. Agora, \u00e9 exigida idade m\u00ednima de 59 anos e meio para mulheres e 64 anos e meio para homens. A cada ano, s\u00e3o acrescentados seis meses at\u00e9 que se atinja o limite de 62 anos para mulheres e 65 anos para homens, previsto para 2031. Nessa modalidade, permanece a exig\u00eancia de 30 anos de contribui\u00e7\u00e3o para mulheres e 35 anos para homens.<\/p>\n<h3 data-start=\"1645\" data-end=\"1660\">Professores<\/h3>\n<p data-start=\"1662\" data-end=\"2072\">No caso dos professores, que seguem regra espec\u00edfica de transi\u00e7\u00e3o baseada na soma da idade com o tempo de efetivo exerc\u00edcio no magist\u00e9rio, tamb\u00e9m houve atualiza\u00e7\u00e3o. As professoras podem se aposentar aos 54 anos e meio, enquanto os professores precisam ter 59 anos e meio. Assim como nas demais regras, a idade m\u00ednima aumenta seis meses por ano at\u00e9 alcan\u00e7ar 57 anos para mulheres e 60 anos para homens, em 2031.<\/p>\n<p data-start=\"2074\" data-end=\"2445\" data-is-last-node=\"\" data-is-only-node=\"\">O tempo m\u00ednimo de contribui\u00e7\u00e3o para aposentadoria como professor \u00e9 de 25 anos para mulheres e 30 anos para homens. Essa regra se aplica aos profissionais da rede privada, das institui\u00e7\u00f5es federais de ensino e de munic\u00edpios de pequeno porte. J\u00e1 os docentes estaduais e de grandes munic\u00edpios seguem as normas estabelecidas pelos respectivos regimes pr\u00f3prios de previd\u00eancia.<\/p>\n<h2>Aposentadoria por idade<\/h2>\n<p>Desde 2023, est\u00e1 plenamente em vigor a regra para a aposentadoria por idade, destinada a trabalhadores de baixa renda que contribu\u00edram pouco para a Previd\u00eancia Social e se aposentariam por idade na regra antiga.<\/p>\n<p><strong>Para homens, a idade m\u00ednima est\u00e1 fixada em 65 anos desde 2019. Para as mulheres, a idade de transi\u00e7\u00e3o est\u00e1 em 62 anos desde 2023.<\/strong>\u00a0Para ambos os sexos,<strong>\u00a0o tempo m\u00ednimo de contribui\u00e7\u00e3o exigido para se aposentar por idade est\u00e1 em 15 anos.<\/strong><\/p>\n<p>Na promulga\u00e7\u00e3o da reforma da Previd\u00eancia, em novembro de 2019, a idade m\u00ednima para as mulheres estava em 60 anos, passando a aumentar seis meses por ano nos quatro anos seguintes. Subiu para 60 anos e meio em janeiro de 2020, para 61 anos em janeiro de 2021, 61 anos e meio em 2022 e 62 anos em 2023.<\/p>\n<h2>Simula\u00e7\u00f5es<\/h2>\n<p>O Instituto Nacional do Seguro Social (INSS) permite simula\u00e7\u00f5es da aposentadoria no computador e no celular.<\/p>\n<p><strong>Simula\u00e7\u00e3o no computador<\/strong><\/p>\n<ul>\n<li>Entre no\u00a0<em>site<\/em>\u00a0<a href=\"http:\/\/meu.inss.gov.br\/\" target=\"_blank\" rel=\"noopener\">meu.inss.gov.br<\/a>\u00a0e digite seu CPF e senha. Caso n\u00e3o tenha senha, cadastre uma;<\/li>\n<li>V\u00e1 em &#8220;Servi\u00e7os&#8221; e clique em &#8220;Simular Aposentadoria&#8221;;<\/li>\n<li>Confira as informa\u00e7\u00f5es que aparecer\u00e3o na tela. O\u00a0<em>site<\/em>\u00a0vai mostrar sua idade, sexo e tempo de contribui\u00e7\u00e3o, al\u00e9m de quanto tempo falta para aposentadoria, segundo cada uma das regras em vigor.<\/li>\n<\/ul>\n<p><strong>Simula\u00e7\u00e3o no celular<\/strong><\/p>\n<ul>\n<li>Baixe o aplicativo Meu INSS (dispon\u00edvel para Android e iOS);<\/li>\n<li>Se necess\u00e1rio, clique no bot\u00e3o &#8220;Entrar com gov.br&#8221; e digite seu CPF e senha. Caso n\u00e3o tenha senha, cadastre uma;<\/li>\n<li>Abra o menu lateral (na parte superior esquerda) e clique em &#8220;Simular Aposentadoria&#8221;;<\/li>\n<li>Cheque as informa\u00e7\u00f5es que aparecer\u00e3o na tela. O<em>\u00a0site<\/em>\u00a0vai mostrar sua idade, sexo e tempo de contribui\u00e7\u00e3o, al\u00e9m de quanto tempo falta para a aposentadoria, conforme as regras em vigor;<\/li>\n<li>Caso precise corrigir algum dado pessoal basta clicar no \u00edcone de l\u00e1pis (\u00e0 direita).<\/li>\n<\/ul>\n<p>O segurado pode salvar o documento com todos os dados das simula\u00e7\u00f5es. Basta clicar em &#8220;Baixar PDF&#8221;.<\/p>\n<h2>Regras de transi\u00e7\u00e3o j\u00e1 cumpridas<\/h2>\n<p>Por j\u00e1 ter sido cumprida, a regra do ped\u00e1gio de 100% sobre o tempo de contribui\u00e7\u00e3o n\u00e3o mudar\u00e1 no setor privado. Quem tem mais de 57 anos de idade e 30 anos de contribui\u00e7\u00e3o (mulheres) ou 60 anos de idade e 35 anos de contribui\u00e7\u00e3o (homens) pode se aposentar. A regra estabelecia que o segurado tinha de cumprir o dobro do per\u00edodo que faltava para se aposentar na promulga\u00e7\u00e3o da reforma, em 2019.<\/p>\n<p>No servi\u00e7o p\u00fablico, o ped\u00e1gio tamb\u00e9m foi cumprido. Al\u00e9m da idade e do tempo de contribui\u00e7\u00e3o m\u00ednimos exigidos dos trabalhadores da iniciativa privada, \u00e9 necess\u00e1rio ter 20 anos de servi\u00e7o p\u00fablico e cinco anos no cargo.<\/p>\n<p>A reforma tinha outra regra de ped\u00e1gio, desta vez para o setor privado. Quem estava a at\u00e9 dois anos da aposentadoria em 2019 tinha de cumprir 50% a mais em rela\u00e7\u00e3o ao tempo que faltava para se aposentar. No entanto, essa regra de transi\u00e7\u00e3o foi integralmente cumprida e n\u00e3o beneficiar\u00e1 mais ningu\u00e9m em 2026.<\/p>\n<p>No cen\u00e1rio mais abrangente, quem trabalharia por mais dois anos em 2019 teve de trabalhar um ano extra, totalizando tr\u00eas anos. No fim de 2022, todos os que estavam enquadrados na regra do ped\u00e1gio de 50% j\u00e1 se aposentaram.<\/p>\n<p>&nbsp;<\/p>\n<p>&nbsp;<\/p>\n<p>Por Rita Nery, com informa\u00e7\u00f5es da Ag\u00eancia Brasil<\/p>\n","protected":false},"excerpt":{"rendered":"<p>Quem est\u00e1 pr\u00f3ximo de se aposentar deve ficar atento \u00e0s atualiza\u00e7\u00f5es nas regras. A reforma da Previd\u00eancia, aprovada em 2019, criou mecanismos autom\u00e1ticos de transi\u00e7\u00e3o que alteram, ano ap\u00f3s ano, os crit\u00e9rios para concess\u00e3o dos benef\u00edcios. Em 2026, entram em vigor novas exig\u00eancias relacionadas \u00e0 aposentadoria por tempo de contribui\u00e7\u00e3o e por idade. Confira os [&hellip;]<\/p>\n","protected":false},"author":13,"featured_media":109358,"comment_status":"closed","ping_status":"open","sticky":false,"template":"","format":"standard","meta":{"_acf_changed":false,"_exactmetrics_skip_tracking":false,"_exactmetrics_sitenote_active":false,"_exactmetrics_sitenote_note":"","_exactmetrics_sitenote_category":0,"footnotes":""},"categories":[1],"tags":[],"class_list":["post-109357","post","type-post","status-publish","format-standard","has-post-thumbnail","hentry","category-geral"],"acf":[],"yoast_head":"<!-- This site is optimized with the Yoast SEO plugin v27.2 - https:\/\/yoast.com\/product\/yoast-seo-wordpress\/ -->\n<title>Entenda mudan\u00e7as na aposentadoria em 2026 - R\u00e1dio Life FM<\/title>\n<meta name=\"robots\" content=\"index, follow, max-snippet:-1, max-image-preview:large, max-video-preview:-1\" \/>\n<link rel=\"canonical\" href=\"https:\/\/radiolifefm.com.br\/noticias\/entenda-mudancas-na-aposentadoria-em-2026\/\" \/>\n<meta property=\"og:locale\" content=\"pt_BR\" \/>\n<meta property=\"og:type\" content=\"article\" \/>\n<meta property=\"og:title\" content=\"Entenda mudan\u00e7as na aposentadoria em 2026 - R\u00e1dio Life FM\" \/>\n<meta property=\"og:description\" content=\"Quem est\u00e1 pr\u00f3ximo de se aposentar deve ficar atento \u00e0s atualiza\u00e7\u00f5es nas regras. A reforma da Previd\u00eancia, aprovada em 2019, criou mecanismos autom\u00e1ticos de transi\u00e7\u00e3o que alteram, ano ap\u00f3s ano, os crit\u00e9rios para concess\u00e3o dos benef\u00edcios. Em 2026, entram em vigor novas exig\u00eancias relacionadas \u00e0 aposentadoria por tempo de contribui\u00e7\u00e3o e por idade. Confira os [&hellip;]\" \/>\n<meta property=\"og:url\" content=\"https:\/\/radiolifefm.com.br\/noticias\/entenda-mudancas-na-aposentadoria-em-2026\/\" \/>\n<meta property=\"og:site_name\" content=\"R\u00e1dio Life FM\" \/>\n<meta property=\"article:publisher\" content=\"https:\/\/www.facebook.com\/radiolifefm\/\" \/>\n<meta property=\"article:published_time\" content=\"2026-01-03T00:41:41+00:00\" \/>\n<meta property=\"article:modified_time\" content=\"2026-04-24T14:32:38+00:00\" \/>\n<meta property=\"og:image\" content=\"https:\/\/radiolifefm.com.br\/noticias\/wp-content\/uploads\/2026\/01\/cats-1.jpg\" \/>\n\t<meta property=\"og:image:width\" content=\"1170\" \/>\n\t<meta property=\"og:image:height\" content=\"700\" \/>\n\t<meta property=\"og:image:type\" content=\"image\/jpeg\" \/>\n<meta name=\"author\" content=\"ritanery\" \/>\n<meta name=\"twitter:card\" content=\"summary_large_image\" \/>\n<meta name=\"twitter:label1\" content=\"Escrito por\" \/>\n\t<meta name=\"twitter:data1\" content=\"ritanery\" \/>\n\t<meta name=\"twitter:label2\" content=\"Est. tempo de leitura\" \/>\n\t<meta name=\"twitter:data2\" content=\"6 minutos\" \/>\n<script type=\"application\/ld+json\" class=\"yoast-schema-graph\">{\"@context\":\"https:\/\/schema.org\",\"@graph\":[{\"@type\":\"Article\",\"@id\":\"https:\/\/radiolifefm.com.br\/noticias\/entenda-mudancas-na-aposentadoria-em-2026\/#article\",\"isPartOf\":{\"@id\":\"https:\/\/radiolifefm.com.br\/noticias\/entenda-mudancas-na-aposentadoria-em-2026\/\"},\"author\":{\"name\":\"ritanery\",\"@id\":\"https:\/\/radiolifefm.com.br\/noticias\/#\/schema\/person\/6339b9fac59d12b071dec680d7375d87\"},\"headline\":\"Entenda mudan\u00e7as na aposentadoria em 2026\",\"datePublished\":\"2026-01-03T00:41:41+00:00\",\"dateModified\":\"2026-04-24T14:32:38+00:00\",\"mainEntityOfPage\":{\"@id\":\"https:\/\/radiolifefm.com.br\/noticias\/entenda-mudancas-na-aposentadoria-em-2026\/\"},\"wordCount\":994,\"publisher\":{\"@id\":\"https:\/\/radiolifefm.com.br\/noticias\/#organization\"},\"image\":{\"@id\":\"https:\/\/radiolifefm.com.br\/noticias\/entenda-mudancas-na-aposentadoria-em-2026\/#primaryimage\"},\"thumbnailUrl\":\"https:\/\/radiolifefm.com.br\/noticias\/wp-content\/uploads\/2026\/01\/cats-1.jpg\",\"articleSection\":[\"Geral\"],\"inLanguage\":\"pt-BR\"},{\"@type\":\"WebPage\",\"@id\":\"https:\/\/radiolifefm.com.br\/noticias\/entenda-mudancas-na-aposentadoria-em-2026\/\",\"url\":\"https:\/\/radiolifefm.com.br\/noticias\/entenda-mudancas-na-aposentadoria-em-2026\/\",\"name\":\"Entenda mudan\u00e7as na aposentadoria em 2026 - R\u00e1dio Life FM\",\"isPartOf\":{\"@id\":\"https:\/\/radiolifefm.com.br\/noticias\/#website\"},\"primaryImageOfPage\":{\"@id\":\"https:\/\/radiolifefm.com.br\/noticias\/entenda-mudancas-na-aposentadoria-em-2026\/#primaryimage\"},\"image\":{\"@id\":\"https:\/\/radiolifefm.com.br\/noticias\/entenda-mudancas-na-aposentadoria-em-2026\/#primaryimage\"},\"thumbnailUrl\":\"https:\/\/radiolifefm.com.br\/noticias\/wp-content\/uploads\/2026\/01\/cats-1.jpg\",\"datePublished\":\"2026-01-03T00:41:41+00:00\",\"dateModified\":\"2026-04-24T14:32:38+00:00\",\"breadcrumb\":{\"@id\":\"https:\/\/radiolifefm.com.br\/noticias\/entenda-mudancas-na-aposentadoria-em-2026\/#breadcrumb\"},\"inLanguage\":\"pt-BR\",\"potentialAction\":[{\"@type\":\"ReadAction\",\"target\":[\"https:\/\/radiolifefm.com.br\/noticias\/entenda-mudancas-na-aposentadoria-em-2026\/\"]}]},{\"@type\":\"ImageObject\",\"inLanguage\":\"pt-BR\",\"@id\":\"https:\/\/radiolifefm.com.br\/noticias\/entenda-mudancas-na-aposentadoria-em-2026\/#primaryimage\",\"url\":\"https:\/\/radiolifefm.com.br\/noticias\/wp-content\/uploads\/2026\/01\/cats-1.jpg\",\"contentUrl\":\"https:\/\/radiolifefm.com.br\/noticias\/wp-content\/uploads\/2026\/01\/cats-1.jpg\",\"width\":1170,\"height\":700,\"caption\":\"Reforma da Previd\u00eancia estabelece regras autom\u00e1ticas de transi\u00e7\u00e3o\"},{\"@type\":\"BreadcrumbList\",\"@id\":\"https:\/\/radiolifefm.com.br\/noticias\/entenda-mudancas-na-aposentadoria-em-2026\/#breadcrumb\",\"itemListElement\":[{\"@type\":\"ListItem\",\"position\":1,\"name\":\"In\u00edcio\",\"item\":\"https:\/\/radiolifefm.com.br\/noticias\/\"},{\"@type\":\"ListItem\",\"position\":2,\"name\":\"Entenda mudan\u00e7as na aposentadoria em 2026\"}]},{\"@type\":\"WebSite\",\"@id\":\"https:\/\/radiolifefm.com.br\/noticias\/#website\",\"url\":\"https:\/\/radiolifefm.com.br\/noticias\/\",\"name\":\"R\u00e1dio Life FM\",\"description\":\"O Portal de Not\u00edcias de Adamantina\",\"publisher\":{\"@id\":\"https:\/\/radiolifefm.com.br\/noticias\/#organization\"},\"alternateName\":\"Life FM\",\"potentialAction\":[{\"@type\":\"SearchAction\",\"target\":{\"@type\":\"EntryPoint\",\"urlTemplate\":\"https:\/\/radiolifefm.com.br\/noticias\/?s={search_term_string}\"},\"query-input\":{\"@type\":\"PropertyValueSpecification\",\"valueRequired\":true,\"valueName\":\"search_term_string\"}}],\"inLanguage\":\"pt-BR\"},{\"@type\":\"Organization\",\"@id\":\"https:\/\/radiolifefm.com.br\/noticias\/#organization\",\"name\":\"R\u00e1dio Life FM\",\"alternateName\":\"Life FM\",\"url\":\"https:\/\/radiolifefm.com.br\/noticias\/\",\"logo\":{\"@type\":\"ImageObject\",\"inLanguage\":\"pt-BR\",\"@id\":\"https:\/\/radiolifefm.com.br\/noticias\/#\/schema\/logo\/image\/\",\"url\":\"https:\/\/static.radiolifefm.com.br\/noticias\/wp-content\/uploads\/2019\/10\/logo-lifefm.png\",\"contentUrl\":\"https:\/\/static.radiolifefm.com.br\/noticias\/wp-content\/uploads\/2019\/10\/logo-lifefm.png\",\"width\":196,\"height\":47,\"caption\":\"R\u00e1dio Life FM\"},\"image\":{\"@id\":\"https:\/\/radiolifefm.com.br\/noticias\/#\/schema\/logo\/image\/\"},\"sameAs\":[\"https:\/\/www.facebook.com\/radiolifefm\/\",\"https:\/\/www.instagram.com\/life1079fm\/\"]},{\"@type\":\"Person\",\"@id\":\"https:\/\/radiolifefm.com.br\/noticias\/#\/schema\/person\/6339b9fac59d12b071dec680d7375d87\",\"name\":\"ritanery\",\"image\":{\"@type\":\"ImageObject\",\"inLanguage\":\"pt-BR\",\"@id\":\"https:\/\/secure.gravatar.com\/avatar\/0e37bb19071f47c0b8a23f62a903df117c5a0e75f65a0c2901562f97cd41cf86?s=96&d=mm&r=g\",\"url\":\"https:\/\/secure.gravatar.com\/avatar\/0e37bb19071f47c0b8a23f62a903df117c5a0e75f65a0c2901562f97cd41cf86?s=96&d=mm&r=g\",\"contentUrl\":\"https:\/\/secure.gravatar.com\/avatar\/0e37bb19071f47c0b8a23f62a903df117c5a0e75f65a0c2901562f97cd41cf86?s=96&d=mm&r=g\",\"caption\":\"ritanery\"}}]}<\/script>\n<!-- \/ Yoast SEO plugin. -->","yoast_head_json":{"title":"Entenda mudan\u00e7as na aposentadoria em 2026 - R\u00e1dio Life FM","robots":{"index":"index","follow":"follow","max-snippet":"max-snippet:-1","max-image-preview":"max-image-preview:large","max-video-preview":"max-video-preview:-1"},"canonical":"https:\/\/radiolifefm.com.br\/noticias\/entenda-mudancas-na-aposentadoria-em-2026\/","og_locale":"pt_BR","og_type":"article","og_title":"Entenda mudan\u00e7as na aposentadoria em 2026 - R\u00e1dio Life FM","og_description":"Quem est\u00e1 pr\u00f3ximo de se aposentar deve ficar atento \u00e0s atualiza\u00e7\u00f5es nas regras. A reforma da Previd\u00eancia, aprovada em 2019, criou mecanismos autom\u00e1ticos de transi\u00e7\u00e3o que alteram, ano ap\u00f3s ano, os crit\u00e9rios para concess\u00e3o dos benef\u00edcios. Em 2026, entram em vigor novas exig\u00eancias relacionadas \u00e0 aposentadoria por tempo de contribui\u00e7\u00e3o e por idade. Confira os [&hellip;]","og_url":"https:\/\/radiolifefm.com.br\/noticias\/entenda-mudancas-na-aposentadoria-em-2026\/","og_site_name":"R\u00e1dio Life FM","article_publisher":"https:\/\/www.facebook.com\/radiolifefm\/","article_published_time":"2026-01-03T00:41:41+00:00","article_modified_time":"2026-04-24T14:32:38+00:00","og_image":[{"width":1170,"height":700,"url":"https:\/\/radiolifefm.com.br\/noticias\/wp-content\/uploads\/2026\/01\/cats-1.jpg","type":"image\/jpeg"}],"author":"ritanery","twitter_card":"summary_large_image","twitter_misc":{"Escrito por":"ritanery","Est. tempo de leitura":"6 minutos"},"schema":{"@context":"https:\/\/schema.org","@graph":[{"@type":"Article","@id":"https:\/\/radiolifefm.com.br\/noticias\/entenda-mudancas-na-aposentadoria-em-2026\/#article","isPartOf":{"@id":"https:\/\/radiolifefm.com.br\/noticias\/entenda-mudancas-na-aposentadoria-em-2026\/"},"author":{"name":"ritanery","@id":"https:\/\/radiolifefm.com.br\/noticias\/#\/schema\/person\/6339b9fac59d12b071dec680d7375d87"},"headline":"Entenda mudan\u00e7as na aposentadoria em 2026","datePublished":"2026-01-03T00:41:41+00:00","dateModified":"2026-04-24T14:32:38+00:00","mainEntityOfPage":{"@id":"https:\/\/radiolifefm.com.br\/noticias\/entenda-mudancas-na-aposentadoria-em-2026\/"},"wordCount":994,"publisher":{"@id":"https:\/\/radiolifefm.com.br\/noticias\/#organization"},"image":{"@id":"https:\/\/radiolifefm.com.br\/noticias\/entenda-mudancas-na-aposentadoria-em-2026\/#primaryimage"},"thumbnailUrl":"https:\/\/radiolifefm.com.br\/noticias\/wp-content\/uploads\/2026\/01\/cats-1.jpg","articleSection":["Geral"],"inLanguage":"pt-BR"},{"@type":"WebPage","@id":"https:\/\/radiolifefm.com.br\/noticias\/entenda-mudancas-na-aposentadoria-em-2026\/","url":"https:\/\/radiolifefm.com.br\/noticias\/entenda-mudancas-na-aposentadoria-em-2026\/","name":"Entenda mudan\u00e7as na aposentadoria em 2026 - R\u00e1dio Life FM","isPartOf":{"@id":"https:\/\/radiolifefm.com.br\/noticias\/#website"},"primaryImageOfPage":{"@id":"https:\/\/radiolifefm.com.br\/noticias\/entenda-mudancas-na-aposentadoria-em-2026\/#primaryimage"},"image":{"@id":"https:\/\/radiolifefm.com.br\/noticias\/entenda-mudancas-na-aposentadoria-em-2026\/#primaryimage"},"thumbnailUrl":"https:\/\/radiolifefm.com.br\/noticias\/wp-content\/uploads\/2026\/01\/cats-1.jpg","datePublished":"2026-01-03T00:41:41+00:00","dateModified":"2026-04-24T14:32:38+00:00","breadcrumb":{"@id":"https:\/\/radiolifefm.com.br\/noticias\/entenda-mudancas-na-aposentadoria-em-2026\/#breadcrumb"},"inLanguage":"pt-BR","potentialAction":[{"@type":"ReadAction","target":["https:\/\/radiolifefm.com.br\/noticias\/entenda-mudancas-na-aposentadoria-em-2026\/"]}]},{"@type":"ImageObject","inLanguage":"pt-BR","@id":"https:\/\/radiolifefm.com.br\/noticias\/entenda-mudancas-na-aposentadoria-em-2026\/#primaryimage","url":"https:\/\/radiolifefm.com.br\/noticias\/wp-content\/uploads\/2026\/01\/cats-1.jpg","contentUrl":"https:\/\/radiolifefm.com.br\/noticias\/wp-content\/uploads\/2026\/01\/cats-1.jpg","width":1170,"height":700,"caption":"Reforma da Previd\u00eancia estabelece regras autom\u00e1ticas de transi\u00e7\u00e3o"},{"@type":"BreadcrumbList","@id":"https:\/\/radiolifefm.com.br\/noticias\/entenda-mudancas-na-aposentadoria-em-2026\/#breadcrumb","itemListElement":[{"@type":"ListItem","position":1,"name":"In\u00edcio","item":"https:\/\/radiolifefm.com.br\/noticias\/"},{"@type":"ListItem","position":2,"name":"Entenda mudan\u00e7as na aposentadoria em 2026"}]},{"@type":"WebSite","@id":"https:\/\/radiolifefm.com.br\/noticias\/#website","url":"https:\/\/radiolifefm.com.br\/noticias\/","name":"R\u00e1dio Life FM","description":"O Portal de Not\u00edcias de Adamantina","publisher":{"@id":"https:\/\/radiolifefm.com.br\/noticias\/#organization"},"alternateName":"Life FM","potentialAction":[{"@type":"SearchAction","target":{"@type":"EntryPoint","urlTemplate":"https:\/\/radiolifefm.com.br\/noticias\/?s={search_term_string}"},"query-input":{"@type":"PropertyValueSpecification","valueRequired":true,"valueName":"search_term_string"}}],"inLanguage":"pt-BR"},{"@type":"Organization","@id":"https:\/\/radiolifefm.com.br\/noticias\/#organization","name":"R\u00e1dio Life FM","alternateName":"Life FM","url":"https:\/\/radiolifefm.com.br\/noticias\/","logo":{"@type":"ImageObject","inLanguage":"pt-BR","@id":"https:\/\/radiolifefm.com.br\/noticias\/#\/schema\/logo\/image\/","url":"https:\/\/static.radiolifefm.com.br\/noticias\/wp-content\/uploads\/2019\/10\/logo-lifefm.png","contentUrl":"https:\/\/static.radiolifefm.com.br\/noticias\/wp-content\/uploads\/2019\/10\/logo-lifefm.png","width":196,"height":47,"caption":"R\u00e1dio Life FM"},"image":{"@id":"https:\/\/radiolifefm.com.br\/noticias\/#\/schema\/logo\/image\/"},"sameAs":["https:\/\/www.facebook.com\/radiolifefm\/","https:\/\/www.instagram.com\/life1079fm\/"]},{"@type":"Person","@id":"https:\/\/radiolifefm.com.br\/noticias\/#\/schema\/person\/6339b9fac59d12b071dec680d7375d87","name":"ritanery","image":{"@type":"ImageObject","inLanguage":"pt-BR","@id":"https:\/\/secure.gravatar.com\/avatar\/0e37bb19071f47c0b8a23f62a903df117c5a0e75f65a0c2901562f97cd41cf86?s=96&d=mm&r=g","url":"https:\/\/secure.gravatar.com\/avatar\/0e37bb19071f47c0b8a23f62a903df117c5a0e75f65a0c2901562f97cd41cf86?s=96&d=mm&r=g","contentUrl":"https:\/\/secure.gravatar.com\/avatar\/0e37bb19071f47c0b8a23f62a903df117c5a0e75f65a0c2901562f97cd41cf86?s=96&d=mm&r=g","caption":"ritanery"}}]}},"amp_enabled":true,"_links":{"self":[{"href":"https:\/\/radiolifefm.com.br\/noticias\/wp-json\/wp\/v2\/posts\/109357","targetHints":{"allow":["GET"]}}],"collection":[{"href":"https:\/\/radiolifefm.com.br\/noticias\/wp-json\/wp\/v2\/posts"}],"about":[{"href":"https:\/\/radiolifefm.com.br\/noticias\/wp-json\/wp\/v2\/types\/post"}],"author":[{"embeddable":true,"href":"https:\/\/radiolifefm.com.br\/noticias\/wp-json\/wp\/v2\/users\/13"}],"replies":[{"embeddable":true,"href":"https:\/\/radiolifefm.com.br\/noticias\/wp-json\/wp\/v2\/comments?post=109357"}],"version-history":[{"count":3,"href":"https:\/\/radiolifefm.com.br\/noticias\/wp-json\/wp\/v2\/posts\/109357\/revisions"}],"predecessor-version":[{"id":116205,"href":"https:\/\/radiolifefm.com.br\/noticias\/wp-json\/wp\/v2\/posts\/109357\/revisions\/116205"}],"wp:featuredmedia":[{"embeddable":true,"href":"https:\/\/radiolifefm.com.br\/noticias\/wp-json\/wp\/v2\/media\/109358"}],"wp:attachment":[{"href":"https:\/\/radiolifefm.com.br\/noticias\/wp-json\/wp\/v2\/media?parent=109357"}],"wp:term":[{"taxonomy":"category","embeddable":true,"href":"https:\/\/radiolifefm.com.br\/noticias\/wp-json\/wp\/v2\/categories?post=109357"},{"taxonomy":"post_tag","embeddable":true,"href":"https:\/\/radiolifefm.com.br\/noticias\/wp-json\/wp\/v2\/tags?post=109357"}],"curies":[{"name":"wp","href":"https:\/\/api.w.org\/{rel}","templated":true}]}}