{"id":109345,"date":"2026-01-02T21:14:42","date_gmt":"2026-01-03T00:14:42","guid":{"rendered":"https:\/\/radiolifefm.com.br\/noticias\/?p=109345"},"modified":"2026-04-18T07:30:51","modified_gmt":"2026-04-18T10:30:51","slug":"regras-para-ciclomotores-comecam-a-valer","status":"publish","type":"post","link":"https:\/\/radiolifefm.com.br\/noticias\/regras-para-ciclomotores-comecam-a-valer\/","title":{"rendered":"Regras para ciclomotores come\u00e7am a valer"},"content":{"rendered":"<div id=\"fb-root\"><\/div>\n<p>As novas regras sobre o tr\u00e2nsito de ciclomotores em via p\u00fablica come\u00e7aram a valer nesta quinta-feira (1\u00ba).\u00a0\u00a0<strong>As exig\u00eancias do Conselho Nacional de Tr\u00e2nsito (Contran) valem para todo o Brasil. S\u00e3o elas: a necessidade do Registro Nacional de Ve\u00edculos Automotores (Renavam), emplacamento e licenciamento anual do ve\u00edculo e a habilita\u00e7\u00e3o do condutor.<\/strong><img decoding=\"async\" src=\"https:\/\/agenciabrasil.ebc.com.br\/ebc.png?id=1673965&amp;o=node\" \/><img decoding=\"async\" src=\"https:\/\/agenciabrasil.ebc.com.br\/ebc.gif?id=1673965&amp;o=node\" \/><\/p>\n<p>Os ciclomotores s\u00e3o os ve\u00edculos de duas ou tr\u00eas rodas com motor de combust\u00e3o interna de at\u00e9 50 cilindradas (popularmente chamadas de cinquentinhas) ou com motor el\u00e9trico com pot\u00eancia m\u00e1xima de 4 quilowatts (kW) e com velocidade de fabrica\u00e7\u00e3o limitada a 50 quil\u00f4metros\/hora (km\/h).<\/p>\n<p>Os ve\u00edculos que ultrapassam esses limites (cilindrada, pot\u00eancia ou velocidade) s\u00e3o classificados como motocicletas, motonetas ou triciclos e j\u00e1 t\u00eam as respectivas regras definidas no C\u00f3digo de Tr\u00e2nsito Brasileiro (CTB).<\/p>\n<h2>Registro, emplacamento e licenciamento<\/h2>\n<p>Os ciclomotores devem ser registrados e licenciados, conforme os artigos 13 e 14 da\u00a0<a href=\"https:\/\/www.gov.br\/transportes\/pt-br\/assuntos\/transito\/conteudo-contran\/resolucoes\/Resolucao9962023.pdf\" target=\"_blank\" rel=\"noopener\">resolu\u00e7\u00e3o<\/a>.<\/p>\n<ul>\n<li>ve\u00edculos novos: devem sair da loja com nota fiscal e o pr\u00e9-cadastro no Renavan feito pelo fabricante ou importador.<\/li>\n<li>ve\u00edculos antigos (fabricados ou importados antes da resolu\u00e7\u00e3o): o ciclomotor pode n\u00e3o ter o n\u00famero de chassi ou VIN (sigla em ingl\u00eas de Vehicle Identification Number), o c\u00f3digo de 17 caracteres que serve como a identidade \u00fanica do ve\u00edculo, com informa\u00e7\u00f5es sobre sua fabrica\u00e7\u00e3o, modelo e ano.<\/li>\n<\/ul>\n<p>Neste caso de n\u00e3o possuir registro original, ser\u00e1 necess\u00e1rio obter o Certificado de Seguran\u00e7a Veicular (CSV), gravar o n\u00famero de chassi (VIN), levar a nota fiscal do bem e o documento de identidade do condutor.<\/p>\n<p>O CSV \u00e9 emitido ap\u00f3s inspe\u00e7\u00e3o veicular realizada por Institui\u00e7\u00f5es T\u00e9cnicas Licenciadas (ITLs) credenciadas pelo Instituto Nacional de Metrologia, Qualidade e Tecnologia (Inmetro).<\/p>\n<p>O C\u00f3digo de Tr\u00e2nsito (CTB) exige que o condutor de ciclomotor tenha a Autoriza\u00e7\u00e3o para Conduzir Ciclomotores (ACC) ou Carteira Nacional de Habilita\u00e7\u00e3o (CNH) na categoria A, documento mais abrangente que autoriza o cidad\u00e3o habilitado a conduzir ve\u00edculos motorizados de duas ou tr\u00eas rodas, de quaisquer cilindradas.<\/p>\n<h2>Equipamentos obrigat\u00f3rios<\/h2>\n<p>O uso de capacete \u00e9 obrigat\u00f3rio tanto para o condutor quanto para o passageiro de ciclomotores.<\/p>\n<p>Estes ve\u00edculos devem ser dotados dos equipamentos obrigat\u00f3rios estabelecidos no C\u00f3digo de Tr\u00e2nsito (CTB) e pelo Contran. Entre eles:<\/p>\n<ul>\n<li>dispositivo limitador eletr\u00f4nico de velocidade;<\/li>\n<li>campainha;<\/li>\n<li>sinaliza\u00e7\u00e3o noturna dianteira, traseira, lateral e nos pedais;<\/li>\n<li>espelho retrovisor do lado esquerdo; e<\/li>\n<li>pneus em condi\u00e7\u00f5es m\u00ednimas de seguran\u00e7a<\/li>\n<\/ul>\n<h2>Regras de circula\u00e7\u00e3o<\/h2>\n<p>Pelas regras para andar com um ciclomotor em vias p\u00fablicas:<\/p>\n<ul>\n<li>\u00e9 proibido circular em ciclovias ou cal\u00e7adas. Os ciclomotores devem se deslocar na rua, preferencialmente no centro da faixa da direita.<\/li>\n<li>\u00e9 proibido circular em vias de tr\u00e2nsito r\u00e1pido: n\u00e3o podem circular em vias sem cruzamentos diretos ou sem\u00e1foros, a menos que haja acostamento ou faixas de rolamento pr\u00f3prias.<\/li>\n<\/ul>\n<h2>Penalidades<\/h2>\n<p>De acordo com a\u00a0<a href=\"https:\/\/www.gov.br\/transportes\/pt-br\/assuntos\/transito\/conteudo-contran\/resolucoes\/Resolucao9962023.pdf\" target=\"_blank\" rel=\"noopener\">Resolu\u00e7\u00e3o N\u00ba 996\/2023<\/a>, dirigir um ciclomotor sem habilita\u00e7\u00e3o ou sem registro, a licen\u00e7a do ve\u00edculo constitui infra\u00e7\u00e3o grav\u00edssima, sob a pena de multa de R$ 293,47; sete pontos na Carteira Nacional de Habilita\u00e7\u00e3o (CNH); al\u00e9m da reten\u00e7\u00e3o do ciclomotor pelas autoridades e recolhimento do ve\u00edculo at\u00e9 o p\u00e1tio do Detran.<\/p>\n<p>Fonte: Ag\u00eancia Brasil<\/p>\n","protected":false},"excerpt":{"rendered":"<p>As novas regras sobre o tr\u00e2nsito de ciclomotores em via p\u00fablica come\u00e7aram a valer nesta quinta-feira (1\u00ba).\u00a0\u00a0As exig\u00eancias do Conselho Nacional de Tr\u00e2nsito (Contran) valem para todo o Brasil. S\u00e3o elas: a necessidade do Registro Nacional de Ve\u00edculos Automotores (Renavam), emplacamento e licenciamento anual do ve\u00edculo e a habilita\u00e7\u00e3o do condutor. Os ciclomotores s\u00e3o os [&hellip;]<\/p>\n","protected":false},"author":13,"featured_media":109346,"comment_status":"closed","ping_status":"open","sticky":false,"template":"","format":"standard","meta":{"_acf_changed":false,"_exactmetrics_skip_tracking":false,"_exactmetrics_sitenote_active":false,"_exactmetrics_sitenote_note":"","_exactmetrics_sitenote_category":0,"footnotes":""},"categories":[1],"tags":[],"class_list":["post-109345","post","type-post","status-publish","format-standard","has-post-thumbnail","hentry","category-geral"],"acf":[],"yoast_head":"<!-- This site is optimized with the Yoast SEO plugin v27.2 - https:\/\/yoast.com\/product\/yoast-seo-wordpress\/ -->\n<title>Regras para ciclomotores come\u00e7am a valer - R\u00e1dio Life FM<\/title>\n<meta name=\"robots\" content=\"index, follow, max-snippet:-1, max-image-preview:large, max-video-preview:-1\" \/>\n<link rel=\"canonical\" href=\"https:\/\/radiolifefm.com.br\/noticias\/regras-para-ciclomotores-comecam-a-valer\/\" \/>\n<meta property=\"og:locale\" content=\"pt_BR\" \/>\n<meta property=\"og:type\" content=\"article\" \/>\n<meta property=\"og:title\" content=\"Regras para ciclomotores come\u00e7am a valer - R\u00e1dio Life FM\" \/>\n<meta property=\"og:description\" content=\"As novas regras sobre o tr\u00e2nsito de ciclomotores em via p\u00fablica come\u00e7aram a valer nesta quinta-feira (1\u00ba).\u00a0\u00a0As exig\u00eancias do Conselho Nacional de Tr\u00e2nsito (Contran) valem para todo o Brasil. S\u00e3o elas: a necessidade do Registro Nacional de Ve\u00edculos Automotores (Renavam), emplacamento e licenciamento anual do ve\u00edculo e a habilita\u00e7\u00e3o do condutor. Os ciclomotores s\u00e3o os [&hellip;]\" \/>\n<meta property=\"og:url\" content=\"https:\/\/radiolifefm.com.br\/noticias\/regras-para-ciclomotores-comecam-a-valer\/\" \/>\n<meta property=\"og:site_name\" content=\"R\u00e1dio Life FM\" \/>\n<meta property=\"article:publisher\" content=\"https:\/\/www.facebook.com\/radiolifefm\/\" \/>\n<meta property=\"article:published_time\" content=\"2026-01-03T00:14:42+00:00\" \/>\n<meta property=\"article:modified_time\" content=\"2026-04-18T10:30:51+00:00\" \/>\n<meta property=\"og:image\" content=\"https:\/\/radiolifefm.com.br\/noticias\/wp-content\/uploads\/2026\/01\/5gsk15w3624gapnngl5x9oqdb.jpg\" \/>\n\t<meta property=\"og:image:width\" content=\"906\" \/>\n\t<meta property=\"og:image:height\" content=\"509\" \/>\n\t<meta property=\"og:image:type\" content=\"image\/jpeg\" \/>\n<meta name=\"author\" content=\"ritanery\" \/>\n<meta name=\"twitter:card\" content=\"summary_large_image\" \/>\n<meta name=\"twitter:label1\" content=\"Escrito por\" \/>\n\t<meta name=\"twitter:data1\" content=\"ritanery\" \/>\n\t<meta name=\"twitter:label2\" content=\"Est. tempo de leitura\" \/>\n\t<meta name=\"twitter:data2\" content=\"4 minutos\" \/>\n<script type=\"application\/ld+json\" class=\"yoast-schema-graph\">{\"@context\":\"https:\/\/schema.org\",\"@graph\":[{\"@type\":\"Article\",\"@id\":\"https:\/\/radiolifefm.com.br\/noticias\/regras-para-ciclomotores-comecam-a-valer\/#article\",\"isPartOf\":{\"@id\":\"https:\/\/radiolifefm.com.br\/noticias\/regras-para-ciclomotores-comecam-a-valer\/\"},\"author\":{\"name\":\"ritanery\",\"@id\":\"https:\/\/radiolifefm.com.br\/noticias\/#\/schema\/person\/6339b9fac59d12b071dec680d7375d87\"},\"headline\":\"Regras para ciclomotores come\u00e7am a valer\",\"datePublished\":\"2026-01-03T00:14:42+00:00\",\"dateModified\":\"2026-04-18T10:30:51+00:00\",\"mainEntityOfPage\":{\"@id\":\"https:\/\/radiolifefm.com.br\/noticias\/regras-para-ciclomotores-comecam-a-valer\/\"},\"wordCount\":577,\"publisher\":{\"@id\":\"https:\/\/radiolifefm.com.br\/noticias\/#organization\"},\"image\":{\"@id\":\"https:\/\/radiolifefm.com.br\/noticias\/regras-para-ciclomotores-comecam-a-valer\/#primaryimage\"},\"thumbnailUrl\":\"https:\/\/radiolifefm.com.br\/noticias\/wp-content\/uploads\/2026\/01\/5gsk15w3624gapnngl5x9oqdb.jpg\",\"articleSection\":[\"Geral\"],\"inLanguage\":\"pt-BR\"},{\"@type\":\"WebPage\",\"@id\":\"https:\/\/radiolifefm.com.br\/noticias\/regras-para-ciclomotores-comecam-a-valer\/\",\"url\":\"https:\/\/radiolifefm.com.br\/noticias\/regras-para-ciclomotores-comecam-a-valer\/\",\"name\":\"Regras para ciclomotores come\u00e7am a valer - R\u00e1dio Life FM\",\"isPartOf\":{\"@id\":\"https:\/\/radiolifefm.com.br\/noticias\/#website\"},\"primaryImageOfPage\":{\"@id\":\"https:\/\/radiolifefm.com.br\/noticias\/regras-para-ciclomotores-comecam-a-valer\/#primaryimage\"},\"image\":{\"@id\":\"https:\/\/radiolifefm.com.br\/noticias\/regras-para-ciclomotores-comecam-a-valer\/#primaryimage\"},\"thumbnailUrl\":\"https:\/\/radiolifefm.com.br\/noticias\/wp-content\/uploads\/2026\/01\/5gsk15w3624gapnngl5x9oqdb.jpg\",\"datePublished\":\"2026-01-03T00:14:42+00:00\",\"dateModified\":\"2026-04-18T10:30:51+00:00\",\"breadcrumb\":{\"@id\":\"https:\/\/radiolifefm.com.br\/noticias\/regras-para-ciclomotores-comecam-a-valer\/#breadcrumb\"},\"inLanguage\":\"pt-BR\",\"potentialAction\":[{\"@type\":\"ReadAction\",\"target\":[\"https:\/\/radiolifefm.com.br\/noticias\/regras-para-ciclomotores-comecam-a-valer\/\"]}]},{\"@type\":\"ImageObject\",\"inLanguage\":\"pt-BR\",\"@id\":\"https:\/\/radiolifefm.com.br\/noticias\/regras-para-ciclomotores-comecam-a-valer\/#primaryimage\",\"url\":\"https:\/\/radiolifefm.com.br\/noticias\/wp-content\/uploads\/2026\/01\/5gsk15w3624gapnngl5x9oqdb.jpg\",\"contentUrl\":\"https:\/\/radiolifefm.com.br\/noticias\/wp-content\/uploads\/2026\/01\/5gsk15w3624gapnngl5x9oqdb.jpg\",\"width\":906,\"height\":509,\"caption\":\"Infratores sujeitos \u00e0 multa, pontua\u00e7\u00e3o na CNH e apreens\u00e3o do ve\u00edculo\"},{\"@type\":\"BreadcrumbList\",\"@id\":\"https:\/\/radiolifefm.com.br\/noticias\/regras-para-ciclomotores-comecam-a-valer\/#breadcrumb\",\"itemListElement\":[{\"@type\":\"ListItem\",\"position\":1,\"name\":\"In\u00edcio\",\"item\":\"https:\/\/radiolifefm.com.br\/noticias\/\"},{\"@type\":\"ListItem\",\"position\":2,\"name\":\"Regras para ciclomotores come\u00e7am a valer\"}]},{\"@type\":\"WebSite\",\"@id\":\"https:\/\/radiolifefm.com.br\/noticias\/#website\",\"url\":\"https:\/\/radiolifefm.com.br\/noticias\/\",\"name\":\"R\u00e1dio Life FM\",\"description\":\"O Portal de Not\u00edcias de Adamantina\",\"publisher\":{\"@id\":\"https:\/\/radiolifefm.com.br\/noticias\/#organization\"},\"alternateName\":\"Life FM\",\"potentialAction\":[{\"@type\":\"SearchAction\",\"target\":{\"@type\":\"EntryPoint\",\"urlTemplate\":\"https:\/\/radiolifefm.com.br\/noticias\/?s={search_term_string}\"},\"query-input\":{\"@type\":\"PropertyValueSpecification\",\"valueRequired\":true,\"valueName\":\"search_term_string\"}}],\"inLanguage\":\"pt-BR\"},{\"@type\":\"Organization\",\"@id\":\"https:\/\/radiolifefm.com.br\/noticias\/#organization\",\"name\":\"R\u00e1dio Life FM\",\"alternateName\":\"Life FM\",\"url\":\"https:\/\/radiolifefm.com.br\/noticias\/\",\"logo\":{\"@type\":\"ImageObject\",\"inLanguage\":\"pt-BR\",\"@id\":\"https:\/\/radiolifefm.com.br\/noticias\/#\/schema\/logo\/image\/\",\"url\":\"https:\/\/static.radiolifefm.com.br\/noticias\/wp-content\/uploads\/2019\/10\/logo-lifefm.png\",\"contentUrl\":\"https:\/\/static.radiolifefm.com.br\/noticias\/wp-content\/uploads\/2019\/10\/logo-lifefm.png\",\"width\":196,\"height\":47,\"caption\":\"R\u00e1dio Life FM\"},\"image\":{\"@id\":\"https:\/\/radiolifefm.com.br\/noticias\/#\/schema\/logo\/image\/\"},\"sameAs\":[\"https:\/\/www.facebook.com\/radiolifefm\/\",\"https:\/\/www.instagram.com\/life1079fm\/\"]},{\"@type\":\"Person\",\"@id\":\"https:\/\/radiolifefm.com.br\/noticias\/#\/schema\/person\/6339b9fac59d12b071dec680d7375d87\",\"name\":\"ritanery\",\"image\":{\"@type\":\"ImageObject\",\"inLanguage\":\"pt-BR\",\"@id\":\"https:\/\/secure.gravatar.com\/avatar\/0e37bb19071f47c0b8a23f62a903df117c5a0e75f65a0c2901562f97cd41cf86?s=96&d=mm&r=g\",\"url\":\"https:\/\/secure.gravatar.com\/avatar\/0e37bb19071f47c0b8a23f62a903df117c5a0e75f65a0c2901562f97cd41cf86?s=96&d=mm&r=g\",\"contentUrl\":\"https:\/\/secure.gravatar.com\/avatar\/0e37bb19071f47c0b8a23f62a903df117c5a0e75f65a0c2901562f97cd41cf86?s=96&d=mm&r=g\",\"caption\":\"ritanery\"}}]}<\/script>\n<!-- \/ Yoast SEO plugin. -->","yoast_head_json":{"title":"Regras para ciclomotores come\u00e7am a valer - R\u00e1dio Life FM","robots":{"index":"index","follow":"follow","max-snippet":"max-snippet:-1","max-image-preview":"max-image-preview:large","max-video-preview":"max-video-preview:-1"},"canonical":"https:\/\/radiolifefm.com.br\/noticias\/regras-para-ciclomotores-comecam-a-valer\/","og_locale":"pt_BR","og_type":"article","og_title":"Regras para ciclomotores come\u00e7am a valer - R\u00e1dio Life FM","og_description":"As novas regras sobre o tr\u00e2nsito de ciclomotores em via p\u00fablica come\u00e7aram a valer nesta quinta-feira (1\u00ba).\u00a0\u00a0As exig\u00eancias do Conselho Nacional de Tr\u00e2nsito (Contran) valem para todo o Brasil. S\u00e3o elas: a necessidade do Registro Nacional de Ve\u00edculos Automotores (Renavam), emplacamento e licenciamento anual do ve\u00edculo e a habilita\u00e7\u00e3o do condutor. Os ciclomotores s\u00e3o os [&hellip;]","og_url":"https:\/\/radiolifefm.com.br\/noticias\/regras-para-ciclomotores-comecam-a-valer\/","og_site_name":"R\u00e1dio Life FM","article_publisher":"https:\/\/www.facebook.com\/radiolifefm\/","article_published_time":"2026-01-03T00:14:42+00:00","article_modified_time":"2026-04-18T10:30:51+00:00","og_image":[{"width":906,"height":509,"url":"https:\/\/radiolifefm.com.br\/noticias\/wp-content\/uploads\/2026\/01\/5gsk15w3624gapnngl5x9oqdb.jpg","type":"image\/jpeg"}],"author":"ritanery","twitter_card":"summary_large_image","twitter_misc":{"Escrito por":"ritanery","Est. tempo de leitura":"4 minutos"},"schema":{"@context":"https:\/\/schema.org","@graph":[{"@type":"Article","@id":"https:\/\/radiolifefm.com.br\/noticias\/regras-para-ciclomotores-comecam-a-valer\/#article","isPartOf":{"@id":"https:\/\/radiolifefm.com.br\/noticias\/regras-para-ciclomotores-comecam-a-valer\/"},"author":{"name":"ritanery","@id":"https:\/\/radiolifefm.com.br\/noticias\/#\/schema\/person\/6339b9fac59d12b071dec680d7375d87"},"headline":"Regras para ciclomotores come\u00e7am a valer","datePublished":"2026-01-03T00:14:42+00:00","dateModified":"2026-04-18T10:30:51+00:00","mainEntityOfPage":{"@id":"https:\/\/radiolifefm.com.br\/noticias\/regras-para-ciclomotores-comecam-a-valer\/"},"wordCount":577,"publisher":{"@id":"https:\/\/radiolifefm.com.br\/noticias\/#organization"},"image":{"@id":"https:\/\/radiolifefm.com.br\/noticias\/regras-para-ciclomotores-comecam-a-valer\/#primaryimage"},"thumbnailUrl":"https:\/\/radiolifefm.com.br\/noticias\/wp-content\/uploads\/2026\/01\/5gsk15w3624gapnngl5x9oqdb.jpg","articleSection":["Geral"],"inLanguage":"pt-BR"},{"@type":"WebPage","@id":"https:\/\/radiolifefm.com.br\/noticias\/regras-para-ciclomotores-comecam-a-valer\/","url":"https:\/\/radiolifefm.com.br\/noticias\/regras-para-ciclomotores-comecam-a-valer\/","name":"Regras para ciclomotores come\u00e7am a valer - R\u00e1dio Life FM","isPartOf":{"@id":"https:\/\/radiolifefm.com.br\/noticias\/#website"},"primaryImageOfPage":{"@id":"https:\/\/radiolifefm.com.br\/noticias\/regras-para-ciclomotores-comecam-a-valer\/#primaryimage"},"image":{"@id":"https:\/\/radiolifefm.com.br\/noticias\/regras-para-ciclomotores-comecam-a-valer\/#primaryimage"},"thumbnailUrl":"https:\/\/radiolifefm.com.br\/noticias\/wp-content\/uploads\/2026\/01\/5gsk15w3624gapnngl5x9oqdb.jpg","datePublished":"2026-01-03T00:14:42+00:00","dateModified":"2026-04-18T10:30:51+00:00","breadcrumb":{"@id":"https:\/\/radiolifefm.com.br\/noticias\/regras-para-ciclomotores-comecam-a-valer\/#breadcrumb"},"inLanguage":"pt-BR","potentialAction":[{"@type":"ReadAction","target":["https:\/\/radiolifefm.com.br\/noticias\/regras-para-ciclomotores-comecam-a-valer\/"]}]},{"@type":"ImageObject","inLanguage":"pt-BR","@id":"https:\/\/radiolifefm.com.br\/noticias\/regras-para-ciclomotores-comecam-a-valer\/#primaryimage","url":"https:\/\/radiolifefm.com.br\/noticias\/wp-content\/uploads\/2026\/01\/5gsk15w3624gapnngl5x9oqdb.jpg","contentUrl":"https:\/\/radiolifefm.com.br\/noticias\/wp-content\/uploads\/2026\/01\/5gsk15w3624gapnngl5x9oqdb.jpg","width":906,"height":509,"caption":"Infratores sujeitos \u00e0 multa, pontua\u00e7\u00e3o na CNH e apreens\u00e3o do ve\u00edculo"},{"@type":"BreadcrumbList","@id":"https:\/\/radiolifefm.com.br\/noticias\/regras-para-ciclomotores-comecam-a-valer\/#breadcrumb","itemListElement":[{"@type":"ListItem","position":1,"name":"In\u00edcio","item":"https:\/\/radiolifefm.com.br\/noticias\/"},{"@type":"ListItem","position":2,"name":"Regras para ciclomotores come\u00e7am a valer"}]},{"@type":"WebSite","@id":"https:\/\/radiolifefm.com.br\/noticias\/#website","url":"https:\/\/radiolifefm.com.br\/noticias\/","name":"R\u00e1dio Life FM","description":"O Portal de Not\u00edcias de Adamantina","publisher":{"@id":"https:\/\/radiolifefm.com.br\/noticias\/#organization"},"alternateName":"Life FM","potentialAction":[{"@type":"SearchAction","target":{"@type":"EntryPoint","urlTemplate":"https:\/\/radiolifefm.com.br\/noticias\/?s={search_term_string}"},"query-input":{"@type":"PropertyValueSpecification","valueRequired":true,"valueName":"search_term_string"}}],"inLanguage":"pt-BR"},{"@type":"Organization","@id":"https:\/\/radiolifefm.com.br\/noticias\/#organization","name":"R\u00e1dio Life FM","alternateName":"Life FM","url":"https:\/\/radiolifefm.com.br\/noticias\/","logo":{"@type":"ImageObject","inLanguage":"pt-BR","@id":"https:\/\/radiolifefm.com.br\/noticias\/#\/schema\/logo\/image\/","url":"https:\/\/static.radiolifefm.com.br\/noticias\/wp-content\/uploads\/2019\/10\/logo-lifefm.png","contentUrl":"https:\/\/static.radiolifefm.com.br\/noticias\/wp-content\/uploads\/2019\/10\/logo-lifefm.png","width":196,"height":47,"caption":"R\u00e1dio Life FM"},"image":{"@id":"https:\/\/radiolifefm.com.br\/noticias\/#\/schema\/logo\/image\/"},"sameAs":["https:\/\/www.facebook.com\/radiolifefm\/","https:\/\/www.instagram.com\/life1079fm\/"]},{"@type":"Person","@id":"https:\/\/radiolifefm.com.br\/noticias\/#\/schema\/person\/6339b9fac59d12b071dec680d7375d87","name":"ritanery","image":{"@type":"ImageObject","inLanguage":"pt-BR","@id":"https:\/\/secure.gravatar.com\/avatar\/0e37bb19071f47c0b8a23f62a903df117c5a0e75f65a0c2901562f97cd41cf86?s=96&d=mm&r=g","url":"https:\/\/secure.gravatar.com\/avatar\/0e37bb19071f47c0b8a23f62a903df117c5a0e75f65a0c2901562f97cd41cf86?s=96&d=mm&r=g","contentUrl":"https:\/\/secure.gravatar.com\/avatar\/0e37bb19071f47c0b8a23f62a903df117c5a0e75f65a0c2901562f97cd41cf86?s=96&d=mm&r=g","caption":"ritanery"}}]}},"amp_enabled":true,"_links":{"self":[{"href":"https:\/\/radiolifefm.com.br\/noticias\/wp-json\/wp\/v2\/posts\/109345","targetHints":{"allow":["GET"]}}],"collection":[{"href":"https:\/\/radiolifefm.com.br\/noticias\/wp-json\/wp\/v2\/posts"}],"about":[{"href":"https:\/\/radiolifefm.com.br\/noticias\/wp-json\/wp\/v2\/types\/post"}],"author":[{"embeddable":true,"href":"https:\/\/radiolifefm.com.br\/noticias\/wp-json\/wp\/v2\/users\/13"}],"replies":[{"embeddable":true,"href":"https:\/\/radiolifefm.com.br\/noticias\/wp-json\/wp\/v2\/comments?post=109345"}],"version-history":[{"count":1,"href":"https:\/\/radiolifefm.com.br\/noticias\/wp-json\/wp\/v2\/posts\/109345\/revisions"}],"predecessor-version":[{"id":109347,"href":"https:\/\/radiolifefm.com.br\/noticias\/wp-json\/wp\/v2\/posts\/109345\/revisions\/109347"}],"wp:featuredmedia":[{"embeddable":true,"href":"https:\/\/radiolifefm.com.br\/noticias\/wp-json\/wp\/v2\/media\/109346"}],"wp:attachment":[{"href":"https:\/\/radiolifefm.com.br\/noticias\/wp-json\/wp\/v2\/media?parent=109345"}],"wp:term":[{"taxonomy":"category","embeddable":true,"href":"https:\/\/radiolifefm.com.br\/noticias\/wp-json\/wp\/v2\/categories?post=109345"},{"taxonomy":"post_tag","embeddable":true,"href":"https:\/\/radiolifefm.com.br\/noticias\/wp-json\/wp\/v2\/tags?post=109345"}],"curies":[{"name":"wp","href":"https:\/\/api.w.org\/{rel}","templated":true}]}}