{"id":109310,"date":"2025-12-30T16:03:20","date_gmt":"2025-12-30T19:03:20","guid":{"rendered":"https:\/\/radiolifefm.com.br\/noticias\/?p=109310"},"modified":"2026-04-14T20:43:52","modified_gmt":"2026-04-14T23:43:52","slug":"fogos-de-artificios-com-estampido-sao-risco-para-animais-e-pessoas","status":"publish","type":"post","link":"https:\/\/radiolifefm.com.br\/noticias\/fogos-de-artificios-com-estampido-sao-risco-para-animais-e-pessoas\/","title":{"rendered":"Fogos de artif\u00edcios com estampido s\u00e3o risco para animais e pessoas"},"content":{"rendered":"<div id=\"fb-root\"><\/div>\n<p>As festas de final de ano como Natal e R\u00e9veillon &#8211; marcadas por grandes celebra\u00e7\u00f5es &#8211; s\u00e3o momentos de alegria, empolga\u00e7\u00e3o e confraterniza\u00e7\u00e3o, mas trazem novamente para o debate o uso de fogos de artif\u00edcios com estampido. O tema \u00e9 sens\u00edvel e preocupa fam\u00edlias, profissionais da sa\u00fade e defensores da causa animal, uma vez que o uso desse tipo de artefato envolve riscos graves, especialmente para animais, idosos, crian\u00e7as neurodivergentes e pacientes hospitalizados.<img decoding=\"async\" src=\"https:\/\/agenciabrasil.ebc.com.br\/ebc.png?id=1673508&amp;o=node\" \/><img decoding=\"async\" src=\"https:\/\/agenciabrasil.ebc.com.br\/ebc.gif?id=1673508&amp;o=node\" \/><\/p>\n<p><strong>Entre outros pontos, a polui\u00e7\u00e3o sonora provocada pelos fogos de artif\u00edcio causa irritabilidade, dist\u00farbios do sono, doen\u00e7as metab\u00f3licas, cardiovasculares e digestivas.<\/strong>\u00a0Al\u00e9m disso, pessoas com autismo, idosos e pacientes internados tamb\u00e9m podem sofrer crises, ansiedade severa e desregula\u00e7\u00e3o sensorial.<\/p>\n<p>No caso de pessoas com muita sensibilidade auditiva, a dica \u00e9 de prepara\u00e7\u00e3o e previsibilidade. Uma possibilidade \u00e9 o uso de fones de ouvido com cancelamento de ru\u00eddo ou de tamp\u00f5es intra-auriculares que podem ser \u00fateis para reduzir o impacto dos estalidos sonoros dos fogos.<\/p>\n<p>Em c\u00e3es e gatos, devido a audi\u00e7\u00e3o mais agu\u00e7ada, o barulho pode gerar estresse extremo e comportamento de fuga.\u00a0<strong>C\u00e3es, gatos e aves interpretam o barulho como amea\u00e7a e, em desespero, podem se jogar de janelas, correr para as ruas e serem atropelados.<\/strong><\/p>\n<p>O Conselho Federal de Medicina Veterin\u00e1ria recomenda que, para amenizar o estresse, os tutores permane\u00e7am pr\u00f3ximos aos animais durante as comemora\u00e7\u00f5es, proporcionando conforto e seguran\u00e7a.<\/p>\n<p><strong>Al\u00e9m disso, \u00e9 recomendado manter os animais em um ambiente fechado e silencioso que abafe o ru\u00eddo dos fogos.<\/strong>\u00a0O uso de brinquedos e atividades relaxantes tamb\u00e9m podem ajudar a distrair os pets.<\/p>\n<p>Outra medida \u00e9 a conten\u00e7\u00e3o, o uso de faixas de compress\u00e3o ou &#8220;roupas calmantes&#8221;, que d\u00e3o uma sensa\u00e7\u00e3o de seguran\u00e7a ao animal.<\/p>\n<p><strong>No pa\u00eds, n\u00e3o h\u00e1 uma \u00fanica legisla\u00e7\u00e3o disciplinando ou proibindo a pr\u00e1tica.<\/strong>\u00a0Um decreto de 1942 diz que a venda de fogos de artif\u00edcio com estampido \u00e9 proibida para menores de 18 anos de idade, nos casos em que com 0,25 centigramas de p\u00f3lvora. A legisla\u00e7\u00e3o diz ainda que a queima n\u00e3o pode acontecer nas proximidades dos hospitais, estabelecimentos de ensino, nas portas, janelas, terra\u00e7os, etc., dando para a via p\u00fablica e na pr\u00f3pria via p\u00fablica.<\/p>\n<p>Alguns estados como o Maranh\u00e3o, Rio Grande do Sul, S\u00e3o Paulo, Goi\u00e1s e Amap\u00e1, al\u00e9m do Distrito Federal, t\u00eam leis que tratam do uso de fogos de artif\u00edcio com estampido. Em geral, as legisla\u00e7\u00f5es pro\u00edbem o uso desses fogos a partir de uma quantidade de decib\u00e9is que varia de 70 a 100.<\/p>\n<p><strong>Em 2023, o Supremo Tribunal Federal (STF) decidiu que os munic\u00edpios t\u00eam legitimidade para aprovar leis que pro\u00edbam a soltura de fogos de artif\u00edcio e artefatos pirot\u00e9cnicos que produzam estampido.<\/strong><\/p>\n<p>A decis\u00e3o validou uma lei municipal de Itapetininga, em S\u00e3o Paulo. Outras cidades do estado como Caraguatatuba e Cubat\u00e3o, tamb\u00e9m t\u00eam legisla\u00e7\u00e3o sobre o uso de fogos de artif\u00edcio com estampido. Nas cidades de Joinville, no Paran\u00e1,\u00a0 Sapiranga, no Rio Grande do Sul, e capitais como Belo Horizonte, Campo Grande, S\u00e3o Lu\u00eds, S\u00e3o Paulo, Porto Alegre e Rio de Janeiro, a legisla\u00e7\u00e3o permite o uso de fogos sem estampidos ou com ru\u00eddo de at\u00e9 120 decib\u00e9is em eventos da prefeitura ou autorizados pelo Executivo municipal.<\/p>\n<p>No Congresso Nacional, tramita o\u00a0<a href=\"https:\/\/www.camara.leg.br\/proposicoesWeb\/prop_mostrarintegra?codteor=2828329&amp;filename=PL%205\/2022\" target=\"_blank\" rel=\"noopener\">Projeto de Lei 5\/2022<\/a>\u00a0que pro\u00edbe a fabrica\u00e7\u00e3o, o armazenamento, a comercializa\u00e7\u00e3o e o uso de fogos de artif\u00edcio que produzam barulho acima de 70 decib\u00e9is. O texto, j\u00e1 aprovado no Senado, aguarda delibera\u00e7\u00e3o da C\u00e2mara dos Deputados.<\/p>\n<p>Fonte: Ag\u00eancia Brasil<\/p>\n","protected":false},"excerpt":{"rendered":"<p>As festas de final de ano como Natal e R\u00e9veillon &#8211; marcadas por grandes celebra\u00e7\u00f5es &#8211; s\u00e3o momentos de alegria, empolga\u00e7\u00e3o e confraterniza\u00e7\u00e3o, mas trazem novamente para o debate o uso de fogos de artif\u00edcios com estampido. O tema \u00e9 sens\u00edvel e preocupa fam\u00edlias, profissionais da sa\u00fade e defensores da causa animal, uma vez que [&hellip;]<\/p>\n","protected":false},"author":13,"featured_media":109312,"comment_status":"closed","ping_status":"open","sticky":false,"template":"","format":"standard","meta":{"_acf_changed":false,"_exactmetrics_skip_tracking":false,"_exactmetrics_sitenote_active":false,"_exactmetrics_sitenote_note":"","_exactmetrics_sitenote_category":0,"footnotes":""},"categories":[1],"tags":[],"class_list":["post-109310","post","type-post","status-publish","format-standard","has-post-thumbnail","hentry","category-geral"],"acf":[],"yoast_head":"<!-- This site is optimized with the Yoast SEO plugin v27.2 - https:\/\/yoast.com\/product\/yoast-seo-wordpress\/ -->\n<title>Fogos de artif\u00edcios com estampido s\u00e3o risco para animais e pessoas - R\u00e1dio Life FM<\/title>\n<meta name=\"robots\" content=\"index, follow, max-snippet:-1, max-image-preview:large, max-video-preview:-1\" \/>\n<link rel=\"canonical\" href=\"https:\/\/radiolifefm.com.br\/noticias\/fogos-de-artificios-com-estampido-sao-risco-para-animais-e-pessoas\/\" \/>\n<meta property=\"og:locale\" content=\"pt_BR\" \/>\n<meta property=\"og:type\" content=\"article\" \/>\n<meta property=\"og:title\" content=\"Fogos de artif\u00edcios com estampido s\u00e3o risco para animais e pessoas - R\u00e1dio Life FM\" \/>\n<meta property=\"og:description\" content=\"As festas de final de ano como Natal e R\u00e9veillon &#8211; marcadas por grandes celebra\u00e7\u00f5es &#8211; s\u00e3o momentos de alegria, empolga\u00e7\u00e3o e confraterniza\u00e7\u00e3o, mas trazem novamente para o debate o uso de fogos de artif\u00edcios com estampido. O tema \u00e9 sens\u00edvel e preocupa fam\u00edlias, profissionais da sa\u00fade e defensores da causa animal, uma vez que [&hellip;]\" \/>\n<meta property=\"og:url\" content=\"https:\/\/radiolifefm.com.br\/noticias\/fogos-de-artificios-com-estampido-sao-risco-para-animais-e-pessoas\/\" \/>\n<meta property=\"og:site_name\" content=\"R\u00e1dio Life FM\" \/>\n<meta property=\"article:publisher\" content=\"https:\/\/www.facebook.com\/radiolifefm\/\" \/>\n<meta property=\"article:published_time\" content=\"2025-12-30T19:03:20+00:00\" \/>\n<meta property=\"article:modified_time\" content=\"2026-04-14T23:43:52+00:00\" \/>\n<meta property=\"og:image\" content=\"https:\/\/radiolifefm.com.br\/noticias\/wp-content\/uploads\/2025\/12\/download-1.jpg\" \/>\n\t<meta property=\"og:image:width\" content=\"275\" \/>\n\t<meta property=\"og:image:height\" content=\"183\" \/>\n\t<meta property=\"og:image:type\" content=\"image\/jpeg\" \/>\n<meta name=\"author\" content=\"ritanery\" \/>\n<meta name=\"twitter:card\" content=\"summary_large_image\" \/>\n<meta name=\"twitter:label1\" content=\"Escrito por\" \/>\n\t<meta name=\"twitter:data1\" content=\"ritanery\" \/>\n\t<meta name=\"twitter:label2\" content=\"Est. tempo de leitura\" \/>\n\t<meta name=\"twitter:data2\" content=\"4 minutos\" \/>\n<script type=\"application\/ld+json\" class=\"yoast-schema-graph\">{\"@context\":\"https:\/\/schema.org\",\"@graph\":[{\"@type\":\"Article\",\"@id\":\"https:\/\/radiolifefm.com.br\/noticias\/fogos-de-artificios-com-estampido-sao-risco-para-animais-e-pessoas\/#article\",\"isPartOf\":{\"@id\":\"https:\/\/radiolifefm.com.br\/noticias\/fogos-de-artificios-com-estampido-sao-risco-para-animais-e-pessoas\/\"},\"author\":{\"name\":\"ritanery\",\"@id\":\"https:\/\/radiolifefm.com.br\/noticias\/#\/schema\/person\/6339b9fac59d12b071dec680d7375d87\"},\"headline\":\"Fogos de artif\u00edcios com estampido s\u00e3o risco para animais e pessoas\",\"datePublished\":\"2025-12-30T19:03:20+00:00\",\"dateModified\":\"2026-04-14T23:43:52+00:00\",\"mainEntityOfPage\":{\"@id\":\"https:\/\/radiolifefm.com.br\/noticias\/fogos-de-artificios-com-estampido-sao-risco-para-animais-e-pessoas\/\"},\"wordCount\":653,\"publisher\":{\"@id\":\"https:\/\/radiolifefm.com.br\/noticias\/#organization\"},\"image\":{\"@id\":\"https:\/\/radiolifefm.com.br\/noticias\/fogos-de-artificios-com-estampido-sao-risco-para-animais-e-pessoas\/#primaryimage\"},\"thumbnailUrl\":\"https:\/\/radiolifefm.com.br\/noticias\/wp-content\/uploads\/2025\/12\/download-1.jpg\",\"articleSection\":[\"Geral\"],\"inLanguage\":\"pt-BR\"},{\"@type\":\"WebPage\",\"@id\":\"https:\/\/radiolifefm.com.br\/noticias\/fogos-de-artificios-com-estampido-sao-risco-para-animais-e-pessoas\/\",\"url\":\"https:\/\/radiolifefm.com.br\/noticias\/fogos-de-artificios-com-estampido-sao-risco-para-animais-e-pessoas\/\",\"name\":\"Fogos de artif\u00edcios com estampido s\u00e3o risco para animais e pessoas - R\u00e1dio Life FM\",\"isPartOf\":{\"@id\":\"https:\/\/radiolifefm.com.br\/noticias\/#website\"},\"primaryImageOfPage\":{\"@id\":\"https:\/\/radiolifefm.com.br\/noticias\/fogos-de-artificios-com-estampido-sao-risco-para-animais-e-pessoas\/#primaryimage\"},\"image\":{\"@id\":\"https:\/\/radiolifefm.com.br\/noticias\/fogos-de-artificios-com-estampido-sao-risco-para-animais-e-pessoas\/#primaryimage\"},\"thumbnailUrl\":\"https:\/\/radiolifefm.com.br\/noticias\/wp-content\/uploads\/2025\/12\/download-1.jpg\",\"datePublished\":\"2025-12-30T19:03:20+00:00\",\"dateModified\":\"2026-04-14T23:43:52+00:00\",\"breadcrumb\":{\"@id\":\"https:\/\/radiolifefm.com.br\/noticias\/fogos-de-artificios-com-estampido-sao-risco-para-animais-e-pessoas\/#breadcrumb\"},\"inLanguage\":\"pt-BR\",\"potentialAction\":[{\"@type\":\"ReadAction\",\"target\":[\"https:\/\/radiolifefm.com.br\/noticias\/fogos-de-artificios-com-estampido-sao-risco-para-animais-e-pessoas\/\"]}]},{\"@type\":\"ImageObject\",\"inLanguage\":\"pt-BR\",\"@id\":\"https:\/\/radiolifefm.com.br\/noticias\/fogos-de-artificios-com-estampido-sao-risco-para-animais-e-pessoas\/#primaryimage\",\"url\":\"https:\/\/radiolifefm.com.br\/noticias\/wp-content\/uploads\/2025\/12\/download-1.jpg\",\"contentUrl\":\"https:\/\/radiolifefm.com.br\/noticias\/wp-content\/uploads\/2025\/12\/download-1.jpg\",\"width\":275,\"height\":183,\"caption\":\"Cidades brasileiras j\u00e1 t\u00eam legisla\u00e7\u00e3o normatizando o uso\"},{\"@type\":\"BreadcrumbList\",\"@id\":\"https:\/\/radiolifefm.com.br\/noticias\/fogos-de-artificios-com-estampido-sao-risco-para-animais-e-pessoas\/#breadcrumb\",\"itemListElement\":[{\"@type\":\"ListItem\",\"position\":1,\"name\":\"In\u00edcio\",\"item\":\"https:\/\/radiolifefm.com.br\/noticias\/\"},{\"@type\":\"ListItem\",\"position\":2,\"name\":\"Fogos de artif\u00edcios com estampido s\u00e3o risco para animais e pessoas\"}]},{\"@type\":\"WebSite\",\"@id\":\"https:\/\/radiolifefm.com.br\/noticias\/#website\",\"url\":\"https:\/\/radiolifefm.com.br\/noticias\/\",\"name\":\"R\u00e1dio Life FM\",\"description\":\"O Portal de Not\u00edcias de Adamantina\",\"publisher\":{\"@id\":\"https:\/\/radiolifefm.com.br\/noticias\/#organization\"},\"alternateName\":\"Life FM\",\"potentialAction\":[{\"@type\":\"SearchAction\",\"target\":{\"@type\":\"EntryPoint\",\"urlTemplate\":\"https:\/\/radiolifefm.com.br\/noticias\/?s={search_term_string}\"},\"query-input\":{\"@type\":\"PropertyValueSpecification\",\"valueRequired\":true,\"valueName\":\"search_term_string\"}}],\"inLanguage\":\"pt-BR\"},{\"@type\":\"Organization\",\"@id\":\"https:\/\/radiolifefm.com.br\/noticias\/#organization\",\"name\":\"R\u00e1dio Life FM\",\"alternateName\":\"Life FM\",\"url\":\"https:\/\/radiolifefm.com.br\/noticias\/\",\"logo\":{\"@type\":\"ImageObject\",\"inLanguage\":\"pt-BR\",\"@id\":\"https:\/\/radiolifefm.com.br\/noticias\/#\/schema\/logo\/image\/\",\"url\":\"https:\/\/static.radiolifefm.com.br\/noticias\/wp-content\/uploads\/2019\/10\/logo-lifefm.png\",\"contentUrl\":\"https:\/\/static.radiolifefm.com.br\/noticias\/wp-content\/uploads\/2019\/10\/logo-lifefm.png\",\"width\":196,\"height\":47,\"caption\":\"R\u00e1dio Life FM\"},\"image\":{\"@id\":\"https:\/\/radiolifefm.com.br\/noticias\/#\/schema\/logo\/image\/\"},\"sameAs\":[\"https:\/\/www.facebook.com\/radiolifefm\/\",\"https:\/\/www.instagram.com\/life1079fm\/\"]},{\"@type\":\"Person\",\"@id\":\"https:\/\/radiolifefm.com.br\/noticias\/#\/schema\/person\/6339b9fac59d12b071dec680d7375d87\",\"name\":\"ritanery\",\"image\":{\"@type\":\"ImageObject\",\"inLanguage\":\"pt-BR\",\"@id\":\"https:\/\/secure.gravatar.com\/avatar\/0e37bb19071f47c0b8a23f62a903df117c5a0e75f65a0c2901562f97cd41cf86?s=96&d=mm&r=g\",\"url\":\"https:\/\/secure.gravatar.com\/avatar\/0e37bb19071f47c0b8a23f62a903df117c5a0e75f65a0c2901562f97cd41cf86?s=96&d=mm&r=g\",\"contentUrl\":\"https:\/\/secure.gravatar.com\/avatar\/0e37bb19071f47c0b8a23f62a903df117c5a0e75f65a0c2901562f97cd41cf86?s=96&d=mm&r=g\",\"caption\":\"ritanery\"}}]}<\/script>\n<!-- \/ Yoast SEO plugin. -->","yoast_head_json":{"title":"Fogos de artif\u00edcios com estampido s\u00e3o risco para animais e pessoas - R\u00e1dio Life FM","robots":{"index":"index","follow":"follow","max-snippet":"max-snippet:-1","max-image-preview":"max-image-preview:large","max-video-preview":"max-video-preview:-1"},"canonical":"https:\/\/radiolifefm.com.br\/noticias\/fogos-de-artificios-com-estampido-sao-risco-para-animais-e-pessoas\/","og_locale":"pt_BR","og_type":"article","og_title":"Fogos de artif\u00edcios com estampido s\u00e3o risco para animais e pessoas - R\u00e1dio Life FM","og_description":"As festas de final de ano como Natal e R\u00e9veillon &#8211; marcadas por grandes celebra\u00e7\u00f5es &#8211; s\u00e3o momentos de alegria, empolga\u00e7\u00e3o e confraterniza\u00e7\u00e3o, mas trazem novamente para o debate o uso de fogos de artif\u00edcios com estampido. O tema \u00e9 sens\u00edvel e preocupa fam\u00edlias, profissionais da sa\u00fade e defensores da causa animal, uma vez que [&hellip;]","og_url":"https:\/\/radiolifefm.com.br\/noticias\/fogos-de-artificios-com-estampido-sao-risco-para-animais-e-pessoas\/","og_site_name":"R\u00e1dio Life FM","article_publisher":"https:\/\/www.facebook.com\/radiolifefm\/","article_published_time":"2025-12-30T19:03:20+00:00","article_modified_time":"2026-04-14T23:43:52+00:00","og_image":[{"width":275,"height":183,"url":"https:\/\/radiolifefm.com.br\/noticias\/wp-content\/uploads\/2025\/12\/download-1.jpg","type":"image\/jpeg"}],"author":"ritanery","twitter_card":"summary_large_image","twitter_misc":{"Escrito por":"ritanery","Est. tempo de leitura":"4 minutos"},"schema":{"@context":"https:\/\/schema.org","@graph":[{"@type":"Article","@id":"https:\/\/radiolifefm.com.br\/noticias\/fogos-de-artificios-com-estampido-sao-risco-para-animais-e-pessoas\/#article","isPartOf":{"@id":"https:\/\/radiolifefm.com.br\/noticias\/fogos-de-artificios-com-estampido-sao-risco-para-animais-e-pessoas\/"},"author":{"name":"ritanery","@id":"https:\/\/radiolifefm.com.br\/noticias\/#\/schema\/person\/6339b9fac59d12b071dec680d7375d87"},"headline":"Fogos de artif\u00edcios com estampido s\u00e3o risco para animais e pessoas","datePublished":"2025-12-30T19:03:20+00:00","dateModified":"2026-04-14T23:43:52+00:00","mainEntityOfPage":{"@id":"https:\/\/radiolifefm.com.br\/noticias\/fogos-de-artificios-com-estampido-sao-risco-para-animais-e-pessoas\/"},"wordCount":653,"publisher":{"@id":"https:\/\/radiolifefm.com.br\/noticias\/#organization"},"image":{"@id":"https:\/\/radiolifefm.com.br\/noticias\/fogos-de-artificios-com-estampido-sao-risco-para-animais-e-pessoas\/#primaryimage"},"thumbnailUrl":"https:\/\/radiolifefm.com.br\/noticias\/wp-content\/uploads\/2025\/12\/download-1.jpg","articleSection":["Geral"],"inLanguage":"pt-BR"},{"@type":"WebPage","@id":"https:\/\/radiolifefm.com.br\/noticias\/fogos-de-artificios-com-estampido-sao-risco-para-animais-e-pessoas\/","url":"https:\/\/radiolifefm.com.br\/noticias\/fogos-de-artificios-com-estampido-sao-risco-para-animais-e-pessoas\/","name":"Fogos de artif\u00edcios com estampido s\u00e3o risco para animais e pessoas - R\u00e1dio Life FM","isPartOf":{"@id":"https:\/\/radiolifefm.com.br\/noticias\/#website"},"primaryImageOfPage":{"@id":"https:\/\/radiolifefm.com.br\/noticias\/fogos-de-artificios-com-estampido-sao-risco-para-animais-e-pessoas\/#primaryimage"},"image":{"@id":"https:\/\/radiolifefm.com.br\/noticias\/fogos-de-artificios-com-estampido-sao-risco-para-animais-e-pessoas\/#primaryimage"},"thumbnailUrl":"https:\/\/radiolifefm.com.br\/noticias\/wp-content\/uploads\/2025\/12\/download-1.jpg","datePublished":"2025-12-30T19:03:20+00:00","dateModified":"2026-04-14T23:43:52+00:00","breadcrumb":{"@id":"https:\/\/radiolifefm.com.br\/noticias\/fogos-de-artificios-com-estampido-sao-risco-para-animais-e-pessoas\/#breadcrumb"},"inLanguage":"pt-BR","potentialAction":[{"@type":"ReadAction","target":["https:\/\/radiolifefm.com.br\/noticias\/fogos-de-artificios-com-estampido-sao-risco-para-animais-e-pessoas\/"]}]},{"@type":"ImageObject","inLanguage":"pt-BR","@id":"https:\/\/radiolifefm.com.br\/noticias\/fogos-de-artificios-com-estampido-sao-risco-para-animais-e-pessoas\/#primaryimage","url":"https:\/\/radiolifefm.com.br\/noticias\/wp-content\/uploads\/2025\/12\/download-1.jpg","contentUrl":"https:\/\/radiolifefm.com.br\/noticias\/wp-content\/uploads\/2025\/12\/download-1.jpg","width":275,"height":183,"caption":"Cidades brasileiras j\u00e1 t\u00eam legisla\u00e7\u00e3o normatizando o uso"},{"@type":"BreadcrumbList","@id":"https:\/\/radiolifefm.com.br\/noticias\/fogos-de-artificios-com-estampido-sao-risco-para-animais-e-pessoas\/#breadcrumb","itemListElement":[{"@type":"ListItem","position":1,"name":"In\u00edcio","item":"https:\/\/radiolifefm.com.br\/noticias\/"},{"@type":"ListItem","position":2,"name":"Fogos de artif\u00edcios com estampido s\u00e3o risco para animais e pessoas"}]},{"@type":"WebSite","@id":"https:\/\/radiolifefm.com.br\/noticias\/#website","url":"https:\/\/radiolifefm.com.br\/noticias\/","name":"R\u00e1dio Life FM","description":"O Portal de Not\u00edcias de Adamantina","publisher":{"@id":"https:\/\/radiolifefm.com.br\/noticias\/#organization"},"alternateName":"Life FM","potentialAction":[{"@type":"SearchAction","target":{"@type":"EntryPoint","urlTemplate":"https:\/\/radiolifefm.com.br\/noticias\/?s={search_term_string}"},"query-input":{"@type":"PropertyValueSpecification","valueRequired":true,"valueName":"search_term_string"}}],"inLanguage":"pt-BR"},{"@type":"Organization","@id":"https:\/\/radiolifefm.com.br\/noticias\/#organization","name":"R\u00e1dio Life FM","alternateName":"Life FM","url":"https:\/\/radiolifefm.com.br\/noticias\/","logo":{"@type":"ImageObject","inLanguage":"pt-BR","@id":"https:\/\/radiolifefm.com.br\/noticias\/#\/schema\/logo\/image\/","url":"https:\/\/static.radiolifefm.com.br\/noticias\/wp-content\/uploads\/2019\/10\/logo-lifefm.png","contentUrl":"https:\/\/static.radiolifefm.com.br\/noticias\/wp-content\/uploads\/2019\/10\/logo-lifefm.png","width":196,"height":47,"caption":"R\u00e1dio Life FM"},"image":{"@id":"https:\/\/radiolifefm.com.br\/noticias\/#\/schema\/logo\/image\/"},"sameAs":["https:\/\/www.facebook.com\/radiolifefm\/","https:\/\/www.instagram.com\/life1079fm\/"]},{"@type":"Person","@id":"https:\/\/radiolifefm.com.br\/noticias\/#\/schema\/person\/6339b9fac59d12b071dec680d7375d87","name":"ritanery","image":{"@type":"ImageObject","inLanguage":"pt-BR","@id":"https:\/\/secure.gravatar.com\/avatar\/0e37bb19071f47c0b8a23f62a903df117c5a0e75f65a0c2901562f97cd41cf86?s=96&d=mm&r=g","url":"https:\/\/secure.gravatar.com\/avatar\/0e37bb19071f47c0b8a23f62a903df117c5a0e75f65a0c2901562f97cd41cf86?s=96&d=mm&r=g","contentUrl":"https:\/\/secure.gravatar.com\/avatar\/0e37bb19071f47c0b8a23f62a903df117c5a0e75f65a0c2901562f97cd41cf86?s=96&d=mm&r=g","caption":"ritanery"}}]}},"amp_enabled":true,"_links":{"self":[{"href":"https:\/\/radiolifefm.com.br\/noticias\/wp-json\/wp\/v2\/posts\/109310","targetHints":{"allow":["GET"]}}],"collection":[{"href":"https:\/\/radiolifefm.com.br\/noticias\/wp-json\/wp\/v2\/posts"}],"about":[{"href":"https:\/\/radiolifefm.com.br\/noticias\/wp-json\/wp\/v2\/types\/post"}],"author":[{"embeddable":true,"href":"https:\/\/radiolifefm.com.br\/noticias\/wp-json\/wp\/v2\/users\/13"}],"replies":[{"embeddable":true,"href":"https:\/\/radiolifefm.com.br\/noticias\/wp-json\/wp\/v2\/comments?post=109310"}],"version-history":[{"count":1,"href":"https:\/\/radiolifefm.com.br\/noticias\/wp-json\/wp\/v2\/posts\/109310\/revisions"}],"predecessor-version":[{"id":109313,"href":"https:\/\/radiolifefm.com.br\/noticias\/wp-json\/wp\/v2\/posts\/109310\/revisions\/109313"}],"wp:featuredmedia":[{"embeddable":true,"href":"https:\/\/radiolifefm.com.br\/noticias\/wp-json\/wp\/v2\/media\/109312"}],"wp:attachment":[{"href":"https:\/\/radiolifefm.com.br\/noticias\/wp-json\/wp\/v2\/media?parent=109310"}],"wp:term":[{"taxonomy":"category","embeddable":true,"href":"https:\/\/radiolifefm.com.br\/noticias\/wp-json\/wp\/v2\/categories?post=109310"},{"taxonomy":"post_tag","embeddable":true,"href":"https:\/\/radiolifefm.com.br\/noticias\/wp-json\/wp\/v2\/tags?post=109310"}],"curies":[{"name":"wp","href":"https:\/\/api.w.org\/{rel}","templated":true}]}}