{"id":108948,"date":"2025-12-24T06:37:12","date_gmt":"2025-12-24T09:37:12","guid":{"rendered":"https:\/\/radiolifefm.com.br\/noticias\/?p=108948"},"modified":"2026-04-14T22:16:36","modified_gmt":"2026-04-15T01:16:36","slug":"artigo-o-mundo-precisa-olhar-para-o-cooperativismo-nao-como-alternativa-mas-como-caminho","status":"publish","type":"post","link":"https:\/\/radiolifefm.com.br\/noticias\/artigo-o-mundo-precisa-olhar-para-o-cooperativismo-nao-como-alternativa-mas-como-caminho\/","title":{"rendered":"ARTIGO &#8211; O mundo precisa olhar para o cooperativismo n\u00e3o como alternativa, mas como caminho"},"content":{"rendered":"<div id=\"fb-root\"><\/div>\n<p>Num mundo que busca caminhos mais humanos, sustent\u00e1veis e inclusivos, o cooperativismo se consolida como um modelo capaz de transformar realidades de maneira concreta. N\u00e3o por acaso, a ONU escolheu 2025 como o Ano Internacional das Cooperativas. Hoje, o modelo est\u00e1 espalhado por todos os continentes e setores. De acordo com a Alian\u00e7a Cooperativa Internacional, existem mais de 3 milh\u00f5es de cooperativas no mundo, reunindo um bilh\u00e3o de pessoas \u2014 cerca de 12% da popula\u00e7\u00e3o mundial. O impacto econ\u00f4mico tamb\u00e9m \u00e9 gigante: s\u00e3o 280 milh\u00f5es de empregos gerados, cadeias produtivas fortalecidas e comunidades inteiras movimentadas, reduzindo desigualdades e criando novas oportunidades.<\/p>\n<p>Esse impacto se torna especialmente evidente quando observamos o papel das institui\u00e7\u00f5es financeiras cooperativas. Em um ambiente marcado por concentra\u00e7\u00e3o banc\u00e1ria, juros elevados e dist\u00e2ncia f\u00edsica e simb\u00f3lica entre institui\u00e7\u00f5es e pessoas, as cooperativas fazem a ponte que falta. Elas chegam antes \u2014 e onde ningu\u00e9m chega. S\u00e3o mais de 743 cooperativas de cr\u00e9dito no Brasil atendendo milh\u00f5es de pessoas, muitas delas em munic\u00edpios pequenos, onde a presen\u00e7a de um \u00fanico ponto de atendimento pode significar o in\u00edcio de um ciclo de oportunidades. Ao oferecer cr\u00e9dito com taxas mais acess\u00edveis, orienta\u00e7\u00e3o qualificada e solu\u00e7\u00f5es de um modo mais humanizado, as cooperativas promovem a verdadeira inclus\u00e3o financeira: aquela que n\u00e3o se limita a abrir contas, mas que viabiliza sonhos, investimentos, moderniza\u00e7\u00e3o, expans\u00e3o e gera\u00e7\u00e3o de renda real.<\/p>\n<p>Esse \u00e9 o diferencial central do cooperativismo: ele agrega renda; n\u00e3o retira. O modelo torna isso poss\u00edvel porque o cooperado se beneficia em tr\u00eas dimens\u00f5es. Primeiro, pelo acesso ao cr\u00e9dito mais justo e com uma abordagem respons\u00e1vel por parte da cooperativa. Segundo, pela economia proporcionada por taxas e tarifas mais adequadas \u00e0 realidade de fam\u00edlias, profissionais liberais, empres\u00e1rios e agricultores. Terceiro, pelo retorno financeiro das sobras \u2014 o resultado anual da cooperativa \u2014 devolvido proporcionalmente aos cooperados \u00c9 um ciclo virtuoso em que o dinheiro n\u00e3o sai da regi\u00e3o, mas circula nela, fortalecendo la\u00e7os econ\u00f4micos, estimulando o com\u00e9rcio local e evitando a concentra\u00e7\u00e3o de recursos nos grandes centros. Diferentemente de institui\u00e7\u00f5es tradicionais, o cooperativismo multiplica a renda ao devolv\u00ea-la a quem produz e movimenta a economia. A pesquisa da FIPE\/USP deste ano, que avaliou dados econ\u00f4micos de todos os munic\u00edpios brasileiros, ilustra isso. Nas regi\u00f5es onde h\u00e1 uma ou mais cooperativas, o impacto agregado em um ano foi de mais de R$ 48 bilh\u00f5es, 70 mil novas empresas e 278 mil postos de trabalho. Al\u00e9m disso, o cooperativismo incrementa o PIB per capita dos munic\u00edpios em 5,6%, cria 6,2% mais vagas de trabalho formal e aumenta o n\u00famero de estabelecimentos comerciais em 15,7%, estimulando o empreendedorismo local.<\/p>\n<p>Um grupo que expressa a for\u00e7a desse modelo s\u00e3o as micro e pequenas empresas. Hoje, 26% das MPEs brasileiras t\u00eam relacionamento com o Sicredi, o que revela o tamanho do impacto da presen\u00e7a cooperativa no empreendedorismo nacional. Empreendedores recebem n\u00e3o apenas cr\u00e9dito mais acess\u00edvel, mas tamb\u00e9m orienta\u00e7\u00e3o pr\u00f3xima e solu\u00e7\u00f5es adaptadas \u00e0 realidade dos pequenos neg\u00f3cios, que muitas vezes s\u00e3o o motor econ\u00f4mico de cidades interioranas. Apoiar essas empresas significa estimular empregos locais, fomentar inova\u00e7\u00e3o, fortalecer cadeias produtivas e manter viva a economia das comunidades \u2014 tudo isso enquanto parte dos resultados retorna para os pr\u00f3prios empreendedores, refor\u00e7ando o ciclo de prosperidade. No campo, essa l\u00f3gica cooperativa tamb\u00e9m se traduz em resultados concretos, fortalecendo elos produtivos do agroneg\u00f3cio e garantindo que pequenos e m\u00e9dios produtores tenham acesso \u00e0s mesmas oportunidades.<\/p>\n<p>A agricultura familiar \u00e9 outro exemplo poderoso do modelo cooperativista. Respons\u00e1vel pela maior parte dos alimentos que chegam \u00e0 mesa dos brasileiros, ela sustenta economias locais, preserva identidades culturais, garante a perman\u00eancia de fam\u00edlias no campo e sustenta tradi\u00e7\u00f5es que moldam o modo de vida rural. Quando cr\u00e9dito acess\u00edvel e orienta\u00e7\u00e3o chegam a esse p\u00fablico, o impacto \u00e9 imediato e profundo. Nos estados do Paran\u00e1, S\u00e3o Paulo e Rio de Janeiro, o Sicredi destinou mais de R$ 3 bilh\u00f5es em custeio e quase R$ 900 milh\u00f5es em investimentos somente na safra 24\/25, beneficiando cerca de 48 mil associados. O crescimento ao longo dos anos impressiona: o volume financiado para agricultura familiar mais que dobrou entre 20\/21 e 24\/25, refletindo n\u00e3o apenas a confian\u00e7a no pequeno produtor, mas tamb\u00e9m a capacidade de transforma\u00e7\u00e3o gerada quando a pol\u00edtica p\u00fablica se alia ao cooperativismo. Em n\u00edvel nacional, o avan\u00e7o se repete: o Sistema Sicredi destinou R$ 12,2 bilh\u00f5es \u00e0 agricultura familiar na safra 24\/25, quase o dobro do registrado cinco anos antes. Cada safra financiada representa mais do que n\u00fameros \u2014 \u00e9 moderniza\u00e7\u00e3o de propriedades, compra de m\u00e1quinas, aumento de produtividade, renda distribu\u00edda e comunidades inteiras fortalecidas.<\/p>\n<p>No conjunto, o impacto social das cooperativas ultrapassa a esfera financeira. Ele se expressa em educa\u00e7\u00e3o, cultura, empreendedorismo, inclus\u00e3o de jovens, desenvolvimento comunit\u00e1rio e sustentabilidade. S\u00f3 em 2024, o Sicredi destinou mais de R$ 435 milh\u00f5es a iniciativas de impacto \u2014 mais de R$ 1 milh\u00e3o por dia investido diretamente na sociedade. A soma desses movimentos prova que o cooperativismo \u00e9 uma resposta contempor\u00e2nea para problemas antigos: ele reduz desigualdades, amplia oportunidades, fortalece regi\u00f5es vulner\u00e1veis e cria um ambiente econ\u00f4mico mais equilibrado e compartilhado.<\/p>\n<p>\u00c9 por isso que a ONU discute transformar o Ano Internacional das Cooperativas em uma recorr\u00eancia peri\u00f3dica. A celebra\u00e7\u00e3o anual n\u00e3o \u00e9 suficiente para manter viva a pot\u00eancia do tema.\u00a0O mundo precisa olhar para o cooperativismo n\u00e3o como alternativa, mas como caminho. O cooperativismo \u00e9, afinal, um instrumento contempor\u00e2neo para um mundo que n\u00e3o pode mais conviver com desigualdade estrutural e concentra\u00e7\u00e3o de renda. Onde h\u00e1 cooperativa, a vida melhora. E quanto mais esse movimento crescer, mais pr\u00f3ximo estaremos de uma sociedade verdadeiramente inclusiva, sustent\u00e1vel e capaz de gerar riqueza para todos \u2014 e n\u00e3o para poucos.<\/p>\n<p><i>Artigo escrito por Manfred Dasenbrock, presidente da Central Sicredi PR\/SP\/RJ e diretor do Woccu (World Council of Credit Unions), \u00fanico representante brasileiro no conselho<\/i><\/p>\n","protected":false},"excerpt":{"rendered":"<p>Num mundo que busca caminhos mais humanos, sustent\u00e1veis e inclusivos, o cooperativismo se consolida como um modelo capaz de transformar realidades de maneira concreta. N\u00e3o por acaso, a ONU escolheu 2025 como o Ano Internacional das Cooperativas. Hoje, o modelo est\u00e1 espalhado por todos os continentes e setores. De acordo com a Alian\u00e7a Cooperativa Internacional, [&hellip;]<\/p>\n","protected":false},"author":13,"featured_media":108949,"comment_status":"closed","ping_status":"open","sticky":false,"template":"","format":"standard","meta":{"_acf_changed":false,"_exactmetrics_skip_tracking":false,"_exactmetrics_sitenote_active":false,"_exactmetrics_sitenote_note":"","_exactmetrics_sitenote_category":0,"footnotes":""},"categories":[1],"tags":[],"class_list":["post-108948","post","type-post","status-publish","format-standard","has-post-thumbnail","hentry","category-geral"],"acf":[],"yoast_head":"<!-- This site is optimized with the Yoast SEO plugin v27.2 - https:\/\/yoast.com\/product\/yoast-seo-wordpress\/ -->\n<title>ARTIGO - O mundo precisa olhar para o cooperativismo n\u00e3o como alternativa, mas como caminho - R\u00e1dio Life FM<\/title>\n<meta name=\"robots\" content=\"index, follow, max-snippet:-1, max-image-preview:large, max-video-preview:-1\" \/>\n<link rel=\"canonical\" href=\"https:\/\/radiolifefm.com.br\/noticias\/artigo-o-mundo-precisa-olhar-para-o-cooperativismo-nao-como-alternativa-mas-como-caminho\/\" \/>\n<meta property=\"og:locale\" content=\"pt_BR\" \/>\n<meta property=\"og:type\" content=\"article\" \/>\n<meta property=\"og:title\" content=\"ARTIGO - O mundo precisa olhar para o cooperativismo n\u00e3o como alternativa, mas como caminho - R\u00e1dio Life FM\" \/>\n<meta property=\"og:description\" content=\"Num mundo que busca caminhos mais humanos, sustent\u00e1veis e inclusivos, o cooperativismo se consolida como um modelo capaz de transformar realidades de maneira concreta. N\u00e3o por acaso, a ONU escolheu 2025 como o Ano Internacional das Cooperativas. Hoje, o modelo est\u00e1 espalhado por todos os continentes e setores. De acordo com a Alian\u00e7a Cooperativa Internacional, [&hellip;]\" \/>\n<meta property=\"og:url\" content=\"https:\/\/radiolifefm.com.br\/noticias\/artigo-o-mundo-precisa-olhar-para-o-cooperativismo-nao-como-alternativa-mas-como-caminho\/\" \/>\n<meta property=\"og:site_name\" content=\"R\u00e1dio Life FM\" \/>\n<meta property=\"article:publisher\" content=\"https:\/\/www.facebook.com\/radiolifefm\/\" \/>\n<meta property=\"article:published_time\" content=\"2025-12-24T09:37:12+00:00\" \/>\n<meta property=\"article:modified_time\" content=\"2026-04-15T01:16:36+00:00\" \/>\n<meta property=\"og:image\" content=\"https:\/\/radiolifefm.com.br\/noticias\/wp-content\/uploads\/2025\/12\/cats-19.jpg\" \/>\n\t<meta property=\"og:image:width\" content=\"640\" \/>\n\t<meta property=\"og:image:height\" content=\"400\" \/>\n\t<meta property=\"og:image:type\" content=\"image\/jpeg\" \/>\n<meta name=\"author\" content=\"ritanery\" \/>\n<meta name=\"twitter:card\" content=\"summary_large_image\" \/>\n<meta name=\"twitter:label1\" content=\"Escrito por\" \/>\n\t<meta name=\"twitter:data1\" content=\"ritanery\" \/>\n\t<meta name=\"twitter:label2\" content=\"Est. tempo de leitura\" \/>\n\t<meta name=\"twitter:data2\" content=\"6 minutos\" \/>\n<script type=\"application\/ld+json\" class=\"yoast-schema-graph\">{\"@context\":\"https:\/\/schema.org\",\"@graph\":[{\"@type\":\"Article\",\"@id\":\"https:\/\/radiolifefm.com.br\/noticias\/artigo-o-mundo-precisa-olhar-para-o-cooperativismo-nao-como-alternativa-mas-como-caminho\/#article\",\"isPartOf\":{\"@id\":\"https:\/\/radiolifefm.com.br\/noticias\/artigo-o-mundo-precisa-olhar-para-o-cooperativismo-nao-como-alternativa-mas-como-caminho\/\"},\"author\":{\"name\":\"ritanery\",\"@id\":\"https:\/\/radiolifefm.com.br\/noticias\/#\/schema\/person\/6339b9fac59d12b071dec680d7375d87\"},\"headline\":\"ARTIGO &#8211; O mundo precisa olhar para o cooperativismo n\u00e3o como alternativa, mas como caminho\",\"datePublished\":\"2025-12-24T09:37:12+00:00\",\"dateModified\":\"2026-04-15T01:16:36+00:00\",\"mainEntityOfPage\":{\"@id\":\"https:\/\/radiolifefm.com.br\/noticias\/artigo-o-mundo-precisa-olhar-para-o-cooperativismo-nao-como-alternativa-mas-como-caminho\/\"},\"wordCount\":1060,\"publisher\":{\"@id\":\"https:\/\/radiolifefm.com.br\/noticias\/#organization\"},\"image\":{\"@id\":\"https:\/\/radiolifefm.com.br\/noticias\/artigo-o-mundo-precisa-olhar-para-o-cooperativismo-nao-como-alternativa-mas-como-caminho\/#primaryimage\"},\"thumbnailUrl\":\"https:\/\/radiolifefm.com.br\/noticias\/wp-content\/uploads\/2025\/12\/cats-19.jpg\",\"articleSection\":[\"Geral\"],\"inLanguage\":\"pt-BR\"},{\"@type\":\"WebPage\",\"@id\":\"https:\/\/radiolifefm.com.br\/noticias\/artigo-o-mundo-precisa-olhar-para-o-cooperativismo-nao-como-alternativa-mas-como-caminho\/\",\"url\":\"https:\/\/radiolifefm.com.br\/noticias\/artigo-o-mundo-precisa-olhar-para-o-cooperativismo-nao-como-alternativa-mas-como-caminho\/\",\"name\":\"ARTIGO - O mundo precisa olhar para o cooperativismo n\u00e3o como alternativa, mas como caminho - R\u00e1dio Life FM\",\"isPartOf\":{\"@id\":\"https:\/\/radiolifefm.com.br\/noticias\/#website\"},\"primaryImageOfPage\":{\"@id\":\"https:\/\/radiolifefm.com.br\/noticias\/artigo-o-mundo-precisa-olhar-para-o-cooperativismo-nao-como-alternativa-mas-como-caminho\/#primaryimage\"},\"image\":{\"@id\":\"https:\/\/radiolifefm.com.br\/noticias\/artigo-o-mundo-precisa-olhar-para-o-cooperativismo-nao-como-alternativa-mas-como-caminho\/#primaryimage\"},\"thumbnailUrl\":\"https:\/\/radiolifefm.com.br\/noticias\/wp-content\/uploads\/2025\/12\/cats-19.jpg\",\"datePublished\":\"2025-12-24T09:37:12+00:00\",\"dateModified\":\"2026-04-15T01:16:36+00:00\",\"breadcrumb\":{\"@id\":\"https:\/\/radiolifefm.com.br\/noticias\/artigo-o-mundo-precisa-olhar-para-o-cooperativismo-nao-como-alternativa-mas-como-caminho\/#breadcrumb\"},\"inLanguage\":\"pt-BR\",\"potentialAction\":[{\"@type\":\"ReadAction\",\"target\":[\"https:\/\/radiolifefm.com.br\/noticias\/artigo-o-mundo-precisa-olhar-para-o-cooperativismo-nao-como-alternativa-mas-como-caminho\/\"]}]},{\"@type\":\"ImageObject\",\"inLanguage\":\"pt-BR\",\"@id\":\"https:\/\/radiolifefm.com.br\/noticias\/artigo-o-mundo-precisa-olhar-para-o-cooperativismo-nao-como-alternativa-mas-como-caminho\/#primaryimage\",\"url\":\"https:\/\/radiolifefm.com.br\/noticias\/wp-content\/uploads\/2025\/12\/cats-19.jpg\",\"contentUrl\":\"https:\/\/radiolifefm.com.br\/noticias\/wp-content\/uploads\/2025\/12\/cats-19.jpg\",\"width\":640,\"height\":400},{\"@type\":\"BreadcrumbList\",\"@id\":\"https:\/\/radiolifefm.com.br\/noticias\/artigo-o-mundo-precisa-olhar-para-o-cooperativismo-nao-como-alternativa-mas-como-caminho\/#breadcrumb\",\"itemListElement\":[{\"@type\":\"ListItem\",\"position\":1,\"name\":\"In\u00edcio\",\"item\":\"https:\/\/radiolifefm.com.br\/noticias\/\"},{\"@type\":\"ListItem\",\"position\":2,\"name\":\"ARTIGO &#8211; O mundo precisa olhar para o cooperativismo n\u00e3o como alternativa, mas como caminho\"}]},{\"@type\":\"WebSite\",\"@id\":\"https:\/\/radiolifefm.com.br\/noticias\/#website\",\"url\":\"https:\/\/radiolifefm.com.br\/noticias\/\",\"name\":\"R\u00e1dio Life FM\",\"description\":\"O Portal de Not\u00edcias de Adamantina\",\"publisher\":{\"@id\":\"https:\/\/radiolifefm.com.br\/noticias\/#organization\"},\"alternateName\":\"Life FM\",\"potentialAction\":[{\"@type\":\"SearchAction\",\"target\":{\"@type\":\"EntryPoint\",\"urlTemplate\":\"https:\/\/radiolifefm.com.br\/noticias\/?s={search_term_string}\"},\"query-input\":{\"@type\":\"PropertyValueSpecification\",\"valueRequired\":true,\"valueName\":\"search_term_string\"}}],\"inLanguage\":\"pt-BR\"},{\"@type\":\"Organization\",\"@id\":\"https:\/\/radiolifefm.com.br\/noticias\/#organization\",\"name\":\"R\u00e1dio Life FM\",\"alternateName\":\"Life FM\",\"url\":\"https:\/\/radiolifefm.com.br\/noticias\/\",\"logo\":{\"@type\":\"ImageObject\",\"inLanguage\":\"pt-BR\",\"@id\":\"https:\/\/radiolifefm.com.br\/noticias\/#\/schema\/logo\/image\/\",\"url\":\"https:\/\/static.radiolifefm.com.br\/noticias\/wp-content\/uploads\/2019\/10\/logo-lifefm.png\",\"contentUrl\":\"https:\/\/static.radiolifefm.com.br\/noticias\/wp-content\/uploads\/2019\/10\/logo-lifefm.png\",\"width\":196,\"height\":47,\"caption\":\"R\u00e1dio Life FM\"},\"image\":{\"@id\":\"https:\/\/radiolifefm.com.br\/noticias\/#\/schema\/logo\/image\/\"},\"sameAs\":[\"https:\/\/www.facebook.com\/radiolifefm\/\",\"https:\/\/www.instagram.com\/life1079fm\/\"]},{\"@type\":\"Person\",\"@id\":\"https:\/\/radiolifefm.com.br\/noticias\/#\/schema\/person\/6339b9fac59d12b071dec680d7375d87\",\"name\":\"ritanery\",\"image\":{\"@type\":\"ImageObject\",\"inLanguage\":\"pt-BR\",\"@id\":\"https:\/\/secure.gravatar.com\/avatar\/0e37bb19071f47c0b8a23f62a903df117c5a0e75f65a0c2901562f97cd41cf86?s=96&d=mm&r=g\",\"url\":\"https:\/\/secure.gravatar.com\/avatar\/0e37bb19071f47c0b8a23f62a903df117c5a0e75f65a0c2901562f97cd41cf86?s=96&d=mm&r=g\",\"contentUrl\":\"https:\/\/secure.gravatar.com\/avatar\/0e37bb19071f47c0b8a23f62a903df117c5a0e75f65a0c2901562f97cd41cf86?s=96&d=mm&r=g\",\"caption\":\"ritanery\"}}]}<\/script>\n<!-- \/ Yoast SEO plugin. -->","yoast_head_json":{"title":"ARTIGO - O mundo precisa olhar para o cooperativismo n\u00e3o como alternativa, mas como caminho - R\u00e1dio Life FM","robots":{"index":"index","follow":"follow","max-snippet":"max-snippet:-1","max-image-preview":"max-image-preview:large","max-video-preview":"max-video-preview:-1"},"canonical":"https:\/\/radiolifefm.com.br\/noticias\/artigo-o-mundo-precisa-olhar-para-o-cooperativismo-nao-como-alternativa-mas-como-caminho\/","og_locale":"pt_BR","og_type":"article","og_title":"ARTIGO - O mundo precisa olhar para o cooperativismo n\u00e3o como alternativa, mas como caminho - R\u00e1dio Life FM","og_description":"Num mundo que busca caminhos mais humanos, sustent\u00e1veis e inclusivos, o cooperativismo se consolida como um modelo capaz de transformar realidades de maneira concreta. N\u00e3o por acaso, a ONU escolheu 2025 como o Ano Internacional das Cooperativas. Hoje, o modelo est\u00e1 espalhado por todos os continentes e setores. De acordo com a Alian\u00e7a Cooperativa Internacional, [&hellip;]","og_url":"https:\/\/radiolifefm.com.br\/noticias\/artigo-o-mundo-precisa-olhar-para-o-cooperativismo-nao-como-alternativa-mas-como-caminho\/","og_site_name":"R\u00e1dio Life FM","article_publisher":"https:\/\/www.facebook.com\/radiolifefm\/","article_published_time":"2025-12-24T09:37:12+00:00","article_modified_time":"2026-04-15T01:16:36+00:00","og_image":[{"width":640,"height":400,"url":"https:\/\/radiolifefm.com.br\/noticias\/wp-content\/uploads\/2025\/12\/cats-19.jpg","type":"image\/jpeg"}],"author":"ritanery","twitter_card":"summary_large_image","twitter_misc":{"Escrito por":"ritanery","Est. tempo de leitura":"6 minutos"},"schema":{"@context":"https:\/\/schema.org","@graph":[{"@type":"Article","@id":"https:\/\/radiolifefm.com.br\/noticias\/artigo-o-mundo-precisa-olhar-para-o-cooperativismo-nao-como-alternativa-mas-como-caminho\/#article","isPartOf":{"@id":"https:\/\/radiolifefm.com.br\/noticias\/artigo-o-mundo-precisa-olhar-para-o-cooperativismo-nao-como-alternativa-mas-como-caminho\/"},"author":{"name":"ritanery","@id":"https:\/\/radiolifefm.com.br\/noticias\/#\/schema\/person\/6339b9fac59d12b071dec680d7375d87"},"headline":"ARTIGO &#8211; O mundo precisa olhar para o cooperativismo n\u00e3o como alternativa, mas como caminho","datePublished":"2025-12-24T09:37:12+00:00","dateModified":"2026-04-15T01:16:36+00:00","mainEntityOfPage":{"@id":"https:\/\/radiolifefm.com.br\/noticias\/artigo-o-mundo-precisa-olhar-para-o-cooperativismo-nao-como-alternativa-mas-como-caminho\/"},"wordCount":1060,"publisher":{"@id":"https:\/\/radiolifefm.com.br\/noticias\/#organization"},"image":{"@id":"https:\/\/radiolifefm.com.br\/noticias\/artigo-o-mundo-precisa-olhar-para-o-cooperativismo-nao-como-alternativa-mas-como-caminho\/#primaryimage"},"thumbnailUrl":"https:\/\/radiolifefm.com.br\/noticias\/wp-content\/uploads\/2025\/12\/cats-19.jpg","articleSection":["Geral"],"inLanguage":"pt-BR"},{"@type":"WebPage","@id":"https:\/\/radiolifefm.com.br\/noticias\/artigo-o-mundo-precisa-olhar-para-o-cooperativismo-nao-como-alternativa-mas-como-caminho\/","url":"https:\/\/radiolifefm.com.br\/noticias\/artigo-o-mundo-precisa-olhar-para-o-cooperativismo-nao-como-alternativa-mas-como-caminho\/","name":"ARTIGO - O mundo precisa olhar para o cooperativismo n\u00e3o como alternativa, mas como caminho - R\u00e1dio Life FM","isPartOf":{"@id":"https:\/\/radiolifefm.com.br\/noticias\/#website"},"primaryImageOfPage":{"@id":"https:\/\/radiolifefm.com.br\/noticias\/artigo-o-mundo-precisa-olhar-para-o-cooperativismo-nao-como-alternativa-mas-como-caminho\/#primaryimage"},"image":{"@id":"https:\/\/radiolifefm.com.br\/noticias\/artigo-o-mundo-precisa-olhar-para-o-cooperativismo-nao-como-alternativa-mas-como-caminho\/#primaryimage"},"thumbnailUrl":"https:\/\/radiolifefm.com.br\/noticias\/wp-content\/uploads\/2025\/12\/cats-19.jpg","datePublished":"2025-12-24T09:37:12+00:00","dateModified":"2026-04-15T01:16:36+00:00","breadcrumb":{"@id":"https:\/\/radiolifefm.com.br\/noticias\/artigo-o-mundo-precisa-olhar-para-o-cooperativismo-nao-como-alternativa-mas-como-caminho\/#breadcrumb"},"inLanguage":"pt-BR","potentialAction":[{"@type":"ReadAction","target":["https:\/\/radiolifefm.com.br\/noticias\/artigo-o-mundo-precisa-olhar-para-o-cooperativismo-nao-como-alternativa-mas-como-caminho\/"]}]},{"@type":"ImageObject","inLanguage":"pt-BR","@id":"https:\/\/radiolifefm.com.br\/noticias\/artigo-o-mundo-precisa-olhar-para-o-cooperativismo-nao-como-alternativa-mas-como-caminho\/#primaryimage","url":"https:\/\/radiolifefm.com.br\/noticias\/wp-content\/uploads\/2025\/12\/cats-19.jpg","contentUrl":"https:\/\/radiolifefm.com.br\/noticias\/wp-content\/uploads\/2025\/12\/cats-19.jpg","width":640,"height":400},{"@type":"BreadcrumbList","@id":"https:\/\/radiolifefm.com.br\/noticias\/artigo-o-mundo-precisa-olhar-para-o-cooperativismo-nao-como-alternativa-mas-como-caminho\/#breadcrumb","itemListElement":[{"@type":"ListItem","position":1,"name":"In\u00edcio","item":"https:\/\/radiolifefm.com.br\/noticias\/"},{"@type":"ListItem","position":2,"name":"ARTIGO &#8211; O mundo precisa olhar para o cooperativismo n\u00e3o como alternativa, mas como caminho"}]},{"@type":"WebSite","@id":"https:\/\/radiolifefm.com.br\/noticias\/#website","url":"https:\/\/radiolifefm.com.br\/noticias\/","name":"R\u00e1dio Life FM","description":"O Portal de Not\u00edcias de Adamantina","publisher":{"@id":"https:\/\/radiolifefm.com.br\/noticias\/#organization"},"alternateName":"Life FM","potentialAction":[{"@type":"SearchAction","target":{"@type":"EntryPoint","urlTemplate":"https:\/\/radiolifefm.com.br\/noticias\/?s={search_term_string}"},"query-input":{"@type":"PropertyValueSpecification","valueRequired":true,"valueName":"search_term_string"}}],"inLanguage":"pt-BR"},{"@type":"Organization","@id":"https:\/\/radiolifefm.com.br\/noticias\/#organization","name":"R\u00e1dio Life FM","alternateName":"Life FM","url":"https:\/\/radiolifefm.com.br\/noticias\/","logo":{"@type":"ImageObject","inLanguage":"pt-BR","@id":"https:\/\/radiolifefm.com.br\/noticias\/#\/schema\/logo\/image\/","url":"https:\/\/static.radiolifefm.com.br\/noticias\/wp-content\/uploads\/2019\/10\/logo-lifefm.png","contentUrl":"https:\/\/static.radiolifefm.com.br\/noticias\/wp-content\/uploads\/2019\/10\/logo-lifefm.png","width":196,"height":47,"caption":"R\u00e1dio Life FM"},"image":{"@id":"https:\/\/radiolifefm.com.br\/noticias\/#\/schema\/logo\/image\/"},"sameAs":["https:\/\/www.facebook.com\/radiolifefm\/","https:\/\/www.instagram.com\/life1079fm\/"]},{"@type":"Person","@id":"https:\/\/radiolifefm.com.br\/noticias\/#\/schema\/person\/6339b9fac59d12b071dec680d7375d87","name":"ritanery","image":{"@type":"ImageObject","inLanguage":"pt-BR","@id":"https:\/\/secure.gravatar.com\/avatar\/0e37bb19071f47c0b8a23f62a903df117c5a0e75f65a0c2901562f97cd41cf86?s=96&d=mm&r=g","url":"https:\/\/secure.gravatar.com\/avatar\/0e37bb19071f47c0b8a23f62a903df117c5a0e75f65a0c2901562f97cd41cf86?s=96&d=mm&r=g","contentUrl":"https:\/\/secure.gravatar.com\/avatar\/0e37bb19071f47c0b8a23f62a903df117c5a0e75f65a0c2901562f97cd41cf86?s=96&d=mm&r=g","caption":"ritanery"}}]}},"amp_enabled":true,"_links":{"self":[{"href":"https:\/\/radiolifefm.com.br\/noticias\/wp-json\/wp\/v2\/posts\/108948","targetHints":{"allow":["GET"]}}],"collection":[{"href":"https:\/\/radiolifefm.com.br\/noticias\/wp-json\/wp\/v2\/posts"}],"about":[{"href":"https:\/\/radiolifefm.com.br\/noticias\/wp-json\/wp\/v2\/types\/post"}],"author":[{"embeddable":true,"href":"https:\/\/radiolifefm.com.br\/noticias\/wp-json\/wp\/v2\/users\/13"}],"replies":[{"embeddable":true,"href":"https:\/\/radiolifefm.com.br\/noticias\/wp-json\/wp\/v2\/comments?post=108948"}],"version-history":[{"count":1,"href":"https:\/\/radiolifefm.com.br\/noticias\/wp-json\/wp\/v2\/posts\/108948\/revisions"}],"predecessor-version":[{"id":108950,"href":"https:\/\/radiolifefm.com.br\/noticias\/wp-json\/wp\/v2\/posts\/108948\/revisions\/108950"}],"wp:featuredmedia":[{"embeddable":true,"href":"https:\/\/radiolifefm.com.br\/noticias\/wp-json\/wp\/v2\/media\/108949"}],"wp:attachment":[{"href":"https:\/\/radiolifefm.com.br\/noticias\/wp-json\/wp\/v2\/media?parent=108948"}],"wp:term":[{"taxonomy":"category","embeddable":true,"href":"https:\/\/radiolifefm.com.br\/noticias\/wp-json\/wp\/v2\/categories?post=108948"},{"taxonomy":"post_tag","embeddable":true,"href":"https:\/\/radiolifefm.com.br\/noticias\/wp-json\/wp\/v2\/tags?post=108948"}],"curies":[{"name":"wp","href":"https:\/\/api.w.org\/{rel}","templated":true}]}}