{"id":108941,"date":"2025-12-23T13:24:41","date_gmt":"2025-12-23T16:24:41","guid":{"rendered":"https:\/\/radiolifefm.com.br\/noticias\/?p=108941"},"modified":"2026-04-23T23:37:59","modified_gmt":"2026-04-24T02:37:59","slug":"jogo-das-estrelas-acontece-neste-sabado-no-estadio-municipal","status":"publish","type":"post","link":"https:\/\/radiolifefm.com.br\/noticias\/jogo-das-estrelas-acontece-neste-sabado-no-estadio-municipal\/","title":{"rendered":"Jogo das Estrelas acontece neste s\u00e1bado no Est\u00e1dio Municipal"},"content":{"rendered":"<div id=\"fb-root\"><\/div>\n<p data-start=\"83\" data-end=\"147\">\n<p data-start=\"149\" data-end=\"439\">Neste s\u00e1bado, dia 27, \u00e0s 10h, o Est\u00e1dio Municipal Ant\u00f4nio Goulart Marmo ser\u00e1 palco do tradicional <strong data-start=\"247\" data-end=\"268\">Jogo das Estrelas<\/strong>, organizado por um grupo de amigos esportistas, com apoio da Prefeitura de Adamantina, da Secretaria Municipal de Esportes, Lazer e Recrea\u00e7\u00e3o e do Adamantina T\u00eanis Clube.<\/p>\n<p data-start=\"441\" data-end=\"945\">O evento contar\u00e1 com a presen\u00e7a de ex-jogadores consagrados do futebol, como <strong data-start=\"518\" data-end=\"533\">Edu Dracena<\/strong> (ex-Corinthians, Palmeiras e Santos), <strong data-start=\"572\" data-end=\"588\">Rodrigo Caio<\/strong> (ex-S\u00e3o Paulo e Flamengo, atualmente auxiliar t\u00e9cnico ao lado de Filipe Lu\u00eds no Flamengo), o goleiro <strong data-start=\"690\" data-end=\"705\">C\u00e9sar Prado<\/strong> (ex-Cear\u00e1), <strong data-start=\"718\" data-end=\"737\">Renato Abonizio<\/strong>, <strong data-start=\"739\" data-end=\"749\">Enrico<\/strong> (goleiro das categorias de base do Palmeiras), <strong data-start=\"797\" data-end=\"813\">Tiago Abelha<\/strong> (ex-AEA e Corinthians de Ara\u00e7atuba), <strong data-start=\"851\" data-end=\"861\">Alem\u00e3o<\/strong> (ex-futsal italiano), <strong data-start=\"884\" data-end=\"897\">Transouza<\/strong> e <strong data-start=\"900\" data-end=\"915\">Andr\u00e9 Cunha<\/strong> (ex-Ponte Preta e Palmeiras).<\/p>\n<p data-start=\"947\" data-end=\"1072\">Toda a programa\u00e7\u00e3o ter\u00e1 <strong data-start=\"971\" data-end=\"989\">entrada franca<\/strong>, proporcionando um momento de esporte, lazer e confraterniza\u00e7\u00e3o para a comunidade.<\/p>\n<p data-start=\"1074\" data-end=\"1314\">Os m\u00e9dicos <strong data-start=\"1085\" data-end=\"1110\">Dr. Rodrigo Menegatti<\/strong> e <strong data-start=\"1113\" data-end=\"1136\">Dra. Ruth Menegatti<\/strong>, presen\u00e7a constante nas edi\u00e7\u00f5es de fim de ano do evento, n\u00e3o poder\u00e3o participar nesta edi\u00e7\u00e3o por compromissos familiares, mas refor\u00e7am seu apoio \u00e0 iniciativa, mesmo \u00e0 dist\u00e2ncia.<\/p>\n","protected":false},"excerpt":{"rendered":"<p>Neste s\u00e1bado, dia 27, \u00e0s 10h, o Est\u00e1dio Municipal Ant\u00f4nio Goulart Marmo ser\u00e1 palco do tradicional Jogo das Estrelas, organizado por um grupo de amigos esportistas, com apoio da Prefeitura de Adamantina, da Secretaria Municipal de Esportes, Lazer e Recrea\u00e7\u00e3o e do Adamantina T\u00eanis Clube. O evento contar\u00e1 com a presen\u00e7a de ex-jogadores consagrados do [&hellip;]<\/p>\n","protected":false},"author":8,"featured_media":108942,"comment_status":"closed","ping_status":"open","sticky":false,"template":"","format":"standard","meta":{"_acf_changed":false,"_exactmetrics_skip_tracking":false,"_exactmetrics_sitenote_active":false,"_exactmetrics_sitenote_note":"","_exactmetrics_sitenote_category":0,"footnotes":""},"categories":[1],"tags":[],"class_list":["post-108941","post","type-post","status-publish","format-standard","has-post-thumbnail","hentry","category-geral"],"acf":[],"yoast_head":"<!-- This site is optimized with the Yoast SEO plugin v27.2 - https:\/\/yoast.com\/product\/yoast-seo-wordpress\/ -->\n<title>Jogo das Estrelas acontece neste s\u00e1bado no Est\u00e1dio Municipal - R\u00e1dio Life FM<\/title>\n<meta name=\"robots\" content=\"index, follow, max-snippet:-1, max-image-preview:large, max-video-preview:-1\" \/>\n<link rel=\"canonical\" href=\"https:\/\/radiolifefm.com.br\/noticias\/jogo-das-estrelas-acontece-neste-sabado-no-estadio-municipal\/\" \/>\n<meta property=\"og:locale\" content=\"pt_BR\" \/>\n<meta property=\"og:type\" content=\"article\" \/>\n<meta property=\"og:title\" content=\"Jogo das Estrelas acontece neste s\u00e1bado no Est\u00e1dio Municipal - R\u00e1dio Life FM\" \/>\n<meta property=\"og:description\" content=\"Neste s\u00e1bado, dia 27, \u00e0s 10h, o Est\u00e1dio Municipal Ant\u00f4nio Goulart Marmo ser\u00e1 palco do tradicional Jogo das Estrelas, organizado por um grupo de amigos esportistas, com apoio da Prefeitura de Adamantina, da Secretaria Municipal de Esportes, Lazer e Recrea\u00e7\u00e3o e do Adamantina T\u00eanis Clube. O evento contar\u00e1 com a presen\u00e7a de ex-jogadores consagrados do [&hellip;]\" \/>\n<meta property=\"og:url\" content=\"https:\/\/radiolifefm.com.br\/noticias\/jogo-das-estrelas-acontece-neste-sabado-no-estadio-municipal\/\" \/>\n<meta property=\"og:site_name\" content=\"R\u00e1dio Life FM\" \/>\n<meta property=\"article:publisher\" content=\"https:\/\/www.facebook.com\/radiolifefm\/\" \/>\n<meta property=\"article:published_time\" content=\"2025-12-23T16:24:41+00:00\" \/>\n<meta property=\"article:modified_time\" content=\"2026-04-24T02:37:59+00:00\" \/>\n<meta property=\"og:image\" content=\"https:\/\/radiolifefm.com.br\/noticias\/wp-content\/uploads\/2025\/12\/WhatsApp-Image-2025-12-22-at-19.25.21.jpeg\" \/>\n\t<meta property=\"og:image:width\" content=\"1600\" \/>\n\t<meta property=\"og:image:height\" content=\"1098\" \/>\n\t<meta property=\"og:image:type\" content=\"image\/jpeg\" \/>\n<meta name=\"author\" content=\"joaograndao\" \/>\n<meta name=\"twitter:card\" content=\"summary_large_image\" \/>\n<meta name=\"twitter:label1\" content=\"Escrito por\" \/>\n\t<meta name=\"twitter:data1\" content=\"joaograndao\" \/>\n\t<meta name=\"twitter:label2\" content=\"Est. tempo de leitura\" \/>\n\t<meta name=\"twitter:data2\" content=\"2 minutos\" \/>\n<script type=\"application\/ld+json\" class=\"yoast-schema-graph\">{\"@context\":\"https:\/\/schema.org\",\"@graph\":[{\"@type\":\"Article\",\"@id\":\"https:\/\/radiolifefm.com.br\/noticias\/jogo-das-estrelas-acontece-neste-sabado-no-estadio-municipal\/#article\",\"isPartOf\":{\"@id\":\"https:\/\/radiolifefm.com.br\/noticias\/jogo-das-estrelas-acontece-neste-sabado-no-estadio-municipal\/\"},\"author\":{\"name\":\"joaograndao\",\"@id\":\"https:\/\/radiolifefm.com.br\/noticias\/#\/schema\/person\/6876e1240feffe6e1b63fd5cb85abf28\"},\"headline\":\"Jogo das Estrelas acontece neste s\u00e1bado no Est\u00e1dio Municipal\",\"datePublished\":\"2025-12-23T16:24:41+00:00\",\"dateModified\":\"2026-04-24T02:37:59+00:00\",\"mainEntityOfPage\":{\"@id\":\"https:\/\/radiolifefm.com.br\/noticias\/jogo-das-estrelas-acontece-neste-sabado-no-estadio-municipal\/\"},\"wordCount\":195,\"publisher\":{\"@id\":\"https:\/\/radiolifefm.com.br\/noticias\/#organization\"},\"image\":{\"@id\":\"https:\/\/radiolifefm.com.br\/noticias\/jogo-das-estrelas-acontece-neste-sabado-no-estadio-municipal\/#primaryimage\"},\"thumbnailUrl\":\"https:\/\/radiolifefm.com.br\/noticias\/wp-content\/uploads\/2025\/12\/WhatsApp-Image-2025-12-22-at-19.25.21.jpeg\",\"articleSection\":[\"Geral\"],\"inLanguage\":\"pt-BR\"},{\"@type\":\"WebPage\",\"@id\":\"https:\/\/radiolifefm.com.br\/noticias\/jogo-das-estrelas-acontece-neste-sabado-no-estadio-municipal\/\",\"url\":\"https:\/\/radiolifefm.com.br\/noticias\/jogo-das-estrelas-acontece-neste-sabado-no-estadio-municipal\/\",\"name\":\"Jogo das Estrelas acontece neste s\u00e1bado no Est\u00e1dio Municipal - R\u00e1dio Life FM\",\"isPartOf\":{\"@id\":\"https:\/\/radiolifefm.com.br\/noticias\/#website\"},\"primaryImageOfPage\":{\"@id\":\"https:\/\/radiolifefm.com.br\/noticias\/jogo-das-estrelas-acontece-neste-sabado-no-estadio-municipal\/#primaryimage\"},\"image\":{\"@id\":\"https:\/\/radiolifefm.com.br\/noticias\/jogo-das-estrelas-acontece-neste-sabado-no-estadio-municipal\/#primaryimage\"},\"thumbnailUrl\":\"https:\/\/radiolifefm.com.br\/noticias\/wp-content\/uploads\/2025\/12\/WhatsApp-Image-2025-12-22-at-19.25.21.jpeg\",\"datePublished\":\"2025-12-23T16:24:41+00:00\",\"dateModified\":\"2026-04-24T02:37:59+00:00\",\"breadcrumb\":{\"@id\":\"https:\/\/radiolifefm.com.br\/noticias\/jogo-das-estrelas-acontece-neste-sabado-no-estadio-municipal\/#breadcrumb\"},\"inLanguage\":\"pt-BR\",\"potentialAction\":[{\"@type\":\"ReadAction\",\"target\":[\"https:\/\/radiolifefm.com.br\/noticias\/jogo-das-estrelas-acontece-neste-sabado-no-estadio-municipal\/\"]}]},{\"@type\":\"ImageObject\",\"inLanguage\":\"pt-BR\",\"@id\":\"https:\/\/radiolifefm.com.br\/noticias\/jogo-das-estrelas-acontece-neste-sabado-no-estadio-municipal\/#primaryimage\",\"url\":\"https:\/\/radiolifefm.com.br\/noticias\/wp-content\/uploads\/2025\/12\/WhatsApp-Image-2025-12-22-at-19.25.21.jpeg\",\"contentUrl\":\"https:\/\/radiolifefm.com.br\/noticias\/wp-content\/uploads\/2025\/12\/WhatsApp-Image-2025-12-22-at-19.25.21.jpeg\",\"width\":1600,\"height\":1098},{\"@type\":\"BreadcrumbList\",\"@id\":\"https:\/\/radiolifefm.com.br\/noticias\/jogo-das-estrelas-acontece-neste-sabado-no-estadio-municipal\/#breadcrumb\",\"itemListElement\":[{\"@type\":\"ListItem\",\"position\":1,\"name\":\"In\u00edcio\",\"item\":\"https:\/\/radiolifefm.com.br\/noticias\/\"},{\"@type\":\"ListItem\",\"position\":2,\"name\":\"Jogo das Estrelas acontece neste s\u00e1bado no Est\u00e1dio Municipal\"}]},{\"@type\":\"WebSite\",\"@id\":\"https:\/\/radiolifefm.com.br\/noticias\/#website\",\"url\":\"https:\/\/radiolifefm.com.br\/noticias\/\",\"name\":\"R\u00e1dio Life FM\",\"description\":\"O Portal de Not\u00edcias de Adamantina\",\"publisher\":{\"@id\":\"https:\/\/radiolifefm.com.br\/noticias\/#organization\"},\"alternateName\":\"Life FM\",\"potentialAction\":[{\"@type\":\"SearchAction\",\"target\":{\"@type\":\"EntryPoint\",\"urlTemplate\":\"https:\/\/radiolifefm.com.br\/noticias\/?s={search_term_string}\"},\"query-input\":{\"@type\":\"PropertyValueSpecification\",\"valueRequired\":true,\"valueName\":\"search_term_string\"}}],\"inLanguage\":\"pt-BR\"},{\"@type\":\"Organization\",\"@id\":\"https:\/\/radiolifefm.com.br\/noticias\/#organization\",\"name\":\"R\u00e1dio Life FM\",\"alternateName\":\"Life FM\",\"url\":\"https:\/\/radiolifefm.com.br\/noticias\/\",\"logo\":{\"@type\":\"ImageObject\",\"inLanguage\":\"pt-BR\",\"@id\":\"https:\/\/radiolifefm.com.br\/noticias\/#\/schema\/logo\/image\/\",\"url\":\"https:\/\/static.radiolifefm.com.br\/noticias\/wp-content\/uploads\/2019\/10\/logo-lifefm.png\",\"contentUrl\":\"https:\/\/static.radiolifefm.com.br\/noticias\/wp-content\/uploads\/2019\/10\/logo-lifefm.png\",\"width\":196,\"height\":47,\"caption\":\"R\u00e1dio Life FM\"},\"image\":{\"@id\":\"https:\/\/radiolifefm.com.br\/noticias\/#\/schema\/logo\/image\/\"},\"sameAs\":[\"https:\/\/www.facebook.com\/radiolifefm\/\",\"https:\/\/www.instagram.com\/life1079fm\/\"]},{\"@type\":\"Person\",\"@id\":\"https:\/\/radiolifefm.com.br\/noticias\/#\/schema\/person\/6876e1240feffe6e1b63fd5cb85abf28\",\"name\":\"joaograndao\",\"image\":{\"@type\":\"ImageObject\",\"inLanguage\":\"pt-BR\",\"@id\":\"https:\/\/secure.gravatar.com\/avatar\/d5b1a3cf357ed9c50404e256a1294083aa8ab5d2a994001567302786016cb32c?s=96&d=mm&r=g\",\"url\":\"https:\/\/secure.gravatar.com\/avatar\/d5b1a3cf357ed9c50404e256a1294083aa8ab5d2a994001567302786016cb32c?s=96&d=mm&r=g\",\"contentUrl\":\"https:\/\/secure.gravatar.com\/avatar\/d5b1a3cf357ed9c50404e256a1294083aa8ab5d2a994001567302786016cb32c?s=96&d=mm&r=g\",\"caption\":\"joaograndao\"}}]}<\/script>\n<!-- \/ Yoast SEO plugin. -->","yoast_head_json":{"title":"Jogo das Estrelas acontece neste s\u00e1bado no Est\u00e1dio Municipal - R\u00e1dio Life FM","robots":{"index":"index","follow":"follow","max-snippet":"max-snippet:-1","max-image-preview":"max-image-preview:large","max-video-preview":"max-video-preview:-1"},"canonical":"https:\/\/radiolifefm.com.br\/noticias\/jogo-das-estrelas-acontece-neste-sabado-no-estadio-municipal\/","og_locale":"pt_BR","og_type":"article","og_title":"Jogo das Estrelas acontece neste s\u00e1bado no Est\u00e1dio Municipal - R\u00e1dio Life FM","og_description":"Neste s\u00e1bado, dia 27, \u00e0s 10h, o Est\u00e1dio Municipal Ant\u00f4nio Goulart Marmo ser\u00e1 palco do tradicional Jogo das Estrelas, organizado por um grupo de amigos esportistas, com apoio da Prefeitura de Adamantina, da Secretaria Municipal de Esportes, Lazer e Recrea\u00e7\u00e3o e do Adamantina T\u00eanis Clube. O evento contar\u00e1 com a presen\u00e7a de ex-jogadores consagrados do [&hellip;]","og_url":"https:\/\/radiolifefm.com.br\/noticias\/jogo-das-estrelas-acontece-neste-sabado-no-estadio-municipal\/","og_site_name":"R\u00e1dio Life FM","article_publisher":"https:\/\/www.facebook.com\/radiolifefm\/","article_published_time":"2025-12-23T16:24:41+00:00","article_modified_time":"2026-04-24T02:37:59+00:00","og_image":[{"width":1600,"height":1098,"url":"https:\/\/radiolifefm.com.br\/noticias\/wp-content\/uploads\/2025\/12\/WhatsApp-Image-2025-12-22-at-19.25.21.jpeg","type":"image\/jpeg"}],"author":"joaograndao","twitter_card":"summary_large_image","twitter_misc":{"Escrito por":"joaograndao","Est. tempo de leitura":"2 minutos"},"schema":{"@context":"https:\/\/schema.org","@graph":[{"@type":"Article","@id":"https:\/\/radiolifefm.com.br\/noticias\/jogo-das-estrelas-acontece-neste-sabado-no-estadio-municipal\/#article","isPartOf":{"@id":"https:\/\/radiolifefm.com.br\/noticias\/jogo-das-estrelas-acontece-neste-sabado-no-estadio-municipal\/"},"author":{"name":"joaograndao","@id":"https:\/\/radiolifefm.com.br\/noticias\/#\/schema\/person\/6876e1240feffe6e1b63fd5cb85abf28"},"headline":"Jogo das Estrelas acontece neste s\u00e1bado no Est\u00e1dio Municipal","datePublished":"2025-12-23T16:24:41+00:00","dateModified":"2026-04-24T02:37:59+00:00","mainEntityOfPage":{"@id":"https:\/\/radiolifefm.com.br\/noticias\/jogo-das-estrelas-acontece-neste-sabado-no-estadio-municipal\/"},"wordCount":195,"publisher":{"@id":"https:\/\/radiolifefm.com.br\/noticias\/#organization"},"image":{"@id":"https:\/\/radiolifefm.com.br\/noticias\/jogo-das-estrelas-acontece-neste-sabado-no-estadio-municipal\/#primaryimage"},"thumbnailUrl":"https:\/\/radiolifefm.com.br\/noticias\/wp-content\/uploads\/2025\/12\/WhatsApp-Image-2025-12-22-at-19.25.21.jpeg","articleSection":["Geral"],"inLanguage":"pt-BR"},{"@type":"WebPage","@id":"https:\/\/radiolifefm.com.br\/noticias\/jogo-das-estrelas-acontece-neste-sabado-no-estadio-municipal\/","url":"https:\/\/radiolifefm.com.br\/noticias\/jogo-das-estrelas-acontece-neste-sabado-no-estadio-municipal\/","name":"Jogo das Estrelas acontece neste s\u00e1bado no Est\u00e1dio Municipal - R\u00e1dio Life FM","isPartOf":{"@id":"https:\/\/radiolifefm.com.br\/noticias\/#website"},"primaryImageOfPage":{"@id":"https:\/\/radiolifefm.com.br\/noticias\/jogo-das-estrelas-acontece-neste-sabado-no-estadio-municipal\/#primaryimage"},"image":{"@id":"https:\/\/radiolifefm.com.br\/noticias\/jogo-das-estrelas-acontece-neste-sabado-no-estadio-municipal\/#primaryimage"},"thumbnailUrl":"https:\/\/radiolifefm.com.br\/noticias\/wp-content\/uploads\/2025\/12\/WhatsApp-Image-2025-12-22-at-19.25.21.jpeg","datePublished":"2025-12-23T16:24:41+00:00","dateModified":"2026-04-24T02:37:59+00:00","breadcrumb":{"@id":"https:\/\/radiolifefm.com.br\/noticias\/jogo-das-estrelas-acontece-neste-sabado-no-estadio-municipal\/#breadcrumb"},"inLanguage":"pt-BR","potentialAction":[{"@type":"ReadAction","target":["https:\/\/radiolifefm.com.br\/noticias\/jogo-das-estrelas-acontece-neste-sabado-no-estadio-municipal\/"]}]},{"@type":"ImageObject","inLanguage":"pt-BR","@id":"https:\/\/radiolifefm.com.br\/noticias\/jogo-das-estrelas-acontece-neste-sabado-no-estadio-municipal\/#primaryimage","url":"https:\/\/radiolifefm.com.br\/noticias\/wp-content\/uploads\/2025\/12\/WhatsApp-Image-2025-12-22-at-19.25.21.jpeg","contentUrl":"https:\/\/radiolifefm.com.br\/noticias\/wp-content\/uploads\/2025\/12\/WhatsApp-Image-2025-12-22-at-19.25.21.jpeg","width":1600,"height":1098},{"@type":"BreadcrumbList","@id":"https:\/\/radiolifefm.com.br\/noticias\/jogo-das-estrelas-acontece-neste-sabado-no-estadio-municipal\/#breadcrumb","itemListElement":[{"@type":"ListItem","position":1,"name":"In\u00edcio","item":"https:\/\/radiolifefm.com.br\/noticias\/"},{"@type":"ListItem","position":2,"name":"Jogo das Estrelas acontece neste s\u00e1bado no Est\u00e1dio Municipal"}]},{"@type":"WebSite","@id":"https:\/\/radiolifefm.com.br\/noticias\/#website","url":"https:\/\/radiolifefm.com.br\/noticias\/","name":"R\u00e1dio Life FM","description":"O Portal de Not\u00edcias de Adamantina","publisher":{"@id":"https:\/\/radiolifefm.com.br\/noticias\/#organization"},"alternateName":"Life FM","potentialAction":[{"@type":"SearchAction","target":{"@type":"EntryPoint","urlTemplate":"https:\/\/radiolifefm.com.br\/noticias\/?s={search_term_string}"},"query-input":{"@type":"PropertyValueSpecification","valueRequired":true,"valueName":"search_term_string"}}],"inLanguage":"pt-BR"},{"@type":"Organization","@id":"https:\/\/radiolifefm.com.br\/noticias\/#organization","name":"R\u00e1dio Life FM","alternateName":"Life FM","url":"https:\/\/radiolifefm.com.br\/noticias\/","logo":{"@type":"ImageObject","inLanguage":"pt-BR","@id":"https:\/\/radiolifefm.com.br\/noticias\/#\/schema\/logo\/image\/","url":"https:\/\/static.radiolifefm.com.br\/noticias\/wp-content\/uploads\/2019\/10\/logo-lifefm.png","contentUrl":"https:\/\/static.radiolifefm.com.br\/noticias\/wp-content\/uploads\/2019\/10\/logo-lifefm.png","width":196,"height":47,"caption":"R\u00e1dio Life FM"},"image":{"@id":"https:\/\/radiolifefm.com.br\/noticias\/#\/schema\/logo\/image\/"},"sameAs":["https:\/\/www.facebook.com\/radiolifefm\/","https:\/\/www.instagram.com\/life1079fm\/"]},{"@type":"Person","@id":"https:\/\/radiolifefm.com.br\/noticias\/#\/schema\/person\/6876e1240feffe6e1b63fd5cb85abf28","name":"joaograndao","image":{"@type":"ImageObject","inLanguage":"pt-BR","@id":"https:\/\/secure.gravatar.com\/avatar\/d5b1a3cf357ed9c50404e256a1294083aa8ab5d2a994001567302786016cb32c?s=96&d=mm&r=g","url":"https:\/\/secure.gravatar.com\/avatar\/d5b1a3cf357ed9c50404e256a1294083aa8ab5d2a994001567302786016cb32c?s=96&d=mm&r=g","contentUrl":"https:\/\/secure.gravatar.com\/avatar\/d5b1a3cf357ed9c50404e256a1294083aa8ab5d2a994001567302786016cb32c?s=96&d=mm&r=g","caption":"joaograndao"}}]}},"amp_enabled":true,"_links":{"self":[{"href":"https:\/\/radiolifefm.com.br\/noticias\/wp-json\/wp\/v2\/posts\/108941","targetHints":{"allow":["GET"]}}],"collection":[{"href":"https:\/\/radiolifefm.com.br\/noticias\/wp-json\/wp\/v2\/posts"}],"about":[{"href":"https:\/\/radiolifefm.com.br\/noticias\/wp-json\/wp\/v2\/types\/post"}],"author":[{"embeddable":true,"href":"https:\/\/radiolifefm.com.br\/noticias\/wp-json\/wp\/v2\/users\/8"}],"replies":[{"embeddable":true,"href":"https:\/\/radiolifefm.com.br\/noticias\/wp-json\/wp\/v2\/comments?post=108941"}],"version-history":[{"count":1,"href":"https:\/\/radiolifefm.com.br\/noticias\/wp-json\/wp\/v2\/posts\/108941\/revisions"}],"predecessor-version":[{"id":108943,"href":"https:\/\/radiolifefm.com.br\/noticias\/wp-json\/wp\/v2\/posts\/108941\/revisions\/108943"}],"wp:featuredmedia":[{"embeddable":true,"href":"https:\/\/radiolifefm.com.br\/noticias\/wp-json\/wp\/v2\/media\/108942"}],"wp:attachment":[{"href":"https:\/\/radiolifefm.com.br\/noticias\/wp-json\/wp\/v2\/media?parent=108941"}],"wp:term":[{"taxonomy":"category","embeddable":true,"href":"https:\/\/radiolifefm.com.br\/noticias\/wp-json\/wp\/v2\/categories?post=108941"},{"taxonomy":"post_tag","embeddable":true,"href":"https:\/\/radiolifefm.com.br\/noticias\/wp-json\/wp\/v2\/tags?post=108941"}],"curies":[{"name":"wp","href":"https:\/\/api.w.org\/{rel}","templated":true}]}}