{"id":108939,"date":"2025-12-23T10:16:29","date_gmt":"2025-12-23T13:16:29","guid":{"rendered":"https:\/\/radiolifefm.com.br\/noticias\/?p=108939"},"modified":"2026-04-03T01:41:13","modified_gmt":"2026-04-03T04:41:13","slug":"historia-estoria-academia-e-abutres-nesta-provincia-do-faz-de-conta","status":"publish","type":"post","link":"https:\/\/radiolifefm.com.br\/noticias\/historia-estoria-academia-e-abutres-nesta-provincia-do-faz-de-conta\/","title":{"rendered":"HIST\u00d3RIA, EST\u00d3RIA, ACADEMIA E ABUTRES NESTA PROV\u00cdNCIA DO FAZ DE CONTA&#8230; (*)"},"content":{"rendered":"<div id=\"fb-root\"><\/div>\n<p>&nbsp;<\/p>\n<p><em>\u00a0<\/em><\/p>\n<p><strong><em>\u201cNa prov\u00edncia n\u00e3o \u00e9 permitido ser original: isto \u00e9, ter id\u00e9ias incompreendidas pelos demais, e o que a\u00ed se quer \u00e9 a igualdade do esp\u00edrito, assim como a igualdade dos costumes\u201d. (Balzac, escritor \u20181799-1850\u2019 in Livro: \u201cA Solteirona\u201d).<\/em><\/strong><\/p>\n<p><strong>\u00a0<\/strong><\/p>\n<p><strong><em>seb@r.<\/em><\/strong><\/p>\n<p>&nbsp;<\/p>\n<p>Caso algu\u00e9m um dia resolva contar a hist\u00f3ria ou quem sabe, a est\u00f3ria da institui\u00e7\u00e3o maior provinciana, ter\u00e1 que levar em conta os desencontros ocorridos quando da \u00faltima elei\u00e7\u00e3o\/recondu\u00e7\u00e3o da \u201creitoria e equipe\u201d para mais um mandato acad\u00eamico&#8230;<\/p>\n<p>Ainda bem que existem \u201cregistros\u201d deste e do outro lado para muitos desencontros mediados pelas eternas \u201ctrocas nada simb\u00f3licas\u201d&#8230;<\/p>\n<p>Os interesses em pauta, quase sempre s\u00e3o os mesmos que foram utilizados no \u201cpassado\u201d e continuam mais atual do que nunca neste cen\u00e1rio institucional e p\u00fablico&#8230;<\/p>\n<p>Os profetas do ocaso est\u00e3o de prontid\u00e3o, portanto, \u201ctodo cuidado \u00e9 pouco\u201d, bem como, para com aqueles que rondam como ratazanas os corredores institucionais em dias de neblina paulistana&#8230;<\/p>\n<p>O tempo ser\u00e1 o senhor destas manobras provincianas em tempo de p\u00f3s-globaliza\u00e7\u00e3o para um olhar cr\u00edtico frente aos manobristas de plant\u00e3o nas esquinas desertas de uma prov\u00edncia, ainda, que sonha em levar adiante o seu projeto educacional como meio e n\u00e3o apenas fim de um sonho&#8230;<\/p>\n<p>\u00c9 preciso estar atento aos traidores do passado, sendo que os mesmos continuam com as mesmas t\u00e1ticas dos \u201canos de chumbo\u201d e ponto quase final&#8230;<\/p>\n<p>O projeto depende do trabalho em equipe, entretanto, os perdedores ficam sempre a espreita para dar o bote no peda\u00e7o de carne, neste caso, o melhor seria preparar um contra-golpe com peda\u00e7os de carne podre para os abutres provincianos&#8230;<\/p>\n<p>As amea\u00e7as fazem parte deste jogo, isso pode determinar a troca de jogadores e at\u00e9 mesmo de posi\u00e7\u00e3o entre uma e outra jogada pelos interessados em assumir a cadeira do poder, inclusive, o ano promete em termos de elei\u00e7\u00f5es para este ou aquele cargo no centro do poder provinciano&#8230;<\/p>\n<p>N\u00e3o se pode ficar em cima do muro daqui pra frente, portanto, as pe\u00e7as deste tabuleiro viciadas ter\u00e3o que ser apresentadas, todavia, faz-se necess\u00e1rio estar em conex\u00e3o com os ru\u00eddos das bocas de trombone, aquelas pessoas que se re\u00fanem em becos e ruas sem fim para uma reflex\u00e3o manipulada pelos donos da prov\u00edncia&#8230;<\/p>\n<p>\u00c9 necess\u00e1rio estar de prontid\u00e3o para derrubar os sinais do apocalipse provinciano, nada contra&#8230; nada a favor&#8230; ainda, muito pelo contr\u00e1rio, bem como, nada a declarar daqui pra frente&#8230;<\/p>\n<p>Este \u00e9 o jogo do poder supremo dos traidores de sempre, para isto, basta rever a est\u00f3ria ou hist\u00f3ria da institui\u00e7\u00e3o maior provinciana neste tempo novo tempo que se chama hoje&#8230;<\/p>\n<p>QUEM SOBREVIVER VAI SABER&#8230;<\/p>\n<p><strong><em>________________________________<\/em><\/strong><\/p>\n<p><strong><em>(*) texto escrito e publicado no ano de 2.004, por\u00e9m, mais atual do que nunca com algumas corre\u00e7\u00f5es pontuais&#8230;<\/em><\/strong><\/p>\n<p><strong><em>\u00a0<\/em><\/strong><\/p>\n<p><strong>____________________________________<\/strong><\/p>\n<p><strong>e-mail: <a href=\"mailto:barbosa.sebar@gmail.com\">barbosa.sebar@gmail.com<\/a><\/strong><\/p>\n","protected":false},"excerpt":{"rendered":"<p>&nbsp; \u00a0 \u201cNa prov\u00edncia n\u00e3o \u00e9 permitido ser original: isto \u00e9, ter id\u00e9ias incompreendidas pelos demais, e o que a\u00ed se quer \u00e9 a igualdade do esp\u00edrito, assim como a igualdade dos costumes\u201d. (Balzac, escritor \u20181799-1850\u2019 in Livro: \u201cA Solteirona\u201d). \u00a0 seb@r. &nbsp; Caso algu\u00e9m um dia resolva contar a hist\u00f3ria ou quem sabe, a [&hellip;]<\/p>\n","protected":false},"author":8,"featured_media":108115,"comment_status":"closed","ping_status":"open","sticky":false,"template":"","format":"standard","meta":{"_acf_changed":false,"_exactmetrics_skip_tracking":false,"_exactmetrics_sitenote_active":false,"_exactmetrics_sitenote_note":"","_exactmetrics_sitenote_category":0,"footnotes":""},"categories":[1],"tags":[],"class_list":["post-108939","post","type-post","status-publish","format-standard","has-post-thumbnail","hentry","category-geral"],"acf":[],"yoast_head":"<!-- This site is optimized with the Yoast SEO plugin v27.2 - https:\/\/yoast.com\/product\/yoast-seo-wordpress\/ -->\n<title>HIST\u00d3RIA, EST\u00d3RIA, ACADEMIA E ABUTRES NESTA PROV\u00cdNCIA DO FAZ DE CONTA... (*) - R\u00e1dio Life FM<\/title>\n<meta name=\"robots\" content=\"index, follow, max-snippet:-1, max-image-preview:large, max-video-preview:-1\" \/>\n<link rel=\"canonical\" href=\"https:\/\/radiolifefm.com.br\/noticias\/historia-estoria-academia-e-abutres-nesta-provincia-do-faz-de-conta\/\" \/>\n<meta property=\"og:locale\" content=\"pt_BR\" \/>\n<meta property=\"og:type\" content=\"article\" \/>\n<meta property=\"og:title\" content=\"HIST\u00d3RIA, EST\u00d3RIA, ACADEMIA E ABUTRES NESTA PROV\u00cdNCIA DO FAZ DE CONTA... (*) - R\u00e1dio Life FM\" \/>\n<meta property=\"og:description\" content=\"&nbsp; \u00a0 \u201cNa prov\u00edncia n\u00e3o \u00e9 permitido ser original: isto \u00e9, ter id\u00e9ias incompreendidas pelos demais, e o que a\u00ed se quer \u00e9 a igualdade do esp\u00edrito, assim como a igualdade dos costumes\u201d. (Balzac, escritor \u20181799-1850\u2019 in Livro: \u201cA Solteirona\u201d). \u00a0 seb@r. &nbsp; Caso algu\u00e9m um dia resolva contar a hist\u00f3ria ou quem sabe, a [&hellip;]\" \/>\n<meta property=\"og:url\" content=\"https:\/\/radiolifefm.com.br\/noticias\/historia-estoria-academia-e-abutres-nesta-provincia-do-faz-de-conta\/\" \/>\n<meta property=\"og:site_name\" content=\"R\u00e1dio Life FM\" \/>\n<meta property=\"article:publisher\" content=\"https:\/\/www.facebook.com\/radiolifefm\/\" \/>\n<meta property=\"article:published_time\" content=\"2025-12-23T13:16:29+00:00\" \/>\n<meta property=\"article:modified_time\" content=\"2026-04-03T04:41:13+00:00\" \/>\n<meta property=\"og:image\" content=\"https:\/\/radiolifefm.com.br\/noticias\/wp-content\/uploads\/2025\/11\/WhatsApp-Image-2022-04-10-at-18.43.02-1-1.jpeg\" \/>\n\t<meta property=\"og:image:width\" content=\"972\" \/>\n\t<meta property=\"og:image:height\" content=\"1296\" \/>\n\t<meta property=\"og:image:type\" content=\"image\/jpeg\" \/>\n<meta name=\"author\" content=\"joaograndao\" \/>\n<meta name=\"twitter:card\" content=\"summary_large_image\" \/>\n<meta name=\"twitter:label1\" content=\"Escrito por\" \/>\n\t<meta name=\"twitter:data1\" content=\"joaograndao\" \/>\n\t<meta name=\"twitter:label2\" content=\"Est. tempo de leitura\" \/>\n\t<meta name=\"twitter:data2\" content=\"3 minutos\" \/>\n<script type=\"application\/ld+json\" class=\"yoast-schema-graph\">{\"@context\":\"https:\/\/schema.org\",\"@graph\":[{\"@type\":\"Article\",\"@id\":\"https:\/\/radiolifefm.com.br\/noticias\/historia-estoria-academia-e-abutres-nesta-provincia-do-faz-de-conta\/#article\",\"isPartOf\":{\"@id\":\"https:\/\/radiolifefm.com.br\/noticias\/historia-estoria-academia-e-abutres-nesta-provincia-do-faz-de-conta\/\"},\"author\":{\"name\":\"joaograndao\",\"@id\":\"https:\/\/radiolifefm.com.br\/noticias\/#\/schema\/person\/6876e1240feffe6e1b63fd5cb85abf28\"},\"headline\":\"HIST\u00d3RIA, EST\u00d3RIA, ACADEMIA E ABUTRES NESTA PROV\u00cdNCIA DO FAZ DE CONTA&#8230; (*)\",\"datePublished\":\"2025-12-23T13:16:29+00:00\",\"dateModified\":\"2026-04-03T04:41:13+00:00\",\"mainEntityOfPage\":{\"@id\":\"https:\/\/radiolifefm.com.br\/noticias\/historia-estoria-academia-e-abutres-nesta-provincia-do-faz-de-conta\/\"},\"wordCount\":506,\"publisher\":{\"@id\":\"https:\/\/radiolifefm.com.br\/noticias\/#organization\"},\"image\":{\"@id\":\"https:\/\/radiolifefm.com.br\/noticias\/historia-estoria-academia-e-abutres-nesta-provincia-do-faz-de-conta\/#primaryimage\"},\"thumbnailUrl\":\"https:\/\/radiolifefm.com.br\/noticias\/wp-content\/uploads\/2025\/11\/WhatsApp-Image-2022-04-10-at-18.43.02-1-1.jpeg\",\"articleSection\":[\"Geral\"],\"inLanguage\":\"pt-BR\"},{\"@type\":\"WebPage\",\"@id\":\"https:\/\/radiolifefm.com.br\/noticias\/historia-estoria-academia-e-abutres-nesta-provincia-do-faz-de-conta\/\",\"url\":\"https:\/\/radiolifefm.com.br\/noticias\/historia-estoria-academia-e-abutres-nesta-provincia-do-faz-de-conta\/\",\"name\":\"HIST\u00d3RIA, EST\u00d3RIA, ACADEMIA E ABUTRES NESTA PROV\u00cdNCIA DO FAZ DE CONTA... (*) - R\u00e1dio Life FM\",\"isPartOf\":{\"@id\":\"https:\/\/radiolifefm.com.br\/noticias\/#website\"},\"primaryImageOfPage\":{\"@id\":\"https:\/\/radiolifefm.com.br\/noticias\/historia-estoria-academia-e-abutres-nesta-provincia-do-faz-de-conta\/#primaryimage\"},\"image\":{\"@id\":\"https:\/\/radiolifefm.com.br\/noticias\/historia-estoria-academia-e-abutres-nesta-provincia-do-faz-de-conta\/#primaryimage\"},\"thumbnailUrl\":\"https:\/\/radiolifefm.com.br\/noticias\/wp-content\/uploads\/2025\/11\/WhatsApp-Image-2022-04-10-at-18.43.02-1-1.jpeg\",\"datePublished\":\"2025-12-23T13:16:29+00:00\",\"dateModified\":\"2026-04-03T04:41:13+00:00\",\"breadcrumb\":{\"@id\":\"https:\/\/radiolifefm.com.br\/noticias\/historia-estoria-academia-e-abutres-nesta-provincia-do-faz-de-conta\/#breadcrumb\"},\"inLanguage\":\"pt-BR\",\"potentialAction\":[{\"@type\":\"ReadAction\",\"target\":[\"https:\/\/radiolifefm.com.br\/noticias\/historia-estoria-academia-e-abutres-nesta-provincia-do-faz-de-conta\/\"]}]},{\"@type\":\"ImageObject\",\"inLanguage\":\"pt-BR\",\"@id\":\"https:\/\/radiolifefm.com.br\/noticias\/historia-estoria-academia-e-abutres-nesta-provincia-do-faz-de-conta\/#primaryimage\",\"url\":\"https:\/\/radiolifefm.com.br\/noticias\/wp-content\/uploads\/2025\/11\/WhatsApp-Image-2022-04-10-at-18.43.02-1-1.jpeg\",\"contentUrl\":\"https:\/\/radiolifefm.com.br\/noticias\/wp-content\/uploads\/2025\/11\/WhatsApp-Image-2022-04-10-at-18.43.02-1-1.jpeg\",\"width\":972,\"height\":1296},{\"@type\":\"BreadcrumbList\",\"@id\":\"https:\/\/radiolifefm.com.br\/noticias\/historia-estoria-academia-e-abutres-nesta-provincia-do-faz-de-conta\/#breadcrumb\",\"itemListElement\":[{\"@type\":\"ListItem\",\"position\":1,\"name\":\"In\u00edcio\",\"item\":\"https:\/\/radiolifefm.com.br\/noticias\/\"},{\"@type\":\"ListItem\",\"position\":2,\"name\":\"HIST\u00d3RIA, EST\u00d3RIA, ACADEMIA E ABUTRES NESTA PROV\u00cdNCIA DO FAZ DE CONTA&#8230; (*)\"}]},{\"@type\":\"WebSite\",\"@id\":\"https:\/\/radiolifefm.com.br\/noticias\/#website\",\"url\":\"https:\/\/radiolifefm.com.br\/noticias\/\",\"name\":\"R\u00e1dio Life FM\",\"description\":\"O Portal de Not\u00edcias de Adamantina\",\"publisher\":{\"@id\":\"https:\/\/radiolifefm.com.br\/noticias\/#organization\"},\"alternateName\":\"Life FM\",\"potentialAction\":[{\"@type\":\"SearchAction\",\"target\":{\"@type\":\"EntryPoint\",\"urlTemplate\":\"https:\/\/radiolifefm.com.br\/noticias\/?s={search_term_string}\"},\"query-input\":{\"@type\":\"PropertyValueSpecification\",\"valueRequired\":true,\"valueName\":\"search_term_string\"}}],\"inLanguage\":\"pt-BR\"},{\"@type\":\"Organization\",\"@id\":\"https:\/\/radiolifefm.com.br\/noticias\/#organization\",\"name\":\"R\u00e1dio Life FM\",\"alternateName\":\"Life FM\",\"url\":\"https:\/\/radiolifefm.com.br\/noticias\/\",\"logo\":{\"@type\":\"ImageObject\",\"inLanguage\":\"pt-BR\",\"@id\":\"https:\/\/radiolifefm.com.br\/noticias\/#\/schema\/logo\/image\/\",\"url\":\"https:\/\/static.radiolifefm.com.br\/noticias\/wp-content\/uploads\/2019\/10\/logo-lifefm.png\",\"contentUrl\":\"https:\/\/static.radiolifefm.com.br\/noticias\/wp-content\/uploads\/2019\/10\/logo-lifefm.png\",\"width\":196,\"height\":47,\"caption\":\"R\u00e1dio Life FM\"},\"image\":{\"@id\":\"https:\/\/radiolifefm.com.br\/noticias\/#\/schema\/logo\/image\/\"},\"sameAs\":[\"https:\/\/www.facebook.com\/radiolifefm\/\",\"https:\/\/www.instagram.com\/life1079fm\/\"]},{\"@type\":\"Person\",\"@id\":\"https:\/\/radiolifefm.com.br\/noticias\/#\/schema\/person\/6876e1240feffe6e1b63fd5cb85abf28\",\"name\":\"joaograndao\",\"image\":{\"@type\":\"ImageObject\",\"inLanguage\":\"pt-BR\",\"@id\":\"https:\/\/secure.gravatar.com\/avatar\/d5b1a3cf357ed9c50404e256a1294083aa8ab5d2a994001567302786016cb32c?s=96&d=mm&r=g\",\"url\":\"https:\/\/secure.gravatar.com\/avatar\/d5b1a3cf357ed9c50404e256a1294083aa8ab5d2a994001567302786016cb32c?s=96&d=mm&r=g\",\"contentUrl\":\"https:\/\/secure.gravatar.com\/avatar\/d5b1a3cf357ed9c50404e256a1294083aa8ab5d2a994001567302786016cb32c?s=96&d=mm&r=g\",\"caption\":\"joaograndao\"}}]}<\/script>\n<!-- \/ Yoast SEO plugin. -->","yoast_head_json":{"title":"HIST\u00d3RIA, EST\u00d3RIA, ACADEMIA E ABUTRES NESTA PROV\u00cdNCIA DO FAZ DE CONTA... (*) - R\u00e1dio Life FM","robots":{"index":"index","follow":"follow","max-snippet":"max-snippet:-1","max-image-preview":"max-image-preview:large","max-video-preview":"max-video-preview:-1"},"canonical":"https:\/\/radiolifefm.com.br\/noticias\/historia-estoria-academia-e-abutres-nesta-provincia-do-faz-de-conta\/","og_locale":"pt_BR","og_type":"article","og_title":"HIST\u00d3RIA, EST\u00d3RIA, ACADEMIA E ABUTRES NESTA PROV\u00cdNCIA DO FAZ DE CONTA... (*) - R\u00e1dio Life FM","og_description":"&nbsp; \u00a0 \u201cNa prov\u00edncia n\u00e3o \u00e9 permitido ser original: isto \u00e9, ter id\u00e9ias incompreendidas pelos demais, e o que a\u00ed se quer \u00e9 a igualdade do esp\u00edrito, assim como a igualdade dos costumes\u201d. (Balzac, escritor \u20181799-1850\u2019 in Livro: \u201cA Solteirona\u201d). \u00a0 seb@r. &nbsp; Caso algu\u00e9m um dia resolva contar a hist\u00f3ria ou quem sabe, a [&hellip;]","og_url":"https:\/\/radiolifefm.com.br\/noticias\/historia-estoria-academia-e-abutres-nesta-provincia-do-faz-de-conta\/","og_site_name":"R\u00e1dio Life FM","article_publisher":"https:\/\/www.facebook.com\/radiolifefm\/","article_published_time":"2025-12-23T13:16:29+00:00","article_modified_time":"2026-04-03T04:41:13+00:00","og_image":[{"width":972,"height":1296,"url":"https:\/\/radiolifefm.com.br\/noticias\/wp-content\/uploads\/2025\/11\/WhatsApp-Image-2022-04-10-at-18.43.02-1-1.jpeg","type":"image\/jpeg"}],"author":"joaograndao","twitter_card":"summary_large_image","twitter_misc":{"Escrito por":"joaograndao","Est. tempo de leitura":"3 minutos"},"schema":{"@context":"https:\/\/schema.org","@graph":[{"@type":"Article","@id":"https:\/\/radiolifefm.com.br\/noticias\/historia-estoria-academia-e-abutres-nesta-provincia-do-faz-de-conta\/#article","isPartOf":{"@id":"https:\/\/radiolifefm.com.br\/noticias\/historia-estoria-academia-e-abutres-nesta-provincia-do-faz-de-conta\/"},"author":{"name":"joaograndao","@id":"https:\/\/radiolifefm.com.br\/noticias\/#\/schema\/person\/6876e1240feffe6e1b63fd5cb85abf28"},"headline":"HIST\u00d3RIA, EST\u00d3RIA, ACADEMIA E ABUTRES NESTA PROV\u00cdNCIA DO FAZ DE CONTA&#8230; (*)","datePublished":"2025-12-23T13:16:29+00:00","dateModified":"2026-04-03T04:41:13+00:00","mainEntityOfPage":{"@id":"https:\/\/radiolifefm.com.br\/noticias\/historia-estoria-academia-e-abutres-nesta-provincia-do-faz-de-conta\/"},"wordCount":506,"publisher":{"@id":"https:\/\/radiolifefm.com.br\/noticias\/#organization"},"image":{"@id":"https:\/\/radiolifefm.com.br\/noticias\/historia-estoria-academia-e-abutres-nesta-provincia-do-faz-de-conta\/#primaryimage"},"thumbnailUrl":"https:\/\/radiolifefm.com.br\/noticias\/wp-content\/uploads\/2025\/11\/WhatsApp-Image-2022-04-10-at-18.43.02-1-1.jpeg","articleSection":["Geral"],"inLanguage":"pt-BR"},{"@type":"WebPage","@id":"https:\/\/radiolifefm.com.br\/noticias\/historia-estoria-academia-e-abutres-nesta-provincia-do-faz-de-conta\/","url":"https:\/\/radiolifefm.com.br\/noticias\/historia-estoria-academia-e-abutres-nesta-provincia-do-faz-de-conta\/","name":"HIST\u00d3RIA, EST\u00d3RIA, ACADEMIA E ABUTRES NESTA PROV\u00cdNCIA DO FAZ DE CONTA... (*) - R\u00e1dio Life FM","isPartOf":{"@id":"https:\/\/radiolifefm.com.br\/noticias\/#website"},"primaryImageOfPage":{"@id":"https:\/\/radiolifefm.com.br\/noticias\/historia-estoria-academia-e-abutres-nesta-provincia-do-faz-de-conta\/#primaryimage"},"image":{"@id":"https:\/\/radiolifefm.com.br\/noticias\/historia-estoria-academia-e-abutres-nesta-provincia-do-faz-de-conta\/#primaryimage"},"thumbnailUrl":"https:\/\/radiolifefm.com.br\/noticias\/wp-content\/uploads\/2025\/11\/WhatsApp-Image-2022-04-10-at-18.43.02-1-1.jpeg","datePublished":"2025-12-23T13:16:29+00:00","dateModified":"2026-04-03T04:41:13+00:00","breadcrumb":{"@id":"https:\/\/radiolifefm.com.br\/noticias\/historia-estoria-academia-e-abutres-nesta-provincia-do-faz-de-conta\/#breadcrumb"},"inLanguage":"pt-BR","potentialAction":[{"@type":"ReadAction","target":["https:\/\/radiolifefm.com.br\/noticias\/historia-estoria-academia-e-abutres-nesta-provincia-do-faz-de-conta\/"]}]},{"@type":"ImageObject","inLanguage":"pt-BR","@id":"https:\/\/radiolifefm.com.br\/noticias\/historia-estoria-academia-e-abutres-nesta-provincia-do-faz-de-conta\/#primaryimage","url":"https:\/\/radiolifefm.com.br\/noticias\/wp-content\/uploads\/2025\/11\/WhatsApp-Image-2022-04-10-at-18.43.02-1-1.jpeg","contentUrl":"https:\/\/radiolifefm.com.br\/noticias\/wp-content\/uploads\/2025\/11\/WhatsApp-Image-2022-04-10-at-18.43.02-1-1.jpeg","width":972,"height":1296},{"@type":"BreadcrumbList","@id":"https:\/\/radiolifefm.com.br\/noticias\/historia-estoria-academia-e-abutres-nesta-provincia-do-faz-de-conta\/#breadcrumb","itemListElement":[{"@type":"ListItem","position":1,"name":"In\u00edcio","item":"https:\/\/radiolifefm.com.br\/noticias\/"},{"@type":"ListItem","position":2,"name":"HIST\u00d3RIA, EST\u00d3RIA, ACADEMIA E ABUTRES NESTA PROV\u00cdNCIA DO FAZ DE CONTA&#8230; (*)"}]},{"@type":"WebSite","@id":"https:\/\/radiolifefm.com.br\/noticias\/#website","url":"https:\/\/radiolifefm.com.br\/noticias\/","name":"R\u00e1dio Life FM","description":"O Portal de Not\u00edcias de Adamantina","publisher":{"@id":"https:\/\/radiolifefm.com.br\/noticias\/#organization"},"alternateName":"Life FM","potentialAction":[{"@type":"SearchAction","target":{"@type":"EntryPoint","urlTemplate":"https:\/\/radiolifefm.com.br\/noticias\/?s={search_term_string}"},"query-input":{"@type":"PropertyValueSpecification","valueRequired":true,"valueName":"search_term_string"}}],"inLanguage":"pt-BR"},{"@type":"Organization","@id":"https:\/\/radiolifefm.com.br\/noticias\/#organization","name":"R\u00e1dio Life FM","alternateName":"Life FM","url":"https:\/\/radiolifefm.com.br\/noticias\/","logo":{"@type":"ImageObject","inLanguage":"pt-BR","@id":"https:\/\/radiolifefm.com.br\/noticias\/#\/schema\/logo\/image\/","url":"https:\/\/static.radiolifefm.com.br\/noticias\/wp-content\/uploads\/2019\/10\/logo-lifefm.png","contentUrl":"https:\/\/static.radiolifefm.com.br\/noticias\/wp-content\/uploads\/2019\/10\/logo-lifefm.png","width":196,"height":47,"caption":"R\u00e1dio Life FM"},"image":{"@id":"https:\/\/radiolifefm.com.br\/noticias\/#\/schema\/logo\/image\/"},"sameAs":["https:\/\/www.facebook.com\/radiolifefm\/","https:\/\/www.instagram.com\/life1079fm\/"]},{"@type":"Person","@id":"https:\/\/radiolifefm.com.br\/noticias\/#\/schema\/person\/6876e1240feffe6e1b63fd5cb85abf28","name":"joaograndao","image":{"@type":"ImageObject","inLanguage":"pt-BR","@id":"https:\/\/secure.gravatar.com\/avatar\/d5b1a3cf357ed9c50404e256a1294083aa8ab5d2a994001567302786016cb32c?s=96&d=mm&r=g","url":"https:\/\/secure.gravatar.com\/avatar\/d5b1a3cf357ed9c50404e256a1294083aa8ab5d2a994001567302786016cb32c?s=96&d=mm&r=g","contentUrl":"https:\/\/secure.gravatar.com\/avatar\/d5b1a3cf357ed9c50404e256a1294083aa8ab5d2a994001567302786016cb32c?s=96&d=mm&r=g","caption":"joaograndao"}}]}},"amp_enabled":true,"_links":{"self":[{"href":"https:\/\/radiolifefm.com.br\/noticias\/wp-json\/wp\/v2\/posts\/108939","targetHints":{"allow":["GET"]}}],"collection":[{"href":"https:\/\/radiolifefm.com.br\/noticias\/wp-json\/wp\/v2\/posts"}],"about":[{"href":"https:\/\/radiolifefm.com.br\/noticias\/wp-json\/wp\/v2\/types\/post"}],"author":[{"embeddable":true,"href":"https:\/\/radiolifefm.com.br\/noticias\/wp-json\/wp\/v2\/users\/8"}],"replies":[{"embeddable":true,"href":"https:\/\/radiolifefm.com.br\/noticias\/wp-json\/wp\/v2\/comments?post=108939"}],"version-history":[{"count":1,"href":"https:\/\/radiolifefm.com.br\/noticias\/wp-json\/wp\/v2\/posts\/108939\/revisions"}],"predecessor-version":[{"id":108940,"href":"https:\/\/radiolifefm.com.br\/noticias\/wp-json\/wp\/v2\/posts\/108939\/revisions\/108940"}],"wp:featuredmedia":[{"embeddable":true,"href":"https:\/\/radiolifefm.com.br\/noticias\/wp-json\/wp\/v2\/media\/108115"}],"wp:attachment":[{"href":"https:\/\/radiolifefm.com.br\/noticias\/wp-json\/wp\/v2\/media?parent=108939"}],"wp:term":[{"taxonomy":"category","embeddable":true,"href":"https:\/\/radiolifefm.com.br\/noticias\/wp-json\/wp\/v2\/categories?post=108939"},{"taxonomy":"post_tag","embeddable":true,"href":"https:\/\/radiolifefm.com.br\/noticias\/wp-json\/wp\/v2\/tags?post=108939"}],"curies":[{"name":"wp","href":"https:\/\/api.w.org\/{rel}","templated":true}]}}