{"id":108846,"date":"2025-12-17T16:00:03","date_gmt":"2025-12-17T19:00:03","guid":{"rendered":"https:\/\/radiolifefm.com.br\/noticias\/?p=108846"},"modified":"2026-04-25T06:13:04","modified_gmt":"2026-04-25T09:13:04","slug":"tradicao-mantida-papai-noel-chega-a-adamantina-em-noite-de-encanto-e-esperanca","status":"publish","type":"post","link":"https:\/\/radiolifefm.com.br\/noticias\/tradicao-mantida-papai-noel-chega-a-adamantina-em-noite-de-encanto-e-esperanca\/","title":{"rendered":"Tradi\u00e7\u00e3o mantida: Papai Noel chega a Adamantina em noite de encanto e esperan\u00e7a"},"content":{"rendered":"<div id=\"fb-root\"><\/div>\n<p data-start=\"86\" data-end=\"169\">\n<p data-start=\"171\" data-end=\"589\">Mesmo com a mudan\u00e7a de data e local devido \u00e0s fortes chuvas, a tradicional chegada do Papai Noel em Adamantina aconteceu com brilho e emo\u00e7\u00e3o na noite do \u00faltimo dia <strong data-start=\"335\" data-end=\"353\">15 de dezembro<\/strong>, a dez dias do Natal. O evento, que j\u00e1 faz parte do calend\u00e1rio afetivo da cidade, foi realizado no <strong data-start=\"453\" data-end=\"471\">Pa\u00e7o Municipal<\/strong>, na Rua Osvaldo Cruz, e reuniu fam\u00edlias, autoridades e, claro, muitas crian\u00e7as ansiosas pela chegada do bom velhinho.<img loading=\"lazy\" decoding=\"async\" class=\"aligncenter size-medium wp-image-108850\" src=\"https:\/\/radiolifefm.com.br\/noticias\/wp-content\/uploads\/2025\/12\/WhatsApp-Image-2025-12-17-at-13.58.51-229x300.jpeg\" alt=\"\" width=\"229\" height=\"300\" srcset=\"https:\/\/radiolifefm.com.br\/noticias\/wp-content\/uploads\/2025\/12\/WhatsApp-Image-2025-12-17-at-13.58.51-229x300.jpeg 229w, https:\/\/radiolifefm.com.br\/noticias\/wp-content\/uploads\/2025\/12\/WhatsApp-Image-2025-12-17-at-13.58.51.jpeg 720w\" sizes=\"auto, (max-width: 229px) 100vw, 229px\" \/><\/p>\n<p data-start=\"591\" data-end=\"1010\">A cerim\u00f4nia teve in\u00edcio por volta das 20h e encantou o p\u00fablico com apresenta\u00e7\u00f5es musicais ao vivo, distribui\u00e7\u00e3o de doces e um cen\u00e1rio decorado especialmente para fotos com o Papai Noel. A surpresa da noite ficou por conta da chegada inusitada do bom velhinho: em um barco \u2014 ou seria um iate? \u2014 que despertou a curiosidade e arrancou sorrisos, em uma adapta\u00e7\u00e3o criativa diante das chuvas que marcaram os dias anteriores.<img loading=\"lazy\" decoding=\"async\" class=\"aligncenter size-medium wp-image-108849\" src=\"https:\/\/radiolifefm.com.br\/noticias\/wp-content\/uploads\/2025\/12\/WhatsApp-Image-2025-12-17-at-13.58.50-176x300.jpeg\" alt=\"\" width=\"176\" height=\"300\" srcset=\"https:\/\/radiolifefm.com.br\/noticias\/wp-content\/uploads\/2025\/12\/WhatsApp-Image-2025-12-17-at-13.58.50-176x300.jpeg 176w, https:\/\/radiolifefm.com.br\/noticias\/wp-content\/uploads\/2025\/12\/WhatsApp-Image-2025-12-17-at-13.58.50.jpeg 525w\" sizes=\"auto, (max-width: 176px) 100vw, 176px\" \/><\/p>\n<p data-start=\"1012\" data-end=\"1347\">O evento contou ainda com a participa\u00e7\u00e3o especial do grupo de motociclistas <strong data-start=\"1088\" data-end=\"1103\">\u201cOs Brabos\u201d<\/strong>, que ajudaram na distribui\u00e7\u00e3o de doces para a crian\u00e7ada, refor\u00e7ando o esp\u00edrito solid\u00e1rio e festivo da ocasi\u00e3o. Papai Noel foi calorosamente recepcionado pelas fam\u00edlias presentes, posou para fotos e renovou a magia do Natal no cora\u00e7\u00e3o de todos.<img loading=\"lazy\" decoding=\"async\" class=\"aligncenter size-medium wp-image-108848\" src=\"https:\/\/radiolifefm.com.br\/noticias\/wp-content\/uploads\/2025\/12\/WhatsApp-Image-2025-12-16-at-13.25.26-300x247.jpeg\" alt=\"\" width=\"300\" height=\"247\" srcset=\"https:\/\/radiolifefm.com.br\/noticias\/wp-content\/uploads\/2025\/12\/WhatsApp-Image-2025-12-16-at-13.25.26-300x247.jpeg 300w, https:\/\/radiolifefm.com.br\/noticias\/wp-content\/uploads\/2025\/12\/WhatsApp-Image-2025-12-16-at-13.25.26.jpeg 710w\" sizes=\"auto, (max-width: 300px) 100vw, 300px\" \/><\/p>\n<p data-start=\"1349\" data-end=\"1616\">A <strong data-start=\"1351\" data-end=\"1420\">programa\u00e7\u00e3o da Vitrine Cultural teve in\u00edcio no dia 15 de dezembro<\/strong>, com a chegada do Papai Noel, e <strong data-start=\"1453\" data-end=\"1487\">segue at\u00e9 o dia 23 de dezembro<\/strong>, no Pa\u00e7o Municipal, com diversas atra\u00e7\u00f5es abertas ao p\u00fablico, celebrando a cultura, a uni\u00e3o e o esp\u00edrito natalino em Adamantina.<\/p>\n","protected":false},"excerpt":{"rendered":"<p>Mesmo com a mudan\u00e7a de data e local devido \u00e0s fortes chuvas, a tradicional chegada do Papai Noel em Adamantina aconteceu com brilho e emo\u00e7\u00e3o na noite do \u00faltimo dia 15 de dezembro, a dez dias do Natal. O evento, que j\u00e1 faz parte do calend\u00e1rio afetivo da cidade, foi realizado no Pa\u00e7o Municipal, na [&hellip;]<\/p>\n","protected":false},"author":8,"featured_media":108847,"comment_status":"closed","ping_status":"open","sticky":false,"template":"","format":"standard","meta":{"_acf_changed":false,"_exactmetrics_skip_tracking":false,"_exactmetrics_sitenote_active":false,"_exactmetrics_sitenote_note":"","_exactmetrics_sitenote_category":0,"footnotes":""},"categories":[1],"tags":[],"class_list":["post-108846","post","type-post","status-publish","format-standard","has-post-thumbnail","hentry","category-geral"],"acf":[],"yoast_head":"<!-- This site is optimized with the Yoast SEO plugin v27.2 - https:\/\/yoast.com\/product\/yoast-seo-wordpress\/ -->\n<title>Tradi\u00e7\u00e3o mantida: Papai Noel chega a Adamantina em noite de encanto e esperan\u00e7a - R\u00e1dio Life FM<\/title>\n<meta name=\"robots\" content=\"index, follow, max-snippet:-1, max-image-preview:large, max-video-preview:-1\" \/>\n<link rel=\"canonical\" href=\"https:\/\/radiolifefm.com.br\/noticias\/tradicao-mantida-papai-noel-chega-a-adamantina-em-noite-de-encanto-e-esperanca\/\" \/>\n<meta property=\"og:locale\" content=\"pt_BR\" \/>\n<meta property=\"og:type\" content=\"article\" \/>\n<meta property=\"og:title\" content=\"Tradi\u00e7\u00e3o mantida: Papai Noel chega a Adamantina em noite de encanto e esperan\u00e7a - R\u00e1dio Life FM\" \/>\n<meta property=\"og:description\" content=\"Mesmo com a mudan\u00e7a de data e local devido \u00e0s fortes chuvas, a tradicional chegada do Papai Noel em Adamantina aconteceu com brilho e emo\u00e7\u00e3o na noite do \u00faltimo dia 15 de dezembro, a dez dias do Natal. O evento, que j\u00e1 faz parte do calend\u00e1rio afetivo da cidade, foi realizado no Pa\u00e7o Municipal, na [&hellip;]\" \/>\n<meta property=\"og:url\" content=\"https:\/\/radiolifefm.com.br\/noticias\/tradicao-mantida-papai-noel-chega-a-adamantina-em-noite-de-encanto-e-esperanca\/\" \/>\n<meta property=\"og:site_name\" content=\"R\u00e1dio Life FM\" \/>\n<meta property=\"article:publisher\" content=\"https:\/\/www.facebook.com\/radiolifefm\/\" \/>\n<meta property=\"article:published_time\" content=\"2025-12-17T19:00:03+00:00\" \/>\n<meta property=\"article:modified_time\" content=\"2026-04-25T09:13:04+00:00\" \/>\n<meta property=\"og:image\" content=\"https:\/\/radiolifefm.com.br\/noticias\/wp-content\/uploads\/2025\/12\/Capa-Site-98.jpg\" \/>\n\t<meta property=\"og:image:width\" content=\"1366\" \/>\n\t<meta property=\"og:image:height\" content=\"768\" \/>\n\t<meta property=\"og:image:type\" content=\"image\/jpeg\" \/>\n<meta name=\"author\" content=\"joaograndao\" \/>\n<meta name=\"twitter:card\" content=\"summary_large_image\" \/>\n<meta name=\"twitter:label1\" content=\"Escrito por\" \/>\n\t<meta name=\"twitter:data1\" content=\"joaograndao\" \/>\n\t<meta name=\"twitter:label2\" content=\"Est. tempo de leitura\" \/>\n\t<meta name=\"twitter:data2\" content=\"3 minutos\" \/>\n<script type=\"application\/ld+json\" class=\"yoast-schema-graph\">{\"@context\":\"https:\/\/schema.org\",\"@graph\":[{\"@type\":\"Article\",\"@id\":\"https:\/\/radiolifefm.com.br\/noticias\/tradicao-mantida-papai-noel-chega-a-adamantina-em-noite-de-encanto-e-esperanca\/#article\",\"isPartOf\":{\"@id\":\"https:\/\/radiolifefm.com.br\/noticias\/tradicao-mantida-papai-noel-chega-a-adamantina-em-noite-de-encanto-e-esperanca\/\"},\"author\":{\"name\":\"joaograndao\",\"@id\":\"https:\/\/radiolifefm.com.br\/noticias\/#\/schema\/person\/6876e1240feffe6e1b63fd5cb85abf28\"},\"headline\":\"Tradi\u00e7\u00e3o mantida: Papai Noel chega a Adamantina em noite de encanto e esperan\u00e7a\",\"datePublished\":\"2025-12-17T19:00:03+00:00\",\"dateModified\":\"2026-04-25T09:13:04+00:00\",\"mainEntityOfPage\":{\"@id\":\"https:\/\/radiolifefm.com.br\/noticias\/tradicao-mantida-papai-noel-chega-a-adamantina-em-noite-de-encanto-e-esperanca\/\"},\"wordCount\":281,\"publisher\":{\"@id\":\"https:\/\/radiolifefm.com.br\/noticias\/#organization\"},\"image\":{\"@id\":\"https:\/\/radiolifefm.com.br\/noticias\/tradicao-mantida-papai-noel-chega-a-adamantina-em-noite-de-encanto-e-esperanca\/#primaryimage\"},\"thumbnailUrl\":\"https:\/\/radiolifefm.com.br\/noticias\/wp-content\/uploads\/2025\/12\/Capa-Site-98.jpg\",\"articleSection\":[\"Geral\"],\"inLanguage\":\"pt-BR\"},{\"@type\":\"WebPage\",\"@id\":\"https:\/\/radiolifefm.com.br\/noticias\/tradicao-mantida-papai-noel-chega-a-adamantina-em-noite-de-encanto-e-esperanca\/\",\"url\":\"https:\/\/radiolifefm.com.br\/noticias\/tradicao-mantida-papai-noel-chega-a-adamantina-em-noite-de-encanto-e-esperanca\/\",\"name\":\"Tradi\u00e7\u00e3o mantida: Papai Noel chega a Adamantina em noite de encanto e esperan\u00e7a - R\u00e1dio Life FM\",\"isPartOf\":{\"@id\":\"https:\/\/radiolifefm.com.br\/noticias\/#website\"},\"primaryImageOfPage\":{\"@id\":\"https:\/\/radiolifefm.com.br\/noticias\/tradicao-mantida-papai-noel-chega-a-adamantina-em-noite-de-encanto-e-esperanca\/#primaryimage\"},\"image\":{\"@id\":\"https:\/\/radiolifefm.com.br\/noticias\/tradicao-mantida-papai-noel-chega-a-adamantina-em-noite-de-encanto-e-esperanca\/#primaryimage\"},\"thumbnailUrl\":\"https:\/\/radiolifefm.com.br\/noticias\/wp-content\/uploads\/2025\/12\/Capa-Site-98.jpg\",\"datePublished\":\"2025-12-17T19:00:03+00:00\",\"dateModified\":\"2026-04-25T09:13:04+00:00\",\"breadcrumb\":{\"@id\":\"https:\/\/radiolifefm.com.br\/noticias\/tradicao-mantida-papai-noel-chega-a-adamantina-em-noite-de-encanto-e-esperanca\/#breadcrumb\"},\"inLanguage\":\"pt-BR\",\"potentialAction\":[{\"@type\":\"ReadAction\",\"target\":[\"https:\/\/radiolifefm.com.br\/noticias\/tradicao-mantida-papai-noel-chega-a-adamantina-em-noite-de-encanto-e-esperanca\/\"]}]},{\"@type\":\"ImageObject\",\"inLanguage\":\"pt-BR\",\"@id\":\"https:\/\/radiolifefm.com.br\/noticias\/tradicao-mantida-papai-noel-chega-a-adamantina-em-noite-de-encanto-e-esperanca\/#primaryimage\",\"url\":\"https:\/\/radiolifefm.com.br\/noticias\/wp-content\/uploads\/2025\/12\/Capa-Site-98.jpg\",\"contentUrl\":\"https:\/\/radiolifefm.com.br\/noticias\/wp-content\/uploads\/2025\/12\/Capa-Site-98.jpg\",\"width\":1366,\"height\":768},{\"@type\":\"BreadcrumbList\",\"@id\":\"https:\/\/radiolifefm.com.br\/noticias\/tradicao-mantida-papai-noel-chega-a-adamantina-em-noite-de-encanto-e-esperanca\/#breadcrumb\",\"itemListElement\":[{\"@type\":\"ListItem\",\"position\":1,\"name\":\"In\u00edcio\",\"item\":\"https:\/\/radiolifefm.com.br\/noticias\/\"},{\"@type\":\"ListItem\",\"position\":2,\"name\":\"Tradi\u00e7\u00e3o mantida: Papai Noel chega a Adamantina em noite de encanto e esperan\u00e7a\"}]},{\"@type\":\"WebSite\",\"@id\":\"https:\/\/radiolifefm.com.br\/noticias\/#website\",\"url\":\"https:\/\/radiolifefm.com.br\/noticias\/\",\"name\":\"R\u00e1dio Life FM\",\"description\":\"O Portal de Not\u00edcias de Adamantina\",\"publisher\":{\"@id\":\"https:\/\/radiolifefm.com.br\/noticias\/#organization\"},\"alternateName\":\"Life FM\",\"potentialAction\":[{\"@type\":\"SearchAction\",\"target\":{\"@type\":\"EntryPoint\",\"urlTemplate\":\"https:\/\/radiolifefm.com.br\/noticias\/?s={search_term_string}\"},\"query-input\":{\"@type\":\"PropertyValueSpecification\",\"valueRequired\":true,\"valueName\":\"search_term_string\"}}],\"inLanguage\":\"pt-BR\"},{\"@type\":\"Organization\",\"@id\":\"https:\/\/radiolifefm.com.br\/noticias\/#organization\",\"name\":\"R\u00e1dio Life FM\",\"alternateName\":\"Life FM\",\"url\":\"https:\/\/radiolifefm.com.br\/noticias\/\",\"logo\":{\"@type\":\"ImageObject\",\"inLanguage\":\"pt-BR\",\"@id\":\"https:\/\/radiolifefm.com.br\/noticias\/#\/schema\/logo\/image\/\",\"url\":\"https:\/\/static.radiolifefm.com.br\/noticias\/wp-content\/uploads\/2019\/10\/logo-lifefm.png\",\"contentUrl\":\"https:\/\/static.radiolifefm.com.br\/noticias\/wp-content\/uploads\/2019\/10\/logo-lifefm.png\",\"width\":196,\"height\":47,\"caption\":\"R\u00e1dio Life FM\"},\"image\":{\"@id\":\"https:\/\/radiolifefm.com.br\/noticias\/#\/schema\/logo\/image\/\"},\"sameAs\":[\"https:\/\/www.facebook.com\/radiolifefm\/\",\"https:\/\/www.instagram.com\/life1079fm\/\"]},{\"@type\":\"Person\",\"@id\":\"https:\/\/radiolifefm.com.br\/noticias\/#\/schema\/person\/6876e1240feffe6e1b63fd5cb85abf28\",\"name\":\"joaograndao\",\"image\":{\"@type\":\"ImageObject\",\"inLanguage\":\"pt-BR\",\"@id\":\"https:\/\/secure.gravatar.com\/avatar\/d5b1a3cf357ed9c50404e256a1294083aa8ab5d2a994001567302786016cb32c?s=96&d=mm&r=g\",\"url\":\"https:\/\/secure.gravatar.com\/avatar\/d5b1a3cf357ed9c50404e256a1294083aa8ab5d2a994001567302786016cb32c?s=96&d=mm&r=g\",\"contentUrl\":\"https:\/\/secure.gravatar.com\/avatar\/d5b1a3cf357ed9c50404e256a1294083aa8ab5d2a994001567302786016cb32c?s=96&d=mm&r=g\",\"caption\":\"joaograndao\"}}]}<\/script>\n<!-- \/ Yoast SEO plugin. -->","yoast_head_json":{"title":"Tradi\u00e7\u00e3o mantida: Papai Noel chega a Adamantina em noite de encanto e esperan\u00e7a - R\u00e1dio Life FM","robots":{"index":"index","follow":"follow","max-snippet":"max-snippet:-1","max-image-preview":"max-image-preview:large","max-video-preview":"max-video-preview:-1"},"canonical":"https:\/\/radiolifefm.com.br\/noticias\/tradicao-mantida-papai-noel-chega-a-adamantina-em-noite-de-encanto-e-esperanca\/","og_locale":"pt_BR","og_type":"article","og_title":"Tradi\u00e7\u00e3o mantida: Papai Noel chega a Adamantina em noite de encanto e esperan\u00e7a - R\u00e1dio Life FM","og_description":"Mesmo com a mudan\u00e7a de data e local devido \u00e0s fortes chuvas, a tradicional chegada do Papai Noel em Adamantina aconteceu com brilho e emo\u00e7\u00e3o na noite do \u00faltimo dia 15 de dezembro, a dez dias do Natal. O evento, que j\u00e1 faz parte do calend\u00e1rio afetivo da cidade, foi realizado no Pa\u00e7o Municipal, na [&hellip;]","og_url":"https:\/\/radiolifefm.com.br\/noticias\/tradicao-mantida-papai-noel-chega-a-adamantina-em-noite-de-encanto-e-esperanca\/","og_site_name":"R\u00e1dio Life FM","article_publisher":"https:\/\/www.facebook.com\/radiolifefm\/","article_published_time":"2025-12-17T19:00:03+00:00","article_modified_time":"2026-04-25T09:13:04+00:00","og_image":[{"width":1366,"height":768,"url":"https:\/\/radiolifefm.com.br\/noticias\/wp-content\/uploads\/2025\/12\/Capa-Site-98.jpg","type":"image\/jpeg"}],"author":"joaograndao","twitter_card":"summary_large_image","twitter_misc":{"Escrito por":"joaograndao","Est. tempo de leitura":"3 minutos"},"schema":{"@context":"https:\/\/schema.org","@graph":[{"@type":"Article","@id":"https:\/\/radiolifefm.com.br\/noticias\/tradicao-mantida-papai-noel-chega-a-adamantina-em-noite-de-encanto-e-esperanca\/#article","isPartOf":{"@id":"https:\/\/radiolifefm.com.br\/noticias\/tradicao-mantida-papai-noel-chega-a-adamantina-em-noite-de-encanto-e-esperanca\/"},"author":{"name":"joaograndao","@id":"https:\/\/radiolifefm.com.br\/noticias\/#\/schema\/person\/6876e1240feffe6e1b63fd5cb85abf28"},"headline":"Tradi\u00e7\u00e3o mantida: Papai Noel chega a Adamantina em noite de encanto e esperan\u00e7a","datePublished":"2025-12-17T19:00:03+00:00","dateModified":"2026-04-25T09:13:04+00:00","mainEntityOfPage":{"@id":"https:\/\/radiolifefm.com.br\/noticias\/tradicao-mantida-papai-noel-chega-a-adamantina-em-noite-de-encanto-e-esperanca\/"},"wordCount":281,"publisher":{"@id":"https:\/\/radiolifefm.com.br\/noticias\/#organization"},"image":{"@id":"https:\/\/radiolifefm.com.br\/noticias\/tradicao-mantida-papai-noel-chega-a-adamantina-em-noite-de-encanto-e-esperanca\/#primaryimage"},"thumbnailUrl":"https:\/\/radiolifefm.com.br\/noticias\/wp-content\/uploads\/2025\/12\/Capa-Site-98.jpg","articleSection":["Geral"],"inLanguage":"pt-BR"},{"@type":"WebPage","@id":"https:\/\/radiolifefm.com.br\/noticias\/tradicao-mantida-papai-noel-chega-a-adamantina-em-noite-de-encanto-e-esperanca\/","url":"https:\/\/radiolifefm.com.br\/noticias\/tradicao-mantida-papai-noel-chega-a-adamantina-em-noite-de-encanto-e-esperanca\/","name":"Tradi\u00e7\u00e3o mantida: Papai Noel chega a Adamantina em noite de encanto e esperan\u00e7a - R\u00e1dio Life FM","isPartOf":{"@id":"https:\/\/radiolifefm.com.br\/noticias\/#website"},"primaryImageOfPage":{"@id":"https:\/\/radiolifefm.com.br\/noticias\/tradicao-mantida-papai-noel-chega-a-adamantina-em-noite-de-encanto-e-esperanca\/#primaryimage"},"image":{"@id":"https:\/\/radiolifefm.com.br\/noticias\/tradicao-mantida-papai-noel-chega-a-adamantina-em-noite-de-encanto-e-esperanca\/#primaryimage"},"thumbnailUrl":"https:\/\/radiolifefm.com.br\/noticias\/wp-content\/uploads\/2025\/12\/Capa-Site-98.jpg","datePublished":"2025-12-17T19:00:03+00:00","dateModified":"2026-04-25T09:13:04+00:00","breadcrumb":{"@id":"https:\/\/radiolifefm.com.br\/noticias\/tradicao-mantida-papai-noel-chega-a-adamantina-em-noite-de-encanto-e-esperanca\/#breadcrumb"},"inLanguage":"pt-BR","potentialAction":[{"@type":"ReadAction","target":["https:\/\/radiolifefm.com.br\/noticias\/tradicao-mantida-papai-noel-chega-a-adamantina-em-noite-de-encanto-e-esperanca\/"]}]},{"@type":"ImageObject","inLanguage":"pt-BR","@id":"https:\/\/radiolifefm.com.br\/noticias\/tradicao-mantida-papai-noel-chega-a-adamantina-em-noite-de-encanto-e-esperanca\/#primaryimage","url":"https:\/\/radiolifefm.com.br\/noticias\/wp-content\/uploads\/2025\/12\/Capa-Site-98.jpg","contentUrl":"https:\/\/radiolifefm.com.br\/noticias\/wp-content\/uploads\/2025\/12\/Capa-Site-98.jpg","width":1366,"height":768},{"@type":"BreadcrumbList","@id":"https:\/\/radiolifefm.com.br\/noticias\/tradicao-mantida-papai-noel-chega-a-adamantina-em-noite-de-encanto-e-esperanca\/#breadcrumb","itemListElement":[{"@type":"ListItem","position":1,"name":"In\u00edcio","item":"https:\/\/radiolifefm.com.br\/noticias\/"},{"@type":"ListItem","position":2,"name":"Tradi\u00e7\u00e3o mantida: Papai Noel chega a Adamantina em noite de encanto e esperan\u00e7a"}]},{"@type":"WebSite","@id":"https:\/\/radiolifefm.com.br\/noticias\/#website","url":"https:\/\/radiolifefm.com.br\/noticias\/","name":"R\u00e1dio Life FM","description":"O Portal de Not\u00edcias de Adamantina","publisher":{"@id":"https:\/\/radiolifefm.com.br\/noticias\/#organization"},"alternateName":"Life FM","potentialAction":[{"@type":"SearchAction","target":{"@type":"EntryPoint","urlTemplate":"https:\/\/radiolifefm.com.br\/noticias\/?s={search_term_string}"},"query-input":{"@type":"PropertyValueSpecification","valueRequired":true,"valueName":"search_term_string"}}],"inLanguage":"pt-BR"},{"@type":"Organization","@id":"https:\/\/radiolifefm.com.br\/noticias\/#organization","name":"R\u00e1dio Life FM","alternateName":"Life FM","url":"https:\/\/radiolifefm.com.br\/noticias\/","logo":{"@type":"ImageObject","inLanguage":"pt-BR","@id":"https:\/\/radiolifefm.com.br\/noticias\/#\/schema\/logo\/image\/","url":"https:\/\/static.radiolifefm.com.br\/noticias\/wp-content\/uploads\/2019\/10\/logo-lifefm.png","contentUrl":"https:\/\/static.radiolifefm.com.br\/noticias\/wp-content\/uploads\/2019\/10\/logo-lifefm.png","width":196,"height":47,"caption":"R\u00e1dio Life FM"},"image":{"@id":"https:\/\/radiolifefm.com.br\/noticias\/#\/schema\/logo\/image\/"},"sameAs":["https:\/\/www.facebook.com\/radiolifefm\/","https:\/\/www.instagram.com\/life1079fm\/"]},{"@type":"Person","@id":"https:\/\/radiolifefm.com.br\/noticias\/#\/schema\/person\/6876e1240feffe6e1b63fd5cb85abf28","name":"joaograndao","image":{"@type":"ImageObject","inLanguage":"pt-BR","@id":"https:\/\/secure.gravatar.com\/avatar\/d5b1a3cf357ed9c50404e256a1294083aa8ab5d2a994001567302786016cb32c?s=96&d=mm&r=g","url":"https:\/\/secure.gravatar.com\/avatar\/d5b1a3cf357ed9c50404e256a1294083aa8ab5d2a994001567302786016cb32c?s=96&d=mm&r=g","contentUrl":"https:\/\/secure.gravatar.com\/avatar\/d5b1a3cf357ed9c50404e256a1294083aa8ab5d2a994001567302786016cb32c?s=96&d=mm&r=g","caption":"joaograndao"}}]}},"amp_enabled":true,"_links":{"self":[{"href":"https:\/\/radiolifefm.com.br\/noticias\/wp-json\/wp\/v2\/posts\/108846","targetHints":{"allow":["GET"]}}],"collection":[{"href":"https:\/\/radiolifefm.com.br\/noticias\/wp-json\/wp\/v2\/posts"}],"about":[{"href":"https:\/\/radiolifefm.com.br\/noticias\/wp-json\/wp\/v2\/types\/post"}],"author":[{"embeddable":true,"href":"https:\/\/radiolifefm.com.br\/noticias\/wp-json\/wp\/v2\/users\/8"}],"replies":[{"embeddable":true,"href":"https:\/\/radiolifefm.com.br\/noticias\/wp-json\/wp\/v2\/comments?post=108846"}],"version-history":[{"count":1,"href":"https:\/\/radiolifefm.com.br\/noticias\/wp-json\/wp\/v2\/posts\/108846\/revisions"}],"predecessor-version":[{"id":108851,"href":"https:\/\/radiolifefm.com.br\/noticias\/wp-json\/wp\/v2\/posts\/108846\/revisions\/108851"}],"wp:featuredmedia":[{"embeddable":true,"href":"https:\/\/radiolifefm.com.br\/noticias\/wp-json\/wp\/v2\/media\/108847"}],"wp:attachment":[{"href":"https:\/\/radiolifefm.com.br\/noticias\/wp-json\/wp\/v2\/media?parent=108846"}],"wp:term":[{"taxonomy":"category","embeddable":true,"href":"https:\/\/radiolifefm.com.br\/noticias\/wp-json\/wp\/v2\/categories?post=108846"},{"taxonomy":"post_tag","embeddable":true,"href":"https:\/\/radiolifefm.com.br\/noticias\/wp-json\/wp\/v2\/tags?post=108846"}],"curies":[{"name":"wp","href":"https:\/\/api.w.org\/{rel}","templated":true}]}}