{"id":108841,"date":"2025-12-17T15:44:02","date_gmt":"2025-12-17T18:44:02","guid":{"rendered":"https:\/\/radiolifefm.com.br\/noticias\/?p=108841"},"modified":"2026-04-15T14:51:12","modified_gmt":"2026-04-15T17:51:12","slug":"com-natal-e-injecao-de-13o-varejo-paulista-tera-maior-faturamento-mensal-da-historia-diz-fecomerciosp","status":"publish","type":"post","link":"https:\/\/radiolifefm.com.br\/noticias\/com-natal-e-injecao-de-13o-varejo-paulista-tera-maior-faturamento-mensal-da-historia-diz-fecomerciosp\/","title":{"rendered":"Com Natal e inje\u00e7\u00e3o de 13\u00ba, varejo paulista ter\u00e1 maior faturamento mensal da hist\u00f3ria, diz FecomercioSP"},"content":{"rendered":"<div id=\"fb-root\"><\/div>\n<p>Juros altos v\u00e3o frear \u00edmpeto maior dos consumidores, apesar de conjuntura<br \/>\napontar caminhos para compras, diante de infla\u00e7\u00e3o desacelerando e renda<br \/>\nm\u00e9dia em eleva\u00e7\u00e3o<br \/>\nCom o mercado de trabalho aquecido, a renda m\u00e9dia em eleva\u00e7\u00e3o e uma<br \/>\nmaior inje\u00e7\u00e3o de recursos do d\u00e9cimo terceiro sal\u00e1rio em curso, o varejo<br \/>\npaulista vai faturar 4% a mais em dezembro deste ano, em compara\u00e7\u00e3o<br \/>\ncom o mesmo per\u00edodo de 2024. Se as proje\u00e7\u00f5es se confirmarem, o setor ter\u00e1<br \/>\num faturamento de R$ 149,7 bilh\u00f5es no per\u00edodo \u2014 a maior receita para um<br \/>\n\u00fanico m\u00eas dentro da s\u00e9rie da hist\u00f3rica, iniciada em janeiro de 2008.<br \/>\nDe maneira intrigante, esse desempenho representar\u00e1 uma desacelera\u00e7\u00e3o em<br \/>\nrela\u00e7\u00e3o a dezembro passado, quando as receitas subiram 7,3% em rela\u00e7\u00e3o a<br \/>\n2023, apontam os c\u00e1lculos da Federa\u00e7\u00e3o do Com\u00e9rcio de Bens, Servi\u00e7os e<br \/>\nTurismo do Estado de S\u00e3o Paulo (FecomercioSP). Na capital, a proje\u00e7\u00e3o<br \/>\ntamb\u00e9m \u00e9 de um crescimento de 4% em dezembro, ritmo menor do que o de<br \/>\n2024, quando as vendas avan\u00e7aram 6,8% em rela\u00e7\u00e3o ao ano anterior.<br \/>\nA taxa de crescimento prevista para o m\u00eas do Natal est\u00e1 muito pr\u00f3xima do que<br \/>\ndeve ser o resultado do varejo paulista no ano: a proje\u00e7\u00e3o da Federa\u00e7\u00e3o \u00e9 de<br \/>\nalta de 5% nas vendas do setor em 2025.<br \/>\nAl\u00e9m da forte base de compara\u00e7\u00e3o, a desacelera\u00e7\u00e3o \u00e9 resultado da<br \/>\nconjuntura complexa do Pa\u00eds, marcada tanto por elementos positivos como<br \/>\npor impasses significativos. De um lado, h\u00e1 um mercado de trabalho aquecido<br \/>\n(o desemprego foi de 5,4% no trimestre encerrado em outubro, de acordo com<br \/>\no IBGE), o que mant\u00e9m o consumo e eleva a renda m\u00e9dia (rendimentos do<br \/>\ntrabalho cresceram 4% no terceiro trimestre, segundo o Ipea).<br \/>\nDe outro, os juros altos acabam desestimulando as compras, principalmente<br \/>\nde bens dur\u00e1veis, como ve\u00edculos ou eletrodom\u00e9sticos, que dependem de<br \/>\ncr\u00e9dito e de parcelamento do pagamento. Al\u00e9m disso, a infla\u00e7\u00e3o segue acima<br \/>\ndo teto da meta, embora em desacelera\u00e7\u00e3o.<br \/>\n[TABELA 1]<br \/>\nProje\u00e7\u00e3o de faturamento de dezembro do varejo de S\u00e3o Paulo (2025)<br \/>\nFonte: FecomercioSP<br \/>\n<img loading=\"lazy\" decoding=\"async\" class=\"aligncenter wp-image-108843 size-full\" src=\"https:\/\/radiolifefm.com.br\/noticias\/wp-content\/uploads\/2025\/12\/WhatsApp-Image-2025-12-17-at-15.37.03-e1765996673977.jpeg\" alt=\"\" width=\"640\" height=\"320\" srcset=\"https:\/\/radiolifefm.com.br\/noticias\/wp-content\/uploads\/2025\/12\/WhatsApp-Image-2025-12-17-at-15.37.03-e1765996673977.jpeg 640w, https:\/\/radiolifefm.com.br\/noticias\/wp-content\/uploads\/2025\/12\/WhatsApp-Image-2025-12-17-at-15.37.03-e1765996673977-300x150.jpeg 300w\" sizes=\"auto, (max-width: 640px) 100vw, 640px\" \/><\/p>\n<p>Ceia e presentes<br \/>\nOs n\u00fameros de dezembro ser\u00e3o afetados, sobretudo, pela demanda pelos itens<br \/>\nda ceia de Natal, proporcionando aos supermercados faturarem 6% a mais do<br \/>\nque no mesmo m\u00eas do ano passado. Como esse segmento tem um peso<br \/>\nrelevante na pr\u00f3pria composi\u00e7\u00e3o do faturamento varejista, uma alta dessa<br \/>\nmagnitude joga o resultado para cima.<br \/>\nAdemais, a busca por presentes vai dinamizar alguns segmentos. Neste caso,<br \/>\nas lojas de roupas e cal\u00e7ados ser\u00e3o as grandes beneficiadas, com a maior alta<br \/>\ndo m\u00eas (9%). Em n\u00fameros absolutos, ser\u00e1 R$ 1,4 bilh\u00e3o a mais de receitas.<br \/>\nA FecomercioSP aponta que, al\u00e9m da procura por produtos para presentear, o<br \/>\nmaior fluxo de pessoas nas ruas e nos shoppings \u2014 associado aos resqu\u00edcios<br \/>\nde promo\u00e7\u00f5es da Black Friday \u2014 tende a sensibilizar muitos consumidores.<br \/>\nAs farm\u00e1cias e perfumarias tamb\u00e9m ter\u00e3o um bom desempenho (6%),<br \/>\nseguindo a tend\u00eancia de expans\u00e3o, praticamente ininterrupta, do segmento nos<br \/>\n\u00faltimos anos.<br \/>\nPara a Entidade, \u00e9 importante esperar que o varejo paulista tenha o melhor<br \/>\nNatal da hist\u00f3ria em termos de faturamento, mas lembra da desacelera\u00e7\u00e3o<br \/>\nno segundo semestre deste ano, o que indica que o pr\u00f3ximo ano ser\u00e1<br \/>\ndesafiador.<br \/>\nSobre a FecomercioSP<br \/>\nRe\u00fane l\u00edderes empresariais, especialistas e consultores para fomentar o<br \/>\ndesenvolvimento do empreendedorismo. Em conjunto com o governo,<br \/>\nmobiliza-se pela desburocratiza\u00e7\u00e3o e pela moderniza\u00e7\u00e3o, desenvolve solu\u00e7\u00f5es,<br \/>\nelabora pesquisas e disponibiliza conte\u00fado pr\u00e1tico sobre as quest\u00f5es que<br \/>\nimpactam a vida do empreendedor. Representa 1,8 milh\u00e3o de empres\u00e1rios, que<br \/>\nrespondem por quase 10% do Produto Interno Bruto (PIB) brasileiro e geram<br \/>\nem torno de 10 milh\u00f5es de empregos.<br \/>\nMais informa\u00e7\u00f5es<br \/>\nAssessoria de imprensa da FecomercioSP<\/p>\n<p><a href=\"imprensa@fecomercio.net.br\">imprensa@fecomercio.net.br<\/p>\n<p><\/a>Vin\u00edcius Mendes \u2013 (11) 96860-1503<br \/>\nArlete Moraes \u2013 (11) 94291-8055<br \/>\nAndressa Knop \u2014 (11) 91995-3431<\/p>\n<p>Siga a FecomercioSP<\/p>\n<p><a href=\"https:\/\/www.facebook.com\/fecomercio\">https:\/\/www.facebook.com\/fecomercio<\/a><br \/>\n<a href=\"https:\/\/www.instagram.com\/fecomerciosp\/\">https:\/\/www.instagram.com\/fecomerciosp\/<\/a><br \/>\n<a href=\"https:\/\/www.linkedin.com\/company\/fecomercio\/\">https:\/\/www.linkedin.com\/company\/fecomercio\/<\/a><\/p>\n","protected":false},"excerpt":{"rendered":"<p>Juros altos v\u00e3o frear \u00edmpeto maior dos consumidores, apesar de conjuntura apontar caminhos para compras, diante de infla\u00e7\u00e3o desacelerando e renda m\u00e9dia em eleva\u00e7\u00e3o Com o mercado de trabalho aquecido, a renda m\u00e9dia em eleva\u00e7\u00e3o e uma maior inje\u00e7\u00e3o de recursos do d\u00e9cimo terceiro sal\u00e1rio em curso, o varejo paulista vai faturar 4% a mais [&hellip;]<\/p>\n","protected":false},"author":8,"featured_media":108844,"comment_status":"closed","ping_status":"open","sticky":false,"template":"","format":"standard","meta":{"_acf_changed":false,"_exactmetrics_skip_tracking":false,"_exactmetrics_sitenote_active":false,"_exactmetrics_sitenote_note":"","_exactmetrics_sitenote_category":0,"footnotes":""},"categories":[1],"tags":[],"class_list":["post-108841","post","type-post","status-publish","format-standard","has-post-thumbnail","hentry","category-geral"],"acf":[],"yoast_head":"<!-- This site is optimized with the Yoast SEO plugin v27.2 - https:\/\/yoast.com\/product\/yoast-seo-wordpress\/ -->\n<title>Com Natal e inje\u00e7\u00e3o de 13\u00ba, varejo paulista ter\u00e1 maior faturamento mensal da hist\u00f3ria, diz FecomercioSP - R\u00e1dio Life FM<\/title>\n<meta name=\"robots\" content=\"index, follow, max-snippet:-1, max-image-preview:large, max-video-preview:-1\" \/>\n<link rel=\"canonical\" href=\"https:\/\/radiolifefm.com.br\/noticias\/com-natal-e-injecao-de-13o-varejo-paulista-tera-maior-faturamento-mensal-da-historia-diz-fecomerciosp\/\" \/>\n<meta property=\"og:locale\" content=\"pt_BR\" \/>\n<meta property=\"og:type\" content=\"article\" \/>\n<meta property=\"og:title\" content=\"Com Natal e inje\u00e7\u00e3o de 13\u00ba, varejo paulista ter\u00e1 maior faturamento mensal da hist\u00f3ria, diz FecomercioSP - R\u00e1dio Life FM\" \/>\n<meta property=\"og:description\" content=\"Juros altos v\u00e3o frear \u00edmpeto maior dos consumidores, apesar de conjuntura apontar caminhos para compras, diante de infla\u00e7\u00e3o desacelerando e renda m\u00e9dia em eleva\u00e7\u00e3o Com o mercado de trabalho aquecido, a renda m\u00e9dia em eleva\u00e7\u00e3o e uma maior inje\u00e7\u00e3o de recursos do d\u00e9cimo terceiro sal\u00e1rio em curso, o varejo paulista vai faturar 4% a mais [&hellip;]\" \/>\n<meta property=\"og:url\" content=\"https:\/\/radiolifefm.com.br\/noticias\/com-natal-e-injecao-de-13o-varejo-paulista-tera-maior-faturamento-mensal-da-historia-diz-fecomerciosp\/\" \/>\n<meta property=\"og:site_name\" content=\"R\u00e1dio Life FM\" \/>\n<meta property=\"article:publisher\" content=\"https:\/\/www.facebook.com\/radiolifefm\/\" \/>\n<meta property=\"article:published_time\" content=\"2025-12-17T18:44:02+00:00\" \/>\n<meta property=\"article:modified_time\" content=\"2026-04-15T17:51:12+00:00\" \/>\n<meta property=\"og:image\" content=\"https:\/\/radiolifefm.com.br\/noticias\/wp-content\/uploads\/2025\/12\/download.jpg\" \/>\n\t<meta property=\"og:image:width\" content=\"275\" \/>\n\t<meta property=\"og:image:height\" content=\"183\" \/>\n\t<meta property=\"og:image:type\" content=\"image\/jpeg\" \/>\n<meta name=\"author\" content=\"joaograndao\" \/>\n<meta name=\"twitter:card\" content=\"summary_large_image\" \/>\n<meta name=\"twitter:label1\" content=\"Escrito por\" \/>\n\t<meta name=\"twitter:data1\" content=\"joaograndao\" \/>\n\t<meta name=\"twitter:label2\" content=\"Est. tempo de leitura\" \/>\n\t<meta name=\"twitter:data2\" content=\"4 minutos\" \/>\n<script type=\"application\/ld+json\" class=\"yoast-schema-graph\">{\"@context\":\"https:\/\/schema.org\",\"@graph\":[{\"@type\":\"Article\",\"@id\":\"https:\/\/radiolifefm.com.br\/noticias\/com-natal-e-injecao-de-13o-varejo-paulista-tera-maior-faturamento-mensal-da-historia-diz-fecomerciosp\/#article\",\"isPartOf\":{\"@id\":\"https:\/\/radiolifefm.com.br\/noticias\/com-natal-e-injecao-de-13o-varejo-paulista-tera-maior-faturamento-mensal-da-historia-diz-fecomerciosp\/\"},\"author\":{\"name\":\"joaograndao\",\"@id\":\"https:\/\/radiolifefm.com.br\/noticias\/#\/schema\/person\/6876e1240feffe6e1b63fd5cb85abf28\"},\"headline\":\"Com Natal e inje\u00e7\u00e3o de 13\u00ba, varejo paulista ter\u00e1 maior faturamento mensal da hist\u00f3ria, diz FecomercioSP\",\"datePublished\":\"2025-12-17T18:44:02+00:00\",\"dateModified\":\"2026-04-15T17:51:12+00:00\",\"mainEntityOfPage\":{\"@id\":\"https:\/\/radiolifefm.com.br\/noticias\/com-natal-e-injecao-de-13o-varejo-paulista-tera-maior-faturamento-mensal-da-historia-diz-fecomerciosp\/\"},\"wordCount\":700,\"publisher\":{\"@id\":\"https:\/\/radiolifefm.com.br\/noticias\/#organization\"},\"image\":{\"@id\":\"https:\/\/radiolifefm.com.br\/noticias\/com-natal-e-injecao-de-13o-varejo-paulista-tera-maior-faturamento-mensal-da-historia-diz-fecomerciosp\/#primaryimage\"},\"thumbnailUrl\":\"https:\/\/radiolifefm.com.br\/noticias\/wp-content\/uploads\/2025\/12\/download.jpg\",\"articleSection\":[\"Geral\"],\"inLanguage\":\"pt-BR\"},{\"@type\":\"WebPage\",\"@id\":\"https:\/\/radiolifefm.com.br\/noticias\/com-natal-e-injecao-de-13o-varejo-paulista-tera-maior-faturamento-mensal-da-historia-diz-fecomerciosp\/\",\"url\":\"https:\/\/radiolifefm.com.br\/noticias\/com-natal-e-injecao-de-13o-varejo-paulista-tera-maior-faturamento-mensal-da-historia-diz-fecomerciosp\/\",\"name\":\"Com Natal e inje\u00e7\u00e3o de 13\u00ba, varejo paulista ter\u00e1 maior faturamento mensal da hist\u00f3ria, diz FecomercioSP - R\u00e1dio Life FM\",\"isPartOf\":{\"@id\":\"https:\/\/radiolifefm.com.br\/noticias\/#website\"},\"primaryImageOfPage\":{\"@id\":\"https:\/\/radiolifefm.com.br\/noticias\/com-natal-e-injecao-de-13o-varejo-paulista-tera-maior-faturamento-mensal-da-historia-diz-fecomerciosp\/#primaryimage\"},\"image\":{\"@id\":\"https:\/\/radiolifefm.com.br\/noticias\/com-natal-e-injecao-de-13o-varejo-paulista-tera-maior-faturamento-mensal-da-historia-diz-fecomerciosp\/#primaryimage\"},\"thumbnailUrl\":\"https:\/\/radiolifefm.com.br\/noticias\/wp-content\/uploads\/2025\/12\/download.jpg\",\"datePublished\":\"2025-12-17T18:44:02+00:00\",\"dateModified\":\"2026-04-15T17:51:12+00:00\",\"breadcrumb\":{\"@id\":\"https:\/\/radiolifefm.com.br\/noticias\/com-natal-e-injecao-de-13o-varejo-paulista-tera-maior-faturamento-mensal-da-historia-diz-fecomerciosp\/#breadcrumb\"},\"inLanguage\":\"pt-BR\",\"potentialAction\":[{\"@type\":\"ReadAction\",\"target\":[\"https:\/\/radiolifefm.com.br\/noticias\/com-natal-e-injecao-de-13o-varejo-paulista-tera-maior-faturamento-mensal-da-historia-diz-fecomerciosp\/\"]}]},{\"@type\":\"ImageObject\",\"inLanguage\":\"pt-BR\",\"@id\":\"https:\/\/radiolifefm.com.br\/noticias\/com-natal-e-injecao-de-13o-varejo-paulista-tera-maior-faturamento-mensal-da-historia-diz-fecomerciosp\/#primaryimage\",\"url\":\"https:\/\/radiolifefm.com.br\/noticias\/wp-content\/uploads\/2025\/12\/download.jpg\",\"contentUrl\":\"https:\/\/radiolifefm.com.br\/noticias\/wp-content\/uploads\/2025\/12\/download.jpg\",\"width\":275,\"height\":183},{\"@type\":\"BreadcrumbList\",\"@id\":\"https:\/\/radiolifefm.com.br\/noticias\/com-natal-e-injecao-de-13o-varejo-paulista-tera-maior-faturamento-mensal-da-historia-diz-fecomerciosp\/#breadcrumb\",\"itemListElement\":[{\"@type\":\"ListItem\",\"position\":1,\"name\":\"In\u00edcio\",\"item\":\"https:\/\/radiolifefm.com.br\/noticias\/\"},{\"@type\":\"ListItem\",\"position\":2,\"name\":\"Com Natal e inje\u00e7\u00e3o de 13\u00ba, varejo paulista ter\u00e1 maior faturamento mensal da hist\u00f3ria, diz FecomercioSP\"}]},{\"@type\":\"WebSite\",\"@id\":\"https:\/\/radiolifefm.com.br\/noticias\/#website\",\"url\":\"https:\/\/radiolifefm.com.br\/noticias\/\",\"name\":\"R\u00e1dio Life FM\",\"description\":\"O Portal de Not\u00edcias de Adamantina\",\"publisher\":{\"@id\":\"https:\/\/radiolifefm.com.br\/noticias\/#organization\"},\"alternateName\":\"Life FM\",\"potentialAction\":[{\"@type\":\"SearchAction\",\"target\":{\"@type\":\"EntryPoint\",\"urlTemplate\":\"https:\/\/radiolifefm.com.br\/noticias\/?s={search_term_string}\"},\"query-input\":{\"@type\":\"PropertyValueSpecification\",\"valueRequired\":true,\"valueName\":\"search_term_string\"}}],\"inLanguage\":\"pt-BR\"},{\"@type\":\"Organization\",\"@id\":\"https:\/\/radiolifefm.com.br\/noticias\/#organization\",\"name\":\"R\u00e1dio Life FM\",\"alternateName\":\"Life FM\",\"url\":\"https:\/\/radiolifefm.com.br\/noticias\/\",\"logo\":{\"@type\":\"ImageObject\",\"inLanguage\":\"pt-BR\",\"@id\":\"https:\/\/radiolifefm.com.br\/noticias\/#\/schema\/logo\/image\/\",\"url\":\"https:\/\/static.radiolifefm.com.br\/noticias\/wp-content\/uploads\/2019\/10\/logo-lifefm.png\",\"contentUrl\":\"https:\/\/static.radiolifefm.com.br\/noticias\/wp-content\/uploads\/2019\/10\/logo-lifefm.png\",\"width\":196,\"height\":47,\"caption\":\"R\u00e1dio Life FM\"},\"image\":{\"@id\":\"https:\/\/radiolifefm.com.br\/noticias\/#\/schema\/logo\/image\/\"},\"sameAs\":[\"https:\/\/www.facebook.com\/radiolifefm\/\",\"https:\/\/www.instagram.com\/life1079fm\/\"]},{\"@type\":\"Person\",\"@id\":\"https:\/\/radiolifefm.com.br\/noticias\/#\/schema\/person\/6876e1240feffe6e1b63fd5cb85abf28\",\"name\":\"joaograndao\",\"image\":{\"@type\":\"ImageObject\",\"inLanguage\":\"pt-BR\",\"@id\":\"https:\/\/secure.gravatar.com\/avatar\/d5b1a3cf357ed9c50404e256a1294083aa8ab5d2a994001567302786016cb32c?s=96&d=mm&r=g\",\"url\":\"https:\/\/secure.gravatar.com\/avatar\/d5b1a3cf357ed9c50404e256a1294083aa8ab5d2a994001567302786016cb32c?s=96&d=mm&r=g\",\"contentUrl\":\"https:\/\/secure.gravatar.com\/avatar\/d5b1a3cf357ed9c50404e256a1294083aa8ab5d2a994001567302786016cb32c?s=96&d=mm&r=g\",\"caption\":\"joaograndao\"}}]}<\/script>\n<!-- \/ Yoast SEO plugin. -->","yoast_head_json":{"title":"Com Natal e inje\u00e7\u00e3o de 13\u00ba, varejo paulista ter\u00e1 maior faturamento mensal da hist\u00f3ria, diz FecomercioSP - R\u00e1dio Life FM","robots":{"index":"index","follow":"follow","max-snippet":"max-snippet:-1","max-image-preview":"max-image-preview:large","max-video-preview":"max-video-preview:-1"},"canonical":"https:\/\/radiolifefm.com.br\/noticias\/com-natal-e-injecao-de-13o-varejo-paulista-tera-maior-faturamento-mensal-da-historia-diz-fecomerciosp\/","og_locale":"pt_BR","og_type":"article","og_title":"Com Natal e inje\u00e7\u00e3o de 13\u00ba, varejo paulista ter\u00e1 maior faturamento mensal da hist\u00f3ria, diz FecomercioSP - R\u00e1dio Life FM","og_description":"Juros altos v\u00e3o frear \u00edmpeto maior dos consumidores, apesar de conjuntura apontar caminhos para compras, diante de infla\u00e7\u00e3o desacelerando e renda m\u00e9dia em eleva\u00e7\u00e3o Com o mercado de trabalho aquecido, a renda m\u00e9dia em eleva\u00e7\u00e3o e uma maior inje\u00e7\u00e3o de recursos do d\u00e9cimo terceiro sal\u00e1rio em curso, o varejo paulista vai faturar 4% a mais [&hellip;]","og_url":"https:\/\/radiolifefm.com.br\/noticias\/com-natal-e-injecao-de-13o-varejo-paulista-tera-maior-faturamento-mensal-da-historia-diz-fecomerciosp\/","og_site_name":"R\u00e1dio Life FM","article_publisher":"https:\/\/www.facebook.com\/radiolifefm\/","article_published_time":"2025-12-17T18:44:02+00:00","article_modified_time":"2026-04-15T17:51:12+00:00","og_image":[{"width":275,"height":183,"url":"https:\/\/radiolifefm.com.br\/noticias\/wp-content\/uploads\/2025\/12\/download.jpg","type":"image\/jpeg"}],"author":"joaograndao","twitter_card":"summary_large_image","twitter_misc":{"Escrito por":"joaograndao","Est. tempo de leitura":"4 minutos"},"schema":{"@context":"https:\/\/schema.org","@graph":[{"@type":"Article","@id":"https:\/\/radiolifefm.com.br\/noticias\/com-natal-e-injecao-de-13o-varejo-paulista-tera-maior-faturamento-mensal-da-historia-diz-fecomerciosp\/#article","isPartOf":{"@id":"https:\/\/radiolifefm.com.br\/noticias\/com-natal-e-injecao-de-13o-varejo-paulista-tera-maior-faturamento-mensal-da-historia-diz-fecomerciosp\/"},"author":{"name":"joaograndao","@id":"https:\/\/radiolifefm.com.br\/noticias\/#\/schema\/person\/6876e1240feffe6e1b63fd5cb85abf28"},"headline":"Com Natal e inje\u00e7\u00e3o de 13\u00ba, varejo paulista ter\u00e1 maior faturamento mensal da hist\u00f3ria, diz FecomercioSP","datePublished":"2025-12-17T18:44:02+00:00","dateModified":"2026-04-15T17:51:12+00:00","mainEntityOfPage":{"@id":"https:\/\/radiolifefm.com.br\/noticias\/com-natal-e-injecao-de-13o-varejo-paulista-tera-maior-faturamento-mensal-da-historia-diz-fecomerciosp\/"},"wordCount":700,"publisher":{"@id":"https:\/\/radiolifefm.com.br\/noticias\/#organization"},"image":{"@id":"https:\/\/radiolifefm.com.br\/noticias\/com-natal-e-injecao-de-13o-varejo-paulista-tera-maior-faturamento-mensal-da-historia-diz-fecomerciosp\/#primaryimage"},"thumbnailUrl":"https:\/\/radiolifefm.com.br\/noticias\/wp-content\/uploads\/2025\/12\/download.jpg","articleSection":["Geral"],"inLanguage":"pt-BR"},{"@type":"WebPage","@id":"https:\/\/radiolifefm.com.br\/noticias\/com-natal-e-injecao-de-13o-varejo-paulista-tera-maior-faturamento-mensal-da-historia-diz-fecomerciosp\/","url":"https:\/\/radiolifefm.com.br\/noticias\/com-natal-e-injecao-de-13o-varejo-paulista-tera-maior-faturamento-mensal-da-historia-diz-fecomerciosp\/","name":"Com Natal e inje\u00e7\u00e3o de 13\u00ba, varejo paulista ter\u00e1 maior faturamento mensal da hist\u00f3ria, diz FecomercioSP - R\u00e1dio Life FM","isPartOf":{"@id":"https:\/\/radiolifefm.com.br\/noticias\/#website"},"primaryImageOfPage":{"@id":"https:\/\/radiolifefm.com.br\/noticias\/com-natal-e-injecao-de-13o-varejo-paulista-tera-maior-faturamento-mensal-da-historia-diz-fecomerciosp\/#primaryimage"},"image":{"@id":"https:\/\/radiolifefm.com.br\/noticias\/com-natal-e-injecao-de-13o-varejo-paulista-tera-maior-faturamento-mensal-da-historia-diz-fecomerciosp\/#primaryimage"},"thumbnailUrl":"https:\/\/radiolifefm.com.br\/noticias\/wp-content\/uploads\/2025\/12\/download.jpg","datePublished":"2025-12-17T18:44:02+00:00","dateModified":"2026-04-15T17:51:12+00:00","breadcrumb":{"@id":"https:\/\/radiolifefm.com.br\/noticias\/com-natal-e-injecao-de-13o-varejo-paulista-tera-maior-faturamento-mensal-da-historia-diz-fecomerciosp\/#breadcrumb"},"inLanguage":"pt-BR","potentialAction":[{"@type":"ReadAction","target":["https:\/\/radiolifefm.com.br\/noticias\/com-natal-e-injecao-de-13o-varejo-paulista-tera-maior-faturamento-mensal-da-historia-diz-fecomerciosp\/"]}]},{"@type":"ImageObject","inLanguage":"pt-BR","@id":"https:\/\/radiolifefm.com.br\/noticias\/com-natal-e-injecao-de-13o-varejo-paulista-tera-maior-faturamento-mensal-da-historia-diz-fecomerciosp\/#primaryimage","url":"https:\/\/radiolifefm.com.br\/noticias\/wp-content\/uploads\/2025\/12\/download.jpg","contentUrl":"https:\/\/radiolifefm.com.br\/noticias\/wp-content\/uploads\/2025\/12\/download.jpg","width":275,"height":183},{"@type":"BreadcrumbList","@id":"https:\/\/radiolifefm.com.br\/noticias\/com-natal-e-injecao-de-13o-varejo-paulista-tera-maior-faturamento-mensal-da-historia-diz-fecomerciosp\/#breadcrumb","itemListElement":[{"@type":"ListItem","position":1,"name":"In\u00edcio","item":"https:\/\/radiolifefm.com.br\/noticias\/"},{"@type":"ListItem","position":2,"name":"Com Natal e inje\u00e7\u00e3o de 13\u00ba, varejo paulista ter\u00e1 maior faturamento mensal da hist\u00f3ria, diz FecomercioSP"}]},{"@type":"WebSite","@id":"https:\/\/radiolifefm.com.br\/noticias\/#website","url":"https:\/\/radiolifefm.com.br\/noticias\/","name":"R\u00e1dio Life FM","description":"O Portal de Not\u00edcias de Adamantina","publisher":{"@id":"https:\/\/radiolifefm.com.br\/noticias\/#organization"},"alternateName":"Life FM","potentialAction":[{"@type":"SearchAction","target":{"@type":"EntryPoint","urlTemplate":"https:\/\/radiolifefm.com.br\/noticias\/?s={search_term_string}"},"query-input":{"@type":"PropertyValueSpecification","valueRequired":true,"valueName":"search_term_string"}}],"inLanguage":"pt-BR"},{"@type":"Organization","@id":"https:\/\/radiolifefm.com.br\/noticias\/#organization","name":"R\u00e1dio Life FM","alternateName":"Life FM","url":"https:\/\/radiolifefm.com.br\/noticias\/","logo":{"@type":"ImageObject","inLanguage":"pt-BR","@id":"https:\/\/radiolifefm.com.br\/noticias\/#\/schema\/logo\/image\/","url":"https:\/\/static.radiolifefm.com.br\/noticias\/wp-content\/uploads\/2019\/10\/logo-lifefm.png","contentUrl":"https:\/\/static.radiolifefm.com.br\/noticias\/wp-content\/uploads\/2019\/10\/logo-lifefm.png","width":196,"height":47,"caption":"R\u00e1dio Life FM"},"image":{"@id":"https:\/\/radiolifefm.com.br\/noticias\/#\/schema\/logo\/image\/"},"sameAs":["https:\/\/www.facebook.com\/radiolifefm\/","https:\/\/www.instagram.com\/life1079fm\/"]},{"@type":"Person","@id":"https:\/\/radiolifefm.com.br\/noticias\/#\/schema\/person\/6876e1240feffe6e1b63fd5cb85abf28","name":"joaograndao","image":{"@type":"ImageObject","inLanguage":"pt-BR","@id":"https:\/\/secure.gravatar.com\/avatar\/d5b1a3cf357ed9c50404e256a1294083aa8ab5d2a994001567302786016cb32c?s=96&d=mm&r=g","url":"https:\/\/secure.gravatar.com\/avatar\/d5b1a3cf357ed9c50404e256a1294083aa8ab5d2a994001567302786016cb32c?s=96&d=mm&r=g","contentUrl":"https:\/\/secure.gravatar.com\/avatar\/d5b1a3cf357ed9c50404e256a1294083aa8ab5d2a994001567302786016cb32c?s=96&d=mm&r=g","caption":"joaograndao"}}]}},"amp_enabled":true,"_links":{"self":[{"href":"https:\/\/radiolifefm.com.br\/noticias\/wp-json\/wp\/v2\/posts\/108841","targetHints":{"allow":["GET"]}}],"collection":[{"href":"https:\/\/radiolifefm.com.br\/noticias\/wp-json\/wp\/v2\/posts"}],"about":[{"href":"https:\/\/radiolifefm.com.br\/noticias\/wp-json\/wp\/v2\/types\/post"}],"author":[{"embeddable":true,"href":"https:\/\/radiolifefm.com.br\/noticias\/wp-json\/wp\/v2\/users\/8"}],"replies":[{"embeddable":true,"href":"https:\/\/radiolifefm.com.br\/noticias\/wp-json\/wp\/v2\/comments?post=108841"}],"version-history":[{"count":1,"href":"https:\/\/radiolifefm.com.br\/noticias\/wp-json\/wp\/v2\/posts\/108841\/revisions"}],"predecessor-version":[{"id":108845,"href":"https:\/\/radiolifefm.com.br\/noticias\/wp-json\/wp\/v2\/posts\/108841\/revisions\/108845"}],"wp:featuredmedia":[{"embeddable":true,"href":"https:\/\/radiolifefm.com.br\/noticias\/wp-json\/wp\/v2\/media\/108844"}],"wp:attachment":[{"href":"https:\/\/radiolifefm.com.br\/noticias\/wp-json\/wp\/v2\/media?parent=108841"}],"wp:term":[{"taxonomy":"category","embeddable":true,"href":"https:\/\/radiolifefm.com.br\/noticias\/wp-json\/wp\/v2\/categories?post=108841"},{"taxonomy":"post_tag","embeddable":true,"href":"https:\/\/radiolifefm.com.br\/noticias\/wp-json\/wp\/v2\/tags?post=108841"}],"curies":[{"name":"wp","href":"https:\/\/api.w.org\/{rel}","templated":true}]}}