{"id":108838,"date":"2025-12-17T15:28:23","date_gmt":"2025-12-17T18:28:23","guid":{"rendered":"https:\/\/radiolifefm.com.br\/noticias\/?p=108838"},"modified":"2026-04-08T17:25:57","modified_gmt":"2026-04-08T20:25:57","slug":"atestados-medicos-fisicos-e-digitais-continuam-validos","status":"publish","type":"post","link":"https:\/\/radiolifefm.com.br\/noticias\/atestados-medicos-fisicos-e-digitais-continuam-validos\/","title":{"rendered":"Atestados m\u00e9dicos f\u00edsicos e digitais continuam v\u00e1lidos"},"content":{"rendered":"<div id=\"fb-root\"><\/div>\n<p>&nbsp;<\/p>\n<p><strong>\u00a0<\/strong><\/p>\n<p><em>Justi\u00e7a suspendeu efeitos da Resolu\u00e7\u00e3o 2.382\/2024, do Conselho Federal de Medicina, que criou a plataforma Atesta CFM<\/em><\/p>\n<p><em>\u00a0<\/em><\/p>\n<p>Nos \u00faltimos dias, circularam nas redes sociais informa\u00e7\u00f5es apontando que, a partir de mar\u00e7o de 2026, os atestados m\u00e9dicos s\u00f3 teriam validade se emitidos em formato digital. A informa\u00e7\u00e3o n\u00e3o \u00e9 correta. Para evitar inseguran\u00e7as e orientar corretamente o setor produtivo, a\u00a0<a href=\"https:\/\/www.fecomercio.com.br\/\">Federa\u00e7\u00e3o do Com\u00e9rcio de Bens, Servi\u00e7os e Turismo do Estado de S\u00e3o Paulo (FecomercioSP)<\/a>\u00a0esclarece o que efetivamente existe, hoje, em termos legais e operacionais.<\/p>\n<p>&nbsp;<\/p>\n<p>Em junho de 2024, o Conselho Federal de Medicina (CFM) publicou a Resolu\u00e7\u00e3o 2.382\/2024, que criou a plataforma Atesta CFM como sistema oficial para a emiss\u00e3o e o gerenciamento de atestados m\u00e9dicos em todo o Pa\u00eds.<\/p>\n<p>&nbsp;<\/p>\n<p>A norma tornava o uso da plataforma obrigat\u00f3rio tanto para os atestados f\u00edsicos quanto para os digitais, que passaram a ser emitidos em blocos com c\u00f3digo QR fornecidos pelo pr\u00f3prio sistema. A resolu\u00e7\u00e3o privilegiou o formato digital, mas manteve a validade dos atestados f\u00edsicos, desde que emitidos dentro das regras definidas.<\/p>\n<p>&nbsp;<\/p>\n<p>No entanto, em outubro de 2024, o Movimento Inova\u00e7\u00e3o Digital ingressou na Justi\u00e7a com uma a\u00e7\u00e3o questionando a resolu\u00e7\u00e3o, e, no m\u00eas seguinte, a Justi\u00e7a Federal concedeu liminar \u00e0 a\u00e7\u00e3o, suspendendo integralmente os efeitos da Resolu\u00e7\u00e3o 2.382\/2024. O entendimento foi de que, dentre outros termos, o CFM extrapolou sua compet\u00eancia ao impor a plataforma como \u00fanico meio de emiss\u00e3o e restringir a validade de atestados f\u00edsicos. O CFM recorreu, mas, at\u00e9 o momento, a decis\u00e3o judicial permanece v\u00e1lida.<\/p>\n<p>&nbsp;<\/p>\n<p>Diante dessa suspens\u00e3o, a resolu\u00e7\u00e3o n\u00e3o produz qualquer efeito pr\u00e1tico, ou seja:<\/p>\n<ol>\n<li>o uso da plataforma Atesta CFM n\u00e3o \u00e9 obrigat\u00f3rio;<\/li>\n<li>n\u00e3o existe nenhuma nova regra, seja do CFM, seja do Poder Legislativo, que exija a emiss\u00e3o de atestados exclusivamente em formato digital;<\/li>\n<li>qualquer mudan\u00e7a depende da decis\u00e3o da Justi\u00e7a sobre o recurso apresentado pela CFM para restabelecer a vig\u00eancia da norma.<\/li>\n<\/ol>\n<p><strong>\u00a0<\/strong><\/p>\n<p><strong>Nada mudou<\/strong><\/p>\n<p>Os atestados f\u00edsicos e digitais continuam plenamente v\u00e1lidos, desde que contenham as informa\u00e7\u00f5es exigidas pela legisla\u00e7\u00e3o trabalhista e pelas normas profissionais. Empresas devem seguir seus procedimentos internos usuais, sem impor ao trabalhador exig\u00eancias n\u00e3o previstas em lei.<\/p>\n<p>&nbsp;<\/p>\n<p>Em caso de d\u00favida, o empres\u00e1rio deve buscar informa\u00e7\u00f5es confi\u00e1veis e atualizadas. Entidades, como a FecomercioSP e seus sindicatos filiados, seguem monitorando o tema e est\u00e3o preparadas para orientar os empregadores com seguran\u00e7a jur\u00eddica e clareza t\u00e9cnica.<\/p>\n<p>&nbsp;<\/p>\n","protected":false},"excerpt":{"rendered":"<p>&nbsp; \u00a0 Justi\u00e7a suspendeu efeitos da Resolu\u00e7\u00e3o 2.382\/2024, do Conselho Federal de Medicina, que criou a plataforma Atesta CFM \u00a0 Nos \u00faltimos dias, circularam nas redes sociais informa\u00e7\u00f5es apontando que, a partir de mar\u00e7o de 2026, os atestados m\u00e9dicos s\u00f3 teriam validade se emitidos em formato digital. A informa\u00e7\u00e3o n\u00e3o \u00e9 correta. Para evitar inseguran\u00e7as [&hellip;]<\/p>\n","protected":false},"author":8,"featured_media":108839,"comment_status":"closed","ping_status":"open","sticky":false,"template":"","format":"standard","meta":{"_acf_changed":false,"_exactmetrics_skip_tracking":false,"_exactmetrics_sitenote_active":false,"_exactmetrics_sitenote_note":"","_exactmetrics_sitenote_category":0,"footnotes":""},"categories":[1],"tags":[],"class_list":["post-108838","post","type-post","status-publish","format-standard","has-post-thumbnail","hentry","category-geral"],"acf":[],"yoast_head":"<!-- This site is optimized with the Yoast SEO plugin v27.2 - https:\/\/yoast.com\/product\/yoast-seo-wordpress\/ -->\n<title>Atestados m\u00e9dicos f\u00edsicos e digitais continuam v\u00e1lidos - R\u00e1dio Life FM<\/title>\n<meta name=\"robots\" content=\"index, follow, max-snippet:-1, max-image-preview:large, max-video-preview:-1\" \/>\n<link rel=\"canonical\" href=\"https:\/\/radiolifefm.com.br\/noticias\/atestados-medicos-fisicos-e-digitais-continuam-validos\/\" \/>\n<meta property=\"og:locale\" content=\"pt_BR\" \/>\n<meta property=\"og:type\" content=\"article\" \/>\n<meta property=\"og:title\" content=\"Atestados m\u00e9dicos f\u00edsicos e digitais continuam v\u00e1lidos - R\u00e1dio Life FM\" \/>\n<meta property=\"og:description\" content=\"&nbsp; \u00a0 Justi\u00e7a suspendeu efeitos da Resolu\u00e7\u00e3o 2.382\/2024, do Conselho Federal de Medicina, que criou a plataforma Atesta CFM \u00a0 Nos \u00faltimos dias, circularam nas redes sociais informa\u00e7\u00f5es apontando que, a partir de mar\u00e7o de 2026, os atestados m\u00e9dicos s\u00f3 teriam validade se emitidos em formato digital. A informa\u00e7\u00e3o n\u00e3o \u00e9 correta. Para evitar inseguran\u00e7as [&hellip;]\" \/>\n<meta property=\"og:url\" content=\"https:\/\/radiolifefm.com.br\/noticias\/atestados-medicos-fisicos-e-digitais-continuam-validos\/\" \/>\n<meta property=\"og:site_name\" content=\"R\u00e1dio Life FM\" \/>\n<meta property=\"article:publisher\" content=\"https:\/\/www.facebook.com\/radiolifefm\/\" \/>\n<meta property=\"article:published_time\" content=\"2025-12-17T18:28:23+00:00\" \/>\n<meta property=\"article:modified_time\" content=\"2026-04-08T20:25:57+00:00\" \/>\n<meta property=\"og:image\" content=\"https:\/\/radiolifefm.com.br\/noticias\/wp-content\/uploads\/2025\/12\/images-1.jpg\" \/>\n\t<meta property=\"og:image:width\" content=\"196\" \/>\n\t<meta property=\"og:image:height\" content=\"256\" \/>\n\t<meta property=\"og:image:type\" content=\"image\/jpeg\" \/>\n<meta name=\"author\" content=\"joaograndao\" \/>\n<meta name=\"twitter:card\" content=\"summary_large_image\" \/>\n<meta name=\"twitter:label1\" content=\"Escrito por\" \/>\n\t<meta name=\"twitter:data1\" content=\"joaograndao\" \/>\n\t<meta name=\"twitter:label2\" content=\"Est. tempo de leitura\" \/>\n\t<meta name=\"twitter:data2\" content=\"3 minutos\" \/>\n<script type=\"application\/ld+json\" class=\"yoast-schema-graph\">{\"@context\":\"https:\/\/schema.org\",\"@graph\":[{\"@type\":\"Article\",\"@id\":\"https:\/\/radiolifefm.com.br\/noticias\/atestados-medicos-fisicos-e-digitais-continuam-validos\/#article\",\"isPartOf\":{\"@id\":\"https:\/\/radiolifefm.com.br\/noticias\/atestados-medicos-fisicos-e-digitais-continuam-validos\/\"},\"author\":{\"name\":\"joaograndao\",\"@id\":\"https:\/\/radiolifefm.com.br\/noticias\/#\/schema\/person\/6876e1240feffe6e1b63fd5cb85abf28\"},\"headline\":\"Atestados m\u00e9dicos f\u00edsicos e digitais continuam v\u00e1lidos\",\"datePublished\":\"2025-12-17T18:28:23+00:00\",\"dateModified\":\"2026-04-08T20:25:57+00:00\",\"mainEntityOfPage\":{\"@id\":\"https:\/\/radiolifefm.com.br\/noticias\/atestados-medicos-fisicos-e-digitais-continuam-validos\/\"},\"wordCount\":456,\"publisher\":{\"@id\":\"https:\/\/radiolifefm.com.br\/noticias\/#organization\"},\"image\":{\"@id\":\"https:\/\/radiolifefm.com.br\/noticias\/atestados-medicos-fisicos-e-digitais-continuam-validos\/#primaryimage\"},\"thumbnailUrl\":\"https:\/\/radiolifefm.com.br\/noticias\/wp-content\/uploads\/2025\/12\/images-1.jpg\",\"articleSection\":[\"Geral\"],\"inLanguage\":\"pt-BR\"},{\"@type\":\"WebPage\",\"@id\":\"https:\/\/radiolifefm.com.br\/noticias\/atestados-medicos-fisicos-e-digitais-continuam-validos\/\",\"url\":\"https:\/\/radiolifefm.com.br\/noticias\/atestados-medicos-fisicos-e-digitais-continuam-validos\/\",\"name\":\"Atestados m\u00e9dicos f\u00edsicos e digitais continuam v\u00e1lidos - R\u00e1dio Life FM\",\"isPartOf\":{\"@id\":\"https:\/\/radiolifefm.com.br\/noticias\/#website\"},\"primaryImageOfPage\":{\"@id\":\"https:\/\/radiolifefm.com.br\/noticias\/atestados-medicos-fisicos-e-digitais-continuam-validos\/#primaryimage\"},\"image\":{\"@id\":\"https:\/\/radiolifefm.com.br\/noticias\/atestados-medicos-fisicos-e-digitais-continuam-validos\/#primaryimage\"},\"thumbnailUrl\":\"https:\/\/radiolifefm.com.br\/noticias\/wp-content\/uploads\/2025\/12\/images-1.jpg\",\"datePublished\":\"2025-12-17T18:28:23+00:00\",\"dateModified\":\"2026-04-08T20:25:57+00:00\",\"breadcrumb\":{\"@id\":\"https:\/\/radiolifefm.com.br\/noticias\/atestados-medicos-fisicos-e-digitais-continuam-validos\/#breadcrumb\"},\"inLanguage\":\"pt-BR\",\"potentialAction\":[{\"@type\":\"ReadAction\",\"target\":[\"https:\/\/radiolifefm.com.br\/noticias\/atestados-medicos-fisicos-e-digitais-continuam-validos\/\"]}]},{\"@type\":\"ImageObject\",\"inLanguage\":\"pt-BR\",\"@id\":\"https:\/\/radiolifefm.com.br\/noticias\/atestados-medicos-fisicos-e-digitais-continuam-validos\/#primaryimage\",\"url\":\"https:\/\/radiolifefm.com.br\/noticias\/wp-content\/uploads\/2025\/12\/images-1.jpg\",\"contentUrl\":\"https:\/\/radiolifefm.com.br\/noticias\/wp-content\/uploads\/2025\/12\/images-1.jpg\",\"width\":196,\"height\":256},{\"@type\":\"BreadcrumbList\",\"@id\":\"https:\/\/radiolifefm.com.br\/noticias\/atestados-medicos-fisicos-e-digitais-continuam-validos\/#breadcrumb\",\"itemListElement\":[{\"@type\":\"ListItem\",\"position\":1,\"name\":\"In\u00edcio\",\"item\":\"https:\/\/radiolifefm.com.br\/noticias\/\"},{\"@type\":\"ListItem\",\"position\":2,\"name\":\"Atestados m\u00e9dicos f\u00edsicos e digitais continuam v\u00e1lidos\"}]},{\"@type\":\"WebSite\",\"@id\":\"https:\/\/radiolifefm.com.br\/noticias\/#website\",\"url\":\"https:\/\/radiolifefm.com.br\/noticias\/\",\"name\":\"R\u00e1dio Life FM\",\"description\":\"O Portal de Not\u00edcias de Adamantina\",\"publisher\":{\"@id\":\"https:\/\/radiolifefm.com.br\/noticias\/#organization\"},\"alternateName\":\"Life FM\",\"potentialAction\":[{\"@type\":\"SearchAction\",\"target\":{\"@type\":\"EntryPoint\",\"urlTemplate\":\"https:\/\/radiolifefm.com.br\/noticias\/?s={search_term_string}\"},\"query-input\":{\"@type\":\"PropertyValueSpecification\",\"valueRequired\":true,\"valueName\":\"search_term_string\"}}],\"inLanguage\":\"pt-BR\"},{\"@type\":\"Organization\",\"@id\":\"https:\/\/radiolifefm.com.br\/noticias\/#organization\",\"name\":\"R\u00e1dio Life FM\",\"alternateName\":\"Life FM\",\"url\":\"https:\/\/radiolifefm.com.br\/noticias\/\",\"logo\":{\"@type\":\"ImageObject\",\"inLanguage\":\"pt-BR\",\"@id\":\"https:\/\/radiolifefm.com.br\/noticias\/#\/schema\/logo\/image\/\",\"url\":\"https:\/\/static.radiolifefm.com.br\/noticias\/wp-content\/uploads\/2019\/10\/logo-lifefm.png\",\"contentUrl\":\"https:\/\/static.radiolifefm.com.br\/noticias\/wp-content\/uploads\/2019\/10\/logo-lifefm.png\",\"width\":196,\"height\":47,\"caption\":\"R\u00e1dio Life FM\"},\"image\":{\"@id\":\"https:\/\/radiolifefm.com.br\/noticias\/#\/schema\/logo\/image\/\"},\"sameAs\":[\"https:\/\/www.facebook.com\/radiolifefm\/\",\"https:\/\/www.instagram.com\/life1079fm\/\"]},{\"@type\":\"Person\",\"@id\":\"https:\/\/radiolifefm.com.br\/noticias\/#\/schema\/person\/6876e1240feffe6e1b63fd5cb85abf28\",\"name\":\"joaograndao\",\"image\":{\"@type\":\"ImageObject\",\"inLanguage\":\"pt-BR\",\"@id\":\"https:\/\/secure.gravatar.com\/avatar\/d5b1a3cf357ed9c50404e256a1294083aa8ab5d2a994001567302786016cb32c?s=96&d=mm&r=g\",\"url\":\"https:\/\/secure.gravatar.com\/avatar\/d5b1a3cf357ed9c50404e256a1294083aa8ab5d2a994001567302786016cb32c?s=96&d=mm&r=g\",\"contentUrl\":\"https:\/\/secure.gravatar.com\/avatar\/d5b1a3cf357ed9c50404e256a1294083aa8ab5d2a994001567302786016cb32c?s=96&d=mm&r=g\",\"caption\":\"joaograndao\"}}]}<\/script>\n<!-- \/ Yoast SEO plugin. -->","yoast_head_json":{"title":"Atestados m\u00e9dicos f\u00edsicos e digitais continuam v\u00e1lidos - R\u00e1dio Life FM","robots":{"index":"index","follow":"follow","max-snippet":"max-snippet:-1","max-image-preview":"max-image-preview:large","max-video-preview":"max-video-preview:-1"},"canonical":"https:\/\/radiolifefm.com.br\/noticias\/atestados-medicos-fisicos-e-digitais-continuam-validos\/","og_locale":"pt_BR","og_type":"article","og_title":"Atestados m\u00e9dicos f\u00edsicos e digitais continuam v\u00e1lidos - R\u00e1dio Life FM","og_description":"&nbsp; \u00a0 Justi\u00e7a suspendeu efeitos da Resolu\u00e7\u00e3o 2.382\/2024, do Conselho Federal de Medicina, que criou a plataforma Atesta CFM \u00a0 Nos \u00faltimos dias, circularam nas redes sociais informa\u00e7\u00f5es apontando que, a partir de mar\u00e7o de 2026, os atestados m\u00e9dicos s\u00f3 teriam validade se emitidos em formato digital. A informa\u00e7\u00e3o n\u00e3o \u00e9 correta. Para evitar inseguran\u00e7as [&hellip;]","og_url":"https:\/\/radiolifefm.com.br\/noticias\/atestados-medicos-fisicos-e-digitais-continuam-validos\/","og_site_name":"R\u00e1dio Life FM","article_publisher":"https:\/\/www.facebook.com\/radiolifefm\/","article_published_time":"2025-12-17T18:28:23+00:00","article_modified_time":"2026-04-08T20:25:57+00:00","og_image":[{"width":196,"height":256,"url":"https:\/\/radiolifefm.com.br\/noticias\/wp-content\/uploads\/2025\/12\/images-1.jpg","type":"image\/jpeg"}],"author":"joaograndao","twitter_card":"summary_large_image","twitter_misc":{"Escrito por":"joaograndao","Est. tempo de leitura":"3 minutos"},"schema":{"@context":"https:\/\/schema.org","@graph":[{"@type":"Article","@id":"https:\/\/radiolifefm.com.br\/noticias\/atestados-medicos-fisicos-e-digitais-continuam-validos\/#article","isPartOf":{"@id":"https:\/\/radiolifefm.com.br\/noticias\/atestados-medicos-fisicos-e-digitais-continuam-validos\/"},"author":{"name":"joaograndao","@id":"https:\/\/radiolifefm.com.br\/noticias\/#\/schema\/person\/6876e1240feffe6e1b63fd5cb85abf28"},"headline":"Atestados m\u00e9dicos f\u00edsicos e digitais continuam v\u00e1lidos","datePublished":"2025-12-17T18:28:23+00:00","dateModified":"2026-04-08T20:25:57+00:00","mainEntityOfPage":{"@id":"https:\/\/radiolifefm.com.br\/noticias\/atestados-medicos-fisicos-e-digitais-continuam-validos\/"},"wordCount":456,"publisher":{"@id":"https:\/\/radiolifefm.com.br\/noticias\/#organization"},"image":{"@id":"https:\/\/radiolifefm.com.br\/noticias\/atestados-medicos-fisicos-e-digitais-continuam-validos\/#primaryimage"},"thumbnailUrl":"https:\/\/radiolifefm.com.br\/noticias\/wp-content\/uploads\/2025\/12\/images-1.jpg","articleSection":["Geral"],"inLanguage":"pt-BR"},{"@type":"WebPage","@id":"https:\/\/radiolifefm.com.br\/noticias\/atestados-medicos-fisicos-e-digitais-continuam-validos\/","url":"https:\/\/radiolifefm.com.br\/noticias\/atestados-medicos-fisicos-e-digitais-continuam-validos\/","name":"Atestados m\u00e9dicos f\u00edsicos e digitais continuam v\u00e1lidos - R\u00e1dio Life FM","isPartOf":{"@id":"https:\/\/radiolifefm.com.br\/noticias\/#website"},"primaryImageOfPage":{"@id":"https:\/\/radiolifefm.com.br\/noticias\/atestados-medicos-fisicos-e-digitais-continuam-validos\/#primaryimage"},"image":{"@id":"https:\/\/radiolifefm.com.br\/noticias\/atestados-medicos-fisicos-e-digitais-continuam-validos\/#primaryimage"},"thumbnailUrl":"https:\/\/radiolifefm.com.br\/noticias\/wp-content\/uploads\/2025\/12\/images-1.jpg","datePublished":"2025-12-17T18:28:23+00:00","dateModified":"2026-04-08T20:25:57+00:00","breadcrumb":{"@id":"https:\/\/radiolifefm.com.br\/noticias\/atestados-medicos-fisicos-e-digitais-continuam-validos\/#breadcrumb"},"inLanguage":"pt-BR","potentialAction":[{"@type":"ReadAction","target":["https:\/\/radiolifefm.com.br\/noticias\/atestados-medicos-fisicos-e-digitais-continuam-validos\/"]}]},{"@type":"ImageObject","inLanguage":"pt-BR","@id":"https:\/\/radiolifefm.com.br\/noticias\/atestados-medicos-fisicos-e-digitais-continuam-validos\/#primaryimage","url":"https:\/\/radiolifefm.com.br\/noticias\/wp-content\/uploads\/2025\/12\/images-1.jpg","contentUrl":"https:\/\/radiolifefm.com.br\/noticias\/wp-content\/uploads\/2025\/12\/images-1.jpg","width":196,"height":256},{"@type":"BreadcrumbList","@id":"https:\/\/radiolifefm.com.br\/noticias\/atestados-medicos-fisicos-e-digitais-continuam-validos\/#breadcrumb","itemListElement":[{"@type":"ListItem","position":1,"name":"In\u00edcio","item":"https:\/\/radiolifefm.com.br\/noticias\/"},{"@type":"ListItem","position":2,"name":"Atestados m\u00e9dicos f\u00edsicos e digitais continuam v\u00e1lidos"}]},{"@type":"WebSite","@id":"https:\/\/radiolifefm.com.br\/noticias\/#website","url":"https:\/\/radiolifefm.com.br\/noticias\/","name":"R\u00e1dio Life FM","description":"O Portal de Not\u00edcias de Adamantina","publisher":{"@id":"https:\/\/radiolifefm.com.br\/noticias\/#organization"},"alternateName":"Life FM","potentialAction":[{"@type":"SearchAction","target":{"@type":"EntryPoint","urlTemplate":"https:\/\/radiolifefm.com.br\/noticias\/?s={search_term_string}"},"query-input":{"@type":"PropertyValueSpecification","valueRequired":true,"valueName":"search_term_string"}}],"inLanguage":"pt-BR"},{"@type":"Organization","@id":"https:\/\/radiolifefm.com.br\/noticias\/#organization","name":"R\u00e1dio Life FM","alternateName":"Life FM","url":"https:\/\/radiolifefm.com.br\/noticias\/","logo":{"@type":"ImageObject","inLanguage":"pt-BR","@id":"https:\/\/radiolifefm.com.br\/noticias\/#\/schema\/logo\/image\/","url":"https:\/\/static.radiolifefm.com.br\/noticias\/wp-content\/uploads\/2019\/10\/logo-lifefm.png","contentUrl":"https:\/\/static.radiolifefm.com.br\/noticias\/wp-content\/uploads\/2019\/10\/logo-lifefm.png","width":196,"height":47,"caption":"R\u00e1dio Life FM"},"image":{"@id":"https:\/\/radiolifefm.com.br\/noticias\/#\/schema\/logo\/image\/"},"sameAs":["https:\/\/www.facebook.com\/radiolifefm\/","https:\/\/www.instagram.com\/life1079fm\/"]},{"@type":"Person","@id":"https:\/\/radiolifefm.com.br\/noticias\/#\/schema\/person\/6876e1240feffe6e1b63fd5cb85abf28","name":"joaograndao","image":{"@type":"ImageObject","inLanguage":"pt-BR","@id":"https:\/\/secure.gravatar.com\/avatar\/d5b1a3cf357ed9c50404e256a1294083aa8ab5d2a994001567302786016cb32c?s=96&d=mm&r=g","url":"https:\/\/secure.gravatar.com\/avatar\/d5b1a3cf357ed9c50404e256a1294083aa8ab5d2a994001567302786016cb32c?s=96&d=mm&r=g","contentUrl":"https:\/\/secure.gravatar.com\/avatar\/d5b1a3cf357ed9c50404e256a1294083aa8ab5d2a994001567302786016cb32c?s=96&d=mm&r=g","caption":"joaograndao"}}]}},"amp_enabled":true,"_links":{"self":[{"href":"https:\/\/radiolifefm.com.br\/noticias\/wp-json\/wp\/v2\/posts\/108838","targetHints":{"allow":["GET"]}}],"collection":[{"href":"https:\/\/radiolifefm.com.br\/noticias\/wp-json\/wp\/v2\/posts"}],"about":[{"href":"https:\/\/radiolifefm.com.br\/noticias\/wp-json\/wp\/v2\/types\/post"}],"author":[{"embeddable":true,"href":"https:\/\/radiolifefm.com.br\/noticias\/wp-json\/wp\/v2\/users\/8"}],"replies":[{"embeddable":true,"href":"https:\/\/radiolifefm.com.br\/noticias\/wp-json\/wp\/v2\/comments?post=108838"}],"version-history":[{"count":1,"href":"https:\/\/radiolifefm.com.br\/noticias\/wp-json\/wp\/v2\/posts\/108838\/revisions"}],"predecessor-version":[{"id":108840,"href":"https:\/\/radiolifefm.com.br\/noticias\/wp-json\/wp\/v2\/posts\/108838\/revisions\/108840"}],"wp:featuredmedia":[{"embeddable":true,"href":"https:\/\/radiolifefm.com.br\/noticias\/wp-json\/wp\/v2\/media\/108839"}],"wp:attachment":[{"href":"https:\/\/radiolifefm.com.br\/noticias\/wp-json\/wp\/v2\/media?parent=108838"}],"wp:term":[{"taxonomy":"category","embeddable":true,"href":"https:\/\/radiolifefm.com.br\/noticias\/wp-json\/wp\/v2\/categories?post=108838"},{"taxonomy":"post_tag","embeddable":true,"href":"https:\/\/radiolifefm.com.br\/noticias\/wp-json\/wp\/v2\/tags?post=108838"}],"curies":[{"name":"wp","href":"https:\/\/api.w.org\/{rel}","templated":true}]}}