{"id":108830,"date":"2025-12-17T15:23:17","date_gmt":"2025-12-17T18:23:17","guid":{"rendered":"https:\/\/radiolifefm.com.br\/noticias\/?p=108830"},"modified":"2026-04-20T15:25:27","modified_gmt":"2026-04-20T18:25:27","slug":"prudencia-prevaleceu-na-ultima-reuniao-do-copom-do-ano-diz-fecomerciosp","status":"publish","type":"post","link":"https:\/\/radiolifefm.com.br\/noticias\/prudencia-prevaleceu-na-ultima-reuniao-do-copom-do-ano-diz-fecomerciosp\/","title":{"rendered":"Prud\u00eancia prevaleceu na \u00faltima reuni\u00e3o do Copom do ano, diz FecomercioSP"},"content":{"rendered":"<div id=\"fb-root\"><\/div>\n<p>Infla\u00e7\u00e3o dos Servi\u00e7os e pol\u00edtica fiscal do governo impediam Banco Central<br \/>\ncome\u00e7ar ciclo de cortes na taxa b\u00e1sica de juros do Pa\u00eds<br \/>\nO Comit\u00ea de Pol\u00edtica Monet\u00e1ria (Copom), do Banco Central (BC), manteve a<br \/>\nprud\u00eancia ao manter a taxa b\u00e1sica de juros do Pa\u00eds, a Selic, em 15% ao ano<br \/>\n(a.a.), apesar de expectativas de redu\u00e7\u00e3o dadas pelo mercado. Na leitura da<br \/>\nFedera\u00e7\u00e3o do Com\u00e9rcio de Bens, Servi\u00e7os e Turismo do Estado de S\u00e3o<br \/>\nPaulo (FecomercioSP), o comit\u00ea preferiu usar a t\u00e1tica de recupera\u00e7\u00e3o segura<br \/>\nda economia em vez de arriscar.<br \/>\nNa verdade, os dados apontam para sinais econ\u00f4micos divergentes. Enquanto<br \/>\nos juros altos j\u00e1 parecem estar produzindo o efeito desejado de esfriar a<br \/>\ndemanda, deixando o consumo das fam\u00edlias praticamente estagnado, por outro<br \/>\nlado, o Produto Interno Bruto (PIB) do terceiro trimestre cresceu s\u00f3 0,1% em<br \/>\ncompara\u00e7\u00e3o com o per\u00edodo anterior. Al\u00e9m disso, as proje\u00e7\u00f5es de infla\u00e7\u00e3o para<br \/>\neste ano foram revisadas para 4,43% \u2014 dentro do limite m\u00e1ximo da meta<br \/>\n(4,5%).<br \/>\nNo entanto, h\u00e1 indicadores ainda acendendo alertas.<img loading=\"lazy\" decoding=\"async\" class=\"aligncenter wp-image-108834 size-full\" src=\"https:\/\/radiolifefm.com.br\/noticias\/wp-content\/uploads\/2025\/12\/WhatsApp-Image-2025-12-17-at-14.52.54.jpeg\" alt=\"\" width=\"640\" height=\"277\" srcset=\"https:\/\/radiolifefm.com.br\/noticias\/wp-content\/uploads\/2025\/12\/WhatsApp-Image-2025-12-17-at-14.52.54.jpeg 640w, https:\/\/radiolifefm.com.br\/noticias\/wp-content\/uploads\/2025\/12\/WhatsApp-Image-2025-12-17-at-14.52.54-300x130.jpeg 300w\" sizes=\"auto, (max-width: 640px) 100vw, 640px\" \/><\/p>\n<p>Ao analis\u00e1-los, o Copom parece ter entendido que baixar a Selic pode ser um<br \/>\nmovimento arriscado, como o aspecto fiscal: a pol\u00edtica de gastos do governo se<br \/>\nmostra cada vez mais expansionista, com a amplia\u00e7\u00e3o da isen\u00e7\u00e3o do Imposto<br \/>\nde Renda (IR) aprovada e os descontos que devem injetar quase R$30 bilh\u00f5es<br \/>\nna economia. A Lei Or\u00e7ament\u00e1ria Anual (LOA) de 2026 tamb\u00e9m prev\u00ea aumento<br \/>\nde despesas, refor\u00e7ando a percep\u00e7\u00e3o de que a pol\u00edtica fiscal segue na dire\u00e7\u00e3o<br \/>\noposta \u00e0 monet\u00e1ria.<br \/>\nOutro t\u00f3pico sens\u00edvel \u00e9 a infla\u00e7\u00e3o dos Servi\u00e7os, que permanece pressionada.<br \/>\nMesmo com sinais de al\u00edvio nos pre\u00e7os de bens industrializados, o setor segue<br \/>\ncaro por causa do mercado de trabalho aquecido.<\/p>\n<p><img loading=\"lazy\" decoding=\"async\" class=\"aligncenter wp-image-108833 size-full\" src=\"https:\/\/radiolifefm.com.br\/noticias\/wp-content\/uploads\/2025\/12\/WhatsApp-Image-2025-12-17-at-14.52.55.jpeg\" alt=\"\" width=\"640\" height=\"276\" srcset=\"https:\/\/radiolifefm.com.br\/noticias\/wp-content\/uploads\/2025\/12\/WhatsApp-Image-2025-12-17-at-14.52.55.jpeg 640w, https:\/\/radiolifefm.com.br\/noticias\/wp-content\/uploads\/2025\/12\/WhatsApp-Image-2025-12-17-at-14.52.55-300x129.jpeg 300w\" sizes=\"auto, (max-width: 640px) 100vw, 640px\" \/><\/p>\n<p>Para a FecomercioSP, h\u00e1 um impasse que se intensifica: ainda que surjam<br \/>\nsinais de desacelera\u00e7\u00e3o econ\u00f4mica, um corte apressado poderia obrigar o<br \/>\ncomit\u00ea a elevar os juros novamente no futuro pr\u00f3ximo, prejudicando a<br \/>\ncredibilidade da entidade. Por outro lado, manter a Selic elevada implicaria, de<br \/>\nfato, em custos ao crescimento e ao emprego.<br \/>\nDiante do cen\u00e1rio complexo, o mais indicado era que a prud\u00eancia<br \/>\nprevalecesse. O BC precisa do compromisso mais claro do governo no campo<br \/>\nfiscal e quanto ao setor de Servi\u00e7os. Sendo assim, esperar mais um pouco era<br \/>\na garantia de que, quando os cortes vierem, ser\u00e3o sustentados sem recuos<br \/>\ndesnecess\u00e1rios.<br \/>\nSobre a FecomercioSP<br \/>\nRe\u00fane l\u00edderes empresariais, especialistas e consultores para fomentar o<br \/>\ndesenvolvimento do empreendedorismo. Em conjunto com o governo,<br \/>\nmobiliza-se pela desburocratiza\u00e7\u00e3o e pela moderniza\u00e7\u00e3o, desenvolve solu\u00e7\u00f5es,<br \/>\nelabora pesquisas e disponibiliza conte\u00fado pr\u00e1tico sobre as quest\u00f5es que<br \/>\nafetam a vida do empreendedor. Representa 1,8 milh\u00e3o de empres\u00e1rios, que<br \/>\nrespondem por quase 10% do Produto Interno Bruto (PIB) brasileiro e geram<br \/>\nem torno de 10 milh\u00f5es de empregos.<\/p>\n<p>Mais informa\u00e7\u00f5es<br \/>\nGest\u00e3o da Comunica\u00e7\u00e3o<br \/>\nLucas Mota \u2014\u00a0<a href=\"lmota@fecomercio.com.br\">lmota@fecomercio.com.br<\/a><\/p>\n<p>Assessoria de imprensa FecomercioSP<br \/>\nimprensa@fecomercio.net.br<br \/>\nVin\u00edcius Mendes \u2014 (11) 96860-1503<br \/>\nArlete Moraes \u2014 (11) 94291-8055<br \/>\nAndressa Knop \u2014 (11) 91995-3431<\/p>\n<p>Siga a FecomercioSP<\/p>\n<p><a href=\"https:\/\/www.linkedin.com\/onboarding\/start\/profile-location\/new\/?session_redirect=%2Fauthwall&amp;source=coreg\">https:\/\/www.linkedin.com\/onboarding\/start\/profile-location\/new\/?session_redirect=%2Fauthwall&amp;source=coreg<\/a><br \/>\n<a href=\"https:\/\/www.instagram.com\/fecomerciosp\/\">https:\/\/www.instagram.com\/fecomerciosp\/<\/a><br \/>\n<a href=\"https:\/\/www.facebook.com\/fecomercio\">https:\/\/www.facebook.com\/fecomercio<\/a><\/p>\n","protected":false},"excerpt":{"rendered":"<p>Infla\u00e7\u00e3o dos Servi\u00e7os e pol\u00edtica fiscal do governo impediam Banco Central come\u00e7ar ciclo de cortes na taxa b\u00e1sica de juros do Pa\u00eds O Comit\u00ea de Pol\u00edtica Monet\u00e1ria (Copom), do Banco Central (BC), manteve a prud\u00eancia ao manter a taxa b\u00e1sica de juros do Pa\u00eds, a Selic, em 15% ao ano (a.a.), apesar de expectativas de [&hellip;]<\/p>\n","protected":false},"author":8,"featured_media":108835,"comment_status":"closed","ping_status":"open","sticky":false,"template":"","format":"standard","meta":{"_acf_changed":false,"_exactmetrics_skip_tracking":false,"_exactmetrics_sitenote_active":false,"_exactmetrics_sitenote_note":"","_exactmetrics_sitenote_category":0,"footnotes":""},"categories":[1],"tags":[],"class_list":["post-108830","post","type-post","status-publish","format-standard","has-post-thumbnail","hentry","category-geral"],"acf":[],"yoast_head":"<!-- This site is optimized with the Yoast SEO plugin v27.2 - https:\/\/yoast.com\/product\/yoast-seo-wordpress\/ -->\n<title>Prud\u00eancia prevaleceu na \u00faltima reuni\u00e3o do Copom do ano, diz FecomercioSP - R\u00e1dio Life FM<\/title>\n<meta name=\"robots\" content=\"index, follow, max-snippet:-1, max-image-preview:large, max-video-preview:-1\" \/>\n<link rel=\"canonical\" href=\"https:\/\/radiolifefm.com.br\/noticias\/prudencia-prevaleceu-na-ultima-reuniao-do-copom-do-ano-diz-fecomerciosp\/\" \/>\n<meta property=\"og:locale\" content=\"pt_BR\" \/>\n<meta property=\"og:type\" content=\"article\" \/>\n<meta property=\"og:title\" content=\"Prud\u00eancia prevaleceu na \u00faltima reuni\u00e3o do Copom do ano, diz FecomercioSP - R\u00e1dio Life FM\" \/>\n<meta property=\"og:description\" content=\"Infla\u00e7\u00e3o dos Servi\u00e7os e pol\u00edtica fiscal do governo impediam Banco Central come\u00e7ar ciclo de cortes na taxa b\u00e1sica de juros do Pa\u00eds O Comit\u00ea de Pol\u00edtica Monet\u00e1ria (Copom), do Banco Central (BC), manteve a prud\u00eancia ao manter a taxa b\u00e1sica de juros do Pa\u00eds, a Selic, em 15% ao ano (a.a.), apesar de expectativas de [&hellip;]\" \/>\n<meta property=\"og:url\" content=\"https:\/\/radiolifefm.com.br\/noticias\/prudencia-prevaleceu-na-ultima-reuniao-do-copom-do-ano-diz-fecomerciosp\/\" \/>\n<meta property=\"og:site_name\" content=\"R\u00e1dio Life FM\" \/>\n<meta property=\"article:publisher\" content=\"https:\/\/www.facebook.com\/radiolifefm\/\" \/>\n<meta property=\"article:published_time\" content=\"2025-12-17T18:23:17+00:00\" \/>\n<meta property=\"article:modified_time\" content=\"2026-04-20T18:25:27+00:00\" \/>\n<meta property=\"og:image\" content=\"https:\/\/radiolifefm.com.br\/noticias\/wp-content\/uploads\/2025\/12\/images.jpg\" \/>\n\t<meta property=\"og:image:width\" content=\"299\" \/>\n\t<meta property=\"og:image:height\" content=\"168\" \/>\n\t<meta property=\"og:image:type\" content=\"image\/jpeg\" \/>\n<meta name=\"author\" content=\"joaograndao\" \/>\n<meta name=\"twitter:card\" content=\"summary_large_image\" \/>\n<meta name=\"twitter:label1\" content=\"Escrito por\" \/>\n\t<meta name=\"twitter:data1\" content=\"joaograndao\" \/>\n\t<meta name=\"twitter:label2\" content=\"Est. tempo de leitura\" \/>\n\t<meta name=\"twitter:data2\" content=\"4 minutos\" \/>\n<script type=\"application\/ld+json\" class=\"yoast-schema-graph\">{\"@context\":\"https:\/\/schema.org\",\"@graph\":[{\"@type\":\"Article\",\"@id\":\"https:\/\/radiolifefm.com.br\/noticias\/prudencia-prevaleceu-na-ultima-reuniao-do-copom-do-ano-diz-fecomerciosp\/#article\",\"isPartOf\":{\"@id\":\"https:\/\/radiolifefm.com.br\/noticias\/prudencia-prevaleceu-na-ultima-reuniao-do-copom-do-ano-diz-fecomerciosp\/\"},\"author\":{\"name\":\"joaograndao\",\"@id\":\"https:\/\/radiolifefm.com.br\/noticias\/#\/schema\/person\/6876e1240feffe6e1b63fd5cb85abf28\"},\"headline\":\"Prud\u00eancia prevaleceu na \u00faltima reuni\u00e3o do Copom do ano, diz FecomercioSP\",\"datePublished\":\"2025-12-17T18:23:17+00:00\",\"dateModified\":\"2026-04-20T18:25:27+00:00\",\"mainEntityOfPage\":{\"@id\":\"https:\/\/radiolifefm.com.br\/noticias\/prudencia-prevaleceu-na-ultima-reuniao-do-copom-do-ano-diz-fecomerciosp\/\"},\"wordCount\":579,\"publisher\":{\"@id\":\"https:\/\/radiolifefm.com.br\/noticias\/#organization\"},\"image\":{\"@id\":\"https:\/\/radiolifefm.com.br\/noticias\/prudencia-prevaleceu-na-ultima-reuniao-do-copom-do-ano-diz-fecomerciosp\/#primaryimage\"},\"thumbnailUrl\":\"https:\/\/radiolifefm.com.br\/noticias\/wp-content\/uploads\/2025\/12\/images.jpg\",\"articleSection\":[\"Geral\"],\"inLanguage\":\"pt-BR\"},{\"@type\":\"WebPage\",\"@id\":\"https:\/\/radiolifefm.com.br\/noticias\/prudencia-prevaleceu-na-ultima-reuniao-do-copom-do-ano-diz-fecomerciosp\/\",\"url\":\"https:\/\/radiolifefm.com.br\/noticias\/prudencia-prevaleceu-na-ultima-reuniao-do-copom-do-ano-diz-fecomerciosp\/\",\"name\":\"Prud\u00eancia prevaleceu na \u00faltima reuni\u00e3o do Copom do ano, diz FecomercioSP - R\u00e1dio Life FM\",\"isPartOf\":{\"@id\":\"https:\/\/radiolifefm.com.br\/noticias\/#website\"},\"primaryImageOfPage\":{\"@id\":\"https:\/\/radiolifefm.com.br\/noticias\/prudencia-prevaleceu-na-ultima-reuniao-do-copom-do-ano-diz-fecomerciosp\/#primaryimage\"},\"image\":{\"@id\":\"https:\/\/radiolifefm.com.br\/noticias\/prudencia-prevaleceu-na-ultima-reuniao-do-copom-do-ano-diz-fecomerciosp\/#primaryimage\"},\"thumbnailUrl\":\"https:\/\/radiolifefm.com.br\/noticias\/wp-content\/uploads\/2025\/12\/images.jpg\",\"datePublished\":\"2025-12-17T18:23:17+00:00\",\"dateModified\":\"2026-04-20T18:25:27+00:00\",\"breadcrumb\":{\"@id\":\"https:\/\/radiolifefm.com.br\/noticias\/prudencia-prevaleceu-na-ultima-reuniao-do-copom-do-ano-diz-fecomerciosp\/#breadcrumb\"},\"inLanguage\":\"pt-BR\",\"potentialAction\":[{\"@type\":\"ReadAction\",\"target\":[\"https:\/\/radiolifefm.com.br\/noticias\/prudencia-prevaleceu-na-ultima-reuniao-do-copom-do-ano-diz-fecomerciosp\/\"]}]},{\"@type\":\"ImageObject\",\"inLanguage\":\"pt-BR\",\"@id\":\"https:\/\/radiolifefm.com.br\/noticias\/prudencia-prevaleceu-na-ultima-reuniao-do-copom-do-ano-diz-fecomerciosp\/#primaryimage\",\"url\":\"https:\/\/radiolifefm.com.br\/noticias\/wp-content\/uploads\/2025\/12\/images.jpg\",\"contentUrl\":\"https:\/\/radiolifefm.com.br\/noticias\/wp-content\/uploads\/2025\/12\/images.jpg\",\"width\":299,\"height\":168},{\"@type\":\"BreadcrumbList\",\"@id\":\"https:\/\/radiolifefm.com.br\/noticias\/prudencia-prevaleceu-na-ultima-reuniao-do-copom-do-ano-diz-fecomerciosp\/#breadcrumb\",\"itemListElement\":[{\"@type\":\"ListItem\",\"position\":1,\"name\":\"In\u00edcio\",\"item\":\"https:\/\/radiolifefm.com.br\/noticias\/\"},{\"@type\":\"ListItem\",\"position\":2,\"name\":\"Prud\u00eancia prevaleceu na \u00faltima reuni\u00e3o do Copom do ano, diz FecomercioSP\"}]},{\"@type\":\"WebSite\",\"@id\":\"https:\/\/radiolifefm.com.br\/noticias\/#website\",\"url\":\"https:\/\/radiolifefm.com.br\/noticias\/\",\"name\":\"R\u00e1dio Life FM\",\"description\":\"O Portal de Not\u00edcias de Adamantina\",\"publisher\":{\"@id\":\"https:\/\/radiolifefm.com.br\/noticias\/#organization\"},\"alternateName\":\"Life FM\",\"potentialAction\":[{\"@type\":\"SearchAction\",\"target\":{\"@type\":\"EntryPoint\",\"urlTemplate\":\"https:\/\/radiolifefm.com.br\/noticias\/?s={search_term_string}\"},\"query-input\":{\"@type\":\"PropertyValueSpecification\",\"valueRequired\":true,\"valueName\":\"search_term_string\"}}],\"inLanguage\":\"pt-BR\"},{\"@type\":\"Organization\",\"@id\":\"https:\/\/radiolifefm.com.br\/noticias\/#organization\",\"name\":\"R\u00e1dio Life FM\",\"alternateName\":\"Life FM\",\"url\":\"https:\/\/radiolifefm.com.br\/noticias\/\",\"logo\":{\"@type\":\"ImageObject\",\"inLanguage\":\"pt-BR\",\"@id\":\"https:\/\/radiolifefm.com.br\/noticias\/#\/schema\/logo\/image\/\",\"url\":\"https:\/\/static.radiolifefm.com.br\/noticias\/wp-content\/uploads\/2019\/10\/logo-lifefm.png\",\"contentUrl\":\"https:\/\/static.radiolifefm.com.br\/noticias\/wp-content\/uploads\/2019\/10\/logo-lifefm.png\",\"width\":196,\"height\":47,\"caption\":\"R\u00e1dio Life FM\"},\"image\":{\"@id\":\"https:\/\/radiolifefm.com.br\/noticias\/#\/schema\/logo\/image\/\"},\"sameAs\":[\"https:\/\/www.facebook.com\/radiolifefm\/\",\"https:\/\/www.instagram.com\/life1079fm\/\"]},{\"@type\":\"Person\",\"@id\":\"https:\/\/radiolifefm.com.br\/noticias\/#\/schema\/person\/6876e1240feffe6e1b63fd5cb85abf28\",\"name\":\"joaograndao\",\"image\":{\"@type\":\"ImageObject\",\"inLanguage\":\"pt-BR\",\"@id\":\"https:\/\/secure.gravatar.com\/avatar\/d5b1a3cf357ed9c50404e256a1294083aa8ab5d2a994001567302786016cb32c?s=96&d=mm&r=g\",\"url\":\"https:\/\/secure.gravatar.com\/avatar\/d5b1a3cf357ed9c50404e256a1294083aa8ab5d2a994001567302786016cb32c?s=96&d=mm&r=g\",\"contentUrl\":\"https:\/\/secure.gravatar.com\/avatar\/d5b1a3cf357ed9c50404e256a1294083aa8ab5d2a994001567302786016cb32c?s=96&d=mm&r=g\",\"caption\":\"joaograndao\"}}]}<\/script>\n<!-- \/ Yoast SEO plugin. -->","yoast_head_json":{"title":"Prud\u00eancia prevaleceu na \u00faltima reuni\u00e3o do Copom do ano, diz FecomercioSP - R\u00e1dio Life FM","robots":{"index":"index","follow":"follow","max-snippet":"max-snippet:-1","max-image-preview":"max-image-preview:large","max-video-preview":"max-video-preview:-1"},"canonical":"https:\/\/radiolifefm.com.br\/noticias\/prudencia-prevaleceu-na-ultima-reuniao-do-copom-do-ano-diz-fecomerciosp\/","og_locale":"pt_BR","og_type":"article","og_title":"Prud\u00eancia prevaleceu na \u00faltima reuni\u00e3o do Copom do ano, diz FecomercioSP - R\u00e1dio Life FM","og_description":"Infla\u00e7\u00e3o dos Servi\u00e7os e pol\u00edtica fiscal do governo impediam Banco Central come\u00e7ar ciclo de cortes na taxa b\u00e1sica de juros do Pa\u00eds O Comit\u00ea de Pol\u00edtica Monet\u00e1ria (Copom), do Banco Central (BC), manteve a prud\u00eancia ao manter a taxa b\u00e1sica de juros do Pa\u00eds, a Selic, em 15% ao ano (a.a.), apesar de expectativas de [&hellip;]","og_url":"https:\/\/radiolifefm.com.br\/noticias\/prudencia-prevaleceu-na-ultima-reuniao-do-copom-do-ano-diz-fecomerciosp\/","og_site_name":"R\u00e1dio Life FM","article_publisher":"https:\/\/www.facebook.com\/radiolifefm\/","article_published_time":"2025-12-17T18:23:17+00:00","article_modified_time":"2026-04-20T18:25:27+00:00","og_image":[{"width":299,"height":168,"url":"https:\/\/radiolifefm.com.br\/noticias\/wp-content\/uploads\/2025\/12\/images.jpg","type":"image\/jpeg"}],"author":"joaograndao","twitter_card":"summary_large_image","twitter_misc":{"Escrito por":"joaograndao","Est. tempo de leitura":"4 minutos"},"schema":{"@context":"https:\/\/schema.org","@graph":[{"@type":"Article","@id":"https:\/\/radiolifefm.com.br\/noticias\/prudencia-prevaleceu-na-ultima-reuniao-do-copom-do-ano-diz-fecomerciosp\/#article","isPartOf":{"@id":"https:\/\/radiolifefm.com.br\/noticias\/prudencia-prevaleceu-na-ultima-reuniao-do-copom-do-ano-diz-fecomerciosp\/"},"author":{"name":"joaograndao","@id":"https:\/\/radiolifefm.com.br\/noticias\/#\/schema\/person\/6876e1240feffe6e1b63fd5cb85abf28"},"headline":"Prud\u00eancia prevaleceu na \u00faltima reuni\u00e3o do Copom do ano, diz FecomercioSP","datePublished":"2025-12-17T18:23:17+00:00","dateModified":"2026-04-20T18:25:27+00:00","mainEntityOfPage":{"@id":"https:\/\/radiolifefm.com.br\/noticias\/prudencia-prevaleceu-na-ultima-reuniao-do-copom-do-ano-diz-fecomerciosp\/"},"wordCount":579,"publisher":{"@id":"https:\/\/radiolifefm.com.br\/noticias\/#organization"},"image":{"@id":"https:\/\/radiolifefm.com.br\/noticias\/prudencia-prevaleceu-na-ultima-reuniao-do-copom-do-ano-diz-fecomerciosp\/#primaryimage"},"thumbnailUrl":"https:\/\/radiolifefm.com.br\/noticias\/wp-content\/uploads\/2025\/12\/images.jpg","articleSection":["Geral"],"inLanguage":"pt-BR"},{"@type":"WebPage","@id":"https:\/\/radiolifefm.com.br\/noticias\/prudencia-prevaleceu-na-ultima-reuniao-do-copom-do-ano-diz-fecomerciosp\/","url":"https:\/\/radiolifefm.com.br\/noticias\/prudencia-prevaleceu-na-ultima-reuniao-do-copom-do-ano-diz-fecomerciosp\/","name":"Prud\u00eancia prevaleceu na \u00faltima reuni\u00e3o do Copom do ano, diz FecomercioSP - R\u00e1dio Life FM","isPartOf":{"@id":"https:\/\/radiolifefm.com.br\/noticias\/#website"},"primaryImageOfPage":{"@id":"https:\/\/radiolifefm.com.br\/noticias\/prudencia-prevaleceu-na-ultima-reuniao-do-copom-do-ano-diz-fecomerciosp\/#primaryimage"},"image":{"@id":"https:\/\/radiolifefm.com.br\/noticias\/prudencia-prevaleceu-na-ultima-reuniao-do-copom-do-ano-diz-fecomerciosp\/#primaryimage"},"thumbnailUrl":"https:\/\/radiolifefm.com.br\/noticias\/wp-content\/uploads\/2025\/12\/images.jpg","datePublished":"2025-12-17T18:23:17+00:00","dateModified":"2026-04-20T18:25:27+00:00","breadcrumb":{"@id":"https:\/\/radiolifefm.com.br\/noticias\/prudencia-prevaleceu-na-ultima-reuniao-do-copom-do-ano-diz-fecomerciosp\/#breadcrumb"},"inLanguage":"pt-BR","potentialAction":[{"@type":"ReadAction","target":["https:\/\/radiolifefm.com.br\/noticias\/prudencia-prevaleceu-na-ultima-reuniao-do-copom-do-ano-diz-fecomerciosp\/"]}]},{"@type":"ImageObject","inLanguage":"pt-BR","@id":"https:\/\/radiolifefm.com.br\/noticias\/prudencia-prevaleceu-na-ultima-reuniao-do-copom-do-ano-diz-fecomerciosp\/#primaryimage","url":"https:\/\/radiolifefm.com.br\/noticias\/wp-content\/uploads\/2025\/12\/images.jpg","contentUrl":"https:\/\/radiolifefm.com.br\/noticias\/wp-content\/uploads\/2025\/12\/images.jpg","width":299,"height":168},{"@type":"BreadcrumbList","@id":"https:\/\/radiolifefm.com.br\/noticias\/prudencia-prevaleceu-na-ultima-reuniao-do-copom-do-ano-diz-fecomerciosp\/#breadcrumb","itemListElement":[{"@type":"ListItem","position":1,"name":"In\u00edcio","item":"https:\/\/radiolifefm.com.br\/noticias\/"},{"@type":"ListItem","position":2,"name":"Prud\u00eancia prevaleceu na \u00faltima reuni\u00e3o do Copom do ano, diz FecomercioSP"}]},{"@type":"WebSite","@id":"https:\/\/radiolifefm.com.br\/noticias\/#website","url":"https:\/\/radiolifefm.com.br\/noticias\/","name":"R\u00e1dio Life FM","description":"O Portal de Not\u00edcias de Adamantina","publisher":{"@id":"https:\/\/radiolifefm.com.br\/noticias\/#organization"},"alternateName":"Life FM","potentialAction":[{"@type":"SearchAction","target":{"@type":"EntryPoint","urlTemplate":"https:\/\/radiolifefm.com.br\/noticias\/?s={search_term_string}"},"query-input":{"@type":"PropertyValueSpecification","valueRequired":true,"valueName":"search_term_string"}}],"inLanguage":"pt-BR"},{"@type":"Organization","@id":"https:\/\/radiolifefm.com.br\/noticias\/#organization","name":"R\u00e1dio Life FM","alternateName":"Life FM","url":"https:\/\/radiolifefm.com.br\/noticias\/","logo":{"@type":"ImageObject","inLanguage":"pt-BR","@id":"https:\/\/radiolifefm.com.br\/noticias\/#\/schema\/logo\/image\/","url":"https:\/\/static.radiolifefm.com.br\/noticias\/wp-content\/uploads\/2019\/10\/logo-lifefm.png","contentUrl":"https:\/\/static.radiolifefm.com.br\/noticias\/wp-content\/uploads\/2019\/10\/logo-lifefm.png","width":196,"height":47,"caption":"R\u00e1dio Life FM"},"image":{"@id":"https:\/\/radiolifefm.com.br\/noticias\/#\/schema\/logo\/image\/"},"sameAs":["https:\/\/www.facebook.com\/radiolifefm\/","https:\/\/www.instagram.com\/life1079fm\/"]},{"@type":"Person","@id":"https:\/\/radiolifefm.com.br\/noticias\/#\/schema\/person\/6876e1240feffe6e1b63fd5cb85abf28","name":"joaograndao","image":{"@type":"ImageObject","inLanguage":"pt-BR","@id":"https:\/\/secure.gravatar.com\/avatar\/d5b1a3cf357ed9c50404e256a1294083aa8ab5d2a994001567302786016cb32c?s=96&d=mm&r=g","url":"https:\/\/secure.gravatar.com\/avatar\/d5b1a3cf357ed9c50404e256a1294083aa8ab5d2a994001567302786016cb32c?s=96&d=mm&r=g","contentUrl":"https:\/\/secure.gravatar.com\/avatar\/d5b1a3cf357ed9c50404e256a1294083aa8ab5d2a994001567302786016cb32c?s=96&d=mm&r=g","caption":"joaograndao"}}]}},"amp_enabled":true,"_links":{"self":[{"href":"https:\/\/radiolifefm.com.br\/noticias\/wp-json\/wp\/v2\/posts\/108830","targetHints":{"allow":["GET"]}}],"collection":[{"href":"https:\/\/radiolifefm.com.br\/noticias\/wp-json\/wp\/v2\/posts"}],"about":[{"href":"https:\/\/radiolifefm.com.br\/noticias\/wp-json\/wp\/v2\/types\/post"}],"author":[{"embeddable":true,"href":"https:\/\/radiolifefm.com.br\/noticias\/wp-json\/wp\/v2\/users\/8"}],"replies":[{"embeddable":true,"href":"https:\/\/radiolifefm.com.br\/noticias\/wp-json\/wp\/v2\/comments?post=108830"}],"version-history":[{"count":2,"href":"https:\/\/radiolifefm.com.br\/noticias\/wp-json\/wp\/v2\/posts\/108830\/revisions"}],"predecessor-version":[{"id":108837,"href":"https:\/\/radiolifefm.com.br\/noticias\/wp-json\/wp\/v2\/posts\/108830\/revisions\/108837"}],"wp:featuredmedia":[{"embeddable":true,"href":"https:\/\/radiolifefm.com.br\/noticias\/wp-json\/wp\/v2\/media\/108835"}],"wp:attachment":[{"href":"https:\/\/radiolifefm.com.br\/noticias\/wp-json\/wp\/v2\/media?parent=108830"}],"wp:term":[{"taxonomy":"category","embeddable":true,"href":"https:\/\/radiolifefm.com.br\/noticias\/wp-json\/wp\/v2\/categories?post=108830"},{"taxonomy":"post_tag","embeddable":true,"href":"https:\/\/radiolifefm.com.br\/noticias\/wp-json\/wp\/v2\/tags?post=108830"}],"curies":[{"name":"wp","href":"https:\/\/api.w.org\/{rel}","templated":true}]}}