{"id":108808,"date":"2025-12-16T20:12:45","date_gmt":"2025-12-16T23:12:45","guid":{"rendered":"https:\/\/radiolifefm.com.br\/noticias\/?p=108808"},"modified":"2026-04-05T03:16:55","modified_gmt":"2026-04-05T06:16:55","slug":"sicredi-na-cop30-reforca-a-importancia-das-cooperativas-de-credito-como-solucao-estrategica-no-enfrentamento-aos-desafios-climaticos","status":"publish","type":"post","link":"https:\/\/radiolifefm.com.br\/noticias\/sicredi-na-cop30-reforca-a-importancia-das-cooperativas-de-credito-como-solucao-estrategica-no-enfrentamento-aos-desafios-climaticos\/","title":{"rendered":"Sicredi na COP30 refor\u00e7a a import\u00e2ncia das cooperativas de cr\u00e9dito como solu\u00e7\u00e3o estrat\u00e9gica no enfrentamento aos desafios clim\u00e1ticos"},"content":{"rendered":"<div id=\"fb-root\"><\/div>\n<p style=\"font-weight: 400\">Como garantir que mulheres empreendedoras possam expandir seus neg\u00f3cios e produzir em uma economia de baixo carbono? Como promover inclus\u00e3o no financiamento e ajudar comunidades inteiras a enfrentarem as mudan\u00e7as do clima?<\/p>\n<p style=\"font-weight: 400\">Como facilitar o acesso de pequenos agricultores a equipamentos que poluem menos?<\/p>\n<p style=\"font-weight: 400\">\n<p style=\"font-weight: 400\">Foram perguntas que surgiram na COP30, durante os pain\u00e9is que contaram com participa\u00e7\u00e3o do\u00a0Sicredi, dentro da<em>\u00a0AgriZone<\/em>,\u00a0<em>BlueZone<\/em>\u00a0e na\u00a0<em>GreenZone<\/em>.\u00a0 Desde o primeiro dia, a institui\u00e7\u00e3o financeira cooperativa mostrou como vem atuando para a amplia\u00e7\u00e3o do cr\u00e9dito verde, especialmente em munic\u00edpios de baixo IDH e com pouca presen\u00e7a de institui\u00e7\u00f5es financeiras.<\/p>\n<p style=\"font-weight: 400\">\n<p style=\"font-weight: 400\">O diretor-executivo de Estrat\u00e9gia, Sustentabilidade, Administra\u00e7\u00e3o e Finan\u00e7as do\u00a0Sicredi, Alexandre Barbosa, apresentou\u00a0a estrat\u00e9gia de finan\u00e7as sustent\u00e1veis da institui\u00e7\u00e3o, que busca descentralizar e democratizar o acesso ao cr\u00e9dito verde para pequenas propriedades, micro e pequenas empresas. \u201cCom cerca de 440 bilh\u00f5es de reais em ativos, 270 bilh\u00f5es em carteira de cr\u00e9dito, mais de 3 mil pontos de atendimento e 9,5 milh\u00f5es de associados, estruturamos um\u00a0<em>framework<\/em>\u00a0de finan\u00e7as sustent\u00e1veis que orienta aplica\u00e7\u00f5es em agricultura de baixo carbono, energia renov\u00e1vel, produ\u00e7\u00e3o rural familiar, mulheres empreendedoras e outros segmentos alinhados aos Objetivos de Desenvolvimento Sustent\u00e1vel (ODS)\u201d.<\/p>\n<p style=\"font-weight: 400\">\n<p style=\"font-weight: 400\">Como exemplo, Barbosa destacou um projeto-piloto desenvolvido com uma cooperativa de produ\u00e7\u00e3o e 10 produtores, em Minas Gerais, que produz cerca de 6,8 mil sacas de caf\u00e9 em uma \u00e1rea de 215 hectares. Batizada de Programa Carbono Neutro do\u00a0Sicredi, a iniciativa combina financiamento, assist\u00eancia t\u00e9cnica e certifica\u00e7\u00e3o de carbono neutro por entidade independente, com pr\u00e1ticas como controle biol\u00f3gico de pragas, uso de plantas de cobertura, preserva\u00e7\u00e3o de mata nativa e energia solar, resultando na redu\u00e7\u00e3o de 935 toneladas de CO\u2082 equivalente.\u00a0\u201cMostramos que \u00e9 poss\u00edvel gerar renda e reduzir emiss\u00f5es, ao mesmo tempo\u201d, afirmou.<\/p>\n<p style=\"font-weight: 400\">\n<p style=\"font-weight: 400\">Em sua participa\u00e7\u00e3o na confer\u00eancia, o superintendente de Rela\u00e7\u00f5es Institucionais do\u00a0Sicredi, Danilo Macedo, destacou o papel da institui\u00e7\u00e3o na promo\u00e7\u00e3o da sustentabilidade<strong>,\u00a0<\/strong>em financiamentos para projetos de gera\u00e7\u00e3o distribu\u00edda de energia solar e destacou o protagonismo feminino no agroneg\u00f3cio.<\/p>\n<p style=\"font-weight: 400\">\n<p style=\"font-weight: 400\">&#8220;O\u00a0Sicredi\u00a0j\u00e1 ultrapassou R$ 12 bilh\u00f5es em financiamentos para projetos de gera\u00e7\u00e3o distribu\u00edda de energia solar, refor\u00e7ando nosso compromisso com a transi\u00e7\u00e3o energ\u00e9tica. Na safra passada, tamb\u00e9m liberamos mais de R$ 8 bilh\u00f5es para as produtoras rurais. Al\u00e9m do cr\u00e9dito, levamos programas de capacita\u00e7\u00e3o e eventos de networking voltados para a evolu\u00e7\u00e3o constante desse p\u00fablico. Ao realizar capta\u00e7\u00f5es ESG para neg\u00f3cios liderados por mulheres, sinalizamos ao mercado nosso compromisso com um futuro mais justo, limpo e resiliente. Evolu\u00edmos juntos e estimulamos outras institui\u00e7\u00f5es a nos acompanharem\u201d, enfatiza o superintendente.<\/p>\n<p style=\"font-weight: 400\">\n<p style=\"font-weight: 400\">Alinhar inova\u00e7\u00e3o, tecnologia e intelig\u00eancia de dados pode ampliar a vis\u00e3o estrat\u00e9gica das institui\u00e7\u00f5es para mitiga\u00e7\u00e3o e adapta\u00e7\u00e3o ao clima. Nesse contexto, o\u00a0Sicredi\u00a0mostrou em Bel\u00e9m suas solu\u00e7\u00f5es para a quantifica\u00e7\u00e3o de riscos clim\u00e1ticos, que envolvem a cria\u00e7\u00e3o de scores de risco para os associados e ferramentas estrat\u00e9gicas que contribuem para proteger as culturas agr\u00edcolas do portf\u00f3lio. Mais de 16 milh\u00f5es de ativos f\u00edsicos s\u00e3o monitorados por essa metodologia, que possibilita antecipar os riscos por meio da compreens\u00e3o da exposi\u00e7\u00e3o atual e projetada \u00e0s amea\u00e7as clim\u00e1ticas naquele territ\u00f3rio, bem como do seu impacto potencial. Isso ajuda a oferecer as melhores solu\u00e7\u00f5es, desde seguros at\u00e9 o direcionamento para manejo e transi\u00e7\u00e3o de culturas na agricultura.<\/p>\n<p style=\"font-weight: 400\">\n<p style=\"font-weight: 400\"><strong>Case do\u00a0Sicredi\u00a0\u00e9 destaque em publica\u00e7\u00e3o do Pacto Global da ONU \u2013 Rede Brasil<\/strong><\/p>\n<p style=\"font-weight: 400\"><strong>\u00a0<\/strong><\/p>\n<p style=\"font-weight: 400\">A agricultura regenerativa foi um dos principais temas da COP30. Isso porque, al\u00e9m de promover um sistema de produ\u00e7\u00e3o agr\u00edcola que restaura o solo, \u00e9 capaz de capturar carbono e proteger as nascentes.<\/p>\n<p style=\"font-weight: 400\">\n<p style=\"font-weight: 400\">E dentro dessa tem\u00e1tica, com o case \u201cProdu\u00e7\u00e3o Sustent\u00e1vel do Cacau\u201d, o\u00a0Sicredi\u00a0conquistou um espa\u00e7o entre as iniciativas de sucesso reunidas no Guia de Agricultura Regenerativa: Princ\u00edpios, Pr\u00e1ticas e Acesso a Financiamento, lan\u00e7ado pelo Pacto Global da ONU \u2013 Rede Brasil, durante a confer\u00eancia.<\/p>\n<p style=\"font-weight: 400\">\n<p style=\"font-weight: 400\">Desde 2019, as cooperativas\u00a0Sicredi\u00a0Grandes Rios MT\/PA\/AM e\u00a0Sicredi\u00a0Sudoeste MT\/PA concederam cerca de R$ 25 milh\u00f5es em cr\u00e9dito para modelos produtivos de baixo impacto ambiental na Amaz\u00f4nia paraense.<\/p>\n<p style=\"font-weight: 400\">\n<p style=\"font-weight: 400\">Gra\u00e7as a este modelo, que contribui para o desenvolvimento sustent\u00e1vel e a transi\u00e7\u00e3o para uma economia de baixo carbono, mais de 3.500 pessoas foram impactadas \u2013 incluindo oportunidades de emprego e gera\u00e7\u00e3o de renda. At\u00e9 o momento, 1.453 hectares foram financiados, impulsionando a produ\u00e7\u00e3o anual de 1.450 toneladas de cacau e movimentando mais de R$ 36 milh\u00f5es por ano na economia local.<\/p>\n<p style=\"font-weight: 400\">\n<p style=\"font-weight: 400\">\u201cAo apresentar o nosso case, conseguimos demonstrar que o cr\u00e9dito cooperativo \u00e9 uma importante ferramenta de transforma\u00e7\u00e3o socioambiental na regi\u00e3o amaz\u00f4nica, capaz de promover inclus\u00e3o financeira, gera\u00e7\u00e3o de renda e preserva\u00e7\u00e3o florestal. Sermos escolhidos pelo Pacto Global da ONU \u2013 Rede Brasil, durante uma COP, ainda mais no Brasil, como um dos casos de sucesso, \u00e9 um grande motivo de orgulho para todos n\u00f3s\u201d, destaca Alexandre.<\/p>\n<p>&nbsp;<\/p>\n<p>&nbsp;<\/p>\n<p>&nbsp;<\/p>\n<p style=\"font-weight: 400\"><strong>Giulia Ayelen Bugia Fernandes<\/strong><\/p>\n<p style=\"font-weight: 400\">Assistente de Comunica\u00e7\u00e3o &amp; Marketing<\/p>\n","protected":false},"excerpt":{"rendered":"<p>Como garantir que mulheres empreendedoras possam expandir seus neg\u00f3cios e produzir em uma economia de baixo carbono? Como promover inclus\u00e3o no financiamento e ajudar comunidades inteiras a enfrentarem as mudan\u00e7as do clima? Como facilitar o acesso de pequenos agricultores a equipamentos que poluem menos? Foram perguntas que surgiram na COP30, durante os pain\u00e9is que contaram [&hellip;]<\/p>\n","protected":false},"author":13,"featured_media":108809,"comment_status":"closed","ping_status":"open","sticky":false,"template":"","format":"standard","meta":{"_acf_changed":false,"_exactmetrics_skip_tracking":false,"_exactmetrics_sitenote_active":false,"_exactmetrics_sitenote_note":"","_exactmetrics_sitenote_category":0,"footnotes":""},"categories":[1],"tags":[],"class_list":["post-108808","post","type-post","status-publish","format-standard","has-post-thumbnail","hentry","category-geral"],"acf":[],"yoast_head":"<!-- This site is optimized with the Yoast SEO plugin v27.2 - https:\/\/yoast.com\/product\/yoast-seo-wordpress\/ -->\n<title>Sicredi na COP30 refor\u00e7a a import\u00e2ncia das cooperativas de cr\u00e9dito como solu\u00e7\u00e3o estrat\u00e9gica no enfrentamento aos desafios clim\u00e1ticos - R\u00e1dio Life FM<\/title>\n<meta name=\"robots\" content=\"index, follow, max-snippet:-1, max-image-preview:large, max-video-preview:-1\" \/>\n<link rel=\"canonical\" href=\"https:\/\/radiolifefm.com.br\/noticias\/sicredi-na-cop30-reforca-a-importancia-das-cooperativas-de-credito-como-solucao-estrategica-no-enfrentamento-aos-desafios-climaticos\/\" \/>\n<meta property=\"og:locale\" content=\"pt_BR\" \/>\n<meta property=\"og:type\" content=\"article\" \/>\n<meta property=\"og:title\" content=\"Sicredi na COP30 refor\u00e7a a import\u00e2ncia das cooperativas de cr\u00e9dito como solu\u00e7\u00e3o estrat\u00e9gica no enfrentamento aos desafios clim\u00e1ticos - R\u00e1dio Life FM\" \/>\n<meta property=\"og:description\" content=\"Como garantir que mulheres empreendedoras possam expandir seus neg\u00f3cios e produzir em uma economia de baixo carbono? Como promover inclus\u00e3o no financiamento e ajudar comunidades inteiras a enfrentarem as mudan\u00e7as do clima? Como facilitar o acesso de pequenos agricultores a equipamentos que poluem menos? Foram perguntas que surgiram na COP30, durante os pain\u00e9is que contaram [&hellip;]\" \/>\n<meta property=\"og:url\" content=\"https:\/\/radiolifefm.com.br\/noticias\/sicredi-na-cop30-reforca-a-importancia-das-cooperativas-de-credito-como-solucao-estrategica-no-enfrentamento-aos-desafios-climaticos\/\" \/>\n<meta property=\"og:site_name\" content=\"R\u00e1dio Life FM\" \/>\n<meta property=\"article:publisher\" content=\"https:\/\/www.facebook.com\/radiolifefm\/\" \/>\n<meta property=\"article:published_time\" content=\"2025-12-16T23:12:45+00:00\" \/>\n<meta property=\"article:modified_time\" content=\"2026-04-05T06:16:55+00:00\" \/>\n<meta property=\"og:image\" content=\"https:\/\/radiolifefm.com.br\/noticias\/wp-content\/uploads\/2025\/12\/cats-13.jpg\" \/>\n\t<meta property=\"og:image:width\" content=\"640\" \/>\n\t<meta property=\"og:image:height\" content=\"400\" \/>\n\t<meta property=\"og:image:type\" content=\"image\/jpeg\" \/>\n<meta name=\"author\" content=\"ritanery\" \/>\n<meta name=\"twitter:card\" content=\"summary_large_image\" \/>\n<meta name=\"twitter:label1\" content=\"Escrito por\" \/>\n\t<meta name=\"twitter:data1\" content=\"ritanery\" \/>\n\t<meta name=\"twitter:label2\" content=\"Est. tempo de leitura\" \/>\n\t<meta name=\"twitter:data2\" content=\"5 minutos\" \/>\n<script type=\"application\/ld+json\" class=\"yoast-schema-graph\">{\"@context\":\"https:\/\/schema.org\",\"@graph\":[{\"@type\":\"Article\",\"@id\":\"https:\/\/radiolifefm.com.br\/noticias\/sicredi-na-cop30-reforca-a-importancia-das-cooperativas-de-credito-como-solucao-estrategica-no-enfrentamento-aos-desafios-climaticos\/#article\",\"isPartOf\":{\"@id\":\"https:\/\/radiolifefm.com.br\/noticias\/sicredi-na-cop30-reforca-a-importancia-das-cooperativas-de-credito-como-solucao-estrategica-no-enfrentamento-aos-desafios-climaticos\/\"},\"author\":{\"name\":\"ritanery\",\"@id\":\"https:\/\/radiolifefm.com.br\/noticias\/#\/schema\/person\/6339b9fac59d12b071dec680d7375d87\"},\"headline\":\"Sicredi na COP30 refor\u00e7a a import\u00e2ncia das cooperativas de cr\u00e9dito como solu\u00e7\u00e3o estrat\u00e9gica no enfrentamento aos desafios clim\u00e1ticos\",\"datePublished\":\"2025-12-16T23:12:45+00:00\",\"dateModified\":\"2026-04-05T06:16:55+00:00\",\"mainEntityOfPage\":{\"@id\":\"https:\/\/radiolifefm.com.br\/noticias\/sicredi-na-cop30-reforca-a-importancia-das-cooperativas-de-credito-como-solucao-estrategica-no-enfrentamento-aos-desafios-climaticos\/\"},\"wordCount\":915,\"publisher\":{\"@id\":\"https:\/\/radiolifefm.com.br\/noticias\/#organization\"},\"image\":{\"@id\":\"https:\/\/radiolifefm.com.br\/noticias\/sicredi-na-cop30-reforca-a-importancia-das-cooperativas-de-credito-como-solucao-estrategica-no-enfrentamento-aos-desafios-climaticos\/#primaryimage\"},\"thumbnailUrl\":\"https:\/\/radiolifefm.com.br\/noticias\/wp-content\/uploads\/2025\/12\/cats-13.jpg\",\"articleSection\":[\"Geral\"],\"inLanguage\":\"pt-BR\"},{\"@type\":\"WebPage\",\"@id\":\"https:\/\/radiolifefm.com.br\/noticias\/sicredi-na-cop30-reforca-a-importancia-das-cooperativas-de-credito-como-solucao-estrategica-no-enfrentamento-aos-desafios-climaticos\/\",\"url\":\"https:\/\/radiolifefm.com.br\/noticias\/sicredi-na-cop30-reforca-a-importancia-das-cooperativas-de-credito-como-solucao-estrategica-no-enfrentamento-aos-desafios-climaticos\/\",\"name\":\"Sicredi na COP30 refor\u00e7a a import\u00e2ncia das cooperativas de cr\u00e9dito como solu\u00e7\u00e3o estrat\u00e9gica no enfrentamento aos desafios clim\u00e1ticos - R\u00e1dio Life FM\",\"isPartOf\":{\"@id\":\"https:\/\/radiolifefm.com.br\/noticias\/#website\"},\"primaryImageOfPage\":{\"@id\":\"https:\/\/radiolifefm.com.br\/noticias\/sicredi-na-cop30-reforca-a-importancia-das-cooperativas-de-credito-como-solucao-estrategica-no-enfrentamento-aos-desafios-climaticos\/#primaryimage\"},\"image\":{\"@id\":\"https:\/\/radiolifefm.com.br\/noticias\/sicredi-na-cop30-reforca-a-importancia-das-cooperativas-de-credito-como-solucao-estrategica-no-enfrentamento-aos-desafios-climaticos\/#primaryimage\"},\"thumbnailUrl\":\"https:\/\/radiolifefm.com.br\/noticias\/wp-content\/uploads\/2025\/12\/cats-13.jpg\",\"datePublished\":\"2025-12-16T23:12:45+00:00\",\"dateModified\":\"2026-04-05T06:16:55+00:00\",\"breadcrumb\":{\"@id\":\"https:\/\/radiolifefm.com.br\/noticias\/sicredi-na-cop30-reforca-a-importancia-das-cooperativas-de-credito-como-solucao-estrategica-no-enfrentamento-aos-desafios-climaticos\/#breadcrumb\"},\"inLanguage\":\"pt-BR\",\"potentialAction\":[{\"@type\":\"ReadAction\",\"target\":[\"https:\/\/radiolifefm.com.br\/noticias\/sicredi-na-cop30-reforca-a-importancia-das-cooperativas-de-credito-como-solucao-estrategica-no-enfrentamento-aos-desafios-climaticos\/\"]}]},{\"@type\":\"ImageObject\",\"inLanguage\":\"pt-BR\",\"@id\":\"https:\/\/radiolifefm.com.br\/noticias\/sicredi-na-cop30-reforca-a-importancia-das-cooperativas-de-credito-como-solucao-estrategica-no-enfrentamento-aos-desafios-climaticos\/#primaryimage\",\"url\":\"https:\/\/radiolifefm.com.br\/noticias\/wp-content\/uploads\/2025\/12\/cats-13.jpg\",\"contentUrl\":\"https:\/\/radiolifefm.com.br\/noticias\/wp-content\/uploads\/2025\/12\/cats-13.jpg\",\"width\":640,\"height\":400,\"caption\":\"Presente em diversos pain\u00e9is, institui\u00e7\u00e3o apresentou cases que mostram a atua\u00e7\u00e3o do setor na democratiza\u00e7\u00e3o do cr\u00e9dito verde e na transi\u00e7\u00e3o energ\u00e9tica\"},{\"@type\":\"BreadcrumbList\",\"@id\":\"https:\/\/radiolifefm.com.br\/noticias\/sicredi-na-cop30-reforca-a-importancia-das-cooperativas-de-credito-como-solucao-estrategica-no-enfrentamento-aos-desafios-climaticos\/#breadcrumb\",\"itemListElement\":[{\"@type\":\"ListItem\",\"position\":1,\"name\":\"In\u00edcio\",\"item\":\"https:\/\/radiolifefm.com.br\/noticias\/\"},{\"@type\":\"ListItem\",\"position\":2,\"name\":\"Sicredi na COP30 refor\u00e7a a import\u00e2ncia das cooperativas de cr\u00e9dito como solu\u00e7\u00e3o estrat\u00e9gica no enfrentamento aos desafios clim\u00e1ticos\"}]},{\"@type\":\"WebSite\",\"@id\":\"https:\/\/radiolifefm.com.br\/noticias\/#website\",\"url\":\"https:\/\/radiolifefm.com.br\/noticias\/\",\"name\":\"R\u00e1dio Life FM\",\"description\":\"O Portal de Not\u00edcias de Adamantina\",\"publisher\":{\"@id\":\"https:\/\/radiolifefm.com.br\/noticias\/#organization\"},\"alternateName\":\"Life FM\",\"potentialAction\":[{\"@type\":\"SearchAction\",\"target\":{\"@type\":\"EntryPoint\",\"urlTemplate\":\"https:\/\/radiolifefm.com.br\/noticias\/?s={search_term_string}\"},\"query-input\":{\"@type\":\"PropertyValueSpecification\",\"valueRequired\":true,\"valueName\":\"search_term_string\"}}],\"inLanguage\":\"pt-BR\"},{\"@type\":\"Organization\",\"@id\":\"https:\/\/radiolifefm.com.br\/noticias\/#organization\",\"name\":\"R\u00e1dio Life FM\",\"alternateName\":\"Life FM\",\"url\":\"https:\/\/radiolifefm.com.br\/noticias\/\",\"logo\":{\"@type\":\"ImageObject\",\"inLanguage\":\"pt-BR\",\"@id\":\"https:\/\/radiolifefm.com.br\/noticias\/#\/schema\/logo\/image\/\",\"url\":\"https:\/\/static.radiolifefm.com.br\/noticias\/wp-content\/uploads\/2019\/10\/logo-lifefm.png\",\"contentUrl\":\"https:\/\/static.radiolifefm.com.br\/noticias\/wp-content\/uploads\/2019\/10\/logo-lifefm.png\",\"width\":196,\"height\":47,\"caption\":\"R\u00e1dio Life FM\"},\"image\":{\"@id\":\"https:\/\/radiolifefm.com.br\/noticias\/#\/schema\/logo\/image\/\"},\"sameAs\":[\"https:\/\/www.facebook.com\/radiolifefm\/\",\"https:\/\/www.instagram.com\/life1079fm\/\"]},{\"@type\":\"Person\",\"@id\":\"https:\/\/radiolifefm.com.br\/noticias\/#\/schema\/person\/6339b9fac59d12b071dec680d7375d87\",\"name\":\"ritanery\",\"image\":{\"@type\":\"ImageObject\",\"inLanguage\":\"pt-BR\",\"@id\":\"https:\/\/secure.gravatar.com\/avatar\/0e37bb19071f47c0b8a23f62a903df117c5a0e75f65a0c2901562f97cd41cf86?s=96&d=mm&r=g\",\"url\":\"https:\/\/secure.gravatar.com\/avatar\/0e37bb19071f47c0b8a23f62a903df117c5a0e75f65a0c2901562f97cd41cf86?s=96&d=mm&r=g\",\"contentUrl\":\"https:\/\/secure.gravatar.com\/avatar\/0e37bb19071f47c0b8a23f62a903df117c5a0e75f65a0c2901562f97cd41cf86?s=96&d=mm&r=g\",\"caption\":\"ritanery\"}}]}<\/script>\n<!-- \/ Yoast SEO plugin. -->","yoast_head_json":{"title":"Sicredi na COP30 refor\u00e7a a import\u00e2ncia das cooperativas de cr\u00e9dito como solu\u00e7\u00e3o estrat\u00e9gica no enfrentamento aos desafios clim\u00e1ticos - R\u00e1dio Life FM","robots":{"index":"index","follow":"follow","max-snippet":"max-snippet:-1","max-image-preview":"max-image-preview:large","max-video-preview":"max-video-preview:-1"},"canonical":"https:\/\/radiolifefm.com.br\/noticias\/sicredi-na-cop30-reforca-a-importancia-das-cooperativas-de-credito-como-solucao-estrategica-no-enfrentamento-aos-desafios-climaticos\/","og_locale":"pt_BR","og_type":"article","og_title":"Sicredi na COP30 refor\u00e7a a import\u00e2ncia das cooperativas de cr\u00e9dito como solu\u00e7\u00e3o estrat\u00e9gica no enfrentamento aos desafios clim\u00e1ticos - R\u00e1dio Life FM","og_description":"Como garantir que mulheres empreendedoras possam expandir seus neg\u00f3cios e produzir em uma economia de baixo carbono? Como promover inclus\u00e3o no financiamento e ajudar comunidades inteiras a enfrentarem as mudan\u00e7as do clima? Como facilitar o acesso de pequenos agricultores a equipamentos que poluem menos? Foram perguntas que surgiram na COP30, durante os pain\u00e9is que contaram [&hellip;]","og_url":"https:\/\/radiolifefm.com.br\/noticias\/sicredi-na-cop30-reforca-a-importancia-das-cooperativas-de-credito-como-solucao-estrategica-no-enfrentamento-aos-desafios-climaticos\/","og_site_name":"R\u00e1dio Life FM","article_publisher":"https:\/\/www.facebook.com\/radiolifefm\/","article_published_time":"2025-12-16T23:12:45+00:00","article_modified_time":"2026-04-05T06:16:55+00:00","og_image":[{"width":640,"height":400,"url":"https:\/\/radiolifefm.com.br\/noticias\/wp-content\/uploads\/2025\/12\/cats-13.jpg","type":"image\/jpeg"}],"author":"ritanery","twitter_card":"summary_large_image","twitter_misc":{"Escrito por":"ritanery","Est. tempo de leitura":"5 minutos"},"schema":{"@context":"https:\/\/schema.org","@graph":[{"@type":"Article","@id":"https:\/\/radiolifefm.com.br\/noticias\/sicredi-na-cop30-reforca-a-importancia-das-cooperativas-de-credito-como-solucao-estrategica-no-enfrentamento-aos-desafios-climaticos\/#article","isPartOf":{"@id":"https:\/\/radiolifefm.com.br\/noticias\/sicredi-na-cop30-reforca-a-importancia-das-cooperativas-de-credito-como-solucao-estrategica-no-enfrentamento-aos-desafios-climaticos\/"},"author":{"name":"ritanery","@id":"https:\/\/radiolifefm.com.br\/noticias\/#\/schema\/person\/6339b9fac59d12b071dec680d7375d87"},"headline":"Sicredi na COP30 refor\u00e7a a import\u00e2ncia das cooperativas de cr\u00e9dito como solu\u00e7\u00e3o estrat\u00e9gica no enfrentamento aos desafios clim\u00e1ticos","datePublished":"2025-12-16T23:12:45+00:00","dateModified":"2026-04-05T06:16:55+00:00","mainEntityOfPage":{"@id":"https:\/\/radiolifefm.com.br\/noticias\/sicredi-na-cop30-reforca-a-importancia-das-cooperativas-de-credito-como-solucao-estrategica-no-enfrentamento-aos-desafios-climaticos\/"},"wordCount":915,"publisher":{"@id":"https:\/\/radiolifefm.com.br\/noticias\/#organization"},"image":{"@id":"https:\/\/radiolifefm.com.br\/noticias\/sicredi-na-cop30-reforca-a-importancia-das-cooperativas-de-credito-como-solucao-estrategica-no-enfrentamento-aos-desafios-climaticos\/#primaryimage"},"thumbnailUrl":"https:\/\/radiolifefm.com.br\/noticias\/wp-content\/uploads\/2025\/12\/cats-13.jpg","articleSection":["Geral"],"inLanguage":"pt-BR"},{"@type":"WebPage","@id":"https:\/\/radiolifefm.com.br\/noticias\/sicredi-na-cop30-reforca-a-importancia-das-cooperativas-de-credito-como-solucao-estrategica-no-enfrentamento-aos-desafios-climaticos\/","url":"https:\/\/radiolifefm.com.br\/noticias\/sicredi-na-cop30-reforca-a-importancia-das-cooperativas-de-credito-como-solucao-estrategica-no-enfrentamento-aos-desafios-climaticos\/","name":"Sicredi na COP30 refor\u00e7a a import\u00e2ncia das cooperativas de cr\u00e9dito como solu\u00e7\u00e3o estrat\u00e9gica no enfrentamento aos desafios clim\u00e1ticos - R\u00e1dio Life FM","isPartOf":{"@id":"https:\/\/radiolifefm.com.br\/noticias\/#website"},"primaryImageOfPage":{"@id":"https:\/\/radiolifefm.com.br\/noticias\/sicredi-na-cop30-reforca-a-importancia-das-cooperativas-de-credito-como-solucao-estrategica-no-enfrentamento-aos-desafios-climaticos\/#primaryimage"},"image":{"@id":"https:\/\/radiolifefm.com.br\/noticias\/sicredi-na-cop30-reforca-a-importancia-das-cooperativas-de-credito-como-solucao-estrategica-no-enfrentamento-aos-desafios-climaticos\/#primaryimage"},"thumbnailUrl":"https:\/\/radiolifefm.com.br\/noticias\/wp-content\/uploads\/2025\/12\/cats-13.jpg","datePublished":"2025-12-16T23:12:45+00:00","dateModified":"2026-04-05T06:16:55+00:00","breadcrumb":{"@id":"https:\/\/radiolifefm.com.br\/noticias\/sicredi-na-cop30-reforca-a-importancia-das-cooperativas-de-credito-como-solucao-estrategica-no-enfrentamento-aos-desafios-climaticos\/#breadcrumb"},"inLanguage":"pt-BR","potentialAction":[{"@type":"ReadAction","target":["https:\/\/radiolifefm.com.br\/noticias\/sicredi-na-cop30-reforca-a-importancia-das-cooperativas-de-credito-como-solucao-estrategica-no-enfrentamento-aos-desafios-climaticos\/"]}]},{"@type":"ImageObject","inLanguage":"pt-BR","@id":"https:\/\/radiolifefm.com.br\/noticias\/sicredi-na-cop30-reforca-a-importancia-das-cooperativas-de-credito-como-solucao-estrategica-no-enfrentamento-aos-desafios-climaticos\/#primaryimage","url":"https:\/\/radiolifefm.com.br\/noticias\/wp-content\/uploads\/2025\/12\/cats-13.jpg","contentUrl":"https:\/\/radiolifefm.com.br\/noticias\/wp-content\/uploads\/2025\/12\/cats-13.jpg","width":640,"height":400,"caption":"Presente em diversos pain\u00e9is, institui\u00e7\u00e3o apresentou cases que mostram a atua\u00e7\u00e3o do setor na democratiza\u00e7\u00e3o do cr\u00e9dito verde e na transi\u00e7\u00e3o energ\u00e9tica"},{"@type":"BreadcrumbList","@id":"https:\/\/radiolifefm.com.br\/noticias\/sicredi-na-cop30-reforca-a-importancia-das-cooperativas-de-credito-como-solucao-estrategica-no-enfrentamento-aos-desafios-climaticos\/#breadcrumb","itemListElement":[{"@type":"ListItem","position":1,"name":"In\u00edcio","item":"https:\/\/radiolifefm.com.br\/noticias\/"},{"@type":"ListItem","position":2,"name":"Sicredi na COP30 refor\u00e7a a import\u00e2ncia das cooperativas de cr\u00e9dito como solu\u00e7\u00e3o estrat\u00e9gica no enfrentamento aos desafios clim\u00e1ticos"}]},{"@type":"WebSite","@id":"https:\/\/radiolifefm.com.br\/noticias\/#website","url":"https:\/\/radiolifefm.com.br\/noticias\/","name":"R\u00e1dio Life FM","description":"O Portal de Not\u00edcias de Adamantina","publisher":{"@id":"https:\/\/radiolifefm.com.br\/noticias\/#organization"},"alternateName":"Life FM","potentialAction":[{"@type":"SearchAction","target":{"@type":"EntryPoint","urlTemplate":"https:\/\/radiolifefm.com.br\/noticias\/?s={search_term_string}"},"query-input":{"@type":"PropertyValueSpecification","valueRequired":true,"valueName":"search_term_string"}}],"inLanguage":"pt-BR"},{"@type":"Organization","@id":"https:\/\/radiolifefm.com.br\/noticias\/#organization","name":"R\u00e1dio Life FM","alternateName":"Life FM","url":"https:\/\/radiolifefm.com.br\/noticias\/","logo":{"@type":"ImageObject","inLanguage":"pt-BR","@id":"https:\/\/radiolifefm.com.br\/noticias\/#\/schema\/logo\/image\/","url":"https:\/\/static.radiolifefm.com.br\/noticias\/wp-content\/uploads\/2019\/10\/logo-lifefm.png","contentUrl":"https:\/\/static.radiolifefm.com.br\/noticias\/wp-content\/uploads\/2019\/10\/logo-lifefm.png","width":196,"height":47,"caption":"R\u00e1dio Life FM"},"image":{"@id":"https:\/\/radiolifefm.com.br\/noticias\/#\/schema\/logo\/image\/"},"sameAs":["https:\/\/www.facebook.com\/radiolifefm\/","https:\/\/www.instagram.com\/life1079fm\/"]},{"@type":"Person","@id":"https:\/\/radiolifefm.com.br\/noticias\/#\/schema\/person\/6339b9fac59d12b071dec680d7375d87","name":"ritanery","image":{"@type":"ImageObject","inLanguage":"pt-BR","@id":"https:\/\/secure.gravatar.com\/avatar\/0e37bb19071f47c0b8a23f62a903df117c5a0e75f65a0c2901562f97cd41cf86?s=96&d=mm&r=g","url":"https:\/\/secure.gravatar.com\/avatar\/0e37bb19071f47c0b8a23f62a903df117c5a0e75f65a0c2901562f97cd41cf86?s=96&d=mm&r=g","contentUrl":"https:\/\/secure.gravatar.com\/avatar\/0e37bb19071f47c0b8a23f62a903df117c5a0e75f65a0c2901562f97cd41cf86?s=96&d=mm&r=g","caption":"ritanery"}}]}},"amp_enabled":true,"_links":{"self":[{"href":"https:\/\/radiolifefm.com.br\/noticias\/wp-json\/wp\/v2\/posts\/108808","targetHints":{"allow":["GET"]}}],"collection":[{"href":"https:\/\/radiolifefm.com.br\/noticias\/wp-json\/wp\/v2\/posts"}],"about":[{"href":"https:\/\/radiolifefm.com.br\/noticias\/wp-json\/wp\/v2\/types\/post"}],"author":[{"embeddable":true,"href":"https:\/\/radiolifefm.com.br\/noticias\/wp-json\/wp\/v2\/users\/13"}],"replies":[{"embeddable":true,"href":"https:\/\/radiolifefm.com.br\/noticias\/wp-json\/wp\/v2\/comments?post=108808"}],"version-history":[{"count":2,"href":"https:\/\/radiolifefm.com.br\/noticias\/wp-json\/wp\/v2\/posts\/108808\/revisions"}],"predecessor-version":[{"id":108819,"href":"https:\/\/radiolifefm.com.br\/noticias\/wp-json\/wp\/v2\/posts\/108808\/revisions\/108819"}],"wp:featuredmedia":[{"embeddable":true,"href":"https:\/\/radiolifefm.com.br\/noticias\/wp-json\/wp\/v2\/media\/108809"}],"wp:attachment":[{"href":"https:\/\/radiolifefm.com.br\/noticias\/wp-json\/wp\/v2\/media?parent=108808"}],"wp:term":[{"taxonomy":"category","embeddable":true,"href":"https:\/\/radiolifefm.com.br\/noticias\/wp-json\/wp\/v2\/categories?post=108808"},{"taxonomy":"post_tag","embeddable":true,"href":"https:\/\/radiolifefm.com.br\/noticias\/wp-json\/wp\/v2\/tags?post=108808"}],"curies":[{"name":"wp","href":"https:\/\/api.w.org\/{rel}","templated":true}]}}