{"id":108668,"date":"2025-12-10T12:15:35","date_gmt":"2025-12-10T15:15:35","guid":{"rendered":"https:\/\/radiolifefm.com.br\/noticias\/?p=108668"},"modified":"2026-04-26T19:32:33","modified_gmt":"2026-04-26T22:32:33","slug":"real-maloka-fc-bastos-e-red-bull-fc-pracinha-disputam-o-titulo-da-copa-amizade-de-adamantina-neste-sabado","status":"publish","type":"post","link":"https:\/\/radiolifefm.com.br\/noticias\/real-maloka-fc-bastos-e-red-bull-fc-pracinha-disputam-o-titulo-da-copa-amizade-de-adamantina-neste-sabado\/","title":{"rendered":"Real Maloka FC\/Bastos e Red Bull FC\/Pracinha disputam o t\u00edtulo da Copa Amizade de Adamantina neste s\u00e1bado"},"content":{"rendered":"<div id=\"fb-root\"><\/div>\n<p>As equipes do Real Maloka FC\/Bastos e Red Bull F.C\/ Pracinha ir\u00e3o disputar a final de um dos principais eventos esportivos\u00a0da regi\u00e3o da Alta Paulista: a 6\u00aa Copa Regional Amizade Fam\u00edlia Miranda de Futebol M\u00e9dio de Adamantina.<\/p>\n<p><img loading=\"lazy\" decoding=\"async\" class=\"alignnone size-medium wp-image-108683\" src=\"https:\/\/radiolifefm.com.br\/noticias\/wp-content\/uploads\/2025\/12\/WhatsApp-Image-2025-12-09-at-13.06.00-1-300x300.jpeg\" alt=\"\" width=\"300\" height=\"300\" srcset=\"https:\/\/radiolifefm.com.br\/noticias\/wp-content\/uploads\/2025\/12\/WhatsApp-Image-2025-12-09-at-13.06.00-1-300x300.jpeg 300w, https:\/\/radiolifefm.com.br\/noticias\/wp-content\/uploads\/2025\/12\/WhatsApp-Image-2025-12-09-at-13.06.00-1-1024x1024.jpeg 1024w, https:\/\/radiolifefm.com.br\/noticias\/wp-content\/uploads\/2025\/12\/WhatsApp-Image-2025-12-09-at-13.06.00-1-150x150.jpeg 150w, https:\/\/radiolifefm.com.br\/noticias\/wp-content\/uploads\/2025\/12\/WhatsApp-Image-2025-12-09-at-13.06.00-1-768x768.jpeg 768w, https:\/\/radiolifefm.com.br\/noticias\/wp-content\/uploads\/2025\/12\/WhatsApp-Image-2025-12-09-at-13.06.00-1-200x200.jpeg 200w, https:\/\/radiolifefm.com.br\/noticias\/wp-content\/uploads\/2025\/12\/WhatsApp-Image-2025-12-09-at-13.06.00-1-250x250.jpeg 250w, https:\/\/radiolifefm.com.br\/noticias\/wp-content\/uploads\/2025\/12\/WhatsApp-Image-2025-12-09-at-13.06.00-1-500x500.jpeg 500w, https:\/\/radiolifefm.com.br\/noticias\/wp-content\/uploads\/2025\/12\/WhatsApp-Image-2025-12-09-at-13.06.00-1-700x700.jpeg 700w, https:\/\/radiolifefm.com.br\/noticias\/wp-content\/uploads\/2025\/12\/WhatsApp-Image-2025-12-09-at-13.06.00-1.jpeg 1080w\" sizes=\"auto, (max-width: 300px) 100vw, 300px\" \/> <img loading=\"lazy\" decoding=\"async\" class=\"alignnone size-medium wp-image-108684\" src=\"https:\/\/radiolifefm.com.br\/noticias\/wp-content\/uploads\/2025\/12\/WhatsApp-Image-2025-12-09-at-13.06.00-300x300.jpeg\" alt=\"\" width=\"300\" height=\"300\" srcset=\"https:\/\/radiolifefm.com.br\/noticias\/wp-content\/uploads\/2025\/12\/WhatsApp-Image-2025-12-09-at-13.06.00-300x300.jpeg 300w, https:\/\/radiolifefm.com.br\/noticias\/wp-content\/uploads\/2025\/12\/WhatsApp-Image-2025-12-09-at-13.06.00-1024x1024.jpeg 1024w, https:\/\/radiolifefm.com.br\/noticias\/wp-content\/uploads\/2025\/12\/WhatsApp-Image-2025-12-09-at-13.06.00-150x150.jpeg 150w, https:\/\/radiolifefm.com.br\/noticias\/wp-content\/uploads\/2025\/12\/WhatsApp-Image-2025-12-09-at-13.06.00-768x768.jpeg 768w, https:\/\/radiolifefm.com.br\/noticias\/wp-content\/uploads\/2025\/12\/WhatsApp-Image-2025-12-09-at-13.06.00-200x200.jpeg 200w, https:\/\/radiolifefm.com.br\/noticias\/wp-content\/uploads\/2025\/12\/WhatsApp-Image-2025-12-09-at-13.06.00-250x250.jpeg 250w, https:\/\/radiolifefm.com.br\/noticias\/wp-content\/uploads\/2025\/12\/WhatsApp-Image-2025-12-09-at-13.06.00-500x500.jpeg 500w, https:\/\/radiolifefm.com.br\/noticias\/wp-content\/uploads\/2025\/12\/WhatsApp-Image-2025-12-09-at-13.06.00-700x700.jpeg 700w, https:\/\/radiolifefm.com.br\/noticias\/wp-content\/uploads\/2025\/12\/WhatsApp-Image-2025-12-09-at-13.06.00.jpeg 1080w\" sizes=\"auto, (max-width: 300px) 100vw, 300px\" \/><\/p>\n<p>No Jornal do Meio Dia de ter\u00e7a-feira, Rafael dos Santos dias, t\u00e9cnico do Red Bull pracinha, t\u00e9cnico Bruno Fernandes, Jair Kb\u00e7a, representante do evento, Gabriel Jos\u00e9 de Oliveira (Magal) &#8211; meia e Mateus Wilian Rodrigues de Brito, zagueiro de Bastos, deram todos os detalhes da competi\u00e7\u00e3o.<\/p>\n<p><img loading=\"lazy\" decoding=\"async\" class=\"alignnone size-medium wp-image-108685\" src=\"https:\/\/radiolifefm.com.br\/noticias\/wp-content\/uploads\/2025\/12\/WhatsApp-Image-2025-12-09-at-13.05.59-1-300x300.jpeg\" alt=\"\" width=\"300\" height=\"300\" srcset=\"https:\/\/radiolifefm.com.br\/noticias\/wp-content\/uploads\/2025\/12\/WhatsApp-Image-2025-12-09-at-13.05.59-1-300x300.jpeg 300w, https:\/\/radiolifefm.com.br\/noticias\/wp-content\/uploads\/2025\/12\/WhatsApp-Image-2025-12-09-at-13.05.59-1-1024x1024.jpeg 1024w, https:\/\/radiolifefm.com.br\/noticias\/wp-content\/uploads\/2025\/12\/WhatsApp-Image-2025-12-09-at-13.05.59-1-150x150.jpeg 150w, https:\/\/radiolifefm.com.br\/noticias\/wp-content\/uploads\/2025\/12\/WhatsApp-Image-2025-12-09-at-13.05.59-1-768x768.jpeg 768w, https:\/\/radiolifefm.com.br\/noticias\/wp-content\/uploads\/2025\/12\/WhatsApp-Image-2025-12-09-at-13.05.59-1-200x200.jpeg 200w, https:\/\/radiolifefm.com.br\/noticias\/wp-content\/uploads\/2025\/12\/WhatsApp-Image-2025-12-09-at-13.05.59-1-250x250.jpeg 250w, https:\/\/radiolifefm.com.br\/noticias\/wp-content\/uploads\/2025\/12\/WhatsApp-Image-2025-12-09-at-13.05.59-1-500x500.jpeg 500w, https:\/\/radiolifefm.com.br\/noticias\/wp-content\/uploads\/2025\/12\/WhatsApp-Image-2025-12-09-at-13.05.59-1-700x700.jpeg 700w, https:\/\/radiolifefm.com.br\/noticias\/wp-content\/uploads\/2025\/12\/WhatsApp-Image-2025-12-09-at-13.05.59-1.jpeg 1080w\" sizes=\"auto, (max-width: 300px) 100vw, 300px\" \/> <img loading=\"lazy\" decoding=\"async\" class=\"alignnone size-medium wp-image-108686\" src=\"https:\/\/radiolifefm.com.br\/noticias\/wp-content\/uploads\/2025\/12\/WhatsApp-Image-2025-12-09-at-13.05.59-300x300.jpeg\" alt=\"\" width=\"300\" height=\"300\" srcset=\"https:\/\/radiolifefm.com.br\/noticias\/wp-content\/uploads\/2025\/12\/WhatsApp-Image-2025-12-09-at-13.05.59-300x300.jpeg 300w, https:\/\/radiolifefm.com.br\/noticias\/wp-content\/uploads\/2025\/12\/WhatsApp-Image-2025-12-09-at-13.05.59-1024x1024.jpeg 1024w, https:\/\/radiolifefm.com.br\/noticias\/wp-content\/uploads\/2025\/12\/WhatsApp-Image-2025-12-09-at-13.05.59-150x150.jpeg 150w, https:\/\/radiolifefm.com.br\/noticias\/wp-content\/uploads\/2025\/12\/WhatsApp-Image-2025-12-09-at-13.05.59-768x768.jpeg 768w, https:\/\/radiolifefm.com.br\/noticias\/wp-content\/uploads\/2025\/12\/WhatsApp-Image-2025-12-09-at-13.05.59-200x200.jpeg 200w, https:\/\/radiolifefm.com.br\/noticias\/wp-content\/uploads\/2025\/12\/WhatsApp-Image-2025-12-09-at-13.05.59-250x250.jpeg 250w, https:\/\/radiolifefm.com.br\/noticias\/wp-content\/uploads\/2025\/12\/WhatsApp-Image-2025-12-09-at-13.05.59-500x500.jpeg 500w, https:\/\/radiolifefm.com.br\/noticias\/wp-content\/uploads\/2025\/12\/WhatsApp-Image-2025-12-09-at-13.05.59-700x700.jpeg 700w, https:\/\/radiolifefm.com.br\/noticias\/wp-content\/uploads\/2025\/12\/WhatsApp-Image-2025-12-09-at-13.05.59.jpeg 1080w\" sizes=\"auto, (max-width: 300px) 100vw, 300px\" \/><\/p>\n<p>A disputa do t\u00edtulo da competi\u00e7\u00e3o adamantinense ocorrer\u00e1 neste s\u00e1bado (13), \u00e0s 17h no campo do Parque Cecap (ao lado cemit\u00e9rio). Assista \u00e0 entrevista e saiba tudo!<\/p>\n<p><iframe loading=\"lazy\" title=\"09\/12\/2025  Jornal do Meio-Dia\" width=\"500\" height=\"281\" src=\"https:\/\/www.youtube.com\/embed\/jggGg9eakjg?feature=oembed\" frameborder=\"0\" allow=\"accelerometer; autoplay; clipboard-write; encrypted-media; gyroscope; picture-in-picture; web-share\" referrerpolicy=\"strict-origin-when-cross-origin\" allowfullscreen><\/iframe><\/p>\n","protected":false},"excerpt":{"rendered":"<p>As equipes do Real Maloka FC\/Bastos e Red Bull F.C\/ Pracinha ir\u00e3o disputar a final de um dos principais eventos esportivos\u00a0da regi\u00e3o da Alta Paulista: a 6\u00aa Copa Regional Amizade Fam\u00edlia Miranda de Futebol M\u00e9dio de Adamantina. No Jornal do Meio Dia de ter\u00e7a-feira, Rafael dos Santos dias, t\u00e9cnico do Red Bull pracinha, t\u00e9cnico Bruno [&hellip;]<\/p>\n","protected":false},"author":15,"featured_media":108687,"comment_status":"closed","ping_status":"open","sticky":false,"template":"","format":"standard","meta":{"_acf_changed":false,"_exactmetrics_skip_tracking":false,"_exactmetrics_sitenote_active":false,"_exactmetrics_sitenote_note":"","_exactmetrics_sitenote_category":0,"footnotes":""},"categories":[1],"tags":[],"class_list":["post-108668","post","type-post","status-publish","format-standard","has-post-thumbnail","hentry","category-geral"],"acf":[],"yoast_head":"<!-- This site is optimized with the Yoast SEO plugin v27.2 - https:\/\/yoast.com\/product\/yoast-seo-wordpress\/ -->\n<title>Real Maloka FC\/Bastos e Red Bull FC\/Pracinha disputam o t\u00edtulo da Copa Amizade de Adamantina neste s\u00e1bado - R\u00e1dio Life FM<\/title>\n<meta name=\"robots\" content=\"index, follow, max-snippet:-1, max-image-preview:large, max-video-preview:-1\" \/>\n<link rel=\"canonical\" href=\"https:\/\/radiolifefm.com.br\/noticias\/real-maloka-fc-bastos-e-red-bull-fc-pracinha-disputam-o-titulo-da-copa-amizade-de-adamantina-neste-sabado\/\" \/>\n<meta property=\"og:locale\" content=\"pt_BR\" \/>\n<meta property=\"og:type\" content=\"article\" \/>\n<meta property=\"og:title\" content=\"Real Maloka FC\/Bastos e Red Bull FC\/Pracinha disputam o t\u00edtulo da Copa Amizade de Adamantina neste s\u00e1bado - R\u00e1dio Life FM\" \/>\n<meta property=\"og:description\" content=\"As equipes do Real Maloka FC\/Bastos e Red Bull F.C\/ Pracinha ir\u00e3o disputar a final de um dos principais eventos esportivos\u00a0da regi\u00e3o da Alta Paulista: a 6\u00aa Copa Regional Amizade Fam\u00edlia Miranda de Futebol M\u00e9dio de Adamantina. No Jornal do Meio Dia de ter\u00e7a-feira, Rafael dos Santos dias, t\u00e9cnico do Red Bull pracinha, t\u00e9cnico Bruno [&hellip;]\" \/>\n<meta property=\"og:url\" content=\"https:\/\/radiolifefm.com.br\/noticias\/real-maloka-fc-bastos-e-red-bull-fc-pracinha-disputam-o-titulo-da-copa-amizade-de-adamantina-neste-sabado\/\" \/>\n<meta property=\"og:site_name\" content=\"R\u00e1dio Life FM\" \/>\n<meta property=\"article:publisher\" content=\"https:\/\/www.facebook.com\/radiolifefm\/\" \/>\n<meta property=\"article:published_time\" content=\"2025-12-10T15:15:35+00:00\" \/>\n<meta property=\"article:modified_time\" content=\"2026-04-26T22:32:33+00:00\" \/>\n<meta property=\"og:image\" content=\"https:\/\/radiolifefm.com.br\/noticias\/wp-content\/uploads\/2025\/12\/WhatsApp-Image-2025-12-09-at-13.05.57.jpeg\" \/>\n\t<meta property=\"og:image:width\" content=\"1366\" \/>\n\t<meta property=\"og:image:height\" content=\"768\" \/>\n\t<meta property=\"og:image:type\" content=\"image\/jpeg\" \/>\n<meta name=\"author\" content=\"J\u00e9ssica Nakadaira\" \/>\n<meta name=\"twitter:card\" content=\"summary_large_image\" \/>\n<meta name=\"twitter:label1\" content=\"Escrito por\" \/>\n\t<meta name=\"twitter:data1\" content=\"J\u00e9ssica Nakadaira\" \/>\n\t<meta name=\"twitter:label2\" content=\"Est. tempo de leitura\" \/>\n\t<meta name=\"twitter:data2\" content=\"2 minutos\" \/>\n<script type=\"application\/ld+json\" class=\"yoast-schema-graph\">{\"@context\":\"https:\/\/schema.org\",\"@graph\":[{\"@type\":\"Article\",\"@id\":\"https:\/\/radiolifefm.com.br\/noticias\/real-maloka-fc-bastos-e-red-bull-fc-pracinha-disputam-o-titulo-da-copa-amizade-de-adamantina-neste-sabado\/#article\",\"isPartOf\":{\"@id\":\"https:\/\/radiolifefm.com.br\/noticias\/real-maloka-fc-bastos-e-red-bull-fc-pracinha-disputam-o-titulo-da-copa-amizade-de-adamantina-neste-sabado\/\"},\"author\":{\"name\":\"J\u00e9ssica Nakadaira\",\"@id\":\"https:\/\/radiolifefm.com.br\/noticias\/#\/schema\/person\/4af6fff3068bd0b8dfd1ed7704759f26\"},\"headline\":\"Real Maloka FC\/Bastos e Red Bull FC\/Pracinha disputam o t\u00edtulo da Copa Amizade de Adamantina neste s\u00e1bado\",\"datePublished\":\"2025-12-10T15:15:35+00:00\",\"dateModified\":\"2026-04-26T22:32:33+00:00\",\"mainEntityOfPage\":{\"@id\":\"https:\/\/radiolifefm.com.br\/noticias\/real-maloka-fc-bastos-e-red-bull-fc-pracinha-disputam-o-titulo-da-copa-amizade-de-adamantina-neste-sabado\/\"},\"wordCount\":152,\"publisher\":{\"@id\":\"https:\/\/radiolifefm.com.br\/noticias\/#organization\"},\"image\":{\"@id\":\"https:\/\/radiolifefm.com.br\/noticias\/real-maloka-fc-bastos-e-red-bull-fc-pracinha-disputam-o-titulo-da-copa-amizade-de-adamantina-neste-sabado\/#primaryimage\"},\"thumbnailUrl\":\"https:\/\/radiolifefm.com.br\/noticias\/wp-content\/uploads\/2025\/12\/WhatsApp-Image-2025-12-09-at-13.05.57.jpeg\",\"articleSection\":[\"Geral\"],\"inLanguage\":\"pt-BR\"},{\"@type\":\"WebPage\",\"@id\":\"https:\/\/radiolifefm.com.br\/noticias\/real-maloka-fc-bastos-e-red-bull-fc-pracinha-disputam-o-titulo-da-copa-amizade-de-adamantina-neste-sabado\/\",\"url\":\"https:\/\/radiolifefm.com.br\/noticias\/real-maloka-fc-bastos-e-red-bull-fc-pracinha-disputam-o-titulo-da-copa-amizade-de-adamantina-neste-sabado\/\",\"name\":\"Real Maloka FC\/Bastos e Red Bull FC\/Pracinha disputam o t\u00edtulo da Copa Amizade de Adamantina neste s\u00e1bado - R\u00e1dio Life FM\",\"isPartOf\":{\"@id\":\"https:\/\/radiolifefm.com.br\/noticias\/#website\"},\"primaryImageOfPage\":{\"@id\":\"https:\/\/radiolifefm.com.br\/noticias\/real-maloka-fc-bastos-e-red-bull-fc-pracinha-disputam-o-titulo-da-copa-amizade-de-adamantina-neste-sabado\/#primaryimage\"},\"image\":{\"@id\":\"https:\/\/radiolifefm.com.br\/noticias\/real-maloka-fc-bastos-e-red-bull-fc-pracinha-disputam-o-titulo-da-copa-amizade-de-adamantina-neste-sabado\/#primaryimage\"},\"thumbnailUrl\":\"https:\/\/radiolifefm.com.br\/noticias\/wp-content\/uploads\/2025\/12\/WhatsApp-Image-2025-12-09-at-13.05.57.jpeg\",\"datePublished\":\"2025-12-10T15:15:35+00:00\",\"dateModified\":\"2026-04-26T22:32:33+00:00\",\"breadcrumb\":{\"@id\":\"https:\/\/radiolifefm.com.br\/noticias\/real-maloka-fc-bastos-e-red-bull-fc-pracinha-disputam-o-titulo-da-copa-amizade-de-adamantina-neste-sabado\/#breadcrumb\"},\"inLanguage\":\"pt-BR\",\"potentialAction\":[{\"@type\":\"ReadAction\",\"target\":[\"https:\/\/radiolifefm.com.br\/noticias\/real-maloka-fc-bastos-e-red-bull-fc-pracinha-disputam-o-titulo-da-copa-amizade-de-adamantina-neste-sabado\/\"]}]},{\"@type\":\"ImageObject\",\"inLanguage\":\"pt-BR\",\"@id\":\"https:\/\/radiolifefm.com.br\/noticias\/real-maloka-fc-bastos-e-red-bull-fc-pracinha-disputam-o-titulo-da-copa-amizade-de-adamantina-neste-sabado\/#primaryimage\",\"url\":\"https:\/\/radiolifefm.com.br\/noticias\/wp-content\/uploads\/2025\/12\/WhatsApp-Image-2025-12-09-at-13.05.57.jpeg\",\"contentUrl\":\"https:\/\/radiolifefm.com.br\/noticias\/wp-content\/uploads\/2025\/12\/WhatsApp-Image-2025-12-09-at-13.05.57.jpeg\",\"width\":1366,\"height\":768},{\"@type\":\"BreadcrumbList\",\"@id\":\"https:\/\/radiolifefm.com.br\/noticias\/real-maloka-fc-bastos-e-red-bull-fc-pracinha-disputam-o-titulo-da-copa-amizade-de-adamantina-neste-sabado\/#breadcrumb\",\"itemListElement\":[{\"@type\":\"ListItem\",\"position\":1,\"name\":\"In\u00edcio\",\"item\":\"https:\/\/radiolifefm.com.br\/noticias\/\"},{\"@type\":\"ListItem\",\"position\":2,\"name\":\"Real Maloka FC\/Bastos e Red Bull FC\/Pracinha disputam o t\u00edtulo da Copa Amizade de Adamantina neste s\u00e1bado\"}]},{\"@type\":\"WebSite\",\"@id\":\"https:\/\/radiolifefm.com.br\/noticias\/#website\",\"url\":\"https:\/\/radiolifefm.com.br\/noticias\/\",\"name\":\"R\u00e1dio Life FM\",\"description\":\"O Portal de Not\u00edcias de Adamantina\",\"publisher\":{\"@id\":\"https:\/\/radiolifefm.com.br\/noticias\/#organization\"},\"alternateName\":\"Life FM\",\"potentialAction\":[{\"@type\":\"SearchAction\",\"target\":{\"@type\":\"EntryPoint\",\"urlTemplate\":\"https:\/\/radiolifefm.com.br\/noticias\/?s={search_term_string}\"},\"query-input\":{\"@type\":\"PropertyValueSpecification\",\"valueRequired\":true,\"valueName\":\"search_term_string\"}}],\"inLanguage\":\"pt-BR\"},{\"@type\":\"Organization\",\"@id\":\"https:\/\/radiolifefm.com.br\/noticias\/#organization\",\"name\":\"R\u00e1dio Life FM\",\"alternateName\":\"Life FM\",\"url\":\"https:\/\/radiolifefm.com.br\/noticias\/\",\"logo\":{\"@type\":\"ImageObject\",\"inLanguage\":\"pt-BR\",\"@id\":\"https:\/\/radiolifefm.com.br\/noticias\/#\/schema\/logo\/image\/\",\"url\":\"https:\/\/static.radiolifefm.com.br\/noticias\/wp-content\/uploads\/2019\/10\/logo-lifefm.png\",\"contentUrl\":\"https:\/\/static.radiolifefm.com.br\/noticias\/wp-content\/uploads\/2019\/10\/logo-lifefm.png\",\"width\":196,\"height\":47,\"caption\":\"R\u00e1dio Life FM\"},\"image\":{\"@id\":\"https:\/\/radiolifefm.com.br\/noticias\/#\/schema\/logo\/image\/\"},\"sameAs\":[\"https:\/\/www.facebook.com\/radiolifefm\/\",\"https:\/\/www.instagram.com\/life1079fm\/\"]},{\"@type\":\"Person\",\"@id\":\"https:\/\/radiolifefm.com.br\/noticias\/#\/schema\/person\/4af6fff3068bd0b8dfd1ed7704759f26\",\"name\":\"J\u00e9ssica Nakadaira\",\"image\":{\"@type\":\"ImageObject\",\"inLanguage\":\"pt-BR\",\"@id\":\"https:\/\/secure.gravatar.com\/avatar\/8a68115ef30ace340d64293ad9830cfc0a2137ae5a0378e0239504221ef693f5?s=96&d=mm&r=g\",\"url\":\"https:\/\/secure.gravatar.com\/avatar\/8a68115ef30ace340d64293ad9830cfc0a2137ae5a0378e0239504221ef693f5?s=96&d=mm&r=g\",\"contentUrl\":\"https:\/\/secure.gravatar.com\/avatar\/8a68115ef30ace340d64293ad9830cfc0a2137ae5a0378e0239504221ef693f5?s=96&d=mm&r=g\",\"caption\":\"J\u00e9ssica Nakadaira\"}}]}<\/script>\n<!-- \/ Yoast SEO plugin. -->","yoast_head_json":{"title":"Real Maloka FC\/Bastos e Red Bull FC\/Pracinha disputam o t\u00edtulo da Copa Amizade de Adamantina neste s\u00e1bado - R\u00e1dio Life FM","robots":{"index":"index","follow":"follow","max-snippet":"max-snippet:-1","max-image-preview":"max-image-preview:large","max-video-preview":"max-video-preview:-1"},"canonical":"https:\/\/radiolifefm.com.br\/noticias\/real-maloka-fc-bastos-e-red-bull-fc-pracinha-disputam-o-titulo-da-copa-amizade-de-adamantina-neste-sabado\/","og_locale":"pt_BR","og_type":"article","og_title":"Real Maloka FC\/Bastos e Red Bull FC\/Pracinha disputam o t\u00edtulo da Copa Amizade de Adamantina neste s\u00e1bado - R\u00e1dio Life FM","og_description":"As equipes do Real Maloka FC\/Bastos e Red Bull F.C\/ Pracinha ir\u00e3o disputar a final de um dos principais eventos esportivos\u00a0da regi\u00e3o da Alta Paulista: a 6\u00aa Copa Regional Amizade Fam\u00edlia Miranda de Futebol M\u00e9dio de Adamantina. No Jornal do Meio Dia de ter\u00e7a-feira, Rafael dos Santos dias, t\u00e9cnico do Red Bull pracinha, t\u00e9cnico Bruno [&hellip;]","og_url":"https:\/\/radiolifefm.com.br\/noticias\/real-maloka-fc-bastos-e-red-bull-fc-pracinha-disputam-o-titulo-da-copa-amizade-de-adamantina-neste-sabado\/","og_site_name":"R\u00e1dio Life FM","article_publisher":"https:\/\/www.facebook.com\/radiolifefm\/","article_published_time":"2025-12-10T15:15:35+00:00","article_modified_time":"2026-04-26T22:32:33+00:00","og_image":[{"width":1366,"height":768,"url":"https:\/\/radiolifefm.com.br\/noticias\/wp-content\/uploads\/2025\/12\/WhatsApp-Image-2025-12-09-at-13.05.57.jpeg","type":"image\/jpeg"}],"author":"J\u00e9ssica Nakadaira","twitter_card":"summary_large_image","twitter_misc":{"Escrito por":"J\u00e9ssica Nakadaira","Est. tempo de leitura":"2 minutos"},"schema":{"@context":"https:\/\/schema.org","@graph":[{"@type":"Article","@id":"https:\/\/radiolifefm.com.br\/noticias\/real-maloka-fc-bastos-e-red-bull-fc-pracinha-disputam-o-titulo-da-copa-amizade-de-adamantina-neste-sabado\/#article","isPartOf":{"@id":"https:\/\/radiolifefm.com.br\/noticias\/real-maloka-fc-bastos-e-red-bull-fc-pracinha-disputam-o-titulo-da-copa-amizade-de-adamantina-neste-sabado\/"},"author":{"name":"J\u00e9ssica Nakadaira","@id":"https:\/\/radiolifefm.com.br\/noticias\/#\/schema\/person\/4af6fff3068bd0b8dfd1ed7704759f26"},"headline":"Real Maloka FC\/Bastos e Red Bull FC\/Pracinha disputam o t\u00edtulo da Copa Amizade de Adamantina neste s\u00e1bado","datePublished":"2025-12-10T15:15:35+00:00","dateModified":"2026-04-26T22:32:33+00:00","mainEntityOfPage":{"@id":"https:\/\/radiolifefm.com.br\/noticias\/real-maloka-fc-bastos-e-red-bull-fc-pracinha-disputam-o-titulo-da-copa-amizade-de-adamantina-neste-sabado\/"},"wordCount":152,"publisher":{"@id":"https:\/\/radiolifefm.com.br\/noticias\/#organization"},"image":{"@id":"https:\/\/radiolifefm.com.br\/noticias\/real-maloka-fc-bastos-e-red-bull-fc-pracinha-disputam-o-titulo-da-copa-amizade-de-adamantina-neste-sabado\/#primaryimage"},"thumbnailUrl":"https:\/\/radiolifefm.com.br\/noticias\/wp-content\/uploads\/2025\/12\/WhatsApp-Image-2025-12-09-at-13.05.57.jpeg","articleSection":["Geral"],"inLanguage":"pt-BR"},{"@type":"WebPage","@id":"https:\/\/radiolifefm.com.br\/noticias\/real-maloka-fc-bastos-e-red-bull-fc-pracinha-disputam-o-titulo-da-copa-amizade-de-adamantina-neste-sabado\/","url":"https:\/\/radiolifefm.com.br\/noticias\/real-maloka-fc-bastos-e-red-bull-fc-pracinha-disputam-o-titulo-da-copa-amizade-de-adamantina-neste-sabado\/","name":"Real Maloka FC\/Bastos e Red Bull FC\/Pracinha disputam o t\u00edtulo da Copa Amizade de Adamantina neste s\u00e1bado - R\u00e1dio Life FM","isPartOf":{"@id":"https:\/\/radiolifefm.com.br\/noticias\/#website"},"primaryImageOfPage":{"@id":"https:\/\/radiolifefm.com.br\/noticias\/real-maloka-fc-bastos-e-red-bull-fc-pracinha-disputam-o-titulo-da-copa-amizade-de-adamantina-neste-sabado\/#primaryimage"},"image":{"@id":"https:\/\/radiolifefm.com.br\/noticias\/real-maloka-fc-bastos-e-red-bull-fc-pracinha-disputam-o-titulo-da-copa-amizade-de-adamantina-neste-sabado\/#primaryimage"},"thumbnailUrl":"https:\/\/radiolifefm.com.br\/noticias\/wp-content\/uploads\/2025\/12\/WhatsApp-Image-2025-12-09-at-13.05.57.jpeg","datePublished":"2025-12-10T15:15:35+00:00","dateModified":"2026-04-26T22:32:33+00:00","breadcrumb":{"@id":"https:\/\/radiolifefm.com.br\/noticias\/real-maloka-fc-bastos-e-red-bull-fc-pracinha-disputam-o-titulo-da-copa-amizade-de-adamantina-neste-sabado\/#breadcrumb"},"inLanguage":"pt-BR","potentialAction":[{"@type":"ReadAction","target":["https:\/\/radiolifefm.com.br\/noticias\/real-maloka-fc-bastos-e-red-bull-fc-pracinha-disputam-o-titulo-da-copa-amizade-de-adamantina-neste-sabado\/"]}]},{"@type":"ImageObject","inLanguage":"pt-BR","@id":"https:\/\/radiolifefm.com.br\/noticias\/real-maloka-fc-bastos-e-red-bull-fc-pracinha-disputam-o-titulo-da-copa-amizade-de-adamantina-neste-sabado\/#primaryimage","url":"https:\/\/radiolifefm.com.br\/noticias\/wp-content\/uploads\/2025\/12\/WhatsApp-Image-2025-12-09-at-13.05.57.jpeg","contentUrl":"https:\/\/radiolifefm.com.br\/noticias\/wp-content\/uploads\/2025\/12\/WhatsApp-Image-2025-12-09-at-13.05.57.jpeg","width":1366,"height":768},{"@type":"BreadcrumbList","@id":"https:\/\/radiolifefm.com.br\/noticias\/real-maloka-fc-bastos-e-red-bull-fc-pracinha-disputam-o-titulo-da-copa-amizade-de-adamantina-neste-sabado\/#breadcrumb","itemListElement":[{"@type":"ListItem","position":1,"name":"In\u00edcio","item":"https:\/\/radiolifefm.com.br\/noticias\/"},{"@type":"ListItem","position":2,"name":"Real Maloka FC\/Bastos e Red Bull FC\/Pracinha disputam o t\u00edtulo da Copa Amizade de Adamantina neste s\u00e1bado"}]},{"@type":"WebSite","@id":"https:\/\/radiolifefm.com.br\/noticias\/#website","url":"https:\/\/radiolifefm.com.br\/noticias\/","name":"R\u00e1dio Life FM","description":"O Portal de Not\u00edcias de Adamantina","publisher":{"@id":"https:\/\/radiolifefm.com.br\/noticias\/#organization"},"alternateName":"Life FM","potentialAction":[{"@type":"SearchAction","target":{"@type":"EntryPoint","urlTemplate":"https:\/\/radiolifefm.com.br\/noticias\/?s={search_term_string}"},"query-input":{"@type":"PropertyValueSpecification","valueRequired":true,"valueName":"search_term_string"}}],"inLanguage":"pt-BR"},{"@type":"Organization","@id":"https:\/\/radiolifefm.com.br\/noticias\/#organization","name":"R\u00e1dio Life FM","alternateName":"Life FM","url":"https:\/\/radiolifefm.com.br\/noticias\/","logo":{"@type":"ImageObject","inLanguage":"pt-BR","@id":"https:\/\/radiolifefm.com.br\/noticias\/#\/schema\/logo\/image\/","url":"https:\/\/static.radiolifefm.com.br\/noticias\/wp-content\/uploads\/2019\/10\/logo-lifefm.png","contentUrl":"https:\/\/static.radiolifefm.com.br\/noticias\/wp-content\/uploads\/2019\/10\/logo-lifefm.png","width":196,"height":47,"caption":"R\u00e1dio Life FM"},"image":{"@id":"https:\/\/radiolifefm.com.br\/noticias\/#\/schema\/logo\/image\/"},"sameAs":["https:\/\/www.facebook.com\/radiolifefm\/","https:\/\/www.instagram.com\/life1079fm\/"]},{"@type":"Person","@id":"https:\/\/radiolifefm.com.br\/noticias\/#\/schema\/person\/4af6fff3068bd0b8dfd1ed7704759f26","name":"J\u00e9ssica Nakadaira","image":{"@type":"ImageObject","inLanguage":"pt-BR","@id":"https:\/\/secure.gravatar.com\/avatar\/8a68115ef30ace340d64293ad9830cfc0a2137ae5a0378e0239504221ef693f5?s=96&d=mm&r=g","url":"https:\/\/secure.gravatar.com\/avatar\/8a68115ef30ace340d64293ad9830cfc0a2137ae5a0378e0239504221ef693f5?s=96&d=mm&r=g","contentUrl":"https:\/\/secure.gravatar.com\/avatar\/8a68115ef30ace340d64293ad9830cfc0a2137ae5a0378e0239504221ef693f5?s=96&d=mm&r=g","caption":"J\u00e9ssica Nakadaira"}}]}},"amp_enabled":true,"_links":{"self":[{"href":"https:\/\/radiolifefm.com.br\/noticias\/wp-json\/wp\/v2\/posts\/108668","targetHints":{"allow":["GET"]}}],"collection":[{"href":"https:\/\/radiolifefm.com.br\/noticias\/wp-json\/wp\/v2\/posts"}],"about":[{"href":"https:\/\/radiolifefm.com.br\/noticias\/wp-json\/wp\/v2\/types\/post"}],"author":[{"embeddable":true,"href":"https:\/\/radiolifefm.com.br\/noticias\/wp-json\/wp\/v2\/users\/15"}],"replies":[{"embeddable":true,"href":"https:\/\/radiolifefm.com.br\/noticias\/wp-json\/wp\/v2\/comments?post=108668"}],"version-history":[{"count":2,"href":"https:\/\/radiolifefm.com.br\/noticias\/wp-json\/wp\/v2\/posts\/108668\/revisions"}],"predecessor-version":[{"id":108688,"href":"https:\/\/radiolifefm.com.br\/noticias\/wp-json\/wp\/v2\/posts\/108668\/revisions\/108688"}],"wp:featuredmedia":[{"embeddable":true,"href":"https:\/\/radiolifefm.com.br\/noticias\/wp-json\/wp\/v2\/media\/108687"}],"wp:attachment":[{"href":"https:\/\/radiolifefm.com.br\/noticias\/wp-json\/wp\/v2\/media?parent=108668"}],"wp:term":[{"taxonomy":"category","embeddable":true,"href":"https:\/\/radiolifefm.com.br\/noticias\/wp-json\/wp\/v2\/categories?post=108668"},{"taxonomy":"post_tag","embeddable":true,"href":"https:\/\/radiolifefm.com.br\/noticias\/wp-json\/wp\/v2\/tags?post=108668"}],"curies":[{"name":"wp","href":"https:\/\/api.w.org\/{rel}","templated":true}]}}