{"id":108657,"date":"2025-12-08T12:01:46","date_gmt":"2025-12-08T15:01:46","guid":{"rendered":"https:\/\/radiolifefm.com.br\/noticias\/?p=108657"},"modified":"2025-12-09T11:16:25","modified_gmt":"2025-12-09T14:16:25","slug":"farinhas-do-mesmo-saco-na-politicagem-provinciana","status":"publish","type":"post","link":"https:\/\/radiolifefm.com.br\/noticias\/farinhas-do-mesmo-saco-na-politicagem-provinciana\/","title":{"rendered":"\u201cFarinhas do mesmo saco\u201d na politicagem provinciana&#8230;"},"content":{"rendered":"<div id=\"fb-root\"><\/div>\n<p>&nbsp;<\/p>\n<p><em>&#8220;Morrer \u00e9 a curva da estrada, morrer \u00e9 s\u00f3 n\u00e3o ser visto.&#8221; (Fernando Pessoa)<\/em><\/p>\n<p><strong><em>seb@r.<\/em><\/strong><\/p>\n<p>Nestas \u00faltimas semanas, a m\u00eddia impressa provinciana vem dando destaque aqui e ali para aquela turma de sempre, ou seja, os politiqueiros de plant\u00e3o que teimam em querer comentar ou at\u00e9 mesmo, destacar aspectos deste ou daquele gestor p\u00fablico&#8230;<\/p>\n<p>O que se pode escrever neste contexto mais do que provinciano est\u00e1 direcionado naquela frase que algu\u00e9m disse em algum lugar, a saber; &#8220;\u00e9 o sujo falando do mal lavado&#8221;, portanto, cada qual tem mais que se colocar no lugarzinho comum e ficar sem mais e sem menos&#8230;<\/p>\n<p>Por\u00e9m, tamb\u00e9m, de um jeito ou de outro, essa turma do outro lado do poder, ou seja, aqueles que perderam o rumo na \u00faltima elei\u00e7\u00e3o, tendo em vista que apostaram alto e ficaram &#8220;a ver navios&#8221;, teimam em querer aparecer como aqueles que podem &#8220;salvar a Prov\u00edncia&#8221;, entretanto, pensam que enganam todos ao mesmo tempo sem o tempo do tempo&#8230;<\/p>\n<p>Mesmo assim, como escrevi em outro artigo, o poder econ\u00f4mico pode fazer a diferen\u00e7a em todas as \u00e1reas, assim, essa turma pode investir tudo e mais alguma coisa em benef\u00edcio dos seus interesses em terras provincianas&#8230;<\/p>\n<p>Mas, nem tudo est\u00e1 perdido neste cen\u00e1rio pr\u00f3ximo do fim para a maioria dos provincianos, haja vista que pode surgir do nada em meio ao tudo ou do tudo em meio ao nada, uma outra op\u00e7\u00e3o para isto e mais aquilo&#8230;<\/p>\n<p>O que n\u00e3o pode ocorrer de maneira alguma \u00e9 a volta dos fantasmas do outro tempo, aqueles que ainda est\u00e3o rastejando aqui ou ali nesta \u201cProv\u00edncia do faz de conta\u201d, todavia, pode-se projetar que at\u00e9 as tais escolhas destes \u201cpersonagens\u201d \u00a0para o \u201cfuturo\u201d que pode estar no \u201cpassado\u201d&#8230;<\/p>\n<p>Existem muitos fantasmas que perambulam pelos quatro cantos provincianos, uns mais e outros menos, mesmo assim, faz-se necess\u00e1rio estar em &#8220;estado de alerta&#8221; contra os mesmos, pois, eles e elas, utilizam da mesmice de sempre para venderem &#8220;o seu peixe&#8221;, na maioria das vezes, o produto est\u00e1 vencido ou estragado&#8230;<\/p>\n<p>Em tempo de mudan\u00e7as para todos os lados de um mesmo lado, cada qual quer defender o seu &#8220;quinh\u00e3o&#8221;, pois, mesmo com tantos problemas que o novo gestor do executivo vai enfrentar a partir do pr\u00f3ximo ano, existem diversos interessados em ocupar o &#8220;trono&#8221; do quinto andar do Pa\u00e7o provinciano&#8230;<\/p>\n<p>Ainda, PERDERAM MAN\u00c9S!<\/p>\n<p>Tamb\u00e9m, QUEM SOBREVIVER VAI SABER&#8230;<\/p>\n<p>&nbsp;<\/p>\n<p><strong>e-mail: <\/strong><a href=\"mailto:barbosa.sebar@gmail.com\"><strong>barbosa.sebar@gmail.com<\/strong><\/a><\/p>\n<p>&nbsp;<\/p>\n<p>&nbsp;<\/p>\n","protected":false},"excerpt":{"rendered":"<p>&nbsp; &#8220;Morrer \u00e9 a curva da estrada, morrer \u00e9 s\u00f3 n\u00e3o ser visto.&#8221; (Fernando Pessoa) seb@r. Nestas \u00faltimas semanas, a m\u00eddia impressa provinciana vem dando destaque aqui e ali para aquela turma de sempre, ou seja, os politiqueiros de plant\u00e3o que teimam em querer comentar ou at\u00e9 mesmo, destacar aspectos deste ou daquele gestor p\u00fablico&#8230; [&hellip;]<\/p>\n","protected":false},"author":8,"featured_media":108115,"comment_status":"closed","ping_status":"open","sticky":false,"template":"","format":"standard","meta":{"_acf_changed":false,"_exactmetrics_skip_tracking":false,"_exactmetrics_sitenote_active":false,"_exactmetrics_sitenote_note":"","_exactmetrics_sitenote_category":0,"footnotes":""},"categories":[1],"tags":[],"class_list":["post-108657","post","type-post","status-publish","format-standard","has-post-thumbnail","hentry","category-geral"],"acf":[],"yoast_head":"<!-- This site is optimized with the Yoast SEO plugin v27.2 - https:\/\/yoast.com\/product\/yoast-seo-wordpress\/ -->\n<title>\u201cFarinhas do mesmo saco\u201d na politicagem provinciana... - R\u00e1dio Life FM<\/title>\n<meta name=\"robots\" content=\"index, follow, max-snippet:-1, max-image-preview:large, max-video-preview:-1\" \/>\n<link rel=\"canonical\" href=\"https:\/\/radiolifefm.com.br\/noticias\/farinhas-do-mesmo-saco-na-politicagem-provinciana\/\" \/>\n<meta property=\"og:locale\" content=\"pt_BR\" \/>\n<meta property=\"og:type\" content=\"article\" \/>\n<meta property=\"og:title\" content=\"\u201cFarinhas do mesmo saco\u201d na politicagem provinciana... - R\u00e1dio Life FM\" \/>\n<meta property=\"og:description\" content=\"&nbsp; &#8220;Morrer \u00e9 a curva da estrada, morrer \u00e9 s\u00f3 n\u00e3o ser visto.&#8221; (Fernando Pessoa) seb@r. Nestas \u00faltimas semanas, a m\u00eddia impressa provinciana vem dando destaque aqui e ali para aquela turma de sempre, ou seja, os politiqueiros de plant\u00e3o que teimam em querer comentar ou at\u00e9 mesmo, destacar aspectos deste ou daquele gestor p\u00fablico&#8230; [&hellip;]\" \/>\n<meta property=\"og:url\" content=\"https:\/\/radiolifefm.com.br\/noticias\/farinhas-do-mesmo-saco-na-politicagem-provinciana\/\" \/>\n<meta property=\"og:site_name\" content=\"R\u00e1dio Life FM\" \/>\n<meta property=\"article:publisher\" content=\"https:\/\/www.facebook.com\/radiolifefm\/\" \/>\n<meta property=\"article:published_time\" content=\"2025-12-08T15:01:46+00:00\" \/>\n<meta property=\"article:modified_time\" content=\"2025-12-09T14:16:25+00:00\" \/>\n<meta property=\"og:image\" content=\"https:\/\/radiolifefm.com.br\/noticias\/wp-content\/uploads\/2025\/11\/WhatsApp-Image-2022-04-10-at-18.43.02-1-1.jpeg\" \/>\n\t<meta property=\"og:image:width\" content=\"972\" \/>\n\t<meta property=\"og:image:height\" content=\"1296\" \/>\n\t<meta property=\"og:image:type\" content=\"image\/jpeg\" \/>\n<meta name=\"author\" content=\"joaograndao\" \/>\n<meta name=\"twitter:card\" content=\"summary_large_image\" \/>\n<meta name=\"twitter:label1\" content=\"Escrito por\" \/>\n\t<meta name=\"twitter:data1\" content=\"joaograndao\" \/>\n\t<meta name=\"twitter:label2\" content=\"Est. tempo de leitura\" \/>\n\t<meta name=\"twitter:data2\" content=\"3 minutos\" \/>\n<script type=\"application\/ld+json\" class=\"yoast-schema-graph\">{\"@context\":\"https:\/\/schema.org\",\"@graph\":[{\"@type\":\"Article\",\"@id\":\"https:\/\/radiolifefm.com.br\/noticias\/farinhas-do-mesmo-saco-na-politicagem-provinciana\/#article\",\"isPartOf\":{\"@id\":\"https:\/\/radiolifefm.com.br\/noticias\/farinhas-do-mesmo-saco-na-politicagem-provinciana\/\"},\"author\":{\"name\":\"joaograndao\",\"@id\":\"https:\/\/radiolifefm.com.br\/noticias\/#\/schema\/person\/6876e1240feffe6e1b63fd5cb85abf28\"},\"headline\":\"\u201cFarinhas do mesmo saco\u201d na politicagem provinciana&#8230;\",\"datePublished\":\"2025-12-08T15:01:46+00:00\",\"dateModified\":\"2025-12-09T14:16:25+00:00\",\"mainEntityOfPage\":{\"@id\":\"https:\/\/radiolifefm.com.br\/noticias\/farinhas-do-mesmo-saco-na-politicagem-provinciana\/\"},\"wordCount\":433,\"publisher\":{\"@id\":\"https:\/\/radiolifefm.com.br\/noticias\/#organization\"},\"image\":{\"@id\":\"https:\/\/radiolifefm.com.br\/noticias\/farinhas-do-mesmo-saco-na-politicagem-provinciana\/#primaryimage\"},\"thumbnailUrl\":\"https:\/\/radiolifefm.com.br\/noticias\/wp-content\/uploads\/2025\/11\/WhatsApp-Image-2022-04-10-at-18.43.02-1-1.jpeg\",\"articleSection\":[\"Geral\"],\"inLanguage\":\"pt-BR\"},{\"@type\":\"WebPage\",\"@id\":\"https:\/\/radiolifefm.com.br\/noticias\/farinhas-do-mesmo-saco-na-politicagem-provinciana\/\",\"url\":\"https:\/\/radiolifefm.com.br\/noticias\/farinhas-do-mesmo-saco-na-politicagem-provinciana\/\",\"name\":\"\u201cFarinhas do mesmo saco\u201d na politicagem provinciana... - R\u00e1dio Life FM\",\"isPartOf\":{\"@id\":\"https:\/\/radiolifefm.com.br\/noticias\/#website\"},\"primaryImageOfPage\":{\"@id\":\"https:\/\/radiolifefm.com.br\/noticias\/farinhas-do-mesmo-saco-na-politicagem-provinciana\/#primaryimage\"},\"image\":{\"@id\":\"https:\/\/radiolifefm.com.br\/noticias\/farinhas-do-mesmo-saco-na-politicagem-provinciana\/#primaryimage\"},\"thumbnailUrl\":\"https:\/\/radiolifefm.com.br\/noticias\/wp-content\/uploads\/2025\/11\/WhatsApp-Image-2022-04-10-at-18.43.02-1-1.jpeg\",\"datePublished\":\"2025-12-08T15:01:46+00:00\",\"dateModified\":\"2025-12-09T14:16:25+00:00\",\"breadcrumb\":{\"@id\":\"https:\/\/radiolifefm.com.br\/noticias\/farinhas-do-mesmo-saco-na-politicagem-provinciana\/#breadcrumb\"},\"inLanguage\":\"pt-BR\",\"potentialAction\":[{\"@type\":\"ReadAction\",\"target\":[\"https:\/\/radiolifefm.com.br\/noticias\/farinhas-do-mesmo-saco-na-politicagem-provinciana\/\"]}]},{\"@type\":\"ImageObject\",\"inLanguage\":\"pt-BR\",\"@id\":\"https:\/\/radiolifefm.com.br\/noticias\/farinhas-do-mesmo-saco-na-politicagem-provinciana\/#primaryimage\",\"url\":\"https:\/\/radiolifefm.com.br\/noticias\/wp-content\/uploads\/2025\/11\/WhatsApp-Image-2022-04-10-at-18.43.02-1-1.jpeg\",\"contentUrl\":\"https:\/\/radiolifefm.com.br\/noticias\/wp-content\/uploads\/2025\/11\/WhatsApp-Image-2022-04-10-at-18.43.02-1-1.jpeg\",\"width\":972,\"height\":1296},{\"@type\":\"BreadcrumbList\",\"@id\":\"https:\/\/radiolifefm.com.br\/noticias\/farinhas-do-mesmo-saco-na-politicagem-provinciana\/#breadcrumb\",\"itemListElement\":[{\"@type\":\"ListItem\",\"position\":1,\"name\":\"In\u00edcio\",\"item\":\"https:\/\/radiolifefm.com.br\/noticias\/\"},{\"@type\":\"ListItem\",\"position\":2,\"name\":\"\u201cFarinhas do mesmo saco\u201d na politicagem provinciana&#8230;\"}]},{\"@type\":\"WebSite\",\"@id\":\"https:\/\/radiolifefm.com.br\/noticias\/#website\",\"url\":\"https:\/\/radiolifefm.com.br\/noticias\/\",\"name\":\"R\u00e1dio Life FM\",\"description\":\"O Portal de Not\u00edcias de Adamantina\",\"publisher\":{\"@id\":\"https:\/\/radiolifefm.com.br\/noticias\/#organization\"},\"alternateName\":\"Life FM\",\"potentialAction\":[{\"@type\":\"SearchAction\",\"target\":{\"@type\":\"EntryPoint\",\"urlTemplate\":\"https:\/\/radiolifefm.com.br\/noticias\/?s={search_term_string}\"},\"query-input\":{\"@type\":\"PropertyValueSpecification\",\"valueRequired\":true,\"valueName\":\"search_term_string\"}}],\"inLanguage\":\"pt-BR\"},{\"@type\":\"Organization\",\"@id\":\"https:\/\/radiolifefm.com.br\/noticias\/#organization\",\"name\":\"R\u00e1dio Life FM\",\"alternateName\":\"Life FM\",\"url\":\"https:\/\/radiolifefm.com.br\/noticias\/\",\"logo\":{\"@type\":\"ImageObject\",\"inLanguage\":\"pt-BR\",\"@id\":\"https:\/\/radiolifefm.com.br\/noticias\/#\/schema\/logo\/image\/\",\"url\":\"https:\/\/static.radiolifefm.com.br\/noticias\/wp-content\/uploads\/2019\/10\/logo-lifefm.png\",\"contentUrl\":\"https:\/\/static.radiolifefm.com.br\/noticias\/wp-content\/uploads\/2019\/10\/logo-lifefm.png\",\"width\":196,\"height\":47,\"caption\":\"R\u00e1dio Life FM\"},\"image\":{\"@id\":\"https:\/\/radiolifefm.com.br\/noticias\/#\/schema\/logo\/image\/\"},\"sameAs\":[\"https:\/\/www.facebook.com\/radiolifefm\/\",\"https:\/\/www.instagram.com\/life1079fm\/\"]},{\"@type\":\"Person\",\"@id\":\"https:\/\/radiolifefm.com.br\/noticias\/#\/schema\/person\/6876e1240feffe6e1b63fd5cb85abf28\",\"name\":\"joaograndao\",\"image\":{\"@type\":\"ImageObject\",\"inLanguage\":\"pt-BR\",\"@id\":\"https:\/\/secure.gravatar.com\/avatar\/d5b1a3cf357ed9c50404e256a1294083aa8ab5d2a994001567302786016cb32c?s=96&d=mm&r=g\",\"url\":\"https:\/\/secure.gravatar.com\/avatar\/d5b1a3cf357ed9c50404e256a1294083aa8ab5d2a994001567302786016cb32c?s=96&d=mm&r=g\",\"contentUrl\":\"https:\/\/secure.gravatar.com\/avatar\/d5b1a3cf357ed9c50404e256a1294083aa8ab5d2a994001567302786016cb32c?s=96&d=mm&r=g\",\"caption\":\"joaograndao\"}}]}<\/script>\n<!-- \/ Yoast SEO plugin. -->","yoast_head_json":{"title":"\u201cFarinhas do mesmo saco\u201d na politicagem provinciana... - R\u00e1dio Life FM","robots":{"index":"index","follow":"follow","max-snippet":"max-snippet:-1","max-image-preview":"max-image-preview:large","max-video-preview":"max-video-preview:-1"},"canonical":"https:\/\/radiolifefm.com.br\/noticias\/farinhas-do-mesmo-saco-na-politicagem-provinciana\/","og_locale":"pt_BR","og_type":"article","og_title":"\u201cFarinhas do mesmo saco\u201d na politicagem provinciana... - R\u00e1dio Life FM","og_description":"&nbsp; &#8220;Morrer \u00e9 a curva da estrada, morrer \u00e9 s\u00f3 n\u00e3o ser visto.&#8221; (Fernando Pessoa) seb@r. Nestas \u00faltimas semanas, a m\u00eddia impressa provinciana vem dando destaque aqui e ali para aquela turma de sempre, ou seja, os politiqueiros de plant\u00e3o que teimam em querer comentar ou at\u00e9 mesmo, destacar aspectos deste ou daquele gestor p\u00fablico&#8230; [&hellip;]","og_url":"https:\/\/radiolifefm.com.br\/noticias\/farinhas-do-mesmo-saco-na-politicagem-provinciana\/","og_site_name":"R\u00e1dio Life FM","article_publisher":"https:\/\/www.facebook.com\/radiolifefm\/","article_published_time":"2025-12-08T15:01:46+00:00","article_modified_time":"2025-12-09T14:16:25+00:00","og_image":[{"width":972,"height":1296,"url":"https:\/\/radiolifefm.com.br\/noticias\/wp-content\/uploads\/2025\/11\/WhatsApp-Image-2022-04-10-at-18.43.02-1-1.jpeg","type":"image\/jpeg"}],"author":"joaograndao","twitter_card":"summary_large_image","twitter_misc":{"Escrito por":"joaograndao","Est. tempo de leitura":"3 minutos"},"schema":{"@context":"https:\/\/schema.org","@graph":[{"@type":"Article","@id":"https:\/\/radiolifefm.com.br\/noticias\/farinhas-do-mesmo-saco-na-politicagem-provinciana\/#article","isPartOf":{"@id":"https:\/\/radiolifefm.com.br\/noticias\/farinhas-do-mesmo-saco-na-politicagem-provinciana\/"},"author":{"name":"joaograndao","@id":"https:\/\/radiolifefm.com.br\/noticias\/#\/schema\/person\/6876e1240feffe6e1b63fd5cb85abf28"},"headline":"\u201cFarinhas do mesmo saco\u201d na politicagem provinciana&#8230;","datePublished":"2025-12-08T15:01:46+00:00","dateModified":"2025-12-09T14:16:25+00:00","mainEntityOfPage":{"@id":"https:\/\/radiolifefm.com.br\/noticias\/farinhas-do-mesmo-saco-na-politicagem-provinciana\/"},"wordCount":433,"publisher":{"@id":"https:\/\/radiolifefm.com.br\/noticias\/#organization"},"image":{"@id":"https:\/\/radiolifefm.com.br\/noticias\/farinhas-do-mesmo-saco-na-politicagem-provinciana\/#primaryimage"},"thumbnailUrl":"https:\/\/radiolifefm.com.br\/noticias\/wp-content\/uploads\/2025\/11\/WhatsApp-Image-2022-04-10-at-18.43.02-1-1.jpeg","articleSection":["Geral"],"inLanguage":"pt-BR"},{"@type":"WebPage","@id":"https:\/\/radiolifefm.com.br\/noticias\/farinhas-do-mesmo-saco-na-politicagem-provinciana\/","url":"https:\/\/radiolifefm.com.br\/noticias\/farinhas-do-mesmo-saco-na-politicagem-provinciana\/","name":"\u201cFarinhas do mesmo saco\u201d na politicagem provinciana... - R\u00e1dio Life FM","isPartOf":{"@id":"https:\/\/radiolifefm.com.br\/noticias\/#website"},"primaryImageOfPage":{"@id":"https:\/\/radiolifefm.com.br\/noticias\/farinhas-do-mesmo-saco-na-politicagem-provinciana\/#primaryimage"},"image":{"@id":"https:\/\/radiolifefm.com.br\/noticias\/farinhas-do-mesmo-saco-na-politicagem-provinciana\/#primaryimage"},"thumbnailUrl":"https:\/\/radiolifefm.com.br\/noticias\/wp-content\/uploads\/2025\/11\/WhatsApp-Image-2022-04-10-at-18.43.02-1-1.jpeg","datePublished":"2025-12-08T15:01:46+00:00","dateModified":"2025-12-09T14:16:25+00:00","breadcrumb":{"@id":"https:\/\/radiolifefm.com.br\/noticias\/farinhas-do-mesmo-saco-na-politicagem-provinciana\/#breadcrumb"},"inLanguage":"pt-BR","potentialAction":[{"@type":"ReadAction","target":["https:\/\/radiolifefm.com.br\/noticias\/farinhas-do-mesmo-saco-na-politicagem-provinciana\/"]}]},{"@type":"ImageObject","inLanguage":"pt-BR","@id":"https:\/\/radiolifefm.com.br\/noticias\/farinhas-do-mesmo-saco-na-politicagem-provinciana\/#primaryimage","url":"https:\/\/radiolifefm.com.br\/noticias\/wp-content\/uploads\/2025\/11\/WhatsApp-Image-2022-04-10-at-18.43.02-1-1.jpeg","contentUrl":"https:\/\/radiolifefm.com.br\/noticias\/wp-content\/uploads\/2025\/11\/WhatsApp-Image-2022-04-10-at-18.43.02-1-1.jpeg","width":972,"height":1296},{"@type":"BreadcrumbList","@id":"https:\/\/radiolifefm.com.br\/noticias\/farinhas-do-mesmo-saco-na-politicagem-provinciana\/#breadcrumb","itemListElement":[{"@type":"ListItem","position":1,"name":"In\u00edcio","item":"https:\/\/radiolifefm.com.br\/noticias\/"},{"@type":"ListItem","position":2,"name":"\u201cFarinhas do mesmo saco\u201d na politicagem provinciana&#8230;"}]},{"@type":"WebSite","@id":"https:\/\/radiolifefm.com.br\/noticias\/#website","url":"https:\/\/radiolifefm.com.br\/noticias\/","name":"R\u00e1dio Life FM","description":"O Portal de Not\u00edcias de Adamantina","publisher":{"@id":"https:\/\/radiolifefm.com.br\/noticias\/#organization"},"alternateName":"Life FM","potentialAction":[{"@type":"SearchAction","target":{"@type":"EntryPoint","urlTemplate":"https:\/\/radiolifefm.com.br\/noticias\/?s={search_term_string}"},"query-input":{"@type":"PropertyValueSpecification","valueRequired":true,"valueName":"search_term_string"}}],"inLanguage":"pt-BR"},{"@type":"Organization","@id":"https:\/\/radiolifefm.com.br\/noticias\/#organization","name":"R\u00e1dio Life FM","alternateName":"Life FM","url":"https:\/\/radiolifefm.com.br\/noticias\/","logo":{"@type":"ImageObject","inLanguage":"pt-BR","@id":"https:\/\/radiolifefm.com.br\/noticias\/#\/schema\/logo\/image\/","url":"https:\/\/static.radiolifefm.com.br\/noticias\/wp-content\/uploads\/2019\/10\/logo-lifefm.png","contentUrl":"https:\/\/static.radiolifefm.com.br\/noticias\/wp-content\/uploads\/2019\/10\/logo-lifefm.png","width":196,"height":47,"caption":"R\u00e1dio Life FM"},"image":{"@id":"https:\/\/radiolifefm.com.br\/noticias\/#\/schema\/logo\/image\/"},"sameAs":["https:\/\/www.facebook.com\/radiolifefm\/","https:\/\/www.instagram.com\/life1079fm\/"]},{"@type":"Person","@id":"https:\/\/radiolifefm.com.br\/noticias\/#\/schema\/person\/6876e1240feffe6e1b63fd5cb85abf28","name":"joaograndao","image":{"@type":"ImageObject","inLanguage":"pt-BR","@id":"https:\/\/secure.gravatar.com\/avatar\/d5b1a3cf357ed9c50404e256a1294083aa8ab5d2a994001567302786016cb32c?s=96&d=mm&r=g","url":"https:\/\/secure.gravatar.com\/avatar\/d5b1a3cf357ed9c50404e256a1294083aa8ab5d2a994001567302786016cb32c?s=96&d=mm&r=g","contentUrl":"https:\/\/secure.gravatar.com\/avatar\/d5b1a3cf357ed9c50404e256a1294083aa8ab5d2a994001567302786016cb32c?s=96&d=mm&r=g","caption":"joaograndao"}}]}},"amp_enabled":true,"_links":{"self":[{"href":"https:\/\/radiolifefm.com.br\/noticias\/wp-json\/wp\/v2\/posts\/108657","targetHints":{"allow":["GET"]}}],"collection":[{"href":"https:\/\/radiolifefm.com.br\/noticias\/wp-json\/wp\/v2\/posts"}],"about":[{"href":"https:\/\/radiolifefm.com.br\/noticias\/wp-json\/wp\/v2\/types\/post"}],"author":[{"embeddable":true,"href":"https:\/\/radiolifefm.com.br\/noticias\/wp-json\/wp\/v2\/users\/8"}],"replies":[{"embeddable":true,"href":"https:\/\/radiolifefm.com.br\/noticias\/wp-json\/wp\/v2\/comments?post=108657"}],"version-history":[{"count":1,"href":"https:\/\/radiolifefm.com.br\/noticias\/wp-json\/wp\/v2\/posts\/108657\/revisions"}],"predecessor-version":[{"id":108658,"href":"https:\/\/radiolifefm.com.br\/noticias\/wp-json\/wp\/v2\/posts\/108657\/revisions\/108658"}],"wp:featuredmedia":[{"embeddable":true,"href":"https:\/\/radiolifefm.com.br\/noticias\/wp-json\/wp\/v2\/media\/108115"}],"wp:attachment":[{"href":"https:\/\/radiolifefm.com.br\/noticias\/wp-json\/wp\/v2\/media?parent=108657"}],"wp:term":[{"taxonomy":"category","embeddable":true,"href":"https:\/\/radiolifefm.com.br\/noticias\/wp-json\/wp\/v2\/categories?post=108657"},{"taxonomy":"post_tag","embeddable":true,"href":"https:\/\/radiolifefm.com.br\/noticias\/wp-json\/wp\/v2\/tags?post=108657"}],"curies":[{"name":"wp","href":"https:\/\/api.w.org\/{rel}","templated":true}]}}