{"id":108587,"date":"2025-12-04T22:01:10","date_gmt":"2025-12-05T01:01:10","guid":{"rendered":"https:\/\/radiolifefm.com.br\/noticias\/?p=108587"},"modified":"2026-04-26T09:43:51","modified_gmt":"2026-04-26T12:43:51","slug":"sicredi-centro-oeste-paulista-celebra-25-anos-de-historia-e-cooperacao","status":"publish","type":"post","link":"https:\/\/radiolifefm.com.br\/noticias\/sicredi-centro-oeste-paulista-celebra-25-anos-de-historia-e-cooperacao\/","title":{"rendered":"Sicredi Centro Oeste Paulista celebra 25 anos de hist\u00f3ria e coopera\u00e7\u00e3o"},"content":{"rendered":"<div id=\"fb-root\"><\/div>\n<p style=\"font-weight: 400\">No dia 28 de novembro, a Sicredi Centro Oeste Paulista completou 25 anos de atua\u00e7\u00e3o, reafirmando-se como uma institui\u00e7\u00e3o financeira cooperativa que promove desenvolvimento econ\u00f4mico e social nas comunidades onde est\u00e1 presente. Para celebrar esse marco, foi realizado no s\u00e1bado, 22 de novembro, um evento comemorativo que reuniu colaboradores, s\u00f3cios fundadores e lideran\u00e7as do Sistema Sicredi e do cooperativismo.<\/p>\n<p style=\"font-weight: 400\">A programa\u00e7\u00e3o incluiu momentos de reconhecimento e agradecimento. Foram homenageados os s\u00f3cios fundadores, respons\u00e1veis pelo in\u00edcio da trajet\u00f3ria, e os colaboradores, que contribuem diariamente para manter viva a ess\u00eancia cooperativista. A noite tamb\u00e9m foi marcada pela entrega dos pr\u00eamios das iniciativas Pr\u00eamio Jovens Inovadores e Coonex\u00f5es, al\u00e9m do encerramento da campanha Anivers\u00e1rio Premiado, que movimentou as ag\u00eancias durante todo o ano.<\/p>\n<p style=\"font-weight: 400\">Entre os presentes, estiveram lideran\u00e7as do Sistema Sicredi, como Manfred Dasenbrock, presidente da Central Sicredi PR\/SP\/RJ, e representantes da OCESP, Organiza\u00e7\u00e3o das Cooperativas do Estado de S\u00e3o Paulo, refor\u00e7ando a import\u00e2ncia da uni\u00e3o para o desenvolvimento sustent\u00e1vel.<\/p>\n<p style=\"font-weight: 400\">A celebra\u00e7\u00e3o tamb\u00e9m contou com uma a\u00e7\u00e3o solid\u00e1ria que arrecadou mais de 1.300 litros de leite, destinados ao Restaurante Infantil e \u00e0 Associa\u00e7\u00e3o Esperan\u00e7a da Crian\u00e7a, ambas de Mar\u00edlia\/SP, refor\u00e7ando o compromisso com a comunidade local<\/p>\n<p style=\"font-weight: 400\">\u201cO cooperativismo \u00e9 a salva\u00e7\u00e3o da humanidade.\u201d A afirma\u00e7\u00e3o do presidente da Sicredi Centro Oeste Paulista, Dr. Jo\u00e3o Alberto Salvi, traduz a ess\u00eancia que norteia a cooperativa e refor\u00e7a como a coopera\u00e7\u00e3o \u00e9 fundamental para construir um futuro mais pr\u00f3spero.<\/p>\n<p style=\"font-weight: 400\">Atualmente, a Sicredi Centro Oeste Paulista conta com mais de 340 colaboradores, 24 ag\u00eancias distribu\u00eddas em 16 munic\u00edpios atendendo mais de 70 mil associados.\u00a0 Esses n\u00fameros refletem o crescimento sustent\u00e1vel e o compromisso com o desenvolvimento das comunidades.<\/p>\n<p style=\"font-weight: 400\">Ao longo desses 25 anos, a Sicredi Centro Oeste Paulista cresceu, inovou e manteve firme seu prop\u00f3sito: construir juntos uma sociedade mais pr\u00f3spera. A cooperativa agradece a todos os associados, colaboradores e parceiros que fazem parte dessa hist\u00f3ria e reafirma o compromisso com os valores do cooperativismo e com a miss\u00e3o de transformar vidas por meio da coopera\u00e7\u00e3o.<\/p>\n<p>&nbsp;<\/p>\n<p style=\"font-weight: 400\"><strong>Giulia Ayelen Bugia Fernandes<\/strong><\/p>\n<p style=\"font-weight: 400\">Assistente de Comunica\u00e7\u00e3o &amp; Marketing<\/p>\n<p style=\"font-weight: 400\">Comunica\u00e7\u00e3o &amp; Marketing<\/p>\n","protected":false},"excerpt":{"rendered":"<p>No dia 28 de novembro, a Sicredi Centro Oeste Paulista completou 25 anos de atua\u00e7\u00e3o, reafirmando-se como uma institui\u00e7\u00e3o financeira cooperativa que promove desenvolvimento econ\u00f4mico e social nas comunidades onde est\u00e1 presente. Para celebrar esse marco, foi realizado no s\u00e1bado, 22 de novembro, um evento comemorativo que reuniu colaboradores, s\u00f3cios fundadores e lideran\u00e7as do Sistema [&hellip;]<\/p>\n","protected":false},"author":13,"featured_media":108588,"comment_status":"closed","ping_status":"open","sticky":false,"template":"","format":"standard","meta":{"_acf_changed":false,"_exactmetrics_skip_tracking":false,"_exactmetrics_sitenote_active":false,"_exactmetrics_sitenote_note":"","_exactmetrics_sitenote_category":0,"footnotes":""},"categories":[1],"tags":[],"class_list":["post-108587","post","type-post","status-publish","format-standard","has-post-thumbnail","hentry","category-geral"],"acf":[],"yoast_head":"<!-- This site is optimized with the Yoast SEO plugin v27.2 - https:\/\/yoast.com\/product\/yoast-seo-wordpress\/ -->\n<title>Sicredi Centro Oeste Paulista celebra 25 anos de hist\u00f3ria e coopera\u00e7\u00e3o - R\u00e1dio Life FM<\/title>\n<meta name=\"robots\" content=\"index, follow, max-snippet:-1, max-image-preview:large, max-video-preview:-1\" \/>\n<link rel=\"canonical\" href=\"https:\/\/radiolifefm.com.br\/noticias\/sicredi-centro-oeste-paulista-celebra-25-anos-de-historia-e-cooperacao\/\" \/>\n<meta property=\"og:locale\" content=\"pt_BR\" \/>\n<meta property=\"og:type\" content=\"article\" \/>\n<meta property=\"og:title\" content=\"Sicredi Centro Oeste Paulista celebra 25 anos de hist\u00f3ria e coopera\u00e7\u00e3o - R\u00e1dio Life FM\" \/>\n<meta property=\"og:description\" content=\"No dia 28 de novembro, a Sicredi Centro Oeste Paulista completou 25 anos de atua\u00e7\u00e3o, reafirmando-se como uma institui\u00e7\u00e3o financeira cooperativa que promove desenvolvimento econ\u00f4mico e social nas comunidades onde est\u00e1 presente. Para celebrar esse marco, foi realizado no s\u00e1bado, 22 de novembro, um evento comemorativo que reuniu colaboradores, s\u00f3cios fundadores e lideran\u00e7as do Sistema [&hellip;]\" \/>\n<meta property=\"og:url\" content=\"https:\/\/radiolifefm.com.br\/noticias\/sicredi-centro-oeste-paulista-celebra-25-anos-de-historia-e-cooperacao\/\" \/>\n<meta property=\"og:site_name\" content=\"R\u00e1dio Life FM\" \/>\n<meta property=\"article:publisher\" content=\"https:\/\/www.facebook.com\/radiolifefm\/\" \/>\n<meta property=\"article:published_time\" content=\"2025-12-05T01:01:10+00:00\" \/>\n<meta property=\"article:modified_time\" content=\"2026-04-26T12:43:51+00:00\" \/>\n<meta property=\"og:image\" content=\"https:\/\/radiolifefm.com.br\/noticias\/wp-content\/uploads\/2025\/12\/cats-4.jpg\" \/>\n\t<meta property=\"og:image:width\" content=\"640\" \/>\n\t<meta property=\"og:image:height\" content=\"400\" \/>\n\t<meta property=\"og:image:type\" content=\"image\/jpeg\" \/>\n<meta name=\"author\" content=\"ritanery\" \/>\n<meta name=\"twitter:card\" content=\"summary_large_image\" \/>\n<meta name=\"twitter:label1\" content=\"Escrito por\" \/>\n\t<meta name=\"twitter:data1\" content=\"ritanery\" \/>\n\t<meta name=\"twitter:label2\" content=\"Est. tempo de leitura\" \/>\n\t<meta name=\"twitter:data2\" content=\"2 minutos\" \/>\n<script type=\"application\/ld+json\" class=\"yoast-schema-graph\">{\"@context\":\"https:\/\/schema.org\",\"@graph\":[{\"@type\":\"Article\",\"@id\":\"https:\/\/radiolifefm.com.br\/noticias\/sicredi-centro-oeste-paulista-celebra-25-anos-de-historia-e-cooperacao\/#article\",\"isPartOf\":{\"@id\":\"https:\/\/radiolifefm.com.br\/noticias\/sicredi-centro-oeste-paulista-celebra-25-anos-de-historia-e-cooperacao\/\"},\"author\":{\"name\":\"ritanery\",\"@id\":\"https:\/\/radiolifefm.com.br\/noticias\/#\/schema\/person\/6339b9fac59d12b071dec680d7375d87\"},\"headline\":\"Sicredi Centro Oeste Paulista celebra 25 anos de hist\u00f3ria e coopera\u00e7\u00e3o\",\"datePublished\":\"2025-12-05T01:01:10+00:00\",\"dateModified\":\"2026-04-26T12:43:51+00:00\",\"mainEntityOfPage\":{\"@id\":\"https:\/\/radiolifefm.com.br\/noticias\/sicredi-centro-oeste-paulista-celebra-25-anos-de-historia-e-cooperacao\/\"},\"wordCount\":399,\"publisher\":{\"@id\":\"https:\/\/radiolifefm.com.br\/noticias\/#organization\"},\"image\":{\"@id\":\"https:\/\/radiolifefm.com.br\/noticias\/sicredi-centro-oeste-paulista-celebra-25-anos-de-historia-e-cooperacao\/#primaryimage\"},\"thumbnailUrl\":\"https:\/\/radiolifefm.com.br\/noticias\/wp-content\/uploads\/2025\/12\/cats-4.jpg\",\"articleSection\":[\"Geral\"],\"inLanguage\":\"pt-BR\"},{\"@type\":\"WebPage\",\"@id\":\"https:\/\/radiolifefm.com.br\/noticias\/sicredi-centro-oeste-paulista-celebra-25-anos-de-historia-e-cooperacao\/\",\"url\":\"https:\/\/radiolifefm.com.br\/noticias\/sicredi-centro-oeste-paulista-celebra-25-anos-de-historia-e-cooperacao\/\",\"name\":\"Sicredi Centro Oeste Paulista celebra 25 anos de hist\u00f3ria e coopera\u00e7\u00e3o - R\u00e1dio Life FM\",\"isPartOf\":{\"@id\":\"https:\/\/radiolifefm.com.br\/noticias\/#website\"},\"primaryImageOfPage\":{\"@id\":\"https:\/\/radiolifefm.com.br\/noticias\/sicredi-centro-oeste-paulista-celebra-25-anos-de-historia-e-cooperacao\/#primaryimage\"},\"image\":{\"@id\":\"https:\/\/radiolifefm.com.br\/noticias\/sicredi-centro-oeste-paulista-celebra-25-anos-de-historia-e-cooperacao\/#primaryimage\"},\"thumbnailUrl\":\"https:\/\/radiolifefm.com.br\/noticias\/wp-content\/uploads\/2025\/12\/cats-4.jpg\",\"datePublished\":\"2025-12-05T01:01:10+00:00\",\"dateModified\":\"2026-04-26T12:43:51+00:00\",\"breadcrumb\":{\"@id\":\"https:\/\/radiolifefm.com.br\/noticias\/sicredi-centro-oeste-paulista-celebra-25-anos-de-historia-e-cooperacao\/#breadcrumb\"},\"inLanguage\":\"pt-BR\",\"potentialAction\":[{\"@type\":\"ReadAction\",\"target\":[\"https:\/\/radiolifefm.com.br\/noticias\/sicredi-centro-oeste-paulista-celebra-25-anos-de-historia-e-cooperacao\/\"]}]},{\"@type\":\"ImageObject\",\"inLanguage\":\"pt-BR\",\"@id\":\"https:\/\/radiolifefm.com.br\/noticias\/sicredi-centro-oeste-paulista-celebra-25-anos-de-historia-e-cooperacao\/#primaryimage\",\"url\":\"https:\/\/radiolifefm.com.br\/noticias\/wp-content\/uploads\/2025\/12\/cats-4.jpg\",\"contentUrl\":\"https:\/\/radiolifefm.com.br\/noticias\/wp-content\/uploads\/2025\/12\/cats-4.jpg\",\"width\":640,\"height\":400},{\"@type\":\"BreadcrumbList\",\"@id\":\"https:\/\/radiolifefm.com.br\/noticias\/sicredi-centro-oeste-paulista-celebra-25-anos-de-historia-e-cooperacao\/#breadcrumb\",\"itemListElement\":[{\"@type\":\"ListItem\",\"position\":1,\"name\":\"In\u00edcio\",\"item\":\"https:\/\/radiolifefm.com.br\/noticias\/\"},{\"@type\":\"ListItem\",\"position\":2,\"name\":\"Sicredi Centro Oeste Paulista celebra 25 anos de hist\u00f3ria e coopera\u00e7\u00e3o\"}]},{\"@type\":\"WebSite\",\"@id\":\"https:\/\/radiolifefm.com.br\/noticias\/#website\",\"url\":\"https:\/\/radiolifefm.com.br\/noticias\/\",\"name\":\"R\u00e1dio Life FM\",\"description\":\"O Portal de Not\u00edcias de Adamantina\",\"publisher\":{\"@id\":\"https:\/\/radiolifefm.com.br\/noticias\/#organization\"},\"alternateName\":\"Life FM\",\"potentialAction\":[{\"@type\":\"SearchAction\",\"target\":{\"@type\":\"EntryPoint\",\"urlTemplate\":\"https:\/\/radiolifefm.com.br\/noticias\/?s={search_term_string}\"},\"query-input\":{\"@type\":\"PropertyValueSpecification\",\"valueRequired\":true,\"valueName\":\"search_term_string\"}}],\"inLanguage\":\"pt-BR\"},{\"@type\":\"Organization\",\"@id\":\"https:\/\/radiolifefm.com.br\/noticias\/#organization\",\"name\":\"R\u00e1dio Life FM\",\"alternateName\":\"Life FM\",\"url\":\"https:\/\/radiolifefm.com.br\/noticias\/\",\"logo\":{\"@type\":\"ImageObject\",\"inLanguage\":\"pt-BR\",\"@id\":\"https:\/\/radiolifefm.com.br\/noticias\/#\/schema\/logo\/image\/\",\"url\":\"https:\/\/static.radiolifefm.com.br\/noticias\/wp-content\/uploads\/2019\/10\/logo-lifefm.png\",\"contentUrl\":\"https:\/\/static.radiolifefm.com.br\/noticias\/wp-content\/uploads\/2019\/10\/logo-lifefm.png\",\"width\":196,\"height\":47,\"caption\":\"R\u00e1dio Life FM\"},\"image\":{\"@id\":\"https:\/\/radiolifefm.com.br\/noticias\/#\/schema\/logo\/image\/\"},\"sameAs\":[\"https:\/\/www.facebook.com\/radiolifefm\/\",\"https:\/\/www.instagram.com\/life1079fm\/\"]},{\"@type\":\"Person\",\"@id\":\"https:\/\/radiolifefm.com.br\/noticias\/#\/schema\/person\/6339b9fac59d12b071dec680d7375d87\",\"name\":\"ritanery\",\"image\":{\"@type\":\"ImageObject\",\"inLanguage\":\"pt-BR\",\"@id\":\"https:\/\/secure.gravatar.com\/avatar\/0e37bb19071f47c0b8a23f62a903df117c5a0e75f65a0c2901562f97cd41cf86?s=96&d=mm&r=g\",\"url\":\"https:\/\/secure.gravatar.com\/avatar\/0e37bb19071f47c0b8a23f62a903df117c5a0e75f65a0c2901562f97cd41cf86?s=96&d=mm&r=g\",\"contentUrl\":\"https:\/\/secure.gravatar.com\/avatar\/0e37bb19071f47c0b8a23f62a903df117c5a0e75f65a0c2901562f97cd41cf86?s=96&d=mm&r=g\",\"caption\":\"ritanery\"}}]}<\/script>\n<!-- \/ Yoast SEO plugin. -->","yoast_head_json":{"title":"Sicredi Centro Oeste Paulista celebra 25 anos de hist\u00f3ria e coopera\u00e7\u00e3o - R\u00e1dio Life FM","robots":{"index":"index","follow":"follow","max-snippet":"max-snippet:-1","max-image-preview":"max-image-preview:large","max-video-preview":"max-video-preview:-1"},"canonical":"https:\/\/radiolifefm.com.br\/noticias\/sicredi-centro-oeste-paulista-celebra-25-anos-de-historia-e-cooperacao\/","og_locale":"pt_BR","og_type":"article","og_title":"Sicredi Centro Oeste Paulista celebra 25 anos de hist\u00f3ria e coopera\u00e7\u00e3o - R\u00e1dio Life FM","og_description":"No dia 28 de novembro, a Sicredi Centro Oeste Paulista completou 25 anos de atua\u00e7\u00e3o, reafirmando-se como uma institui\u00e7\u00e3o financeira cooperativa que promove desenvolvimento econ\u00f4mico e social nas comunidades onde est\u00e1 presente. Para celebrar esse marco, foi realizado no s\u00e1bado, 22 de novembro, um evento comemorativo que reuniu colaboradores, s\u00f3cios fundadores e lideran\u00e7as do Sistema [&hellip;]","og_url":"https:\/\/radiolifefm.com.br\/noticias\/sicredi-centro-oeste-paulista-celebra-25-anos-de-historia-e-cooperacao\/","og_site_name":"R\u00e1dio Life FM","article_publisher":"https:\/\/www.facebook.com\/radiolifefm\/","article_published_time":"2025-12-05T01:01:10+00:00","article_modified_time":"2026-04-26T12:43:51+00:00","og_image":[{"width":640,"height":400,"url":"https:\/\/radiolifefm.com.br\/noticias\/wp-content\/uploads\/2025\/12\/cats-4.jpg","type":"image\/jpeg"}],"author":"ritanery","twitter_card":"summary_large_image","twitter_misc":{"Escrito por":"ritanery","Est. tempo de leitura":"2 minutos"},"schema":{"@context":"https:\/\/schema.org","@graph":[{"@type":"Article","@id":"https:\/\/radiolifefm.com.br\/noticias\/sicredi-centro-oeste-paulista-celebra-25-anos-de-historia-e-cooperacao\/#article","isPartOf":{"@id":"https:\/\/radiolifefm.com.br\/noticias\/sicredi-centro-oeste-paulista-celebra-25-anos-de-historia-e-cooperacao\/"},"author":{"name":"ritanery","@id":"https:\/\/radiolifefm.com.br\/noticias\/#\/schema\/person\/6339b9fac59d12b071dec680d7375d87"},"headline":"Sicredi Centro Oeste Paulista celebra 25 anos de hist\u00f3ria e coopera\u00e7\u00e3o","datePublished":"2025-12-05T01:01:10+00:00","dateModified":"2026-04-26T12:43:51+00:00","mainEntityOfPage":{"@id":"https:\/\/radiolifefm.com.br\/noticias\/sicredi-centro-oeste-paulista-celebra-25-anos-de-historia-e-cooperacao\/"},"wordCount":399,"publisher":{"@id":"https:\/\/radiolifefm.com.br\/noticias\/#organization"},"image":{"@id":"https:\/\/radiolifefm.com.br\/noticias\/sicredi-centro-oeste-paulista-celebra-25-anos-de-historia-e-cooperacao\/#primaryimage"},"thumbnailUrl":"https:\/\/radiolifefm.com.br\/noticias\/wp-content\/uploads\/2025\/12\/cats-4.jpg","articleSection":["Geral"],"inLanguage":"pt-BR"},{"@type":"WebPage","@id":"https:\/\/radiolifefm.com.br\/noticias\/sicredi-centro-oeste-paulista-celebra-25-anos-de-historia-e-cooperacao\/","url":"https:\/\/radiolifefm.com.br\/noticias\/sicredi-centro-oeste-paulista-celebra-25-anos-de-historia-e-cooperacao\/","name":"Sicredi Centro Oeste Paulista celebra 25 anos de hist\u00f3ria e coopera\u00e7\u00e3o - R\u00e1dio Life FM","isPartOf":{"@id":"https:\/\/radiolifefm.com.br\/noticias\/#website"},"primaryImageOfPage":{"@id":"https:\/\/radiolifefm.com.br\/noticias\/sicredi-centro-oeste-paulista-celebra-25-anos-de-historia-e-cooperacao\/#primaryimage"},"image":{"@id":"https:\/\/radiolifefm.com.br\/noticias\/sicredi-centro-oeste-paulista-celebra-25-anos-de-historia-e-cooperacao\/#primaryimage"},"thumbnailUrl":"https:\/\/radiolifefm.com.br\/noticias\/wp-content\/uploads\/2025\/12\/cats-4.jpg","datePublished":"2025-12-05T01:01:10+00:00","dateModified":"2026-04-26T12:43:51+00:00","breadcrumb":{"@id":"https:\/\/radiolifefm.com.br\/noticias\/sicredi-centro-oeste-paulista-celebra-25-anos-de-historia-e-cooperacao\/#breadcrumb"},"inLanguage":"pt-BR","potentialAction":[{"@type":"ReadAction","target":["https:\/\/radiolifefm.com.br\/noticias\/sicredi-centro-oeste-paulista-celebra-25-anos-de-historia-e-cooperacao\/"]}]},{"@type":"ImageObject","inLanguage":"pt-BR","@id":"https:\/\/radiolifefm.com.br\/noticias\/sicredi-centro-oeste-paulista-celebra-25-anos-de-historia-e-cooperacao\/#primaryimage","url":"https:\/\/radiolifefm.com.br\/noticias\/wp-content\/uploads\/2025\/12\/cats-4.jpg","contentUrl":"https:\/\/radiolifefm.com.br\/noticias\/wp-content\/uploads\/2025\/12\/cats-4.jpg","width":640,"height":400},{"@type":"BreadcrumbList","@id":"https:\/\/radiolifefm.com.br\/noticias\/sicredi-centro-oeste-paulista-celebra-25-anos-de-historia-e-cooperacao\/#breadcrumb","itemListElement":[{"@type":"ListItem","position":1,"name":"In\u00edcio","item":"https:\/\/radiolifefm.com.br\/noticias\/"},{"@type":"ListItem","position":2,"name":"Sicredi Centro Oeste Paulista celebra 25 anos de hist\u00f3ria e coopera\u00e7\u00e3o"}]},{"@type":"WebSite","@id":"https:\/\/radiolifefm.com.br\/noticias\/#website","url":"https:\/\/radiolifefm.com.br\/noticias\/","name":"R\u00e1dio Life FM","description":"O Portal de Not\u00edcias de Adamantina","publisher":{"@id":"https:\/\/radiolifefm.com.br\/noticias\/#organization"},"alternateName":"Life FM","potentialAction":[{"@type":"SearchAction","target":{"@type":"EntryPoint","urlTemplate":"https:\/\/radiolifefm.com.br\/noticias\/?s={search_term_string}"},"query-input":{"@type":"PropertyValueSpecification","valueRequired":true,"valueName":"search_term_string"}}],"inLanguage":"pt-BR"},{"@type":"Organization","@id":"https:\/\/radiolifefm.com.br\/noticias\/#organization","name":"R\u00e1dio Life FM","alternateName":"Life FM","url":"https:\/\/radiolifefm.com.br\/noticias\/","logo":{"@type":"ImageObject","inLanguage":"pt-BR","@id":"https:\/\/radiolifefm.com.br\/noticias\/#\/schema\/logo\/image\/","url":"https:\/\/static.radiolifefm.com.br\/noticias\/wp-content\/uploads\/2019\/10\/logo-lifefm.png","contentUrl":"https:\/\/static.radiolifefm.com.br\/noticias\/wp-content\/uploads\/2019\/10\/logo-lifefm.png","width":196,"height":47,"caption":"R\u00e1dio Life FM"},"image":{"@id":"https:\/\/radiolifefm.com.br\/noticias\/#\/schema\/logo\/image\/"},"sameAs":["https:\/\/www.facebook.com\/radiolifefm\/","https:\/\/www.instagram.com\/life1079fm\/"]},{"@type":"Person","@id":"https:\/\/radiolifefm.com.br\/noticias\/#\/schema\/person\/6339b9fac59d12b071dec680d7375d87","name":"ritanery","image":{"@type":"ImageObject","inLanguage":"pt-BR","@id":"https:\/\/secure.gravatar.com\/avatar\/0e37bb19071f47c0b8a23f62a903df117c5a0e75f65a0c2901562f97cd41cf86?s=96&d=mm&r=g","url":"https:\/\/secure.gravatar.com\/avatar\/0e37bb19071f47c0b8a23f62a903df117c5a0e75f65a0c2901562f97cd41cf86?s=96&d=mm&r=g","contentUrl":"https:\/\/secure.gravatar.com\/avatar\/0e37bb19071f47c0b8a23f62a903df117c5a0e75f65a0c2901562f97cd41cf86?s=96&d=mm&r=g","caption":"ritanery"}}]}},"amp_enabled":true,"_links":{"self":[{"href":"https:\/\/radiolifefm.com.br\/noticias\/wp-json\/wp\/v2\/posts\/108587","targetHints":{"allow":["GET"]}}],"collection":[{"href":"https:\/\/radiolifefm.com.br\/noticias\/wp-json\/wp\/v2\/posts"}],"about":[{"href":"https:\/\/radiolifefm.com.br\/noticias\/wp-json\/wp\/v2\/types\/post"}],"author":[{"embeddable":true,"href":"https:\/\/radiolifefm.com.br\/noticias\/wp-json\/wp\/v2\/users\/13"}],"replies":[{"embeddable":true,"href":"https:\/\/radiolifefm.com.br\/noticias\/wp-json\/wp\/v2\/comments?post=108587"}],"version-history":[{"count":2,"href":"https:\/\/radiolifefm.com.br\/noticias\/wp-json\/wp\/v2\/posts\/108587\/revisions"}],"predecessor-version":[{"id":108600,"href":"https:\/\/radiolifefm.com.br\/noticias\/wp-json\/wp\/v2\/posts\/108587\/revisions\/108600"}],"wp:featuredmedia":[{"embeddable":true,"href":"https:\/\/radiolifefm.com.br\/noticias\/wp-json\/wp\/v2\/media\/108588"}],"wp:attachment":[{"href":"https:\/\/radiolifefm.com.br\/noticias\/wp-json\/wp\/v2\/media?parent=108587"}],"wp:term":[{"taxonomy":"category","embeddable":true,"href":"https:\/\/radiolifefm.com.br\/noticias\/wp-json\/wp\/v2\/categories?post=108587"},{"taxonomy":"post_tag","embeddable":true,"href":"https:\/\/radiolifefm.com.br\/noticias\/wp-json\/wp\/v2\/tags?post=108587"}],"curies":[{"name":"wp","href":"https:\/\/api.w.org\/{rel}","templated":true}]}}