{"id":108487,"date":"2025-12-01T20:05:37","date_gmt":"2025-12-01T23:05:37","guid":{"rendered":"https:\/\/radiolifefm.com.br\/noticias\/?p=108487"},"modified":"2026-04-25T21:44:52","modified_gmt":"2026-04-26T00:44:52","slug":"sicredi-apresenta-ao-papa-resultados-do-programa-a-uniao-faz-a-vida","status":"publish","type":"post","link":"https:\/\/radiolifefm.com.br\/noticias\/sicredi-apresenta-ao-papa-resultados-do-programa-a-uniao-faz-a-vida\/","title":{"rendered":"Sicredi apresenta ao Papa resultados do Programa A Uni\u00e3o Faz a Vida"},"content":{"rendered":"<div id=\"fb-root\"><\/div>\n<p style=\"font-weight: 400\">Durante o congresso\u00a0<em>Intelligence Without Meaning or the Meaning of Artificial Intelligence?<\/em>, realizado na Pontif\u00edcia Universidade Urbaniana e no Parlamento Italiano, entre os dias 17 e 20 de novembro, o assessor de desenvolvimento do cooperativismo da\u00a0Sicredi\u00a0Centro Oeste Paulista, Marcello Zanluchi, levou ao Vaticano uma pauta que ultrapassa o debate tecnol\u00f3gico: a for\u00e7a transformadora da educa\u00e7\u00e3o quando aliada \u00e0 coopera\u00e7\u00e3o.<\/p>\n<p style=\"font-weight: 400\">O evento, promovido pela Funda\u00e7\u00e3o Pontif\u00edcia\u00a0<em>Scholas Occurrentes<\/em>, reuniu representantes de mais de 150 universidades e institui\u00e7\u00f5es, al\u00e9m de diversos pa\u00edses, para discutir o papel da intelig\u00eancia artificial e, sobretudo, seus impactos na forma\u00e7\u00e3o humana.<\/p>\n<p style=\"font-weight: 400\">Marcello mant\u00e9m uma rela\u00e7\u00e3o longa com as \u00e1reas educacional e de comunica\u00e7\u00e3o do Vaticano. Essa proximidade possibilitou sua presen\u00e7a em encontros anteriores, como o de 2018, quando apresentou o Programa A Uni\u00e3o Faz a Vida (PUFV) pela primeira vez ao p\u00fablico da Santa S\u00e9, na ocasi\u00e3o tendo apresentado o\u00a0Sicredi, o cooperativismo de cr\u00e9dito brasileiro e seus impactos nas comunidades para o Papa Francisco. Agora, em 2025, retorna para compartilhar a implanta\u00e7\u00e3o da metodologia em um dos contextos mais desafiadores do mundo: o Haiti.<\/p>\n<p style=\"font-weight: 400\"><strong>Um di\u00e1logo direto com o Papa<\/strong><\/p>\n<p style=\"font-weight: 400\">A agenda no Vaticano incluiu um encontro privado com o Papa Le\u00e3o XIV. Marcello apresentou ao pont\u00edfice a atua\u00e7\u00e3o do\u00a0Sicredi, o cooperativismo de cr\u00e9dito no Brasil e os resultados do Programa A Uni\u00e3o Faz a Vida \u2014 principal programa de responsabilidade social da institui\u00e7\u00e3o. Tamb\u00e9m entregou ao Papa uma abelha de pel\u00facia, mascote e s\u00edmbolo do PUFV, e um exemplar do livro\u00a0<em>Olhares sobre a Educa\u00e7\u00e3o<\/em>:\u00a0<em>a din\u00e2mica do Programa A Uni\u00e3o Faz a Vida (PUFV) na contribui\u00e7\u00e3o para o alcance dos ODS da Agenda 2030<\/em>, comprovando a contribui\u00e7\u00e3o do programa para o ODS 4 (Educa\u00e7\u00e3o de Qualidade).<\/p>\n<p style=\"font-weight: 400\">O Papa demonstrou profundo interesse, especialmente diante dos n\u00fameros do programa e do impacto social alcan\u00e7ado. Ressaltou a relev\u00e2ncia do trabalho educacional baseado em coopera\u00e7\u00e3o, cidadania e metodologias ativas, e refor\u00e7ou a necessidade de ampliar essa atua\u00e7\u00e3o para regi\u00f5es vulner\u00e1veis.<\/p>\n<p style=\"font-weight: 400\">\u201cO conselho do Papa Le\u00e3o para o Programa A Uni\u00e3o Faz a Vida foi simples e poderoso: continuem, porque as crian\u00e7as e os educadores precisam da boa educa\u00e7\u00e3o para construir um mundo de paz, de justi\u00e7a, de fraternidade, de coopera\u00e7\u00e3o e de cidadania\u201d, observou Marcello.<\/p>\n<p style=\"font-weight: 400\"><strong>O Programa A Uni\u00e3o Faz a Vida no Haiti: educa\u00e7\u00e3o em meio \u00e0 reconstru\u00e7\u00e3o<\/strong><\/p>\n<p style=\"font-weight: 400\">O PUFV chegou ao Haiti h\u00e1 cinco anos, em meio ao processo de reconstru\u00e7\u00e3o do pa\u00eds ap\u00f3s o terremoto e \u00e0 dura realidade marcada por viol\u00eancia, atua\u00e7\u00e3o de gangues e severas limita\u00e7\u00f5es de infraestrutura. A metodologia \u00e9 aplicada na capital Porto Pr\u00edncipe, na escola Institution Sacre Coeur de J\u00e9sus, mantida pelo Instituto das Ap\u00f3stolas do Sagrado Cora\u00e7\u00e3o de Jesus, com apoio de uma coordena\u00e7\u00e3o local comprometida e assessorias pedag\u00f3gicas realizadas do Brasil \u2014 atualmente de forma totalmente online, devido ao fechamento dos aeroportos haitianos.<\/p>\n<p style=\"font-weight: 400\">Mesmo com desafios como internet inst\u00e1vel e dificuldade de deslocamento dos professores, o programa segue vivo. Ao longo desses cinco anos, mais de 25 docentes foram habilitados na metodologia, sob a assessoria pedag\u00f3gica do formador nacional do PUFV, Prof. Dr. Silvio Munari, impactando cerca de 300 crian\u00e7as. J\u00e1 s\u00e3o quase 30 projetos desenvolvidos em \u00e1reas como sa\u00fade, alimenta\u00e7\u00e3o, comunica\u00e7\u00e3o e cidadania \u2014 entre eles, uma iniciativa criada pelos pr\u00f3prios estudantes para alertar jovens haitianos sobre os preju\u00edzos do consumo de \u00e1lcool.<\/p>\n<p style=\"font-weight: 400\">Os resultados s\u00e3o consistentes: professores passaram a atuar como mediadores; alunos tornaram-se protagonistas, mais curiosos e mais participativos; e a comunidade se envolve intensamente na constru\u00e7\u00e3o do conhecimento. Em todas as forma\u00e7\u00f5es, educadores haitianos relatam que cada capacita\u00e7\u00e3o equivale a quatro anos de forma\u00e7\u00e3o tradicional \u2014 um sinal da for\u00e7a adaptativa do programa em um ambiente de extrema vulnerabilidade.<\/p>\n<p style=\"font-weight: 400\"><strong>A for\u00e7a de um programa que ganhou o mundo<\/strong><\/p>\n<p style=\"font-weight: 400\">Com mais de 30 anos de hist\u00f3ria no Brasil, o Programa A Uni\u00e3o Faz a Vida j\u00e1 impactou mais de 5 milh\u00f5es de estudantes e 230 mil professores, consolidando-se como uma das maiores iniciativas de educa\u00e7\u00e3o cooperativa do pa\u00eds. Para Marcello, apresentar esse legado no Vaticano \u2014 e agora mostrar seus frutos no Haiti \u2014 refor\u00e7a a import\u00e2ncia de compartilhar boas pr\u00e1ticas educacionais globalmente.<\/p>\n<p>A iniciativa da\u00a0Sicredi\u00a0Centro Oeste Paulista foi a pioneira no sistema\u00a0Sicredi\u00a0a expandir as atividades do PUFV para fora do pa\u00eds, com o apoio da Central PR\/SP\/RJ e da Funda\u00e7\u00e3o\u00a0Sicredi. \u201cO Programa A Uni\u00e3o Faz a Vida \u00e9 motivo de muito orgulho para n\u00f3s, pois se trata de um Programa que impacta toda a comunidade escolar e planta em quem participa a semente da coopera\u00e7\u00e3o e da cidadania, promovendo o envolvimento com a comunidade e gerando frutos que acompanham toda a vida de quem participa&#8221;, destaca Rog\u00e9rio Machado, superintendente de cooperativismo da Funda\u00e7\u00e3o\u00a0Sicredi.<\/p>\n<p>O encontro em Roma reafirma o que o\u00a0Sicredi\u00a0sustenta h\u00e1 d\u00e9cadas: educa\u00e7\u00e3o, cidadania e coopera\u00e7\u00e3o transformam realidades. E, quando essa transforma\u00e7\u00e3o atravessa fronteiras, o mundo passa a conhecer \u2014 e reconhecer \u2014 o potencial de um programa brasileiro que hoje inspira caminhos para uma educa\u00e7\u00e3o mais humana, resiliente e global.<\/p>\n<p>&nbsp;<\/p>\n<p style=\"font-weight: 400\"><strong>Giulia Ayelen Bugia Fernandes<\/strong><\/p>\n<p style=\"font-weight: 400\">Assistente de Comunica\u00e7\u00e3o &amp; Marketing<\/p>\n","protected":false},"excerpt":{"rendered":"<p>Durante o congresso\u00a0Intelligence Without Meaning or the Meaning of Artificial Intelligence?, realizado na Pontif\u00edcia Universidade Urbaniana e no Parlamento Italiano, entre os dias 17 e 20 de novembro, o assessor de desenvolvimento do cooperativismo da\u00a0Sicredi\u00a0Centro Oeste Paulista, Marcello Zanluchi, levou ao Vaticano uma pauta que ultrapassa o debate tecnol\u00f3gico: a for\u00e7a transformadora da educa\u00e7\u00e3o quando [&hellip;]<\/p>\n","protected":false},"author":13,"featured_media":108488,"comment_status":"closed","ping_status":"open","sticky":false,"template":"","format":"standard","meta":{"_acf_changed":false,"_exactmetrics_skip_tracking":false,"_exactmetrics_sitenote_active":false,"_exactmetrics_sitenote_note":"","_exactmetrics_sitenote_category":0,"footnotes":""},"categories":[1],"tags":[],"class_list":["post-108487","post","type-post","status-publish","format-standard","has-post-thumbnail","hentry","category-geral"],"acf":[],"yoast_head":"<!-- This site is optimized with the Yoast SEO plugin v27.2 - https:\/\/yoast.com\/product\/yoast-seo-wordpress\/ -->\n<title>Sicredi apresenta ao Papa resultados do Programa A Uni\u00e3o Faz a Vida - R\u00e1dio Life FM<\/title>\n<meta name=\"robots\" content=\"index, follow, max-snippet:-1, max-image-preview:large, max-video-preview:-1\" \/>\n<link rel=\"canonical\" href=\"https:\/\/radiolifefm.com.br\/noticias\/sicredi-apresenta-ao-papa-resultados-do-programa-a-uniao-faz-a-vida\/\" \/>\n<meta property=\"og:locale\" content=\"pt_BR\" \/>\n<meta property=\"og:type\" content=\"article\" \/>\n<meta property=\"og:title\" content=\"Sicredi apresenta ao Papa resultados do Programa A Uni\u00e3o Faz a Vida - R\u00e1dio Life FM\" \/>\n<meta property=\"og:description\" content=\"Durante o congresso\u00a0Intelligence Without Meaning or the Meaning of Artificial Intelligence?, realizado na Pontif\u00edcia Universidade Urbaniana e no Parlamento Italiano, entre os dias 17 e 20 de novembro, o assessor de desenvolvimento do cooperativismo da\u00a0Sicredi\u00a0Centro Oeste Paulista, Marcello Zanluchi, levou ao Vaticano uma pauta que ultrapassa o debate tecnol\u00f3gico: a for\u00e7a transformadora da educa\u00e7\u00e3o quando [&hellip;]\" \/>\n<meta property=\"og:url\" content=\"https:\/\/radiolifefm.com.br\/noticias\/sicredi-apresenta-ao-papa-resultados-do-programa-a-uniao-faz-a-vida\/\" \/>\n<meta property=\"og:site_name\" content=\"R\u00e1dio Life FM\" \/>\n<meta property=\"article:publisher\" content=\"https:\/\/www.facebook.com\/radiolifefm\/\" \/>\n<meta property=\"article:published_time\" content=\"2025-12-01T23:05:37+00:00\" \/>\n<meta property=\"article:modified_time\" content=\"2026-04-26T00:44:52+00:00\" \/>\n<meta property=\"og:image\" content=\"https:\/\/radiolifefm.com.br\/noticias\/wp-content\/uploads\/2025\/12\/Marcello-Zanluchi-assessor-de-desenvolvimento-do-cooperativismo-e-Papa-Leao-XIV_2.jpg\" \/>\n\t<meta property=\"og:image:width\" content=\"1920\" \/>\n\t<meta property=\"og:image:height\" content=\"1280\" \/>\n\t<meta property=\"og:image:type\" content=\"image\/jpeg\" \/>\n<meta name=\"author\" content=\"ritanery\" \/>\n<meta name=\"twitter:card\" content=\"summary_large_image\" \/>\n<meta name=\"twitter:label1\" content=\"Escrito por\" \/>\n\t<meta name=\"twitter:data1\" content=\"ritanery\" \/>\n\t<meta name=\"twitter:label2\" content=\"Est. tempo de leitura\" \/>\n\t<meta name=\"twitter:data2\" content=\"5 minutos\" \/>\n<script type=\"application\/ld+json\" class=\"yoast-schema-graph\">{\"@context\":\"https:\/\/schema.org\",\"@graph\":[{\"@type\":\"Article\",\"@id\":\"https:\/\/radiolifefm.com.br\/noticias\/sicredi-apresenta-ao-papa-resultados-do-programa-a-uniao-faz-a-vida\/#article\",\"isPartOf\":{\"@id\":\"https:\/\/radiolifefm.com.br\/noticias\/sicredi-apresenta-ao-papa-resultados-do-programa-a-uniao-faz-a-vida\/\"},\"author\":{\"name\":\"ritanery\",\"@id\":\"https:\/\/radiolifefm.com.br\/noticias\/#\/schema\/person\/6339b9fac59d12b071dec680d7375d87\"},\"headline\":\"Sicredi apresenta ao Papa resultados do Programa A Uni\u00e3o Faz a Vida\",\"datePublished\":\"2025-12-01T23:05:37+00:00\",\"dateModified\":\"2026-04-26T00:44:52+00:00\",\"mainEntityOfPage\":{\"@id\":\"https:\/\/radiolifefm.com.br\/noticias\/sicredi-apresenta-ao-papa-resultados-do-programa-a-uniao-faz-a-vida\/\"},\"wordCount\":931,\"publisher\":{\"@id\":\"https:\/\/radiolifefm.com.br\/noticias\/#organization\"},\"image\":{\"@id\":\"https:\/\/radiolifefm.com.br\/noticias\/sicredi-apresenta-ao-papa-resultados-do-programa-a-uniao-faz-a-vida\/#primaryimage\"},\"thumbnailUrl\":\"https:\/\/radiolifefm.com.br\/noticias\/wp-content\/uploads\/2025\/12\/Marcello-Zanluchi-assessor-de-desenvolvimento-do-cooperativismo-e-Papa-Leao-XIV_2.jpg\",\"articleSection\":[\"Geral\"],\"inLanguage\":\"pt-BR\"},{\"@type\":\"WebPage\",\"@id\":\"https:\/\/radiolifefm.com.br\/noticias\/sicredi-apresenta-ao-papa-resultados-do-programa-a-uniao-faz-a-vida\/\",\"url\":\"https:\/\/radiolifefm.com.br\/noticias\/sicredi-apresenta-ao-papa-resultados-do-programa-a-uniao-faz-a-vida\/\",\"name\":\"Sicredi apresenta ao Papa resultados do Programa A Uni\u00e3o Faz a Vida - R\u00e1dio Life FM\",\"isPartOf\":{\"@id\":\"https:\/\/radiolifefm.com.br\/noticias\/#website\"},\"primaryImageOfPage\":{\"@id\":\"https:\/\/radiolifefm.com.br\/noticias\/sicredi-apresenta-ao-papa-resultados-do-programa-a-uniao-faz-a-vida\/#primaryimage\"},\"image\":{\"@id\":\"https:\/\/radiolifefm.com.br\/noticias\/sicredi-apresenta-ao-papa-resultados-do-programa-a-uniao-faz-a-vida\/#primaryimage\"},\"thumbnailUrl\":\"https:\/\/radiolifefm.com.br\/noticias\/wp-content\/uploads\/2025\/12\/Marcello-Zanluchi-assessor-de-desenvolvimento-do-cooperativismo-e-Papa-Leao-XIV_2.jpg\",\"datePublished\":\"2025-12-01T23:05:37+00:00\",\"dateModified\":\"2026-04-26T00:44:52+00:00\",\"breadcrumb\":{\"@id\":\"https:\/\/radiolifefm.com.br\/noticias\/sicredi-apresenta-ao-papa-resultados-do-programa-a-uniao-faz-a-vida\/#breadcrumb\"},\"inLanguage\":\"pt-BR\",\"potentialAction\":[{\"@type\":\"ReadAction\",\"target\":[\"https:\/\/radiolifefm.com.br\/noticias\/sicredi-apresenta-ao-papa-resultados-do-programa-a-uniao-faz-a-vida\/\"]}]},{\"@type\":\"ImageObject\",\"inLanguage\":\"pt-BR\",\"@id\":\"https:\/\/radiolifefm.com.br\/noticias\/sicredi-apresenta-ao-papa-resultados-do-programa-a-uniao-faz-a-vida\/#primaryimage\",\"url\":\"https:\/\/radiolifefm.com.br\/noticias\/wp-content\/uploads\/2025\/12\/Marcello-Zanluchi-assessor-de-desenvolvimento-do-cooperativismo-e-Papa-Leao-XIV_2.jpg\",\"contentUrl\":\"https:\/\/radiolifefm.com.br\/noticias\/wp-content\/uploads\/2025\/12\/Marcello-Zanluchi-assessor-de-desenvolvimento-do-cooperativismo-e-Papa-Leao-XIV_2.jpg\",\"width\":1920,\"height\":1280,\"caption\":\"Impacto da principal iniciativa social da institui\u00e7\u00e3o financeira cooperativa, com 5,3 milh\u00f5es de alunos atendidos em quase cinco mil escolas, \u00e9 apresentado no Vaticano\"},{\"@type\":\"BreadcrumbList\",\"@id\":\"https:\/\/radiolifefm.com.br\/noticias\/sicredi-apresenta-ao-papa-resultados-do-programa-a-uniao-faz-a-vida\/#breadcrumb\",\"itemListElement\":[{\"@type\":\"ListItem\",\"position\":1,\"name\":\"In\u00edcio\",\"item\":\"https:\/\/radiolifefm.com.br\/noticias\/\"},{\"@type\":\"ListItem\",\"position\":2,\"name\":\"Sicredi apresenta ao Papa resultados do Programa A Uni\u00e3o Faz a Vida\"}]},{\"@type\":\"WebSite\",\"@id\":\"https:\/\/radiolifefm.com.br\/noticias\/#website\",\"url\":\"https:\/\/radiolifefm.com.br\/noticias\/\",\"name\":\"R\u00e1dio Life FM\",\"description\":\"O Portal de Not\u00edcias de Adamantina\",\"publisher\":{\"@id\":\"https:\/\/radiolifefm.com.br\/noticias\/#organization\"},\"alternateName\":\"Life FM\",\"potentialAction\":[{\"@type\":\"SearchAction\",\"target\":{\"@type\":\"EntryPoint\",\"urlTemplate\":\"https:\/\/radiolifefm.com.br\/noticias\/?s={search_term_string}\"},\"query-input\":{\"@type\":\"PropertyValueSpecification\",\"valueRequired\":true,\"valueName\":\"search_term_string\"}}],\"inLanguage\":\"pt-BR\"},{\"@type\":\"Organization\",\"@id\":\"https:\/\/radiolifefm.com.br\/noticias\/#organization\",\"name\":\"R\u00e1dio Life FM\",\"alternateName\":\"Life FM\",\"url\":\"https:\/\/radiolifefm.com.br\/noticias\/\",\"logo\":{\"@type\":\"ImageObject\",\"inLanguage\":\"pt-BR\",\"@id\":\"https:\/\/radiolifefm.com.br\/noticias\/#\/schema\/logo\/image\/\",\"url\":\"https:\/\/static.radiolifefm.com.br\/noticias\/wp-content\/uploads\/2019\/10\/logo-lifefm.png\",\"contentUrl\":\"https:\/\/static.radiolifefm.com.br\/noticias\/wp-content\/uploads\/2019\/10\/logo-lifefm.png\",\"width\":196,\"height\":47,\"caption\":\"R\u00e1dio Life FM\"},\"image\":{\"@id\":\"https:\/\/radiolifefm.com.br\/noticias\/#\/schema\/logo\/image\/\"},\"sameAs\":[\"https:\/\/www.facebook.com\/radiolifefm\/\",\"https:\/\/www.instagram.com\/life1079fm\/\"]},{\"@type\":\"Person\",\"@id\":\"https:\/\/radiolifefm.com.br\/noticias\/#\/schema\/person\/6339b9fac59d12b071dec680d7375d87\",\"name\":\"ritanery\",\"image\":{\"@type\":\"ImageObject\",\"inLanguage\":\"pt-BR\",\"@id\":\"https:\/\/secure.gravatar.com\/avatar\/0e37bb19071f47c0b8a23f62a903df117c5a0e75f65a0c2901562f97cd41cf86?s=96&d=mm&r=g\",\"url\":\"https:\/\/secure.gravatar.com\/avatar\/0e37bb19071f47c0b8a23f62a903df117c5a0e75f65a0c2901562f97cd41cf86?s=96&d=mm&r=g\",\"contentUrl\":\"https:\/\/secure.gravatar.com\/avatar\/0e37bb19071f47c0b8a23f62a903df117c5a0e75f65a0c2901562f97cd41cf86?s=96&d=mm&r=g\",\"caption\":\"ritanery\"}}]}<\/script>\n<!-- \/ Yoast SEO plugin. -->","yoast_head_json":{"title":"Sicredi apresenta ao Papa resultados do Programa A Uni\u00e3o Faz a Vida - R\u00e1dio Life FM","robots":{"index":"index","follow":"follow","max-snippet":"max-snippet:-1","max-image-preview":"max-image-preview:large","max-video-preview":"max-video-preview:-1"},"canonical":"https:\/\/radiolifefm.com.br\/noticias\/sicredi-apresenta-ao-papa-resultados-do-programa-a-uniao-faz-a-vida\/","og_locale":"pt_BR","og_type":"article","og_title":"Sicredi apresenta ao Papa resultados do Programa A Uni\u00e3o Faz a Vida - R\u00e1dio Life FM","og_description":"Durante o congresso\u00a0Intelligence Without Meaning or the Meaning of Artificial Intelligence?, realizado na Pontif\u00edcia Universidade Urbaniana e no Parlamento Italiano, entre os dias 17 e 20 de novembro, o assessor de desenvolvimento do cooperativismo da\u00a0Sicredi\u00a0Centro Oeste Paulista, Marcello Zanluchi, levou ao Vaticano uma pauta que ultrapassa o debate tecnol\u00f3gico: a for\u00e7a transformadora da educa\u00e7\u00e3o quando [&hellip;]","og_url":"https:\/\/radiolifefm.com.br\/noticias\/sicredi-apresenta-ao-papa-resultados-do-programa-a-uniao-faz-a-vida\/","og_site_name":"R\u00e1dio Life FM","article_publisher":"https:\/\/www.facebook.com\/radiolifefm\/","article_published_time":"2025-12-01T23:05:37+00:00","article_modified_time":"2026-04-26T00:44:52+00:00","og_image":[{"width":1920,"height":1280,"url":"https:\/\/radiolifefm.com.br\/noticias\/wp-content\/uploads\/2025\/12\/Marcello-Zanluchi-assessor-de-desenvolvimento-do-cooperativismo-e-Papa-Leao-XIV_2.jpg","type":"image\/jpeg"}],"author":"ritanery","twitter_card":"summary_large_image","twitter_misc":{"Escrito por":"ritanery","Est. tempo de leitura":"5 minutos"},"schema":{"@context":"https:\/\/schema.org","@graph":[{"@type":"Article","@id":"https:\/\/radiolifefm.com.br\/noticias\/sicredi-apresenta-ao-papa-resultados-do-programa-a-uniao-faz-a-vida\/#article","isPartOf":{"@id":"https:\/\/radiolifefm.com.br\/noticias\/sicredi-apresenta-ao-papa-resultados-do-programa-a-uniao-faz-a-vida\/"},"author":{"name":"ritanery","@id":"https:\/\/radiolifefm.com.br\/noticias\/#\/schema\/person\/6339b9fac59d12b071dec680d7375d87"},"headline":"Sicredi apresenta ao Papa resultados do Programa A Uni\u00e3o Faz a Vida","datePublished":"2025-12-01T23:05:37+00:00","dateModified":"2026-04-26T00:44:52+00:00","mainEntityOfPage":{"@id":"https:\/\/radiolifefm.com.br\/noticias\/sicredi-apresenta-ao-papa-resultados-do-programa-a-uniao-faz-a-vida\/"},"wordCount":931,"publisher":{"@id":"https:\/\/radiolifefm.com.br\/noticias\/#organization"},"image":{"@id":"https:\/\/radiolifefm.com.br\/noticias\/sicredi-apresenta-ao-papa-resultados-do-programa-a-uniao-faz-a-vida\/#primaryimage"},"thumbnailUrl":"https:\/\/radiolifefm.com.br\/noticias\/wp-content\/uploads\/2025\/12\/Marcello-Zanluchi-assessor-de-desenvolvimento-do-cooperativismo-e-Papa-Leao-XIV_2.jpg","articleSection":["Geral"],"inLanguage":"pt-BR"},{"@type":"WebPage","@id":"https:\/\/radiolifefm.com.br\/noticias\/sicredi-apresenta-ao-papa-resultados-do-programa-a-uniao-faz-a-vida\/","url":"https:\/\/radiolifefm.com.br\/noticias\/sicredi-apresenta-ao-papa-resultados-do-programa-a-uniao-faz-a-vida\/","name":"Sicredi apresenta ao Papa resultados do Programa A Uni\u00e3o Faz a Vida - R\u00e1dio Life FM","isPartOf":{"@id":"https:\/\/radiolifefm.com.br\/noticias\/#website"},"primaryImageOfPage":{"@id":"https:\/\/radiolifefm.com.br\/noticias\/sicredi-apresenta-ao-papa-resultados-do-programa-a-uniao-faz-a-vida\/#primaryimage"},"image":{"@id":"https:\/\/radiolifefm.com.br\/noticias\/sicredi-apresenta-ao-papa-resultados-do-programa-a-uniao-faz-a-vida\/#primaryimage"},"thumbnailUrl":"https:\/\/radiolifefm.com.br\/noticias\/wp-content\/uploads\/2025\/12\/Marcello-Zanluchi-assessor-de-desenvolvimento-do-cooperativismo-e-Papa-Leao-XIV_2.jpg","datePublished":"2025-12-01T23:05:37+00:00","dateModified":"2026-04-26T00:44:52+00:00","breadcrumb":{"@id":"https:\/\/radiolifefm.com.br\/noticias\/sicredi-apresenta-ao-papa-resultados-do-programa-a-uniao-faz-a-vida\/#breadcrumb"},"inLanguage":"pt-BR","potentialAction":[{"@type":"ReadAction","target":["https:\/\/radiolifefm.com.br\/noticias\/sicredi-apresenta-ao-papa-resultados-do-programa-a-uniao-faz-a-vida\/"]}]},{"@type":"ImageObject","inLanguage":"pt-BR","@id":"https:\/\/radiolifefm.com.br\/noticias\/sicredi-apresenta-ao-papa-resultados-do-programa-a-uniao-faz-a-vida\/#primaryimage","url":"https:\/\/radiolifefm.com.br\/noticias\/wp-content\/uploads\/2025\/12\/Marcello-Zanluchi-assessor-de-desenvolvimento-do-cooperativismo-e-Papa-Leao-XIV_2.jpg","contentUrl":"https:\/\/radiolifefm.com.br\/noticias\/wp-content\/uploads\/2025\/12\/Marcello-Zanluchi-assessor-de-desenvolvimento-do-cooperativismo-e-Papa-Leao-XIV_2.jpg","width":1920,"height":1280,"caption":"Impacto da principal iniciativa social da institui\u00e7\u00e3o financeira cooperativa, com 5,3 milh\u00f5es de alunos atendidos em quase cinco mil escolas, \u00e9 apresentado no Vaticano"},{"@type":"BreadcrumbList","@id":"https:\/\/radiolifefm.com.br\/noticias\/sicredi-apresenta-ao-papa-resultados-do-programa-a-uniao-faz-a-vida\/#breadcrumb","itemListElement":[{"@type":"ListItem","position":1,"name":"In\u00edcio","item":"https:\/\/radiolifefm.com.br\/noticias\/"},{"@type":"ListItem","position":2,"name":"Sicredi apresenta ao Papa resultados do Programa A Uni\u00e3o Faz a Vida"}]},{"@type":"WebSite","@id":"https:\/\/radiolifefm.com.br\/noticias\/#website","url":"https:\/\/radiolifefm.com.br\/noticias\/","name":"R\u00e1dio Life FM","description":"O Portal de Not\u00edcias de Adamantina","publisher":{"@id":"https:\/\/radiolifefm.com.br\/noticias\/#organization"},"alternateName":"Life FM","potentialAction":[{"@type":"SearchAction","target":{"@type":"EntryPoint","urlTemplate":"https:\/\/radiolifefm.com.br\/noticias\/?s={search_term_string}"},"query-input":{"@type":"PropertyValueSpecification","valueRequired":true,"valueName":"search_term_string"}}],"inLanguage":"pt-BR"},{"@type":"Organization","@id":"https:\/\/radiolifefm.com.br\/noticias\/#organization","name":"R\u00e1dio Life FM","alternateName":"Life FM","url":"https:\/\/radiolifefm.com.br\/noticias\/","logo":{"@type":"ImageObject","inLanguage":"pt-BR","@id":"https:\/\/radiolifefm.com.br\/noticias\/#\/schema\/logo\/image\/","url":"https:\/\/static.radiolifefm.com.br\/noticias\/wp-content\/uploads\/2019\/10\/logo-lifefm.png","contentUrl":"https:\/\/static.radiolifefm.com.br\/noticias\/wp-content\/uploads\/2019\/10\/logo-lifefm.png","width":196,"height":47,"caption":"R\u00e1dio Life FM"},"image":{"@id":"https:\/\/radiolifefm.com.br\/noticias\/#\/schema\/logo\/image\/"},"sameAs":["https:\/\/www.facebook.com\/radiolifefm\/","https:\/\/www.instagram.com\/life1079fm\/"]},{"@type":"Person","@id":"https:\/\/radiolifefm.com.br\/noticias\/#\/schema\/person\/6339b9fac59d12b071dec680d7375d87","name":"ritanery","image":{"@type":"ImageObject","inLanguage":"pt-BR","@id":"https:\/\/secure.gravatar.com\/avatar\/0e37bb19071f47c0b8a23f62a903df117c5a0e75f65a0c2901562f97cd41cf86?s=96&d=mm&r=g","url":"https:\/\/secure.gravatar.com\/avatar\/0e37bb19071f47c0b8a23f62a903df117c5a0e75f65a0c2901562f97cd41cf86?s=96&d=mm&r=g","contentUrl":"https:\/\/secure.gravatar.com\/avatar\/0e37bb19071f47c0b8a23f62a903df117c5a0e75f65a0c2901562f97cd41cf86?s=96&d=mm&r=g","caption":"ritanery"}}]}},"amp_enabled":true,"_links":{"self":[{"href":"https:\/\/radiolifefm.com.br\/noticias\/wp-json\/wp\/v2\/posts\/108487","targetHints":{"allow":["GET"]}}],"collection":[{"href":"https:\/\/radiolifefm.com.br\/noticias\/wp-json\/wp\/v2\/posts"}],"about":[{"href":"https:\/\/radiolifefm.com.br\/noticias\/wp-json\/wp\/v2\/types\/post"}],"author":[{"embeddable":true,"href":"https:\/\/radiolifefm.com.br\/noticias\/wp-json\/wp\/v2\/users\/13"}],"replies":[{"embeddable":true,"href":"https:\/\/radiolifefm.com.br\/noticias\/wp-json\/wp\/v2\/comments?post=108487"}],"version-history":[{"count":2,"href":"https:\/\/radiolifefm.com.br\/noticias\/wp-json\/wp\/v2\/posts\/108487\/revisions"}],"predecessor-version":[{"id":108496,"href":"https:\/\/radiolifefm.com.br\/noticias\/wp-json\/wp\/v2\/posts\/108487\/revisions\/108496"}],"wp:featuredmedia":[{"embeddable":true,"href":"https:\/\/radiolifefm.com.br\/noticias\/wp-json\/wp\/v2\/media\/108488"}],"wp:attachment":[{"href":"https:\/\/radiolifefm.com.br\/noticias\/wp-json\/wp\/v2\/media?parent=108487"}],"wp:term":[{"taxonomy":"category","embeddable":true,"href":"https:\/\/radiolifefm.com.br\/noticias\/wp-json\/wp\/v2\/categories?post=108487"},{"taxonomy":"post_tag","embeddable":true,"href":"https:\/\/radiolifefm.com.br\/noticias\/wp-json\/wp\/v2\/tags?post=108487"}],"curies":[{"name":"wp","href":"https:\/\/api.w.org\/{rel}","templated":true}]}}