{"id":108484,"date":"2025-11-27T20:02:27","date_gmt":"2025-11-27T23:02:27","guid":{"rendered":"https:\/\/radiolifefm.com.br\/noticias\/?p=108484"},"modified":"2026-04-23T22:28:31","modified_gmt":"2026-04-24T01:28:31","slug":"seminario-dos-campeoes-sicredi-2025-celebra-pessoas-historias-e-conquistas","status":"publish","type":"post","link":"https:\/\/radiolifefm.com.br\/noticias\/seminario-dos-campeoes-sicredi-2025-celebra-pessoas-historias-e-conquistas\/","title":{"rendered":"Semin\u00e1rio dos Campe\u00f5es Sicredi 2025 celebra pessoas, hist\u00f3rias e conquistas"},"content":{"rendered":"<div id=\"fb-root\"><\/div>\n<p>\u201cA luz do cooperativismo brilha mais com voc\u00ea.\u201d Com esse mote, a Central\u00a0<span class=\"il\">Sicredi<\/span>\u00a0PR\/SP\/RJ realizou, em Foz do Igua\u00e7u (PR), o Semin\u00e1rio dos Campe\u00f5es 2025. O evento reuniu mais de 700 colaboradores da institui\u00e7\u00e3o financeira cooperativa, sendo mais de 400 deles das ag\u00eancias \u2014 protagonistas no relacionamento di\u00e1rio com os associados.<u><\/u><u><\/u><\/p>\n<p>O principal objetivo do encontro foi celebrar as pessoas, as hist\u00f3rias e as conquistas das equipes de colaboradores das 30 cooperativas que comp\u00f5em a Central, al\u00e9m de marcar o marco de mil ag\u00eancias abertas nos estados de atua\u00e7\u00e3o da regional: Paran\u00e1, S\u00e3o Paulo, Rio de Janeiro e parte de Santa Catarina. \u201cNossas cooperativas enfrentaram um ano com muitos desafios, mas souberam manter o diferencial cooperativo e o relacionamento pr\u00f3ximo com nossos associados e comunidades. Encerramos o ano com excelentes resultados, expans\u00e3o da rede de ag\u00eancias e refor\u00e7o do desenvolvimento regional, por meio dos nossos programas de educa\u00e7\u00e3o financeira e cooperativa \u2014 conceitos ancorados na cidadania e na parceria entre pessoas unidas por um mesmo prop\u00f3sito\u201d, destacou o presidente da Central\u00a0<span class=\"il\">Sicredi<\/span>\u00a0PR\/SP\/RJ, Manfred Dasenbrock.<u><\/u><u><\/u><\/p>\n<p>O evento tamb\u00e9m relembrou a situa\u00e7\u00e3o enfrentada em Rio Bonito do Igua\u00e7u (PR), cidade devastada por um tornado no in\u00edcio de novembro. Em meio \u00e0s perdas e \u00e0 dor, emergiu um profundo sentimento de solidariedade. A\u00a0<span class=\"il\">Sicredi<\/span>\u00a0Grandes Lagos PR\/SP, cooperativa cuja \u00e1rea de atua\u00e7\u00e3o compreende o munic\u00edpio, mobilizou estrutura, colaboradores e associados para apoiar a popula\u00e7\u00e3o local.\u00a0 \u201cNosso compromisso vai muito al\u00e9m dos n\u00fameros: \u00e9 com as pessoas, com a comunidade e com o desenvolvimento local. O\u00a0<span class=\"il\">Sicredi<\/span>\u00a0\u00e9 feito de coopera\u00e7\u00e3o \u2014 e juntos vamos reconstruir o que o vento tentou levar\u201d, afirmou o presidente da\u00a0<span class=\"il\">Sicredi<\/span>\u00a0Grandes Lagos PR\/SP, Orlando Muffato.<u><\/u><u><\/u><\/p>\n<p><strong>O fator humano em destaque<\/strong><u><\/u><u><\/u><\/p>\n<p>Para refor\u00e7ar a centralidade das pessoas em um cen\u00e1rio de r\u00e1pida evolu\u00e7\u00e3o tecnol\u00f3gica, o evento contou com duas palestras inspiradoras: uma do gerente de Comunica\u00e7\u00e3o e Marketing da Central\u00a0<span class=\"il\">Sicredi<\/span>\u00a0PR\/SP\/RJ, Rog\u00e9rio de Lorenzo Leal, e outra do autor e empres\u00e1rio Geraldo Rufino. Ambas abordaram a import\u00e2ncia do relacionamento humano em tempos digitais, bem como o poder da resili\u00eancia, da simplicidade e da capacidade de transformar desafios em oportunidades.<u><\/u><u><\/u><\/p>\n<p><strong>Destaques\u00a0<span class=\"il\">Sicredi<\/span>\u00a02025<\/strong><u><\/u><u><\/u><\/p>\n<p>Durante o Semin\u00e1rio dos Campe\u00f5es, tamb\u00e9m foi realizada a cerim\u00f4nia de entrega dos Trof\u00e9us Destaques\u00a0<span class=\"il\">Sicredi<\/span>\u00a02025 aos colaboradores que tiveram o melhor desempenho em cada uma das 30 cooperativas da Central\u00a0<span class=\"il\">Sicredi<\/span>\u00a0PR\/SP\/RJ. \u201cEsse foi o momento de reconhecer o brilho das nossas pessoas. Cada premiado representa a for\u00e7a de um time que manteve sua luz acesa\u201d, celebrou o diretor-executivo da Central\u00a0<span class=\"il\">Sicredi<\/span>\u00a0PR\/SP\/RJ, Maroan Tohme.<u><\/u><u><\/u><\/p>\n<p><strong>Arrancad\u00e3o\u00a0<span class=\"il\">Sicredi<\/span>\u00a02026<\/strong><u><\/u><u><\/u><\/p>\n<p>O evento marcou ainda o lan\u00e7amento do Arrancad\u00e3o\u00a0<span class=\"il\">Sicredi<\/span>\u00a02026, campanha de incentivo e performance que envolver\u00e1 as cooperativas e ag\u00eancias da Central PR\/SP\/RJ. A iniciativa busca estimular ainda mais o relacionamento pr\u00f3ximo com a comunidade, refor\u00e7ando o protagonismo dos colaboradores das ag\u00eancias no desenvolvimento de uma postura proativa junto aos associados e\u00a0<em>prospects<\/em>.<\/p>\n<p>&nbsp;<\/p>\n<p style=\"font-weight: 400\"><strong>Giulia Ayelen Bugia Fernandes<\/strong><\/p>\n<p style=\"font-weight: 400\">Assistente de Comunica\u00e7\u00e3o &amp; Marketing<\/p>\n","protected":false},"excerpt":{"rendered":"<p>\u201cA luz do cooperativismo brilha mais com voc\u00ea.\u201d Com esse mote, a Central\u00a0Sicredi\u00a0PR\/SP\/RJ realizou, em Foz do Igua\u00e7u (PR), o Semin\u00e1rio dos Campe\u00f5es 2025. O evento reuniu mais de 700 colaboradores da institui\u00e7\u00e3o financeira cooperativa, sendo mais de 400 deles das ag\u00eancias \u2014 protagonistas no relacionamento di\u00e1rio com os associados. O principal objetivo do encontro [&hellip;]<\/p>\n","protected":false},"author":13,"featured_media":108485,"comment_status":"closed","ping_status":"open","sticky":false,"template":"","format":"standard","meta":{"_acf_changed":false,"_exactmetrics_skip_tracking":false,"_exactmetrics_sitenote_active":false,"_exactmetrics_sitenote_note":"","_exactmetrics_sitenote_category":0,"footnotes":""},"categories":[1],"tags":[],"class_list":["post-108484","post","type-post","status-publish","format-standard","has-post-thumbnail","hentry","category-geral"],"acf":[],"yoast_head":"<!-- This site is optimized with the Yoast SEO plugin v27.2 - https:\/\/yoast.com\/product\/yoast-seo-wordpress\/ -->\n<title>Semin\u00e1rio dos Campe\u00f5es Sicredi 2025 celebra pessoas, hist\u00f3rias e conquistas - R\u00e1dio Life FM<\/title>\n<meta name=\"robots\" content=\"index, follow, max-snippet:-1, max-image-preview:large, max-video-preview:-1\" \/>\n<link rel=\"canonical\" href=\"https:\/\/radiolifefm.com.br\/noticias\/seminario-dos-campeoes-sicredi-2025-celebra-pessoas-historias-e-conquistas\/\" \/>\n<meta property=\"og:locale\" content=\"pt_BR\" \/>\n<meta property=\"og:type\" content=\"article\" \/>\n<meta property=\"og:title\" content=\"Semin\u00e1rio dos Campe\u00f5es Sicredi 2025 celebra pessoas, hist\u00f3rias e conquistas - R\u00e1dio Life FM\" \/>\n<meta property=\"og:description\" content=\"\u201cA luz do cooperativismo brilha mais com voc\u00ea.\u201d Com esse mote, a Central\u00a0Sicredi\u00a0PR\/SP\/RJ realizou, em Foz do Igua\u00e7u (PR), o Semin\u00e1rio dos Campe\u00f5es 2025. O evento reuniu mais de 700 colaboradores da institui\u00e7\u00e3o financeira cooperativa, sendo mais de 400 deles das ag\u00eancias \u2014 protagonistas no relacionamento di\u00e1rio com os associados. O principal objetivo do encontro [&hellip;]\" \/>\n<meta property=\"og:url\" content=\"https:\/\/radiolifefm.com.br\/noticias\/seminario-dos-campeoes-sicredi-2025-celebra-pessoas-historias-e-conquistas\/\" \/>\n<meta property=\"og:site_name\" content=\"R\u00e1dio Life FM\" \/>\n<meta property=\"article:publisher\" content=\"https:\/\/www.facebook.com\/radiolifefm\/\" \/>\n<meta property=\"article:published_time\" content=\"2025-11-27T23:02:27+00:00\" \/>\n<meta property=\"article:modified_time\" content=\"2026-04-24T01:28:31+00:00\" \/>\n<meta property=\"og:image\" content=\"https:\/\/radiolifefm.com.br\/noticias\/wp-content\/uploads\/2025\/12\/cats-2.jpg\" \/>\n\t<meta property=\"og:image:width\" content=\"640\" \/>\n\t<meta property=\"og:image:height\" content=\"400\" \/>\n\t<meta property=\"og:image:type\" content=\"image\/jpeg\" \/>\n<meta name=\"author\" content=\"ritanery\" \/>\n<meta name=\"twitter:card\" content=\"summary_large_image\" \/>\n<meta name=\"twitter:label1\" content=\"Escrito por\" \/>\n\t<meta name=\"twitter:data1\" content=\"ritanery\" \/>\n\t<meta name=\"twitter:label2\" content=\"Est. tempo de leitura\" \/>\n\t<meta name=\"twitter:data2\" content=\"3 minutos\" \/>\n<script type=\"application\/ld+json\" class=\"yoast-schema-graph\">{\"@context\":\"https:\/\/schema.org\",\"@graph\":[{\"@type\":\"Article\",\"@id\":\"https:\/\/radiolifefm.com.br\/noticias\/seminario-dos-campeoes-sicredi-2025-celebra-pessoas-historias-e-conquistas\/#article\",\"isPartOf\":{\"@id\":\"https:\/\/radiolifefm.com.br\/noticias\/seminario-dos-campeoes-sicredi-2025-celebra-pessoas-historias-e-conquistas\/\"},\"author\":{\"name\":\"ritanery\",\"@id\":\"https:\/\/radiolifefm.com.br\/noticias\/#\/schema\/person\/6339b9fac59d12b071dec680d7375d87\"},\"headline\":\"Semin\u00e1rio dos Campe\u00f5es Sicredi 2025 celebra pessoas, hist\u00f3rias e conquistas\",\"datePublished\":\"2025-11-27T23:02:27+00:00\",\"dateModified\":\"2026-04-24T01:28:31+00:00\",\"mainEntityOfPage\":{\"@id\":\"https:\/\/radiolifefm.com.br\/noticias\/seminario-dos-campeoes-sicredi-2025-celebra-pessoas-historias-e-conquistas\/\"},\"wordCount\":554,\"publisher\":{\"@id\":\"https:\/\/radiolifefm.com.br\/noticias\/#organization\"},\"image\":{\"@id\":\"https:\/\/radiolifefm.com.br\/noticias\/seminario-dos-campeoes-sicredi-2025-celebra-pessoas-historias-e-conquistas\/#primaryimage\"},\"thumbnailUrl\":\"https:\/\/radiolifefm.com.br\/noticias\/wp-content\/uploads\/2025\/12\/cats-2.jpg\",\"articleSection\":[\"Geral\"],\"inLanguage\":\"pt-BR\"},{\"@type\":\"WebPage\",\"@id\":\"https:\/\/radiolifefm.com.br\/noticias\/seminario-dos-campeoes-sicredi-2025-celebra-pessoas-historias-e-conquistas\/\",\"url\":\"https:\/\/radiolifefm.com.br\/noticias\/seminario-dos-campeoes-sicredi-2025-celebra-pessoas-historias-e-conquistas\/\",\"name\":\"Semin\u00e1rio dos Campe\u00f5es Sicredi 2025 celebra pessoas, hist\u00f3rias e conquistas - R\u00e1dio Life FM\",\"isPartOf\":{\"@id\":\"https:\/\/radiolifefm.com.br\/noticias\/#website\"},\"primaryImageOfPage\":{\"@id\":\"https:\/\/radiolifefm.com.br\/noticias\/seminario-dos-campeoes-sicredi-2025-celebra-pessoas-historias-e-conquistas\/#primaryimage\"},\"image\":{\"@id\":\"https:\/\/radiolifefm.com.br\/noticias\/seminario-dos-campeoes-sicredi-2025-celebra-pessoas-historias-e-conquistas\/#primaryimage\"},\"thumbnailUrl\":\"https:\/\/radiolifefm.com.br\/noticias\/wp-content\/uploads\/2025\/12\/cats-2.jpg\",\"datePublished\":\"2025-11-27T23:02:27+00:00\",\"dateModified\":\"2026-04-24T01:28:31+00:00\",\"breadcrumb\":{\"@id\":\"https:\/\/radiolifefm.com.br\/noticias\/seminario-dos-campeoes-sicredi-2025-celebra-pessoas-historias-e-conquistas\/#breadcrumb\"},\"inLanguage\":\"pt-BR\",\"potentialAction\":[{\"@type\":\"ReadAction\",\"target\":[\"https:\/\/radiolifefm.com.br\/noticias\/seminario-dos-campeoes-sicredi-2025-celebra-pessoas-historias-e-conquistas\/\"]}]},{\"@type\":\"ImageObject\",\"inLanguage\":\"pt-BR\",\"@id\":\"https:\/\/radiolifefm.com.br\/noticias\/seminario-dos-campeoes-sicredi-2025-celebra-pessoas-historias-e-conquistas\/#primaryimage\",\"url\":\"https:\/\/radiolifefm.com.br\/noticias\/wp-content\/uploads\/2025\/12\/cats-2.jpg\",\"contentUrl\":\"https:\/\/radiolifefm.com.br\/noticias\/wp-content\/uploads\/2025\/12\/cats-2.jpg\",\"width\":640,\"height\":400,\"caption\":\"Evento premiou colaboradores destaque e comemorou o marco de mil ag\u00eancias abertas pelas cooperativas da Central Sicredi PR\/SP\/RJ\"},{\"@type\":\"BreadcrumbList\",\"@id\":\"https:\/\/radiolifefm.com.br\/noticias\/seminario-dos-campeoes-sicredi-2025-celebra-pessoas-historias-e-conquistas\/#breadcrumb\",\"itemListElement\":[{\"@type\":\"ListItem\",\"position\":1,\"name\":\"In\u00edcio\",\"item\":\"https:\/\/radiolifefm.com.br\/noticias\/\"},{\"@type\":\"ListItem\",\"position\":2,\"name\":\"Semin\u00e1rio dos Campe\u00f5es Sicredi 2025 celebra pessoas, hist\u00f3rias e conquistas\"}]},{\"@type\":\"WebSite\",\"@id\":\"https:\/\/radiolifefm.com.br\/noticias\/#website\",\"url\":\"https:\/\/radiolifefm.com.br\/noticias\/\",\"name\":\"R\u00e1dio Life FM\",\"description\":\"O Portal de Not\u00edcias de Adamantina\",\"publisher\":{\"@id\":\"https:\/\/radiolifefm.com.br\/noticias\/#organization\"},\"alternateName\":\"Life FM\",\"potentialAction\":[{\"@type\":\"SearchAction\",\"target\":{\"@type\":\"EntryPoint\",\"urlTemplate\":\"https:\/\/radiolifefm.com.br\/noticias\/?s={search_term_string}\"},\"query-input\":{\"@type\":\"PropertyValueSpecification\",\"valueRequired\":true,\"valueName\":\"search_term_string\"}}],\"inLanguage\":\"pt-BR\"},{\"@type\":\"Organization\",\"@id\":\"https:\/\/radiolifefm.com.br\/noticias\/#organization\",\"name\":\"R\u00e1dio Life FM\",\"alternateName\":\"Life FM\",\"url\":\"https:\/\/radiolifefm.com.br\/noticias\/\",\"logo\":{\"@type\":\"ImageObject\",\"inLanguage\":\"pt-BR\",\"@id\":\"https:\/\/radiolifefm.com.br\/noticias\/#\/schema\/logo\/image\/\",\"url\":\"https:\/\/static.radiolifefm.com.br\/noticias\/wp-content\/uploads\/2019\/10\/logo-lifefm.png\",\"contentUrl\":\"https:\/\/static.radiolifefm.com.br\/noticias\/wp-content\/uploads\/2019\/10\/logo-lifefm.png\",\"width\":196,\"height\":47,\"caption\":\"R\u00e1dio Life FM\"},\"image\":{\"@id\":\"https:\/\/radiolifefm.com.br\/noticias\/#\/schema\/logo\/image\/\"},\"sameAs\":[\"https:\/\/www.facebook.com\/radiolifefm\/\",\"https:\/\/www.instagram.com\/life1079fm\/\"]},{\"@type\":\"Person\",\"@id\":\"https:\/\/radiolifefm.com.br\/noticias\/#\/schema\/person\/6339b9fac59d12b071dec680d7375d87\",\"name\":\"ritanery\",\"image\":{\"@type\":\"ImageObject\",\"inLanguage\":\"pt-BR\",\"@id\":\"https:\/\/secure.gravatar.com\/avatar\/0e37bb19071f47c0b8a23f62a903df117c5a0e75f65a0c2901562f97cd41cf86?s=96&d=mm&r=g\",\"url\":\"https:\/\/secure.gravatar.com\/avatar\/0e37bb19071f47c0b8a23f62a903df117c5a0e75f65a0c2901562f97cd41cf86?s=96&d=mm&r=g\",\"contentUrl\":\"https:\/\/secure.gravatar.com\/avatar\/0e37bb19071f47c0b8a23f62a903df117c5a0e75f65a0c2901562f97cd41cf86?s=96&d=mm&r=g\",\"caption\":\"ritanery\"}}]}<\/script>\n<!-- \/ Yoast SEO plugin. -->","yoast_head_json":{"title":"Semin\u00e1rio dos Campe\u00f5es Sicredi 2025 celebra pessoas, hist\u00f3rias e conquistas - R\u00e1dio Life FM","robots":{"index":"index","follow":"follow","max-snippet":"max-snippet:-1","max-image-preview":"max-image-preview:large","max-video-preview":"max-video-preview:-1"},"canonical":"https:\/\/radiolifefm.com.br\/noticias\/seminario-dos-campeoes-sicredi-2025-celebra-pessoas-historias-e-conquistas\/","og_locale":"pt_BR","og_type":"article","og_title":"Semin\u00e1rio dos Campe\u00f5es Sicredi 2025 celebra pessoas, hist\u00f3rias e conquistas - R\u00e1dio Life FM","og_description":"\u201cA luz do cooperativismo brilha mais com voc\u00ea.\u201d Com esse mote, a Central\u00a0Sicredi\u00a0PR\/SP\/RJ realizou, em Foz do Igua\u00e7u (PR), o Semin\u00e1rio dos Campe\u00f5es 2025. O evento reuniu mais de 700 colaboradores da institui\u00e7\u00e3o financeira cooperativa, sendo mais de 400 deles das ag\u00eancias \u2014 protagonistas no relacionamento di\u00e1rio com os associados. O principal objetivo do encontro [&hellip;]","og_url":"https:\/\/radiolifefm.com.br\/noticias\/seminario-dos-campeoes-sicredi-2025-celebra-pessoas-historias-e-conquistas\/","og_site_name":"R\u00e1dio Life FM","article_publisher":"https:\/\/www.facebook.com\/radiolifefm\/","article_published_time":"2025-11-27T23:02:27+00:00","article_modified_time":"2026-04-24T01:28:31+00:00","og_image":[{"width":640,"height":400,"url":"https:\/\/radiolifefm.com.br\/noticias\/wp-content\/uploads\/2025\/12\/cats-2.jpg","type":"image\/jpeg"}],"author":"ritanery","twitter_card":"summary_large_image","twitter_misc":{"Escrito por":"ritanery","Est. tempo de leitura":"3 minutos"},"schema":{"@context":"https:\/\/schema.org","@graph":[{"@type":"Article","@id":"https:\/\/radiolifefm.com.br\/noticias\/seminario-dos-campeoes-sicredi-2025-celebra-pessoas-historias-e-conquistas\/#article","isPartOf":{"@id":"https:\/\/radiolifefm.com.br\/noticias\/seminario-dos-campeoes-sicredi-2025-celebra-pessoas-historias-e-conquistas\/"},"author":{"name":"ritanery","@id":"https:\/\/radiolifefm.com.br\/noticias\/#\/schema\/person\/6339b9fac59d12b071dec680d7375d87"},"headline":"Semin\u00e1rio dos Campe\u00f5es Sicredi 2025 celebra pessoas, hist\u00f3rias e conquistas","datePublished":"2025-11-27T23:02:27+00:00","dateModified":"2026-04-24T01:28:31+00:00","mainEntityOfPage":{"@id":"https:\/\/radiolifefm.com.br\/noticias\/seminario-dos-campeoes-sicredi-2025-celebra-pessoas-historias-e-conquistas\/"},"wordCount":554,"publisher":{"@id":"https:\/\/radiolifefm.com.br\/noticias\/#organization"},"image":{"@id":"https:\/\/radiolifefm.com.br\/noticias\/seminario-dos-campeoes-sicredi-2025-celebra-pessoas-historias-e-conquistas\/#primaryimage"},"thumbnailUrl":"https:\/\/radiolifefm.com.br\/noticias\/wp-content\/uploads\/2025\/12\/cats-2.jpg","articleSection":["Geral"],"inLanguage":"pt-BR"},{"@type":"WebPage","@id":"https:\/\/radiolifefm.com.br\/noticias\/seminario-dos-campeoes-sicredi-2025-celebra-pessoas-historias-e-conquistas\/","url":"https:\/\/radiolifefm.com.br\/noticias\/seminario-dos-campeoes-sicredi-2025-celebra-pessoas-historias-e-conquistas\/","name":"Semin\u00e1rio dos Campe\u00f5es Sicredi 2025 celebra pessoas, hist\u00f3rias e conquistas - R\u00e1dio Life FM","isPartOf":{"@id":"https:\/\/radiolifefm.com.br\/noticias\/#website"},"primaryImageOfPage":{"@id":"https:\/\/radiolifefm.com.br\/noticias\/seminario-dos-campeoes-sicredi-2025-celebra-pessoas-historias-e-conquistas\/#primaryimage"},"image":{"@id":"https:\/\/radiolifefm.com.br\/noticias\/seminario-dos-campeoes-sicredi-2025-celebra-pessoas-historias-e-conquistas\/#primaryimage"},"thumbnailUrl":"https:\/\/radiolifefm.com.br\/noticias\/wp-content\/uploads\/2025\/12\/cats-2.jpg","datePublished":"2025-11-27T23:02:27+00:00","dateModified":"2026-04-24T01:28:31+00:00","breadcrumb":{"@id":"https:\/\/radiolifefm.com.br\/noticias\/seminario-dos-campeoes-sicredi-2025-celebra-pessoas-historias-e-conquistas\/#breadcrumb"},"inLanguage":"pt-BR","potentialAction":[{"@type":"ReadAction","target":["https:\/\/radiolifefm.com.br\/noticias\/seminario-dos-campeoes-sicredi-2025-celebra-pessoas-historias-e-conquistas\/"]}]},{"@type":"ImageObject","inLanguage":"pt-BR","@id":"https:\/\/radiolifefm.com.br\/noticias\/seminario-dos-campeoes-sicredi-2025-celebra-pessoas-historias-e-conquistas\/#primaryimage","url":"https:\/\/radiolifefm.com.br\/noticias\/wp-content\/uploads\/2025\/12\/cats-2.jpg","contentUrl":"https:\/\/radiolifefm.com.br\/noticias\/wp-content\/uploads\/2025\/12\/cats-2.jpg","width":640,"height":400,"caption":"Evento premiou colaboradores destaque e comemorou o marco de mil ag\u00eancias abertas pelas cooperativas da Central Sicredi PR\/SP\/RJ"},{"@type":"BreadcrumbList","@id":"https:\/\/radiolifefm.com.br\/noticias\/seminario-dos-campeoes-sicredi-2025-celebra-pessoas-historias-e-conquistas\/#breadcrumb","itemListElement":[{"@type":"ListItem","position":1,"name":"In\u00edcio","item":"https:\/\/radiolifefm.com.br\/noticias\/"},{"@type":"ListItem","position":2,"name":"Semin\u00e1rio dos Campe\u00f5es Sicredi 2025 celebra pessoas, hist\u00f3rias e conquistas"}]},{"@type":"WebSite","@id":"https:\/\/radiolifefm.com.br\/noticias\/#website","url":"https:\/\/radiolifefm.com.br\/noticias\/","name":"R\u00e1dio Life FM","description":"O Portal de Not\u00edcias de Adamantina","publisher":{"@id":"https:\/\/radiolifefm.com.br\/noticias\/#organization"},"alternateName":"Life FM","potentialAction":[{"@type":"SearchAction","target":{"@type":"EntryPoint","urlTemplate":"https:\/\/radiolifefm.com.br\/noticias\/?s={search_term_string}"},"query-input":{"@type":"PropertyValueSpecification","valueRequired":true,"valueName":"search_term_string"}}],"inLanguage":"pt-BR"},{"@type":"Organization","@id":"https:\/\/radiolifefm.com.br\/noticias\/#organization","name":"R\u00e1dio Life FM","alternateName":"Life FM","url":"https:\/\/radiolifefm.com.br\/noticias\/","logo":{"@type":"ImageObject","inLanguage":"pt-BR","@id":"https:\/\/radiolifefm.com.br\/noticias\/#\/schema\/logo\/image\/","url":"https:\/\/static.radiolifefm.com.br\/noticias\/wp-content\/uploads\/2019\/10\/logo-lifefm.png","contentUrl":"https:\/\/static.radiolifefm.com.br\/noticias\/wp-content\/uploads\/2019\/10\/logo-lifefm.png","width":196,"height":47,"caption":"R\u00e1dio Life FM"},"image":{"@id":"https:\/\/radiolifefm.com.br\/noticias\/#\/schema\/logo\/image\/"},"sameAs":["https:\/\/www.facebook.com\/radiolifefm\/","https:\/\/www.instagram.com\/life1079fm\/"]},{"@type":"Person","@id":"https:\/\/radiolifefm.com.br\/noticias\/#\/schema\/person\/6339b9fac59d12b071dec680d7375d87","name":"ritanery","image":{"@type":"ImageObject","inLanguage":"pt-BR","@id":"https:\/\/secure.gravatar.com\/avatar\/0e37bb19071f47c0b8a23f62a903df117c5a0e75f65a0c2901562f97cd41cf86?s=96&d=mm&r=g","url":"https:\/\/secure.gravatar.com\/avatar\/0e37bb19071f47c0b8a23f62a903df117c5a0e75f65a0c2901562f97cd41cf86?s=96&d=mm&r=g","contentUrl":"https:\/\/secure.gravatar.com\/avatar\/0e37bb19071f47c0b8a23f62a903df117c5a0e75f65a0c2901562f97cd41cf86?s=96&d=mm&r=g","caption":"ritanery"}}]}},"amp_enabled":true,"_links":{"self":[{"href":"https:\/\/radiolifefm.com.br\/noticias\/wp-json\/wp\/v2\/posts\/108484","targetHints":{"allow":["GET"]}}],"collection":[{"href":"https:\/\/radiolifefm.com.br\/noticias\/wp-json\/wp\/v2\/posts"}],"about":[{"href":"https:\/\/radiolifefm.com.br\/noticias\/wp-json\/wp\/v2\/types\/post"}],"author":[{"embeddable":true,"href":"https:\/\/radiolifefm.com.br\/noticias\/wp-json\/wp\/v2\/users\/13"}],"replies":[{"embeddable":true,"href":"https:\/\/radiolifefm.com.br\/noticias\/wp-json\/wp\/v2\/comments?post=108484"}],"version-history":[{"count":2,"href":"https:\/\/radiolifefm.com.br\/noticias\/wp-json\/wp\/v2\/posts\/108484\/revisions"}],"predecessor-version":[{"id":108494,"href":"https:\/\/radiolifefm.com.br\/noticias\/wp-json\/wp\/v2\/posts\/108484\/revisions\/108494"}],"wp:featuredmedia":[{"embeddable":true,"href":"https:\/\/radiolifefm.com.br\/noticias\/wp-json\/wp\/v2\/media\/108485"}],"wp:attachment":[{"href":"https:\/\/radiolifefm.com.br\/noticias\/wp-json\/wp\/v2\/media?parent=108484"}],"wp:term":[{"taxonomy":"category","embeddable":true,"href":"https:\/\/radiolifefm.com.br\/noticias\/wp-json\/wp\/v2\/categories?post=108484"},{"taxonomy":"post_tag","embeddable":true,"href":"https:\/\/radiolifefm.com.br\/noticias\/wp-json\/wp\/v2\/tags?post=108484"}],"curies":[{"name":"wp","href":"https:\/\/api.w.org\/{rel}","templated":true}]}}