{"id":108422,"date":"2025-12-01T16:36:13","date_gmt":"2025-12-01T19:36:13","guid":{"rendered":"https:\/\/radiolifefm.com.br\/noticias\/?p=108422"},"modified":"2026-04-24T13:16:50","modified_gmt":"2026-04-24T16:16:50","slug":"igreja-universal-promove-acao-da-cidadania-e-convida-o-conselho-tutelar-para-orientacoes","status":"publish","type":"post","link":"https:\/\/radiolifefm.com.br\/noticias\/igreja-universal-promove-acao-da-cidadania-e-convida-o-conselho-tutelar-para-orientacoes\/","title":{"rendered":"Igreja Universal promove A\u00e7\u00e3o da Cidadania e convida o Conselho Tutelar para orienta\u00e7\u00f5es."},"content":{"rendered":"<div id=\"fb-root\"><\/div>\n<p>&nbsp;<\/p>\n<p>A Igreja Universal de Adamantina realizou no domingo, 30 de novembro, uma A\u00e7\u00e3o da Cidadania, reunindo orienta\u00e7\u00f5es, servi\u00e7os informativos e apoio espiritual \u00e0 comunidade. O evento contou com a presen\u00e7a das conselheiras tutelares Adriana, C\u00e1ssia, Iraci e T\u00e2nia, que realizaram atendimentos e esclareceram d\u00favidas sobre os direitos e a prote\u00e7\u00e3o de crian\u00e7as e adolescentes.<img loading=\"lazy\" decoding=\"async\" class=\"aligncenter size-medium wp-image-108534\" src=\"https:\/\/radiolifefm.com.br\/noticias\/wp-content\/uploads\/2025\/12\/Noticias-Feed-49-300x300.jpg\" alt=\"\" width=\"300\" height=\"300\" srcset=\"https:\/\/radiolifefm.com.br\/noticias\/wp-content\/uploads\/2025\/12\/Noticias-Feed-49-300x300.jpg 300w, https:\/\/radiolifefm.com.br\/noticias\/wp-content\/uploads\/2025\/12\/Noticias-Feed-49-1024x1024.jpg 1024w, https:\/\/radiolifefm.com.br\/noticias\/wp-content\/uploads\/2025\/12\/Noticias-Feed-49-150x150.jpg 150w, https:\/\/radiolifefm.com.br\/noticias\/wp-content\/uploads\/2025\/12\/Noticias-Feed-49-768x768.jpg 768w, https:\/\/radiolifefm.com.br\/noticias\/wp-content\/uploads\/2025\/12\/Noticias-Feed-49-200x200.jpg 200w, https:\/\/radiolifefm.com.br\/noticias\/wp-content\/uploads\/2025\/12\/Noticias-Feed-49-250x250.jpg 250w, https:\/\/radiolifefm.com.br\/noticias\/wp-content\/uploads\/2025\/12\/Noticias-Feed-49-500x500.jpg 500w, https:\/\/radiolifefm.com.br\/noticias\/wp-content\/uploads\/2025\/12\/Noticias-Feed-49-700x700.jpg 700w, https:\/\/radiolifefm.com.br\/noticias\/wp-content\/uploads\/2025\/12\/Noticias-Feed-49.jpg 1080w\" sizes=\"auto, (max-width: 300px) 100vw, 300px\" \/><\/p>\n<p>&nbsp;<\/p>\n<div class='flex flex-wrap items-center -mx-1'>\r\n<a class='thumbnail gallery p-1 w-1\/2 md:w-1\/4' href='https:\/\/radiolifefm.com.br\/noticias\/wp-content\/uploads\/2025\/12\/WhatsApp-Image-2025-12-01-at-14.26.44-2.jpeg'><img class='border border-white' src='https:\/\/radiolifefm.com.br\/noticias\/wp-content\/uploads\/2025\/12\/WhatsApp-Image-2025-12-01-at-14.26.44-2-200x200.jpeg' alt='WhatsApp Image 2025 12 01 At 14.26.44 (2)' \/><\/a><a class='thumbnail gallery p-1 w-1\/2 md:w-1\/4' href='https:\/\/radiolifefm.com.br\/noticias\/wp-content\/uploads\/2025\/12\/WhatsApp-Image-2025-12-01-at-14.26.46-4.jpeg'><img class='border border-white' src='https:\/\/radiolifefm.com.br\/noticias\/wp-content\/uploads\/2025\/12\/WhatsApp-Image-2025-12-01-at-14.26.46-4-200x200.jpeg' alt='WhatsApp Image 2025 12 01 At 14.26.46' \/><\/a><a class='thumbnail gallery p-1 w-1\/2 md:w-1\/4' href='https:\/\/radiolifefm.com.br\/noticias\/wp-content\/uploads\/2025\/12\/WhatsApp-Image-2025-12-01-at-14.26.46-1-1.jpeg'><img class='border border-white' src='https:\/\/radiolifefm.com.br\/noticias\/wp-content\/uploads\/2025\/12\/WhatsApp-Image-2025-12-01-at-14.26.46-1-1-200x200.jpeg' alt='WhatsApp Image 2025 12 01 At 14.26.46 (1)' \/><\/a><\/div>\n<p>&nbsp;<\/p>\n<p>&nbsp;<\/p>\n<p>Volunt\u00e1rios dos grupos da igreja distribu\u00edram panfletos informativos e ofereceram orienta\u00e7\u00f5es sobre os servi\u00e7os prestados pela Assist\u00eancia Social, incluindo informa\u00e7\u00f5es sobre o CRAS, CREAS e programas de apoio \u00e0s fam\u00edlias. Tamb\u00e9m foram abordados temas de conscientiza\u00e7\u00e3o sobre a viol\u00eancia contra o idoso, mulheres, crian\u00e7as e adolescentes.<\/p>\n<div class='flex flex-wrap items-center -mx-1'>\r\n<a class='thumbnail gallery p-1 w-1\/2 md:w-1\/4' href='https:\/\/radiolifefm.com.br\/noticias\/wp-content\/uploads\/2025\/12\/08024205-6B92-45FA-B994-A34DDBA20355.jpeg'><img class='border border-white' src='https:\/\/radiolifefm.com.br\/noticias\/wp-content\/uploads\/2025\/12\/08024205-6B92-45FA-B994-A34DDBA20355-200x200.jpeg' alt='08024205 6B92 45FA B994 A34DDBA20355' \/><\/a><a class='thumbnail gallery p-1 w-1\/2 md:w-1\/4' href='https:\/\/radiolifefm.com.br\/noticias\/wp-content\/uploads\/2025\/12\/99572BC2-80F7-40F2-AFF4-F53AF543575E.jpeg'><img class='border border-white' src='https:\/\/radiolifefm.com.br\/noticias\/wp-content\/uploads\/2025\/12\/99572BC2-80F7-40F2-AFF4-F53AF543575E-200x200.jpeg' alt='99572BC2 80F7 40F2 AFF4 F53AF543575E' \/><\/a><a class='thumbnail gallery p-1 w-1\/2 md:w-1\/4' href='https:\/\/radiolifefm.com.br\/noticias\/wp-content\/uploads\/2025\/12\/11D006B1-8E49-4485-BACD-DF8A64A9325D-scaled.jpeg'><img class='border border-white' src='https:\/\/radiolifefm.com.br\/noticias\/wp-content\/uploads\/2025\/12\/11D006B1-8E49-4485-BACD-DF8A64A9325D-200x200.jpeg' alt='11D006B1 8E49 4485 BACD DF8A64A9325D' \/><\/a><a class='thumbnail gallery p-1 w-1\/2 md:w-1\/4' href='https:\/\/radiolifefm.com.br\/noticias\/wp-content\/uploads\/2025\/12\/A94E09C1-F465-40D0-AEC8-B531535EC005-scaled.jpeg'><img class='border border-white' src='https:\/\/radiolifefm.com.br\/noticias\/wp-content\/uploads\/2025\/12\/A94E09C1-F465-40D0-AEC8-B531535EC005-200x200.jpeg' alt='A94E09C1 F465 40D0 AEC8 B531535EC005' \/><\/a><a class='thumbnail gallery p-1 w-1\/2 md:w-1\/4' href='https:\/\/radiolifefm.com.br\/noticias\/wp-content\/uploads\/2025\/12\/AA89EEBD-05AA-4858-9B80-835137C71F6F-scaled.jpeg'><img class='border border-white' src='https:\/\/radiolifefm.com.br\/noticias\/wp-content\/uploads\/2025\/12\/AA89EEBD-05AA-4858-9B80-835137C71F6F-200x200.jpeg' alt='AA89EEBD 05AA 4858 9B80 835137C71F6F' \/><\/a><a class='thumbnail gallery p-1 w-1\/2 md:w-1\/4' href='https:\/\/radiolifefm.com.br\/noticias\/wp-content\/uploads\/2025\/12\/944650CF-591C-44E1-91FA-DD059C37D3DE-scaled.jpeg'><img class='border border-white' src='https:\/\/radiolifefm.com.br\/noticias\/wp-content\/uploads\/2025\/12\/944650CF-591C-44E1-91FA-DD059C37D3DE-200x200.jpeg' alt='944650CF 591C 44E1 91FA DD059C37D3DE' \/><\/a><\/div>\n<p>Os pastores Silva Magalh\u00e3es e Marcos Datri, acompanhados de suas esposas, Josiane e Cirlei, receberam os participantes junto \u00e0 equipe da igreja. O encontro teve como objetivo aproximar a comunidade dos \u00f3rg\u00e3os de prote\u00e7\u00e3o e dos servi\u00e7os oferecidos pelo munic\u00edpio.<\/p>\n<p>Respons\u00e1vel pela organiza\u00e7\u00e3o da a\u00e7\u00e3o e pelo Grupo Arimat\u00e9ia, L\u00facia Prado ressaltou:<br \/>\n\u201cAs pessoas desconhecem os benef\u00edcios oferecidos pela Assist\u00eancia Social e muitas vezes n\u00e3o sabem qual \u00e9 o papel do Conselho Tutelar. Hoje tivemos a oportunidade de esclarecer d\u00favidas e orientar quem mais precisa.\u201d<\/p>\n<div class='flex flex-wrap items-center -mx-1'>\r\n<a class='thumbnail gallery p-1 w-1\/2 md:w-1\/4' href='https:\/\/radiolifefm.com.br\/noticias\/wp-content\/uploads\/2025\/12\/DF731529-298D-44FA-945B-8E4C18AECB8C.jpeg'><img class='border border-white' src='https:\/\/radiolifefm.com.br\/noticias\/wp-content\/uploads\/2025\/12\/DF731529-298D-44FA-945B-8E4C18AECB8C-200x200.jpeg' alt='DF731529 298D 44FA 945B 8E4C18AECB8C' \/><\/a><a class='thumbnail gallery p-1 w-1\/2 md:w-1\/4' href='https:\/\/radiolifefm.com.br\/noticias\/wp-content\/uploads\/2025\/12\/4E734AFF-0303-4DF9-9DA4-6E830C07EC84.jpeg'><img class='border border-white' src='https:\/\/radiolifefm.com.br\/noticias\/wp-content\/uploads\/2025\/12\/4E734AFF-0303-4DF9-9DA4-6E830C07EC84-200x200.jpeg' alt='4E734AFF 0303 4DF9 9DA4 6E830C07EC84' \/><\/a><a class='thumbnail gallery p-1 w-1\/2 md:w-1\/4' href='https:\/\/radiolifefm.com.br\/noticias\/wp-content\/uploads\/2025\/12\/A221966D-79E5-4022-8F30-D3FDA37D2353-scaled.jpeg'><img class='border border-white' src='https:\/\/radiolifefm.com.br\/noticias\/wp-content\/uploads\/2025\/12\/A221966D-79E5-4022-8F30-D3FDA37D2353-200x200.jpeg' alt='A221966D 79E5 4022 8F30 D3FDA37D2353' \/><\/a><a class='thumbnail gallery p-1 w-1\/2 md:w-1\/4' href='https:\/\/radiolifefm.com.br\/noticias\/wp-content\/uploads\/2025\/12\/B039D1E1-54A6-42B4-8C81-5CE8DD945362-scaled.jpeg'><img class='border border-white' src='https:\/\/radiolifefm.com.br\/noticias\/wp-content\/uploads\/2025\/12\/B039D1E1-54A6-42B4-8C81-5CE8DD945362-200x200.jpeg' alt='B039D1E1 54A6 42B4 8C81 5CE8DD945362' \/><\/a><\/div>\n<p>A manh\u00e3 contou com assist\u00eancia espiritual, social e informativa, refor\u00e7ando o compromisso da igreja com a\u00e7\u00f5es que unem f\u00e9 e cidadania.<\/p>\n<p>A Igreja Universal permanece aberta \u00e0 popula\u00e7\u00e3o:<br \/>\n&#8211; \ud83d\udcc5 Segunda a quarta: 7h \u00e0s 21h<br \/>\n&#8211; \ud83d\udcc5 Quinta-feira: 18h \u00e0s 21h<br \/>\n&#8211; \ud83d\udcc5 Sexta-feira: 7h \u00e0s 21h<br \/>\n&#8211; \ud83d\udcc5 Domingo: 7h \u00e0s 20h<br \/>\n&#8211; \ud83d\udccd Endere\u00e7o: Al. Fern\u00e3o Dias, 538 \u2014 Centro, Adamantina<\/p>\n<p>O espa\u00e7o est\u00e1 dispon\u00edvel para quem busca orienta\u00e7\u00e3o espiritual ou apoio em momentos dif\u00edceis.<\/p>\n","protected":false},"excerpt":{"rendered":"<p>&nbsp; A Igreja Universal de Adamantina realizou no domingo, 30 de novembro, uma A\u00e7\u00e3o da Cidadania, reunindo orienta\u00e7\u00f5es, servi\u00e7os informativos e apoio espiritual \u00e0 comunidade. O evento contou com a presen\u00e7a das conselheiras tutelares Adriana, C\u00e1ssia, Iraci e T\u00e2nia, que realizaram atendimentos e esclareceram d\u00favidas sobre os direitos e a prote\u00e7\u00e3o de crian\u00e7as e adolescentes. [&hellip;]<\/p>\n","protected":false},"author":8,"featured_media":108453,"comment_status":"closed","ping_status":"open","sticky":false,"template":"","format":"standard","meta":{"_acf_changed":false,"_exactmetrics_skip_tracking":false,"_exactmetrics_sitenote_active":false,"_exactmetrics_sitenote_note":"","_exactmetrics_sitenote_category":0,"footnotes":""},"categories":[1],"tags":[],"class_list":["post-108422","post","type-post","status-publish","format-standard","has-post-thumbnail","hentry","category-geral"],"acf":[],"yoast_head":"<!-- This site is optimized with the Yoast SEO plugin v27.2 - https:\/\/yoast.com\/product\/yoast-seo-wordpress\/ -->\n<title>Igreja Universal promove A\u00e7\u00e3o da Cidadania e convida o Conselho Tutelar para orienta\u00e7\u00f5es. - R\u00e1dio Life FM<\/title>\n<meta name=\"robots\" content=\"index, follow, max-snippet:-1, max-image-preview:large, max-video-preview:-1\" \/>\n<link rel=\"canonical\" href=\"https:\/\/radiolifefm.com.br\/noticias\/igreja-universal-promove-acao-da-cidadania-e-convida-o-conselho-tutelar-para-orientacoes\/\" \/>\n<meta property=\"og:locale\" content=\"pt_BR\" \/>\n<meta property=\"og:type\" content=\"article\" \/>\n<meta property=\"og:title\" content=\"Igreja Universal promove A\u00e7\u00e3o da Cidadania e convida o Conselho Tutelar para orienta\u00e7\u00f5es. - R\u00e1dio Life FM\" \/>\n<meta property=\"og:description\" content=\"&nbsp; A Igreja Universal de Adamantina realizou no domingo, 30 de novembro, uma A\u00e7\u00e3o da Cidadania, reunindo orienta\u00e7\u00f5es, servi\u00e7os informativos e apoio espiritual \u00e0 comunidade. O evento contou com a presen\u00e7a das conselheiras tutelares Adriana, C\u00e1ssia, Iraci e T\u00e2nia, que realizaram atendimentos e esclareceram d\u00favidas sobre os direitos e a prote\u00e7\u00e3o de crian\u00e7as e adolescentes. [&hellip;]\" \/>\n<meta property=\"og:url\" content=\"https:\/\/radiolifefm.com.br\/noticias\/igreja-universal-promove-acao-da-cidadania-e-convida-o-conselho-tutelar-para-orientacoes\/\" \/>\n<meta property=\"og:site_name\" content=\"R\u00e1dio Life FM\" \/>\n<meta property=\"article:publisher\" content=\"https:\/\/www.facebook.com\/radiolifefm\/\" \/>\n<meta property=\"article:published_time\" content=\"2025-12-01T19:36:13+00:00\" \/>\n<meta property=\"article:modified_time\" content=\"2026-04-24T16:16:50+00:00\" \/>\n<meta property=\"og:image\" content=\"https:\/\/radiolifefm.com.br\/noticias\/wp-content\/uploads\/2025\/12\/WhatsApp-Image-2025-12-01-at-14.26.43-scaled.jpeg\" \/>\n\t<meta property=\"og:image:width\" content=\"2560\" \/>\n\t<meta property=\"og:image:height\" content=\"1920\" \/>\n\t<meta property=\"og:image:type\" content=\"image\/jpeg\" \/>\n<meta name=\"author\" content=\"joaograndao\" \/>\n<meta name=\"twitter:card\" content=\"summary_large_image\" \/>\n<meta name=\"twitter:label1\" content=\"Escrito por\" \/>\n\t<meta name=\"twitter:data1\" content=\"joaograndao\" \/>\n\t<meta name=\"twitter:label2\" content=\"Est. tempo de leitura\" \/>\n\t<meta name=\"twitter:data2\" content=\"2 minutos\" \/>\n<script type=\"application\/ld+json\" class=\"yoast-schema-graph\">{\"@context\":\"https:\/\/schema.org\",\"@graph\":[{\"@type\":\"Article\",\"@id\":\"https:\/\/radiolifefm.com.br\/noticias\/igreja-universal-promove-acao-da-cidadania-e-convida-o-conselho-tutelar-para-orientacoes\/#article\",\"isPartOf\":{\"@id\":\"https:\/\/radiolifefm.com.br\/noticias\/igreja-universal-promove-acao-da-cidadania-e-convida-o-conselho-tutelar-para-orientacoes\/\"},\"author\":{\"name\":\"joaograndao\",\"@id\":\"https:\/\/radiolifefm.com.br\/noticias\/#\/schema\/person\/6876e1240feffe6e1b63fd5cb85abf28\"},\"headline\":\"Igreja Universal promove A\u00e7\u00e3o da Cidadania e convida o Conselho Tutelar para orienta\u00e7\u00f5es.\",\"datePublished\":\"2025-12-01T19:36:13+00:00\",\"dateModified\":\"2026-04-24T16:16:50+00:00\",\"mainEntityOfPage\":{\"@id\":\"https:\/\/radiolifefm.com.br\/noticias\/igreja-universal-promove-acao-da-cidadania-e-convida-o-conselho-tutelar-para-orientacoes\/\"},\"wordCount\":322,\"publisher\":{\"@id\":\"https:\/\/radiolifefm.com.br\/noticias\/#organization\"},\"image\":{\"@id\":\"https:\/\/radiolifefm.com.br\/noticias\/igreja-universal-promove-acao-da-cidadania-e-convida-o-conselho-tutelar-para-orientacoes\/#primaryimage\"},\"thumbnailUrl\":\"https:\/\/radiolifefm.com.br\/noticias\/wp-content\/uploads\/2025\/12\/WhatsApp-Image-2025-12-01-at-14.26.43-scaled.jpeg\",\"articleSection\":[\"Geral\"],\"inLanguage\":\"pt-BR\"},{\"@type\":\"WebPage\",\"@id\":\"https:\/\/radiolifefm.com.br\/noticias\/igreja-universal-promove-acao-da-cidadania-e-convida-o-conselho-tutelar-para-orientacoes\/\",\"url\":\"https:\/\/radiolifefm.com.br\/noticias\/igreja-universal-promove-acao-da-cidadania-e-convida-o-conselho-tutelar-para-orientacoes\/\",\"name\":\"Igreja Universal promove A\u00e7\u00e3o da Cidadania e convida o Conselho Tutelar para orienta\u00e7\u00f5es. - R\u00e1dio Life FM\",\"isPartOf\":{\"@id\":\"https:\/\/radiolifefm.com.br\/noticias\/#website\"},\"primaryImageOfPage\":{\"@id\":\"https:\/\/radiolifefm.com.br\/noticias\/igreja-universal-promove-acao-da-cidadania-e-convida-o-conselho-tutelar-para-orientacoes\/#primaryimage\"},\"image\":{\"@id\":\"https:\/\/radiolifefm.com.br\/noticias\/igreja-universal-promove-acao-da-cidadania-e-convida-o-conselho-tutelar-para-orientacoes\/#primaryimage\"},\"thumbnailUrl\":\"https:\/\/radiolifefm.com.br\/noticias\/wp-content\/uploads\/2025\/12\/WhatsApp-Image-2025-12-01-at-14.26.43-scaled.jpeg\",\"datePublished\":\"2025-12-01T19:36:13+00:00\",\"dateModified\":\"2026-04-24T16:16:50+00:00\",\"breadcrumb\":{\"@id\":\"https:\/\/radiolifefm.com.br\/noticias\/igreja-universal-promove-acao-da-cidadania-e-convida-o-conselho-tutelar-para-orientacoes\/#breadcrumb\"},\"inLanguage\":\"pt-BR\",\"potentialAction\":[{\"@type\":\"ReadAction\",\"target\":[\"https:\/\/radiolifefm.com.br\/noticias\/igreja-universal-promove-acao-da-cidadania-e-convida-o-conselho-tutelar-para-orientacoes\/\"]}]},{\"@type\":\"ImageObject\",\"inLanguage\":\"pt-BR\",\"@id\":\"https:\/\/radiolifefm.com.br\/noticias\/igreja-universal-promove-acao-da-cidadania-e-convida-o-conselho-tutelar-para-orientacoes\/#primaryimage\",\"url\":\"https:\/\/radiolifefm.com.br\/noticias\/wp-content\/uploads\/2025\/12\/WhatsApp-Image-2025-12-01-at-14.26.43-scaled.jpeg\",\"contentUrl\":\"https:\/\/radiolifefm.com.br\/noticias\/wp-content\/uploads\/2025\/12\/WhatsApp-Image-2025-12-01-at-14.26.43-scaled.jpeg\",\"width\":2560,\"height\":1920},{\"@type\":\"BreadcrumbList\",\"@id\":\"https:\/\/radiolifefm.com.br\/noticias\/igreja-universal-promove-acao-da-cidadania-e-convida-o-conselho-tutelar-para-orientacoes\/#breadcrumb\",\"itemListElement\":[{\"@type\":\"ListItem\",\"position\":1,\"name\":\"In\u00edcio\",\"item\":\"https:\/\/radiolifefm.com.br\/noticias\/\"},{\"@type\":\"ListItem\",\"position\":2,\"name\":\"Igreja Universal promove A\u00e7\u00e3o da Cidadania e convida o Conselho Tutelar para orienta\u00e7\u00f5es.\"}]},{\"@type\":\"WebSite\",\"@id\":\"https:\/\/radiolifefm.com.br\/noticias\/#website\",\"url\":\"https:\/\/radiolifefm.com.br\/noticias\/\",\"name\":\"R\u00e1dio Life FM\",\"description\":\"O Portal de Not\u00edcias de Adamantina\",\"publisher\":{\"@id\":\"https:\/\/radiolifefm.com.br\/noticias\/#organization\"},\"alternateName\":\"Life FM\",\"potentialAction\":[{\"@type\":\"SearchAction\",\"target\":{\"@type\":\"EntryPoint\",\"urlTemplate\":\"https:\/\/radiolifefm.com.br\/noticias\/?s={search_term_string}\"},\"query-input\":{\"@type\":\"PropertyValueSpecification\",\"valueRequired\":true,\"valueName\":\"search_term_string\"}}],\"inLanguage\":\"pt-BR\"},{\"@type\":\"Organization\",\"@id\":\"https:\/\/radiolifefm.com.br\/noticias\/#organization\",\"name\":\"R\u00e1dio Life FM\",\"alternateName\":\"Life FM\",\"url\":\"https:\/\/radiolifefm.com.br\/noticias\/\",\"logo\":{\"@type\":\"ImageObject\",\"inLanguage\":\"pt-BR\",\"@id\":\"https:\/\/radiolifefm.com.br\/noticias\/#\/schema\/logo\/image\/\",\"url\":\"https:\/\/static.radiolifefm.com.br\/noticias\/wp-content\/uploads\/2019\/10\/logo-lifefm.png\",\"contentUrl\":\"https:\/\/static.radiolifefm.com.br\/noticias\/wp-content\/uploads\/2019\/10\/logo-lifefm.png\",\"width\":196,\"height\":47,\"caption\":\"R\u00e1dio Life FM\"},\"image\":{\"@id\":\"https:\/\/radiolifefm.com.br\/noticias\/#\/schema\/logo\/image\/\"},\"sameAs\":[\"https:\/\/www.facebook.com\/radiolifefm\/\",\"https:\/\/www.instagram.com\/life1079fm\/\"]},{\"@type\":\"Person\",\"@id\":\"https:\/\/radiolifefm.com.br\/noticias\/#\/schema\/person\/6876e1240feffe6e1b63fd5cb85abf28\",\"name\":\"joaograndao\",\"image\":{\"@type\":\"ImageObject\",\"inLanguage\":\"pt-BR\",\"@id\":\"https:\/\/secure.gravatar.com\/avatar\/d5b1a3cf357ed9c50404e256a1294083aa8ab5d2a994001567302786016cb32c?s=96&d=mm&r=g\",\"url\":\"https:\/\/secure.gravatar.com\/avatar\/d5b1a3cf357ed9c50404e256a1294083aa8ab5d2a994001567302786016cb32c?s=96&d=mm&r=g\",\"contentUrl\":\"https:\/\/secure.gravatar.com\/avatar\/d5b1a3cf357ed9c50404e256a1294083aa8ab5d2a994001567302786016cb32c?s=96&d=mm&r=g\",\"caption\":\"joaograndao\"}}]}<\/script>\n<!-- \/ Yoast SEO plugin. -->","yoast_head_json":{"title":"Igreja Universal promove A\u00e7\u00e3o da Cidadania e convida o Conselho Tutelar para orienta\u00e7\u00f5es. - R\u00e1dio Life FM","robots":{"index":"index","follow":"follow","max-snippet":"max-snippet:-1","max-image-preview":"max-image-preview:large","max-video-preview":"max-video-preview:-1"},"canonical":"https:\/\/radiolifefm.com.br\/noticias\/igreja-universal-promove-acao-da-cidadania-e-convida-o-conselho-tutelar-para-orientacoes\/","og_locale":"pt_BR","og_type":"article","og_title":"Igreja Universal promove A\u00e7\u00e3o da Cidadania e convida o Conselho Tutelar para orienta\u00e7\u00f5es. - R\u00e1dio Life FM","og_description":"&nbsp; A Igreja Universal de Adamantina realizou no domingo, 30 de novembro, uma A\u00e7\u00e3o da Cidadania, reunindo orienta\u00e7\u00f5es, servi\u00e7os informativos e apoio espiritual \u00e0 comunidade. O evento contou com a presen\u00e7a das conselheiras tutelares Adriana, C\u00e1ssia, Iraci e T\u00e2nia, que realizaram atendimentos e esclareceram d\u00favidas sobre os direitos e a prote\u00e7\u00e3o de crian\u00e7as e adolescentes. [&hellip;]","og_url":"https:\/\/radiolifefm.com.br\/noticias\/igreja-universal-promove-acao-da-cidadania-e-convida-o-conselho-tutelar-para-orientacoes\/","og_site_name":"R\u00e1dio Life FM","article_publisher":"https:\/\/www.facebook.com\/radiolifefm\/","article_published_time":"2025-12-01T19:36:13+00:00","article_modified_time":"2026-04-24T16:16:50+00:00","og_image":[{"width":2560,"height":1920,"url":"https:\/\/radiolifefm.com.br\/noticias\/wp-content\/uploads\/2025\/12\/WhatsApp-Image-2025-12-01-at-14.26.43-scaled.jpeg","type":"image\/jpeg"}],"author":"joaograndao","twitter_card":"summary_large_image","twitter_misc":{"Escrito por":"joaograndao","Est. tempo de leitura":"2 minutos"},"schema":{"@context":"https:\/\/schema.org","@graph":[{"@type":"Article","@id":"https:\/\/radiolifefm.com.br\/noticias\/igreja-universal-promove-acao-da-cidadania-e-convida-o-conselho-tutelar-para-orientacoes\/#article","isPartOf":{"@id":"https:\/\/radiolifefm.com.br\/noticias\/igreja-universal-promove-acao-da-cidadania-e-convida-o-conselho-tutelar-para-orientacoes\/"},"author":{"name":"joaograndao","@id":"https:\/\/radiolifefm.com.br\/noticias\/#\/schema\/person\/6876e1240feffe6e1b63fd5cb85abf28"},"headline":"Igreja Universal promove A\u00e7\u00e3o da Cidadania e convida o Conselho Tutelar para orienta\u00e7\u00f5es.","datePublished":"2025-12-01T19:36:13+00:00","dateModified":"2026-04-24T16:16:50+00:00","mainEntityOfPage":{"@id":"https:\/\/radiolifefm.com.br\/noticias\/igreja-universal-promove-acao-da-cidadania-e-convida-o-conselho-tutelar-para-orientacoes\/"},"wordCount":322,"publisher":{"@id":"https:\/\/radiolifefm.com.br\/noticias\/#organization"},"image":{"@id":"https:\/\/radiolifefm.com.br\/noticias\/igreja-universal-promove-acao-da-cidadania-e-convida-o-conselho-tutelar-para-orientacoes\/#primaryimage"},"thumbnailUrl":"https:\/\/radiolifefm.com.br\/noticias\/wp-content\/uploads\/2025\/12\/WhatsApp-Image-2025-12-01-at-14.26.43-scaled.jpeg","articleSection":["Geral"],"inLanguage":"pt-BR"},{"@type":"WebPage","@id":"https:\/\/radiolifefm.com.br\/noticias\/igreja-universal-promove-acao-da-cidadania-e-convida-o-conselho-tutelar-para-orientacoes\/","url":"https:\/\/radiolifefm.com.br\/noticias\/igreja-universal-promove-acao-da-cidadania-e-convida-o-conselho-tutelar-para-orientacoes\/","name":"Igreja Universal promove A\u00e7\u00e3o da Cidadania e convida o Conselho Tutelar para orienta\u00e7\u00f5es. - R\u00e1dio Life FM","isPartOf":{"@id":"https:\/\/radiolifefm.com.br\/noticias\/#website"},"primaryImageOfPage":{"@id":"https:\/\/radiolifefm.com.br\/noticias\/igreja-universal-promove-acao-da-cidadania-e-convida-o-conselho-tutelar-para-orientacoes\/#primaryimage"},"image":{"@id":"https:\/\/radiolifefm.com.br\/noticias\/igreja-universal-promove-acao-da-cidadania-e-convida-o-conselho-tutelar-para-orientacoes\/#primaryimage"},"thumbnailUrl":"https:\/\/radiolifefm.com.br\/noticias\/wp-content\/uploads\/2025\/12\/WhatsApp-Image-2025-12-01-at-14.26.43-scaled.jpeg","datePublished":"2025-12-01T19:36:13+00:00","dateModified":"2026-04-24T16:16:50+00:00","breadcrumb":{"@id":"https:\/\/radiolifefm.com.br\/noticias\/igreja-universal-promove-acao-da-cidadania-e-convida-o-conselho-tutelar-para-orientacoes\/#breadcrumb"},"inLanguage":"pt-BR","potentialAction":[{"@type":"ReadAction","target":["https:\/\/radiolifefm.com.br\/noticias\/igreja-universal-promove-acao-da-cidadania-e-convida-o-conselho-tutelar-para-orientacoes\/"]}]},{"@type":"ImageObject","inLanguage":"pt-BR","@id":"https:\/\/radiolifefm.com.br\/noticias\/igreja-universal-promove-acao-da-cidadania-e-convida-o-conselho-tutelar-para-orientacoes\/#primaryimage","url":"https:\/\/radiolifefm.com.br\/noticias\/wp-content\/uploads\/2025\/12\/WhatsApp-Image-2025-12-01-at-14.26.43-scaled.jpeg","contentUrl":"https:\/\/radiolifefm.com.br\/noticias\/wp-content\/uploads\/2025\/12\/WhatsApp-Image-2025-12-01-at-14.26.43-scaled.jpeg","width":2560,"height":1920},{"@type":"BreadcrumbList","@id":"https:\/\/radiolifefm.com.br\/noticias\/igreja-universal-promove-acao-da-cidadania-e-convida-o-conselho-tutelar-para-orientacoes\/#breadcrumb","itemListElement":[{"@type":"ListItem","position":1,"name":"In\u00edcio","item":"https:\/\/radiolifefm.com.br\/noticias\/"},{"@type":"ListItem","position":2,"name":"Igreja Universal promove A\u00e7\u00e3o da Cidadania e convida o Conselho Tutelar para orienta\u00e7\u00f5es."}]},{"@type":"WebSite","@id":"https:\/\/radiolifefm.com.br\/noticias\/#website","url":"https:\/\/radiolifefm.com.br\/noticias\/","name":"R\u00e1dio Life FM","description":"O Portal de Not\u00edcias de Adamantina","publisher":{"@id":"https:\/\/radiolifefm.com.br\/noticias\/#organization"},"alternateName":"Life FM","potentialAction":[{"@type":"SearchAction","target":{"@type":"EntryPoint","urlTemplate":"https:\/\/radiolifefm.com.br\/noticias\/?s={search_term_string}"},"query-input":{"@type":"PropertyValueSpecification","valueRequired":true,"valueName":"search_term_string"}}],"inLanguage":"pt-BR"},{"@type":"Organization","@id":"https:\/\/radiolifefm.com.br\/noticias\/#organization","name":"R\u00e1dio Life FM","alternateName":"Life FM","url":"https:\/\/radiolifefm.com.br\/noticias\/","logo":{"@type":"ImageObject","inLanguage":"pt-BR","@id":"https:\/\/radiolifefm.com.br\/noticias\/#\/schema\/logo\/image\/","url":"https:\/\/static.radiolifefm.com.br\/noticias\/wp-content\/uploads\/2019\/10\/logo-lifefm.png","contentUrl":"https:\/\/static.radiolifefm.com.br\/noticias\/wp-content\/uploads\/2019\/10\/logo-lifefm.png","width":196,"height":47,"caption":"R\u00e1dio Life FM"},"image":{"@id":"https:\/\/radiolifefm.com.br\/noticias\/#\/schema\/logo\/image\/"},"sameAs":["https:\/\/www.facebook.com\/radiolifefm\/","https:\/\/www.instagram.com\/life1079fm\/"]},{"@type":"Person","@id":"https:\/\/radiolifefm.com.br\/noticias\/#\/schema\/person\/6876e1240feffe6e1b63fd5cb85abf28","name":"joaograndao","image":{"@type":"ImageObject","inLanguage":"pt-BR","@id":"https:\/\/secure.gravatar.com\/avatar\/d5b1a3cf357ed9c50404e256a1294083aa8ab5d2a994001567302786016cb32c?s=96&d=mm&r=g","url":"https:\/\/secure.gravatar.com\/avatar\/d5b1a3cf357ed9c50404e256a1294083aa8ab5d2a994001567302786016cb32c?s=96&d=mm&r=g","contentUrl":"https:\/\/secure.gravatar.com\/avatar\/d5b1a3cf357ed9c50404e256a1294083aa8ab5d2a994001567302786016cb32c?s=96&d=mm&r=g","caption":"joaograndao"}}]}},"amp_enabled":true,"_links":{"self":[{"href":"https:\/\/radiolifefm.com.br\/noticias\/wp-json\/wp\/v2\/posts\/108422","targetHints":{"allow":["GET"]}}],"collection":[{"href":"https:\/\/radiolifefm.com.br\/noticias\/wp-json\/wp\/v2\/posts"}],"about":[{"href":"https:\/\/radiolifefm.com.br\/noticias\/wp-json\/wp\/v2\/types\/post"}],"author":[{"embeddable":true,"href":"https:\/\/radiolifefm.com.br\/noticias\/wp-json\/wp\/v2\/users\/8"}],"replies":[{"embeddable":true,"href":"https:\/\/radiolifefm.com.br\/noticias\/wp-json\/wp\/v2\/comments?post=108422"}],"version-history":[{"count":5,"href":"https:\/\/radiolifefm.com.br\/noticias\/wp-json\/wp\/v2\/posts\/108422\/revisions"}],"predecessor-version":[{"id":108535,"href":"https:\/\/radiolifefm.com.br\/noticias\/wp-json\/wp\/v2\/posts\/108422\/revisions\/108535"}],"wp:featuredmedia":[{"embeddable":true,"href":"https:\/\/radiolifefm.com.br\/noticias\/wp-json\/wp\/v2\/media\/108453"}],"wp:attachment":[{"href":"https:\/\/radiolifefm.com.br\/noticias\/wp-json\/wp\/v2\/media?parent=108422"}],"wp:term":[{"taxonomy":"category","embeddable":true,"href":"https:\/\/radiolifefm.com.br\/noticias\/wp-json\/wp\/v2\/categories?post=108422"},{"taxonomy":"post_tag","embeddable":true,"href":"https:\/\/radiolifefm.com.br\/noticias\/wp-json\/wp\/v2\/tags?post=108422"}],"curies":[{"name":"wp","href":"https:\/\/api.w.org\/{rel}","templated":true}]}}