{"id":108415,"date":"2025-12-01T13:23:25","date_gmt":"2025-12-01T16:23:25","guid":{"rendered":"https:\/\/radiolifefm.com.br\/noticias\/?p=108415"},"modified":"2026-04-28T21:23:18","modified_gmt":"2026-04-29T00:23:18","slug":"provincia-entre-o-novo-e-o-passado-atual","status":"publish","type":"post","link":"https:\/\/radiolifefm.com.br\/noticias\/provincia-entre-o-novo-e-o-passado-atual\/","title":{"rendered":"Prov\u00edncia: entre o NOVO e o PASSADO atual&#8230;"},"content":{"rendered":"<div id=\"fb-root\"><\/div>\n<p>&nbsp;<\/p>\n<p><strong><em>\u201cEsquecer \u00e9 uma necessidade. A vida \u00e9 uma lousa, em que o destino, para escrever um novo caso, precisa de apagar o caso escrito.\u201d<\/em><\/strong> (<a href=\"https:\/\/www.pensador.com\/autor\/machado_de_assis\/\">Machado de Assis \/ <\/a>Assis, M. Obra Completa de Machado de Assis. vol. II. Rio de Janeiro: Nova Aguilar 1994. \/ Nota: Conto &#8220;Verba Testament\u00e1ria&#8221; da obra &#8220;Pap\u00e9is Avulsos&#8221; de Machado de Assis.)<\/p>\n<p><strong>\u00a0<\/strong><\/p>\n<p><strong>seb@r.<\/strong><\/p>\n<p>Pelo visto, ainda, pelo N\u00c3O VISTO, pode-se registrar que o CEN\u00c1RIO PROVINCIANO continua com os mesmos desencontros do outro tempo deste tempo&#8230;<\/p>\n<p>Mesmo assim, pode ser que a atual GEST\u00c3O P\u00daBLICA, isso \u00e9, como sempre, depende sempre disto e mais aquilo, por\u00e9m, NADA COMO UM DIA DEPOIS DO OUTRO&#8230;<\/p>\n<p>Al\u00e9m do mais em meio ao tudo de menos, o tal NOVO est\u00e1 mostrando VELHO com suas diretrizes e PROMESSAS na CAMPANHA ELEITORAL&#8230;<\/p>\n<p>Mas, ainda bem que sempre aparece o MAS pra fazer a diferen\u00e7a de um jeito ou de outro, todavia, TODO CUIDADO \u00c9 POUCO com tais MENTES MED\u00cdOCRES travestidos de PATRIOT\u00c1RIOS\/AS em nome de DEUS, P\u00c1TRIA E FAM\u00cdLIA&#8230;<\/p>\n<p>Por isso e talvez aquilo, ou seja, entre as PROMESSAS, inclusive de uma AUDITORIA, haja vista que foram OITO LONGOS ANOS da Gest\u00e3o PINOQUIANA nesta PROV\u00cdNCIA DO FAZ DE CONTA e at\u00e9 o momento, como sempre, acabou em PIZZA como diz o dito mais do que popular&#8230;<\/p>\n<p>Desta forma, pode-se OBSERVAR aqui ou ali, por\u00e9m, para cada passo \u00e0 frente, no m\u00ednimo 9 s\u00e3o para tr\u00e1s e assim por diante, tamb\u00e9m, a EQUIPE \u00e9 limitada em todas as \u00e1reas e acaba comprometendo as atividades de uma GEST\u00c3O P\u00daBLICA em n\u00edvel ORGANIZACIONAL&#8230;<\/p>\n<p>Nos lados das PAREDES CINZAS, tamb\u00e9m, a MESMICE DE SEMPRE com o MAQUINISTA e seus VAG\u00d5ES DESGOVENADOS, portanto, fica sempre a m\u00e1xima da publicidade, a saber: NADA SE CRIA, TUDO SE COPIA&#8230;<\/p>\n<p>Acredito que nestes DOIS LADOS DE UM MESMO LADO, muitos desafios est\u00e3o em CIMA das MESAS dos tais GESTORES (sic), por\u00e9m, como sempre escrevo nos finais dos textos, QUEM SOBREVIVER VAI SABER&#8230;<\/p>\n<p>Os ditos ou MALDITOS SINAIS est\u00e3o ACESOS com suas LUZES VERMELHAS (sic), assim, cada qual deve saber por onde SAIR sem deixar de ENTRAR&#8230;<\/p>\n<p>N\u00e3o tem como deixar de lado a REFLEX\u00c3O CR\u00cdTICA neste contexto SINGULAR em uma perspectiva de PLURAL, portanto, o cen\u00e1rio ORGANIZACIONAL continua proporcionando DESAFIOS, ainda, patrocinadas pela P\u00d3S-GLOBALIZA\u00c7\u00c3O em n\u00edvel GLOCAL, ou seja, do GLOBAL para o LOCAL&#8230;<\/p>\n<p>Pra n\u00e3o esquecerem, PERDERAM MAN\u00c9S!<\/p>\n<p>&nbsp;<\/p>\n<p>&nbsp;<\/p>\n<p><strong>e-mail: <\/strong><a href=\"mailto:barbosa.sebar@gmail.com\"><strong>barbosa.sebar@gmail.com<\/strong><\/a><\/p>\n<p>&nbsp;<\/p>\n","protected":false},"excerpt":{"rendered":"<p>&nbsp; \u201cEsquecer \u00e9 uma necessidade. A vida \u00e9 uma lousa, em que o destino, para escrever um novo caso, precisa de apagar o caso escrito.\u201d (Machado de Assis \/ Assis, M. Obra Completa de Machado de Assis. vol. II. Rio de Janeiro: Nova Aguilar 1994. \/ Nota: Conto &#8220;Verba Testament\u00e1ria&#8221; da obra &#8220;Pap\u00e9is Avulsos&#8221; de [&hellip;]<\/p>\n","protected":false},"author":8,"featured_media":108115,"comment_status":"closed","ping_status":"open","sticky":false,"template":"","format":"standard","meta":{"_acf_changed":false,"_exactmetrics_skip_tracking":false,"_exactmetrics_sitenote_active":false,"_exactmetrics_sitenote_note":"","_exactmetrics_sitenote_category":0,"footnotes":""},"categories":[1],"tags":[],"class_list":["post-108415","post","type-post","status-publish","format-standard","has-post-thumbnail","hentry","category-geral"],"acf":[],"yoast_head":"<!-- This site is optimized with the Yoast SEO plugin v27.2 - https:\/\/yoast.com\/product\/yoast-seo-wordpress\/ -->\n<title>Prov\u00edncia: entre o NOVO e o PASSADO atual... - R\u00e1dio Life FM<\/title>\n<meta name=\"robots\" content=\"index, follow, max-snippet:-1, max-image-preview:large, max-video-preview:-1\" \/>\n<link rel=\"canonical\" href=\"https:\/\/radiolifefm.com.br\/noticias\/provincia-entre-o-novo-e-o-passado-atual\/\" \/>\n<meta property=\"og:locale\" content=\"pt_BR\" \/>\n<meta property=\"og:type\" content=\"article\" \/>\n<meta property=\"og:title\" content=\"Prov\u00edncia: entre o NOVO e o PASSADO atual... - R\u00e1dio Life FM\" \/>\n<meta property=\"og:description\" content=\"&nbsp; \u201cEsquecer \u00e9 uma necessidade. A vida \u00e9 uma lousa, em que o destino, para escrever um novo caso, precisa de apagar o caso escrito.\u201d (Machado de Assis \/ Assis, M. Obra Completa de Machado de Assis. vol. II. Rio de Janeiro: Nova Aguilar 1994. \/ Nota: Conto &#8220;Verba Testament\u00e1ria&#8221; da obra &#8220;Pap\u00e9is Avulsos&#8221; de [&hellip;]\" \/>\n<meta property=\"og:url\" content=\"https:\/\/radiolifefm.com.br\/noticias\/provincia-entre-o-novo-e-o-passado-atual\/\" \/>\n<meta property=\"og:site_name\" content=\"R\u00e1dio Life FM\" \/>\n<meta property=\"article:publisher\" content=\"https:\/\/www.facebook.com\/radiolifefm\/\" \/>\n<meta property=\"article:published_time\" content=\"2025-12-01T16:23:25+00:00\" \/>\n<meta property=\"article:modified_time\" content=\"2026-04-29T00:23:18+00:00\" \/>\n<meta property=\"og:image\" content=\"https:\/\/radiolifefm.com.br\/noticias\/wp-content\/uploads\/2025\/11\/WhatsApp-Image-2022-04-10-at-18.43.02-1-1.jpeg\" \/>\n\t<meta property=\"og:image:width\" content=\"972\" \/>\n\t<meta property=\"og:image:height\" content=\"1296\" \/>\n\t<meta property=\"og:image:type\" content=\"image\/jpeg\" \/>\n<meta name=\"author\" content=\"joaograndao\" \/>\n<meta name=\"twitter:card\" content=\"summary_large_image\" \/>\n<meta name=\"twitter:label1\" content=\"Escrito por\" \/>\n\t<meta name=\"twitter:data1\" content=\"joaograndao\" \/>\n\t<meta name=\"twitter:label2\" content=\"Est. tempo de leitura\" \/>\n\t<meta name=\"twitter:data2\" content=\"3 minutos\" \/>\n<script type=\"application\/ld+json\" class=\"yoast-schema-graph\">{\"@context\":\"https:\/\/schema.org\",\"@graph\":[{\"@type\":\"Article\",\"@id\":\"https:\/\/radiolifefm.com.br\/noticias\/provincia-entre-o-novo-e-o-passado-atual\/#article\",\"isPartOf\":{\"@id\":\"https:\/\/radiolifefm.com.br\/noticias\/provincia-entre-o-novo-e-o-passado-atual\/\"},\"author\":{\"name\":\"joaograndao\",\"@id\":\"https:\/\/radiolifefm.com.br\/noticias\/#\/schema\/person\/6876e1240feffe6e1b63fd5cb85abf28\"},\"headline\":\"Prov\u00edncia: entre o NOVO e o PASSADO atual&#8230;\",\"datePublished\":\"2025-12-01T16:23:25+00:00\",\"dateModified\":\"2026-04-29T00:23:18+00:00\",\"mainEntityOfPage\":{\"@id\":\"https:\/\/radiolifefm.com.br\/noticias\/provincia-entre-o-novo-e-o-passado-atual\/\"},\"wordCount\":437,\"publisher\":{\"@id\":\"https:\/\/radiolifefm.com.br\/noticias\/#organization\"},\"image\":{\"@id\":\"https:\/\/radiolifefm.com.br\/noticias\/provincia-entre-o-novo-e-o-passado-atual\/#primaryimage\"},\"thumbnailUrl\":\"https:\/\/radiolifefm.com.br\/noticias\/wp-content\/uploads\/2025\/11\/WhatsApp-Image-2022-04-10-at-18.43.02-1-1.jpeg\",\"articleSection\":[\"Geral\"],\"inLanguage\":\"pt-BR\"},{\"@type\":\"WebPage\",\"@id\":\"https:\/\/radiolifefm.com.br\/noticias\/provincia-entre-o-novo-e-o-passado-atual\/\",\"url\":\"https:\/\/radiolifefm.com.br\/noticias\/provincia-entre-o-novo-e-o-passado-atual\/\",\"name\":\"Prov\u00edncia: entre o NOVO e o PASSADO atual... - R\u00e1dio Life FM\",\"isPartOf\":{\"@id\":\"https:\/\/radiolifefm.com.br\/noticias\/#website\"},\"primaryImageOfPage\":{\"@id\":\"https:\/\/radiolifefm.com.br\/noticias\/provincia-entre-o-novo-e-o-passado-atual\/#primaryimage\"},\"image\":{\"@id\":\"https:\/\/radiolifefm.com.br\/noticias\/provincia-entre-o-novo-e-o-passado-atual\/#primaryimage\"},\"thumbnailUrl\":\"https:\/\/radiolifefm.com.br\/noticias\/wp-content\/uploads\/2025\/11\/WhatsApp-Image-2022-04-10-at-18.43.02-1-1.jpeg\",\"datePublished\":\"2025-12-01T16:23:25+00:00\",\"dateModified\":\"2026-04-29T00:23:18+00:00\",\"breadcrumb\":{\"@id\":\"https:\/\/radiolifefm.com.br\/noticias\/provincia-entre-o-novo-e-o-passado-atual\/#breadcrumb\"},\"inLanguage\":\"pt-BR\",\"potentialAction\":[{\"@type\":\"ReadAction\",\"target\":[\"https:\/\/radiolifefm.com.br\/noticias\/provincia-entre-o-novo-e-o-passado-atual\/\"]}]},{\"@type\":\"ImageObject\",\"inLanguage\":\"pt-BR\",\"@id\":\"https:\/\/radiolifefm.com.br\/noticias\/provincia-entre-o-novo-e-o-passado-atual\/#primaryimage\",\"url\":\"https:\/\/radiolifefm.com.br\/noticias\/wp-content\/uploads\/2025\/11\/WhatsApp-Image-2022-04-10-at-18.43.02-1-1.jpeg\",\"contentUrl\":\"https:\/\/radiolifefm.com.br\/noticias\/wp-content\/uploads\/2025\/11\/WhatsApp-Image-2022-04-10-at-18.43.02-1-1.jpeg\",\"width\":972,\"height\":1296},{\"@type\":\"BreadcrumbList\",\"@id\":\"https:\/\/radiolifefm.com.br\/noticias\/provincia-entre-o-novo-e-o-passado-atual\/#breadcrumb\",\"itemListElement\":[{\"@type\":\"ListItem\",\"position\":1,\"name\":\"In\u00edcio\",\"item\":\"https:\/\/radiolifefm.com.br\/noticias\/\"},{\"@type\":\"ListItem\",\"position\":2,\"name\":\"Prov\u00edncia: entre o NOVO e o PASSADO atual&#8230;\"}]},{\"@type\":\"WebSite\",\"@id\":\"https:\/\/radiolifefm.com.br\/noticias\/#website\",\"url\":\"https:\/\/radiolifefm.com.br\/noticias\/\",\"name\":\"R\u00e1dio Life FM\",\"description\":\"O Portal de Not\u00edcias de Adamantina\",\"publisher\":{\"@id\":\"https:\/\/radiolifefm.com.br\/noticias\/#organization\"},\"alternateName\":\"Life FM\",\"potentialAction\":[{\"@type\":\"SearchAction\",\"target\":{\"@type\":\"EntryPoint\",\"urlTemplate\":\"https:\/\/radiolifefm.com.br\/noticias\/?s={search_term_string}\"},\"query-input\":{\"@type\":\"PropertyValueSpecification\",\"valueRequired\":true,\"valueName\":\"search_term_string\"}}],\"inLanguage\":\"pt-BR\"},{\"@type\":\"Organization\",\"@id\":\"https:\/\/radiolifefm.com.br\/noticias\/#organization\",\"name\":\"R\u00e1dio Life FM\",\"alternateName\":\"Life FM\",\"url\":\"https:\/\/radiolifefm.com.br\/noticias\/\",\"logo\":{\"@type\":\"ImageObject\",\"inLanguage\":\"pt-BR\",\"@id\":\"https:\/\/radiolifefm.com.br\/noticias\/#\/schema\/logo\/image\/\",\"url\":\"https:\/\/static.radiolifefm.com.br\/noticias\/wp-content\/uploads\/2019\/10\/logo-lifefm.png\",\"contentUrl\":\"https:\/\/static.radiolifefm.com.br\/noticias\/wp-content\/uploads\/2019\/10\/logo-lifefm.png\",\"width\":196,\"height\":47,\"caption\":\"R\u00e1dio Life FM\"},\"image\":{\"@id\":\"https:\/\/radiolifefm.com.br\/noticias\/#\/schema\/logo\/image\/\"},\"sameAs\":[\"https:\/\/www.facebook.com\/radiolifefm\/\",\"https:\/\/www.instagram.com\/life1079fm\/\"]},{\"@type\":\"Person\",\"@id\":\"https:\/\/radiolifefm.com.br\/noticias\/#\/schema\/person\/6876e1240feffe6e1b63fd5cb85abf28\",\"name\":\"joaograndao\",\"image\":{\"@type\":\"ImageObject\",\"inLanguage\":\"pt-BR\",\"@id\":\"https:\/\/secure.gravatar.com\/avatar\/d5b1a3cf357ed9c50404e256a1294083aa8ab5d2a994001567302786016cb32c?s=96&d=mm&r=g\",\"url\":\"https:\/\/secure.gravatar.com\/avatar\/d5b1a3cf357ed9c50404e256a1294083aa8ab5d2a994001567302786016cb32c?s=96&d=mm&r=g\",\"contentUrl\":\"https:\/\/secure.gravatar.com\/avatar\/d5b1a3cf357ed9c50404e256a1294083aa8ab5d2a994001567302786016cb32c?s=96&d=mm&r=g\",\"caption\":\"joaograndao\"}}]}<\/script>\n<!-- \/ Yoast SEO plugin. -->","yoast_head_json":{"title":"Prov\u00edncia: entre o NOVO e o PASSADO atual... - R\u00e1dio Life FM","robots":{"index":"index","follow":"follow","max-snippet":"max-snippet:-1","max-image-preview":"max-image-preview:large","max-video-preview":"max-video-preview:-1"},"canonical":"https:\/\/radiolifefm.com.br\/noticias\/provincia-entre-o-novo-e-o-passado-atual\/","og_locale":"pt_BR","og_type":"article","og_title":"Prov\u00edncia: entre o NOVO e o PASSADO atual... - R\u00e1dio Life FM","og_description":"&nbsp; \u201cEsquecer \u00e9 uma necessidade. A vida \u00e9 uma lousa, em que o destino, para escrever um novo caso, precisa de apagar o caso escrito.\u201d (Machado de Assis \/ Assis, M. Obra Completa de Machado de Assis. vol. II. Rio de Janeiro: Nova Aguilar 1994. \/ Nota: Conto &#8220;Verba Testament\u00e1ria&#8221; da obra &#8220;Pap\u00e9is Avulsos&#8221; de [&hellip;]","og_url":"https:\/\/radiolifefm.com.br\/noticias\/provincia-entre-o-novo-e-o-passado-atual\/","og_site_name":"R\u00e1dio Life FM","article_publisher":"https:\/\/www.facebook.com\/radiolifefm\/","article_published_time":"2025-12-01T16:23:25+00:00","article_modified_time":"2026-04-29T00:23:18+00:00","og_image":[{"width":972,"height":1296,"url":"https:\/\/radiolifefm.com.br\/noticias\/wp-content\/uploads\/2025\/11\/WhatsApp-Image-2022-04-10-at-18.43.02-1-1.jpeg","type":"image\/jpeg"}],"author":"joaograndao","twitter_card":"summary_large_image","twitter_misc":{"Escrito por":"joaograndao","Est. tempo de leitura":"3 minutos"},"schema":{"@context":"https:\/\/schema.org","@graph":[{"@type":"Article","@id":"https:\/\/radiolifefm.com.br\/noticias\/provincia-entre-o-novo-e-o-passado-atual\/#article","isPartOf":{"@id":"https:\/\/radiolifefm.com.br\/noticias\/provincia-entre-o-novo-e-o-passado-atual\/"},"author":{"name":"joaograndao","@id":"https:\/\/radiolifefm.com.br\/noticias\/#\/schema\/person\/6876e1240feffe6e1b63fd5cb85abf28"},"headline":"Prov\u00edncia: entre o NOVO e o PASSADO atual&#8230;","datePublished":"2025-12-01T16:23:25+00:00","dateModified":"2026-04-29T00:23:18+00:00","mainEntityOfPage":{"@id":"https:\/\/radiolifefm.com.br\/noticias\/provincia-entre-o-novo-e-o-passado-atual\/"},"wordCount":437,"publisher":{"@id":"https:\/\/radiolifefm.com.br\/noticias\/#organization"},"image":{"@id":"https:\/\/radiolifefm.com.br\/noticias\/provincia-entre-o-novo-e-o-passado-atual\/#primaryimage"},"thumbnailUrl":"https:\/\/radiolifefm.com.br\/noticias\/wp-content\/uploads\/2025\/11\/WhatsApp-Image-2022-04-10-at-18.43.02-1-1.jpeg","articleSection":["Geral"],"inLanguage":"pt-BR"},{"@type":"WebPage","@id":"https:\/\/radiolifefm.com.br\/noticias\/provincia-entre-o-novo-e-o-passado-atual\/","url":"https:\/\/radiolifefm.com.br\/noticias\/provincia-entre-o-novo-e-o-passado-atual\/","name":"Prov\u00edncia: entre o NOVO e o PASSADO atual... - R\u00e1dio Life FM","isPartOf":{"@id":"https:\/\/radiolifefm.com.br\/noticias\/#website"},"primaryImageOfPage":{"@id":"https:\/\/radiolifefm.com.br\/noticias\/provincia-entre-o-novo-e-o-passado-atual\/#primaryimage"},"image":{"@id":"https:\/\/radiolifefm.com.br\/noticias\/provincia-entre-o-novo-e-o-passado-atual\/#primaryimage"},"thumbnailUrl":"https:\/\/radiolifefm.com.br\/noticias\/wp-content\/uploads\/2025\/11\/WhatsApp-Image-2022-04-10-at-18.43.02-1-1.jpeg","datePublished":"2025-12-01T16:23:25+00:00","dateModified":"2026-04-29T00:23:18+00:00","breadcrumb":{"@id":"https:\/\/radiolifefm.com.br\/noticias\/provincia-entre-o-novo-e-o-passado-atual\/#breadcrumb"},"inLanguage":"pt-BR","potentialAction":[{"@type":"ReadAction","target":["https:\/\/radiolifefm.com.br\/noticias\/provincia-entre-o-novo-e-o-passado-atual\/"]}]},{"@type":"ImageObject","inLanguage":"pt-BR","@id":"https:\/\/radiolifefm.com.br\/noticias\/provincia-entre-o-novo-e-o-passado-atual\/#primaryimage","url":"https:\/\/radiolifefm.com.br\/noticias\/wp-content\/uploads\/2025\/11\/WhatsApp-Image-2022-04-10-at-18.43.02-1-1.jpeg","contentUrl":"https:\/\/radiolifefm.com.br\/noticias\/wp-content\/uploads\/2025\/11\/WhatsApp-Image-2022-04-10-at-18.43.02-1-1.jpeg","width":972,"height":1296},{"@type":"BreadcrumbList","@id":"https:\/\/radiolifefm.com.br\/noticias\/provincia-entre-o-novo-e-o-passado-atual\/#breadcrumb","itemListElement":[{"@type":"ListItem","position":1,"name":"In\u00edcio","item":"https:\/\/radiolifefm.com.br\/noticias\/"},{"@type":"ListItem","position":2,"name":"Prov\u00edncia: entre o NOVO e o PASSADO atual&#8230;"}]},{"@type":"WebSite","@id":"https:\/\/radiolifefm.com.br\/noticias\/#website","url":"https:\/\/radiolifefm.com.br\/noticias\/","name":"R\u00e1dio Life FM","description":"O Portal de Not\u00edcias de Adamantina","publisher":{"@id":"https:\/\/radiolifefm.com.br\/noticias\/#organization"},"alternateName":"Life FM","potentialAction":[{"@type":"SearchAction","target":{"@type":"EntryPoint","urlTemplate":"https:\/\/radiolifefm.com.br\/noticias\/?s={search_term_string}"},"query-input":{"@type":"PropertyValueSpecification","valueRequired":true,"valueName":"search_term_string"}}],"inLanguage":"pt-BR"},{"@type":"Organization","@id":"https:\/\/radiolifefm.com.br\/noticias\/#organization","name":"R\u00e1dio Life FM","alternateName":"Life FM","url":"https:\/\/radiolifefm.com.br\/noticias\/","logo":{"@type":"ImageObject","inLanguage":"pt-BR","@id":"https:\/\/radiolifefm.com.br\/noticias\/#\/schema\/logo\/image\/","url":"https:\/\/static.radiolifefm.com.br\/noticias\/wp-content\/uploads\/2019\/10\/logo-lifefm.png","contentUrl":"https:\/\/static.radiolifefm.com.br\/noticias\/wp-content\/uploads\/2019\/10\/logo-lifefm.png","width":196,"height":47,"caption":"R\u00e1dio Life FM"},"image":{"@id":"https:\/\/radiolifefm.com.br\/noticias\/#\/schema\/logo\/image\/"},"sameAs":["https:\/\/www.facebook.com\/radiolifefm\/","https:\/\/www.instagram.com\/life1079fm\/"]},{"@type":"Person","@id":"https:\/\/radiolifefm.com.br\/noticias\/#\/schema\/person\/6876e1240feffe6e1b63fd5cb85abf28","name":"joaograndao","image":{"@type":"ImageObject","inLanguage":"pt-BR","@id":"https:\/\/secure.gravatar.com\/avatar\/d5b1a3cf357ed9c50404e256a1294083aa8ab5d2a994001567302786016cb32c?s=96&d=mm&r=g","url":"https:\/\/secure.gravatar.com\/avatar\/d5b1a3cf357ed9c50404e256a1294083aa8ab5d2a994001567302786016cb32c?s=96&d=mm&r=g","contentUrl":"https:\/\/secure.gravatar.com\/avatar\/d5b1a3cf357ed9c50404e256a1294083aa8ab5d2a994001567302786016cb32c?s=96&d=mm&r=g","caption":"joaograndao"}}]}},"amp_enabled":true,"_links":{"self":[{"href":"https:\/\/radiolifefm.com.br\/noticias\/wp-json\/wp\/v2\/posts\/108415","targetHints":{"allow":["GET"]}}],"collection":[{"href":"https:\/\/radiolifefm.com.br\/noticias\/wp-json\/wp\/v2\/posts"}],"about":[{"href":"https:\/\/radiolifefm.com.br\/noticias\/wp-json\/wp\/v2\/types\/post"}],"author":[{"embeddable":true,"href":"https:\/\/radiolifefm.com.br\/noticias\/wp-json\/wp\/v2\/users\/8"}],"replies":[{"embeddable":true,"href":"https:\/\/radiolifefm.com.br\/noticias\/wp-json\/wp\/v2\/comments?post=108415"}],"version-history":[{"count":2,"href":"https:\/\/radiolifefm.com.br\/noticias\/wp-json\/wp\/v2\/posts\/108415\/revisions"}],"predecessor-version":[{"id":108417,"href":"https:\/\/radiolifefm.com.br\/noticias\/wp-json\/wp\/v2\/posts\/108415\/revisions\/108417"}],"wp:featuredmedia":[{"embeddable":true,"href":"https:\/\/radiolifefm.com.br\/noticias\/wp-json\/wp\/v2\/media\/108115"}],"wp:attachment":[{"href":"https:\/\/radiolifefm.com.br\/noticias\/wp-json\/wp\/v2\/media?parent=108415"}],"wp:term":[{"taxonomy":"category","embeddable":true,"href":"https:\/\/radiolifefm.com.br\/noticias\/wp-json\/wp\/v2\/categories?post=108415"},{"taxonomy":"post_tag","embeddable":true,"href":"https:\/\/radiolifefm.com.br\/noticias\/wp-json\/wp\/v2\/tags?post=108415"}],"curies":[{"name":"wp","href":"https:\/\/api.w.org\/{rel}","templated":true}]}}