{"id":108250,"date":"2025-11-27T09:04:42","date_gmt":"2025-11-27T12:04:42","guid":{"rendered":"https:\/\/radiolifefm.com.br\/noticias\/?p=108250"},"modified":"2026-04-08T05:55:44","modified_gmt":"2026-04-08T08:55:44","slug":"a-danca-e-a-cultura-brasileira-espetaculo-ayrton-do-brasil-encanta-adamantina","status":"publish","type":"post","link":"https:\/\/radiolifefm.com.br\/noticias\/a-danca-e-a-cultura-brasileira-espetaculo-ayrton-do-brasil-encanta-adamantina\/","title":{"rendered":"A Dan\u00e7a e a Cultura Brasileira:  Espet\u00e1culo &#8220;Ayrton do Brasil&#8221; encanta Adamantina"},"content":{"rendered":"<div id=\"fb-root\"><\/div>\n<p>Na noite de 26 de novembro, o Teatro Fernando Palone, em Adamantina, foi palco de um espet\u00e1culo emocionante que uniu dan\u00e7a, hist\u00f3ria e supera\u00e7\u00e3o. O evento, parte do projeto Bom de Nota, Bom de Dan\u00e7a, marcou o encerramento das atividades do ano de 2025 e trouxe \u00e0 cidade o aclamado espet\u00e1culo Ayrton do Brasil, que homenageia um dos maiores \u00edcones do esporte brasileiro: Ayrton Senna.<\/p>\n<p>&nbsp;<\/p>\n<p>Acompanhada de perto por um p\u00fablico atento e emocionado, a coordenadora do espet\u00e1culo, Bruna , falou sobre a import\u00e2ncia de levar a cultura e a arte para diferentes regi\u00f5es do Brasil. Natural de Bento Gon\u00e7alves no Sul , Bruna destacou a recep\u00e7\u00e3o calorosa que o projeto sempre recebe em Adamantina e a parceria constante com a Secretaria de Cultura e Turismo da cidade.<\/p>\n<p>&nbsp;<\/p>\n<p>&#8220;\u00c9 uma grande honra estarmos aqui. A cada edi\u00e7\u00e3o, sentimos o carinho e o apoio da cidade e da Secretaria de Cultura, o que torna a execu\u00e7\u00e3o do projeto ainda mais especial. O espet\u00e1culo de hoje \u00e9 uma homenagem a Ayrton Senna, um \u00edcone brasileiro que inspira milhares de pessoas com sua trajet\u00f3ria de supera\u00e7\u00e3o e coragem&#8221;, explicou Bruna.<\/p>\n<p>&nbsp;<\/p>\n<p>Ayrton do Brasil n\u00e3o \u00e9 apenas uma apresenta\u00e7\u00e3o de dan\u00e7a, mas uma reflex\u00e3o sobre a vida e os valores do piloto. Combinando bal\u00e9 e dan\u00e7as urbanas, o espet\u00e1culo resgata momentos da carreira de Senna e busca transmitir aos espectadores uma mensagem de perseveran\u00e7a, de acreditar nos pr\u00f3prios ideais e de lutar por aquilo que se acredita. &#8220;Nosso objetivo \u00e9 fazer com que o p\u00fablico se inspire na hist\u00f3ria de Ayrton Senna, que \u00e9 a mesma hist\u00f3ria de muitos dos nossos alunos, que tamb\u00e9m enfrentam desafios, mas encontram na arte uma forma de supera\u00e7\u00e3o&#8221;, completou a coordenadora.<\/p>\n<p>&nbsp;<\/p>\n<p>O espet\u00e1culo, que teve entrada gratuita, \u00e9 uma das v\u00e1rias iniciativas culturais que buscam democratizar o acesso \u00e0 arte e \u00e0 cultura em cidades do interior, levando projetos que, muitas vezes, n\u00e3o chegam a esses lugares de forma espont\u00e2nea.<\/p>\n<p>&nbsp;<\/p>\n<p>Al\u00e9m da realiza\u00e7\u00e3o cultural, o evento contou com o apoio de v\u00e1rias institui\u00e7\u00f5es, como a Associa\u00e7\u00e3o Pro Esporte Cultura de Ribeir\u00e3o Preto, que \u00e9 um dos parceiros importantes do projeto. Evandro Silveira, presidente da associa\u00e7\u00e3o, explicou como a parceria entre o poder p\u00fablico, a iniciativa privada e as organiza\u00e7\u00f5es sociais tem sido fundamental para a execu\u00e7\u00e3o de projetos como este.<\/p>\n<p>&nbsp;<\/p>\n<p>&#8220;A nossa associa\u00e7\u00e3o surgiu com o prop\u00f3sito de criar oportunidades para quem n\u00e3o tem acesso a elas, especialmente crian\u00e7as e adolescentes. Come\u00e7amos l\u00e1 em 1996, e com o avan\u00e7o das leis de incentivo \u00e0 cultura e ao esporte, conseguimos expandir nosso alcance, trazendo oportunidades para toda a regi\u00e3o&#8221;, comentou Evandro.<\/p>\n<p>&nbsp;<\/p>\n<p>Ele destacou que, al\u00e9m dos incentivos fiscais estaduais e federais, o apoio da iniciativa privada tamb\u00e9m \u00e9 crucial para viabilizar projetos de grande porte como o espet\u00e1culo Ayrton do Brasil. &#8220;A parceria com empresas privadas tem sido fundamental para que possamos levar cultura e esporte a tantas comunidades carentes, e hoje estamos aqui em Adamantina, realizando mais um evento de grande import\u00e2ncia&#8221;, afirmou o presidente.<\/p>\n<p>&nbsp;<\/p>\n<p>Ayrton do Brasil n\u00e3o \u00e9 apenas um espet\u00e1culo de dan\u00e7a, mas um exemplo claro de como a uni\u00e3o entre a arte, a cultura e o esporte pode transformar a vida das pessoas. O projeto n\u00e3o apenas homenageia Ayrton Senna, mas tamb\u00e9m oferece a jovens de v\u00e1rias regi\u00f5es do Brasil uma oportunidade de se expressar, de aprender e de acreditar em um futuro melhor.<\/p>\n<p>&nbsp;<\/p>\n<p>O espet\u00e1culo e o projeto demonstram o poder da arte como ferramenta de transforma\u00e7\u00e3o social e a import\u00e2ncia de se continuar investindo em iniciativas que possam proporcionar mais e mais oportunidades de crescimento cultural e pessoal para crian\u00e7as e adolescentes, seja por meio do esporte, da dan\u00e7a ou de outras formas de express\u00e3o art\u00edstica.<\/p>\n<p>&nbsp;<\/p>\n<p>A noite foi, sem d\u00favida, uma celebra\u00e7\u00e3o da cultura, da arte e da perseveran\u00e7a, valores que tamb\u00e9m est\u00e3o presentes na hist\u00f3ria de Senna e nos cora\u00e7\u00f5es de todos os envolvidos no espet\u00e1culo.<\/p>\n<p>&nbsp;<\/p>\n<p>Encerramento de um ciclo, mas um novo come\u00e7o para a arte em Adamantina e no Brasil.<\/p>\n<div class='flex flex-wrap items-center -mx-1'>\r\n<a class='thumbnail gallery p-1 w-1\/2 md:w-1\/4' href='https:\/\/radiolifefm.com.br\/noticias\/wp-content\/uploads\/2025\/11\/IMG-20251127-WA0016.jpg'><img class='border border-white' src='https:\/\/radiolifefm.com.br\/noticias\/wp-content\/uploads\/2025\/11\/IMG-20251127-WA0016-200x200.jpg' alt='IMG 20251127 WA0016' \/><\/a><a class='thumbnail gallery p-1 w-1\/2 md:w-1\/4' href='https:\/\/radiolifefm.com.br\/noticias\/wp-content\/uploads\/2025\/11\/IMG-20251127-WA0018.jpg'><img class='border border-white' src='https:\/\/radiolifefm.com.br\/noticias\/wp-content\/uploads\/2025\/11\/IMG-20251127-WA0018-200x200.jpg' alt='IMG 20251127 WA0018' \/><\/a><a class='thumbnail gallery p-1 w-1\/2 md:w-1\/4' href='https:\/\/radiolifefm.com.br\/noticias\/wp-content\/uploads\/2025\/11\/IMG-20251127-WA0021.jpg'><img class='border border-white' src='https:\/\/radiolifefm.com.br\/noticias\/wp-content\/uploads\/2025\/11\/IMG-20251127-WA0021-200x200.jpg' alt='IMG 20251127 WA0021' \/><\/a><a class='thumbnail gallery p-1 w-1\/2 md:w-1\/4' href='https:\/\/radiolifefm.com.br\/noticias\/wp-content\/uploads\/2025\/11\/IMG-20251127-WA0022.jpg'><img class='border border-white' src='https:\/\/radiolifefm.com.br\/noticias\/wp-content\/uploads\/2025\/11\/IMG-20251127-WA0022-200x200.jpg' alt='IMG 20251127 WA0022' \/><\/a><a class='thumbnail gallery p-1 w-1\/2 md:w-1\/4' href='https:\/\/radiolifefm.com.br\/noticias\/wp-content\/uploads\/2025\/11\/IMG-20251127-WA0023.jpg'><img class='border border-white' src='https:\/\/radiolifefm.com.br\/noticias\/wp-content\/uploads\/2025\/11\/IMG-20251127-WA0023-200x200.jpg' alt='IMG 20251127 WA0023' \/><\/a><a class='thumbnail gallery p-1 w-1\/2 md:w-1\/4' href='https:\/\/radiolifefm.com.br\/noticias\/wp-content\/uploads\/2025\/11\/IMG-20251127-WA0024.jpg'><img class='border border-white' src='https:\/\/radiolifefm.com.br\/noticias\/wp-content\/uploads\/2025\/11\/IMG-20251127-WA0024-200x200.jpg' alt='IMG 20251127 WA0024' \/><\/a><a class='thumbnail gallery p-1 w-1\/2 md:w-1\/4' href='https:\/\/radiolifefm.com.br\/noticias\/wp-content\/uploads\/2025\/11\/IMG-20251127-WA0026.jpg'><img class='border border-white' src='https:\/\/radiolifefm.com.br\/noticias\/wp-content\/uploads\/2025\/11\/IMG-20251127-WA0026-200x200.jpg' alt='IMG 20251127 WA0026' \/><\/a><a class='thumbnail gallery p-1 w-1\/2 md:w-1\/4' href='https:\/\/radiolifefm.com.br\/noticias\/wp-content\/uploads\/2025\/11\/IMG-20251127-WA0025.jpg'><img class='border border-white' src='https:\/\/radiolifefm.com.br\/noticias\/wp-content\/uploads\/2025\/11\/IMG-20251127-WA0025-200x200.jpg' alt='IMG 20251127 WA0025' \/><\/a><a class='thumbnail gallery p-1 w-1\/2 md:w-1\/4' href='https:\/\/radiolifefm.com.br\/noticias\/wp-content\/uploads\/2025\/11\/IMG-20251127-WA0028.jpg'><img class='border border-white' src='https:\/\/radiolifefm.com.br\/noticias\/wp-content\/uploads\/2025\/11\/IMG-20251127-WA0028-200x200.jpg' alt='IMG 20251127 WA0028' \/><\/a><a class='thumbnail gallery p-1 w-1\/2 md:w-1\/4' href='https:\/\/radiolifefm.com.br\/noticias\/wp-content\/uploads\/2025\/11\/IMG-20251127-WA0027.jpg'><img class='border border-white' src='https:\/\/radiolifefm.com.br\/noticias\/wp-content\/uploads\/2025\/11\/IMG-20251127-WA0027-200x200.jpg' alt='IMG 20251127 WA0027' \/><\/a><a class='thumbnail gallery p-1 w-1\/2 md:w-1\/4' href='https:\/\/radiolifefm.com.br\/noticias\/wp-content\/uploads\/2025\/11\/IMG-20251127-WA0031.jpg'><img class='border border-white' src='https:\/\/radiolifefm.com.br\/noticias\/wp-content\/uploads\/2025\/11\/IMG-20251127-WA0031-200x200.jpg' alt='IMG 20251127 WA0031' \/><\/a><a class='thumbnail gallery p-1 w-1\/2 md:w-1\/4' href='https:\/\/radiolifefm.com.br\/noticias\/wp-content\/uploads\/2025\/11\/IMG-20251127-WA0029.jpg'><img class='border border-white' src='https:\/\/radiolifefm.com.br\/noticias\/wp-content\/uploads\/2025\/11\/IMG-20251127-WA0029-200x200.jpg' alt='IMG 20251127 WA0029' \/><\/a><a class='thumbnail gallery p-1 w-1\/2 md:w-1\/4' href='https:\/\/radiolifefm.com.br\/noticias\/wp-content\/uploads\/2025\/11\/IMG-20251127-WA0032.jpg'><img class='border border-white' src='https:\/\/radiolifefm.com.br\/noticias\/wp-content\/uploads\/2025\/11\/IMG-20251127-WA0032-200x200.jpg' alt='IMG 20251127 WA0032' \/><\/a><a class='thumbnail gallery p-1 w-1\/2 md:w-1\/4' href='https:\/\/radiolifefm.com.br\/noticias\/wp-content\/uploads\/2025\/11\/IMG-20251127-WA0033.jpg'><img class='border border-white' src='https:\/\/radiolifefm.com.br\/noticias\/wp-content\/uploads\/2025\/11\/IMG-20251127-WA0033-200x200.jpg' alt='IMG 20251127 WA0033' \/><\/a><a class='thumbnail gallery p-1 w-1\/2 md:w-1\/4' href='https:\/\/radiolifefm.com.br\/noticias\/wp-content\/uploads\/2025\/11\/IMG-20251127-WA0034.jpg'><img class='border border-white' src='https:\/\/radiolifefm.com.br\/noticias\/wp-content\/uploads\/2025\/11\/IMG-20251127-WA0034-200x200.jpg' alt='IMG 20251127 WA0034' \/><\/a><a class='thumbnail gallery p-1 w-1\/2 md:w-1\/4' href='https:\/\/radiolifefm.com.br\/noticias\/wp-content\/uploads\/2025\/11\/IMG-20251127-WA0036.jpg'><img class='border border-white' src='https:\/\/radiolifefm.com.br\/noticias\/wp-content\/uploads\/2025\/11\/IMG-20251127-WA0036-200x200.jpg' alt='IMG 20251127 WA0036' \/><\/a><a class='thumbnail gallery p-1 w-1\/2 md:w-1\/4' href='https:\/\/radiolifefm.com.br\/noticias\/wp-content\/uploads\/2025\/11\/IMG-20251127-WA0037.jpg'><img class='border border-white' src='https:\/\/radiolifefm.com.br\/noticias\/wp-content\/uploads\/2025\/11\/IMG-20251127-WA0037-200x200.jpg' alt='IMG 20251127 WA0037' \/><\/a><a class='thumbnail gallery p-1 w-1\/2 md:w-1\/4' href='https:\/\/radiolifefm.com.br\/noticias\/wp-content\/uploads\/2025\/11\/IMG-20251127-WA0038.jpg'><img class='border border-white' src='https:\/\/radiolifefm.com.br\/noticias\/wp-content\/uploads\/2025\/11\/IMG-20251127-WA0038-200x200.jpg' alt='IMG 20251127 WA0038' \/><\/a><a class='thumbnail gallery p-1 w-1\/2 md:w-1\/4' href='https:\/\/radiolifefm.com.br\/noticias\/wp-content\/uploads\/2025\/11\/IMG-20251127-WA0039.jpg'><img class='border border-white' src='https:\/\/radiolifefm.com.br\/noticias\/wp-content\/uploads\/2025\/11\/IMG-20251127-WA0039-200x200.jpg' alt='IMG 20251127 WA0039' \/><\/a><a class='thumbnail gallery p-1 w-1\/2 md:w-1\/4' href='https:\/\/radiolifefm.com.br\/noticias\/wp-content\/uploads\/2025\/11\/IMG-20251127-WA0040.jpg'><img class='border border-white' src='https:\/\/radiolifefm.com.br\/noticias\/wp-content\/uploads\/2025\/11\/IMG-20251127-WA0040-200x200.jpg' alt='IMG 20251127 WA0040' \/><\/a><a class='thumbnail gallery p-1 w-1\/2 md:w-1\/4' href='https:\/\/radiolifefm.com.br\/noticias\/wp-content\/uploads\/2025\/11\/IMG-20251127-WA0041.jpg'><img class='border border-white' src='https:\/\/radiolifefm.com.br\/noticias\/wp-content\/uploads\/2025\/11\/IMG-20251127-WA0041-200x200.jpg' alt='IMG 20251127 WA0041' \/><\/a><a class='thumbnail gallery p-1 w-1\/2 md:w-1\/4' href='https:\/\/radiolifefm.com.br\/noticias\/wp-content\/uploads\/2025\/11\/IMG-20251127-WA0042.jpg'><img class='border border-white' src='https:\/\/radiolifefm.com.br\/noticias\/wp-content\/uploads\/2025\/11\/IMG-20251127-WA0042-200x200.jpg' alt='IMG 20251127 WA0042' \/><\/a><a class='thumbnail gallery p-1 w-1\/2 md:w-1\/4' href='https:\/\/radiolifefm.com.br\/noticias\/wp-content\/uploads\/2025\/11\/IMG-20251127-WA0045.jpg'><img class='border border-white' src='https:\/\/radiolifefm.com.br\/noticias\/wp-content\/uploads\/2025\/11\/IMG-20251127-WA0045-200x200.jpg' alt='IMG 20251127 WA0045' \/><\/a><a class='thumbnail gallery p-1 w-1\/2 md:w-1\/4' href='https:\/\/radiolifefm.com.br\/noticias\/wp-content\/uploads\/2025\/11\/IMG-20251127-WA0048.jpg'><img class='border border-white' src='https:\/\/radiolifefm.com.br\/noticias\/wp-content\/uploads\/2025\/11\/IMG-20251127-WA0048-200x200.jpg' alt='IMG 20251127 WA0048' \/><\/a><a class='thumbnail gallery p-1 w-1\/2 md:w-1\/4' href='https:\/\/radiolifefm.com.br\/noticias\/wp-content\/uploads\/2025\/11\/IMG-20251127-WA0050.jpg'><img class='border border-white' src='https:\/\/radiolifefm.com.br\/noticias\/wp-content\/uploads\/2025\/11\/IMG-20251127-WA0050-200x200.jpg' alt='IMG 20251127 WA0050' \/><\/a><a class='thumbnail gallery p-1 w-1\/2 md:w-1\/4' href='https:\/\/radiolifefm.com.br\/noticias\/wp-content\/uploads\/2025\/11\/IMG-20251127-WA0052.jpg'><img class='border border-white' src='https:\/\/radiolifefm.com.br\/noticias\/wp-content\/uploads\/2025\/11\/IMG-20251127-WA0052-200x200.jpg' alt='IMG 20251127 WA0052' \/><\/a><a class='thumbnail gallery p-1 w-1\/2 md:w-1\/4' href='https:\/\/radiolifefm.com.br\/noticias\/wp-content\/uploads\/2025\/11\/IMG-20251127-WA0055.jpg'><img class='border border-white' src='https:\/\/radiolifefm.com.br\/noticias\/wp-content\/uploads\/2025\/11\/IMG-20251127-WA0055-200x200.jpg' alt='IMG 20251127 WA0055' \/><\/a><\/div>\n<p>&nbsp;<\/p>\n<p>Fonte e fotos: Rita Nery<\/p>\n","protected":false},"excerpt":{"rendered":"<p>Na noite de 26 de novembro, o Teatro Fernando Palone, em Adamantina, foi palco de um espet\u00e1culo emocionante que uniu dan\u00e7a, hist\u00f3ria e supera\u00e7\u00e3o. O evento, parte do projeto Bom de Nota, Bom de Dan\u00e7a, marcou o encerramento das atividades do ano de 2025 e trouxe \u00e0 cidade o aclamado espet\u00e1culo Ayrton do Brasil, que [&hellip;]<\/p>\n","protected":false},"author":13,"featured_media":108251,"comment_status":"closed","ping_status":"open","sticky":false,"template":"","format":"standard","meta":{"_acf_changed":false,"_exactmetrics_skip_tracking":false,"_exactmetrics_sitenote_active":false,"_exactmetrics_sitenote_note":"","_exactmetrics_sitenote_category":0,"footnotes":""},"categories":[89,21],"tags":[],"class_list":["post-108250","post","type-post","status-publish","format-standard","has-post-thumbnail","hentry","category-acao-social","category-adamantina"],"acf":[],"yoast_head":"<!-- This site is optimized with the Yoast SEO plugin v27.2 - https:\/\/yoast.com\/product\/yoast-seo-wordpress\/ -->\n<title>A Dan\u00e7a e a Cultura Brasileira: Espet\u00e1culo &quot;Ayrton do Brasil&quot; encanta Adamantina - R\u00e1dio Life FM<\/title>\n<meta name=\"robots\" content=\"index, follow, max-snippet:-1, max-image-preview:large, max-video-preview:-1\" \/>\n<link rel=\"canonical\" href=\"https:\/\/radiolifefm.com.br\/noticias\/a-danca-e-a-cultura-brasileira-espetaculo-ayrton-do-brasil-encanta-adamantina\/\" \/>\n<meta property=\"og:locale\" content=\"pt_BR\" \/>\n<meta property=\"og:type\" content=\"article\" \/>\n<meta property=\"og:title\" content=\"A Dan\u00e7a e a Cultura Brasileira: Espet\u00e1culo &quot;Ayrton do Brasil&quot; encanta Adamantina - R\u00e1dio Life FM\" \/>\n<meta property=\"og:description\" content=\"Na noite de 26 de novembro, o Teatro Fernando Palone, em Adamantina, foi palco de um espet\u00e1culo emocionante que uniu dan\u00e7a, hist\u00f3ria e supera\u00e7\u00e3o. O evento, parte do projeto Bom de Nota, Bom de Dan\u00e7a, marcou o encerramento das atividades do ano de 2025 e trouxe \u00e0 cidade o aclamado espet\u00e1culo Ayrton do Brasil, que [&hellip;]\" \/>\n<meta property=\"og:url\" content=\"https:\/\/radiolifefm.com.br\/noticias\/a-danca-e-a-cultura-brasileira-espetaculo-ayrton-do-brasil-encanta-adamantina\/\" \/>\n<meta property=\"og:site_name\" content=\"R\u00e1dio Life FM\" \/>\n<meta property=\"article:publisher\" content=\"https:\/\/www.facebook.com\/radiolifefm\/\" \/>\n<meta property=\"article:published_time\" content=\"2025-11-27T12:04:42+00:00\" \/>\n<meta property=\"article:modified_time\" content=\"2026-04-08T08:55:44+00:00\" \/>\n<meta property=\"og:image\" content=\"https:\/\/radiolifefm.com.br\/noticias\/wp-content\/uploads\/2025\/11\/IMG-20251127-WA0053.jpg\" \/>\n\t<meta property=\"og:image:width\" content=\"1600\" \/>\n\t<meta property=\"og:image:height\" content=\"1066\" \/>\n\t<meta property=\"og:image:type\" content=\"image\/jpeg\" \/>\n<meta name=\"author\" content=\"ritanery\" \/>\n<meta name=\"twitter:card\" content=\"summary_large_image\" \/>\n<meta name=\"twitter:label1\" content=\"Escrito por\" \/>\n\t<meta name=\"twitter:data1\" content=\"ritanery\" \/>\n\t<meta name=\"twitter:label2\" content=\"Est. tempo de leitura\" \/>\n\t<meta name=\"twitter:data2\" content=\"4 minutos\" \/>\n<script type=\"application\/ld+json\" class=\"yoast-schema-graph\">{\"@context\":\"https:\/\/schema.org\",\"@graph\":[{\"@type\":\"Article\",\"@id\":\"https:\/\/radiolifefm.com.br\/noticias\/a-danca-e-a-cultura-brasileira-espetaculo-ayrton-do-brasil-encanta-adamantina\/#article\",\"isPartOf\":{\"@id\":\"https:\/\/radiolifefm.com.br\/noticias\/a-danca-e-a-cultura-brasileira-espetaculo-ayrton-do-brasil-encanta-adamantina\/\"},\"author\":{\"name\":\"ritanery\",\"@id\":\"https:\/\/radiolifefm.com.br\/noticias\/#\/schema\/person\/6339b9fac59d12b071dec680d7375d87\"},\"headline\":\"A Dan\u00e7a e a Cultura Brasileira: Espet\u00e1culo &#8220;Ayrton do Brasil&#8221; encanta Adamantina\",\"datePublished\":\"2025-11-27T12:04:42+00:00\",\"dateModified\":\"2026-04-08T08:55:44+00:00\",\"mainEntityOfPage\":{\"@id\":\"https:\/\/radiolifefm.com.br\/noticias\/a-danca-e-a-cultura-brasileira-espetaculo-ayrton-do-brasil-encanta-adamantina\/\"},\"wordCount\":759,\"publisher\":{\"@id\":\"https:\/\/radiolifefm.com.br\/noticias\/#organization\"},\"image\":{\"@id\":\"https:\/\/radiolifefm.com.br\/noticias\/a-danca-e-a-cultura-brasileira-espetaculo-ayrton-do-brasil-encanta-adamantina\/#primaryimage\"},\"thumbnailUrl\":\"https:\/\/radiolifefm.com.br\/noticias\/wp-content\/uploads\/2025\/11\/IMG-20251127-WA0053.jpg\",\"articleSection\":[\"A\u00e7\u00e3o Social\",\"Adamantina\"],\"inLanguage\":\"pt-BR\"},{\"@type\":\"WebPage\",\"@id\":\"https:\/\/radiolifefm.com.br\/noticias\/a-danca-e-a-cultura-brasileira-espetaculo-ayrton-do-brasil-encanta-adamantina\/\",\"url\":\"https:\/\/radiolifefm.com.br\/noticias\/a-danca-e-a-cultura-brasileira-espetaculo-ayrton-do-brasil-encanta-adamantina\/\",\"name\":\"A Dan\u00e7a e a Cultura Brasileira: Espet\u00e1culo \\\"Ayrton do Brasil\\\" encanta Adamantina - R\u00e1dio Life FM\",\"isPartOf\":{\"@id\":\"https:\/\/radiolifefm.com.br\/noticias\/#website\"},\"primaryImageOfPage\":{\"@id\":\"https:\/\/radiolifefm.com.br\/noticias\/a-danca-e-a-cultura-brasileira-espetaculo-ayrton-do-brasil-encanta-adamantina\/#primaryimage\"},\"image\":{\"@id\":\"https:\/\/radiolifefm.com.br\/noticias\/a-danca-e-a-cultura-brasileira-espetaculo-ayrton-do-brasil-encanta-adamantina\/#primaryimage\"},\"thumbnailUrl\":\"https:\/\/radiolifefm.com.br\/noticias\/wp-content\/uploads\/2025\/11\/IMG-20251127-WA0053.jpg\",\"datePublished\":\"2025-11-27T12:04:42+00:00\",\"dateModified\":\"2026-04-08T08:55:44+00:00\",\"breadcrumb\":{\"@id\":\"https:\/\/radiolifefm.com.br\/noticias\/a-danca-e-a-cultura-brasileira-espetaculo-ayrton-do-brasil-encanta-adamantina\/#breadcrumb\"},\"inLanguage\":\"pt-BR\",\"potentialAction\":[{\"@type\":\"ReadAction\",\"target\":[\"https:\/\/radiolifefm.com.br\/noticias\/a-danca-e-a-cultura-brasileira-espetaculo-ayrton-do-brasil-encanta-adamantina\/\"]}]},{\"@type\":\"ImageObject\",\"inLanguage\":\"pt-BR\",\"@id\":\"https:\/\/radiolifefm.com.br\/noticias\/a-danca-e-a-cultura-brasileira-espetaculo-ayrton-do-brasil-encanta-adamantina\/#primaryimage\",\"url\":\"https:\/\/radiolifefm.com.br\/noticias\/wp-content\/uploads\/2025\/11\/IMG-20251127-WA0053.jpg\",\"contentUrl\":\"https:\/\/radiolifefm.com.br\/noticias\/wp-content\/uploads\/2025\/11\/IMG-20251127-WA0053.jpg\",\"width\":1600,\"height\":1066},{\"@type\":\"BreadcrumbList\",\"@id\":\"https:\/\/radiolifefm.com.br\/noticias\/a-danca-e-a-cultura-brasileira-espetaculo-ayrton-do-brasil-encanta-adamantina\/#breadcrumb\",\"itemListElement\":[{\"@type\":\"ListItem\",\"position\":1,\"name\":\"In\u00edcio\",\"item\":\"https:\/\/radiolifefm.com.br\/noticias\/\"},{\"@type\":\"ListItem\",\"position\":2,\"name\":\"A Dan\u00e7a e a Cultura Brasileira: Espet\u00e1culo &#8220;Ayrton do Brasil&#8221; encanta Adamantina\"}]},{\"@type\":\"WebSite\",\"@id\":\"https:\/\/radiolifefm.com.br\/noticias\/#website\",\"url\":\"https:\/\/radiolifefm.com.br\/noticias\/\",\"name\":\"R\u00e1dio Life FM\",\"description\":\"O Portal de Not\u00edcias de Adamantina\",\"publisher\":{\"@id\":\"https:\/\/radiolifefm.com.br\/noticias\/#organization\"},\"alternateName\":\"Life FM\",\"potentialAction\":[{\"@type\":\"SearchAction\",\"target\":{\"@type\":\"EntryPoint\",\"urlTemplate\":\"https:\/\/radiolifefm.com.br\/noticias\/?s={search_term_string}\"},\"query-input\":{\"@type\":\"PropertyValueSpecification\",\"valueRequired\":true,\"valueName\":\"search_term_string\"}}],\"inLanguage\":\"pt-BR\"},{\"@type\":\"Organization\",\"@id\":\"https:\/\/radiolifefm.com.br\/noticias\/#organization\",\"name\":\"R\u00e1dio Life FM\",\"alternateName\":\"Life FM\",\"url\":\"https:\/\/radiolifefm.com.br\/noticias\/\",\"logo\":{\"@type\":\"ImageObject\",\"inLanguage\":\"pt-BR\",\"@id\":\"https:\/\/radiolifefm.com.br\/noticias\/#\/schema\/logo\/image\/\",\"url\":\"https:\/\/static.radiolifefm.com.br\/noticias\/wp-content\/uploads\/2019\/10\/logo-lifefm.png\",\"contentUrl\":\"https:\/\/static.radiolifefm.com.br\/noticias\/wp-content\/uploads\/2019\/10\/logo-lifefm.png\",\"width\":196,\"height\":47,\"caption\":\"R\u00e1dio Life FM\"},\"image\":{\"@id\":\"https:\/\/radiolifefm.com.br\/noticias\/#\/schema\/logo\/image\/\"},\"sameAs\":[\"https:\/\/www.facebook.com\/radiolifefm\/\",\"https:\/\/www.instagram.com\/life1079fm\/\"]},{\"@type\":\"Person\",\"@id\":\"https:\/\/radiolifefm.com.br\/noticias\/#\/schema\/person\/6339b9fac59d12b071dec680d7375d87\",\"name\":\"ritanery\",\"image\":{\"@type\":\"ImageObject\",\"inLanguage\":\"pt-BR\",\"@id\":\"https:\/\/secure.gravatar.com\/avatar\/0e37bb19071f47c0b8a23f62a903df117c5a0e75f65a0c2901562f97cd41cf86?s=96&d=mm&r=g\",\"url\":\"https:\/\/secure.gravatar.com\/avatar\/0e37bb19071f47c0b8a23f62a903df117c5a0e75f65a0c2901562f97cd41cf86?s=96&d=mm&r=g\",\"contentUrl\":\"https:\/\/secure.gravatar.com\/avatar\/0e37bb19071f47c0b8a23f62a903df117c5a0e75f65a0c2901562f97cd41cf86?s=96&d=mm&r=g\",\"caption\":\"ritanery\"}}]}<\/script>\n<!-- \/ Yoast SEO plugin. -->","yoast_head_json":{"title":"A Dan\u00e7a e a Cultura Brasileira: Espet\u00e1culo \"Ayrton do Brasil\" encanta Adamantina - R\u00e1dio Life FM","robots":{"index":"index","follow":"follow","max-snippet":"max-snippet:-1","max-image-preview":"max-image-preview:large","max-video-preview":"max-video-preview:-1"},"canonical":"https:\/\/radiolifefm.com.br\/noticias\/a-danca-e-a-cultura-brasileira-espetaculo-ayrton-do-brasil-encanta-adamantina\/","og_locale":"pt_BR","og_type":"article","og_title":"A Dan\u00e7a e a Cultura Brasileira: Espet\u00e1culo \"Ayrton do Brasil\" encanta Adamantina - R\u00e1dio Life FM","og_description":"Na noite de 26 de novembro, o Teatro Fernando Palone, em Adamantina, foi palco de um espet\u00e1culo emocionante que uniu dan\u00e7a, hist\u00f3ria e supera\u00e7\u00e3o. O evento, parte do projeto Bom de Nota, Bom de Dan\u00e7a, marcou o encerramento das atividades do ano de 2025 e trouxe \u00e0 cidade o aclamado espet\u00e1culo Ayrton do Brasil, que [&hellip;]","og_url":"https:\/\/radiolifefm.com.br\/noticias\/a-danca-e-a-cultura-brasileira-espetaculo-ayrton-do-brasil-encanta-adamantina\/","og_site_name":"R\u00e1dio Life FM","article_publisher":"https:\/\/www.facebook.com\/radiolifefm\/","article_published_time":"2025-11-27T12:04:42+00:00","article_modified_time":"2026-04-08T08:55:44+00:00","og_image":[{"width":1600,"height":1066,"url":"https:\/\/radiolifefm.com.br\/noticias\/wp-content\/uploads\/2025\/11\/IMG-20251127-WA0053.jpg","type":"image\/jpeg"}],"author":"ritanery","twitter_card":"summary_large_image","twitter_misc":{"Escrito por":"ritanery","Est. tempo de leitura":"4 minutos"},"schema":{"@context":"https:\/\/schema.org","@graph":[{"@type":"Article","@id":"https:\/\/radiolifefm.com.br\/noticias\/a-danca-e-a-cultura-brasileira-espetaculo-ayrton-do-brasil-encanta-adamantina\/#article","isPartOf":{"@id":"https:\/\/radiolifefm.com.br\/noticias\/a-danca-e-a-cultura-brasileira-espetaculo-ayrton-do-brasil-encanta-adamantina\/"},"author":{"name":"ritanery","@id":"https:\/\/radiolifefm.com.br\/noticias\/#\/schema\/person\/6339b9fac59d12b071dec680d7375d87"},"headline":"A Dan\u00e7a e a Cultura Brasileira: Espet\u00e1culo &#8220;Ayrton do Brasil&#8221; encanta Adamantina","datePublished":"2025-11-27T12:04:42+00:00","dateModified":"2026-04-08T08:55:44+00:00","mainEntityOfPage":{"@id":"https:\/\/radiolifefm.com.br\/noticias\/a-danca-e-a-cultura-brasileira-espetaculo-ayrton-do-brasil-encanta-adamantina\/"},"wordCount":759,"publisher":{"@id":"https:\/\/radiolifefm.com.br\/noticias\/#organization"},"image":{"@id":"https:\/\/radiolifefm.com.br\/noticias\/a-danca-e-a-cultura-brasileira-espetaculo-ayrton-do-brasil-encanta-adamantina\/#primaryimage"},"thumbnailUrl":"https:\/\/radiolifefm.com.br\/noticias\/wp-content\/uploads\/2025\/11\/IMG-20251127-WA0053.jpg","articleSection":["A\u00e7\u00e3o Social","Adamantina"],"inLanguage":"pt-BR"},{"@type":"WebPage","@id":"https:\/\/radiolifefm.com.br\/noticias\/a-danca-e-a-cultura-brasileira-espetaculo-ayrton-do-brasil-encanta-adamantina\/","url":"https:\/\/radiolifefm.com.br\/noticias\/a-danca-e-a-cultura-brasileira-espetaculo-ayrton-do-brasil-encanta-adamantina\/","name":"A Dan\u00e7a e a Cultura Brasileira: Espet\u00e1culo \"Ayrton do Brasil\" encanta Adamantina - R\u00e1dio Life FM","isPartOf":{"@id":"https:\/\/radiolifefm.com.br\/noticias\/#website"},"primaryImageOfPage":{"@id":"https:\/\/radiolifefm.com.br\/noticias\/a-danca-e-a-cultura-brasileira-espetaculo-ayrton-do-brasil-encanta-adamantina\/#primaryimage"},"image":{"@id":"https:\/\/radiolifefm.com.br\/noticias\/a-danca-e-a-cultura-brasileira-espetaculo-ayrton-do-brasil-encanta-adamantina\/#primaryimage"},"thumbnailUrl":"https:\/\/radiolifefm.com.br\/noticias\/wp-content\/uploads\/2025\/11\/IMG-20251127-WA0053.jpg","datePublished":"2025-11-27T12:04:42+00:00","dateModified":"2026-04-08T08:55:44+00:00","breadcrumb":{"@id":"https:\/\/radiolifefm.com.br\/noticias\/a-danca-e-a-cultura-brasileira-espetaculo-ayrton-do-brasil-encanta-adamantina\/#breadcrumb"},"inLanguage":"pt-BR","potentialAction":[{"@type":"ReadAction","target":["https:\/\/radiolifefm.com.br\/noticias\/a-danca-e-a-cultura-brasileira-espetaculo-ayrton-do-brasil-encanta-adamantina\/"]}]},{"@type":"ImageObject","inLanguage":"pt-BR","@id":"https:\/\/radiolifefm.com.br\/noticias\/a-danca-e-a-cultura-brasileira-espetaculo-ayrton-do-brasil-encanta-adamantina\/#primaryimage","url":"https:\/\/radiolifefm.com.br\/noticias\/wp-content\/uploads\/2025\/11\/IMG-20251127-WA0053.jpg","contentUrl":"https:\/\/radiolifefm.com.br\/noticias\/wp-content\/uploads\/2025\/11\/IMG-20251127-WA0053.jpg","width":1600,"height":1066},{"@type":"BreadcrumbList","@id":"https:\/\/radiolifefm.com.br\/noticias\/a-danca-e-a-cultura-brasileira-espetaculo-ayrton-do-brasil-encanta-adamantina\/#breadcrumb","itemListElement":[{"@type":"ListItem","position":1,"name":"In\u00edcio","item":"https:\/\/radiolifefm.com.br\/noticias\/"},{"@type":"ListItem","position":2,"name":"A Dan\u00e7a e a Cultura Brasileira: Espet\u00e1culo &#8220;Ayrton do Brasil&#8221; encanta Adamantina"}]},{"@type":"WebSite","@id":"https:\/\/radiolifefm.com.br\/noticias\/#website","url":"https:\/\/radiolifefm.com.br\/noticias\/","name":"R\u00e1dio Life FM","description":"O Portal de Not\u00edcias de Adamantina","publisher":{"@id":"https:\/\/radiolifefm.com.br\/noticias\/#organization"},"alternateName":"Life FM","potentialAction":[{"@type":"SearchAction","target":{"@type":"EntryPoint","urlTemplate":"https:\/\/radiolifefm.com.br\/noticias\/?s={search_term_string}"},"query-input":{"@type":"PropertyValueSpecification","valueRequired":true,"valueName":"search_term_string"}}],"inLanguage":"pt-BR"},{"@type":"Organization","@id":"https:\/\/radiolifefm.com.br\/noticias\/#organization","name":"R\u00e1dio Life FM","alternateName":"Life FM","url":"https:\/\/radiolifefm.com.br\/noticias\/","logo":{"@type":"ImageObject","inLanguage":"pt-BR","@id":"https:\/\/radiolifefm.com.br\/noticias\/#\/schema\/logo\/image\/","url":"https:\/\/static.radiolifefm.com.br\/noticias\/wp-content\/uploads\/2019\/10\/logo-lifefm.png","contentUrl":"https:\/\/static.radiolifefm.com.br\/noticias\/wp-content\/uploads\/2019\/10\/logo-lifefm.png","width":196,"height":47,"caption":"R\u00e1dio Life FM"},"image":{"@id":"https:\/\/radiolifefm.com.br\/noticias\/#\/schema\/logo\/image\/"},"sameAs":["https:\/\/www.facebook.com\/radiolifefm\/","https:\/\/www.instagram.com\/life1079fm\/"]},{"@type":"Person","@id":"https:\/\/radiolifefm.com.br\/noticias\/#\/schema\/person\/6339b9fac59d12b071dec680d7375d87","name":"ritanery","image":{"@type":"ImageObject","inLanguage":"pt-BR","@id":"https:\/\/secure.gravatar.com\/avatar\/0e37bb19071f47c0b8a23f62a903df117c5a0e75f65a0c2901562f97cd41cf86?s=96&d=mm&r=g","url":"https:\/\/secure.gravatar.com\/avatar\/0e37bb19071f47c0b8a23f62a903df117c5a0e75f65a0c2901562f97cd41cf86?s=96&d=mm&r=g","contentUrl":"https:\/\/secure.gravatar.com\/avatar\/0e37bb19071f47c0b8a23f62a903df117c5a0e75f65a0c2901562f97cd41cf86?s=96&d=mm&r=g","caption":"ritanery"}}]}},"amp_enabled":true,"_links":{"self":[{"href":"https:\/\/radiolifefm.com.br\/noticias\/wp-json\/wp\/v2\/posts\/108250","targetHints":{"allow":["GET"]}}],"collection":[{"href":"https:\/\/radiolifefm.com.br\/noticias\/wp-json\/wp\/v2\/posts"}],"about":[{"href":"https:\/\/radiolifefm.com.br\/noticias\/wp-json\/wp\/v2\/types\/post"}],"author":[{"embeddable":true,"href":"https:\/\/radiolifefm.com.br\/noticias\/wp-json\/wp\/v2\/users\/13"}],"replies":[{"embeddable":true,"href":"https:\/\/radiolifefm.com.br\/noticias\/wp-json\/wp\/v2\/comments?post=108250"}],"version-history":[{"count":4,"href":"https:\/\/radiolifefm.com.br\/noticias\/wp-json\/wp\/v2\/posts\/108250\/revisions"}],"predecessor-version":[{"id":108283,"href":"https:\/\/radiolifefm.com.br\/noticias\/wp-json\/wp\/v2\/posts\/108250\/revisions\/108283"}],"wp:featuredmedia":[{"embeddable":true,"href":"https:\/\/radiolifefm.com.br\/noticias\/wp-json\/wp\/v2\/media\/108251"}],"wp:attachment":[{"href":"https:\/\/radiolifefm.com.br\/noticias\/wp-json\/wp\/v2\/media?parent=108250"}],"wp:term":[{"taxonomy":"category","embeddable":true,"href":"https:\/\/radiolifefm.com.br\/noticias\/wp-json\/wp\/v2\/categories?post=108250"},{"taxonomy":"post_tag","embeddable":true,"href":"https:\/\/radiolifefm.com.br\/noticias\/wp-json\/wp\/v2\/tags?post=108250"}],"curies":[{"name":"wp","href":"https:\/\/api.w.org\/{rel}","templated":true}]}}