{"id":107923,"date":"2025-11-18T13:56:18","date_gmt":"2025-11-18T16:56:18","guid":{"rendered":"https:\/\/radiolifefm.com.br\/noticias\/?p=107923"},"modified":"2026-04-06T13:41:17","modified_gmt":"2026-04-06T16:41:17","slug":"historias-de-superacao-ganham-voz-no-lancamento-do-livro-palavras-tecidas-em-imagens-em-adamantina","status":"publish","type":"post","link":"https:\/\/radiolifefm.com.br\/noticias\/historias-de-superacao-ganham-voz-no-lancamento-do-livro-palavras-tecidas-em-imagens-em-adamantina\/","title":{"rendered":"Hist\u00f3rias de supera\u00e7\u00e3o ganham voz no lan\u00e7amento do livro \u201cPalavras Tecidas em Imagens\u201d em Adamantina"},"content":{"rendered":"<div id=\"fb-root\"><\/div>\n<p>&nbsp;<\/p>\n<p>Na \u00faltima segunda-feira, 17, Adamantina foi palco de uma emocionante celebra\u00e7\u00e3o de transforma\u00e7\u00e3o e empoderamento feminino com o lan\u00e7amento do livro Palavras Tecidas em Imagens. A obra, fruto da parceria entre o Centro de Refer\u00eancia de Assist\u00eancia Social (CRAS) e o Projeto Soul Feminina do Poder Judici\u00e1rio, re\u00fane relatos reais de mulheres atendidas pelo CRAS, traduzidos em textos e ilustra\u00e7\u00f5es que narram suas jornadas de dor, coragem e supera\u00e7\u00e3o.<\/p>\n<div class='flex flex-wrap items-center -mx-1'>\r\n<a class='thumbnail gallery p-1 w-1\/2 md:w-1\/4' href='https:\/\/radiolifefm.com.br\/noticias\/wp-content\/uploads\/2025\/11\/WhatsApp-Image-2025-11-18-at-08.50.07.jpeg'><img class='border border-white' src='https:\/\/radiolifefm.com.br\/noticias\/wp-content\/uploads\/2025\/11\/WhatsApp-Image-2025-11-18-at-08.50.07-200x200.jpeg' alt='WhatsApp Image 2025 11 18 At 08.50.07' \/><\/a><a class='thumbnail gallery p-1 w-1\/2 md:w-1\/4' href='https:\/\/radiolifefm.com.br\/noticias\/wp-content\/uploads\/2025\/11\/WhatsApp-Image-2025-11-18-at-08.50.07-1.jpeg'><img class='border border-white' src='https:\/\/radiolifefm.com.br\/noticias\/wp-content\/uploads\/2025\/11\/WhatsApp-Image-2025-11-18-at-08.50.07-1-200x200.jpeg' alt='WhatsApp Image 2025 11 18 At 08.50.07 (1)' \/><\/a><\/div>\n<p>O evento contou com a presen\u00e7a de diversas autoridades, entre elas a ju\u00edza de Direito Ruth Duarte Menegatti, idealizadora do projeto Soul Feminina, a secret\u00e1ria de assist\u00eancia social, Andreia Ribeiro, organizadora e Denise Alves Freire, Psicoeducadora, supervisora t\u00e9cnica do projeto. o diretor do CRAS Wallace Pedroso, o prefeito Jos\u00e9 Carlos Martins Tiveron, al\u00e9m de representantes da equipe t\u00e9cnica do CRAS e da comunidade local.<\/p>\n<div class='flex flex-wrap items-center -mx-1'>\r\n<a class='thumbnail gallery p-1 w-1\/2 md:w-1\/4' href='https:\/\/radiolifefm.com.br\/noticias\/wp-content\/uploads\/2025\/11\/WhatsApp-Image-2025-11-18-at-08.49.54.jpeg'><img class='border border-white' src='https:\/\/radiolifefm.com.br\/noticias\/wp-content\/uploads\/2025\/11\/WhatsApp-Image-2025-11-18-at-08.49.54-200x200.jpeg' alt='WhatsApp Image 2025 11 18 At 08.49.54' \/><\/a><a class='thumbnail gallery p-1 w-1\/2 md:w-1\/4' href='https:\/\/radiolifefm.com.br\/noticias\/wp-content\/uploads\/2025\/11\/WhatsApp-Image-2025-11-18-at-08.49.54-1.jpeg'><img class='border border-white' src='https:\/\/radiolifefm.com.br\/noticias\/wp-content\/uploads\/2025\/11\/WhatsApp-Image-2025-11-18-at-08.49.54-1-200x200.jpeg' alt='WhatsApp Image 2025 11 18 At 08.49.54 (1)' \/><\/a><\/div>\n<p>Roda de conversa e protagonismo feminino<\/p>\n<p>A noite foi marcada por uma roda de conversa entre as idealizadoras do projeto \u2014 Andreia Ribeiro, Denise Alves, a ju\u00edza Ruth Duarte \u2014 e tamb\u00e9m com a participa\u00e7\u00e3o ativa da equipe t\u00e9cnica do CRAS, que compartilhou os bastidores da iniciativa e os desafios enfrentados durante o processo de constru\u00e7\u00e3o do livro. As mulheres participantes do projeto subiram ao palco para representar as demais 27 autoras, emocionando o p\u00fablico com suas hist\u00f3rias e agradecimentos.<\/p>\n<div class='flex flex-wrap items-center -mx-1'>\r\n<a class='thumbnail gallery p-1 w-1\/2 md:w-1\/4' href='https:\/\/radiolifefm.com.br\/noticias\/wp-content\/uploads\/2025\/11\/WhatsApp-Image-2025-11-18-at-08.49.55.jpeg'><img class='border border-white' src='https:\/\/radiolifefm.com.br\/noticias\/wp-content\/uploads\/2025\/11\/WhatsApp-Image-2025-11-18-at-08.49.55-200x200.jpeg' alt='WhatsApp Image 2025 11 18 At 08.49.55' \/><\/a><a class='thumbnail gallery p-1 w-1\/2 md:w-1\/4' href='https:\/\/radiolifefm.com.br\/noticias\/wp-content\/uploads\/2025\/11\/WhatsApp-Image-2025-11-18-at-08.49.55-1.jpeg'><img class='border border-white' src='https:\/\/radiolifefm.com.br\/noticias\/wp-content\/uploads\/2025\/11\/WhatsApp-Image-2025-11-18-at-08.49.55-1-200x200.jpeg' alt='WhatsApp Image 2025 11 18 At 08.49.55 (1)' \/><\/a><\/div>\n<p>A for\u00e7a da escrita como ferramenta de cura<\/p>\n<p>O livro nasceu do trabalho conjunto entre a equipe t\u00e9cnica do CRAS e o Projeto Soul Feminina, que atua na comarca de Adamantina com foco na valoriza\u00e7\u00e3o da mulher e no enfrentamento \u00e0 viol\u00eancia dom\u00e9stica. Por meio de oficinas terap\u00eauticas e atividades de express\u00e3o art\u00edstica, as participantes foram incentivadas a revisitar suas hist\u00f3rias e reescrev\u00ea-las com coragem e dignidade.<\/p>\n<div class='flex flex-wrap items-center -mx-1'>\r\n<a class='thumbnail gallery p-1 w-1\/2 md:w-1\/4' href='https:\/\/radiolifefm.com.br\/noticias\/wp-content\/uploads\/2025\/11\/WhatsApp-Image-2025-11-18-at-08.49.58.jpeg'><img class='border border-white' src='https:\/\/radiolifefm.com.br\/noticias\/wp-content\/uploads\/2025\/11\/WhatsApp-Image-2025-11-18-at-08.49.58-200x200.jpeg' alt='WhatsApp Image 2025 11 18 At 08.49.58' \/><\/a><a class='thumbnail gallery p-1 w-1\/2 md:w-1\/4' href='https:\/\/radiolifefm.com.br\/noticias\/wp-content\/uploads\/2025\/11\/WhatsApp-Image-2025-11-18-at-08.49.58-1.jpeg'><img class='border border-white' src='https:\/\/radiolifefm.com.br\/noticias\/wp-content\/uploads\/2025\/11\/WhatsApp-Image-2025-11-18-at-08.49.58-1-200x200.jpeg' alt='WhatsApp Image 2025 11 18 At 08.49.58 (1)' \/><\/a><\/div>\n<p>Essas mulheres descobriram um novo sentido para suas vidas. Ao vencerem o medo e a vergonha, elas n\u00e3o apenas pediram ajuda, mas tamb\u00e9m inspiraram outras a fazerem o mesmo.<\/p>\n<div class='flex flex-wrap items-center -mx-1'>\r\n<a class='thumbnail gallery p-1 w-1\/2 md:w-1\/4' href='https:\/\/radiolifefm.com.br\/noticias\/wp-content\/uploads\/2025\/11\/WhatsApp-Image-2025-11-18-at-08.49.59.jpeg'><img class='border border-white' src='https:\/\/radiolifefm.com.br\/noticias\/wp-content\/uploads\/2025\/11\/WhatsApp-Image-2025-11-18-at-08.49.59-200x200.jpeg' alt='WhatsApp Image 2025 11 18 At 08.49.59' \/><\/a><a class='thumbnail gallery p-1 w-1\/2 md:w-1\/4' href='https:\/\/radiolifefm.com.br\/noticias\/wp-content\/uploads\/2025\/11\/WhatsApp-Image-2025-11-18-at-08.49.59-1.jpeg'><img class='border border-white' src='https:\/\/radiolifefm.com.br\/noticias\/wp-content\/uploads\/2025\/11\/WhatsApp-Image-2025-11-18-at-08.49.59-1-200x200.jpeg' alt='WhatsApp Image 2025 11 18 At 08.49.59 (1)' \/><\/a><\/div>\n<p>Impacto transformador<\/p>\n<p>Mais do que um livro, Palavras Tecidas em Imagens representa um marco na vida das mulheres envolvidas. A iniciativa proporcionou acolhimento, escuta ativa e um espa\u00e7o seguro para que elas pudessem ressignificar suas experi\u00eancias. Muitas relataram que, pela primeira vez, sentiram-se protagonistas de suas pr\u00f3prias hist\u00f3rias.<\/p>\n<div class='flex flex-wrap items-center -mx-1'>\r\n<a class='thumbnail gallery p-1 w-1\/2 md:w-1\/4' href='https:\/\/radiolifefm.com.br\/noticias\/wp-content\/uploads\/2025\/11\/WhatsApp-Image-2025-11-18-at-08.49.59-2.jpeg'><img class='border border-white' src='https:\/\/radiolifefm.com.br\/noticias\/wp-content\/uploads\/2025\/11\/WhatsApp-Image-2025-11-18-at-08.49.59-2-200x200.jpeg' alt='WhatsApp Image 2025 11 18 At 08.49.59 (2)' \/><\/a><a class='thumbnail gallery p-1 w-1\/2 md:w-1\/4' href='https:\/\/radiolifefm.com.br\/noticias\/wp-content\/uploads\/2025\/11\/WhatsApp-Image-2025-11-18-at-08.49.59-3.jpeg'><img class='border border-white' src='https:\/\/radiolifefm.com.br\/noticias\/wp-content\/uploads\/2025\/11\/WhatsApp-Image-2025-11-18-at-08.49.59-3-200x200.jpeg' alt='WhatsApp Image 2025 11 18 At 08.49.59 (3)' \/><\/a><\/div>\n<p>A parceria entre o CRAS e o Projeto Soul Feminina mostra como a\u00e7\u00f5es interinstitucionais podem gerar impactos profundos na comunidade, promovendo cidadania, autoestima e esperan\u00e7a.<\/p>\n<div class='flex flex-wrap items-center -mx-1'>\r\n<a class='thumbnail gallery p-1 w-1\/2 md:w-1\/4' href='https:\/\/radiolifefm.com.br\/noticias\/wp-content\/uploads\/2025\/11\/WhatsApp-Image-2025-11-18-at-08.50.02.jpeg'><img class='border border-white' src='https:\/\/radiolifefm.com.br\/noticias\/wp-content\/uploads\/2025\/11\/WhatsApp-Image-2025-11-18-at-08.50.02-200x200.jpeg' alt='WhatsApp Image 2025 11 18 At 08.50.02' \/><\/a><a class='thumbnail gallery p-1 w-1\/2 md:w-1\/4' href='https:\/\/radiolifefm.com.br\/noticias\/wp-content\/uploads\/2025\/11\/WhatsApp-Image-2025-11-18-at-08.50.01-1.jpeg'><img class='border border-white' src='https:\/\/radiolifefm.com.br\/noticias\/wp-content\/uploads\/2025\/11\/WhatsApp-Image-2025-11-18-at-08.50.01-1-200x200.jpeg' alt='WhatsApp Image 2025 11 18 At 08.50.01 (1)' \/><\/a><\/div>\n<p>O sucesso do projeto refor\u00e7a a import\u00e2ncia de pol\u00edticas p\u00fablicas voltadas ao fortalecimento da rede de apoio \u00e0s mulheres em situa\u00e7\u00e3o de vulnerabilidade.<\/p>\n<div class='flex flex-wrap items-center -mx-1'>\r\n<a class='thumbnail gallery p-1 w-1\/2 md:w-1\/4' href='https:\/\/radiolifefm.com.br\/noticias\/wp-content\/uploads\/2025\/11\/WhatsApp-Image-2025-11-18-at-08.50.00-1.jpeg'><img class='border border-white' src='https:\/\/radiolifefm.com.br\/noticias\/wp-content\/uploads\/2025\/11\/WhatsApp-Image-2025-11-18-at-08.50.00-1-200x200.jpeg' alt='WhatsApp Image 2025 11 18 At 08.50.00 (1)' \/><\/a><a class='thumbnail gallery p-1 w-1\/2 md:w-1\/4' href='https:\/\/radiolifefm.com.br\/noticias\/wp-content\/uploads\/2025\/11\/WhatsApp-Image-2025-11-18-at-08.50.01.jpeg'><img class='border border-white' src='https:\/\/radiolifefm.com.br\/noticias\/wp-content\/uploads\/2025\/11\/WhatsApp-Image-2025-11-18-at-08.50.01-200x200.jpeg' alt='WhatsApp Image 2025 11 18 At 08.50.01' \/><\/a><\/div>\n<div class='flex flex-wrap items-center -mx-1'>\r\n<a class='thumbnail gallery p-1 w-1\/2 md:w-1\/4' href='https:\/\/radiolifefm.com.br\/noticias\/wp-content\/uploads\/2025\/11\/WhatsApp-Image-2025-11-18-at-08.50.03.jpeg'><img class='border border-white' src='https:\/\/radiolifefm.com.br\/noticias\/wp-content\/uploads\/2025\/11\/WhatsApp-Image-2025-11-18-at-08.50.03-200x200.jpeg' alt='WhatsApp Image 2025 11 18 At 08.50.03' \/><\/a><a class='thumbnail gallery p-1 w-1\/2 md:w-1\/4' href='https:\/\/radiolifefm.com.br\/noticias\/wp-content\/uploads\/2025\/11\/WhatsApp-Image-2025-11-18-at-08.50.03-1.jpeg'><img class='border border-white' src='https:\/\/radiolifefm.com.br\/noticias\/wp-content\/uploads\/2025\/11\/WhatsApp-Image-2025-11-18-at-08.50.03-1-200x200.jpeg' alt='WhatsApp Image 2025 11 18 At 08.50.03 (1)' \/><\/a><a class='thumbnail gallery p-1 w-1\/2 md:w-1\/4' href='https:\/\/radiolifefm.com.br\/noticias\/wp-content\/uploads\/2025\/11\/WhatsApp-Image-2025-11-18-at-08.50.04-3.jpeg'><img class='border border-white' src='https:\/\/radiolifefm.com.br\/noticias\/wp-content\/uploads\/2025\/11\/WhatsApp-Image-2025-11-18-at-08.50.04-3-200x200.jpeg' alt='WhatsApp Image 2025 11 18 At 08.50.04 (3)' \/><\/a><a class='thumbnail gallery p-1 w-1\/2 md:w-1\/4' href='https:\/\/radiolifefm.com.br\/noticias\/wp-content\/uploads\/2025\/11\/WhatsApp-Image-2025-11-18-at-08.50.03-2-e1763484944242.jpeg'><img class='border border-white' src='https:\/\/radiolifefm.com.br\/noticias\/wp-content\/uploads\/2025\/11\/WhatsApp-Image-2025-11-18-at-08.50.03-2-e1763484944242-200x200.jpeg' alt='WhatsApp Image 2025 11 18 At 08.50.03 (2)' \/><\/a><a class='thumbnail gallery p-1 w-1\/2 md:w-1\/4' href='https:\/\/radiolifefm.com.br\/noticias\/wp-content\/uploads\/2025\/11\/WhatsApp-Image-2025-11-18-at-08.50.05-1.jpeg'><img class='border border-white' src='https:\/\/radiolifefm.com.br\/noticias\/wp-content\/uploads\/2025\/11\/WhatsApp-Image-2025-11-18-at-08.50.05-1-200x200.jpeg' alt='WhatsApp Image 2025 11 18 At 08.50.05 (1)' \/><\/a><a class='thumbnail gallery p-1 w-1\/2 md:w-1\/4' href='https:\/\/radiolifefm.com.br\/noticias\/wp-content\/uploads\/2025\/11\/WhatsApp-Image-2025-11-18-at-08.50.05.jpeg'><img class='border border-white' src='https:\/\/radiolifefm.com.br\/noticias\/wp-content\/uploads\/2025\/11\/WhatsApp-Image-2025-11-18-at-08.50.05-200x200.jpeg' alt='WhatsApp Image 2025 11 18 At 08.50.05' \/><\/a><a class='thumbnail gallery p-1 w-1\/2 md:w-1\/4' href='https:\/\/radiolifefm.com.br\/noticias\/wp-content\/uploads\/2025\/11\/WhatsApp-Image-2025-11-18-at-08.50.04-1.jpeg'><img class='border border-white' src='https:\/\/radiolifefm.com.br\/noticias\/wp-content\/uploads\/2025\/11\/WhatsApp-Image-2025-11-18-at-08.50.04-1-200x200.jpeg' alt='WhatsApp Image 2025 11 18 At 08.50.04 (1)' \/><\/a><a class='thumbnail gallery p-1 w-1\/2 md:w-1\/4' href='https:\/\/radiolifefm.com.br\/noticias\/wp-content\/uploads\/2025\/11\/WhatsApp-Image-2025-11-18-at-08.50.04.jpeg'><img class='border border-white' src='https:\/\/radiolifefm.com.br\/noticias\/wp-content\/uploads\/2025\/11\/WhatsApp-Image-2025-11-18-at-08.50.04-200x200.jpeg' alt='WhatsApp Image 2025 11 18 At 08.50.04' \/><\/a><\/div>\n","protected":false},"excerpt":{"rendered":"<p>&nbsp; Na \u00faltima segunda-feira, 17, Adamantina foi palco de uma emocionante celebra\u00e7\u00e3o de transforma\u00e7\u00e3o e empoderamento feminino com o lan\u00e7amento do livro Palavras Tecidas em Imagens. A obra, fruto da parceria entre o Centro de Refer\u00eancia de Assist\u00eancia Social (CRAS) e o Projeto Soul Feminina do Poder Judici\u00e1rio, re\u00fane relatos reais de mulheres atendidas pelo [&hellip;]<\/p>\n","protected":false},"author":8,"featured_media":107954,"comment_status":"closed","ping_status":"open","sticky":false,"template":"","format":"standard","meta":{"_acf_changed":false,"_exactmetrics_skip_tracking":false,"_exactmetrics_sitenote_active":false,"_exactmetrics_sitenote_note":"","_exactmetrics_sitenote_category":0,"footnotes":""},"categories":[1],"tags":[],"class_list":["post-107923","post","type-post","status-publish","format-standard","has-post-thumbnail","hentry","category-geral"],"acf":[],"yoast_head":"<!-- This site is optimized with the Yoast SEO plugin v27.2 - https:\/\/yoast.com\/product\/yoast-seo-wordpress\/ -->\n<title>Hist\u00f3rias de supera\u00e7\u00e3o ganham voz no lan\u00e7amento do livro \u201cPalavras Tecidas em Imagens\u201d em Adamantina - R\u00e1dio Life FM<\/title>\n<meta name=\"robots\" content=\"index, follow, max-snippet:-1, max-image-preview:large, max-video-preview:-1\" \/>\n<link rel=\"canonical\" href=\"https:\/\/radiolifefm.com.br\/noticias\/historias-de-superacao-ganham-voz-no-lancamento-do-livro-palavras-tecidas-em-imagens-em-adamantina\/\" \/>\n<meta property=\"og:locale\" content=\"pt_BR\" \/>\n<meta property=\"og:type\" content=\"article\" \/>\n<meta property=\"og:title\" content=\"Hist\u00f3rias de supera\u00e7\u00e3o ganham voz no lan\u00e7amento do livro \u201cPalavras Tecidas em Imagens\u201d em Adamantina - R\u00e1dio Life FM\" \/>\n<meta property=\"og:description\" content=\"&nbsp; Na \u00faltima segunda-feira, 17, Adamantina foi palco de uma emocionante celebra\u00e7\u00e3o de transforma\u00e7\u00e3o e empoderamento feminino com o lan\u00e7amento do livro Palavras Tecidas em Imagens. A obra, fruto da parceria entre o Centro de Refer\u00eancia de Assist\u00eancia Social (CRAS) e o Projeto Soul Feminina do Poder Judici\u00e1rio, re\u00fane relatos reais de mulheres atendidas pelo [&hellip;]\" \/>\n<meta property=\"og:url\" content=\"https:\/\/radiolifefm.com.br\/noticias\/historias-de-superacao-ganham-voz-no-lancamento-do-livro-palavras-tecidas-em-imagens-em-adamantina\/\" \/>\n<meta property=\"og:site_name\" content=\"R\u00e1dio Life FM\" \/>\n<meta property=\"article:publisher\" content=\"https:\/\/www.facebook.com\/radiolifefm\/\" \/>\n<meta property=\"article:published_time\" content=\"2025-11-18T16:56:18+00:00\" \/>\n<meta property=\"article:modified_time\" content=\"2026-04-06T16:41:17+00:00\" \/>\n<meta property=\"og:image\" content=\"https:\/\/radiolifefm.com.br\/noticias\/wp-content\/uploads\/2025\/11\/WhatsApp-Image-2025-11-18-at-08.49.52.jpeg\" \/>\n\t<meta property=\"og:image:width\" content=\"1280\" \/>\n\t<meta property=\"og:image:height\" content=\"961\" \/>\n\t<meta property=\"og:image:type\" content=\"image\/jpeg\" \/>\n<meta name=\"author\" content=\"joaograndao\" \/>\n<meta name=\"twitter:card\" content=\"summary_large_image\" \/>\n<meta name=\"twitter:label1\" content=\"Escrito por\" \/>\n\t<meta name=\"twitter:data1\" content=\"joaograndao\" \/>\n\t<meta name=\"twitter:label2\" content=\"Est. tempo de leitura\" \/>\n\t<meta name=\"twitter:data2\" content=\"3 minutos\" \/>\n<script type=\"application\/ld+json\" class=\"yoast-schema-graph\">{\"@context\":\"https:\/\/schema.org\",\"@graph\":[{\"@type\":\"Article\",\"@id\":\"https:\/\/radiolifefm.com.br\/noticias\/historias-de-superacao-ganham-voz-no-lancamento-do-livro-palavras-tecidas-em-imagens-em-adamantina\/#article\",\"isPartOf\":{\"@id\":\"https:\/\/radiolifefm.com.br\/noticias\/historias-de-superacao-ganham-voz-no-lancamento-do-livro-palavras-tecidas-em-imagens-em-adamantina\/\"},\"author\":{\"name\":\"joaograndao\",\"@id\":\"https:\/\/radiolifefm.com.br\/noticias\/#\/schema\/person\/6876e1240feffe6e1b63fd5cb85abf28\"},\"headline\":\"Hist\u00f3rias de supera\u00e7\u00e3o ganham voz no lan\u00e7amento do livro \u201cPalavras Tecidas em Imagens\u201d em Adamantina\",\"datePublished\":\"2025-11-18T16:56:18+00:00\",\"dateModified\":\"2026-04-06T16:41:17+00:00\",\"mainEntityOfPage\":{\"@id\":\"https:\/\/radiolifefm.com.br\/noticias\/historias-de-superacao-ganham-voz-no-lancamento-do-livro-palavras-tecidas-em-imagens-em-adamantina\/\"},\"wordCount\":496,\"publisher\":{\"@id\":\"https:\/\/radiolifefm.com.br\/noticias\/#organization\"},\"image\":{\"@id\":\"https:\/\/radiolifefm.com.br\/noticias\/historias-de-superacao-ganham-voz-no-lancamento-do-livro-palavras-tecidas-em-imagens-em-adamantina\/#primaryimage\"},\"thumbnailUrl\":\"https:\/\/radiolifefm.com.br\/noticias\/wp-content\/uploads\/2025\/11\/WhatsApp-Image-2025-11-18-at-08.49.52.jpeg\",\"articleSection\":[\"Geral\"],\"inLanguage\":\"pt-BR\"},{\"@type\":\"WebPage\",\"@id\":\"https:\/\/radiolifefm.com.br\/noticias\/historias-de-superacao-ganham-voz-no-lancamento-do-livro-palavras-tecidas-em-imagens-em-adamantina\/\",\"url\":\"https:\/\/radiolifefm.com.br\/noticias\/historias-de-superacao-ganham-voz-no-lancamento-do-livro-palavras-tecidas-em-imagens-em-adamantina\/\",\"name\":\"Hist\u00f3rias de supera\u00e7\u00e3o ganham voz no lan\u00e7amento do livro \u201cPalavras Tecidas em Imagens\u201d em Adamantina - R\u00e1dio Life FM\",\"isPartOf\":{\"@id\":\"https:\/\/radiolifefm.com.br\/noticias\/#website\"},\"primaryImageOfPage\":{\"@id\":\"https:\/\/radiolifefm.com.br\/noticias\/historias-de-superacao-ganham-voz-no-lancamento-do-livro-palavras-tecidas-em-imagens-em-adamantina\/#primaryimage\"},\"image\":{\"@id\":\"https:\/\/radiolifefm.com.br\/noticias\/historias-de-superacao-ganham-voz-no-lancamento-do-livro-palavras-tecidas-em-imagens-em-adamantina\/#primaryimage\"},\"thumbnailUrl\":\"https:\/\/radiolifefm.com.br\/noticias\/wp-content\/uploads\/2025\/11\/WhatsApp-Image-2025-11-18-at-08.49.52.jpeg\",\"datePublished\":\"2025-11-18T16:56:18+00:00\",\"dateModified\":\"2026-04-06T16:41:17+00:00\",\"breadcrumb\":{\"@id\":\"https:\/\/radiolifefm.com.br\/noticias\/historias-de-superacao-ganham-voz-no-lancamento-do-livro-palavras-tecidas-em-imagens-em-adamantina\/#breadcrumb\"},\"inLanguage\":\"pt-BR\",\"potentialAction\":[{\"@type\":\"ReadAction\",\"target\":[\"https:\/\/radiolifefm.com.br\/noticias\/historias-de-superacao-ganham-voz-no-lancamento-do-livro-palavras-tecidas-em-imagens-em-adamantina\/\"]}]},{\"@type\":\"ImageObject\",\"inLanguage\":\"pt-BR\",\"@id\":\"https:\/\/radiolifefm.com.br\/noticias\/historias-de-superacao-ganham-voz-no-lancamento-do-livro-palavras-tecidas-em-imagens-em-adamantina\/#primaryimage\",\"url\":\"https:\/\/radiolifefm.com.br\/noticias\/wp-content\/uploads\/2025\/11\/WhatsApp-Image-2025-11-18-at-08.49.52.jpeg\",\"contentUrl\":\"https:\/\/radiolifefm.com.br\/noticias\/wp-content\/uploads\/2025\/11\/WhatsApp-Image-2025-11-18-at-08.49.52.jpeg\",\"width\":1280,\"height\":961},{\"@type\":\"BreadcrumbList\",\"@id\":\"https:\/\/radiolifefm.com.br\/noticias\/historias-de-superacao-ganham-voz-no-lancamento-do-livro-palavras-tecidas-em-imagens-em-adamantina\/#breadcrumb\",\"itemListElement\":[{\"@type\":\"ListItem\",\"position\":1,\"name\":\"In\u00edcio\",\"item\":\"https:\/\/radiolifefm.com.br\/noticias\/\"},{\"@type\":\"ListItem\",\"position\":2,\"name\":\"Hist\u00f3rias de supera\u00e7\u00e3o ganham voz no lan\u00e7amento do livro \u201cPalavras Tecidas em Imagens\u201d em Adamantina\"}]},{\"@type\":\"WebSite\",\"@id\":\"https:\/\/radiolifefm.com.br\/noticias\/#website\",\"url\":\"https:\/\/radiolifefm.com.br\/noticias\/\",\"name\":\"R\u00e1dio Life FM\",\"description\":\"O Portal de Not\u00edcias de Adamantina\",\"publisher\":{\"@id\":\"https:\/\/radiolifefm.com.br\/noticias\/#organization\"},\"alternateName\":\"Life FM\",\"potentialAction\":[{\"@type\":\"SearchAction\",\"target\":{\"@type\":\"EntryPoint\",\"urlTemplate\":\"https:\/\/radiolifefm.com.br\/noticias\/?s={search_term_string}\"},\"query-input\":{\"@type\":\"PropertyValueSpecification\",\"valueRequired\":true,\"valueName\":\"search_term_string\"}}],\"inLanguage\":\"pt-BR\"},{\"@type\":\"Organization\",\"@id\":\"https:\/\/radiolifefm.com.br\/noticias\/#organization\",\"name\":\"R\u00e1dio Life FM\",\"alternateName\":\"Life FM\",\"url\":\"https:\/\/radiolifefm.com.br\/noticias\/\",\"logo\":{\"@type\":\"ImageObject\",\"inLanguage\":\"pt-BR\",\"@id\":\"https:\/\/radiolifefm.com.br\/noticias\/#\/schema\/logo\/image\/\",\"url\":\"https:\/\/static.radiolifefm.com.br\/noticias\/wp-content\/uploads\/2019\/10\/logo-lifefm.png\",\"contentUrl\":\"https:\/\/static.radiolifefm.com.br\/noticias\/wp-content\/uploads\/2019\/10\/logo-lifefm.png\",\"width\":196,\"height\":47,\"caption\":\"R\u00e1dio Life FM\"},\"image\":{\"@id\":\"https:\/\/radiolifefm.com.br\/noticias\/#\/schema\/logo\/image\/\"},\"sameAs\":[\"https:\/\/www.facebook.com\/radiolifefm\/\",\"https:\/\/www.instagram.com\/life1079fm\/\"]},{\"@type\":\"Person\",\"@id\":\"https:\/\/radiolifefm.com.br\/noticias\/#\/schema\/person\/6876e1240feffe6e1b63fd5cb85abf28\",\"name\":\"joaograndao\",\"image\":{\"@type\":\"ImageObject\",\"inLanguage\":\"pt-BR\",\"@id\":\"https:\/\/secure.gravatar.com\/avatar\/d5b1a3cf357ed9c50404e256a1294083aa8ab5d2a994001567302786016cb32c?s=96&d=mm&r=g\",\"url\":\"https:\/\/secure.gravatar.com\/avatar\/d5b1a3cf357ed9c50404e256a1294083aa8ab5d2a994001567302786016cb32c?s=96&d=mm&r=g\",\"contentUrl\":\"https:\/\/secure.gravatar.com\/avatar\/d5b1a3cf357ed9c50404e256a1294083aa8ab5d2a994001567302786016cb32c?s=96&d=mm&r=g\",\"caption\":\"joaograndao\"}}]}<\/script>\n<!-- \/ Yoast SEO plugin. -->","yoast_head_json":{"title":"Hist\u00f3rias de supera\u00e7\u00e3o ganham voz no lan\u00e7amento do livro \u201cPalavras Tecidas em Imagens\u201d em Adamantina - R\u00e1dio Life FM","robots":{"index":"index","follow":"follow","max-snippet":"max-snippet:-1","max-image-preview":"max-image-preview:large","max-video-preview":"max-video-preview:-1"},"canonical":"https:\/\/radiolifefm.com.br\/noticias\/historias-de-superacao-ganham-voz-no-lancamento-do-livro-palavras-tecidas-em-imagens-em-adamantina\/","og_locale":"pt_BR","og_type":"article","og_title":"Hist\u00f3rias de supera\u00e7\u00e3o ganham voz no lan\u00e7amento do livro \u201cPalavras Tecidas em Imagens\u201d em Adamantina - R\u00e1dio Life FM","og_description":"&nbsp; Na \u00faltima segunda-feira, 17, Adamantina foi palco de uma emocionante celebra\u00e7\u00e3o de transforma\u00e7\u00e3o e empoderamento feminino com o lan\u00e7amento do livro Palavras Tecidas em Imagens. A obra, fruto da parceria entre o Centro de Refer\u00eancia de Assist\u00eancia Social (CRAS) e o Projeto Soul Feminina do Poder Judici\u00e1rio, re\u00fane relatos reais de mulheres atendidas pelo [&hellip;]","og_url":"https:\/\/radiolifefm.com.br\/noticias\/historias-de-superacao-ganham-voz-no-lancamento-do-livro-palavras-tecidas-em-imagens-em-adamantina\/","og_site_name":"R\u00e1dio Life FM","article_publisher":"https:\/\/www.facebook.com\/radiolifefm\/","article_published_time":"2025-11-18T16:56:18+00:00","article_modified_time":"2026-04-06T16:41:17+00:00","og_image":[{"width":1280,"height":961,"url":"https:\/\/radiolifefm.com.br\/noticias\/wp-content\/uploads\/2025\/11\/WhatsApp-Image-2025-11-18-at-08.49.52.jpeg","type":"image\/jpeg"}],"author":"joaograndao","twitter_card":"summary_large_image","twitter_misc":{"Escrito por":"joaograndao","Est. tempo de leitura":"3 minutos"},"schema":{"@context":"https:\/\/schema.org","@graph":[{"@type":"Article","@id":"https:\/\/radiolifefm.com.br\/noticias\/historias-de-superacao-ganham-voz-no-lancamento-do-livro-palavras-tecidas-em-imagens-em-adamantina\/#article","isPartOf":{"@id":"https:\/\/radiolifefm.com.br\/noticias\/historias-de-superacao-ganham-voz-no-lancamento-do-livro-palavras-tecidas-em-imagens-em-adamantina\/"},"author":{"name":"joaograndao","@id":"https:\/\/radiolifefm.com.br\/noticias\/#\/schema\/person\/6876e1240feffe6e1b63fd5cb85abf28"},"headline":"Hist\u00f3rias de supera\u00e7\u00e3o ganham voz no lan\u00e7amento do livro \u201cPalavras Tecidas em Imagens\u201d em Adamantina","datePublished":"2025-11-18T16:56:18+00:00","dateModified":"2026-04-06T16:41:17+00:00","mainEntityOfPage":{"@id":"https:\/\/radiolifefm.com.br\/noticias\/historias-de-superacao-ganham-voz-no-lancamento-do-livro-palavras-tecidas-em-imagens-em-adamantina\/"},"wordCount":496,"publisher":{"@id":"https:\/\/radiolifefm.com.br\/noticias\/#organization"},"image":{"@id":"https:\/\/radiolifefm.com.br\/noticias\/historias-de-superacao-ganham-voz-no-lancamento-do-livro-palavras-tecidas-em-imagens-em-adamantina\/#primaryimage"},"thumbnailUrl":"https:\/\/radiolifefm.com.br\/noticias\/wp-content\/uploads\/2025\/11\/WhatsApp-Image-2025-11-18-at-08.49.52.jpeg","articleSection":["Geral"],"inLanguage":"pt-BR"},{"@type":"WebPage","@id":"https:\/\/radiolifefm.com.br\/noticias\/historias-de-superacao-ganham-voz-no-lancamento-do-livro-palavras-tecidas-em-imagens-em-adamantina\/","url":"https:\/\/radiolifefm.com.br\/noticias\/historias-de-superacao-ganham-voz-no-lancamento-do-livro-palavras-tecidas-em-imagens-em-adamantina\/","name":"Hist\u00f3rias de supera\u00e7\u00e3o ganham voz no lan\u00e7amento do livro \u201cPalavras Tecidas em Imagens\u201d em Adamantina - R\u00e1dio Life FM","isPartOf":{"@id":"https:\/\/radiolifefm.com.br\/noticias\/#website"},"primaryImageOfPage":{"@id":"https:\/\/radiolifefm.com.br\/noticias\/historias-de-superacao-ganham-voz-no-lancamento-do-livro-palavras-tecidas-em-imagens-em-adamantina\/#primaryimage"},"image":{"@id":"https:\/\/radiolifefm.com.br\/noticias\/historias-de-superacao-ganham-voz-no-lancamento-do-livro-palavras-tecidas-em-imagens-em-adamantina\/#primaryimage"},"thumbnailUrl":"https:\/\/radiolifefm.com.br\/noticias\/wp-content\/uploads\/2025\/11\/WhatsApp-Image-2025-11-18-at-08.49.52.jpeg","datePublished":"2025-11-18T16:56:18+00:00","dateModified":"2026-04-06T16:41:17+00:00","breadcrumb":{"@id":"https:\/\/radiolifefm.com.br\/noticias\/historias-de-superacao-ganham-voz-no-lancamento-do-livro-palavras-tecidas-em-imagens-em-adamantina\/#breadcrumb"},"inLanguage":"pt-BR","potentialAction":[{"@type":"ReadAction","target":["https:\/\/radiolifefm.com.br\/noticias\/historias-de-superacao-ganham-voz-no-lancamento-do-livro-palavras-tecidas-em-imagens-em-adamantina\/"]}]},{"@type":"ImageObject","inLanguage":"pt-BR","@id":"https:\/\/radiolifefm.com.br\/noticias\/historias-de-superacao-ganham-voz-no-lancamento-do-livro-palavras-tecidas-em-imagens-em-adamantina\/#primaryimage","url":"https:\/\/radiolifefm.com.br\/noticias\/wp-content\/uploads\/2025\/11\/WhatsApp-Image-2025-11-18-at-08.49.52.jpeg","contentUrl":"https:\/\/radiolifefm.com.br\/noticias\/wp-content\/uploads\/2025\/11\/WhatsApp-Image-2025-11-18-at-08.49.52.jpeg","width":1280,"height":961},{"@type":"BreadcrumbList","@id":"https:\/\/radiolifefm.com.br\/noticias\/historias-de-superacao-ganham-voz-no-lancamento-do-livro-palavras-tecidas-em-imagens-em-adamantina\/#breadcrumb","itemListElement":[{"@type":"ListItem","position":1,"name":"In\u00edcio","item":"https:\/\/radiolifefm.com.br\/noticias\/"},{"@type":"ListItem","position":2,"name":"Hist\u00f3rias de supera\u00e7\u00e3o ganham voz no lan\u00e7amento do livro \u201cPalavras Tecidas em Imagens\u201d em Adamantina"}]},{"@type":"WebSite","@id":"https:\/\/radiolifefm.com.br\/noticias\/#website","url":"https:\/\/radiolifefm.com.br\/noticias\/","name":"R\u00e1dio Life FM","description":"O Portal de Not\u00edcias de Adamantina","publisher":{"@id":"https:\/\/radiolifefm.com.br\/noticias\/#organization"},"alternateName":"Life FM","potentialAction":[{"@type":"SearchAction","target":{"@type":"EntryPoint","urlTemplate":"https:\/\/radiolifefm.com.br\/noticias\/?s={search_term_string}"},"query-input":{"@type":"PropertyValueSpecification","valueRequired":true,"valueName":"search_term_string"}}],"inLanguage":"pt-BR"},{"@type":"Organization","@id":"https:\/\/radiolifefm.com.br\/noticias\/#organization","name":"R\u00e1dio Life FM","alternateName":"Life FM","url":"https:\/\/radiolifefm.com.br\/noticias\/","logo":{"@type":"ImageObject","inLanguage":"pt-BR","@id":"https:\/\/radiolifefm.com.br\/noticias\/#\/schema\/logo\/image\/","url":"https:\/\/static.radiolifefm.com.br\/noticias\/wp-content\/uploads\/2019\/10\/logo-lifefm.png","contentUrl":"https:\/\/static.radiolifefm.com.br\/noticias\/wp-content\/uploads\/2019\/10\/logo-lifefm.png","width":196,"height":47,"caption":"R\u00e1dio Life FM"},"image":{"@id":"https:\/\/radiolifefm.com.br\/noticias\/#\/schema\/logo\/image\/"},"sameAs":["https:\/\/www.facebook.com\/radiolifefm\/","https:\/\/www.instagram.com\/life1079fm\/"]},{"@type":"Person","@id":"https:\/\/radiolifefm.com.br\/noticias\/#\/schema\/person\/6876e1240feffe6e1b63fd5cb85abf28","name":"joaograndao","image":{"@type":"ImageObject","inLanguage":"pt-BR","@id":"https:\/\/secure.gravatar.com\/avatar\/d5b1a3cf357ed9c50404e256a1294083aa8ab5d2a994001567302786016cb32c?s=96&d=mm&r=g","url":"https:\/\/secure.gravatar.com\/avatar\/d5b1a3cf357ed9c50404e256a1294083aa8ab5d2a994001567302786016cb32c?s=96&d=mm&r=g","contentUrl":"https:\/\/secure.gravatar.com\/avatar\/d5b1a3cf357ed9c50404e256a1294083aa8ab5d2a994001567302786016cb32c?s=96&d=mm&r=g","caption":"joaograndao"}}]}},"amp_enabled":true,"_links":{"self":[{"href":"https:\/\/radiolifefm.com.br\/noticias\/wp-json\/wp\/v2\/posts\/107923","targetHints":{"allow":["GET"]}}],"collection":[{"href":"https:\/\/radiolifefm.com.br\/noticias\/wp-json\/wp\/v2\/posts"}],"about":[{"href":"https:\/\/radiolifefm.com.br\/noticias\/wp-json\/wp\/v2\/types\/post"}],"author":[{"embeddable":true,"href":"https:\/\/radiolifefm.com.br\/noticias\/wp-json\/wp\/v2\/users\/8"}],"replies":[{"embeddable":true,"href":"https:\/\/radiolifefm.com.br\/noticias\/wp-json\/wp\/v2\/comments?post=107923"}],"version-history":[{"count":1,"href":"https:\/\/radiolifefm.com.br\/noticias\/wp-json\/wp\/v2\/posts\/107923\/revisions"}],"predecessor-version":[{"id":107955,"href":"https:\/\/radiolifefm.com.br\/noticias\/wp-json\/wp\/v2\/posts\/107923\/revisions\/107955"}],"wp:featuredmedia":[{"embeddable":true,"href":"https:\/\/radiolifefm.com.br\/noticias\/wp-json\/wp\/v2\/media\/107954"}],"wp:attachment":[{"href":"https:\/\/radiolifefm.com.br\/noticias\/wp-json\/wp\/v2\/media?parent=107923"}],"wp:term":[{"taxonomy":"category","embeddable":true,"href":"https:\/\/radiolifefm.com.br\/noticias\/wp-json\/wp\/v2\/categories?post=107923"},{"taxonomy":"post_tag","embeddable":true,"href":"https:\/\/radiolifefm.com.br\/noticias\/wp-json\/wp\/v2\/tags?post=107923"}],"curies":[{"name":"wp","href":"https:\/\/api.w.org\/{rel}","templated":true}]}}