{"id":107902,"date":"2025-11-18T13:43:04","date_gmt":"2025-11-18T16:43:04","guid":{"rendered":"https:\/\/radiolifefm.com.br\/noticias\/?p=107902"},"modified":"2026-04-10T06:43:54","modified_gmt":"2026-04-10T09:43:54","slug":"casa-afro-promove-noite-de-cultura-inclusao-e-consciencia-com-o-blackout-casa-afro","status":"publish","type":"post","link":"https:\/\/radiolifefm.com.br\/noticias\/casa-afro-promove-noite-de-cultura-inclusao-e-consciencia-com-o-blackout-casa-afro\/","title":{"rendered":"Casa Afro promove noite de cultura, inclus\u00e3o e consci\u00eancia com o \u201cBlackout Casa Afro\u201d"},"content":{"rendered":"<div id=\"fb-root\"><\/div>\n<p>&nbsp;<\/p>\n<p>Adamantina, SP \u2014 A Casa \u00c1frica de Adamantina realizou na sexta-feira, 14 de novembro, mais uma edi\u00e7\u00e3o do evento \u201cBlackout Casa Afro\u201d, reunindo moradores, artistas e ativistas em uma noite repleta de atividades culturais, educativas e sociais. A programa\u00e7\u00e3o refor\u00e7ou o papel da institui\u00e7\u00e3o como um espa\u00e7o de valoriza\u00e7\u00e3o da cultura negra e de promo\u00e7\u00e3o da inclus\u00e3o no munic\u00edpio.<\/p>\n<p>Arte e identidade na abertura<br \/>\nA noite teve in\u00edcio com a premia\u00e7\u00e3o do concurso de desenhos, que destacou a criatividade e o orgulho cultural dos participantes. A iniciativa envolveu crian\u00e7as e jovens da comunidade, incentivando a express\u00e3o art\u00edstica e o reconhecimento das ra\u00edzes afro-brasileiras.<\/p>\n<div class='flex flex-wrap items-center -mx-1'>\r\n<a class='thumbnail gallery p-1 w-1\/2 md:w-1\/4' href='https:\/\/radiolifefm.com.br\/noticias\/wp-content\/uploads\/2025\/11\/WhatsApp-Image-2025-11-18-at-13.27.18.jpeg'><img class='border border-white' src='https:\/\/radiolifefm.com.br\/noticias\/wp-content\/uploads\/2025\/11\/WhatsApp-Image-2025-11-18-at-13.27.18-200x200.jpeg' alt='WhatsApp Image 2025 11 18 At 13.27.18' \/><\/a><a class='thumbnail gallery p-1 w-1\/2 md:w-1\/4' href='https:\/\/radiolifefm.com.br\/noticias\/wp-content\/uploads\/2025\/11\/WhatsApp-Image-2025-11-18-at-13.27.18-2.jpeg'><img class='border border-white' src='https:\/\/radiolifefm.com.br\/noticias\/wp-content\/uploads\/2025\/11\/WhatsApp-Image-2025-11-18-at-13.27.18-2-200x200.jpeg' alt='WhatsApp Image 2025 11 18 At 13.27.18 (2)' \/><\/a><\/div>\n<p>Espet\u00e1culo e tradi\u00e7\u00e3o<br \/>\nUm dos momentos mais aguardados foi a apresenta\u00e7\u00e3o de pirofagia, coordenada pelo Mestre Lobisomem (Gilberto), que encantou o p\u00fablico com sua performance de fogo. Em seguida, os participantes se reuniram para uma roda de conversa sobre os contos do livro Cr\u00f4nicas de Ganga, mergulhando em narrativas ancestrais e reflex\u00f5es sobre espiritualidade e resist\u00eancia.<\/p>\n<div class='flex flex-wrap items-center -mx-1'>\r\n<a class='thumbnail gallery p-1 w-1\/2 md:w-1\/4' href='https:\/\/radiolifefm.com.br\/noticias\/wp-content\/uploads\/2025\/11\/WhatsApp-Image-2025-11-18-at-13.27.18-15.jpeg'><img class='border border-white' src='https:\/\/radiolifefm.com.br\/noticias\/wp-content\/uploads\/2025\/11\/WhatsApp-Image-2025-11-18-at-13.27.18-15-200x200.jpeg' alt='WhatsApp Image 2025 11 18 At 13.27.18 (15)' \/><\/a><a class='thumbnail gallery p-1 w-1\/2 md:w-1\/4' href='https:\/\/radiolifefm.com.br\/noticias\/wp-content\/uploads\/2025\/11\/WhatsApp-Image-2025-11-18-at-13.27.18-17.jpeg'><img class='border border-white' src='https:\/\/radiolifefm.com.br\/noticias\/wp-content\/uploads\/2025\/11\/WhatsApp-Image-2025-11-18-at-13.27.18-17-200x200.jpeg' alt='WhatsApp Image 2025 11 18 At 13.27.18 (17)' \/><\/a><\/div>\n<p>Batalha de rimas e protagonismo<br \/>\nA noite tamb\u00e9m contou com uma batalha de rimas entre MCs da regi\u00e3o, promovendo o protagonismo da juventude negra e a for\u00e7a da linguagem urbana como ferramenta de express\u00e3o e transforma\u00e7\u00e3o social.<\/p>\n<div class='flex flex-wrap items-center -mx-1'>\r\n<a class='thumbnail gallery p-1 w-1\/2 md:w-1\/4' href='https:\/\/radiolifefm.com.br\/noticias\/wp-content\/uploads\/2025\/11\/WhatsApp-Image-2025-11-18-at-13.27.18-3.jpeg'><img class='border border-white' src='https:\/\/radiolifefm.com.br\/noticias\/wp-content\/uploads\/2025\/11\/WhatsApp-Image-2025-11-18-at-13.27.18-3-200x200.jpeg' alt='WhatsApp Image 2025 11 18 At 13.27.18 (3)' \/><\/a><a class='thumbnail gallery p-1 w-1\/2 md:w-1\/4' href='https:\/\/radiolifefm.com.br\/noticias\/wp-content\/uploads\/2025\/11\/WhatsApp-Image-2025-11-18-at-13.27.18-1.jpeg'><img class='border border-white' src='https:\/\/radiolifefm.com.br\/noticias\/wp-content\/uploads\/2025\/11\/WhatsApp-Image-2025-11-18-at-13.27.18-1-200x200.jpeg' alt='WhatsApp Image 2025 11 18 At 13.27.18 (1)' \/><\/a><\/div>\n<p>Sa\u00fade e preven\u00e7\u00e3o<br \/>\nA equipe da sa\u00fade marcou presen\u00e7a com a realiza\u00e7\u00e3o de testes r\u00e1pidos de s\u00edfilis e HIV, refor\u00e7ando a import\u00e2ncia do autocuidado e da preven\u00e7\u00e3o de doen\u00e7as sexualmente transmiss\u00edveis. A a\u00e7\u00e3o integrou cultura e sa\u00fade, ampliando o alcance das pol\u00edticas p\u00fablicas.<\/p>\n<div class='flex flex-wrap items-center -mx-1'>\r\n<a class='thumbnail gallery p-1 w-1\/2 md:w-1\/4' href='https:\/\/radiolifefm.com.br\/noticias\/wp-content\/uploads\/2025\/11\/WhatsApp-Image-2025-11-18-at-13.27.18-12.jpeg'><img class='border border-white' src='https:\/\/radiolifefm.com.br\/noticias\/wp-content\/uploads\/2025\/11\/WhatsApp-Image-2025-11-18-at-13.27.18-12-200x200.jpeg' alt='WhatsApp Image 2025 11 18 At 13.27.18 (12)' \/><\/a><a class='thumbnail gallery p-1 w-1\/2 md:w-1\/4' href='https:\/\/radiolifefm.com.br\/noticias\/wp-content\/uploads\/2025\/11\/WhatsApp-Image-2025-11-18-at-13.27.18-14.jpeg'><img class='border border-white' src='https:\/\/radiolifefm.com.br\/noticias\/wp-content\/uploads\/2025\/11\/WhatsApp-Image-2025-11-18-at-13.27.18-14-200x200.jpeg' alt='WhatsApp Image 2025 11 18 At 13.27.18 (14)' \/><\/a><\/div>\n<p>Gastronomia e empreendedorismo<br \/>\nA pra\u00e7a de alimenta\u00e7\u00e3o foi outro destaque, com food trucks oferecendo uma variedade de op\u00e7\u00f5es ao p\u00fablico. A presen\u00e7a dos empreendedores locais fortaleceu o turismo gastron\u00f4mico e incentivou o com\u00e9rcio regional.<\/p>\n<div class='flex flex-wrap items-center -mx-1'>\r\n<a class='thumbnail gallery p-1 w-1\/2 md:w-1\/4' href='https:\/\/radiolifefm.com.br\/noticias\/wp-content\/uploads\/2025\/11\/WhatsApp-Image-2025-11-18-at-13.27.18-6.jpeg'><img class='border border-white' src='https:\/\/radiolifefm.com.br\/noticias\/wp-content\/uploads\/2025\/11\/WhatsApp-Image-2025-11-18-at-13.27.18-6-200x200.jpeg' alt='WhatsApp Image 2025 11 18 At 13.27.18 (6)' \/><\/a><a class='thumbnail gallery p-1 w-1\/2 md:w-1\/4' href='https:\/\/radiolifefm.com.br\/noticias\/wp-content\/uploads\/2025\/11\/WhatsApp-Image-2025-11-18-at-13.27.18-4.jpeg'><img class='border border-white' src='https:\/\/radiolifefm.com.br\/noticias\/wp-content\/uploads\/2025\/11\/WhatsApp-Image-2025-11-18-at-13.27.18-4-200x200.jpeg' alt='WhatsApp Image 2025 11 18 At 13.27.18 (4)' \/><\/a><\/div>\n<p>A for\u00e7a da Casa Afro em Adamantina<br \/>\nA Casa \u00c1frica \u00e9 um espa\u00e7o de resist\u00eancia, educa\u00e7\u00e3o e celebra\u00e7\u00e3o da cultura negra. Suas a\u00e7\u00f5es promovem inclus\u00e3o, valorizam a ancestralidade e criam pontes entre gera\u00e7\u00f5es, reafirmando o papel da cultura afro-brasileira na constru\u00e7\u00e3o de uma sociedade mais justa e plural.<\/p>\n<div class='flex flex-wrap items-center -mx-1'>\r\n<a class='thumbnail gallery p-1 w-1\/2 md:w-1\/4' href='https:\/\/radiolifefm.com.br\/noticias\/wp-content\/uploads\/2025\/11\/WhatsApp-Image-2025-11-18-at-13.27.18-9.jpeg'><img class='border border-white' src='https:\/\/radiolifefm.com.br\/noticias\/wp-content\/uploads\/2025\/11\/WhatsApp-Image-2025-11-18-at-13.27.18-9-200x200.jpeg' alt='WhatsApp Image 2025 11 18 At 13.27.18 (9)' \/><\/a><a class='thumbnail gallery p-1 w-1\/2 md:w-1\/4' href='https:\/\/radiolifefm.com.br\/noticias\/wp-content\/uploads\/2025\/11\/WhatsApp-Image-2025-11-18-at-13.27.18-10.jpeg'><img class='border border-white' src='https:\/\/radiolifefm.com.br\/noticias\/wp-content\/uploads\/2025\/11\/WhatsApp-Image-2025-11-18-at-13.27.18-10-200x200.jpeg' alt='WhatsApp Image 2025 11 18 At 13.27.18 (10)' \/><\/a><\/div>\n<p>O \u201cBlackout Casa Afro\u201d mostrou que cultura, sa\u00fade, arte e empreendedorismo podem caminhar juntos, fortalecendo a identidade local e promovendo cidadania.<\/p>\n<div class='flex flex-wrap items-center -mx-1'>\r\n<a class='thumbnail gallery p-1 w-1\/2 md:w-1\/4' href='https:\/\/radiolifefm.com.br\/noticias\/wp-content\/uploads\/2025\/11\/WhatsApp-Image-2025-11-18-at-13.27.18-7.jpeg'><img class='border border-white' src='https:\/\/radiolifefm.com.br\/noticias\/wp-content\/uploads\/2025\/11\/WhatsApp-Image-2025-11-18-at-13.27.18-7-200x200.jpeg' alt='WhatsApp Image 2025 11 18 At 13.27.18 (7)' \/><\/a><a class='thumbnail gallery p-1 w-1\/2 md:w-1\/4' href='https:\/\/radiolifefm.com.br\/noticias\/wp-content\/uploads\/2025\/11\/WhatsApp-Image-2025-11-18-at-13.27.18-8.jpeg'><img class='border border-white' src='https:\/\/radiolifefm.com.br\/noticias\/wp-content\/uploads\/2025\/11\/WhatsApp-Image-2025-11-18-at-13.27.18-8-200x200.jpeg' alt='WhatsApp Image 2025 11 18 At 13.27.18 (8)' \/><\/a><\/div>\n","protected":false},"excerpt":{"rendered":"<p>&nbsp; Adamantina, SP \u2014 A Casa \u00c1frica de Adamantina realizou na sexta-feira, 14 de novembro, mais uma edi\u00e7\u00e3o do evento \u201cBlackout Casa Afro\u201d, reunindo moradores, artistas e ativistas em uma noite repleta de atividades culturais, educativas e sociais. A programa\u00e7\u00e3o refor\u00e7ou o papel da institui\u00e7\u00e3o como um espa\u00e7o de valoriza\u00e7\u00e3o da cultura negra e de [&hellip;]<\/p>\n","protected":false},"author":8,"featured_media":107905,"comment_status":"closed","ping_status":"open","sticky":false,"template":"","format":"standard","meta":{"_acf_changed":false,"_exactmetrics_skip_tracking":false,"_exactmetrics_sitenote_active":false,"_exactmetrics_sitenote_note":"","_exactmetrics_sitenote_category":0,"footnotes":""},"categories":[1],"tags":[],"class_list":["post-107902","post","type-post","status-publish","format-standard","has-post-thumbnail","hentry","category-geral"],"acf":[],"yoast_head":"<!-- This site is optimized with the Yoast SEO plugin v27.2 - https:\/\/yoast.com\/product\/yoast-seo-wordpress\/ -->\n<title>Casa Afro promove noite de cultura, inclus\u00e3o e consci\u00eancia com o \u201cBlackout Casa Afro\u201d - R\u00e1dio Life FM<\/title>\n<meta name=\"robots\" content=\"index, follow, max-snippet:-1, max-image-preview:large, max-video-preview:-1\" \/>\n<link rel=\"canonical\" href=\"https:\/\/radiolifefm.com.br\/noticias\/casa-afro-promove-noite-de-cultura-inclusao-e-consciencia-com-o-blackout-casa-afro\/\" \/>\n<meta property=\"og:locale\" content=\"pt_BR\" \/>\n<meta property=\"og:type\" content=\"article\" \/>\n<meta property=\"og:title\" content=\"Casa Afro promove noite de cultura, inclus\u00e3o e consci\u00eancia com o \u201cBlackout Casa Afro\u201d - R\u00e1dio Life FM\" \/>\n<meta property=\"og:description\" content=\"&nbsp; Adamantina, SP \u2014 A Casa \u00c1frica de Adamantina realizou na sexta-feira, 14 de novembro, mais uma edi\u00e7\u00e3o do evento \u201cBlackout Casa Afro\u201d, reunindo moradores, artistas e ativistas em uma noite repleta de atividades culturais, educativas e sociais. A programa\u00e7\u00e3o refor\u00e7ou o papel da institui\u00e7\u00e3o como um espa\u00e7o de valoriza\u00e7\u00e3o da cultura negra e de [&hellip;]\" \/>\n<meta property=\"og:url\" content=\"https:\/\/radiolifefm.com.br\/noticias\/casa-afro-promove-noite-de-cultura-inclusao-e-consciencia-com-o-blackout-casa-afro\/\" \/>\n<meta property=\"og:site_name\" content=\"R\u00e1dio Life FM\" \/>\n<meta property=\"article:publisher\" content=\"https:\/\/www.facebook.com\/radiolifefm\/\" \/>\n<meta property=\"article:published_time\" content=\"2025-11-18T16:43:04+00:00\" \/>\n<meta property=\"article:modified_time\" content=\"2026-04-10T09:43:54+00:00\" \/>\n<meta property=\"og:image\" content=\"https:\/\/radiolifefm.com.br\/noticias\/wp-content\/uploads\/2025\/11\/WhatsApp-Image-2025-11-18-at-13.27.18-16-e1763483757508.jpeg\" \/>\n\t<meta property=\"og:image:width\" content=\"1317\" \/>\n\t<meta property=\"og:image:height\" content=\"904\" \/>\n\t<meta property=\"og:image:type\" content=\"image\/jpeg\" \/>\n<meta name=\"author\" content=\"joaograndao\" \/>\n<meta name=\"twitter:card\" content=\"summary_large_image\" \/>\n<meta name=\"twitter:label1\" content=\"Escrito por\" \/>\n\t<meta name=\"twitter:data1\" content=\"joaograndao\" \/>\n\t<meta name=\"twitter:label2\" content=\"Est. tempo de leitura\" \/>\n\t<meta name=\"twitter:data2\" content=\"3 minutos\" \/>\n<script type=\"application\/ld+json\" class=\"yoast-schema-graph\">{\"@context\":\"https:\/\/schema.org\",\"@graph\":[{\"@type\":\"Article\",\"@id\":\"https:\/\/radiolifefm.com.br\/noticias\/casa-afro-promove-noite-de-cultura-inclusao-e-consciencia-com-o-blackout-casa-afro\/#article\",\"isPartOf\":{\"@id\":\"https:\/\/radiolifefm.com.br\/noticias\/casa-afro-promove-noite-de-cultura-inclusao-e-consciencia-com-o-blackout-casa-afro\/\"},\"author\":{\"name\":\"joaograndao\",\"@id\":\"https:\/\/radiolifefm.com.br\/noticias\/#\/schema\/person\/6876e1240feffe6e1b63fd5cb85abf28\"},\"headline\":\"Casa Afro promove noite de cultura, inclus\u00e3o e consci\u00eancia com o \u201cBlackout Casa Afro\u201d\",\"datePublished\":\"2025-11-18T16:43:04+00:00\",\"dateModified\":\"2026-04-10T09:43:54+00:00\",\"mainEntityOfPage\":{\"@id\":\"https:\/\/radiolifefm.com.br\/noticias\/casa-afro-promove-noite-de-cultura-inclusao-e-consciencia-com-o-blackout-casa-afro\/\"},\"wordCount\":448,\"publisher\":{\"@id\":\"https:\/\/radiolifefm.com.br\/noticias\/#organization\"},\"image\":{\"@id\":\"https:\/\/radiolifefm.com.br\/noticias\/casa-afro-promove-noite-de-cultura-inclusao-e-consciencia-com-o-blackout-casa-afro\/#primaryimage\"},\"thumbnailUrl\":\"https:\/\/radiolifefm.com.br\/noticias\/wp-content\/uploads\/2025\/11\/WhatsApp-Image-2025-11-18-at-13.27.18-16-e1763483757508.jpeg\",\"articleSection\":[\"Geral\"],\"inLanguage\":\"pt-BR\"},{\"@type\":\"WebPage\",\"@id\":\"https:\/\/radiolifefm.com.br\/noticias\/casa-afro-promove-noite-de-cultura-inclusao-e-consciencia-com-o-blackout-casa-afro\/\",\"url\":\"https:\/\/radiolifefm.com.br\/noticias\/casa-afro-promove-noite-de-cultura-inclusao-e-consciencia-com-o-blackout-casa-afro\/\",\"name\":\"Casa Afro promove noite de cultura, inclus\u00e3o e consci\u00eancia com o \u201cBlackout Casa Afro\u201d - R\u00e1dio Life FM\",\"isPartOf\":{\"@id\":\"https:\/\/radiolifefm.com.br\/noticias\/#website\"},\"primaryImageOfPage\":{\"@id\":\"https:\/\/radiolifefm.com.br\/noticias\/casa-afro-promove-noite-de-cultura-inclusao-e-consciencia-com-o-blackout-casa-afro\/#primaryimage\"},\"image\":{\"@id\":\"https:\/\/radiolifefm.com.br\/noticias\/casa-afro-promove-noite-de-cultura-inclusao-e-consciencia-com-o-blackout-casa-afro\/#primaryimage\"},\"thumbnailUrl\":\"https:\/\/radiolifefm.com.br\/noticias\/wp-content\/uploads\/2025\/11\/WhatsApp-Image-2025-11-18-at-13.27.18-16-e1763483757508.jpeg\",\"datePublished\":\"2025-11-18T16:43:04+00:00\",\"dateModified\":\"2026-04-10T09:43:54+00:00\",\"breadcrumb\":{\"@id\":\"https:\/\/radiolifefm.com.br\/noticias\/casa-afro-promove-noite-de-cultura-inclusao-e-consciencia-com-o-blackout-casa-afro\/#breadcrumb\"},\"inLanguage\":\"pt-BR\",\"potentialAction\":[{\"@type\":\"ReadAction\",\"target\":[\"https:\/\/radiolifefm.com.br\/noticias\/casa-afro-promove-noite-de-cultura-inclusao-e-consciencia-com-o-blackout-casa-afro\/\"]}]},{\"@type\":\"ImageObject\",\"inLanguage\":\"pt-BR\",\"@id\":\"https:\/\/radiolifefm.com.br\/noticias\/casa-afro-promove-noite-de-cultura-inclusao-e-consciencia-com-o-blackout-casa-afro\/#primaryimage\",\"url\":\"https:\/\/radiolifefm.com.br\/noticias\/wp-content\/uploads\/2025\/11\/WhatsApp-Image-2025-11-18-at-13.27.18-16-e1763483757508.jpeg\",\"contentUrl\":\"https:\/\/radiolifefm.com.br\/noticias\/wp-content\/uploads\/2025\/11\/WhatsApp-Image-2025-11-18-at-13.27.18-16-e1763483757508.jpeg\",\"width\":1317,\"height\":904},{\"@type\":\"BreadcrumbList\",\"@id\":\"https:\/\/radiolifefm.com.br\/noticias\/casa-afro-promove-noite-de-cultura-inclusao-e-consciencia-com-o-blackout-casa-afro\/#breadcrumb\",\"itemListElement\":[{\"@type\":\"ListItem\",\"position\":1,\"name\":\"In\u00edcio\",\"item\":\"https:\/\/radiolifefm.com.br\/noticias\/\"},{\"@type\":\"ListItem\",\"position\":2,\"name\":\"Casa Afro promove noite de cultura, inclus\u00e3o e consci\u00eancia com o \u201cBlackout Casa Afro\u201d\"}]},{\"@type\":\"WebSite\",\"@id\":\"https:\/\/radiolifefm.com.br\/noticias\/#website\",\"url\":\"https:\/\/radiolifefm.com.br\/noticias\/\",\"name\":\"R\u00e1dio Life FM\",\"description\":\"O Portal de Not\u00edcias de Adamantina\",\"publisher\":{\"@id\":\"https:\/\/radiolifefm.com.br\/noticias\/#organization\"},\"alternateName\":\"Life FM\",\"potentialAction\":[{\"@type\":\"SearchAction\",\"target\":{\"@type\":\"EntryPoint\",\"urlTemplate\":\"https:\/\/radiolifefm.com.br\/noticias\/?s={search_term_string}\"},\"query-input\":{\"@type\":\"PropertyValueSpecification\",\"valueRequired\":true,\"valueName\":\"search_term_string\"}}],\"inLanguage\":\"pt-BR\"},{\"@type\":\"Organization\",\"@id\":\"https:\/\/radiolifefm.com.br\/noticias\/#organization\",\"name\":\"R\u00e1dio Life FM\",\"alternateName\":\"Life FM\",\"url\":\"https:\/\/radiolifefm.com.br\/noticias\/\",\"logo\":{\"@type\":\"ImageObject\",\"inLanguage\":\"pt-BR\",\"@id\":\"https:\/\/radiolifefm.com.br\/noticias\/#\/schema\/logo\/image\/\",\"url\":\"https:\/\/static.radiolifefm.com.br\/noticias\/wp-content\/uploads\/2019\/10\/logo-lifefm.png\",\"contentUrl\":\"https:\/\/static.radiolifefm.com.br\/noticias\/wp-content\/uploads\/2019\/10\/logo-lifefm.png\",\"width\":196,\"height\":47,\"caption\":\"R\u00e1dio Life FM\"},\"image\":{\"@id\":\"https:\/\/radiolifefm.com.br\/noticias\/#\/schema\/logo\/image\/\"},\"sameAs\":[\"https:\/\/www.facebook.com\/radiolifefm\/\",\"https:\/\/www.instagram.com\/life1079fm\/\"]},{\"@type\":\"Person\",\"@id\":\"https:\/\/radiolifefm.com.br\/noticias\/#\/schema\/person\/6876e1240feffe6e1b63fd5cb85abf28\",\"name\":\"joaograndao\",\"image\":{\"@type\":\"ImageObject\",\"inLanguage\":\"pt-BR\",\"@id\":\"https:\/\/secure.gravatar.com\/avatar\/d5b1a3cf357ed9c50404e256a1294083aa8ab5d2a994001567302786016cb32c?s=96&d=mm&r=g\",\"url\":\"https:\/\/secure.gravatar.com\/avatar\/d5b1a3cf357ed9c50404e256a1294083aa8ab5d2a994001567302786016cb32c?s=96&d=mm&r=g\",\"contentUrl\":\"https:\/\/secure.gravatar.com\/avatar\/d5b1a3cf357ed9c50404e256a1294083aa8ab5d2a994001567302786016cb32c?s=96&d=mm&r=g\",\"caption\":\"joaograndao\"}}]}<\/script>\n<!-- \/ Yoast SEO plugin. -->","yoast_head_json":{"title":"Casa Afro promove noite de cultura, inclus\u00e3o e consci\u00eancia com o \u201cBlackout Casa Afro\u201d - R\u00e1dio Life FM","robots":{"index":"index","follow":"follow","max-snippet":"max-snippet:-1","max-image-preview":"max-image-preview:large","max-video-preview":"max-video-preview:-1"},"canonical":"https:\/\/radiolifefm.com.br\/noticias\/casa-afro-promove-noite-de-cultura-inclusao-e-consciencia-com-o-blackout-casa-afro\/","og_locale":"pt_BR","og_type":"article","og_title":"Casa Afro promove noite de cultura, inclus\u00e3o e consci\u00eancia com o \u201cBlackout Casa Afro\u201d - R\u00e1dio Life FM","og_description":"&nbsp; Adamantina, SP \u2014 A Casa \u00c1frica de Adamantina realizou na sexta-feira, 14 de novembro, mais uma edi\u00e7\u00e3o do evento \u201cBlackout Casa Afro\u201d, reunindo moradores, artistas e ativistas em uma noite repleta de atividades culturais, educativas e sociais. A programa\u00e7\u00e3o refor\u00e7ou o papel da institui\u00e7\u00e3o como um espa\u00e7o de valoriza\u00e7\u00e3o da cultura negra e de [&hellip;]","og_url":"https:\/\/radiolifefm.com.br\/noticias\/casa-afro-promove-noite-de-cultura-inclusao-e-consciencia-com-o-blackout-casa-afro\/","og_site_name":"R\u00e1dio Life FM","article_publisher":"https:\/\/www.facebook.com\/radiolifefm\/","article_published_time":"2025-11-18T16:43:04+00:00","article_modified_time":"2026-04-10T09:43:54+00:00","og_image":[{"width":1317,"height":904,"url":"https:\/\/radiolifefm.com.br\/noticias\/wp-content\/uploads\/2025\/11\/WhatsApp-Image-2025-11-18-at-13.27.18-16-e1763483757508.jpeg","type":"image\/jpeg"}],"author":"joaograndao","twitter_card":"summary_large_image","twitter_misc":{"Escrito por":"joaograndao","Est. tempo de leitura":"3 minutos"},"schema":{"@context":"https:\/\/schema.org","@graph":[{"@type":"Article","@id":"https:\/\/radiolifefm.com.br\/noticias\/casa-afro-promove-noite-de-cultura-inclusao-e-consciencia-com-o-blackout-casa-afro\/#article","isPartOf":{"@id":"https:\/\/radiolifefm.com.br\/noticias\/casa-afro-promove-noite-de-cultura-inclusao-e-consciencia-com-o-blackout-casa-afro\/"},"author":{"name":"joaograndao","@id":"https:\/\/radiolifefm.com.br\/noticias\/#\/schema\/person\/6876e1240feffe6e1b63fd5cb85abf28"},"headline":"Casa Afro promove noite de cultura, inclus\u00e3o e consci\u00eancia com o \u201cBlackout Casa Afro\u201d","datePublished":"2025-11-18T16:43:04+00:00","dateModified":"2026-04-10T09:43:54+00:00","mainEntityOfPage":{"@id":"https:\/\/radiolifefm.com.br\/noticias\/casa-afro-promove-noite-de-cultura-inclusao-e-consciencia-com-o-blackout-casa-afro\/"},"wordCount":448,"publisher":{"@id":"https:\/\/radiolifefm.com.br\/noticias\/#organization"},"image":{"@id":"https:\/\/radiolifefm.com.br\/noticias\/casa-afro-promove-noite-de-cultura-inclusao-e-consciencia-com-o-blackout-casa-afro\/#primaryimage"},"thumbnailUrl":"https:\/\/radiolifefm.com.br\/noticias\/wp-content\/uploads\/2025\/11\/WhatsApp-Image-2025-11-18-at-13.27.18-16-e1763483757508.jpeg","articleSection":["Geral"],"inLanguage":"pt-BR"},{"@type":"WebPage","@id":"https:\/\/radiolifefm.com.br\/noticias\/casa-afro-promove-noite-de-cultura-inclusao-e-consciencia-com-o-blackout-casa-afro\/","url":"https:\/\/radiolifefm.com.br\/noticias\/casa-afro-promove-noite-de-cultura-inclusao-e-consciencia-com-o-blackout-casa-afro\/","name":"Casa Afro promove noite de cultura, inclus\u00e3o e consci\u00eancia com o \u201cBlackout Casa Afro\u201d - R\u00e1dio Life FM","isPartOf":{"@id":"https:\/\/radiolifefm.com.br\/noticias\/#website"},"primaryImageOfPage":{"@id":"https:\/\/radiolifefm.com.br\/noticias\/casa-afro-promove-noite-de-cultura-inclusao-e-consciencia-com-o-blackout-casa-afro\/#primaryimage"},"image":{"@id":"https:\/\/radiolifefm.com.br\/noticias\/casa-afro-promove-noite-de-cultura-inclusao-e-consciencia-com-o-blackout-casa-afro\/#primaryimage"},"thumbnailUrl":"https:\/\/radiolifefm.com.br\/noticias\/wp-content\/uploads\/2025\/11\/WhatsApp-Image-2025-11-18-at-13.27.18-16-e1763483757508.jpeg","datePublished":"2025-11-18T16:43:04+00:00","dateModified":"2026-04-10T09:43:54+00:00","breadcrumb":{"@id":"https:\/\/radiolifefm.com.br\/noticias\/casa-afro-promove-noite-de-cultura-inclusao-e-consciencia-com-o-blackout-casa-afro\/#breadcrumb"},"inLanguage":"pt-BR","potentialAction":[{"@type":"ReadAction","target":["https:\/\/radiolifefm.com.br\/noticias\/casa-afro-promove-noite-de-cultura-inclusao-e-consciencia-com-o-blackout-casa-afro\/"]}]},{"@type":"ImageObject","inLanguage":"pt-BR","@id":"https:\/\/radiolifefm.com.br\/noticias\/casa-afro-promove-noite-de-cultura-inclusao-e-consciencia-com-o-blackout-casa-afro\/#primaryimage","url":"https:\/\/radiolifefm.com.br\/noticias\/wp-content\/uploads\/2025\/11\/WhatsApp-Image-2025-11-18-at-13.27.18-16-e1763483757508.jpeg","contentUrl":"https:\/\/radiolifefm.com.br\/noticias\/wp-content\/uploads\/2025\/11\/WhatsApp-Image-2025-11-18-at-13.27.18-16-e1763483757508.jpeg","width":1317,"height":904},{"@type":"BreadcrumbList","@id":"https:\/\/radiolifefm.com.br\/noticias\/casa-afro-promove-noite-de-cultura-inclusao-e-consciencia-com-o-blackout-casa-afro\/#breadcrumb","itemListElement":[{"@type":"ListItem","position":1,"name":"In\u00edcio","item":"https:\/\/radiolifefm.com.br\/noticias\/"},{"@type":"ListItem","position":2,"name":"Casa Afro promove noite de cultura, inclus\u00e3o e consci\u00eancia com o \u201cBlackout Casa Afro\u201d"}]},{"@type":"WebSite","@id":"https:\/\/radiolifefm.com.br\/noticias\/#website","url":"https:\/\/radiolifefm.com.br\/noticias\/","name":"R\u00e1dio Life FM","description":"O Portal de Not\u00edcias de Adamantina","publisher":{"@id":"https:\/\/radiolifefm.com.br\/noticias\/#organization"},"alternateName":"Life FM","potentialAction":[{"@type":"SearchAction","target":{"@type":"EntryPoint","urlTemplate":"https:\/\/radiolifefm.com.br\/noticias\/?s={search_term_string}"},"query-input":{"@type":"PropertyValueSpecification","valueRequired":true,"valueName":"search_term_string"}}],"inLanguage":"pt-BR"},{"@type":"Organization","@id":"https:\/\/radiolifefm.com.br\/noticias\/#organization","name":"R\u00e1dio Life FM","alternateName":"Life FM","url":"https:\/\/radiolifefm.com.br\/noticias\/","logo":{"@type":"ImageObject","inLanguage":"pt-BR","@id":"https:\/\/radiolifefm.com.br\/noticias\/#\/schema\/logo\/image\/","url":"https:\/\/static.radiolifefm.com.br\/noticias\/wp-content\/uploads\/2019\/10\/logo-lifefm.png","contentUrl":"https:\/\/static.radiolifefm.com.br\/noticias\/wp-content\/uploads\/2019\/10\/logo-lifefm.png","width":196,"height":47,"caption":"R\u00e1dio Life FM"},"image":{"@id":"https:\/\/radiolifefm.com.br\/noticias\/#\/schema\/logo\/image\/"},"sameAs":["https:\/\/www.facebook.com\/radiolifefm\/","https:\/\/www.instagram.com\/life1079fm\/"]},{"@type":"Person","@id":"https:\/\/radiolifefm.com.br\/noticias\/#\/schema\/person\/6876e1240feffe6e1b63fd5cb85abf28","name":"joaograndao","image":{"@type":"ImageObject","inLanguage":"pt-BR","@id":"https:\/\/secure.gravatar.com\/avatar\/d5b1a3cf357ed9c50404e256a1294083aa8ab5d2a994001567302786016cb32c?s=96&d=mm&r=g","url":"https:\/\/secure.gravatar.com\/avatar\/d5b1a3cf357ed9c50404e256a1294083aa8ab5d2a994001567302786016cb32c?s=96&d=mm&r=g","contentUrl":"https:\/\/secure.gravatar.com\/avatar\/d5b1a3cf357ed9c50404e256a1294083aa8ab5d2a994001567302786016cb32c?s=96&d=mm&r=g","caption":"joaograndao"}}]}},"amp_enabled":true,"_links":{"self":[{"href":"https:\/\/radiolifefm.com.br\/noticias\/wp-json\/wp\/v2\/posts\/107902","targetHints":{"allow":["GET"]}}],"collection":[{"href":"https:\/\/radiolifefm.com.br\/noticias\/wp-json\/wp\/v2\/posts"}],"about":[{"href":"https:\/\/radiolifefm.com.br\/noticias\/wp-json\/wp\/v2\/types\/post"}],"author":[{"embeddable":true,"href":"https:\/\/radiolifefm.com.br\/noticias\/wp-json\/wp\/v2\/users\/8"}],"replies":[{"embeddable":true,"href":"https:\/\/radiolifefm.com.br\/noticias\/wp-json\/wp\/v2\/comments?post=107902"}],"version-history":[{"count":2,"href":"https:\/\/radiolifefm.com.br\/noticias\/wp-json\/wp\/v2\/posts\/107902\/revisions"}],"predecessor-version":[{"id":107957,"href":"https:\/\/radiolifefm.com.br\/noticias\/wp-json\/wp\/v2\/posts\/107902\/revisions\/107957"}],"wp:featuredmedia":[{"embeddable":true,"href":"https:\/\/radiolifefm.com.br\/noticias\/wp-json\/wp\/v2\/media\/107905"}],"wp:attachment":[{"href":"https:\/\/radiolifefm.com.br\/noticias\/wp-json\/wp\/v2\/media?parent=107902"}],"wp:term":[{"taxonomy":"category","embeddable":true,"href":"https:\/\/radiolifefm.com.br\/noticias\/wp-json\/wp\/v2\/categories?post=107902"},{"taxonomy":"post_tag","embeddable":true,"href":"https:\/\/radiolifefm.com.br\/noticias\/wp-json\/wp\/v2\/tags?post=107902"}],"curies":[{"name":"wp","href":"https:\/\/api.w.org\/{rel}","templated":true}]}}