{"id":107837,"date":"2025-11-17T14:11:51","date_gmt":"2025-11-17T17:11:51","guid":{"rendered":"https:\/\/radiolifefm.com.br\/noticias\/?p=107837"},"modified":"2026-04-15T08:25:08","modified_gmt":"2026-04-15T11:25:08","slug":"adamantina-inaugura-ponto-de-atendimento-virtual-da-receita-federal-mais-inclusao-e-servicos-para-a-populacao","status":"publish","type":"post","link":"https:\/\/radiolifefm.com.br\/noticias\/adamantina-inaugura-ponto-de-atendimento-virtual-da-receita-federal-mais-inclusao-e-servicos-para-a-populacao\/","title":{"rendered":"Adamantina inaugura Ponto de Atendimento Virtual da Receita Federal: mais inclus\u00e3o e servi\u00e7os para a popula\u00e7\u00e3o"},"content":{"rendered":"<div id=\"fb-root\"><\/div>\n<p>&nbsp;<\/p>\n<p>Adamantina, SP \u2014 Os cidad\u00e3os de Adamantina agora contam com um novo canal de acesso aos servi\u00e7os da Receita Federal: o Ponto de Atendimento Virtual (PAV), inaugurado na segunda-feira, 17 de novembro, no 5\u00ba andar da Prefeitura Municipal. A cerim\u00f4nia contou com a presen\u00e7a de autoridades locais, secret\u00e1rios municipais, mun\u00edcipes e do Delegado Titular da Receita Federal de Presidente Prudente, Dr. Sergio Louren\u00e7o Junior.<\/p>\n<p>Tecnologia para ampliar o acesso<br \/>\nA implanta\u00e7\u00e3o do PAV faz parte de uma estrat\u00e9gia nacional da Receita Federal para modernizar o atendimento ao p\u00fablico, utilizando recursos digitais e parcerias com os munic\u00edpios. A iniciativa visa facilitar o acesso da popula\u00e7\u00e3o a diversos servi\u00e7os fiscais, com suporte presencial e estrutura adequada, mesmo em cidades que n\u00e3o contam com unidades f\u00edsicas da Receita. At\u00e9 o momento, j\u00e1 foram inaugurados 24 pontos de atendimento virtual na regi\u00e3o.<\/p>\n<div class='flex flex-wrap items-center -mx-1'>\r\n<a class='thumbnail gallery p-1 w-1\/2 md:w-1\/4' href='https:\/\/radiolifefm.com.br\/noticias\/wp-content\/uploads\/2025\/11\/WhatsApp-Image-2025-11-17-at-14.02.07.jpeg'><img class='border border-white' src='https:\/\/radiolifefm.com.br\/noticias\/wp-content\/uploads\/2025\/11\/WhatsApp-Image-2025-11-17-at-14.02.07-200x200.jpeg' alt='WhatsApp Image 2025 11 17 At 14.02.07' \/><\/a><a class='thumbnail gallery p-1 w-1\/2 md:w-1\/4' href='https:\/\/radiolifefm.com.br\/noticias\/wp-content\/uploads\/2025\/11\/WhatsApp-Image-2025-11-17-at-14.02.07-1.jpeg'><img class='border border-white' src='https:\/\/radiolifefm.com.br\/noticias\/wp-content\/uploads\/2025\/11\/WhatsApp-Image-2025-11-17-at-14.02.07-1-200x200.jpeg' alt='WhatsApp Image 2025 11 17 At 14.02.07 (1)' \/><\/a><\/div>\n<p>Parcerias e educa\u00e7\u00e3o fiscal<br \/>\nEm entrevista \u00e0 jornalista Lucia Prado, da Life FM, Dr. Sergio destacou os diversos servi\u00e7os oferecidos pelo novo ponto e refor\u00e7ou o compromisso da Receita Federal em ampliar parcerias com Adamantina. Entre os projetos futuros, ele mencionou a implementa\u00e7\u00e3o da Educa\u00e7\u00e3o Fiscal nas escolas, iniciativa que visa promover cidadania e conscientiza\u00e7\u00e3o sobre o papel dos tributos na sociedade.<\/p>\n<div class='flex flex-wrap items-center -mx-1'>\r\n<a class='thumbnail gallery p-1 w-1\/2 md:w-1\/4' href='https:\/\/radiolifefm.com.br\/noticias\/wp-content\/uploads\/2025\/11\/WhatsApp-Image-2025-11-17-at-14.02.03.jpeg'><img class='border border-white' src='https:\/\/radiolifefm.com.br\/noticias\/wp-content\/uploads\/2025\/11\/WhatsApp-Image-2025-11-17-at-14.02.03-200x200.jpeg' alt='WhatsApp Image 2025 11 17 At 14.02.03' \/><\/a><a class='thumbnail gallery p-1 w-1\/2 md:w-1\/4' href='https:\/\/radiolifefm.com.br\/noticias\/wp-content\/uploads\/2025\/11\/WhatsApp-Image-2025-11-17-at-14.02.02.jpeg'><img class='border border-white' src='https:\/\/radiolifefm.com.br\/noticias\/wp-content\/uploads\/2025\/11\/WhatsApp-Image-2025-11-17-at-14.02.02-200x200.jpeg' alt='WhatsApp Image 2025 11 17 At 14.02.02' \/><\/a><\/div>\n<p>Prefeito celebra conquista<br \/>\nDurante o evento, o prefeito Jos\u00e9 Carlos Tiveron assinou a documenta\u00e7\u00e3o oficial que formaliza a instala\u00e7\u00e3o do PAV no munic\u00edpio. Em seu discurso, ele agradeceu pela conquista e destacou a import\u00e2ncia da iniciativa para os adamantinenses. \u201cEsse \u00e9 um avan\u00e7o significativo para nossa cidade. Estamos abertos a ampliar parcerias que tragam benef\u00edcios concretos para a popula\u00e7\u00e3o\u201d, afirmou o prefeito.<\/p>\n<div class='flex flex-wrap items-center -mx-1'>\r\n<a class='thumbnail gallery p-1 w-1\/2 md:w-1\/4' href='https:\/\/radiolifefm.com.br\/noticias\/wp-content\/uploads\/2025\/11\/WhatsApp-Image-2025-11-17-at-14.02.01-1.jpeg'><img class='border border-white' src='https:\/\/radiolifefm.com.br\/noticias\/wp-content\/uploads\/2025\/11\/WhatsApp-Image-2025-11-17-at-14.02.01-1-200x200.jpeg' alt='WhatsApp Image 2025 11 17 At 14.02.01 (1)' \/><\/a><a class='thumbnail gallery p-1 w-1\/2 md:w-1\/4' href='https:\/\/radiolifefm.com.br\/noticias\/wp-content\/uploads\/2025\/11\/WhatsApp-Image-2025-11-17-at-14.02.05-1.jpeg'><img class='border border-white' src='https:\/\/radiolifefm.com.br\/noticias\/wp-content\/uploads\/2025\/11\/WhatsApp-Image-2025-11-17-at-14.02.05-1-200x200.jpeg' alt='WhatsApp Image 2025 11 17 At 14.02.05 (1)' \/><\/a><\/div>\n<p>Investimento em estrutura<br \/>\nAdamantina tamb\u00e9m foi contemplada com a doa\u00e7\u00e3o de celulares, retroprojetores, pneus e outros equipamentos, fortalecendo a estrutura do novo ponto de atendimento e garantindo mais conforto e efici\u00eancia para os usu\u00e1rios.<\/p>\n<p>Localiza\u00e7\u00e3o e hor\u00e1rio<br \/>\nO PAV est\u00e1 instalado no Poupatempo Municipal, que concentra diversos servi\u00e7os p\u00fablicos, na Avenida da Saudade, n\u00ba 1072, Vila Endo. O atendimento ao p\u00fablico ocorre de segunda a sexta-feira, das 9h \u00e0s 16h.<\/p>\n<div class='flex flex-wrap items-center -mx-1'>\r\n<a class='thumbnail gallery p-1 w-1\/2 md:w-1\/4' href='https:\/\/radiolifefm.com.br\/noticias\/wp-content\/uploads\/2025\/11\/Capa-Site-94.jpg'><img class='border border-white' src='https:\/\/radiolifefm.com.br\/noticias\/wp-content\/uploads\/2025\/11\/Capa-Site-94-200x200.jpg' alt='Capa (Site) (94)' \/><\/a><a class='thumbnail gallery p-1 w-1\/2 md:w-1\/4' href='https:\/\/radiolifefm.com.br\/noticias\/wp-content\/uploads\/2025\/11\/WhatsApp-Image-2025-11-17-at-14.02.05-e1763399450119.jpeg'><img class='border border-white' src='https:\/\/radiolifefm.com.br\/noticias\/wp-content\/uploads\/2025\/11\/WhatsApp-Image-2025-11-17-at-14.02.05-e1763399450119-200x200.jpeg' alt='WhatsApp Image 2025 11 17 At 14.02.05' \/><\/a><\/div>\n<p>Benef\u00edcios para os cidad\u00e3os<br \/>\n&#8211; Atendimento mais \u00e1gil e digitalizado<br \/>\n&#8211; Redu\u00e7\u00e3o de deslocamentos para outras cidades<br \/>\n&#8211; Inclus\u00e3o digital com suporte presencial<br \/>\n&#8211; Fortalecimento da cidadania fiscal<\/p>\n<p>A chegada do PAV representa um avan\u00e7o na moderniza\u00e7\u00e3o do servi\u00e7o p\u00fablico e refor\u00e7a o compromisso da Receita Federal e da Prefeitura de Adamantina com a inclus\u00e3o, efici\u00eancia e educa\u00e7\u00e3o fiscal.<img loading=\"lazy\" decoding=\"async\" class=\"aligncenter wp-image-107848 size-medium\" src=\"https:\/\/static.radiolifefm.com.br\/noticias\/wp-content\/uploads\/2025\/11\/Capa-Site-94-300x169.jpg\" alt=\"\" width=\"300\" height=\"169\" srcset=\"https:\/\/radiolifefm.com.br\/noticias\/wp-content\/uploads\/2025\/11\/Capa-Site-94-300x169.jpg 300w, https:\/\/radiolifefm.com.br\/noticias\/wp-content\/uploads\/2025\/11\/Capa-Site-94-1024x576.jpg 1024w, https:\/\/radiolifefm.com.br\/noticias\/wp-content\/uploads\/2025\/11\/Capa-Site-94-768x432.jpg 768w, https:\/\/radiolifefm.com.br\/noticias\/wp-content\/uploads\/2025\/11\/Capa-Site-94.jpg 1366w\" sizes=\"auto, (max-width: 300px) 100vw, 300px\" \/><\/p>\n","protected":false},"excerpt":{"rendered":"<p>&nbsp; Adamantina, SP \u2014 Os cidad\u00e3os de Adamantina agora contam com um novo canal de acesso aos servi\u00e7os da Receita Federal: o Ponto de Atendimento Virtual (PAV), inaugurado na segunda-feira, 17 de novembro, no 5\u00ba andar da Prefeitura Municipal. A cerim\u00f4nia contou com a presen\u00e7a de autoridades locais, secret\u00e1rios municipais, mun\u00edcipes e do Delegado Titular [&hellip;]<\/p>\n","protected":false},"author":8,"featured_media":107848,"comment_status":"closed","ping_status":"open","sticky":false,"template":"","format":"standard","meta":{"_acf_changed":false,"_exactmetrics_skip_tracking":false,"_exactmetrics_sitenote_active":false,"_exactmetrics_sitenote_note":"","_exactmetrics_sitenote_category":0,"footnotes":""},"categories":[1],"tags":[],"class_list":["post-107837","post","type-post","status-publish","format-standard","has-post-thumbnail","hentry","category-geral"],"acf":[],"yoast_head":"<!-- This site is optimized with the Yoast SEO plugin v27.2 - https:\/\/yoast.com\/product\/yoast-seo-wordpress\/ -->\n<title>Adamantina inaugura Ponto de Atendimento Virtual da Receita Federal: mais inclus\u00e3o e servi\u00e7os para a popula\u00e7\u00e3o - R\u00e1dio Life FM<\/title>\n<meta name=\"robots\" content=\"index, follow, max-snippet:-1, max-image-preview:large, max-video-preview:-1\" \/>\n<link rel=\"canonical\" href=\"https:\/\/radiolifefm.com.br\/noticias\/adamantina-inaugura-ponto-de-atendimento-virtual-da-receita-federal-mais-inclusao-e-servicos-para-a-populacao\/\" \/>\n<meta property=\"og:locale\" content=\"pt_BR\" \/>\n<meta property=\"og:type\" content=\"article\" \/>\n<meta property=\"og:title\" content=\"Adamantina inaugura Ponto de Atendimento Virtual da Receita Federal: mais inclus\u00e3o e servi\u00e7os para a popula\u00e7\u00e3o - R\u00e1dio Life FM\" \/>\n<meta property=\"og:description\" content=\"&nbsp; Adamantina, SP \u2014 Os cidad\u00e3os de Adamantina agora contam com um novo canal de acesso aos servi\u00e7os da Receita Federal: o Ponto de Atendimento Virtual (PAV), inaugurado na segunda-feira, 17 de novembro, no 5\u00ba andar da Prefeitura Municipal. A cerim\u00f4nia contou com a presen\u00e7a de autoridades locais, secret\u00e1rios municipais, mun\u00edcipes e do Delegado Titular [&hellip;]\" \/>\n<meta property=\"og:url\" content=\"https:\/\/radiolifefm.com.br\/noticias\/adamantina-inaugura-ponto-de-atendimento-virtual-da-receita-federal-mais-inclusao-e-servicos-para-a-populacao\/\" \/>\n<meta property=\"og:site_name\" content=\"R\u00e1dio Life FM\" \/>\n<meta property=\"article:publisher\" content=\"https:\/\/www.facebook.com\/radiolifefm\/\" \/>\n<meta property=\"article:published_time\" content=\"2025-11-17T17:11:51+00:00\" \/>\n<meta property=\"article:modified_time\" content=\"2026-04-15T11:25:08+00:00\" \/>\n<meta property=\"og:image\" content=\"https:\/\/radiolifefm.com.br\/noticias\/wp-content\/uploads\/2025\/11\/Capa-Site-94.jpg\" \/>\n\t<meta property=\"og:image:width\" content=\"1366\" \/>\n\t<meta property=\"og:image:height\" content=\"768\" \/>\n\t<meta property=\"og:image:type\" content=\"image\/jpeg\" \/>\n<meta name=\"author\" content=\"joaograndao\" \/>\n<meta name=\"twitter:card\" content=\"summary_large_image\" \/>\n<meta name=\"twitter:label1\" content=\"Escrito por\" \/>\n\t<meta name=\"twitter:data1\" content=\"joaograndao\" \/>\n\t<meta name=\"twitter:label2\" content=\"Est. tempo de leitura\" \/>\n\t<meta name=\"twitter:data2\" content=\"3 minutos\" \/>\n<script type=\"application\/ld+json\" class=\"yoast-schema-graph\">{\"@context\":\"https:\/\/schema.org\",\"@graph\":[{\"@type\":\"Article\",\"@id\":\"https:\/\/radiolifefm.com.br\/noticias\/adamantina-inaugura-ponto-de-atendimento-virtual-da-receita-federal-mais-inclusao-e-servicos-para-a-populacao\/#article\",\"isPartOf\":{\"@id\":\"https:\/\/radiolifefm.com.br\/noticias\/adamantina-inaugura-ponto-de-atendimento-virtual-da-receita-federal-mais-inclusao-e-servicos-para-a-populacao\/\"},\"author\":{\"name\":\"joaograndao\",\"@id\":\"https:\/\/radiolifefm.com.br\/noticias\/#\/schema\/person\/6876e1240feffe6e1b63fd5cb85abf28\"},\"headline\":\"Adamantina inaugura Ponto de Atendimento Virtual da Receita Federal: mais inclus\u00e3o e servi\u00e7os para a popula\u00e7\u00e3o\",\"datePublished\":\"2025-11-17T17:11:51+00:00\",\"dateModified\":\"2026-04-15T11:25:08+00:00\",\"mainEntityOfPage\":{\"@id\":\"https:\/\/radiolifefm.com.br\/noticias\/adamantina-inaugura-ponto-de-atendimento-virtual-da-receita-federal-mais-inclusao-e-servicos-para-a-populacao\/\"},\"wordCount\":468,\"publisher\":{\"@id\":\"https:\/\/radiolifefm.com.br\/noticias\/#organization\"},\"image\":{\"@id\":\"https:\/\/radiolifefm.com.br\/noticias\/adamantina-inaugura-ponto-de-atendimento-virtual-da-receita-federal-mais-inclusao-e-servicos-para-a-populacao\/#primaryimage\"},\"thumbnailUrl\":\"https:\/\/radiolifefm.com.br\/noticias\/wp-content\/uploads\/2025\/11\/Capa-Site-94.jpg\",\"articleSection\":[\"Geral\"],\"inLanguage\":\"pt-BR\"},{\"@type\":\"WebPage\",\"@id\":\"https:\/\/radiolifefm.com.br\/noticias\/adamantina-inaugura-ponto-de-atendimento-virtual-da-receita-federal-mais-inclusao-e-servicos-para-a-populacao\/\",\"url\":\"https:\/\/radiolifefm.com.br\/noticias\/adamantina-inaugura-ponto-de-atendimento-virtual-da-receita-federal-mais-inclusao-e-servicos-para-a-populacao\/\",\"name\":\"Adamantina inaugura Ponto de Atendimento Virtual da Receita Federal: mais inclus\u00e3o e servi\u00e7os para a popula\u00e7\u00e3o - R\u00e1dio Life FM\",\"isPartOf\":{\"@id\":\"https:\/\/radiolifefm.com.br\/noticias\/#website\"},\"primaryImageOfPage\":{\"@id\":\"https:\/\/radiolifefm.com.br\/noticias\/adamantina-inaugura-ponto-de-atendimento-virtual-da-receita-federal-mais-inclusao-e-servicos-para-a-populacao\/#primaryimage\"},\"image\":{\"@id\":\"https:\/\/radiolifefm.com.br\/noticias\/adamantina-inaugura-ponto-de-atendimento-virtual-da-receita-federal-mais-inclusao-e-servicos-para-a-populacao\/#primaryimage\"},\"thumbnailUrl\":\"https:\/\/radiolifefm.com.br\/noticias\/wp-content\/uploads\/2025\/11\/Capa-Site-94.jpg\",\"datePublished\":\"2025-11-17T17:11:51+00:00\",\"dateModified\":\"2026-04-15T11:25:08+00:00\",\"breadcrumb\":{\"@id\":\"https:\/\/radiolifefm.com.br\/noticias\/adamantina-inaugura-ponto-de-atendimento-virtual-da-receita-federal-mais-inclusao-e-servicos-para-a-populacao\/#breadcrumb\"},\"inLanguage\":\"pt-BR\",\"potentialAction\":[{\"@type\":\"ReadAction\",\"target\":[\"https:\/\/radiolifefm.com.br\/noticias\/adamantina-inaugura-ponto-de-atendimento-virtual-da-receita-federal-mais-inclusao-e-servicos-para-a-populacao\/\"]}]},{\"@type\":\"ImageObject\",\"inLanguage\":\"pt-BR\",\"@id\":\"https:\/\/radiolifefm.com.br\/noticias\/adamantina-inaugura-ponto-de-atendimento-virtual-da-receita-federal-mais-inclusao-e-servicos-para-a-populacao\/#primaryimage\",\"url\":\"https:\/\/radiolifefm.com.br\/noticias\/wp-content\/uploads\/2025\/11\/Capa-Site-94.jpg\",\"contentUrl\":\"https:\/\/radiolifefm.com.br\/noticias\/wp-content\/uploads\/2025\/11\/Capa-Site-94.jpg\",\"width\":1366,\"height\":768},{\"@type\":\"BreadcrumbList\",\"@id\":\"https:\/\/radiolifefm.com.br\/noticias\/adamantina-inaugura-ponto-de-atendimento-virtual-da-receita-federal-mais-inclusao-e-servicos-para-a-populacao\/#breadcrumb\",\"itemListElement\":[{\"@type\":\"ListItem\",\"position\":1,\"name\":\"In\u00edcio\",\"item\":\"https:\/\/radiolifefm.com.br\/noticias\/\"},{\"@type\":\"ListItem\",\"position\":2,\"name\":\"Adamantina inaugura Ponto de Atendimento Virtual da Receita Federal: mais inclus\u00e3o e servi\u00e7os para a popula\u00e7\u00e3o\"}]},{\"@type\":\"WebSite\",\"@id\":\"https:\/\/radiolifefm.com.br\/noticias\/#website\",\"url\":\"https:\/\/radiolifefm.com.br\/noticias\/\",\"name\":\"R\u00e1dio Life FM\",\"description\":\"O Portal de Not\u00edcias de Adamantina\",\"publisher\":{\"@id\":\"https:\/\/radiolifefm.com.br\/noticias\/#organization\"},\"alternateName\":\"Life FM\",\"potentialAction\":[{\"@type\":\"SearchAction\",\"target\":{\"@type\":\"EntryPoint\",\"urlTemplate\":\"https:\/\/radiolifefm.com.br\/noticias\/?s={search_term_string}\"},\"query-input\":{\"@type\":\"PropertyValueSpecification\",\"valueRequired\":true,\"valueName\":\"search_term_string\"}}],\"inLanguage\":\"pt-BR\"},{\"@type\":\"Organization\",\"@id\":\"https:\/\/radiolifefm.com.br\/noticias\/#organization\",\"name\":\"R\u00e1dio Life FM\",\"alternateName\":\"Life FM\",\"url\":\"https:\/\/radiolifefm.com.br\/noticias\/\",\"logo\":{\"@type\":\"ImageObject\",\"inLanguage\":\"pt-BR\",\"@id\":\"https:\/\/radiolifefm.com.br\/noticias\/#\/schema\/logo\/image\/\",\"url\":\"https:\/\/static.radiolifefm.com.br\/noticias\/wp-content\/uploads\/2019\/10\/logo-lifefm.png\",\"contentUrl\":\"https:\/\/static.radiolifefm.com.br\/noticias\/wp-content\/uploads\/2019\/10\/logo-lifefm.png\",\"width\":196,\"height\":47,\"caption\":\"R\u00e1dio Life FM\"},\"image\":{\"@id\":\"https:\/\/radiolifefm.com.br\/noticias\/#\/schema\/logo\/image\/\"},\"sameAs\":[\"https:\/\/www.facebook.com\/radiolifefm\/\",\"https:\/\/www.instagram.com\/life1079fm\/\"]},{\"@type\":\"Person\",\"@id\":\"https:\/\/radiolifefm.com.br\/noticias\/#\/schema\/person\/6876e1240feffe6e1b63fd5cb85abf28\",\"name\":\"joaograndao\",\"image\":{\"@type\":\"ImageObject\",\"inLanguage\":\"pt-BR\",\"@id\":\"https:\/\/secure.gravatar.com\/avatar\/d5b1a3cf357ed9c50404e256a1294083aa8ab5d2a994001567302786016cb32c?s=96&d=mm&r=g\",\"url\":\"https:\/\/secure.gravatar.com\/avatar\/d5b1a3cf357ed9c50404e256a1294083aa8ab5d2a994001567302786016cb32c?s=96&d=mm&r=g\",\"contentUrl\":\"https:\/\/secure.gravatar.com\/avatar\/d5b1a3cf357ed9c50404e256a1294083aa8ab5d2a994001567302786016cb32c?s=96&d=mm&r=g\",\"caption\":\"joaograndao\"}}]}<\/script>\n<!-- \/ Yoast SEO plugin. -->","yoast_head_json":{"title":"Adamantina inaugura Ponto de Atendimento Virtual da Receita Federal: mais inclus\u00e3o e servi\u00e7os para a popula\u00e7\u00e3o - R\u00e1dio Life FM","robots":{"index":"index","follow":"follow","max-snippet":"max-snippet:-1","max-image-preview":"max-image-preview:large","max-video-preview":"max-video-preview:-1"},"canonical":"https:\/\/radiolifefm.com.br\/noticias\/adamantina-inaugura-ponto-de-atendimento-virtual-da-receita-federal-mais-inclusao-e-servicos-para-a-populacao\/","og_locale":"pt_BR","og_type":"article","og_title":"Adamantina inaugura Ponto de Atendimento Virtual da Receita Federal: mais inclus\u00e3o e servi\u00e7os para a popula\u00e7\u00e3o - R\u00e1dio Life FM","og_description":"&nbsp; Adamantina, SP \u2014 Os cidad\u00e3os de Adamantina agora contam com um novo canal de acesso aos servi\u00e7os da Receita Federal: o Ponto de Atendimento Virtual (PAV), inaugurado na segunda-feira, 17 de novembro, no 5\u00ba andar da Prefeitura Municipal. A cerim\u00f4nia contou com a presen\u00e7a de autoridades locais, secret\u00e1rios municipais, mun\u00edcipes e do Delegado Titular [&hellip;]","og_url":"https:\/\/radiolifefm.com.br\/noticias\/adamantina-inaugura-ponto-de-atendimento-virtual-da-receita-federal-mais-inclusao-e-servicos-para-a-populacao\/","og_site_name":"R\u00e1dio Life FM","article_publisher":"https:\/\/www.facebook.com\/radiolifefm\/","article_published_time":"2025-11-17T17:11:51+00:00","article_modified_time":"2026-04-15T11:25:08+00:00","og_image":[{"width":1366,"height":768,"url":"https:\/\/radiolifefm.com.br\/noticias\/wp-content\/uploads\/2025\/11\/Capa-Site-94.jpg","type":"image\/jpeg"}],"author":"joaograndao","twitter_card":"summary_large_image","twitter_misc":{"Escrito por":"joaograndao","Est. tempo de leitura":"3 minutos"},"schema":{"@context":"https:\/\/schema.org","@graph":[{"@type":"Article","@id":"https:\/\/radiolifefm.com.br\/noticias\/adamantina-inaugura-ponto-de-atendimento-virtual-da-receita-federal-mais-inclusao-e-servicos-para-a-populacao\/#article","isPartOf":{"@id":"https:\/\/radiolifefm.com.br\/noticias\/adamantina-inaugura-ponto-de-atendimento-virtual-da-receita-federal-mais-inclusao-e-servicos-para-a-populacao\/"},"author":{"name":"joaograndao","@id":"https:\/\/radiolifefm.com.br\/noticias\/#\/schema\/person\/6876e1240feffe6e1b63fd5cb85abf28"},"headline":"Adamantina inaugura Ponto de Atendimento Virtual da Receita Federal: mais inclus\u00e3o e servi\u00e7os para a popula\u00e7\u00e3o","datePublished":"2025-11-17T17:11:51+00:00","dateModified":"2026-04-15T11:25:08+00:00","mainEntityOfPage":{"@id":"https:\/\/radiolifefm.com.br\/noticias\/adamantina-inaugura-ponto-de-atendimento-virtual-da-receita-federal-mais-inclusao-e-servicos-para-a-populacao\/"},"wordCount":468,"publisher":{"@id":"https:\/\/radiolifefm.com.br\/noticias\/#organization"},"image":{"@id":"https:\/\/radiolifefm.com.br\/noticias\/adamantina-inaugura-ponto-de-atendimento-virtual-da-receita-federal-mais-inclusao-e-servicos-para-a-populacao\/#primaryimage"},"thumbnailUrl":"https:\/\/radiolifefm.com.br\/noticias\/wp-content\/uploads\/2025\/11\/Capa-Site-94.jpg","articleSection":["Geral"],"inLanguage":"pt-BR"},{"@type":"WebPage","@id":"https:\/\/radiolifefm.com.br\/noticias\/adamantina-inaugura-ponto-de-atendimento-virtual-da-receita-federal-mais-inclusao-e-servicos-para-a-populacao\/","url":"https:\/\/radiolifefm.com.br\/noticias\/adamantina-inaugura-ponto-de-atendimento-virtual-da-receita-federal-mais-inclusao-e-servicos-para-a-populacao\/","name":"Adamantina inaugura Ponto de Atendimento Virtual da Receita Federal: mais inclus\u00e3o e servi\u00e7os para a popula\u00e7\u00e3o - R\u00e1dio Life FM","isPartOf":{"@id":"https:\/\/radiolifefm.com.br\/noticias\/#website"},"primaryImageOfPage":{"@id":"https:\/\/radiolifefm.com.br\/noticias\/adamantina-inaugura-ponto-de-atendimento-virtual-da-receita-federal-mais-inclusao-e-servicos-para-a-populacao\/#primaryimage"},"image":{"@id":"https:\/\/radiolifefm.com.br\/noticias\/adamantina-inaugura-ponto-de-atendimento-virtual-da-receita-federal-mais-inclusao-e-servicos-para-a-populacao\/#primaryimage"},"thumbnailUrl":"https:\/\/radiolifefm.com.br\/noticias\/wp-content\/uploads\/2025\/11\/Capa-Site-94.jpg","datePublished":"2025-11-17T17:11:51+00:00","dateModified":"2026-04-15T11:25:08+00:00","breadcrumb":{"@id":"https:\/\/radiolifefm.com.br\/noticias\/adamantina-inaugura-ponto-de-atendimento-virtual-da-receita-federal-mais-inclusao-e-servicos-para-a-populacao\/#breadcrumb"},"inLanguage":"pt-BR","potentialAction":[{"@type":"ReadAction","target":["https:\/\/radiolifefm.com.br\/noticias\/adamantina-inaugura-ponto-de-atendimento-virtual-da-receita-federal-mais-inclusao-e-servicos-para-a-populacao\/"]}]},{"@type":"ImageObject","inLanguage":"pt-BR","@id":"https:\/\/radiolifefm.com.br\/noticias\/adamantina-inaugura-ponto-de-atendimento-virtual-da-receita-federal-mais-inclusao-e-servicos-para-a-populacao\/#primaryimage","url":"https:\/\/radiolifefm.com.br\/noticias\/wp-content\/uploads\/2025\/11\/Capa-Site-94.jpg","contentUrl":"https:\/\/radiolifefm.com.br\/noticias\/wp-content\/uploads\/2025\/11\/Capa-Site-94.jpg","width":1366,"height":768},{"@type":"BreadcrumbList","@id":"https:\/\/radiolifefm.com.br\/noticias\/adamantina-inaugura-ponto-de-atendimento-virtual-da-receita-federal-mais-inclusao-e-servicos-para-a-populacao\/#breadcrumb","itemListElement":[{"@type":"ListItem","position":1,"name":"In\u00edcio","item":"https:\/\/radiolifefm.com.br\/noticias\/"},{"@type":"ListItem","position":2,"name":"Adamantina inaugura Ponto de Atendimento Virtual da Receita Federal: mais inclus\u00e3o e servi\u00e7os para a popula\u00e7\u00e3o"}]},{"@type":"WebSite","@id":"https:\/\/radiolifefm.com.br\/noticias\/#website","url":"https:\/\/radiolifefm.com.br\/noticias\/","name":"R\u00e1dio Life FM","description":"O Portal de Not\u00edcias de Adamantina","publisher":{"@id":"https:\/\/radiolifefm.com.br\/noticias\/#organization"},"alternateName":"Life FM","potentialAction":[{"@type":"SearchAction","target":{"@type":"EntryPoint","urlTemplate":"https:\/\/radiolifefm.com.br\/noticias\/?s={search_term_string}"},"query-input":{"@type":"PropertyValueSpecification","valueRequired":true,"valueName":"search_term_string"}}],"inLanguage":"pt-BR"},{"@type":"Organization","@id":"https:\/\/radiolifefm.com.br\/noticias\/#organization","name":"R\u00e1dio Life FM","alternateName":"Life FM","url":"https:\/\/radiolifefm.com.br\/noticias\/","logo":{"@type":"ImageObject","inLanguage":"pt-BR","@id":"https:\/\/radiolifefm.com.br\/noticias\/#\/schema\/logo\/image\/","url":"https:\/\/static.radiolifefm.com.br\/noticias\/wp-content\/uploads\/2019\/10\/logo-lifefm.png","contentUrl":"https:\/\/static.radiolifefm.com.br\/noticias\/wp-content\/uploads\/2019\/10\/logo-lifefm.png","width":196,"height":47,"caption":"R\u00e1dio Life FM"},"image":{"@id":"https:\/\/radiolifefm.com.br\/noticias\/#\/schema\/logo\/image\/"},"sameAs":["https:\/\/www.facebook.com\/radiolifefm\/","https:\/\/www.instagram.com\/life1079fm\/"]},{"@type":"Person","@id":"https:\/\/radiolifefm.com.br\/noticias\/#\/schema\/person\/6876e1240feffe6e1b63fd5cb85abf28","name":"joaograndao","image":{"@type":"ImageObject","inLanguage":"pt-BR","@id":"https:\/\/secure.gravatar.com\/avatar\/d5b1a3cf357ed9c50404e256a1294083aa8ab5d2a994001567302786016cb32c?s=96&d=mm&r=g","url":"https:\/\/secure.gravatar.com\/avatar\/d5b1a3cf357ed9c50404e256a1294083aa8ab5d2a994001567302786016cb32c?s=96&d=mm&r=g","contentUrl":"https:\/\/secure.gravatar.com\/avatar\/d5b1a3cf357ed9c50404e256a1294083aa8ab5d2a994001567302786016cb32c?s=96&d=mm&r=g","caption":"joaograndao"}}]}},"amp_enabled":true,"_links":{"self":[{"href":"https:\/\/radiolifefm.com.br\/noticias\/wp-json\/wp\/v2\/posts\/107837","targetHints":{"allow":["GET"]}}],"collection":[{"href":"https:\/\/radiolifefm.com.br\/noticias\/wp-json\/wp\/v2\/posts"}],"about":[{"href":"https:\/\/radiolifefm.com.br\/noticias\/wp-json\/wp\/v2\/types\/post"}],"author":[{"embeddable":true,"href":"https:\/\/radiolifefm.com.br\/noticias\/wp-json\/wp\/v2\/users\/8"}],"replies":[{"embeddable":true,"href":"https:\/\/radiolifefm.com.br\/noticias\/wp-json\/wp\/v2\/comments?post=107837"}],"version-history":[{"count":1,"href":"https:\/\/radiolifefm.com.br\/noticias\/wp-json\/wp\/v2\/posts\/107837\/revisions"}],"predecessor-version":[{"id":107849,"href":"https:\/\/radiolifefm.com.br\/noticias\/wp-json\/wp\/v2\/posts\/107837\/revisions\/107849"}],"wp:featuredmedia":[{"embeddable":true,"href":"https:\/\/radiolifefm.com.br\/noticias\/wp-json\/wp\/v2\/media\/107848"}],"wp:attachment":[{"href":"https:\/\/radiolifefm.com.br\/noticias\/wp-json\/wp\/v2\/media?parent=107837"}],"wp:term":[{"taxonomy":"category","embeddable":true,"href":"https:\/\/radiolifefm.com.br\/noticias\/wp-json\/wp\/v2\/categories?post=107837"},{"taxonomy":"post_tag","embeddable":true,"href":"https:\/\/radiolifefm.com.br\/noticias\/wp-json\/wp\/v2\/tags?post=107837"}],"curies":[{"name":"wp","href":"https:\/\/api.w.org\/{rel}","templated":true}]}}