{"id":107407,"date":"2025-11-03T10:55:24","date_gmt":"2025-11-03T13:55:24","guid":{"rendered":"https:\/\/radiolifefm.com.br\/noticias\/?p=107407"},"modified":"2026-04-29T13:46:18","modified_gmt":"2026-04-29T16:46:18","slug":"adeus-a-uma-voz-marcante-do-rodeio-morre-rodney-pereira-o-pereirinha","status":"publish","type":"post","link":"https:\/\/radiolifefm.com.br\/noticias\/adeus-a-uma-voz-marcante-do-rodeio-morre-rodney-pereira-o-pereirinha\/","title":{"rendered":"Adeus a uma voz marcante do rodeio: morre Rodney Pereira, o \u201cPereirinha\u201d"},"content":{"rendered":"<div id=\"fb-root\"><\/div>\n<p>&nbsp;<\/p>\n<p>Faleceu nesta segunda-feira, na cidade de Ja\u00fa, aos 53 anos, o locutor de rodeio e radialista Rodney Pereira, conhecido carinhosamente como \u201cPereirinha\u201d. Ele vinha enfrentando uma dif\u00edcil batalha contra um c\u00e2ncer no p\u00e2ncreas.<img loading=\"lazy\" decoding=\"async\" class=\"aligncenter size-medium wp-image-107409\" src=\"https:\/\/static.radiolifefm.com.br\/noticias\/wp-content\/uploads\/2025\/11\/WhatsApp-Image-2025-11-03-at-09.11.05-e1762177931739-243x300.jpeg\" alt=\"\" width=\"243\" height=\"300\" srcset=\"https:\/\/radiolifefm.com.br\/noticias\/wp-content\/uploads\/2025\/11\/WhatsApp-Image-2025-11-03-at-09.11.05-e1762177931739-243x300.jpeg 243w, https:\/\/radiolifefm.com.br\/noticias\/wp-content\/uploads\/2025\/11\/WhatsApp-Image-2025-11-03-at-09.11.05-e1762177931739.jpeg 476w\" sizes=\"auto, (max-width: 243px) 100vw, 243px\" \/><\/p>\n<p>Com uma trajet\u00f3ria marcada por talento, carisma e uma voz inconfund\u00edvel, Pereirinha se tornou um dos nomes mais queridos do rodeio brasileiro. Suas narra\u00e7\u00f5es emocionaram plateias em diversas festas do pe\u00e3o pelo pa\u00eds, tornando-o uma refer\u00eancia no universo sertanejo.<img loading=\"lazy\" decoding=\"async\" class=\"aligncenter size-medium wp-image-107412\" src=\"https:\/\/static.radiolifefm.com.br\/noticias\/wp-content\/uploads\/2025\/11\/WhatsApp-Image-2025-11-03-at-10.14.58-300x292.jpeg\" alt=\"\" width=\"300\" height=\"292\" srcset=\"https:\/\/radiolifefm.com.br\/noticias\/wp-content\/uploads\/2025\/11\/WhatsApp-Image-2025-11-03-at-10.14.58-300x292.jpeg 300w, https:\/\/radiolifefm.com.br\/noticias\/wp-content\/uploads\/2025\/11\/WhatsApp-Image-2025-11-03-at-10.14.58-1024x997.jpeg 1024w, https:\/\/radiolifefm.com.br\/noticias\/wp-content\/uploads\/2025\/11\/WhatsApp-Image-2025-11-03-at-10.14.58-768x747.jpeg 768w, https:\/\/radiolifefm.com.br\/noticias\/wp-content\/uploads\/2025\/11\/WhatsApp-Image-2025-11-03-at-10.14.58.jpeg 1080w\" sizes=\"auto, (max-width: 300px) 100vw, 300px\" \/><\/p>\n<p>Al\u00e9m das arenas, Rodney tamb\u00e9m brilhou no r\u00e1dio regional, levando informa\u00e7\u00e3o, m\u00fasica e alegria aos ouvintes. Sua atua\u00e7\u00e3o nas emissoras locais era guiada por paix\u00e3o e autenticidade \u2014 qualidades que o aproximavam da comunidade e dos colegas de profiss\u00e3o.<img loading=\"lazy\" decoding=\"async\" class=\"aligncenter size-medium wp-image-107413\" src=\"https:\/\/static.radiolifefm.com.br\/noticias\/wp-content\/uploads\/2025\/11\/WhatsApp-Image-2025-11-03-at-10.13.30-168x300.jpeg\" alt=\"\" width=\"168\" height=\"300\" srcset=\"https:\/\/radiolifefm.com.br\/noticias\/wp-content\/uploads\/2025\/11\/WhatsApp-Image-2025-11-03-at-10.13.30-168x300.jpeg 168w, https:\/\/radiolifefm.com.br\/noticias\/wp-content\/uploads\/2025\/11\/WhatsApp-Image-2025-11-03-at-10.13.30-573x1024.jpeg 573w, https:\/\/radiolifefm.com.br\/noticias\/wp-content\/uploads\/2025\/11\/WhatsApp-Image-2025-11-03-at-10.13.30.jpeg 716w\" sizes=\"auto, (max-width: 168px) 100vw, 168px\" \/><\/p>\n<p>Figura importante na cultura popular, Pereirinha contribuiu para manter viva a tradi\u00e7\u00e3o caipira e o esp\u00edrito do rodeio, com sua energia contagiante e respeito pelas ra\u00edzes sertanejas.<img loading=\"lazy\" decoding=\"async\" class=\"aligncenter size-medium wp-image-107411\" src=\"https:\/\/static.radiolifefm.com.br\/noticias\/wp-content\/uploads\/2025\/11\/WhatsApp-Image-2025-11-03-at-10.15.43-300x292.jpeg\" alt=\"\" width=\"300\" height=\"292\" srcset=\"https:\/\/radiolifefm.com.br\/noticias\/wp-content\/uploads\/2025\/11\/WhatsApp-Image-2025-11-03-at-10.15.43-300x292.jpeg 300w, https:\/\/radiolifefm.com.br\/noticias\/wp-content\/uploads\/2025\/11\/WhatsApp-Image-2025-11-03-at-10.15.43-1024x996.jpeg 1024w, https:\/\/radiolifefm.com.br\/noticias\/wp-content\/uploads\/2025\/11\/WhatsApp-Image-2025-11-03-at-10.15.43-768x747.jpeg 768w, https:\/\/radiolifefm.com.br\/noticias\/wp-content\/uploads\/2025\/11\/WhatsApp-Image-2025-11-03-at-10.15.43.jpeg 1079w\" sizes=\"auto, (max-width: 300px) 100vw, 300px\" \/><\/p>\n<p>O corpo ser\u00e1 velado e sepultado no Memorial Tamoios, em Salmour\u00e3o, ainda nesta segunda-feira.<\/p>\n<p>Neste momento de dor, expressamos nossas condol\u00eancias \u00e0 fam\u00edlia, amigos e admiradores de Rodney Pereira. <img loading=\"lazy\" decoding=\"async\" class=\"aligncenter size-medium wp-image-107410\" src=\"https:\/\/static.radiolifefm.com.br\/noticias\/wp-content\/uploads\/2025\/11\/WhatsApp-Image-2025-11-03-at-10.16.22-271x300.jpeg\" alt=\"\" width=\"271\" height=\"300\" srcset=\"https:\/\/radiolifefm.com.br\/noticias\/wp-content\/uploads\/2025\/11\/WhatsApp-Image-2025-11-03-at-10.16.22-271x300.jpeg 271w, https:\/\/radiolifefm.com.br\/noticias\/wp-content\/uploads\/2025\/11\/WhatsApp-Image-2025-11-03-at-10.16.22-926x1024.jpeg 926w, https:\/\/radiolifefm.com.br\/noticias\/wp-content\/uploads\/2025\/11\/WhatsApp-Image-2025-11-03-at-10.16.22-768x849.jpeg 768w, https:\/\/radiolifefm.com.br\/noticias\/wp-content\/uploads\/2025\/11\/WhatsApp-Image-2025-11-03-at-10.16.22.jpeg 946w\" sizes=\"auto, (max-width: 271px) 100vw, 271px\" \/>Sua voz permanecer\u00e1 ecoando na mem\u00f3ria de todos que acompanharam seu trabalho e reconheceram nele um s\u00edmbolo da cultura regional e do amor pelo rodeio.<br \/>\nLink da \u00faltima entrevista que o Rodney concedeu \u00e0 Life FM, ao comunicador Cristiano do Mor\u00e3o, durante a ExpoVerde 2025.<\/p>\n<p><a href=\"https:\/\/www.instagram.com\/reel\/DOSTWAVDXo8\/?igsh=bHRsMTd4ZG80NXAy\">https:\/\/www.instagram.com\/reel\/DOSTWAVDXo8\/?igsh=bHRsMTd4ZG80NXAy<\/a><\/p>\n","protected":false},"excerpt":{"rendered":"<p>&nbsp; Faleceu nesta segunda-feira, na cidade de Ja\u00fa, aos 53 anos, o locutor de rodeio e radialista Rodney Pereira, conhecido carinhosamente como \u201cPereirinha\u201d. Ele vinha enfrentando uma dif\u00edcil batalha contra um c\u00e2ncer no p\u00e2ncreas. Com uma trajet\u00f3ria marcada por talento, carisma e uma voz inconfund\u00edvel, Pereirinha se tornou um dos nomes mais queridos do rodeio [&hellip;]<\/p>\n","protected":false},"author":8,"featured_media":107408,"comment_status":"closed","ping_status":"open","sticky":false,"template":"","format":"standard","meta":{"_acf_changed":false,"_exactmetrics_skip_tracking":false,"_exactmetrics_sitenote_active":false,"_exactmetrics_sitenote_note":"","_exactmetrics_sitenote_category":0,"footnotes":""},"categories":[1],"tags":[],"class_list":["post-107407","post","type-post","status-publish","format-standard","has-post-thumbnail","hentry","category-geral"],"acf":[],"yoast_head":"<!-- This site is optimized with the Yoast SEO plugin v27.2 - https:\/\/yoast.com\/product\/yoast-seo-wordpress\/ -->\n<title>Adeus a uma voz marcante do rodeio: morre Rodney Pereira, o \u201cPereirinha\u201d - R\u00e1dio Life FM<\/title>\n<meta name=\"robots\" content=\"index, follow, max-snippet:-1, max-image-preview:large, max-video-preview:-1\" \/>\n<link rel=\"canonical\" href=\"https:\/\/radiolifefm.com.br\/noticias\/adeus-a-uma-voz-marcante-do-rodeio-morre-rodney-pereira-o-pereirinha\/\" \/>\n<meta property=\"og:locale\" content=\"pt_BR\" \/>\n<meta property=\"og:type\" content=\"article\" \/>\n<meta property=\"og:title\" content=\"Adeus a uma voz marcante do rodeio: morre Rodney Pereira, o \u201cPereirinha\u201d - R\u00e1dio Life FM\" \/>\n<meta property=\"og:description\" content=\"&nbsp; Faleceu nesta segunda-feira, na cidade de Ja\u00fa, aos 53 anos, o locutor de rodeio e radialista Rodney Pereira, conhecido carinhosamente como \u201cPereirinha\u201d. Ele vinha enfrentando uma dif\u00edcil batalha contra um c\u00e2ncer no p\u00e2ncreas. Com uma trajet\u00f3ria marcada por talento, carisma e uma voz inconfund\u00edvel, Pereirinha se tornou um dos nomes mais queridos do rodeio [&hellip;]\" \/>\n<meta property=\"og:url\" content=\"https:\/\/radiolifefm.com.br\/noticias\/adeus-a-uma-voz-marcante-do-rodeio-morre-rodney-pereira-o-pereirinha\/\" \/>\n<meta property=\"og:site_name\" content=\"R\u00e1dio Life FM\" \/>\n<meta property=\"article:publisher\" content=\"https:\/\/www.facebook.com\/radiolifefm\/\" \/>\n<meta property=\"article:published_time\" content=\"2025-11-03T13:55:24+00:00\" \/>\n<meta property=\"article:modified_time\" content=\"2026-04-29T16:46:18+00:00\" \/>\n<meta property=\"og:image\" content=\"https:\/\/radiolifefm.com.br\/noticias\/wp-content\/uploads\/2025\/11\/Capa-Site-80.jpg\" \/>\n\t<meta property=\"og:image:width\" content=\"1366\" \/>\n\t<meta property=\"og:image:height\" content=\"768\" \/>\n\t<meta property=\"og:image:type\" content=\"image\/jpeg\" \/>\n<meta name=\"author\" content=\"joaograndao\" \/>\n<meta name=\"twitter:card\" content=\"summary_large_image\" \/>\n<meta name=\"twitter:label1\" content=\"Escrito por\" \/>\n\t<meta name=\"twitter:data1\" content=\"joaograndao\" \/>\n\t<meta name=\"twitter:label2\" content=\"Est. tempo de leitura\" \/>\n\t<meta name=\"twitter:data2\" content=\"3 minutos\" \/>\n<script type=\"application\/ld+json\" class=\"yoast-schema-graph\">{\"@context\":\"https:\/\/schema.org\",\"@graph\":[{\"@type\":\"Article\",\"@id\":\"https:\/\/radiolifefm.com.br\/noticias\/adeus-a-uma-voz-marcante-do-rodeio-morre-rodney-pereira-o-pereirinha\/#article\",\"isPartOf\":{\"@id\":\"https:\/\/radiolifefm.com.br\/noticias\/adeus-a-uma-voz-marcante-do-rodeio-morre-rodney-pereira-o-pereirinha\/\"},\"author\":{\"name\":\"joaograndao\",\"@id\":\"https:\/\/radiolifefm.com.br\/noticias\/#\/schema\/person\/6876e1240feffe6e1b63fd5cb85abf28\"},\"headline\":\"Adeus a uma voz marcante do rodeio: morre Rodney Pereira, o \u201cPereirinha\u201d\",\"datePublished\":\"2025-11-03T13:55:24+00:00\",\"dateModified\":\"2026-04-29T16:46:18+00:00\",\"mainEntityOfPage\":{\"@id\":\"https:\/\/radiolifefm.com.br\/noticias\/adeus-a-uma-voz-marcante-do-rodeio-morre-rodney-pereira-o-pereirinha\/\"},\"wordCount\":256,\"publisher\":{\"@id\":\"https:\/\/radiolifefm.com.br\/noticias\/#organization\"},\"image\":{\"@id\":\"https:\/\/radiolifefm.com.br\/noticias\/adeus-a-uma-voz-marcante-do-rodeio-morre-rodney-pereira-o-pereirinha\/#primaryimage\"},\"thumbnailUrl\":\"https:\/\/radiolifefm.com.br\/noticias\/wp-content\/uploads\/2025\/11\/Capa-Site-80.jpg\",\"articleSection\":[\"Geral\"],\"inLanguage\":\"pt-BR\"},{\"@type\":\"WebPage\",\"@id\":\"https:\/\/radiolifefm.com.br\/noticias\/adeus-a-uma-voz-marcante-do-rodeio-morre-rodney-pereira-o-pereirinha\/\",\"url\":\"https:\/\/radiolifefm.com.br\/noticias\/adeus-a-uma-voz-marcante-do-rodeio-morre-rodney-pereira-o-pereirinha\/\",\"name\":\"Adeus a uma voz marcante do rodeio: morre Rodney Pereira, o \u201cPereirinha\u201d - R\u00e1dio Life FM\",\"isPartOf\":{\"@id\":\"https:\/\/radiolifefm.com.br\/noticias\/#website\"},\"primaryImageOfPage\":{\"@id\":\"https:\/\/radiolifefm.com.br\/noticias\/adeus-a-uma-voz-marcante-do-rodeio-morre-rodney-pereira-o-pereirinha\/#primaryimage\"},\"image\":{\"@id\":\"https:\/\/radiolifefm.com.br\/noticias\/adeus-a-uma-voz-marcante-do-rodeio-morre-rodney-pereira-o-pereirinha\/#primaryimage\"},\"thumbnailUrl\":\"https:\/\/radiolifefm.com.br\/noticias\/wp-content\/uploads\/2025\/11\/Capa-Site-80.jpg\",\"datePublished\":\"2025-11-03T13:55:24+00:00\",\"dateModified\":\"2026-04-29T16:46:18+00:00\",\"breadcrumb\":{\"@id\":\"https:\/\/radiolifefm.com.br\/noticias\/adeus-a-uma-voz-marcante-do-rodeio-morre-rodney-pereira-o-pereirinha\/#breadcrumb\"},\"inLanguage\":\"pt-BR\",\"potentialAction\":[{\"@type\":\"ReadAction\",\"target\":[\"https:\/\/radiolifefm.com.br\/noticias\/adeus-a-uma-voz-marcante-do-rodeio-morre-rodney-pereira-o-pereirinha\/\"]}]},{\"@type\":\"ImageObject\",\"inLanguage\":\"pt-BR\",\"@id\":\"https:\/\/radiolifefm.com.br\/noticias\/adeus-a-uma-voz-marcante-do-rodeio-morre-rodney-pereira-o-pereirinha\/#primaryimage\",\"url\":\"https:\/\/radiolifefm.com.br\/noticias\/wp-content\/uploads\/2025\/11\/Capa-Site-80.jpg\",\"contentUrl\":\"https:\/\/radiolifefm.com.br\/noticias\/wp-content\/uploads\/2025\/11\/Capa-Site-80.jpg\",\"width\":1366,\"height\":768},{\"@type\":\"BreadcrumbList\",\"@id\":\"https:\/\/radiolifefm.com.br\/noticias\/adeus-a-uma-voz-marcante-do-rodeio-morre-rodney-pereira-o-pereirinha\/#breadcrumb\",\"itemListElement\":[{\"@type\":\"ListItem\",\"position\":1,\"name\":\"In\u00edcio\",\"item\":\"https:\/\/radiolifefm.com.br\/noticias\/\"},{\"@type\":\"ListItem\",\"position\":2,\"name\":\"Adeus a uma voz marcante do rodeio: morre Rodney Pereira, o \u201cPereirinha\u201d\"}]},{\"@type\":\"WebSite\",\"@id\":\"https:\/\/radiolifefm.com.br\/noticias\/#website\",\"url\":\"https:\/\/radiolifefm.com.br\/noticias\/\",\"name\":\"R\u00e1dio Life FM\",\"description\":\"O Portal de Not\u00edcias de Adamantina\",\"publisher\":{\"@id\":\"https:\/\/radiolifefm.com.br\/noticias\/#organization\"},\"alternateName\":\"Life FM\",\"potentialAction\":[{\"@type\":\"SearchAction\",\"target\":{\"@type\":\"EntryPoint\",\"urlTemplate\":\"https:\/\/radiolifefm.com.br\/noticias\/?s={search_term_string}\"},\"query-input\":{\"@type\":\"PropertyValueSpecification\",\"valueRequired\":true,\"valueName\":\"search_term_string\"}}],\"inLanguage\":\"pt-BR\"},{\"@type\":\"Organization\",\"@id\":\"https:\/\/radiolifefm.com.br\/noticias\/#organization\",\"name\":\"R\u00e1dio Life FM\",\"alternateName\":\"Life FM\",\"url\":\"https:\/\/radiolifefm.com.br\/noticias\/\",\"logo\":{\"@type\":\"ImageObject\",\"inLanguage\":\"pt-BR\",\"@id\":\"https:\/\/radiolifefm.com.br\/noticias\/#\/schema\/logo\/image\/\",\"url\":\"https:\/\/static.radiolifefm.com.br\/noticias\/wp-content\/uploads\/2019\/10\/logo-lifefm.png\",\"contentUrl\":\"https:\/\/static.radiolifefm.com.br\/noticias\/wp-content\/uploads\/2019\/10\/logo-lifefm.png\",\"width\":196,\"height\":47,\"caption\":\"R\u00e1dio Life FM\"},\"image\":{\"@id\":\"https:\/\/radiolifefm.com.br\/noticias\/#\/schema\/logo\/image\/\"},\"sameAs\":[\"https:\/\/www.facebook.com\/radiolifefm\/\",\"https:\/\/www.instagram.com\/life1079fm\/\"]},{\"@type\":\"Person\",\"@id\":\"https:\/\/radiolifefm.com.br\/noticias\/#\/schema\/person\/6876e1240feffe6e1b63fd5cb85abf28\",\"name\":\"joaograndao\",\"image\":{\"@type\":\"ImageObject\",\"inLanguage\":\"pt-BR\",\"@id\":\"https:\/\/secure.gravatar.com\/avatar\/d5b1a3cf357ed9c50404e256a1294083aa8ab5d2a994001567302786016cb32c?s=96&d=mm&r=g\",\"url\":\"https:\/\/secure.gravatar.com\/avatar\/d5b1a3cf357ed9c50404e256a1294083aa8ab5d2a994001567302786016cb32c?s=96&d=mm&r=g\",\"contentUrl\":\"https:\/\/secure.gravatar.com\/avatar\/d5b1a3cf357ed9c50404e256a1294083aa8ab5d2a994001567302786016cb32c?s=96&d=mm&r=g\",\"caption\":\"joaograndao\"}}]}<\/script>\n<!-- \/ Yoast SEO plugin. -->","yoast_head_json":{"title":"Adeus a uma voz marcante do rodeio: morre Rodney Pereira, o \u201cPereirinha\u201d - R\u00e1dio Life FM","robots":{"index":"index","follow":"follow","max-snippet":"max-snippet:-1","max-image-preview":"max-image-preview:large","max-video-preview":"max-video-preview:-1"},"canonical":"https:\/\/radiolifefm.com.br\/noticias\/adeus-a-uma-voz-marcante-do-rodeio-morre-rodney-pereira-o-pereirinha\/","og_locale":"pt_BR","og_type":"article","og_title":"Adeus a uma voz marcante do rodeio: morre Rodney Pereira, o \u201cPereirinha\u201d - R\u00e1dio Life FM","og_description":"&nbsp; Faleceu nesta segunda-feira, na cidade de Ja\u00fa, aos 53 anos, o locutor de rodeio e radialista Rodney Pereira, conhecido carinhosamente como \u201cPereirinha\u201d. Ele vinha enfrentando uma dif\u00edcil batalha contra um c\u00e2ncer no p\u00e2ncreas. Com uma trajet\u00f3ria marcada por talento, carisma e uma voz inconfund\u00edvel, Pereirinha se tornou um dos nomes mais queridos do rodeio [&hellip;]","og_url":"https:\/\/radiolifefm.com.br\/noticias\/adeus-a-uma-voz-marcante-do-rodeio-morre-rodney-pereira-o-pereirinha\/","og_site_name":"R\u00e1dio Life FM","article_publisher":"https:\/\/www.facebook.com\/radiolifefm\/","article_published_time":"2025-11-03T13:55:24+00:00","article_modified_time":"2026-04-29T16:46:18+00:00","og_image":[{"width":1366,"height":768,"url":"https:\/\/radiolifefm.com.br\/noticias\/wp-content\/uploads\/2025\/11\/Capa-Site-80.jpg","type":"image\/jpeg"}],"author":"joaograndao","twitter_card":"summary_large_image","twitter_misc":{"Escrito por":"joaograndao","Est. tempo de leitura":"3 minutos"},"schema":{"@context":"https:\/\/schema.org","@graph":[{"@type":"Article","@id":"https:\/\/radiolifefm.com.br\/noticias\/adeus-a-uma-voz-marcante-do-rodeio-morre-rodney-pereira-o-pereirinha\/#article","isPartOf":{"@id":"https:\/\/radiolifefm.com.br\/noticias\/adeus-a-uma-voz-marcante-do-rodeio-morre-rodney-pereira-o-pereirinha\/"},"author":{"name":"joaograndao","@id":"https:\/\/radiolifefm.com.br\/noticias\/#\/schema\/person\/6876e1240feffe6e1b63fd5cb85abf28"},"headline":"Adeus a uma voz marcante do rodeio: morre Rodney Pereira, o \u201cPereirinha\u201d","datePublished":"2025-11-03T13:55:24+00:00","dateModified":"2026-04-29T16:46:18+00:00","mainEntityOfPage":{"@id":"https:\/\/radiolifefm.com.br\/noticias\/adeus-a-uma-voz-marcante-do-rodeio-morre-rodney-pereira-o-pereirinha\/"},"wordCount":256,"publisher":{"@id":"https:\/\/radiolifefm.com.br\/noticias\/#organization"},"image":{"@id":"https:\/\/radiolifefm.com.br\/noticias\/adeus-a-uma-voz-marcante-do-rodeio-morre-rodney-pereira-o-pereirinha\/#primaryimage"},"thumbnailUrl":"https:\/\/radiolifefm.com.br\/noticias\/wp-content\/uploads\/2025\/11\/Capa-Site-80.jpg","articleSection":["Geral"],"inLanguage":"pt-BR"},{"@type":"WebPage","@id":"https:\/\/radiolifefm.com.br\/noticias\/adeus-a-uma-voz-marcante-do-rodeio-morre-rodney-pereira-o-pereirinha\/","url":"https:\/\/radiolifefm.com.br\/noticias\/adeus-a-uma-voz-marcante-do-rodeio-morre-rodney-pereira-o-pereirinha\/","name":"Adeus a uma voz marcante do rodeio: morre Rodney Pereira, o \u201cPereirinha\u201d - R\u00e1dio Life FM","isPartOf":{"@id":"https:\/\/radiolifefm.com.br\/noticias\/#website"},"primaryImageOfPage":{"@id":"https:\/\/radiolifefm.com.br\/noticias\/adeus-a-uma-voz-marcante-do-rodeio-morre-rodney-pereira-o-pereirinha\/#primaryimage"},"image":{"@id":"https:\/\/radiolifefm.com.br\/noticias\/adeus-a-uma-voz-marcante-do-rodeio-morre-rodney-pereira-o-pereirinha\/#primaryimage"},"thumbnailUrl":"https:\/\/radiolifefm.com.br\/noticias\/wp-content\/uploads\/2025\/11\/Capa-Site-80.jpg","datePublished":"2025-11-03T13:55:24+00:00","dateModified":"2026-04-29T16:46:18+00:00","breadcrumb":{"@id":"https:\/\/radiolifefm.com.br\/noticias\/adeus-a-uma-voz-marcante-do-rodeio-morre-rodney-pereira-o-pereirinha\/#breadcrumb"},"inLanguage":"pt-BR","potentialAction":[{"@type":"ReadAction","target":["https:\/\/radiolifefm.com.br\/noticias\/adeus-a-uma-voz-marcante-do-rodeio-morre-rodney-pereira-o-pereirinha\/"]}]},{"@type":"ImageObject","inLanguage":"pt-BR","@id":"https:\/\/radiolifefm.com.br\/noticias\/adeus-a-uma-voz-marcante-do-rodeio-morre-rodney-pereira-o-pereirinha\/#primaryimage","url":"https:\/\/radiolifefm.com.br\/noticias\/wp-content\/uploads\/2025\/11\/Capa-Site-80.jpg","contentUrl":"https:\/\/radiolifefm.com.br\/noticias\/wp-content\/uploads\/2025\/11\/Capa-Site-80.jpg","width":1366,"height":768},{"@type":"BreadcrumbList","@id":"https:\/\/radiolifefm.com.br\/noticias\/adeus-a-uma-voz-marcante-do-rodeio-morre-rodney-pereira-o-pereirinha\/#breadcrumb","itemListElement":[{"@type":"ListItem","position":1,"name":"In\u00edcio","item":"https:\/\/radiolifefm.com.br\/noticias\/"},{"@type":"ListItem","position":2,"name":"Adeus a uma voz marcante do rodeio: morre Rodney Pereira, o \u201cPereirinha\u201d"}]},{"@type":"WebSite","@id":"https:\/\/radiolifefm.com.br\/noticias\/#website","url":"https:\/\/radiolifefm.com.br\/noticias\/","name":"R\u00e1dio Life FM","description":"O Portal de Not\u00edcias de Adamantina","publisher":{"@id":"https:\/\/radiolifefm.com.br\/noticias\/#organization"},"alternateName":"Life FM","potentialAction":[{"@type":"SearchAction","target":{"@type":"EntryPoint","urlTemplate":"https:\/\/radiolifefm.com.br\/noticias\/?s={search_term_string}"},"query-input":{"@type":"PropertyValueSpecification","valueRequired":true,"valueName":"search_term_string"}}],"inLanguage":"pt-BR"},{"@type":"Organization","@id":"https:\/\/radiolifefm.com.br\/noticias\/#organization","name":"R\u00e1dio Life FM","alternateName":"Life FM","url":"https:\/\/radiolifefm.com.br\/noticias\/","logo":{"@type":"ImageObject","inLanguage":"pt-BR","@id":"https:\/\/radiolifefm.com.br\/noticias\/#\/schema\/logo\/image\/","url":"https:\/\/static.radiolifefm.com.br\/noticias\/wp-content\/uploads\/2019\/10\/logo-lifefm.png","contentUrl":"https:\/\/static.radiolifefm.com.br\/noticias\/wp-content\/uploads\/2019\/10\/logo-lifefm.png","width":196,"height":47,"caption":"R\u00e1dio Life FM"},"image":{"@id":"https:\/\/radiolifefm.com.br\/noticias\/#\/schema\/logo\/image\/"},"sameAs":["https:\/\/www.facebook.com\/radiolifefm\/","https:\/\/www.instagram.com\/life1079fm\/"]},{"@type":"Person","@id":"https:\/\/radiolifefm.com.br\/noticias\/#\/schema\/person\/6876e1240feffe6e1b63fd5cb85abf28","name":"joaograndao","image":{"@type":"ImageObject","inLanguage":"pt-BR","@id":"https:\/\/secure.gravatar.com\/avatar\/d5b1a3cf357ed9c50404e256a1294083aa8ab5d2a994001567302786016cb32c?s=96&d=mm&r=g","url":"https:\/\/secure.gravatar.com\/avatar\/d5b1a3cf357ed9c50404e256a1294083aa8ab5d2a994001567302786016cb32c?s=96&d=mm&r=g","contentUrl":"https:\/\/secure.gravatar.com\/avatar\/d5b1a3cf357ed9c50404e256a1294083aa8ab5d2a994001567302786016cb32c?s=96&d=mm&r=g","caption":"joaograndao"}}]}},"amp_enabled":true,"_links":{"self":[{"href":"https:\/\/radiolifefm.com.br\/noticias\/wp-json\/wp\/v2\/posts\/107407","targetHints":{"allow":["GET"]}}],"collection":[{"href":"https:\/\/radiolifefm.com.br\/noticias\/wp-json\/wp\/v2\/posts"}],"about":[{"href":"https:\/\/radiolifefm.com.br\/noticias\/wp-json\/wp\/v2\/types\/post"}],"author":[{"embeddable":true,"href":"https:\/\/radiolifefm.com.br\/noticias\/wp-json\/wp\/v2\/users\/8"}],"replies":[{"embeddable":true,"href":"https:\/\/radiolifefm.com.br\/noticias\/wp-json\/wp\/v2\/comments?post=107407"}],"version-history":[{"count":1,"href":"https:\/\/radiolifefm.com.br\/noticias\/wp-json\/wp\/v2\/posts\/107407\/revisions"}],"predecessor-version":[{"id":107414,"href":"https:\/\/radiolifefm.com.br\/noticias\/wp-json\/wp\/v2\/posts\/107407\/revisions\/107414"}],"wp:featuredmedia":[{"embeddable":true,"href":"https:\/\/radiolifefm.com.br\/noticias\/wp-json\/wp\/v2\/media\/107408"}],"wp:attachment":[{"href":"https:\/\/radiolifefm.com.br\/noticias\/wp-json\/wp\/v2\/media?parent=107407"}],"wp:term":[{"taxonomy":"category","embeddable":true,"href":"https:\/\/radiolifefm.com.br\/noticias\/wp-json\/wp\/v2\/categories?post=107407"},{"taxonomy":"post_tag","embeddable":true,"href":"https:\/\/radiolifefm.com.br\/noticias\/wp-json\/wp\/v2\/tags?post=107407"}],"curies":[{"name":"wp","href":"https:\/\/api.w.org\/{rel}","templated":true}]}}