{"id":107376,"date":"2025-10-31T19:02:30","date_gmt":"2025-10-31T22:02:30","guid":{"rendered":"https:\/\/radiolifefm.com.br\/noticias\/?p=107376"},"modified":"2026-04-19T09:06:22","modified_gmt":"2026-04-19T12:06:22","slug":"1a-mostra-de-cenas-curtas-de-halloween-agita-o-anfiteatro-fernando-paloni-neste-sabado","status":"publish","type":"post","link":"https:\/\/radiolifefm.com.br\/noticias\/1a-mostra-de-cenas-curtas-de-halloween-agita-o-anfiteatro-fernando-paloni-neste-sabado\/","title":{"rendered":"1\u00aa Mostra de Cenas Curtas de Halloween agita o anfiteatro Fernando Paloni neste s\u00e1bado"},"content":{"rendered":"<div id=\"fb-root\"><\/div>\n<p data-start=\"92\" data-end=\"431\">Na edi\u00e7\u00e3o desta sexta-feira, o Jornal do Meio-Dia recebeu a Prof.\u00aa Let\u00edcia Rodrigues, atriz e diretora, e o aluno de teatro Guilherme da Silva Santos para falar sobre a 1\u00aa Mostra de Cenas Curtas de Halloween, que acontece neste s\u00e1bado, 1\u00ba de novembro, \u00e0s 20h, no Anfiteatro Fernando Paloni, em Adamantina.<\/p>\n<p data-start=\"92\" data-end=\"431\"><img loading=\"lazy\" decoding=\"async\" class=\"alignnone size-medium wp-image-107377\" src=\"https:\/\/static.radiolifefm.com.br\/noticias\/wp-content\/uploads\/2025\/10\/WhatsApp-Image-2025-10-31-at-13.10.43-300x300.jpeg\" alt=\"\" width=\"300\" height=\"300\" srcset=\"https:\/\/radiolifefm.com.br\/noticias\/wp-content\/uploads\/2025\/10\/WhatsApp-Image-2025-10-31-at-13.10.43-300x300.jpeg 300w, https:\/\/radiolifefm.com.br\/noticias\/wp-content\/uploads\/2025\/10\/WhatsApp-Image-2025-10-31-at-13.10.43-1024x1024.jpeg 1024w, https:\/\/radiolifefm.com.br\/noticias\/wp-content\/uploads\/2025\/10\/WhatsApp-Image-2025-10-31-at-13.10.43-150x150.jpeg 150w, https:\/\/radiolifefm.com.br\/noticias\/wp-content\/uploads\/2025\/10\/WhatsApp-Image-2025-10-31-at-13.10.43-768x768.jpeg 768w, https:\/\/radiolifefm.com.br\/noticias\/wp-content\/uploads\/2025\/10\/WhatsApp-Image-2025-10-31-at-13.10.43-200x200.jpeg 200w, https:\/\/radiolifefm.com.br\/noticias\/wp-content\/uploads\/2025\/10\/WhatsApp-Image-2025-10-31-at-13.10.43-250x250.jpeg 250w, https:\/\/radiolifefm.com.br\/noticias\/wp-content\/uploads\/2025\/10\/WhatsApp-Image-2025-10-31-at-13.10.43-500x500.jpeg 500w, https:\/\/radiolifefm.com.br\/noticias\/wp-content\/uploads\/2025\/10\/WhatsApp-Image-2025-10-31-at-13.10.43-700x700.jpeg 700w, https:\/\/radiolifefm.com.br\/noticias\/wp-content\/uploads\/2025\/10\/WhatsApp-Image-2025-10-31-at-13.10.43.jpeg 1080w\" sizes=\"auto, (max-width: 300px) 100vw, 300px\" \/> <img loading=\"lazy\" decoding=\"async\" class=\"alignnone size-medium wp-image-107378\" src=\"https:\/\/static.radiolifefm.com.br\/noticias\/wp-content\/uploads\/2025\/10\/WhatsApp-Image-2025-10-31-at-13.10.42-300x300.jpeg\" alt=\"\" width=\"300\" height=\"300\" srcset=\"https:\/\/radiolifefm.com.br\/noticias\/wp-content\/uploads\/2025\/10\/WhatsApp-Image-2025-10-31-at-13.10.42-300x300.jpeg 300w, https:\/\/radiolifefm.com.br\/noticias\/wp-content\/uploads\/2025\/10\/WhatsApp-Image-2025-10-31-at-13.10.42-1024x1024.jpeg 1024w, https:\/\/radiolifefm.com.br\/noticias\/wp-content\/uploads\/2025\/10\/WhatsApp-Image-2025-10-31-at-13.10.42-150x150.jpeg 150w, https:\/\/radiolifefm.com.br\/noticias\/wp-content\/uploads\/2025\/10\/WhatsApp-Image-2025-10-31-at-13.10.42-768x768.jpeg 768w, https:\/\/radiolifefm.com.br\/noticias\/wp-content\/uploads\/2025\/10\/WhatsApp-Image-2025-10-31-at-13.10.42-200x200.jpeg 200w, https:\/\/radiolifefm.com.br\/noticias\/wp-content\/uploads\/2025\/10\/WhatsApp-Image-2025-10-31-at-13.10.42-250x250.jpeg 250w, https:\/\/radiolifefm.com.br\/noticias\/wp-content\/uploads\/2025\/10\/WhatsApp-Image-2025-10-31-at-13.10.42-500x500.jpeg 500w, https:\/\/radiolifefm.com.br\/noticias\/wp-content\/uploads\/2025\/10\/WhatsApp-Image-2025-10-31-at-13.10.42-700x700.jpeg 700w, https:\/\/radiolifefm.com.br\/noticias\/wp-content\/uploads\/2025\/10\/WhatsApp-Image-2025-10-31-at-13.10.42.jpeg 1080w\" sizes=\"auto, (max-width: 300px) 100vw, 300px\" \/><\/p>\n<p data-start=\"433\" data-end=\"762\">Durante a entrevista, os convidados compartilharam detalhes sobre a prepara\u00e7\u00e3o do evento, que promete muita criatividade, interpreta\u00e7\u00e3o e emo\u00e7\u00e3o no palco. A mostra \u00e9 aberta ao p\u00fablico e re\u00fane apresenta\u00e7\u00f5es tem\u00e1ticas que exploram o universo do mist\u00e9rio e do suspense, marcando mais um momento importante para o teatro local.<\/p>\n<p data-start=\"433\" data-end=\"762\"><img loading=\"lazy\" decoding=\"async\" class=\"alignnone size-medium wp-image-107379\" src=\"https:\/\/static.radiolifefm.com.br\/noticias\/wp-content\/uploads\/2025\/10\/WhatsApp-Image-2025-10-31-at-13.10.42-1-300x300.jpeg\" alt=\"\" width=\"300\" height=\"300\" srcset=\"https:\/\/radiolifefm.com.br\/noticias\/wp-content\/uploads\/2025\/10\/WhatsApp-Image-2025-10-31-at-13.10.42-1-300x300.jpeg 300w, https:\/\/radiolifefm.com.br\/noticias\/wp-content\/uploads\/2025\/10\/WhatsApp-Image-2025-10-31-at-13.10.42-1-1024x1024.jpeg 1024w, https:\/\/radiolifefm.com.br\/noticias\/wp-content\/uploads\/2025\/10\/WhatsApp-Image-2025-10-31-at-13.10.42-1-150x150.jpeg 150w, https:\/\/radiolifefm.com.br\/noticias\/wp-content\/uploads\/2025\/10\/WhatsApp-Image-2025-10-31-at-13.10.42-1-768x768.jpeg 768w, https:\/\/radiolifefm.com.br\/noticias\/wp-content\/uploads\/2025\/10\/WhatsApp-Image-2025-10-31-at-13.10.42-1-200x200.jpeg 200w, https:\/\/radiolifefm.com.br\/noticias\/wp-content\/uploads\/2025\/10\/WhatsApp-Image-2025-10-31-at-13.10.42-1-250x250.jpeg 250w, https:\/\/radiolifefm.com.br\/noticias\/wp-content\/uploads\/2025\/10\/WhatsApp-Image-2025-10-31-at-13.10.42-1-500x500.jpeg 500w, https:\/\/radiolifefm.com.br\/noticias\/wp-content\/uploads\/2025\/10\/WhatsApp-Image-2025-10-31-at-13.10.42-1-700x700.jpeg 700w, https:\/\/radiolifefm.com.br\/noticias\/wp-content\/uploads\/2025\/10\/WhatsApp-Image-2025-10-31-at-13.10.42-1.jpeg 1080w\" sizes=\"auto, (max-width: 300px) 100vw, 300px\" \/> <img loading=\"lazy\" decoding=\"async\" class=\"alignnone size-medium wp-image-107380\" src=\"https:\/\/static.radiolifefm.com.br\/noticias\/wp-content\/uploads\/2025\/10\/WhatsApp-Image-2025-10-31-at-13.10.43-2-300x300.jpeg\" alt=\"\" width=\"300\" height=\"300\" srcset=\"https:\/\/radiolifefm.com.br\/noticias\/wp-content\/uploads\/2025\/10\/WhatsApp-Image-2025-10-31-at-13.10.43-2-300x300.jpeg 300w, https:\/\/radiolifefm.com.br\/noticias\/wp-content\/uploads\/2025\/10\/WhatsApp-Image-2025-10-31-at-13.10.43-2-1024x1024.jpeg 1024w, https:\/\/radiolifefm.com.br\/noticias\/wp-content\/uploads\/2025\/10\/WhatsApp-Image-2025-10-31-at-13.10.43-2-150x150.jpeg 150w, https:\/\/radiolifefm.com.br\/noticias\/wp-content\/uploads\/2025\/10\/WhatsApp-Image-2025-10-31-at-13.10.43-2-768x768.jpeg 768w, https:\/\/radiolifefm.com.br\/noticias\/wp-content\/uploads\/2025\/10\/WhatsApp-Image-2025-10-31-at-13.10.43-2-200x200.jpeg 200w, https:\/\/radiolifefm.com.br\/noticias\/wp-content\/uploads\/2025\/10\/WhatsApp-Image-2025-10-31-at-13.10.43-2-250x250.jpeg 250w, https:\/\/radiolifefm.com.br\/noticias\/wp-content\/uploads\/2025\/10\/WhatsApp-Image-2025-10-31-at-13.10.43-2-500x500.jpeg 500w, https:\/\/radiolifefm.com.br\/noticias\/wp-content\/uploads\/2025\/10\/WhatsApp-Image-2025-10-31-at-13.10.43-2-700x700.jpeg 700w, https:\/\/radiolifefm.com.br\/noticias\/wp-content\/uploads\/2025\/10\/WhatsApp-Image-2025-10-31-at-13.10.43-2.jpeg 1080w\" sizes=\"auto, (max-width: 300px) 100vw, 300px\" \/><\/p>\n<p data-start=\"433\" data-end=\"762\">Por fim, Let\u00edcia e Guilherme contaram sobre suas trajet\u00f3rias profissionais e hist\u00f3rias de vida, bem como o in\u00edcio do envolvimento com as artes c\u00eanicas. Confira!<\/p>\n<p><iframe loading=\"lazy\" title=\"31\/10\/2025 Jornal do Meio-Dia\" width=\"500\" height=\"375\" src=\"https:\/\/www.youtube.com\/embed\/_-M7u5YmghE?feature=oembed\" frameborder=\"0\" allow=\"accelerometer; autoplay; clipboard-write; encrypted-media; gyroscope; picture-in-picture; web-share\" referrerpolicy=\"strict-origin-when-cross-origin\" allowfullscreen><\/iframe><\/p>\n","protected":false},"excerpt":{"rendered":"<p>Na edi\u00e7\u00e3o desta sexta-feira, o Jornal do Meio-Dia recebeu a Prof.\u00aa Let\u00edcia Rodrigues, atriz e diretora, e o aluno de teatro Guilherme da Silva Santos para falar sobre a 1\u00aa Mostra de Cenas Curtas de Halloween, que acontece neste s\u00e1bado, 1\u00ba de novembro, \u00e0s 20h, no Anfiteatro Fernando Paloni, em Adamantina. Durante a entrevista, os [&hellip;]<\/p>\n","protected":false},"author":15,"featured_media":107381,"comment_status":"closed","ping_status":"open","sticky":false,"template":"","format":"standard","meta":{"_acf_changed":false,"_exactmetrics_skip_tracking":false,"_exactmetrics_sitenote_active":false,"_exactmetrics_sitenote_note":"","_exactmetrics_sitenote_category":0,"footnotes":""},"categories":[2],"tags":[],"class_list":["post-107376","post","type-post","status-publish","format-standard","has-post-thumbnail","hentry","category-jornal-do-meio-dia"],"acf":[],"yoast_head":"<!-- This site is optimized with the Yoast SEO plugin v27.2 - https:\/\/yoast.com\/product\/yoast-seo-wordpress\/ -->\n<title>1\u00aa Mostra de Cenas Curtas de Halloween agita o anfiteatro Fernando Paloni neste s\u00e1bado - R\u00e1dio Life FM<\/title>\n<meta name=\"robots\" content=\"index, follow, max-snippet:-1, max-image-preview:large, max-video-preview:-1\" \/>\n<link rel=\"canonical\" href=\"https:\/\/radiolifefm.com.br\/noticias\/1a-mostra-de-cenas-curtas-de-halloween-agita-o-anfiteatro-fernando-paloni-neste-sabado\/\" \/>\n<meta property=\"og:locale\" content=\"pt_BR\" \/>\n<meta property=\"og:type\" content=\"article\" \/>\n<meta property=\"og:title\" content=\"1\u00aa Mostra de Cenas Curtas de Halloween agita o anfiteatro Fernando Paloni neste s\u00e1bado - R\u00e1dio Life FM\" \/>\n<meta property=\"og:description\" content=\"Na edi\u00e7\u00e3o desta sexta-feira, o Jornal do Meio-Dia recebeu a Prof.\u00aa Let\u00edcia Rodrigues, atriz e diretora, e o aluno de teatro Guilherme da Silva Santos para falar sobre a 1\u00aa Mostra de Cenas Curtas de Halloween, que acontece neste s\u00e1bado, 1\u00ba de novembro, \u00e0s 20h, no Anfiteatro Fernando Paloni, em Adamantina. Durante a entrevista, os [&hellip;]\" \/>\n<meta property=\"og:url\" content=\"https:\/\/radiolifefm.com.br\/noticias\/1a-mostra-de-cenas-curtas-de-halloween-agita-o-anfiteatro-fernando-paloni-neste-sabado\/\" \/>\n<meta property=\"og:site_name\" content=\"R\u00e1dio Life FM\" \/>\n<meta property=\"article:publisher\" content=\"https:\/\/www.facebook.com\/radiolifefm\/\" \/>\n<meta property=\"article:published_time\" content=\"2025-10-31T22:02:30+00:00\" \/>\n<meta property=\"article:modified_time\" content=\"2026-04-19T12:06:22+00:00\" \/>\n<meta property=\"og:image\" content=\"https:\/\/radiolifefm.com.br\/noticias\/wp-content\/uploads\/2025\/10\/WhatsApp-Image-2025-10-31-at-13.10.44.jpeg\" \/>\n\t<meta property=\"og:image:width\" content=\"1366\" \/>\n\t<meta property=\"og:image:height\" content=\"768\" \/>\n\t<meta property=\"og:image:type\" content=\"image\/jpeg\" \/>\n<meta name=\"author\" content=\"J\u00e9ssica Nakadaira\" \/>\n<meta name=\"twitter:card\" content=\"summary_large_image\" \/>\n<meta name=\"twitter:label1\" content=\"Escrito por\" \/>\n\t<meta name=\"twitter:data1\" content=\"J\u00e9ssica Nakadaira\" \/>\n\t<meta name=\"twitter:label2\" content=\"Est. tempo de leitura\" \/>\n\t<meta name=\"twitter:data2\" content=\"2 minutos\" \/>\n<script type=\"application\/ld+json\" class=\"yoast-schema-graph\">{\"@context\":\"https:\/\/schema.org\",\"@graph\":[{\"@type\":\"Article\",\"@id\":\"https:\/\/radiolifefm.com.br\/noticias\/1a-mostra-de-cenas-curtas-de-halloween-agita-o-anfiteatro-fernando-paloni-neste-sabado\/#article\",\"isPartOf\":{\"@id\":\"https:\/\/radiolifefm.com.br\/noticias\/1a-mostra-de-cenas-curtas-de-halloween-agita-o-anfiteatro-fernando-paloni-neste-sabado\/\"},\"author\":{\"name\":\"J\u00e9ssica Nakadaira\",\"@id\":\"https:\/\/radiolifefm.com.br\/noticias\/#\/schema\/person\/4af6fff3068bd0b8dfd1ed7704759f26\"},\"headline\":\"1\u00aa Mostra de Cenas Curtas de Halloween agita o anfiteatro Fernando Paloni neste s\u00e1bado\",\"datePublished\":\"2025-10-31T22:02:30+00:00\",\"dateModified\":\"2026-04-19T12:06:22+00:00\",\"mainEntityOfPage\":{\"@id\":\"https:\/\/radiolifefm.com.br\/noticias\/1a-mostra-de-cenas-curtas-de-halloween-agita-o-anfiteatro-fernando-paloni-neste-sabado\/\"},\"wordCount\":161,\"publisher\":{\"@id\":\"https:\/\/radiolifefm.com.br\/noticias\/#organization\"},\"image\":{\"@id\":\"https:\/\/radiolifefm.com.br\/noticias\/1a-mostra-de-cenas-curtas-de-halloween-agita-o-anfiteatro-fernando-paloni-neste-sabado\/#primaryimage\"},\"thumbnailUrl\":\"https:\/\/radiolifefm.com.br\/noticias\/wp-content\/uploads\/2025\/10\/WhatsApp-Image-2025-10-31-at-13.10.44.jpeg\",\"articleSection\":[\"Jornal das 12h\"],\"inLanguage\":\"pt-BR\"},{\"@type\":\"WebPage\",\"@id\":\"https:\/\/radiolifefm.com.br\/noticias\/1a-mostra-de-cenas-curtas-de-halloween-agita-o-anfiteatro-fernando-paloni-neste-sabado\/\",\"url\":\"https:\/\/radiolifefm.com.br\/noticias\/1a-mostra-de-cenas-curtas-de-halloween-agita-o-anfiteatro-fernando-paloni-neste-sabado\/\",\"name\":\"1\u00aa Mostra de Cenas Curtas de Halloween agita o anfiteatro Fernando Paloni neste s\u00e1bado - R\u00e1dio Life FM\",\"isPartOf\":{\"@id\":\"https:\/\/radiolifefm.com.br\/noticias\/#website\"},\"primaryImageOfPage\":{\"@id\":\"https:\/\/radiolifefm.com.br\/noticias\/1a-mostra-de-cenas-curtas-de-halloween-agita-o-anfiteatro-fernando-paloni-neste-sabado\/#primaryimage\"},\"image\":{\"@id\":\"https:\/\/radiolifefm.com.br\/noticias\/1a-mostra-de-cenas-curtas-de-halloween-agita-o-anfiteatro-fernando-paloni-neste-sabado\/#primaryimage\"},\"thumbnailUrl\":\"https:\/\/radiolifefm.com.br\/noticias\/wp-content\/uploads\/2025\/10\/WhatsApp-Image-2025-10-31-at-13.10.44.jpeg\",\"datePublished\":\"2025-10-31T22:02:30+00:00\",\"dateModified\":\"2026-04-19T12:06:22+00:00\",\"breadcrumb\":{\"@id\":\"https:\/\/radiolifefm.com.br\/noticias\/1a-mostra-de-cenas-curtas-de-halloween-agita-o-anfiteatro-fernando-paloni-neste-sabado\/#breadcrumb\"},\"inLanguage\":\"pt-BR\",\"potentialAction\":[{\"@type\":\"ReadAction\",\"target\":[\"https:\/\/radiolifefm.com.br\/noticias\/1a-mostra-de-cenas-curtas-de-halloween-agita-o-anfiteatro-fernando-paloni-neste-sabado\/\"]}]},{\"@type\":\"ImageObject\",\"inLanguage\":\"pt-BR\",\"@id\":\"https:\/\/radiolifefm.com.br\/noticias\/1a-mostra-de-cenas-curtas-de-halloween-agita-o-anfiteatro-fernando-paloni-neste-sabado\/#primaryimage\",\"url\":\"https:\/\/radiolifefm.com.br\/noticias\/wp-content\/uploads\/2025\/10\/WhatsApp-Image-2025-10-31-at-13.10.44.jpeg\",\"contentUrl\":\"https:\/\/radiolifefm.com.br\/noticias\/wp-content\/uploads\/2025\/10\/WhatsApp-Image-2025-10-31-at-13.10.44.jpeg\",\"width\":1366,\"height\":768},{\"@type\":\"BreadcrumbList\",\"@id\":\"https:\/\/radiolifefm.com.br\/noticias\/1a-mostra-de-cenas-curtas-de-halloween-agita-o-anfiteatro-fernando-paloni-neste-sabado\/#breadcrumb\",\"itemListElement\":[{\"@type\":\"ListItem\",\"position\":1,\"name\":\"In\u00edcio\",\"item\":\"https:\/\/radiolifefm.com.br\/noticias\/\"},{\"@type\":\"ListItem\",\"position\":2,\"name\":\"1\u00aa Mostra de Cenas Curtas de Halloween agita o anfiteatro Fernando Paloni neste s\u00e1bado\"}]},{\"@type\":\"WebSite\",\"@id\":\"https:\/\/radiolifefm.com.br\/noticias\/#website\",\"url\":\"https:\/\/radiolifefm.com.br\/noticias\/\",\"name\":\"R\u00e1dio Life FM\",\"description\":\"O Portal de Not\u00edcias de Adamantina\",\"publisher\":{\"@id\":\"https:\/\/radiolifefm.com.br\/noticias\/#organization\"},\"alternateName\":\"Life FM\",\"potentialAction\":[{\"@type\":\"SearchAction\",\"target\":{\"@type\":\"EntryPoint\",\"urlTemplate\":\"https:\/\/radiolifefm.com.br\/noticias\/?s={search_term_string}\"},\"query-input\":{\"@type\":\"PropertyValueSpecification\",\"valueRequired\":true,\"valueName\":\"search_term_string\"}}],\"inLanguage\":\"pt-BR\"},{\"@type\":\"Organization\",\"@id\":\"https:\/\/radiolifefm.com.br\/noticias\/#organization\",\"name\":\"R\u00e1dio Life FM\",\"alternateName\":\"Life FM\",\"url\":\"https:\/\/radiolifefm.com.br\/noticias\/\",\"logo\":{\"@type\":\"ImageObject\",\"inLanguage\":\"pt-BR\",\"@id\":\"https:\/\/radiolifefm.com.br\/noticias\/#\/schema\/logo\/image\/\",\"url\":\"https:\/\/static.radiolifefm.com.br\/noticias\/wp-content\/uploads\/2019\/10\/logo-lifefm.png\",\"contentUrl\":\"https:\/\/static.radiolifefm.com.br\/noticias\/wp-content\/uploads\/2019\/10\/logo-lifefm.png\",\"width\":196,\"height\":47,\"caption\":\"R\u00e1dio Life FM\"},\"image\":{\"@id\":\"https:\/\/radiolifefm.com.br\/noticias\/#\/schema\/logo\/image\/\"},\"sameAs\":[\"https:\/\/www.facebook.com\/radiolifefm\/\",\"https:\/\/www.instagram.com\/life1079fm\/\"]},{\"@type\":\"Person\",\"@id\":\"https:\/\/radiolifefm.com.br\/noticias\/#\/schema\/person\/4af6fff3068bd0b8dfd1ed7704759f26\",\"name\":\"J\u00e9ssica Nakadaira\",\"image\":{\"@type\":\"ImageObject\",\"inLanguage\":\"pt-BR\",\"@id\":\"https:\/\/secure.gravatar.com\/avatar\/8a68115ef30ace340d64293ad9830cfc0a2137ae5a0378e0239504221ef693f5?s=96&d=mm&r=g\",\"url\":\"https:\/\/secure.gravatar.com\/avatar\/8a68115ef30ace340d64293ad9830cfc0a2137ae5a0378e0239504221ef693f5?s=96&d=mm&r=g\",\"contentUrl\":\"https:\/\/secure.gravatar.com\/avatar\/8a68115ef30ace340d64293ad9830cfc0a2137ae5a0378e0239504221ef693f5?s=96&d=mm&r=g\",\"caption\":\"J\u00e9ssica Nakadaira\"}}]}<\/script>\n<!-- \/ Yoast SEO plugin. -->","yoast_head_json":{"title":"1\u00aa Mostra de Cenas Curtas de Halloween agita o anfiteatro Fernando Paloni neste s\u00e1bado - R\u00e1dio Life FM","robots":{"index":"index","follow":"follow","max-snippet":"max-snippet:-1","max-image-preview":"max-image-preview:large","max-video-preview":"max-video-preview:-1"},"canonical":"https:\/\/radiolifefm.com.br\/noticias\/1a-mostra-de-cenas-curtas-de-halloween-agita-o-anfiteatro-fernando-paloni-neste-sabado\/","og_locale":"pt_BR","og_type":"article","og_title":"1\u00aa Mostra de Cenas Curtas de Halloween agita o anfiteatro Fernando Paloni neste s\u00e1bado - R\u00e1dio Life FM","og_description":"Na edi\u00e7\u00e3o desta sexta-feira, o Jornal do Meio-Dia recebeu a Prof.\u00aa Let\u00edcia Rodrigues, atriz e diretora, e o aluno de teatro Guilherme da Silva Santos para falar sobre a 1\u00aa Mostra de Cenas Curtas de Halloween, que acontece neste s\u00e1bado, 1\u00ba de novembro, \u00e0s 20h, no Anfiteatro Fernando Paloni, em Adamantina. Durante a entrevista, os [&hellip;]","og_url":"https:\/\/radiolifefm.com.br\/noticias\/1a-mostra-de-cenas-curtas-de-halloween-agita-o-anfiteatro-fernando-paloni-neste-sabado\/","og_site_name":"R\u00e1dio Life FM","article_publisher":"https:\/\/www.facebook.com\/radiolifefm\/","article_published_time":"2025-10-31T22:02:30+00:00","article_modified_time":"2026-04-19T12:06:22+00:00","og_image":[{"width":1366,"height":768,"url":"https:\/\/radiolifefm.com.br\/noticias\/wp-content\/uploads\/2025\/10\/WhatsApp-Image-2025-10-31-at-13.10.44.jpeg","type":"image\/jpeg"}],"author":"J\u00e9ssica Nakadaira","twitter_card":"summary_large_image","twitter_misc":{"Escrito por":"J\u00e9ssica Nakadaira","Est. tempo de leitura":"2 minutos"},"schema":{"@context":"https:\/\/schema.org","@graph":[{"@type":"Article","@id":"https:\/\/radiolifefm.com.br\/noticias\/1a-mostra-de-cenas-curtas-de-halloween-agita-o-anfiteatro-fernando-paloni-neste-sabado\/#article","isPartOf":{"@id":"https:\/\/radiolifefm.com.br\/noticias\/1a-mostra-de-cenas-curtas-de-halloween-agita-o-anfiteatro-fernando-paloni-neste-sabado\/"},"author":{"name":"J\u00e9ssica Nakadaira","@id":"https:\/\/radiolifefm.com.br\/noticias\/#\/schema\/person\/4af6fff3068bd0b8dfd1ed7704759f26"},"headline":"1\u00aa Mostra de Cenas Curtas de Halloween agita o anfiteatro Fernando Paloni neste s\u00e1bado","datePublished":"2025-10-31T22:02:30+00:00","dateModified":"2026-04-19T12:06:22+00:00","mainEntityOfPage":{"@id":"https:\/\/radiolifefm.com.br\/noticias\/1a-mostra-de-cenas-curtas-de-halloween-agita-o-anfiteatro-fernando-paloni-neste-sabado\/"},"wordCount":161,"publisher":{"@id":"https:\/\/radiolifefm.com.br\/noticias\/#organization"},"image":{"@id":"https:\/\/radiolifefm.com.br\/noticias\/1a-mostra-de-cenas-curtas-de-halloween-agita-o-anfiteatro-fernando-paloni-neste-sabado\/#primaryimage"},"thumbnailUrl":"https:\/\/radiolifefm.com.br\/noticias\/wp-content\/uploads\/2025\/10\/WhatsApp-Image-2025-10-31-at-13.10.44.jpeg","articleSection":["Jornal das 12h"],"inLanguage":"pt-BR"},{"@type":"WebPage","@id":"https:\/\/radiolifefm.com.br\/noticias\/1a-mostra-de-cenas-curtas-de-halloween-agita-o-anfiteatro-fernando-paloni-neste-sabado\/","url":"https:\/\/radiolifefm.com.br\/noticias\/1a-mostra-de-cenas-curtas-de-halloween-agita-o-anfiteatro-fernando-paloni-neste-sabado\/","name":"1\u00aa Mostra de Cenas Curtas de Halloween agita o anfiteatro Fernando Paloni neste s\u00e1bado - R\u00e1dio Life FM","isPartOf":{"@id":"https:\/\/radiolifefm.com.br\/noticias\/#website"},"primaryImageOfPage":{"@id":"https:\/\/radiolifefm.com.br\/noticias\/1a-mostra-de-cenas-curtas-de-halloween-agita-o-anfiteatro-fernando-paloni-neste-sabado\/#primaryimage"},"image":{"@id":"https:\/\/radiolifefm.com.br\/noticias\/1a-mostra-de-cenas-curtas-de-halloween-agita-o-anfiteatro-fernando-paloni-neste-sabado\/#primaryimage"},"thumbnailUrl":"https:\/\/radiolifefm.com.br\/noticias\/wp-content\/uploads\/2025\/10\/WhatsApp-Image-2025-10-31-at-13.10.44.jpeg","datePublished":"2025-10-31T22:02:30+00:00","dateModified":"2026-04-19T12:06:22+00:00","breadcrumb":{"@id":"https:\/\/radiolifefm.com.br\/noticias\/1a-mostra-de-cenas-curtas-de-halloween-agita-o-anfiteatro-fernando-paloni-neste-sabado\/#breadcrumb"},"inLanguage":"pt-BR","potentialAction":[{"@type":"ReadAction","target":["https:\/\/radiolifefm.com.br\/noticias\/1a-mostra-de-cenas-curtas-de-halloween-agita-o-anfiteatro-fernando-paloni-neste-sabado\/"]}]},{"@type":"ImageObject","inLanguage":"pt-BR","@id":"https:\/\/radiolifefm.com.br\/noticias\/1a-mostra-de-cenas-curtas-de-halloween-agita-o-anfiteatro-fernando-paloni-neste-sabado\/#primaryimage","url":"https:\/\/radiolifefm.com.br\/noticias\/wp-content\/uploads\/2025\/10\/WhatsApp-Image-2025-10-31-at-13.10.44.jpeg","contentUrl":"https:\/\/radiolifefm.com.br\/noticias\/wp-content\/uploads\/2025\/10\/WhatsApp-Image-2025-10-31-at-13.10.44.jpeg","width":1366,"height":768},{"@type":"BreadcrumbList","@id":"https:\/\/radiolifefm.com.br\/noticias\/1a-mostra-de-cenas-curtas-de-halloween-agita-o-anfiteatro-fernando-paloni-neste-sabado\/#breadcrumb","itemListElement":[{"@type":"ListItem","position":1,"name":"In\u00edcio","item":"https:\/\/radiolifefm.com.br\/noticias\/"},{"@type":"ListItem","position":2,"name":"1\u00aa Mostra de Cenas Curtas de Halloween agita o anfiteatro Fernando Paloni neste s\u00e1bado"}]},{"@type":"WebSite","@id":"https:\/\/radiolifefm.com.br\/noticias\/#website","url":"https:\/\/radiolifefm.com.br\/noticias\/","name":"R\u00e1dio Life FM","description":"O Portal de Not\u00edcias de Adamantina","publisher":{"@id":"https:\/\/radiolifefm.com.br\/noticias\/#organization"},"alternateName":"Life FM","potentialAction":[{"@type":"SearchAction","target":{"@type":"EntryPoint","urlTemplate":"https:\/\/radiolifefm.com.br\/noticias\/?s={search_term_string}"},"query-input":{"@type":"PropertyValueSpecification","valueRequired":true,"valueName":"search_term_string"}}],"inLanguage":"pt-BR"},{"@type":"Organization","@id":"https:\/\/radiolifefm.com.br\/noticias\/#organization","name":"R\u00e1dio Life FM","alternateName":"Life FM","url":"https:\/\/radiolifefm.com.br\/noticias\/","logo":{"@type":"ImageObject","inLanguage":"pt-BR","@id":"https:\/\/radiolifefm.com.br\/noticias\/#\/schema\/logo\/image\/","url":"https:\/\/static.radiolifefm.com.br\/noticias\/wp-content\/uploads\/2019\/10\/logo-lifefm.png","contentUrl":"https:\/\/static.radiolifefm.com.br\/noticias\/wp-content\/uploads\/2019\/10\/logo-lifefm.png","width":196,"height":47,"caption":"R\u00e1dio Life FM"},"image":{"@id":"https:\/\/radiolifefm.com.br\/noticias\/#\/schema\/logo\/image\/"},"sameAs":["https:\/\/www.facebook.com\/radiolifefm\/","https:\/\/www.instagram.com\/life1079fm\/"]},{"@type":"Person","@id":"https:\/\/radiolifefm.com.br\/noticias\/#\/schema\/person\/4af6fff3068bd0b8dfd1ed7704759f26","name":"J\u00e9ssica Nakadaira","image":{"@type":"ImageObject","inLanguage":"pt-BR","@id":"https:\/\/secure.gravatar.com\/avatar\/8a68115ef30ace340d64293ad9830cfc0a2137ae5a0378e0239504221ef693f5?s=96&d=mm&r=g","url":"https:\/\/secure.gravatar.com\/avatar\/8a68115ef30ace340d64293ad9830cfc0a2137ae5a0378e0239504221ef693f5?s=96&d=mm&r=g","contentUrl":"https:\/\/secure.gravatar.com\/avatar\/8a68115ef30ace340d64293ad9830cfc0a2137ae5a0378e0239504221ef693f5?s=96&d=mm&r=g","caption":"J\u00e9ssica Nakadaira"}}]}},"amp_enabled":true,"_links":{"self":[{"href":"https:\/\/radiolifefm.com.br\/noticias\/wp-json\/wp\/v2\/posts\/107376","targetHints":{"allow":["GET"]}}],"collection":[{"href":"https:\/\/radiolifefm.com.br\/noticias\/wp-json\/wp\/v2\/posts"}],"about":[{"href":"https:\/\/radiolifefm.com.br\/noticias\/wp-json\/wp\/v2\/types\/post"}],"author":[{"embeddable":true,"href":"https:\/\/radiolifefm.com.br\/noticias\/wp-json\/wp\/v2\/users\/15"}],"replies":[{"embeddable":true,"href":"https:\/\/radiolifefm.com.br\/noticias\/wp-json\/wp\/v2\/comments?post=107376"}],"version-history":[{"count":1,"href":"https:\/\/radiolifefm.com.br\/noticias\/wp-json\/wp\/v2\/posts\/107376\/revisions"}],"predecessor-version":[{"id":107382,"href":"https:\/\/radiolifefm.com.br\/noticias\/wp-json\/wp\/v2\/posts\/107376\/revisions\/107382"}],"wp:featuredmedia":[{"embeddable":true,"href":"https:\/\/radiolifefm.com.br\/noticias\/wp-json\/wp\/v2\/media\/107381"}],"wp:attachment":[{"href":"https:\/\/radiolifefm.com.br\/noticias\/wp-json\/wp\/v2\/media?parent=107376"}],"wp:term":[{"taxonomy":"category","embeddable":true,"href":"https:\/\/radiolifefm.com.br\/noticias\/wp-json\/wp\/v2\/categories?post=107376"},{"taxonomy":"post_tag","embeddable":true,"href":"https:\/\/radiolifefm.com.br\/noticias\/wp-json\/wp\/v2\/tags?post=107376"}],"curies":[{"name":"wp","href":"https:\/\/api.w.org\/{rel}","templated":true}]}}