{"id":107360,"date":"2025-10-31T15:23:18","date_gmt":"2025-10-31T18:23:18","guid":{"rendered":"https:\/\/radiolifefm.com.br\/noticias\/?p=107360"},"modified":"2026-04-30T07:04:52","modified_gmt":"2026-04-30T10:04:52","slug":"decoracao-natalina-em-adamantina-busca-aquecer-comercio-e-atrair-visitantes","status":"publish","type":"post","link":"https:\/\/radiolifefm.com.br\/noticias\/decoracao-natalina-em-adamantina-busca-aquecer-comercio-e-atrair-visitantes\/","title":{"rendered":"Decora\u00e7\u00e3o natalina em Adamantina busca aquecer com\u00e9rcio e atrair visitantes"},"content":{"rendered":"<div id=\"fb-root\"><\/div>\n<p>Com a chegada do fim de ano, Adamantina intensifica os preparativos para o per\u00edodo natalino, utilizando a decora\u00e7\u00e3o tem\u00e1tica como ferramenta para movimentar o com\u00e9rcio local e estimular o turismo regional. A ambienta\u00e7\u00e3o das ruas e espa\u00e7os p\u00fablicos tem se consolidado como uma a\u00e7\u00e3o estrat\u00e9gica para valorizar a cidade e atrair visitantes.<img loading=\"lazy\" decoding=\"async\" class=\"aligncenter size-medium wp-image-107365\" src=\"https:\/\/static.radiolifefm.com.br\/noticias\/wp-content\/uploads\/2025\/10\/Marca-dagua-Agora-e-que-sao-elas-2025-83-300x300.jpg\" alt=\"\" width=\"300\" height=\"300\" srcset=\"https:\/\/radiolifefm.com.br\/noticias\/wp-content\/uploads\/2025\/10\/Marca-dagua-Agora-e-que-sao-elas-2025-83-300x300.jpg 300w, https:\/\/radiolifefm.com.br\/noticias\/wp-content\/uploads\/2025\/10\/Marca-dagua-Agora-e-que-sao-elas-2025-83-1024x1024.jpg 1024w, https:\/\/radiolifefm.com.br\/noticias\/wp-content\/uploads\/2025\/10\/Marca-dagua-Agora-e-que-sao-elas-2025-83-150x150.jpg 150w, https:\/\/radiolifefm.com.br\/noticias\/wp-content\/uploads\/2025\/10\/Marca-dagua-Agora-e-que-sao-elas-2025-83-768x768.jpg 768w, https:\/\/radiolifefm.com.br\/noticias\/wp-content\/uploads\/2025\/10\/Marca-dagua-Agora-e-que-sao-elas-2025-83-200x200.jpg 200w, https:\/\/radiolifefm.com.br\/noticias\/wp-content\/uploads\/2025\/10\/Marca-dagua-Agora-e-que-sao-elas-2025-83-250x250.jpg 250w, https:\/\/radiolifefm.com.br\/noticias\/wp-content\/uploads\/2025\/10\/Marca-dagua-Agora-e-que-sao-elas-2025-83-500x500.jpg 500w, https:\/\/radiolifefm.com.br\/noticias\/wp-content\/uploads\/2025\/10\/Marca-dagua-Agora-e-que-sao-elas-2025-83-700x700.jpg 700w, https:\/\/radiolifefm.com.br\/noticias\/wp-content\/uploads\/2025\/10\/Marca-dagua-Agora-e-que-sao-elas-2025-83.jpg 1080w\" sizes=\"auto, (max-width: 300px) 100vw, 300px\" \/><\/p>\n<p>O assunto foi abordado na edi\u00e7\u00e3o do podcast Agora \u00e9 que s\u00e3o elas, transmitido no dia 30 de outubro pela R\u00e1dio Life FM. Apresentado por Lucia Prado e Fabiana Esteves, o programa contou com a participa\u00e7\u00e3o de Aureni Bezerra de Lima Luiz, respons\u00e1vel por diversas produ\u00e7\u00f5es decorativas que hoje fazem parte do cen\u00e1rio natalino da cidade.<img loading=\"lazy\" decoding=\"async\" class=\"aligncenter size-medium wp-image-107366\" src=\"https:\/\/static.radiolifefm.com.br\/noticias\/wp-content\/uploads\/2025\/10\/Marca-dagua-Agora-e-que-sao-elas-2025-82-300x300.jpg\" alt=\"\" width=\"300\" height=\"300\" srcset=\"https:\/\/radiolifefm.com.br\/noticias\/wp-content\/uploads\/2025\/10\/Marca-dagua-Agora-e-que-sao-elas-2025-82-300x300.jpg 300w, https:\/\/radiolifefm.com.br\/noticias\/wp-content\/uploads\/2025\/10\/Marca-dagua-Agora-e-que-sao-elas-2025-82-1024x1024.jpg 1024w, https:\/\/radiolifefm.com.br\/noticias\/wp-content\/uploads\/2025\/10\/Marca-dagua-Agora-e-que-sao-elas-2025-82-150x150.jpg 150w, https:\/\/radiolifefm.com.br\/noticias\/wp-content\/uploads\/2025\/10\/Marca-dagua-Agora-e-que-sao-elas-2025-82-768x768.jpg 768w, https:\/\/radiolifefm.com.br\/noticias\/wp-content\/uploads\/2025\/10\/Marca-dagua-Agora-e-que-sao-elas-2025-82-200x200.jpg 200w, https:\/\/radiolifefm.com.br\/noticias\/wp-content\/uploads\/2025\/10\/Marca-dagua-Agora-e-que-sao-elas-2025-82-250x250.jpg 250w, https:\/\/radiolifefm.com.br\/noticias\/wp-content\/uploads\/2025\/10\/Marca-dagua-Agora-e-que-sao-elas-2025-82-500x500.jpg 500w, https:\/\/radiolifefm.com.br\/noticias\/wp-content\/uploads\/2025\/10\/Marca-dagua-Agora-e-que-sao-elas-2025-82-700x700.jpg 700w, https:\/\/radiolifefm.com.br\/noticias\/wp-content\/uploads\/2025\/10\/Marca-dagua-Agora-e-que-sao-elas-2025-82.jpg 1080w\" sizes=\"auto, (max-width: 300px) 100vw, 300px\" \/><\/p>\n<p>A iniciativa da decora\u00e7\u00e3o natalina n\u00e3o apenas contribui para o clima festivo, mas tamb\u00e9m fortalece o com\u00e9rcio, especialmente em \u00e1reas centrais, onde h\u00e1 maior circula\u00e7\u00e3o de consumidores. A presen\u00e7a de visitantes nesse per\u00edodo refor\u00e7a a import\u00e2ncia da organiza\u00e7\u00e3o urbana, da receptividade e do cuidado coletivo com os espa\u00e7os p\u00fablicos.<img loading=\"lazy\" decoding=\"async\" class=\"aligncenter size-medium wp-image-107367\" src=\"https:\/\/static.radiolifefm.com.br\/noticias\/wp-content\/uploads\/2025\/10\/Marca-dagua-Agora-e-que-sao-elas-2025-81-300x300.jpg\" alt=\"\" width=\"300\" height=\"300\" srcset=\"https:\/\/radiolifefm.com.br\/noticias\/wp-content\/uploads\/2025\/10\/Marca-dagua-Agora-e-que-sao-elas-2025-81-300x300.jpg 300w, https:\/\/radiolifefm.com.br\/noticias\/wp-content\/uploads\/2025\/10\/Marca-dagua-Agora-e-que-sao-elas-2025-81-1024x1024.jpg 1024w, https:\/\/radiolifefm.com.br\/noticias\/wp-content\/uploads\/2025\/10\/Marca-dagua-Agora-e-que-sao-elas-2025-81-150x150.jpg 150w, https:\/\/radiolifefm.com.br\/noticias\/wp-content\/uploads\/2025\/10\/Marca-dagua-Agora-e-que-sao-elas-2025-81-768x768.jpg 768w, https:\/\/radiolifefm.com.br\/noticias\/wp-content\/uploads\/2025\/10\/Marca-dagua-Agora-e-que-sao-elas-2025-81-200x200.jpg 200w, https:\/\/radiolifefm.com.br\/noticias\/wp-content\/uploads\/2025\/10\/Marca-dagua-Agora-e-que-sao-elas-2025-81-250x250.jpg 250w, https:\/\/radiolifefm.com.br\/noticias\/wp-content\/uploads\/2025\/10\/Marca-dagua-Agora-e-que-sao-elas-2025-81-500x500.jpg 500w, https:\/\/radiolifefm.com.br\/noticias\/wp-content\/uploads\/2025\/10\/Marca-dagua-Agora-e-que-sao-elas-2025-81-700x700.jpg 700w, https:\/\/radiolifefm.com.br\/noticias\/wp-content\/uploads\/2025\/10\/Marca-dagua-Agora-e-que-sao-elas-2025-81.jpg 1080w\" sizes=\"auto, (max-width: 300px) 100vw, 300px\" \/><\/p>\n<p>Como Munic\u00edpio de Interesse Tur\u00edstico (MIT), Adamantina tem potencial para se destacar como destino regional durante as celebra\u00e7\u00f5es de fim de ano.<img loading=\"lazy\" decoding=\"async\" class=\"aligncenter size-medium wp-image-107361\" src=\"https:\/\/static.radiolifefm.com.br\/noticias\/wp-content\/uploads\/2025\/10\/Marca-dagua-Agora-e-que-sao-elas-2025-87-300x300.jpg\" alt=\"\" width=\"300\" height=\"300\" srcset=\"https:\/\/radiolifefm.com.br\/noticias\/wp-content\/uploads\/2025\/10\/Marca-dagua-Agora-e-que-sao-elas-2025-87-300x300.jpg 300w, https:\/\/radiolifefm.com.br\/noticias\/wp-content\/uploads\/2025\/10\/Marca-dagua-Agora-e-que-sao-elas-2025-87-1024x1024.jpg 1024w, https:\/\/radiolifefm.com.br\/noticias\/wp-content\/uploads\/2025\/10\/Marca-dagua-Agora-e-que-sao-elas-2025-87-150x150.jpg 150w, https:\/\/radiolifefm.com.br\/noticias\/wp-content\/uploads\/2025\/10\/Marca-dagua-Agora-e-que-sao-elas-2025-87-768x768.jpg 768w, https:\/\/radiolifefm.com.br\/noticias\/wp-content\/uploads\/2025\/10\/Marca-dagua-Agora-e-que-sao-elas-2025-87-200x200.jpg 200w, https:\/\/radiolifefm.com.br\/noticias\/wp-content\/uploads\/2025\/10\/Marca-dagua-Agora-e-que-sao-elas-2025-87-250x250.jpg 250w, https:\/\/radiolifefm.com.br\/noticias\/wp-content\/uploads\/2025\/10\/Marca-dagua-Agora-e-que-sao-elas-2025-87-500x500.jpg 500w, https:\/\/radiolifefm.com.br\/noticias\/wp-content\/uploads\/2025\/10\/Marca-dagua-Agora-e-que-sao-elas-2025-87-700x700.jpg 700w, https:\/\/radiolifefm.com.br\/noticias\/wp-content\/uploads\/2025\/10\/Marca-dagua-Agora-e-que-sao-elas-2025-87.jpg 1080w\" sizes=\"auto, (max-width: 300px) 100vw, 300px\" \/> A decora\u00e7\u00e3o, aliada \u00e0 programa\u00e7\u00e3o cultural e \u00e0 mobiliza\u00e7\u00e3o dos comerciantes, pode gerar impactos positivos na economia local, promovendo emprego, renda e visibilidade para a cidade.<img loading=\"lazy\" decoding=\"async\" class=\"aligncenter size-medium wp-image-107368\" src=\"https:\/\/static.radiolifefm.com.br\/noticias\/wp-content\/uploads\/2025\/10\/Marca-dagua-Agora-e-que-sao-elas-2025-80-300x300.jpg\" alt=\"\" width=\"300\" height=\"300\" srcset=\"https:\/\/radiolifefm.com.br\/noticias\/wp-content\/uploads\/2025\/10\/Marca-dagua-Agora-e-que-sao-elas-2025-80-300x300.jpg 300w, https:\/\/radiolifefm.com.br\/noticias\/wp-content\/uploads\/2025\/10\/Marca-dagua-Agora-e-que-sao-elas-2025-80-1024x1024.jpg 1024w, https:\/\/radiolifefm.com.br\/noticias\/wp-content\/uploads\/2025\/10\/Marca-dagua-Agora-e-que-sao-elas-2025-80-150x150.jpg 150w, https:\/\/radiolifefm.com.br\/noticias\/wp-content\/uploads\/2025\/10\/Marca-dagua-Agora-e-que-sao-elas-2025-80-768x768.jpg 768w, https:\/\/radiolifefm.com.br\/noticias\/wp-content\/uploads\/2025\/10\/Marca-dagua-Agora-e-que-sao-elas-2025-80-200x200.jpg 200w, https:\/\/radiolifefm.com.br\/noticias\/wp-content\/uploads\/2025\/10\/Marca-dagua-Agora-e-que-sao-elas-2025-80-250x250.jpg 250w, https:\/\/radiolifefm.com.br\/noticias\/wp-content\/uploads\/2025\/10\/Marca-dagua-Agora-e-que-sao-elas-2025-80-500x500.jpg 500w, https:\/\/radiolifefm.com.br\/noticias\/wp-content\/uploads\/2025\/10\/Marca-dagua-Agora-e-que-sao-elas-2025-80-700x700.jpg 700w, https:\/\/radiolifefm.com.br\/noticias\/wp-content\/uploads\/2025\/10\/Marca-dagua-Agora-e-que-sao-elas-2025-80.jpg 1080w\" sizes=\"auto, (max-width: 300px) 100vw, 300px\" \/><\/p>\n<p>A responsabilidade de receber bem os visitantes \u00e9 compartilhada entre poder p\u00fablico, comerciantes e moradores. <img loading=\"lazy\" decoding=\"async\" class=\"aligncenter size-medium wp-image-107364\" src=\"https:\/\/static.radiolifefm.com.br\/noticias\/wp-content\/uploads\/2025\/10\/Marca-dagua-Agora-e-que-sao-elas-2025-84-300x300.jpg\" alt=\"\" width=\"300\" height=\"300\" srcset=\"https:\/\/radiolifefm.com.br\/noticias\/wp-content\/uploads\/2025\/10\/Marca-dagua-Agora-e-que-sao-elas-2025-84-300x300.jpg 300w, https:\/\/radiolifefm.com.br\/noticias\/wp-content\/uploads\/2025\/10\/Marca-dagua-Agora-e-que-sao-elas-2025-84-1024x1024.jpg 1024w, https:\/\/radiolifefm.com.br\/noticias\/wp-content\/uploads\/2025\/10\/Marca-dagua-Agora-e-que-sao-elas-2025-84-150x150.jpg 150w, https:\/\/radiolifefm.com.br\/noticias\/wp-content\/uploads\/2025\/10\/Marca-dagua-Agora-e-que-sao-elas-2025-84-768x768.jpg 768w, https:\/\/radiolifefm.com.br\/noticias\/wp-content\/uploads\/2025\/10\/Marca-dagua-Agora-e-que-sao-elas-2025-84-200x200.jpg 200w, https:\/\/radiolifefm.com.br\/noticias\/wp-content\/uploads\/2025\/10\/Marca-dagua-Agora-e-que-sao-elas-2025-84-250x250.jpg 250w, https:\/\/radiolifefm.com.br\/noticias\/wp-content\/uploads\/2025\/10\/Marca-dagua-Agora-e-que-sao-elas-2025-84-500x500.jpg 500w, https:\/\/radiolifefm.com.br\/noticias\/wp-content\/uploads\/2025\/10\/Marca-dagua-Agora-e-que-sao-elas-2025-84-700x700.jpg 700w, https:\/\/radiolifefm.com.br\/noticias\/wp-content\/uploads\/2025\/10\/Marca-dagua-Agora-e-que-sao-elas-2025-84.jpg 1080w\" sizes=\"auto, (max-width: 300px) 100vw, 300px\" \/>A valoriza\u00e7\u00e3o da cidade come\u00e7a com atitudes simples: manter os espa\u00e7os limpos, respeitar a sinaliza\u00e7\u00e3o, apoiar o com\u00e9rcio local e acolher quem chega.<img loading=\"lazy\" decoding=\"async\" class=\"aligncenter size-medium wp-image-107363\" src=\"https:\/\/static.radiolifefm.com.br\/noticias\/wp-content\/uploads\/2025\/10\/Marca-dagua-Agora-e-que-sao-elas-2025-85-300x300.jpg\" alt=\"\" width=\"300\" height=\"300\" srcset=\"https:\/\/radiolifefm.com.br\/noticias\/wp-content\/uploads\/2025\/10\/Marca-dagua-Agora-e-que-sao-elas-2025-85-300x300.jpg 300w, https:\/\/radiolifefm.com.br\/noticias\/wp-content\/uploads\/2025\/10\/Marca-dagua-Agora-e-que-sao-elas-2025-85-1024x1024.jpg 1024w, https:\/\/radiolifefm.com.br\/noticias\/wp-content\/uploads\/2025\/10\/Marca-dagua-Agora-e-que-sao-elas-2025-85-150x150.jpg 150w, https:\/\/radiolifefm.com.br\/noticias\/wp-content\/uploads\/2025\/10\/Marca-dagua-Agora-e-que-sao-elas-2025-85-768x768.jpg 768w, https:\/\/radiolifefm.com.br\/noticias\/wp-content\/uploads\/2025\/10\/Marca-dagua-Agora-e-que-sao-elas-2025-85-200x200.jpg 200w, https:\/\/radiolifefm.com.br\/noticias\/wp-content\/uploads\/2025\/10\/Marca-dagua-Agora-e-que-sao-elas-2025-85-250x250.jpg 250w, https:\/\/radiolifefm.com.br\/noticias\/wp-content\/uploads\/2025\/10\/Marca-dagua-Agora-e-que-sao-elas-2025-85-500x500.jpg 500w, https:\/\/radiolifefm.com.br\/noticias\/wp-content\/uploads\/2025\/10\/Marca-dagua-Agora-e-que-sao-elas-2025-85-700x700.jpg 700w, https:\/\/radiolifefm.com.br\/noticias\/wp-content\/uploads\/2025\/10\/Marca-dagua-Agora-e-que-sao-elas-2025-85.jpg 1080w\" sizes=\"auto, (max-width: 300px) 100vw, 300px\" \/><\/p>\n<p>Com a\u00e7\u00f5es coordenadas e envolvimento da comunidade, Adamantina se prepara para um fim de ano que une beleza, oportunidade e desenvolvimento.<img loading=\"lazy\" decoding=\"async\" class=\"aligncenter size-medium wp-image-107362\" src=\"https:\/\/static.radiolifefm.com.br\/noticias\/wp-content\/uploads\/2025\/10\/Marca-dagua-Agora-e-que-sao-elas-2025-86-300x300.jpg\" alt=\"\" width=\"300\" height=\"300\" srcset=\"https:\/\/radiolifefm.com.br\/noticias\/wp-content\/uploads\/2025\/10\/Marca-dagua-Agora-e-que-sao-elas-2025-86-300x300.jpg 300w, https:\/\/radiolifefm.com.br\/noticias\/wp-content\/uploads\/2025\/10\/Marca-dagua-Agora-e-que-sao-elas-2025-86-1024x1024.jpg 1024w, https:\/\/radiolifefm.com.br\/noticias\/wp-content\/uploads\/2025\/10\/Marca-dagua-Agora-e-que-sao-elas-2025-86-150x150.jpg 150w, https:\/\/radiolifefm.com.br\/noticias\/wp-content\/uploads\/2025\/10\/Marca-dagua-Agora-e-que-sao-elas-2025-86-768x768.jpg 768w, https:\/\/radiolifefm.com.br\/noticias\/wp-content\/uploads\/2025\/10\/Marca-dagua-Agora-e-que-sao-elas-2025-86-200x200.jpg 200w, https:\/\/radiolifefm.com.br\/noticias\/wp-content\/uploads\/2025\/10\/Marca-dagua-Agora-e-que-sao-elas-2025-86-250x250.jpg 250w, https:\/\/radiolifefm.com.br\/noticias\/wp-content\/uploads\/2025\/10\/Marca-dagua-Agora-e-que-sao-elas-2025-86-500x500.jpg 500w, https:\/\/radiolifefm.com.br\/noticias\/wp-content\/uploads\/2025\/10\/Marca-dagua-Agora-e-que-sao-elas-2025-86-700x700.jpg 700w, https:\/\/radiolifefm.com.br\/noticias\/wp-content\/uploads\/2025\/10\/Marca-dagua-Agora-e-que-sao-elas-2025-86.jpg 1080w\" sizes=\"auto, (max-width: 300px) 100vw, 300px\" \/><\/p>\n<p><a href=\"https:\/\/www.youtube.com\/watch?v=_5j16gukakk&amp;t=389s\"><br \/>\nhttps:\/\/www.youtube.com\/watch?v=_5j16gukakk&amp;t=389s<\/a><\/p>\n","protected":false},"excerpt":{"rendered":"<p>Com a chegada do fim de ano, Adamantina intensifica os preparativos para o per\u00edodo natalino, utilizando a decora\u00e7\u00e3o tem\u00e1tica como ferramenta para movimentar o com\u00e9rcio local e estimular o turismo regional. A ambienta\u00e7\u00e3o das ruas e espa\u00e7os p\u00fablicos tem se consolidado como uma a\u00e7\u00e3o estrat\u00e9gica para valorizar a cidade e atrair visitantes. O assunto foi [&hellip;]<\/p>\n","protected":false},"author":8,"featured_media":107369,"comment_status":"closed","ping_status":"open","sticky":false,"template":"","format":"standard","meta":{"_acf_changed":false,"_exactmetrics_skip_tracking":false,"_exactmetrics_sitenote_active":false,"_exactmetrics_sitenote_note":"","_exactmetrics_sitenote_category":0,"footnotes":""},"categories":[70],"tags":[],"class_list":["post-107360","post","type-post","status-publish","format-standard","has-post-thumbnail","hentry","category-agora-e-que-sao-elas"],"acf":[],"yoast_head":"<!-- This site is optimized with the Yoast SEO plugin v27.2 - https:\/\/yoast.com\/product\/yoast-seo-wordpress\/ -->\n<title>Decora\u00e7\u00e3o natalina em Adamantina busca aquecer com\u00e9rcio e atrair visitantes - R\u00e1dio Life FM<\/title>\n<meta name=\"robots\" content=\"index, follow, max-snippet:-1, max-image-preview:large, max-video-preview:-1\" \/>\n<link rel=\"canonical\" href=\"https:\/\/radiolifefm.com.br\/noticias\/decoracao-natalina-em-adamantina-busca-aquecer-comercio-e-atrair-visitantes\/\" \/>\n<meta property=\"og:locale\" content=\"pt_BR\" \/>\n<meta property=\"og:type\" content=\"article\" \/>\n<meta property=\"og:title\" content=\"Decora\u00e7\u00e3o natalina em Adamantina busca aquecer com\u00e9rcio e atrair visitantes - R\u00e1dio Life FM\" \/>\n<meta property=\"og:description\" content=\"Com a chegada do fim de ano, Adamantina intensifica os preparativos para o per\u00edodo natalino, utilizando a decora\u00e7\u00e3o tem\u00e1tica como ferramenta para movimentar o com\u00e9rcio local e estimular o turismo regional. A ambienta\u00e7\u00e3o das ruas e espa\u00e7os p\u00fablicos tem se consolidado como uma a\u00e7\u00e3o estrat\u00e9gica para valorizar a cidade e atrair visitantes. O assunto foi [&hellip;]\" \/>\n<meta property=\"og:url\" content=\"https:\/\/radiolifefm.com.br\/noticias\/decoracao-natalina-em-adamantina-busca-aquecer-comercio-e-atrair-visitantes\/\" \/>\n<meta property=\"og:site_name\" content=\"R\u00e1dio Life FM\" \/>\n<meta property=\"article:publisher\" content=\"https:\/\/www.facebook.com\/radiolifefm\/\" \/>\n<meta property=\"article:published_time\" content=\"2025-10-31T18:23:18+00:00\" \/>\n<meta property=\"article:modified_time\" content=\"2026-04-30T10:04:52+00:00\" \/>\n<meta property=\"og:image\" content=\"https:\/\/radiolifefm.com.br\/noticias\/wp-content\/uploads\/2025\/10\/Capa-Site-78.jpg\" \/>\n\t<meta property=\"og:image:width\" content=\"1366\" \/>\n\t<meta property=\"og:image:height\" content=\"768\" \/>\n\t<meta property=\"og:image:type\" content=\"image\/jpeg\" \/>\n<meta name=\"author\" content=\"joaograndao\" \/>\n<meta name=\"twitter:card\" content=\"summary_large_image\" \/>\n<meta name=\"twitter:label1\" content=\"Escrito por\" \/>\n\t<meta name=\"twitter:data1\" content=\"joaograndao\" \/>\n\t<meta name=\"twitter:label2\" content=\"Est. tempo de leitura\" \/>\n\t<meta name=\"twitter:data2\" content=\"4 minutos\" \/>\n<script type=\"application\/ld+json\" class=\"yoast-schema-graph\">{\"@context\":\"https:\/\/schema.org\",\"@graph\":[{\"@type\":\"Article\",\"@id\":\"https:\/\/radiolifefm.com.br\/noticias\/decoracao-natalina-em-adamantina-busca-aquecer-comercio-e-atrair-visitantes\/#article\",\"isPartOf\":{\"@id\":\"https:\/\/radiolifefm.com.br\/noticias\/decoracao-natalina-em-adamantina-busca-aquecer-comercio-e-atrair-visitantes\/\"},\"author\":{\"name\":\"joaograndao\",\"@id\":\"https:\/\/radiolifefm.com.br\/noticias\/#\/schema\/person\/6876e1240feffe6e1b63fd5cb85abf28\"},\"headline\":\"Decora\u00e7\u00e3o natalina em Adamantina busca aquecer com\u00e9rcio e atrair visitantes\",\"datePublished\":\"2025-10-31T18:23:18+00:00\",\"dateModified\":\"2026-04-30T10:04:52+00:00\",\"mainEntityOfPage\":{\"@id\":\"https:\/\/radiolifefm.com.br\/noticias\/decoracao-natalina-em-adamantina-busca-aquecer-comercio-e-atrair-visitantes\/\"},\"wordCount\":323,\"publisher\":{\"@id\":\"https:\/\/radiolifefm.com.br\/noticias\/#organization\"},\"image\":{\"@id\":\"https:\/\/radiolifefm.com.br\/noticias\/decoracao-natalina-em-adamantina-busca-aquecer-comercio-e-atrair-visitantes\/#primaryimage\"},\"thumbnailUrl\":\"https:\/\/radiolifefm.com.br\/noticias\/wp-content\/uploads\/2025\/10\/Capa-Site-78.jpg\",\"articleSection\":[\"Agora \u00e9 Que S\u00e3o Elas\"],\"inLanguage\":\"pt-BR\"},{\"@type\":\"WebPage\",\"@id\":\"https:\/\/radiolifefm.com.br\/noticias\/decoracao-natalina-em-adamantina-busca-aquecer-comercio-e-atrair-visitantes\/\",\"url\":\"https:\/\/radiolifefm.com.br\/noticias\/decoracao-natalina-em-adamantina-busca-aquecer-comercio-e-atrair-visitantes\/\",\"name\":\"Decora\u00e7\u00e3o natalina em Adamantina busca aquecer com\u00e9rcio e atrair visitantes - R\u00e1dio Life FM\",\"isPartOf\":{\"@id\":\"https:\/\/radiolifefm.com.br\/noticias\/#website\"},\"primaryImageOfPage\":{\"@id\":\"https:\/\/radiolifefm.com.br\/noticias\/decoracao-natalina-em-adamantina-busca-aquecer-comercio-e-atrair-visitantes\/#primaryimage\"},\"image\":{\"@id\":\"https:\/\/radiolifefm.com.br\/noticias\/decoracao-natalina-em-adamantina-busca-aquecer-comercio-e-atrair-visitantes\/#primaryimage\"},\"thumbnailUrl\":\"https:\/\/radiolifefm.com.br\/noticias\/wp-content\/uploads\/2025\/10\/Capa-Site-78.jpg\",\"datePublished\":\"2025-10-31T18:23:18+00:00\",\"dateModified\":\"2026-04-30T10:04:52+00:00\",\"breadcrumb\":{\"@id\":\"https:\/\/radiolifefm.com.br\/noticias\/decoracao-natalina-em-adamantina-busca-aquecer-comercio-e-atrair-visitantes\/#breadcrumb\"},\"inLanguage\":\"pt-BR\",\"potentialAction\":[{\"@type\":\"ReadAction\",\"target\":[\"https:\/\/radiolifefm.com.br\/noticias\/decoracao-natalina-em-adamantina-busca-aquecer-comercio-e-atrair-visitantes\/\"]}]},{\"@type\":\"ImageObject\",\"inLanguage\":\"pt-BR\",\"@id\":\"https:\/\/radiolifefm.com.br\/noticias\/decoracao-natalina-em-adamantina-busca-aquecer-comercio-e-atrair-visitantes\/#primaryimage\",\"url\":\"https:\/\/radiolifefm.com.br\/noticias\/wp-content\/uploads\/2025\/10\/Capa-Site-78.jpg\",\"contentUrl\":\"https:\/\/radiolifefm.com.br\/noticias\/wp-content\/uploads\/2025\/10\/Capa-Site-78.jpg\",\"width\":1366,\"height\":768},{\"@type\":\"BreadcrumbList\",\"@id\":\"https:\/\/radiolifefm.com.br\/noticias\/decoracao-natalina-em-adamantina-busca-aquecer-comercio-e-atrair-visitantes\/#breadcrumb\",\"itemListElement\":[{\"@type\":\"ListItem\",\"position\":1,\"name\":\"In\u00edcio\",\"item\":\"https:\/\/radiolifefm.com.br\/noticias\/\"},{\"@type\":\"ListItem\",\"position\":2,\"name\":\"Decora\u00e7\u00e3o natalina em Adamantina busca aquecer com\u00e9rcio e atrair visitantes\"}]},{\"@type\":\"WebSite\",\"@id\":\"https:\/\/radiolifefm.com.br\/noticias\/#website\",\"url\":\"https:\/\/radiolifefm.com.br\/noticias\/\",\"name\":\"R\u00e1dio Life FM\",\"description\":\"O Portal de Not\u00edcias de Adamantina\",\"publisher\":{\"@id\":\"https:\/\/radiolifefm.com.br\/noticias\/#organization\"},\"alternateName\":\"Life FM\",\"potentialAction\":[{\"@type\":\"SearchAction\",\"target\":{\"@type\":\"EntryPoint\",\"urlTemplate\":\"https:\/\/radiolifefm.com.br\/noticias\/?s={search_term_string}\"},\"query-input\":{\"@type\":\"PropertyValueSpecification\",\"valueRequired\":true,\"valueName\":\"search_term_string\"}}],\"inLanguage\":\"pt-BR\"},{\"@type\":\"Organization\",\"@id\":\"https:\/\/radiolifefm.com.br\/noticias\/#organization\",\"name\":\"R\u00e1dio Life FM\",\"alternateName\":\"Life FM\",\"url\":\"https:\/\/radiolifefm.com.br\/noticias\/\",\"logo\":{\"@type\":\"ImageObject\",\"inLanguage\":\"pt-BR\",\"@id\":\"https:\/\/radiolifefm.com.br\/noticias\/#\/schema\/logo\/image\/\",\"url\":\"https:\/\/static.radiolifefm.com.br\/noticias\/wp-content\/uploads\/2019\/10\/logo-lifefm.png\",\"contentUrl\":\"https:\/\/static.radiolifefm.com.br\/noticias\/wp-content\/uploads\/2019\/10\/logo-lifefm.png\",\"width\":196,\"height\":47,\"caption\":\"R\u00e1dio Life FM\"},\"image\":{\"@id\":\"https:\/\/radiolifefm.com.br\/noticias\/#\/schema\/logo\/image\/\"},\"sameAs\":[\"https:\/\/www.facebook.com\/radiolifefm\/\",\"https:\/\/www.instagram.com\/life1079fm\/\"]},{\"@type\":\"Person\",\"@id\":\"https:\/\/radiolifefm.com.br\/noticias\/#\/schema\/person\/6876e1240feffe6e1b63fd5cb85abf28\",\"name\":\"joaograndao\",\"image\":{\"@type\":\"ImageObject\",\"inLanguage\":\"pt-BR\",\"@id\":\"https:\/\/secure.gravatar.com\/avatar\/d5b1a3cf357ed9c50404e256a1294083aa8ab5d2a994001567302786016cb32c?s=96&d=mm&r=g\",\"url\":\"https:\/\/secure.gravatar.com\/avatar\/d5b1a3cf357ed9c50404e256a1294083aa8ab5d2a994001567302786016cb32c?s=96&d=mm&r=g\",\"contentUrl\":\"https:\/\/secure.gravatar.com\/avatar\/d5b1a3cf357ed9c50404e256a1294083aa8ab5d2a994001567302786016cb32c?s=96&d=mm&r=g\",\"caption\":\"joaograndao\"}}]}<\/script>\n<!-- \/ Yoast SEO plugin. -->","yoast_head_json":{"title":"Decora\u00e7\u00e3o natalina em Adamantina busca aquecer com\u00e9rcio e atrair visitantes - R\u00e1dio Life FM","robots":{"index":"index","follow":"follow","max-snippet":"max-snippet:-1","max-image-preview":"max-image-preview:large","max-video-preview":"max-video-preview:-1"},"canonical":"https:\/\/radiolifefm.com.br\/noticias\/decoracao-natalina-em-adamantina-busca-aquecer-comercio-e-atrair-visitantes\/","og_locale":"pt_BR","og_type":"article","og_title":"Decora\u00e7\u00e3o natalina em Adamantina busca aquecer com\u00e9rcio e atrair visitantes - R\u00e1dio Life FM","og_description":"Com a chegada do fim de ano, Adamantina intensifica os preparativos para o per\u00edodo natalino, utilizando a decora\u00e7\u00e3o tem\u00e1tica como ferramenta para movimentar o com\u00e9rcio local e estimular o turismo regional. A ambienta\u00e7\u00e3o das ruas e espa\u00e7os p\u00fablicos tem se consolidado como uma a\u00e7\u00e3o estrat\u00e9gica para valorizar a cidade e atrair visitantes. O assunto foi [&hellip;]","og_url":"https:\/\/radiolifefm.com.br\/noticias\/decoracao-natalina-em-adamantina-busca-aquecer-comercio-e-atrair-visitantes\/","og_site_name":"R\u00e1dio Life FM","article_publisher":"https:\/\/www.facebook.com\/radiolifefm\/","article_published_time":"2025-10-31T18:23:18+00:00","article_modified_time":"2026-04-30T10:04:52+00:00","og_image":[{"width":1366,"height":768,"url":"https:\/\/radiolifefm.com.br\/noticias\/wp-content\/uploads\/2025\/10\/Capa-Site-78.jpg","type":"image\/jpeg"}],"author":"joaograndao","twitter_card":"summary_large_image","twitter_misc":{"Escrito por":"joaograndao","Est. tempo de leitura":"4 minutos"},"schema":{"@context":"https:\/\/schema.org","@graph":[{"@type":"Article","@id":"https:\/\/radiolifefm.com.br\/noticias\/decoracao-natalina-em-adamantina-busca-aquecer-comercio-e-atrair-visitantes\/#article","isPartOf":{"@id":"https:\/\/radiolifefm.com.br\/noticias\/decoracao-natalina-em-adamantina-busca-aquecer-comercio-e-atrair-visitantes\/"},"author":{"name":"joaograndao","@id":"https:\/\/radiolifefm.com.br\/noticias\/#\/schema\/person\/6876e1240feffe6e1b63fd5cb85abf28"},"headline":"Decora\u00e7\u00e3o natalina em Adamantina busca aquecer com\u00e9rcio e atrair visitantes","datePublished":"2025-10-31T18:23:18+00:00","dateModified":"2026-04-30T10:04:52+00:00","mainEntityOfPage":{"@id":"https:\/\/radiolifefm.com.br\/noticias\/decoracao-natalina-em-adamantina-busca-aquecer-comercio-e-atrair-visitantes\/"},"wordCount":323,"publisher":{"@id":"https:\/\/radiolifefm.com.br\/noticias\/#organization"},"image":{"@id":"https:\/\/radiolifefm.com.br\/noticias\/decoracao-natalina-em-adamantina-busca-aquecer-comercio-e-atrair-visitantes\/#primaryimage"},"thumbnailUrl":"https:\/\/radiolifefm.com.br\/noticias\/wp-content\/uploads\/2025\/10\/Capa-Site-78.jpg","articleSection":["Agora \u00e9 Que S\u00e3o Elas"],"inLanguage":"pt-BR"},{"@type":"WebPage","@id":"https:\/\/radiolifefm.com.br\/noticias\/decoracao-natalina-em-adamantina-busca-aquecer-comercio-e-atrair-visitantes\/","url":"https:\/\/radiolifefm.com.br\/noticias\/decoracao-natalina-em-adamantina-busca-aquecer-comercio-e-atrair-visitantes\/","name":"Decora\u00e7\u00e3o natalina em Adamantina busca aquecer com\u00e9rcio e atrair visitantes - R\u00e1dio Life FM","isPartOf":{"@id":"https:\/\/radiolifefm.com.br\/noticias\/#website"},"primaryImageOfPage":{"@id":"https:\/\/radiolifefm.com.br\/noticias\/decoracao-natalina-em-adamantina-busca-aquecer-comercio-e-atrair-visitantes\/#primaryimage"},"image":{"@id":"https:\/\/radiolifefm.com.br\/noticias\/decoracao-natalina-em-adamantina-busca-aquecer-comercio-e-atrair-visitantes\/#primaryimage"},"thumbnailUrl":"https:\/\/radiolifefm.com.br\/noticias\/wp-content\/uploads\/2025\/10\/Capa-Site-78.jpg","datePublished":"2025-10-31T18:23:18+00:00","dateModified":"2026-04-30T10:04:52+00:00","breadcrumb":{"@id":"https:\/\/radiolifefm.com.br\/noticias\/decoracao-natalina-em-adamantina-busca-aquecer-comercio-e-atrair-visitantes\/#breadcrumb"},"inLanguage":"pt-BR","potentialAction":[{"@type":"ReadAction","target":["https:\/\/radiolifefm.com.br\/noticias\/decoracao-natalina-em-adamantina-busca-aquecer-comercio-e-atrair-visitantes\/"]}]},{"@type":"ImageObject","inLanguage":"pt-BR","@id":"https:\/\/radiolifefm.com.br\/noticias\/decoracao-natalina-em-adamantina-busca-aquecer-comercio-e-atrair-visitantes\/#primaryimage","url":"https:\/\/radiolifefm.com.br\/noticias\/wp-content\/uploads\/2025\/10\/Capa-Site-78.jpg","contentUrl":"https:\/\/radiolifefm.com.br\/noticias\/wp-content\/uploads\/2025\/10\/Capa-Site-78.jpg","width":1366,"height":768},{"@type":"BreadcrumbList","@id":"https:\/\/radiolifefm.com.br\/noticias\/decoracao-natalina-em-adamantina-busca-aquecer-comercio-e-atrair-visitantes\/#breadcrumb","itemListElement":[{"@type":"ListItem","position":1,"name":"In\u00edcio","item":"https:\/\/radiolifefm.com.br\/noticias\/"},{"@type":"ListItem","position":2,"name":"Decora\u00e7\u00e3o natalina em Adamantina busca aquecer com\u00e9rcio e atrair visitantes"}]},{"@type":"WebSite","@id":"https:\/\/radiolifefm.com.br\/noticias\/#website","url":"https:\/\/radiolifefm.com.br\/noticias\/","name":"R\u00e1dio Life FM","description":"O Portal de Not\u00edcias de Adamantina","publisher":{"@id":"https:\/\/radiolifefm.com.br\/noticias\/#organization"},"alternateName":"Life FM","potentialAction":[{"@type":"SearchAction","target":{"@type":"EntryPoint","urlTemplate":"https:\/\/radiolifefm.com.br\/noticias\/?s={search_term_string}"},"query-input":{"@type":"PropertyValueSpecification","valueRequired":true,"valueName":"search_term_string"}}],"inLanguage":"pt-BR"},{"@type":"Organization","@id":"https:\/\/radiolifefm.com.br\/noticias\/#organization","name":"R\u00e1dio Life FM","alternateName":"Life FM","url":"https:\/\/radiolifefm.com.br\/noticias\/","logo":{"@type":"ImageObject","inLanguage":"pt-BR","@id":"https:\/\/radiolifefm.com.br\/noticias\/#\/schema\/logo\/image\/","url":"https:\/\/static.radiolifefm.com.br\/noticias\/wp-content\/uploads\/2019\/10\/logo-lifefm.png","contentUrl":"https:\/\/static.radiolifefm.com.br\/noticias\/wp-content\/uploads\/2019\/10\/logo-lifefm.png","width":196,"height":47,"caption":"R\u00e1dio Life FM"},"image":{"@id":"https:\/\/radiolifefm.com.br\/noticias\/#\/schema\/logo\/image\/"},"sameAs":["https:\/\/www.facebook.com\/radiolifefm\/","https:\/\/www.instagram.com\/life1079fm\/"]},{"@type":"Person","@id":"https:\/\/radiolifefm.com.br\/noticias\/#\/schema\/person\/6876e1240feffe6e1b63fd5cb85abf28","name":"joaograndao","image":{"@type":"ImageObject","inLanguage":"pt-BR","@id":"https:\/\/secure.gravatar.com\/avatar\/d5b1a3cf357ed9c50404e256a1294083aa8ab5d2a994001567302786016cb32c?s=96&d=mm&r=g","url":"https:\/\/secure.gravatar.com\/avatar\/d5b1a3cf357ed9c50404e256a1294083aa8ab5d2a994001567302786016cb32c?s=96&d=mm&r=g","contentUrl":"https:\/\/secure.gravatar.com\/avatar\/d5b1a3cf357ed9c50404e256a1294083aa8ab5d2a994001567302786016cb32c?s=96&d=mm&r=g","caption":"joaograndao"}}]}},"amp_enabled":true,"_links":{"self":[{"href":"https:\/\/radiolifefm.com.br\/noticias\/wp-json\/wp\/v2\/posts\/107360","targetHints":{"allow":["GET"]}}],"collection":[{"href":"https:\/\/radiolifefm.com.br\/noticias\/wp-json\/wp\/v2\/posts"}],"about":[{"href":"https:\/\/radiolifefm.com.br\/noticias\/wp-json\/wp\/v2\/types\/post"}],"author":[{"embeddable":true,"href":"https:\/\/radiolifefm.com.br\/noticias\/wp-json\/wp\/v2\/users\/8"}],"replies":[{"embeddable":true,"href":"https:\/\/radiolifefm.com.br\/noticias\/wp-json\/wp\/v2\/comments?post=107360"}],"version-history":[{"count":1,"href":"https:\/\/radiolifefm.com.br\/noticias\/wp-json\/wp\/v2\/posts\/107360\/revisions"}],"predecessor-version":[{"id":107370,"href":"https:\/\/radiolifefm.com.br\/noticias\/wp-json\/wp\/v2\/posts\/107360\/revisions\/107370"}],"wp:featuredmedia":[{"embeddable":true,"href":"https:\/\/radiolifefm.com.br\/noticias\/wp-json\/wp\/v2\/media\/107369"}],"wp:attachment":[{"href":"https:\/\/radiolifefm.com.br\/noticias\/wp-json\/wp\/v2\/media?parent=107360"}],"wp:term":[{"taxonomy":"category","embeddable":true,"href":"https:\/\/radiolifefm.com.br\/noticias\/wp-json\/wp\/v2\/categories?post=107360"},{"taxonomy":"post_tag","embeddable":true,"href":"https:\/\/radiolifefm.com.br\/noticias\/wp-json\/wp\/v2\/tags?post=107360"}],"curies":[{"name":"wp","href":"https:\/\/api.w.org\/{rel}","templated":true}]}}