{"id":106661,"date":"2025-10-17T13:54:00","date_gmt":"2025-10-17T16:54:00","guid":{"rendered":"https:\/\/radiolifefm.com.br\/noticias\/?p=106661"},"modified":"2026-04-19T03:15:48","modified_gmt":"2026-04-19T06:15:48","slug":"amanda-mosconi-emociona-no-podcast-agora-e-que-sao-elas-ao-compartilhar-trajetoria-inspiradora-no-mundo-da-moda","status":"publish","type":"post","link":"https:\/\/radiolifefm.com.br\/noticias\/amanda-mosconi-emociona-no-podcast-agora-e-que-sao-elas-ao-compartilhar-trajetoria-inspiradora-no-mundo-da-moda\/","title":{"rendered":"Amanda Mosconi emociona no podcast \u201cAgora \u00e9 que s\u00e3o elas\u201d ao compartilhar trajet\u00f3ria inspiradora no mundo da moda"},"content":{"rendered":"<div id=\"fb-root\"><\/div>\n<p>No epis\u00f3dio especial do programa \u201cAgora \u00e9 que s\u00e3o elas\u201d, transmitido pela Life FM no dia 16 de outubro, a modelo Amanda Mosconi foi a convidada de honra em uma conversa conduzida pela jornalista Lucia Prado e pela influenciadora Fabiana Esteves. Com carisma e autenticidade, Amanda abriu o cora\u00e7\u00e3o e compartilhou momentos marcantes de sua trajet\u00f3ria profissional, desde os primeiros passos at\u00e9 sua consolida\u00e7\u00e3o internacional como modelo.<\/p>\n<div class='flex flex-wrap items-center -mx-1'>\r\n<a class='thumbnail gallery p-1 w-1\/2 md:w-1\/4' href='https:\/\/radiolifefm.com.br\/noticias\/wp-content\/uploads\/2025\/10\/WhatsApp-Image-2025-10-17-at-13.41.36-1.jpeg'><img class='border border-white' src='https:\/\/radiolifefm.com.br\/noticias\/wp-content\/uploads\/2025\/10\/WhatsApp-Image-2025-10-17-at-13.41.36-1-200x200.jpeg' alt='WhatsApp Image 2025 10 17 At 13.41.36 (1)' \/><\/a><a class='thumbnail gallery p-1 w-1\/2 md:w-1\/4' href='https:\/\/radiolifefm.com.br\/noticias\/wp-content\/uploads\/2025\/10\/WhatsApp-Image-2025-10-17-at-13.41.36-2.jpeg'><img class='border border-white' src='https:\/\/radiolifefm.com.br\/noticias\/wp-content\/uploads\/2025\/10\/WhatsApp-Image-2025-10-17-at-13.41.36-2-200x200.jpeg' alt='WhatsApp Image 2025 10 17 At 13.41.36 (2)' \/><\/a><a class='thumbnail gallery p-1 w-1\/2 md:w-1\/4' href='https:\/\/radiolifefm.com.br\/noticias\/wp-content\/uploads\/2025\/10\/WhatsApp-Image-2025-10-17-at-13.41.37.jpeg'><img class='border border-white' src='https:\/\/radiolifefm.com.br\/noticias\/wp-content\/uploads\/2025\/10\/WhatsApp-Image-2025-10-17-at-13.41.37-200x200.jpeg' alt='WhatsApp Image 2025 10 17 At 13.41.37' \/><\/a><a class='thumbnail gallery p-1 w-1\/2 md:w-1\/4' href='https:\/\/radiolifefm.com.br\/noticias\/wp-content\/uploads\/2025\/10\/WhatsApp-Image-2025-10-17-at-13.41.37-2.jpeg'><img class='border border-white' src='https:\/\/radiolifefm.com.br\/noticias\/wp-content\/uploads\/2025\/10\/WhatsApp-Image-2025-10-17-at-13.41.37-2-200x200.jpeg' alt='WhatsApp Image 2025 10 17 At 13.41.37 (2)' \/><\/a><\/div>\n<p>Natural de S\u00e3o Paulo e criada em Adamantina desde os quatro anos de idade, Amanda revelou que o desejo de ser modelo nasceu ainda na inf\u00e2ncia. \u201cEra um sonho de crian\u00e7a que nunca me abandonou\u201d, contou. Sua primeira experi\u00eancia profissional, segundo ela, foi um divisor de \u00e1guas: \u201cFoi quando percebi que n\u00e3o era apenas sobre beleza, mas sobre disciplina, entrega e resili\u00eancia.\u201d<\/p>\n<div class='flex flex-wrap items-center -mx-1'>\r\n<a class='thumbnail gallery p-1 w-1\/2 md:w-1\/4' href='https:\/\/radiolifefm.com.br\/noticias\/wp-content\/uploads\/2025\/10\/WhatsApp-Image-2025-10-17-at-13.41.39-1.jpeg'><img class='border border-white' src='https:\/\/radiolifefm.com.br\/noticias\/wp-content\/uploads\/2025\/10\/WhatsApp-Image-2025-10-17-at-13.41.39-1-200x200.jpeg' alt='WhatsApp Image 2025 10 17 At 13.41.39 (1)' \/><\/a><a class='thumbnail gallery p-1 w-1\/2 md:w-1\/4' href='https:\/\/radiolifefm.com.br\/noticias\/wp-content\/uploads\/2025\/10\/WhatsApp-Image-2025-10-17-at-13.41.40.jpeg'><img class='border border-white' src='https:\/\/radiolifefm.com.br\/noticias\/wp-content\/uploads\/2025\/10\/WhatsApp-Image-2025-10-17-at-13.41.40-200x200.jpeg' alt='WhatsApp Image 2025 10 17 At 13.41.40' \/><\/a><a class='thumbnail gallery p-1 w-1\/2 md:w-1\/4' href='https:\/\/radiolifefm.com.br\/noticias\/wp-content\/uploads\/2025\/10\/WhatsApp-Image-2025-10-17-at-13.41.39-2.jpeg'><img class='border border-white' src='https:\/\/radiolifefm.com.br\/noticias\/wp-content\/uploads\/2025\/10\/WhatsApp-Image-2025-10-17-at-13.41.39-2-200x200.jpeg' alt='WhatsApp Image 2025 10 17 At 13.41.39 (2)' \/><\/a><a class='thumbnail gallery p-1 w-1\/2 md:w-1\/4' href='https:\/\/radiolifefm.com.br\/noticias\/wp-content\/uploads\/2025\/10\/WhatsApp-Image-2025-10-17-at-13.41.41-1.jpeg'><img class='border border-white' src='https:\/\/radiolifefm.com.br\/noticias\/wp-content\/uploads\/2025\/10\/WhatsApp-Image-2025-10-17-at-13.41.41-1-200x200.jpeg' alt='WhatsApp Image 2025 10 17 At 13.41.41 (1)' \/><\/a><\/div>\n<p>Durante o bate-papo, Amanda detalhou os desafios enfrentados ao longo da carreira, incluindo os altos e baixos emocionais, as exig\u00eancias do mercado e os momentos de arrependimento. \u201cNem tudo s\u00e3o flores. J\u00e1 tive fases em que pensei em desistir, mas foi justamente nesses momentos que mais cresci\u201d, afirmou.<\/p>\n<div class='flex flex-wrap items-center -mx-1'>\r\n<a class='thumbnail gallery p-1 w-1\/2 md:w-1\/4' href='https:\/\/radiolifefm.com.br\/noticias\/wp-content\/uploads\/2025\/10\/WhatsApp-Image-2025-10-17-at-13.41.38-4.jpeg'><img class='border border-white' src='https:\/\/radiolifefm.com.br\/noticias\/wp-content\/uploads\/2025\/10\/WhatsApp-Image-2025-10-17-at-13.41.38-4-200x200.jpeg' alt='WhatsApp Image 2025 10 17 At 13.41.38 (4)' \/><\/a><a class='thumbnail gallery p-1 w-1\/2 md:w-1\/4' href='https:\/\/radiolifefm.com.br\/noticias\/wp-content\/uploads\/2025\/10\/WhatsApp-Image-2025-10-17-at-13.41.41-3.jpeg'><img class='border border-white' src='https:\/\/radiolifefm.com.br\/noticias\/wp-content\/uploads\/2025\/10\/WhatsApp-Image-2025-10-17-at-13.41.41-3-200x200.jpeg' alt='WhatsApp Image 2025 10 17 At 13.41.41 (3)' \/><\/a><a class='thumbnail gallery p-1 w-1\/2 md:w-1\/4' href='https:\/\/radiolifefm.com.br\/noticias\/wp-content\/uploads\/2025\/10\/WhatsApp-Image-2025-10-17-at-13.41.43-2.jpeg'><img class='border border-white' src='https:\/\/radiolifefm.com.br\/noticias\/wp-content\/uploads\/2025\/10\/WhatsApp-Image-2025-10-17-at-13.41.43-2-200x200.jpeg' alt='WhatsApp Image 2025 10 17 At 13.41.43 (2)' \/><\/a><a class='thumbnail gallery p-1 w-1\/2 md:w-1\/4' href='https:\/\/radiolifefm.com.br\/noticias\/wp-content\/uploads\/2025\/10\/WhatsApp-Image-2025-10-17-at-13.41.43.jpeg'><img class='border border-white' src='https:\/\/radiolifefm.com.br\/noticias\/wp-content\/uploads\/2025\/10\/WhatsApp-Image-2025-10-17-at-13.41.43-200x200.jpeg' alt='WhatsApp Image 2025 10 17 At 13.41.43' \/><\/a><\/div>\n<p>A modelo tamb\u00e9m destacou a import\u00e2ncia dos estudos como diferencial competitivo. Ela investiu em cursos de comunica\u00e7\u00e3o, idiomas e comportamento profissional, refor\u00e7ando que conhecimento agrega valor \u00e0 imagem e \u00e0 postura no mercado da moda.<\/p>\n<p>Encerrando sua participa\u00e7\u00e3o com eleg\u00e2ncia e emo\u00e7\u00e3o, Amanda deixou uma mensagem em italiano para as meninas que sonham em seguir seus passos: \u201cCredi in te stessa, lavora con passione e non smettere mai di sognare.\u201d (\u201cAcredite em si mesma, trabalhe com paix\u00e3o e nunca pare de sonhar.\u201d)<\/p>\n<p>Para conferir a entrevista completa, acesse o epis\u00f3dio no canal da Life FM.<\/p>\n<p><iframe loading=\"lazy\" title=\"16\/10\/2025 Agora \u00e9 Que S\u00e3o Elas, recebe: \u2728 Amanda Mosconi  -  Modelo\" width=\"500\" height=\"281\" src=\"https:\/\/www.youtube.com\/embed\/UuF9GKOjU6U?feature=oembed\" frameborder=\"0\" allow=\"accelerometer; autoplay; clipboard-write; encrypted-media; gyroscope; picture-in-picture; web-share\" referrerpolicy=\"strict-origin-when-cross-origin\" allowfullscreen><\/iframe><\/p>\n","protected":false},"excerpt":{"rendered":"<p>No epis\u00f3dio especial do programa \u201cAgora \u00e9 que s\u00e3o elas\u201d, transmitido pela Life FM no dia 16 de outubro, a modelo Amanda Mosconi foi a convidada de honra em uma conversa conduzida pela jornalista Lucia Prado e pela influenciadora Fabiana Esteves. Com carisma e autenticidade, Amanda abriu o cora\u00e7\u00e3o e compartilhou momentos marcantes de sua [&hellip;]<\/p>\n","protected":false},"author":8,"featured_media":106703,"comment_status":"closed","ping_status":"open","sticky":false,"template":"","format":"standard","meta":{"_acf_changed":false,"_exactmetrics_skip_tracking":false,"_exactmetrics_sitenote_active":false,"_exactmetrics_sitenote_note":"","_exactmetrics_sitenote_category":0,"footnotes":""},"categories":[21,70],"tags":[],"class_list":["post-106661","post","type-post","status-publish","format-standard","has-post-thumbnail","hentry","category-adamantina","category-agora-e-que-sao-elas"],"acf":[],"yoast_head":"<!-- This site is optimized with the Yoast SEO plugin v27.2 - https:\/\/yoast.com\/product\/yoast-seo-wordpress\/ -->\n<title>Amanda Mosconi emociona no podcast \u201cAgora \u00e9 que s\u00e3o elas\u201d ao compartilhar trajet\u00f3ria inspiradora no mundo da moda - R\u00e1dio Life FM<\/title>\n<meta name=\"robots\" content=\"index, follow, max-snippet:-1, max-image-preview:large, max-video-preview:-1\" \/>\n<link rel=\"canonical\" href=\"https:\/\/radiolifefm.com.br\/noticias\/amanda-mosconi-emociona-no-podcast-agora-e-que-sao-elas-ao-compartilhar-trajetoria-inspiradora-no-mundo-da-moda\/\" \/>\n<meta property=\"og:locale\" content=\"pt_BR\" \/>\n<meta property=\"og:type\" content=\"article\" \/>\n<meta property=\"og:title\" content=\"Amanda Mosconi emociona no podcast \u201cAgora \u00e9 que s\u00e3o elas\u201d ao compartilhar trajet\u00f3ria inspiradora no mundo da moda - R\u00e1dio Life FM\" \/>\n<meta property=\"og:description\" content=\"No epis\u00f3dio especial do programa \u201cAgora \u00e9 que s\u00e3o elas\u201d, transmitido pela Life FM no dia 16 de outubro, a modelo Amanda Mosconi foi a convidada de honra em uma conversa conduzida pela jornalista Lucia Prado e pela influenciadora Fabiana Esteves. Com carisma e autenticidade, Amanda abriu o cora\u00e7\u00e3o e compartilhou momentos marcantes de sua [&hellip;]\" \/>\n<meta property=\"og:url\" content=\"https:\/\/radiolifefm.com.br\/noticias\/amanda-mosconi-emociona-no-podcast-agora-e-que-sao-elas-ao-compartilhar-trajetoria-inspiradora-no-mundo-da-moda\/\" \/>\n<meta property=\"og:site_name\" content=\"R\u00e1dio Life FM\" \/>\n<meta property=\"article:publisher\" content=\"https:\/\/www.facebook.com\/radiolifefm\/\" \/>\n<meta property=\"article:published_time\" content=\"2025-10-17T16:54:00+00:00\" \/>\n<meta property=\"article:modified_time\" content=\"2026-04-19T06:15:48+00:00\" \/>\n<meta property=\"og:image\" content=\"https:\/\/radiolifefm.com.br\/noticias\/wp-content\/uploads\/2025\/10\/WhatsApp-Image-2025-10-17-at-13.55.45.jpeg\" \/>\n\t<meta property=\"og:image:width\" content=\"1183\" \/>\n\t<meta property=\"og:image:height\" content=\"1200\" \/>\n\t<meta property=\"og:image:type\" content=\"image\/jpeg\" \/>\n<meta name=\"author\" content=\"joaograndao\" \/>\n<meta name=\"twitter:card\" content=\"summary_large_image\" \/>\n<meta name=\"twitter:label1\" content=\"Escrito por\" \/>\n\t<meta name=\"twitter:data1\" content=\"joaograndao\" \/>\n\t<meta name=\"twitter:label2\" content=\"Est. tempo de leitura\" \/>\n\t<meta name=\"twitter:data2\" content=\"2 minutos\" \/>\n<script type=\"application\/ld+json\" class=\"yoast-schema-graph\">{\"@context\":\"https:\/\/schema.org\",\"@graph\":[{\"@type\":\"Article\",\"@id\":\"https:\/\/radiolifefm.com.br\/noticias\/amanda-mosconi-emociona-no-podcast-agora-e-que-sao-elas-ao-compartilhar-trajetoria-inspiradora-no-mundo-da-moda\/#article\",\"isPartOf\":{\"@id\":\"https:\/\/radiolifefm.com.br\/noticias\/amanda-mosconi-emociona-no-podcast-agora-e-que-sao-elas-ao-compartilhar-trajetoria-inspiradora-no-mundo-da-moda\/\"},\"author\":{\"name\":\"joaograndao\",\"@id\":\"https:\/\/radiolifefm.com.br\/noticias\/#\/schema\/person\/6876e1240feffe6e1b63fd5cb85abf28\"},\"headline\":\"Amanda Mosconi emociona no podcast \u201cAgora \u00e9 que s\u00e3o elas\u201d ao compartilhar trajet\u00f3ria inspiradora no mundo da moda\",\"datePublished\":\"2025-10-17T16:54:00+00:00\",\"dateModified\":\"2026-04-19T06:15:48+00:00\",\"mainEntityOfPage\":{\"@id\":\"https:\/\/radiolifefm.com.br\/noticias\/amanda-mosconi-emociona-no-podcast-agora-e-que-sao-elas-ao-compartilhar-trajetoria-inspiradora-no-mundo-da-moda\/\"},\"wordCount\":330,\"publisher\":{\"@id\":\"https:\/\/radiolifefm.com.br\/noticias\/#organization\"},\"image\":{\"@id\":\"https:\/\/radiolifefm.com.br\/noticias\/amanda-mosconi-emociona-no-podcast-agora-e-que-sao-elas-ao-compartilhar-trajetoria-inspiradora-no-mundo-da-moda\/#primaryimage\"},\"thumbnailUrl\":\"https:\/\/radiolifefm.com.br\/noticias\/wp-content\/uploads\/2025\/10\/WhatsApp-Image-2025-10-17-at-13.55.45.jpeg\",\"articleSection\":[\"Adamantina\",\"Agora \u00e9 Que S\u00e3o Elas\"],\"inLanguage\":\"pt-BR\"},{\"@type\":\"WebPage\",\"@id\":\"https:\/\/radiolifefm.com.br\/noticias\/amanda-mosconi-emociona-no-podcast-agora-e-que-sao-elas-ao-compartilhar-trajetoria-inspiradora-no-mundo-da-moda\/\",\"url\":\"https:\/\/radiolifefm.com.br\/noticias\/amanda-mosconi-emociona-no-podcast-agora-e-que-sao-elas-ao-compartilhar-trajetoria-inspiradora-no-mundo-da-moda\/\",\"name\":\"Amanda Mosconi emociona no podcast \u201cAgora \u00e9 que s\u00e3o elas\u201d ao compartilhar trajet\u00f3ria inspiradora no mundo da moda - R\u00e1dio Life FM\",\"isPartOf\":{\"@id\":\"https:\/\/radiolifefm.com.br\/noticias\/#website\"},\"primaryImageOfPage\":{\"@id\":\"https:\/\/radiolifefm.com.br\/noticias\/amanda-mosconi-emociona-no-podcast-agora-e-que-sao-elas-ao-compartilhar-trajetoria-inspiradora-no-mundo-da-moda\/#primaryimage\"},\"image\":{\"@id\":\"https:\/\/radiolifefm.com.br\/noticias\/amanda-mosconi-emociona-no-podcast-agora-e-que-sao-elas-ao-compartilhar-trajetoria-inspiradora-no-mundo-da-moda\/#primaryimage\"},\"thumbnailUrl\":\"https:\/\/radiolifefm.com.br\/noticias\/wp-content\/uploads\/2025\/10\/WhatsApp-Image-2025-10-17-at-13.55.45.jpeg\",\"datePublished\":\"2025-10-17T16:54:00+00:00\",\"dateModified\":\"2026-04-19T06:15:48+00:00\",\"breadcrumb\":{\"@id\":\"https:\/\/radiolifefm.com.br\/noticias\/amanda-mosconi-emociona-no-podcast-agora-e-que-sao-elas-ao-compartilhar-trajetoria-inspiradora-no-mundo-da-moda\/#breadcrumb\"},\"inLanguage\":\"pt-BR\",\"potentialAction\":[{\"@type\":\"ReadAction\",\"target\":[\"https:\/\/radiolifefm.com.br\/noticias\/amanda-mosconi-emociona-no-podcast-agora-e-que-sao-elas-ao-compartilhar-trajetoria-inspiradora-no-mundo-da-moda\/\"]}]},{\"@type\":\"ImageObject\",\"inLanguage\":\"pt-BR\",\"@id\":\"https:\/\/radiolifefm.com.br\/noticias\/amanda-mosconi-emociona-no-podcast-agora-e-que-sao-elas-ao-compartilhar-trajetoria-inspiradora-no-mundo-da-moda\/#primaryimage\",\"url\":\"https:\/\/radiolifefm.com.br\/noticias\/wp-content\/uploads\/2025\/10\/WhatsApp-Image-2025-10-17-at-13.55.45.jpeg\",\"contentUrl\":\"https:\/\/radiolifefm.com.br\/noticias\/wp-content\/uploads\/2025\/10\/WhatsApp-Image-2025-10-17-at-13.55.45.jpeg\",\"width\":1183,\"height\":1200},{\"@type\":\"BreadcrumbList\",\"@id\":\"https:\/\/radiolifefm.com.br\/noticias\/amanda-mosconi-emociona-no-podcast-agora-e-que-sao-elas-ao-compartilhar-trajetoria-inspiradora-no-mundo-da-moda\/#breadcrumb\",\"itemListElement\":[{\"@type\":\"ListItem\",\"position\":1,\"name\":\"In\u00edcio\",\"item\":\"https:\/\/radiolifefm.com.br\/noticias\/\"},{\"@type\":\"ListItem\",\"position\":2,\"name\":\"Amanda Mosconi emociona no podcast \u201cAgora \u00e9 que s\u00e3o elas\u201d ao compartilhar trajet\u00f3ria inspiradora no mundo da moda\"}]},{\"@type\":\"WebSite\",\"@id\":\"https:\/\/radiolifefm.com.br\/noticias\/#website\",\"url\":\"https:\/\/radiolifefm.com.br\/noticias\/\",\"name\":\"R\u00e1dio Life FM\",\"description\":\"O Portal de Not\u00edcias de Adamantina\",\"publisher\":{\"@id\":\"https:\/\/radiolifefm.com.br\/noticias\/#organization\"},\"alternateName\":\"Life FM\",\"potentialAction\":[{\"@type\":\"SearchAction\",\"target\":{\"@type\":\"EntryPoint\",\"urlTemplate\":\"https:\/\/radiolifefm.com.br\/noticias\/?s={search_term_string}\"},\"query-input\":{\"@type\":\"PropertyValueSpecification\",\"valueRequired\":true,\"valueName\":\"search_term_string\"}}],\"inLanguage\":\"pt-BR\"},{\"@type\":\"Organization\",\"@id\":\"https:\/\/radiolifefm.com.br\/noticias\/#organization\",\"name\":\"R\u00e1dio Life FM\",\"alternateName\":\"Life FM\",\"url\":\"https:\/\/radiolifefm.com.br\/noticias\/\",\"logo\":{\"@type\":\"ImageObject\",\"inLanguage\":\"pt-BR\",\"@id\":\"https:\/\/radiolifefm.com.br\/noticias\/#\/schema\/logo\/image\/\",\"url\":\"https:\/\/static.radiolifefm.com.br\/noticias\/wp-content\/uploads\/2019\/10\/logo-lifefm.png\",\"contentUrl\":\"https:\/\/static.radiolifefm.com.br\/noticias\/wp-content\/uploads\/2019\/10\/logo-lifefm.png\",\"width\":196,\"height\":47,\"caption\":\"R\u00e1dio Life FM\"},\"image\":{\"@id\":\"https:\/\/radiolifefm.com.br\/noticias\/#\/schema\/logo\/image\/\"},\"sameAs\":[\"https:\/\/www.facebook.com\/radiolifefm\/\",\"https:\/\/www.instagram.com\/life1079fm\/\"]},{\"@type\":\"Person\",\"@id\":\"https:\/\/radiolifefm.com.br\/noticias\/#\/schema\/person\/6876e1240feffe6e1b63fd5cb85abf28\",\"name\":\"joaograndao\",\"image\":{\"@type\":\"ImageObject\",\"inLanguage\":\"pt-BR\",\"@id\":\"https:\/\/secure.gravatar.com\/avatar\/d5b1a3cf357ed9c50404e256a1294083aa8ab5d2a994001567302786016cb32c?s=96&d=mm&r=g\",\"url\":\"https:\/\/secure.gravatar.com\/avatar\/d5b1a3cf357ed9c50404e256a1294083aa8ab5d2a994001567302786016cb32c?s=96&d=mm&r=g\",\"contentUrl\":\"https:\/\/secure.gravatar.com\/avatar\/d5b1a3cf357ed9c50404e256a1294083aa8ab5d2a994001567302786016cb32c?s=96&d=mm&r=g\",\"caption\":\"joaograndao\"}}]}<\/script>\n<!-- \/ Yoast SEO plugin. -->","yoast_head_json":{"title":"Amanda Mosconi emociona no podcast \u201cAgora \u00e9 que s\u00e3o elas\u201d ao compartilhar trajet\u00f3ria inspiradora no mundo da moda - R\u00e1dio Life FM","robots":{"index":"index","follow":"follow","max-snippet":"max-snippet:-1","max-image-preview":"max-image-preview:large","max-video-preview":"max-video-preview:-1"},"canonical":"https:\/\/radiolifefm.com.br\/noticias\/amanda-mosconi-emociona-no-podcast-agora-e-que-sao-elas-ao-compartilhar-trajetoria-inspiradora-no-mundo-da-moda\/","og_locale":"pt_BR","og_type":"article","og_title":"Amanda Mosconi emociona no podcast \u201cAgora \u00e9 que s\u00e3o elas\u201d ao compartilhar trajet\u00f3ria inspiradora no mundo da moda - R\u00e1dio Life FM","og_description":"No epis\u00f3dio especial do programa \u201cAgora \u00e9 que s\u00e3o elas\u201d, transmitido pela Life FM no dia 16 de outubro, a modelo Amanda Mosconi foi a convidada de honra em uma conversa conduzida pela jornalista Lucia Prado e pela influenciadora Fabiana Esteves. Com carisma e autenticidade, Amanda abriu o cora\u00e7\u00e3o e compartilhou momentos marcantes de sua [&hellip;]","og_url":"https:\/\/radiolifefm.com.br\/noticias\/amanda-mosconi-emociona-no-podcast-agora-e-que-sao-elas-ao-compartilhar-trajetoria-inspiradora-no-mundo-da-moda\/","og_site_name":"R\u00e1dio Life FM","article_publisher":"https:\/\/www.facebook.com\/radiolifefm\/","article_published_time":"2025-10-17T16:54:00+00:00","article_modified_time":"2026-04-19T06:15:48+00:00","og_image":[{"width":1183,"height":1200,"url":"https:\/\/radiolifefm.com.br\/noticias\/wp-content\/uploads\/2025\/10\/WhatsApp-Image-2025-10-17-at-13.55.45.jpeg","type":"image\/jpeg"}],"author":"joaograndao","twitter_card":"summary_large_image","twitter_misc":{"Escrito por":"joaograndao","Est. tempo de leitura":"2 minutos"},"schema":{"@context":"https:\/\/schema.org","@graph":[{"@type":"Article","@id":"https:\/\/radiolifefm.com.br\/noticias\/amanda-mosconi-emociona-no-podcast-agora-e-que-sao-elas-ao-compartilhar-trajetoria-inspiradora-no-mundo-da-moda\/#article","isPartOf":{"@id":"https:\/\/radiolifefm.com.br\/noticias\/amanda-mosconi-emociona-no-podcast-agora-e-que-sao-elas-ao-compartilhar-trajetoria-inspiradora-no-mundo-da-moda\/"},"author":{"name":"joaograndao","@id":"https:\/\/radiolifefm.com.br\/noticias\/#\/schema\/person\/6876e1240feffe6e1b63fd5cb85abf28"},"headline":"Amanda Mosconi emociona no podcast \u201cAgora \u00e9 que s\u00e3o elas\u201d ao compartilhar trajet\u00f3ria inspiradora no mundo da moda","datePublished":"2025-10-17T16:54:00+00:00","dateModified":"2026-04-19T06:15:48+00:00","mainEntityOfPage":{"@id":"https:\/\/radiolifefm.com.br\/noticias\/amanda-mosconi-emociona-no-podcast-agora-e-que-sao-elas-ao-compartilhar-trajetoria-inspiradora-no-mundo-da-moda\/"},"wordCount":330,"publisher":{"@id":"https:\/\/radiolifefm.com.br\/noticias\/#organization"},"image":{"@id":"https:\/\/radiolifefm.com.br\/noticias\/amanda-mosconi-emociona-no-podcast-agora-e-que-sao-elas-ao-compartilhar-trajetoria-inspiradora-no-mundo-da-moda\/#primaryimage"},"thumbnailUrl":"https:\/\/radiolifefm.com.br\/noticias\/wp-content\/uploads\/2025\/10\/WhatsApp-Image-2025-10-17-at-13.55.45.jpeg","articleSection":["Adamantina","Agora \u00e9 Que S\u00e3o Elas"],"inLanguage":"pt-BR"},{"@type":"WebPage","@id":"https:\/\/radiolifefm.com.br\/noticias\/amanda-mosconi-emociona-no-podcast-agora-e-que-sao-elas-ao-compartilhar-trajetoria-inspiradora-no-mundo-da-moda\/","url":"https:\/\/radiolifefm.com.br\/noticias\/amanda-mosconi-emociona-no-podcast-agora-e-que-sao-elas-ao-compartilhar-trajetoria-inspiradora-no-mundo-da-moda\/","name":"Amanda Mosconi emociona no podcast \u201cAgora \u00e9 que s\u00e3o elas\u201d ao compartilhar trajet\u00f3ria inspiradora no mundo da moda - R\u00e1dio Life FM","isPartOf":{"@id":"https:\/\/radiolifefm.com.br\/noticias\/#website"},"primaryImageOfPage":{"@id":"https:\/\/radiolifefm.com.br\/noticias\/amanda-mosconi-emociona-no-podcast-agora-e-que-sao-elas-ao-compartilhar-trajetoria-inspiradora-no-mundo-da-moda\/#primaryimage"},"image":{"@id":"https:\/\/radiolifefm.com.br\/noticias\/amanda-mosconi-emociona-no-podcast-agora-e-que-sao-elas-ao-compartilhar-trajetoria-inspiradora-no-mundo-da-moda\/#primaryimage"},"thumbnailUrl":"https:\/\/radiolifefm.com.br\/noticias\/wp-content\/uploads\/2025\/10\/WhatsApp-Image-2025-10-17-at-13.55.45.jpeg","datePublished":"2025-10-17T16:54:00+00:00","dateModified":"2026-04-19T06:15:48+00:00","breadcrumb":{"@id":"https:\/\/radiolifefm.com.br\/noticias\/amanda-mosconi-emociona-no-podcast-agora-e-que-sao-elas-ao-compartilhar-trajetoria-inspiradora-no-mundo-da-moda\/#breadcrumb"},"inLanguage":"pt-BR","potentialAction":[{"@type":"ReadAction","target":["https:\/\/radiolifefm.com.br\/noticias\/amanda-mosconi-emociona-no-podcast-agora-e-que-sao-elas-ao-compartilhar-trajetoria-inspiradora-no-mundo-da-moda\/"]}]},{"@type":"ImageObject","inLanguage":"pt-BR","@id":"https:\/\/radiolifefm.com.br\/noticias\/amanda-mosconi-emociona-no-podcast-agora-e-que-sao-elas-ao-compartilhar-trajetoria-inspiradora-no-mundo-da-moda\/#primaryimage","url":"https:\/\/radiolifefm.com.br\/noticias\/wp-content\/uploads\/2025\/10\/WhatsApp-Image-2025-10-17-at-13.55.45.jpeg","contentUrl":"https:\/\/radiolifefm.com.br\/noticias\/wp-content\/uploads\/2025\/10\/WhatsApp-Image-2025-10-17-at-13.55.45.jpeg","width":1183,"height":1200},{"@type":"BreadcrumbList","@id":"https:\/\/radiolifefm.com.br\/noticias\/amanda-mosconi-emociona-no-podcast-agora-e-que-sao-elas-ao-compartilhar-trajetoria-inspiradora-no-mundo-da-moda\/#breadcrumb","itemListElement":[{"@type":"ListItem","position":1,"name":"In\u00edcio","item":"https:\/\/radiolifefm.com.br\/noticias\/"},{"@type":"ListItem","position":2,"name":"Amanda Mosconi emociona no podcast \u201cAgora \u00e9 que s\u00e3o elas\u201d ao compartilhar trajet\u00f3ria inspiradora no mundo da moda"}]},{"@type":"WebSite","@id":"https:\/\/radiolifefm.com.br\/noticias\/#website","url":"https:\/\/radiolifefm.com.br\/noticias\/","name":"R\u00e1dio Life FM","description":"O Portal de Not\u00edcias de Adamantina","publisher":{"@id":"https:\/\/radiolifefm.com.br\/noticias\/#organization"},"alternateName":"Life FM","potentialAction":[{"@type":"SearchAction","target":{"@type":"EntryPoint","urlTemplate":"https:\/\/radiolifefm.com.br\/noticias\/?s={search_term_string}"},"query-input":{"@type":"PropertyValueSpecification","valueRequired":true,"valueName":"search_term_string"}}],"inLanguage":"pt-BR"},{"@type":"Organization","@id":"https:\/\/radiolifefm.com.br\/noticias\/#organization","name":"R\u00e1dio Life FM","alternateName":"Life FM","url":"https:\/\/radiolifefm.com.br\/noticias\/","logo":{"@type":"ImageObject","inLanguage":"pt-BR","@id":"https:\/\/radiolifefm.com.br\/noticias\/#\/schema\/logo\/image\/","url":"https:\/\/static.radiolifefm.com.br\/noticias\/wp-content\/uploads\/2019\/10\/logo-lifefm.png","contentUrl":"https:\/\/static.radiolifefm.com.br\/noticias\/wp-content\/uploads\/2019\/10\/logo-lifefm.png","width":196,"height":47,"caption":"R\u00e1dio Life FM"},"image":{"@id":"https:\/\/radiolifefm.com.br\/noticias\/#\/schema\/logo\/image\/"},"sameAs":["https:\/\/www.facebook.com\/radiolifefm\/","https:\/\/www.instagram.com\/life1079fm\/"]},{"@type":"Person","@id":"https:\/\/radiolifefm.com.br\/noticias\/#\/schema\/person\/6876e1240feffe6e1b63fd5cb85abf28","name":"joaograndao","image":{"@type":"ImageObject","inLanguage":"pt-BR","@id":"https:\/\/secure.gravatar.com\/avatar\/d5b1a3cf357ed9c50404e256a1294083aa8ab5d2a994001567302786016cb32c?s=96&d=mm&r=g","url":"https:\/\/secure.gravatar.com\/avatar\/d5b1a3cf357ed9c50404e256a1294083aa8ab5d2a994001567302786016cb32c?s=96&d=mm&r=g","contentUrl":"https:\/\/secure.gravatar.com\/avatar\/d5b1a3cf357ed9c50404e256a1294083aa8ab5d2a994001567302786016cb32c?s=96&d=mm&r=g","caption":"joaograndao"}}]}},"amp_enabled":true,"_links":{"self":[{"href":"https:\/\/radiolifefm.com.br\/noticias\/wp-json\/wp\/v2\/posts\/106661","targetHints":{"allow":["GET"]}}],"collection":[{"href":"https:\/\/radiolifefm.com.br\/noticias\/wp-json\/wp\/v2\/posts"}],"about":[{"href":"https:\/\/radiolifefm.com.br\/noticias\/wp-json\/wp\/v2\/types\/post"}],"author":[{"embeddable":true,"href":"https:\/\/radiolifefm.com.br\/noticias\/wp-json\/wp\/v2\/users\/8"}],"replies":[{"embeddable":true,"href":"https:\/\/radiolifefm.com.br\/noticias\/wp-json\/wp\/v2\/comments?post=106661"}],"version-history":[{"count":1,"href":"https:\/\/radiolifefm.com.br\/noticias\/wp-json\/wp\/v2\/posts\/106661\/revisions"}],"predecessor-version":[{"id":106702,"href":"https:\/\/radiolifefm.com.br\/noticias\/wp-json\/wp\/v2\/posts\/106661\/revisions\/106702"}],"wp:featuredmedia":[{"embeddable":true,"href":"https:\/\/radiolifefm.com.br\/noticias\/wp-json\/wp\/v2\/media\/106703"}],"wp:attachment":[{"href":"https:\/\/radiolifefm.com.br\/noticias\/wp-json\/wp\/v2\/media?parent=106661"}],"wp:term":[{"taxonomy":"category","embeddable":true,"href":"https:\/\/radiolifefm.com.br\/noticias\/wp-json\/wp\/v2\/categories?post=106661"},{"taxonomy":"post_tag","embeddable":true,"href":"https:\/\/radiolifefm.com.br\/noticias\/wp-json\/wp\/v2\/tags?post=106661"}],"curies":[{"name":"wp","href":"https:\/\/api.w.org\/{rel}","templated":true}]}}