{"id":106537,"date":"2025-10-16T15:02:21","date_gmt":"2025-10-16T18:02:21","guid":{"rendered":"https:\/\/radiolifefm.com.br\/noticias\/?p=106537"},"modified":"2026-04-10T09:32:18","modified_gmt":"2026-04-10T12:32:18","slug":"adamantina-da-um-passo-firme-para-proteger-seu-futuro-a-saude-comeca-com-prevencao","status":"publish","type":"post","link":"https:\/\/radiolifefm.com.br\/noticias\/adamantina-da-um-passo-firme-para-proteger-seu-futuro-a-saude-comeca-com-prevencao\/","title":{"rendered":"Adamantina d\u00e1 um passo firme para proteger seu futuro, a sa\u00fade come\u00e7a com preven\u00e7\u00e3o."},"content":{"rendered":"<div id=\"fb-root\"><\/div>\n<p>&nbsp;<\/p>\n<p>Neste s\u00e1bado, 18 de outubro, Adamantina realiza o Dia D de atualiza\u00e7\u00e3o do esquema vacinal, uma mobiliza\u00e7\u00e3o essencial para garantir que crian\u00e7as e adolescentes menores de 15 anos estejam com todas as vacinas em dia. A a\u00e7\u00e3o acontece em todas as Unidades B\u00e1sicas de Sa\u00fade do munic\u00edpio, das 8h \u00e0s 17h, e faz parte da campanha estadual de multivacina\u00e7\u00e3o que segue at\u00e9 o final do m\u00eas.<\/p>\n<p>A iniciativa foi tema central da \u00faltima edi\u00e7\u00e3o do programa Sa\u00fade \u00e9 o que interessa, transmitido pela Life FM no dia 15 de outubro. O programa, apresentado pelo m\u00e9dico e professor universit\u00e1rio Dr. Guilherme Dias Bonadirman, contou com a participa\u00e7\u00e3o da Secret\u00e1ria Municipal de Sa\u00fade, Elizabete Cristina Jacomasso, e da enfermeira da Vigil\u00e2ncia Epidemiol\u00f3gica, Mirian Prado. Juntos, eles destacaram os riscos da n\u00e3o atualiza\u00e7\u00e3o vacinal e refor\u00e7aram a import\u00e2ncia da imuniza\u00e7\u00e3o como ferramenta de preven\u00e7\u00e3o coletiva.<\/p>\n<div class='flex flex-wrap items-center -mx-1'>\r\n<a class='thumbnail gallery p-1 w-1\/2 md:w-1\/4' href='https:\/\/radiolifefm.com.br\/noticias\/wp-content\/uploads\/2025\/10\/WhatsApp-Image-2025-10-16-at-14.44.34-1.jpeg'><img class='border border-white' src='https:\/\/radiolifefm.com.br\/noticias\/wp-content\/uploads\/2025\/10\/WhatsApp-Image-2025-10-16-at-14.44.34-1-200x200.jpeg' alt='WhatsApp Image 2025 10 16 At 14.44.34 (1)' \/><\/a><a class='thumbnail gallery p-1 w-1\/2 md:w-1\/4' href='https:\/\/radiolifefm.com.br\/noticias\/wp-content\/uploads\/2025\/10\/WhatsApp-Image-2025-10-16-at-14.44.34-4.jpeg'><img class='border border-white' src='https:\/\/radiolifefm.com.br\/noticias\/wp-content\/uploads\/2025\/10\/WhatsApp-Image-2025-10-16-at-14.44.34-4-200x200.jpeg' alt='WhatsApp Image 2025 10 16 At 14.44.34 (4)' \/><\/a><a class='thumbnail gallery p-1 w-1\/2 md:w-1\/4' href='https:\/\/radiolifefm.com.br\/noticias\/wp-content\/uploads\/2025\/10\/WhatsApp-Image-2025-10-16-at-14.44.34-5.jpeg'><img class='border border-white' src='https:\/\/radiolifefm.com.br\/noticias\/wp-content\/uploads\/2025\/10\/WhatsApp-Image-2025-10-16-at-14.44.34-5-200x200.jpeg' alt='WhatsApp Image 2025 10 16 At 14.44.34 (5)' \/><\/a><\/div>\n<p>&nbsp;<\/p>\n<p>Vacinas Dispon\u00edveis e P\u00fablico-Alvo Durante o Dia D, ser\u00e3o ofertadas todas as vacinas previstas no Calend\u00e1rio Nacional de Vacina\u00e7\u00e3o, incluindo doses contra BCG, Hepatite B, DTP, VIP, Febre Amarela, Pneumo 10, Meningo C, Penta, Rotav\u00edrus, entre outras. Jovens entre 15 e 19 anos tamb\u00e9m poder\u00e3o receber a vacina contra o HPV, caso n\u00e3o tenham sido imunizados na faixa et\u00e1ria recomendada.<\/p>\n<p>Por Que Vacinar \u00e9 Urgente<\/p>\n<p>A queda nas coberturas vacinais nos \u00faltimos anos acendeu um alerta entre autoridades de sa\u00fade. Doen\u00e7as antes controladas, como o sarampo, voltaram a circular em algumas regi\u00f5es do pa\u00eds. A vacina\u00e7\u00e3o \u00e9 uma das formas mais eficazes de proteger n\u00e3o apenas o indiv\u00edduo, mas toda a comunidade, especialmente os mais vulner\u00e1veis.<\/p>\n<div class='flex flex-wrap items-center -mx-1'>\r\n<a class='thumbnail gallery p-1 w-1\/2 md:w-1\/4' href='https:\/\/radiolifefm.com.br\/noticias\/wp-content\/uploads\/2025\/10\/WhatsApp-Image-2025-10-16-at-14.44.34-2.jpeg'><img class='border border-white' src='https:\/\/radiolifefm.com.br\/noticias\/wp-content\/uploads\/2025\/10\/WhatsApp-Image-2025-10-16-at-14.44.34-2-200x200.jpeg' alt='WhatsApp Image 2025 10 16 At 14.44.34 (2)' \/><\/a><a class='thumbnail gallery p-1 w-1\/2 md:w-1\/4' href='https:\/\/radiolifefm.com.br\/noticias\/wp-content\/uploads\/2025\/10\/WhatsApp-Image-2025-10-16-at-14.44.34-6.jpeg'><img class='border border-white' src='https:\/\/radiolifefm.com.br\/noticias\/wp-content\/uploads\/2025\/10\/WhatsApp-Image-2025-10-16-at-14.44.34-6-200x200.jpeg' alt='WhatsApp Image 2025 10 16 At 14.44.34 (6)' \/><\/a><a class='thumbnail gallery p-1 w-1\/2 md:w-1\/4' href='https:\/\/radiolifefm.com.br\/noticias\/wp-content\/uploads\/2025\/10\/WhatsApp-Image-2025-10-16-at-14.44.34-9.jpeg'><img class='border border-white' src='https:\/\/radiolifefm.com.br\/noticias\/wp-content\/uploads\/2025\/10\/WhatsApp-Image-2025-10-16-at-14.44.34-9-200x200.jpeg' alt='WhatsApp Image 2025 10 16 At 14.44.34 (9)' \/><\/a><\/div>\n<p>&nbsp;<\/p>\n<p>&nbsp;<\/p>\n<p>Documentos Necess\u00e1rios<\/p>\n<p>Para receber as doses, \u00e9 necess\u00e1rio apresentar um documento de identifica\u00e7\u00e3o e, se poss\u00edvel, a caderneta de vacina\u00e7\u00e3o. A avalia\u00e7\u00e3o ser\u00e1 feita no local, e as vacinas faltantes ser\u00e3o aplicadas conforme a necessidade.<\/p>\n<div class='flex flex-wrap items-center -mx-1'>\r\n<a class='thumbnail gallery p-1 w-1\/2 md:w-1\/4' href='https:\/\/radiolifefm.com.br\/noticias\/wp-content\/uploads\/2025\/10\/WhatsApp-Image-2025-10-16-at-14.44.34-3.jpeg'><img class='border border-white' src='https:\/\/radiolifefm.com.br\/noticias\/wp-content\/uploads\/2025\/10\/WhatsApp-Image-2025-10-16-at-14.44.34-3-200x200.jpeg' alt='WhatsApp Image 2025 10 16 At 14.44.34 (3)' \/><\/a><a class='thumbnail gallery p-1 w-1\/2 md:w-1\/4' href='https:\/\/radiolifefm.com.br\/noticias\/wp-content\/uploads\/2025\/10\/WhatsApp-Image-2025-10-16-at-14.44.34-8.jpeg'><img class='border border-white' src='https:\/\/radiolifefm.com.br\/noticias\/wp-content\/uploads\/2025\/10\/WhatsApp-Image-2025-10-16-at-14.44.34-8-200x200.jpeg' alt='WhatsApp Image 2025 10 16 At 14.44.34 (8)' \/><\/a><a class='thumbnail gallery p-1 w-1\/2 md:w-1\/4' href='https:\/\/radiolifefm.com.br\/noticias\/wp-content\/uploads\/2025\/10\/WhatsApp-Image-2025-10-16-at-14.44.34-10.jpeg'><img class='border border-white' src='https:\/\/radiolifefm.com.br\/noticias\/wp-content\/uploads\/2025\/10\/WhatsApp-Image-2025-10-16-at-14.44.34-10-200x200.jpeg' alt='WhatsApp Image 2025 10 16 At 14.44.34 (10)' \/><\/a><\/div>\n<p>&nbsp;<\/p>\n<p>\ud83d\udd17 Para mais informa\u00e7\u00f5es sobre as vacinas dispon\u00edveis e os locais de atendimento, acesse a p\u00e1gina oficial da Prefeitura de Adamantina.<\/p>\n<p><a href=\"https:\/\/www.youtube.com\/watch?v=LNVVcbYh8-I\">https:\/\/www.youtube.com\/watch?v=LNVVcbYh8-I<\/a><\/p>\n","protected":false},"excerpt":{"rendered":"<p>&nbsp; Neste s\u00e1bado, 18 de outubro, Adamantina realiza o Dia D de atualiza\u00e7\u00e3o do esquema vacinal, uma mobiliza\u00e7\u00e3o essencial para garantir que crian\u00e7as e adolescentes menores de 15 anos estejam com todas as vacinas em dia. A a\u00e7\u00e3o acontece em todas as Unidades B\u00e1sicas de Sa\u00fade do munic\u00edpio, das 8h \u00e0s 17h, e faz parte [&hellip;]<\/p>\n","protected":false},"author":8,"featured_media":106549,"comment_status":"closed","ping_status":"open","sticky":false,"template":"","format":"standard","meta":{"_acf_changed":false,"_exactmetrics_skip_tracking":false,"_exactmetrics_sitenote_active":false,"_exactmetrics_sitenote_note":"","_exactmetrics_sitenote_category":0,"footnotes":""},"categories":[128],"tags":[],"class_list":["post-106537","post","type-post","status-publish","format-standard","has-post-thumbnail","hentry","category-saude-e-o-que-interessa"],"acf":[],"yoast_head":"<!-- This site is optimized with the Yoast SEO plugin v27.2 - https:\/\/yoast.com\/product\/yoast-seo-wordpress\/ -->\n<title>Adamantina d\u00e1 um passo firme para proteger seu futuro, a sa\u00fade come\u00e7a com preven\u00e7\u00e3o. - R\u00e1dio Life FM<\/title>\n<meta name=\"robots\" content=\"index, follow, max-snippet:-1, max-image-preview:large, max-video-preview:-1\" \/>\n<link rel=\"canonical\" href=\"https:\/\/radiolifefm.com.br\/noticias\/adamantina-da-um-passo-firme-para-proteger-seu-futuro-a-saude-comeca-com-prevencao\/\" \/>\n<meta property=\"og:locale\" content=\"pt_BR\" \/>\n<meta property=\"og:type\" content=\"article\" \/>\n<meta property=\"og:title\" content=\"Adamantina d\u00e1 um passo firme para proteger seu futuro, a sa\u00fade come\u00e7a com preven\u00e7\u00e3o. - R\u00e1dio Life FM\" \/>\n<meta property=\"og:description\" content=\"&nbsp; Neste s\u00e1bado, 18 de outubro, Adamantina realiza o Dia D de atualiza\u00e7\u00e3o do esquema vacinal, uma mobiliza\u00e7\u00e3o essencial para garantir que crian\u00e7as e adolescentes menores de 15 anos estejam com todas as vacinas em dia. A a\u00e7\u00e3o acontece em todas as Unidades B\u00e1sicas de Sa\u00fade do munic\u00edpio, das 8h \u00e0s 17h, e faz parte [&hellip;]\" \/>\n<meta property=\"og:url\" content=\"https:\/\/radiolifefm.com.br\/noticias\/adamantina-da-um-passo-firme-para-proteger-seu-futuro-a-saude-comeca-com-prevencao\/\" \/>\n<meta property=\"og:site_name\" content=\"R\u00e1dio Life FM\" \/>\n<meta property=\"article:publisher\" content=\"https:\/\/www.facebook.com\/radiolifefm\/\" \/>\n<meta property=\"article:published_time\" content=\"2025-10-16T18:02:21+00:00\" \/>\n<meta property=\"article:modified_time\" content=\"2026-04-10T12:32:18+00:00\" \/>\n<meta property=\"og:image\" content=\"https:\/\/radiolifefm.com.br\/noticias\/wp-content\/uploads\/2025\/10\/WhatsApp-Image-2025-10-16-at-14.44.34.jpeg\" \/>\n\t<meta property=\"og:image:width\" content=\"1366\" \/>\n\t<meta property=\"og:image:height\" content=\"768\" \/>\n\t<meta property=\"og:image:type\" content=\"image\/jpeg\" \/>\n<meta name=\"author\" content=\"joaograndao\" \/>\n<meta name=\"twitter:card\" content=\"summary_large_image\" \/>\n<meta name=\"twitter:label1\" content=\"Escrito por\" \/>\n\t<meta name=\"twitter:data1\" content=\"joaograndao\" \/>\n\t<meta name=\"twitter:label2\" content=\"Est. tempo de leitura\" \/>\n\t<meta name=\"twitter:data2\" content=\"2 minutos\" \/>\n<script type=\"application\/ld+json\" class=\"yoast-schema-graph\">{\"@context\":\"https:\/\/schema.org\",\"@graph\":[{\"@type\":\"Article\",\"@id\":\"https:\/\/radiolifefm.com.br\/noticias\/adamantina-da-um-passo-firme-para-proteger-seu-futuro-a-saude-comeca-com-prevencao\/#article\",\"isPartOf\":{\"@id\":\"https:\/\/radiolifefm.com.br\/noticias\/adamantina-da-um-passo-firme-para-proteger-seu-futuro-a-saude-comeca-com-prevencao\/\"},\"author\":{\"name\":\"joaograndao\",\"@id\":\"https:\/\/radiolifefm.com.br\/noticias\/#\/schema\/person\/6876e1240feffe6e1b63fd5cb85abf28\"},\"headline\":\"Adamantina d\u00e1 um passo firme para proteger seu futuro, a sa\u00fade come\u00e7a com preven\u00e7\u00e3o.\",\"datePublished\":\"2025-10-16T18:02:21+00:00\",\"dateModified\":\"2026-04-10T12:32:18+00:00\",\"mainEntityOfPage\":{\"@id\":\"https:\/\/radiolifefm.com.br\/noticias\/adamantina-da-um-passo-firme-para-proteger-seu-futuro-a-saude-comeca-com-prevencao\/\"},\"wordCount\":392,\"publisher\":{\"@id\":\"https:\/\/radiolifefm.com.br\/noticias\/#organization\"},\"image\":{\"@id\":\"https:\/\/radiolifefm.com.br\/noticias\/adamantina-da-um-passo-firme-para-proteger-seu-futuro-a-saude-comeca-com-prevencao\/#primaryimage\"},\"thumbnailUrl\":\"https:\/\/radiolifefm.com.br\/noticias\/wp-content\/uploads\/2025\/10\/WhatsApp-Image-2025-10-16-at-14.44.34.jpeg\",\"articleSection\":[\"Sa\u00fade \u00e9 o que interessa\"],\"inLanguage\":\"pt-BR\"},{\"@type\":\"WebPage\",\"@id\":\"https:\/\/radiolifefm.com.br\/noticias\/adamantina-da-um-passo-firme-para-proteger-seu-futuro-a-saude-comeca-com-prevencao\/\",\"url\":\"https:\/\/radiolifefm.com.br\/noticias\/adamantina-da-um-passo-firme-para-proteger-seu-futuro-a-saude-comeca-com-prevencao\/\",\"name\":\"Adamantina d\u00e1 um passo firme para proteger seu futuro, a sa\u00fade come\u00e7a com preven\u00e7\u00e3o. - R\u00e1dio Life FM\",\"isPartOf\":{\"@id\":\"https:\/\/radiolifefm.com.br\/noticias\/#website\"},\"primaryImageOfPage\":{\"@id\":\"https:\/\/radiolifefm.com.br\/noticias\/adamantina-da-um-passo-firme-para-proteger-seu-futuro-a-saude-comeca-com-prevencao\/#primaryimage\"},\"image\":{\"@id\":\"https:\/\/radiolifefm.com.br\/noticias\/adamantina-da-um-passo-firme-para-proteger-seu-futuro-a-saude-comeca-com-prevencao\/#primaryimage\"},\"thumbnailUrl\":\"https:\/\/radiolifefm.com.br\/noticias\/wp-content\/uploads\/2025\/10\/WhatsApp-Image-2025-10-16-at-14.44.34.jpeg\",\"datePublished\":\"2025-10-16T18:02:21+00:00\",\"dateModified\":\"2026-04-10T12:32:18+00:00\",\"breadcrumb\":{\"@id\":\"https:\/\/radiolifefm.com.br\/noticias\/adamantina-da-um-passo-firme-para-proteger-seu-futuro-a-saude-comeca-com-prevencao\/#breadcrumb\"},\"inLanguage\":\"pt-BR\",\"potentialAction\":[{\"@type\":\"ReadAction\",\"target\":[\"https:\/\/radiolifefm.com.br\/noticias\/adamantina-da-um-passo-firme-para-proteger-seu-futuro-a-saude-comeca-com-prevencao\/\"]}]},{\"@type\":\"ImageObject\",\"inLanguage\":\"pt-BR\",\"@id\":\"https:\/\/radiolifefm.com.br\/noticias\/adamantina-da-um-passo-firme-para-proteger-seu-futuro-a-saude-comeca-com-prevencao\/#primaryimage\",\"url\":\"https:\/\/radiolifefm.com.br\/noticias\/wp-content\/uploads\/2025\/10\/WhatsApp-Image-2025-10-16-at-14.44.34.jpeg\",\"contentUrl\":\"https:\/\/radiolifefm.com.br\/noticias\/wp-content\/uploads\/2025\/10\/WhatsApp-Image-2025-10-16-at-14.44.34.jpeg\",\"width\":1366,\"height\":768},{\"@type\":\"BreadcrumbList\",\"@id\":\"https:\/\/radiolifefm.com.br\/noticias\/adamantina-da-um-passo-firme-para-proteger-seu-futuro-a-saude-comeca-com-prevencao\/#breadcrumb\",\"itemListElement\":[{\"@type\":\"ListItem\",\"position\":1,\"name\":\"In\u00edcio\",\"item\":\"https:\/\/radiolifefm.com.br\/noticias\/\"},{\"@type\":\"ListItem\",\"position\":2,\"name\":\"Adamantina d\u00e1 um passo firme para proteger seu futuro, a sa\u00fade come\u00e7a com preven\u00e7\u00e3o.\"}]},{\"@type\":\"WebSite\",\"@id\":\"https:\/\/radiolifefm.com.br\/noticias\/#website\",\"url\":\"https:\/\/radiolifefm.com.br\/noticias\/\",\"name\":\"R\u00e1dio Life FM\",\"description\":\"O Portal de Not\u00edcias de Adamantina\",\"publisher\":{\"@id\":\"https:\/\/radiolifefm.com.br\/noticias\/#organization\"},\"alternateName\":\"Life FM\",\"potentialAction\":[{\"@type\":\"SearchAction\",\"target\":{\"@type\":\"EntryPoint\",\"urlTemplate\":\"https:\/\/radiolifefm.com.br\/noticias\/?s={search_term_string}\"},\"query-input\":{\"@type\":\"PropertyValueSpecification\",\"valueRequired\":true,\"valueName\":\"search_term_string\"}}],\"inLanguage\":\"pt-BR\"},{\"@type\":\"Organization\",\"@id\":\"https:\/\/radiolifefm.com.br\/noticias\/#organization\",\"name\":\"R\u00e1dio Life FM\",\"alternateName\":\"Life FM\",\"url\":\"https:\/\/radiolifefm.com.br\/noticias\/\",\"logo\":{\"@type\":\"ImageObject\",\"inLanguage\":\"pt-BR\",\"@id\":\"https:\/\/radiolifefm.com.br\/noticias\/#\/schema\/logo\/image\/\",\"url\":\"https:\/\/static.radiolifefm.com.br\/noticias\/wp-content\/uploads\/2019\/10\/logo-lifefm.png\",\"contentUrl\":\"https:\/\/static.radiolifefm.com.br\/noticias\/wp-content\/uploads\/2019\/10\/logo-lifefm.png\",\"width\":196,\"height\":47,\"caption\":\"R\u00e1dio Life FM\"},\"image\":{\"@id\":\"https:\/\/radiolifefm.com.br\/noticias\/#\/schema\/logo\/image\/\"},\"sameAs\":[\"https:\/\/www.facebook.com\/radiolifefm\/\",\"https:\/\/www.instagram.com\/life1079fm\/\"]},{\"@type\":\"Person\",\"@id\":\"https:\/\/radiolifefm.com.br\/noticias\/#\/schema\/person\/6876e1240feffe6e1b63fd5cb85abf28\",\"name\":\"joaograndao\",\"image\":{\"@type\":\"ImageObject\",\"inLanguage\":\"pt-BR\",\"@id\":\"https:\/\/secure.gravatar.com\/avatar\/d5b1a3cf357ed9c50404e256a1294083aa8ab5d2a994001567302786016cb32c?s=96&d=mm&r=g\",\"url\":\"https:\/\/secure.gravatar.com\/avatar\/d5b1a3cf357ed9c50404e256a1294083aa8ab5d2a994001567302786016cb32c?s=96&d=mm&r=g\",\"contentUrl\":\"https:\/\/secure.gravatar.com\/avatar\/d5b1a3cf357ed9c50404e256a1294083aa8ab5d2a994001567302786016cb32c?s=96&d=mm&r=g\",\"caption\":\"joaograndao\"}}]}<\/script>\n<!-- \/ Yoast SEO plugin. -->","yoast_head_json":{"title":"Adamantina d\u00e1 um passo firme para proteger seu futuro, a sa\u00fade come\u00e7a com preven\u00e7\u00e3o. - R\u00e1dio Life FM","robots":{"index":"index","follow":"follow","max-snippet":"max-snippet:-1","max-image-preview":"max-image-preview:large","max-video-preview":"max-video-preview:-1"},"canonical":"https:\/\/radiolifefm.com.br\/noticias\/adamantina-da-um-passo-firme-para-proteger-seu-futuro-a-saude-comeca-com-prevencao\/","og_locale":"pt_BR","og_type":"article","og_title":"Adamantina d\u00e1 um passo firme para proteger seu futuro, a sa\u00fade come\u00e7a com preven\u00e7\u00e3o. - R\u00e1dio Life FM","og_description":"&nbsp; Neste s\u00e1bado, 18 de outubro, Adamantina realiza o Dia D de atualiza\u00e7\u00e3o do esquema vacinal, uma mobiliza\u00e7\u00e3o essencial para garantir que crian\u00e7as e adolescentes menores de 15 anos estejam com todas as vacinas em dia. A a\u00e7\u00e3o acontece em todas as Unidades B\u00e1sicas de Sa\u00fade do munic\u00edpio, das 8h \u00e0s 17h, e faz parte [&hellip;]","og_url":"https:\/\/radiolifefm.com.br\/noticias\/adamantina-da-um-passo-firme-para-proteger-seu-futuro-a-saude-comeca-com-prevencao\/","og_site_name":"R\u00e1dio Life FM","article_publisher":"https:\/\/www.facebook.com\/radiolifefm\/","article_published_time":"2025-10-16T18:02:21+00:00","article_modified_time":"2026-04-10T12:32:18+00:00","og_image":[{"width":1366,"height":768,"url":"https:\/\/radiolifefm.com.br\/noticias\/wp-content\/uploads\/2025\/10\/WhatsApp-Image-2025-10-16-at-14.44.34.jpeg","type":"image\/jpeg"}],"author":"joaograndao","twitter_card":"summary_large_image","twitter_misc":{"Escrito por":"joaograndao","Est. tempo de leitura":"2 minutos"},"schema":{"@context":"https:\/\/schema.org","@graph":[{"@type":"Article","@id":"https:\/\/radiolifefm.com.br\/noticias\/adamantina-da-um-passo-firme-para-proteger-seu-futuro-a-saude-comeca-com-prevencao\/#article","isPartOf":{"@id":"https:\/\/radiolifefm.com.br\/noticias\/adamantina-da-um-passo-firme-para-proteger-seu-futuro-a-saude-comeca-com-prevencao\/"},"author":{"name":"joaograndao","@id":"https:\/\/radiolifefm.com.br\/noticias\/#\/schema\/person\/6876e1240feffe6e1b63fd5cb85abf28"},"headline":"Adamantina d\u00e1 um passo firme para proteger seu futuro, a sa\u00fade come\u00e7a com preven\u00e7\u00e3o.","datePublished":"2025-10-16T18:02:21+00:00","dateModified":"2026-04-10T12:32:18+00:00","mainEntityOfPage":{"@id":"https:\/\/radiolifefm.com.br\/noticias\/adamantina-da-um-passo-firme-para-proteger-seu-futuro-a-saude-comeca-com-prevencao\/"},"wordCount":392,"publisher":{"@id":"https:\/\/radiolifefm.com.br\/noticias\/#organization"},"image":{"@id":"https:\/\/radiolifefm.com.br\/noticias\/adamantina-da-um-passo-firme-para-proteger-seu-futuro-a-saude-comeca-com-prevencao\/#primaryimage"},"thumbnailUrl":"https:\/\/radiolifefm.com.br\/noticias\/wp-content\/uploads\/2025\/10\/WhatsApp-Image-2025-10-16-at-14.44.34.jpeg","articleSection":["Sa\u00fade \u00e9 o que interessa"],"inLanguage":"pt-BR"},{"@type":"WebPage","@id":"https:\/\/radiolifefm.com.br\/noticias\/adamantina-da-um-passo-firme-para-proteger-seu-futuro-a-saude-comeca-com-prevencao\/","url":"https:\/\/radiolifefm.com.br\/noticias\/adamantina-da-um-passo-firme-para-proteger-seu-futuro-a-saude-comeca-com-prevencao\/","name":"Adamantina d\u00e1 um passo firme para proteger seu futuro, a sa\u00fade come\u00e7a com preven\u00e7\u00e3o. - R\u00e1dio Life FM","isPartOf":{"@id":"https:\/\/radiolifefm.com.br\/noticias\/#website"},"primaryImageOfPage":{"@id":"https:\/\/radiolifefm.com.br\/noticias\/adamantina-da-um-passo-firme-para-proteger-seu-futuro-a-saude-comeca-com-prevencao\/#primaryimage"},"image":{"@id":"https:\/\/radiolifefm.com.br\/noticias\/adamantina-da-um-passo-firme-para-proteger-seu-futuro-a-saude-comeca-com-prevencao\/#primaryimage"},"thumbnailUrl":"https:\/\/radiolifefm.com.br\/noticias\/wp-content\/uploads\/2025\/10\/WhatsApp-Image-2025-10-16-at-14.44.34.jpeg","datePublished":"2025-10-16T18:02:21+00:00","dateModified":"2026-04-10T12:32:18+00:00","breadcrumb":{"@id":"https:\/\/radiolifefm.com.br\/noticias\/adamantina-da-um-passo-firme-para-proteger-seu-futuro-a-saude-comeca-com-prevencao\/#breadcrumb"},"inLanguage":"pt-BR","potentialAction":[{"@type":"ReadAction","target":["https:\/\/radiolifefm.com.br\/noticias\/adamantina-da-um-passo-firme-para-proteger-seu-futuro-a-saude-comeca-com-prevencao\/"]}]},{"@type":"ImageObject","inLanguage":"pt-BR","@id":"https:\/\/radiolifefm.com.br\/noticias\/adamantina-da-um-passo-firme-para-proteger-seu-futuro-a-saude-comeca-com-prevencao\/#primaryimage","url":"https:\/\/radiolifefm.com.br\/noticias\/wp-content\/uploads\/2025\/10\/WhatsApp-Image-2025-10-16-at-14.44.34.jpeg","contentUrl":"https:\/\/radiolifefm.com.br\/noticias\/wp-content\/uploads\/2025\/10\/WhatsApp-Image-2025-10-16-at-14.44.34.jpeg","width":1366,"height":768},{"@type":"BreadcrumbList","@id":"https:\/\/radiolifefm.com.br\/noticias\/adamantina-da-um-passo-firme-para-proteger-seu-futuro-a-saude-comeca-com-prevencao\/#breadcrumb","itemListElement":[{"@type":"ListItem","position":1,"name":"In\u00edcio","item":"https:\/\/radiolifefm.com.br\/noticias\/"},{"@type":"ListItem","position":2,"name":"Adamantina d\u00e1 um passo firme para proteger seu futuro, a sa\u00fade come\u00e7a com preven\u00e7\u00e3o."}]},{"@type":"WebSite","@id":"https:\/\/radiolifefm.com.br\/noticias\/#website","url":"https:\/\/radiolifefm.com.br\/noticias\/","name":"R\u00e1dio Life FM","description":"O Portal de Not\u00edcias de Adamantina","publisher":{"@id":"https:\/\/radiolifefm.com.br\/noticias\/#organization"},"alternateName":"Life FM","potentialAction":[{"@type":"SearchAction","target":{"@type":"EntryPoint","urlTemplate":"https:\/\/radiolifefm.com.br\/noticias\/?s={search_term_string}"},"query-input":{"@type":"PropertyValueSpecification","valueRequired":true,"valueName":"search_term_string"}}],"inLanguage":"pt-BR"},{"@type":"Organization","@id":"https:\/\/radiolifefm.com.br\/noticias\/#organization","name":"R\u00e1dio Life FM","alternateName":"Life FM","url":"https:\/\/radiolifefm.com.br\/noticias\/","logo":{"@type":"ImageObject","inLanguage":"pt-BR","@id":"https:\/\/radiolifefm.com.br\/noticias\/#\/schema\/logo\/image\/","url":"https:\/\/static.radiolifefm.com.br\/noticias\/wp-content\/uploads\/2019\/10\/logo-lifefm.png","contentUrl":"https:\/\/static.radiolifefm.com.br\/noticias\/wp-content\/uploads\/2019\/10\/logo-lifefm.png","width":196,"height":47,"caption":"R\u00e1dio Life FM"},"image":{"@id":"https:\/\/radiolifefm.com.br\/noticias\/#\/schema\/logo\/image\/"},"sameAs":["https:\/\/www.facebook.com\/radiolifefm\/","https:\/\/www.instagram.com\/life1079fm\/"]},{"@type":"Person","@id":"https:\/\/radiolifefm.com.br\/noticias\/#\/schema\/person\/6876e1240feffe6e1b63fd5cb85abf28","name":"joaograndao","image":{"@type":"ImageObject","inLanguage":"pt-BR","@id":"https:\/\/secure.gravatar.com\/avatar\/d5b1a3cf357ed9c50404e256a1294083aa8ab5d2a994001567302786016cb32c?s=96&d=mm&r=g","url":"https:\/\/secure.gravatar.com\/avatar\/d5b1a3cf357ed9c50404e256a1294083aa8ab5d2a994001567302786016cb32c?s=96&d=mm&r=g","contentUrl":"https:\/\/secure.gravatar.com\/avatar\/d5b1a3cf357ed9c50404e256a1294083aa8ab5d2a994001567302786016cb32c?s=96&d=mm&r=g","caption":"joaograndao"}}]}},"amp_enabled":true,"_links":{"self":[{"href":"https:\/\/radiolifefm.com.br\/noticias\/wp-json\/wp\/v2\/posts\/106537","targetHints":{"allow":["GET"]}}],"collection":[{"href":"https:\/\/radiolifefm.com.br\/noticias\/wp-json\/wp\/v2\/posts"}],"about":[{"href":"https:\/\/radiolifefm.com.br\/noticias\/wp-json\/wp\/v2\/types\/post"}],"author":[{"embeddable":true,"href":"https:\/\/radiolifefm.com.br\/noticias\/wp-json\/wp\/v2\/users\/8"}],"replies":[{"embeddable":true,"href":"https:\/\/radiolifefm.com.br\/noticias\/wp-json\/wp\/v2\/comments?post=106537"}],"version-history":[{"count":2,"href":"https:\/\/radiolifefm.com.br\/noticias\/wp-json\/wp\/v2\/posts\/106537\/revisions"}],"predecessor-version":[{"id":106550,"href":"https:\/\/radiolifefm.com.br\/noticias\/wp-json\/wp\/v2\/posts\/106537\/revisions\/106550"}],"wp:featuredmedia":[{"embeddable":true,"href":"https:\/\/radiolifefm.com.br\/noticias\/wp-json\/wp\/v2\/media\/106549"}],"wp:attachment":[{"href":"https:\/\/radiolifefm.com.br\/noticias\/wp-json\/wp\/v2\/media?parent=106537"}],"wp:term":[{"taxonomy":"category","embeddable":true,"href":"https:\/\/radiolifefm.com.br\/noticias\/wp-json\/wp\/v2\/categories?post=106537"},{"taxonomy":"post_tag","embeddable":true,"href":"https:\/\/radiolifefm.com.br\/noticias\/wp-json\/wp\/v2\/tags?post=106537"}],"curies":[{"name":"wp","href":"https:\/\/api.w.org\/{rel}","templated":true}]}}