{"id":106373,"date":"2025-10-11T20:07:04","date_gmt":"2025-10-11T23:07:04","guid":{"rendered":"https:\/\/radiolifefm.com.br\/noticias\/?p=106373"},"modified":"2026-04-04T09:49:36","modified_gmt":"2026-04-04T12:49:36","slug":"podcast-agora-e-que-sao-elas-destaca-historias-inspiradoras-do-bazar-sao-jorge-em-edicao-especial-do-dia-das-criancas","status":"publish","type":"post","link":"https:\/\/radiolifefm.com.br\/noticias\/podcast-agora-e-que-sao-elas-destaca-historias-inspiradoras-do-bazar-sao-jorge-em-edicao-especial-do-dia-das-criancas\/","title":{"rendered":"Podcast \u201cAgora \u00e9 que s\u00e3o elas\u201d destaca hist\u00f3rias inspiradoras do Bazar S\u00e3o Jorge em edi\u00e7\u00e3o especial do Dia das Crian\u00e7as"},"content":{"rendered":"<div id=\"fb-root\"><\/div>\n<p>Em celebra\u00e7\u00e3o \u00e0 semana que antecede o Dia das Crian\u00e7as, a Life FM 107.9 lan\u00e7ou no dia 9 de outubro uma edi\u00e7\u00e3o especial do podcast Agora \u00e9 que s\u00e3o elas, com foco no universo infantil e na valoriza\u00e7\u00e3o de mulheres que fazem a diferen\u00e7a no com\u00e9rcio local. Com apresenta\u00e7\u00e3o da jornalista L\u00facia Prado e da influencer Fabiana Esteves, o epis\u00f3dio teve como convidadas as vendedoras Rose Neide e Adriela, representantes do tradicional Bazar S\u00e3o Jorge, refer\u00eancia em brinquedos e presentes em Adamantina.<\/p>\n<div class='flex flex-wrap items-center -mx-1'>\r\n<a class='thumbnail gallery p-1 w-1\/2 md:w-1\/4' href='https:\/\/radiolifefm.com.br\/noticias\/wp-content\/uploads\/2025\/10\/WhatsApp-Image-2025-10-10-at-23.26.50-1.jpeg'><img class='border border-white' src='https:\/\/radiolifefm.com.br\/noticias\/wp-content\/uploads\/2025\/10\/WhatsApp-Image-2025-10-10-at-23.26.50-1-200x200.jpeg' alt='WhatsApp Image 2025 10 10 At 23.26.50 (1)' \/><\/a><a class='thumbnail gallery p-1 w-1\/2 md:w-1\/4' href='https:\/\/radiolifefm.com.br\/noticias\/wp-content\/uploads\/2025\/10\/WhatsApp-Image-2025-10-10-at-23.26.50-2.jpeg'><img class='border border-white' src='https:\/\/radiolifefm.com.br\/noticias\/wp-content\/uploads\/2025\/10\/WhatsApp-Image-2025-10-10-at-23.26.50-2-200x200.jpeg' alt='WhatsApp Image 2025 10 10 At 23.26.50 (2)' \/><\/a><a class='thumbnail gallery p-1 w-1\/2 md:w-1\/4' href='https:\/\/radiolifefm.com.br\/noticias\/wp-content\/uploads\/2025\/10\/WhatsApp-Image-2025-10-10-at-23.26.50-3.jpeg'><img class='border border-white' src='https:\/\/radiolifefm.com.br\/noticias\/wp-content\/uploads\/2025\/10\/WhatsApp-Image-2025-10-10-at-23.26.50-3-200x200.jpeg' alt='WhatsApp Image 2025 10 10 At 23.26.50 (3)' \/><\/a><a class='thumbnail gallery p-1 w-1\/2 md:w-1\/4' href='https:\/\/radiolifefm.com.br\/noticias\/wp-content\/uploads\/2025\/10\/WhatsApp-Image-2025-10-10-at-23.26.50.jpeg'><img class='border border-white' src='https:\/\/radiolifefm.com.br\/noticias\/wp-content\/uploads\/2025\/10\/WhatsApp-Image-2025-10-10-at-23.26.50-200x200.jpeg' alt='WhatsApp Image 2025 10 10 At 23.26.50' \/><\/a><\/div>\n<p>A edi\u00e7\u00e3o, intitulada Especial Dia das Crian\u00e7as com Bazar S\u00e3o Jorge, trouxe din\u00e2micas interativas, sorteios de brindes e depoimentos emocionantes que evidenciaram o carinho e a dedica\u00e7\u00e3o das profissionais que atuam no bazar. Rose, com 15 anos de trajet\u00f3ria \u00e0 frente do estabelecimento, compartilhou sua paix\u00e3o pelo trabalho e o compromisso em realizar sonhos infantis. \u201cAmo o que fa\u00e7o. Cada brinquedo que sai daqui \u00e9 uma alegria que chega a uma crian\u00e7a. Isso me motiva todos os dias\u201d, afirmou.<\/p>\n<p>Adriela, com 8 anos de atua\u00e7\u00e3o, tamb\u00e9m emocionou os ouvintes ao falar sobre sua rela\u00e7\u00e3o com os clientes. \u201cGosto de lidar com pessoas. Aqui no Bazar S\u00e3o Jorge, cada cliente \u00e9 como parte da minha fam\u00edlia\u201d, destacou.<\/p>\n<div class='flex flex-wrap items-center -mx-1'>\r\n<a class='thumbnail gallery p-1 w-1\/2 md:w-1\/4' href='https:\/\/radiolifefm.com.br\/noticias\/wp-content\/uploads\/2025\/10\/WhatsApp-Image-2025-10-10-at-23.26.47-1.jpeg'><img class='border border-white' src='https:\/\/radiolifefm.com.br\/noticias\/wp-content\/uploads\/2025\/10\/WhatsApp-Image-2025-10-10-at-23.26.47-1-200x200.jpeg' alt='WhatsApp Image 2025 10 10 At 23.26.47 (1)' \/><\/a><a class='thumbnail gallery p-1 w-1\/2 md:w-1\/4' href='https:\/\/radiolifefm.com.br\/noticias\/wp-content\/uploads\/2025\/10\/WhatsApp-Image-2025-10-10-at-23.26.47.jpeg'><img class='border border-white' src='https:\/\/radiolifefm.com.br\/noticias\/wp-content\/uploads\/2025\/10\/WhatsApp-Image-2025-10-10-at-23.26.47-200x200.jpeg' alt='WhatsApp Image 2025 10 10 At 23.26.47' \/><\/a><a class='thumbnail gallery p-1 w-1\/2 md:w-1\/4' href='https:\/\/radiolifefm.com.br\/noticias\/wp-content\/uploads\/2025\/10\/WhatsApp-Image-2025-10-10-at-23.26.47-3.jpeg'><img class='border border-white' src='https:\/\/radiolifefm.com.br\/noticias\/wp-content\/uploads\/2025\/10\/WhatsApp-Image-2025-10-10-at-23.26.47-3-200x200.jpeg' alt='WhatsApp Image 2025 10 10 At 23.26.47 (3)' \/><\/a><a class='thumbnail gallery p-1 w-1\/2 md:w-1\/4' href='https:\/\/radiolifefm.com.br\/noticias\/wp-content\/uploads\/2025\/10\/WhatsApp-Image-2025-10-10-at-23.26.48.jpeg'><img class='border border-white' src='https:\/\/radiolifefm.com.br\/noticias\/wp-content\/uploads\/2025\/10\/WhatsApp-Image-2025-10-10-at-23.26.48-200x200.jpeg' alt='WhatsApp Image 2025 10 10 At 23.26.48' \/><\/a><\/div>\n<p>O podcast Agora \u00e9 que s\u00e3o elas mais uma vez se mostrou um espa\u00e7o de escuta e valoriza\u00e7\u00e3o feminina, dando voz a hist\u00f3rias reais que inspiram e fortalecem a comunidade. Ao unir entretenimento, afeto e informa\u00e7\u00e3o, a edi\u00e7\u00e3o especial refor\u00e7ou o papel do com\u00e9rcio local como agente de transforma\u00e7\u00e3o e proximidade com o p\u00fablico.<\/p>\n<p>Para conferir o epis\u00f3dio completo e conhecer as op\u00e7\u00f5es do Bazar S\u00e3o Jorge para presentear neste Dia das Crian\u00e7as, acesse as plataformas digitais da Life FM.<\/p>\n<p><iframe loading=\"lazy\" title=\"09\/10\/2025 Agora \u00e9 Que S\u00e3o Elas Tema - Especial Dia das Crian\u00e7as com Bazar S\u00e3o Jorge\" width=\"500\" height=\"281\" src=\"https:\/\/www.youtube.com\/embed\/nOTx_DKne_w?feature=oembed\" frameborder=\"0\" allow=\"accelerometer; autoplay; clipboard-write; encrypted-media; gyroscope; picture-in-picture; web-share\" referrerpolicy=\"strict-origin-when-cross-origin\" allowfullscreen><\/iframe><\/p>\n","protected":false},"excerpt":{"rendered":"<p>Em celebra\u00e7\u00e3o \u00e0 semana que antecede o Dia das Crian\u00e7as, a Life FM 107.9 lan\u00e7ou no dia 9 de outubro uma edi\u00e7\u00e3o especial do podcast Agora \u00e9 que s\u00e3o elas, com foco no universo infantil e na valoriza\u00e7\u00e3o de mulheres que fazem a diferen\u00e7a no com\u00e9rcio local. Com apresenta\u00e7\u00e3o da jornalista L\u00facia Prado e da [&hellip;]<\/p>\n","protected":false},"author":8,"featured_media":106391,"comment_status":"closed","ping_status":"open","sticky":false,"template":"","format":"standard","meta":{"_acf_changed":false,"_exactmetrics_skip_tracking":false,"_exactmetrics_sitenote_active":false,"_exactmetrics_sitenote_note":"","_exactmetrics_sitenote_category":0,"footnotes":""},"categories":[70],"tags":[],"class_list":["post-106373","post","type-post","status-publish","format-standard","has-post-thumbnail","hentry","category-agora-e-que-sao-elas"],"acf":[],"yoast_head":"<!-- This site is optimized with the Yoast SEO plugin v27.2 - https:\/\/yoast.com\/product\/yoast-seo-wordpress\/ -->\n<title>Podcast \u201cAgora \u00e9 que s\u00e3o elas\u201d destaca hist\u00f3rias inspiradoras do Bazar S\u00e3o Jorge em edi\u00e7\u00e3o especial do Dia das Crian\u00e7as - R\u00e1dio Life FM<\/title>\n<meta name=\"robots\" content=\"index, follow, max-snippet:-1, max-image-preview:large, max-video-preview:-1\" \/>\n<link rel=\"canonical\" href=\"https:\/\/radiolifefm.com.br\/noticias\/podcast-agora-e-que-sao-elas-destaca-historias-inspiradoras-do-bazar-sao-jorge-em-edicao-especial-do-dia-das-criancas\/\" \/>\n<meta property=\"og:locale\" content=\"pt_BR\" \/>\n<meta property=\"og:type\" content=\"article\" \/>\n<meta property=\"og:title\" content=\"Podcast \u201cAgora \u00e9 que s\u00e3o elas\u201d destaca hist\u00f3rias inspiradoras do Bazar S\u00e3o Jorge em edi\u00e7\u00e3o especial do Dia das Crian\u00e7as - R\u00e1dio Life FM\" \/>\n<meta property=\"og:description\" content=\"Em celebra\u00e7\u00e3o \u00e0 semana que antecede o Dia das Crian\u00e7as, a Life FM 107.9 lan\u00e7ou no dia 9 de outubro uma edi\u00e7\u00e3o especial do podcast Agora \u00e9 que s\u00e3o elas, com foco no universo infantil e na valoriza\u00e7\u00e3o de mulheres que fazem a diferen\u00e7a no com\u00e9rcio local. Com apresenta\u00e7\u00e3o da jornalista L\u00facia Prado e da [&hellip;]\" \/>\n<meta property=\"og:url\" content=\"https:\/\/radiolifefm.com.br\/noticias\/podcast-agora-e-que-sao-elas-destaca-historias-inspiradoras-do-bazar-sao-jorge-em-edicao-especial-do-dia-das-criancas\/\" \/>\n<meta property=\"og:site_name\" content=\"R\u00e1dio Life FM\" \/>\n<meta property=\"article:publisher\" content=\"https:\/\/www.facebook.com\/radiolifefm\/\" \/>\n<meta property=\"article:published_time\" content=\"2025-10-11T23:07:04+00:00\" \/>\n<meta property=\"article:modified_time\" content=\"2026-04-04T12:49:36+00:00\" \/>\n<meta property=\"og:image\" content=\"https:\/\/radiolifefm.com.br\/noticias\/wp-content\/uploads\/2025\/10\/WhatsApp-Image-2025-10-10-at-23.26.46.jpeg\" \/>\n\t<meta property=\"og:image:width\" content=\"1200\" \/>\n\t<meta property=\"og:image:height\" content=\"1600\" \/>\n\t<meta property=\"og:image:type\" content=\"image\/jpeg\" \/>\n<meta name=\"author\" content=\"joaograndao\" \/>\n<meta name=\"twitter:card\" content=\"summary_large_image\" \/>\n<meta name=\"twitter:label1\" content=\"Escrito por\" \/>\n\t<meta name=\"twitter:data1\" content=\"joaograndao\" \/>\n\t<meta name=\"twitter:label2\" content=\"Est. tempo de leitura\" \/>\n\t<meta name=\"twitter:data2\" content=\"2 minutos\" \/>\n<script type=\"application\/ld+json\" class=\"yoast-schema-graph\">{\"@context\":\"https:\/\/schema.org\",\"@graph\":[{\"@type\":\"Article\",\"@id\":\"https:\/\/radiolifefm.com.br\/noticias\/podcast-agora-e-que-sao-elas-destaca-historias-inspiradoras-do-bazar-sao-jorge-em-edicao-especial-do-dia-das-criancas\/#article\",\"isPartOf\":{\"@id\":\"https:\/\/radiolifefm.com.br\/noticias\/podcast-agora-e-que-sao-elas-destaca-historias-inspiradoras-do-bazar-sao-jorge-em-edicao-especial-do-dia-das-criancas\/\"},\"author\":{\"name\":\"joaograndao\",\"@id\":\"https:\/\/radiolifefm.com.br\/noticias\/#\/schema\/person\/6876e1240feffe6e1b63fd5cb85abf28\"},\"headline\":\"Podcast \u201cAgora \u00e9 que s\u00e3o elas\u201d destaca hist\u00f3rias inspiradoras do Bazar S\u00e3o Jorge em edi\u00e7\u00e3o especial do Dia das Crian\u00e7as\",\"datePublished\":\"2025-10-11T23:07:04+00:00\",\"dateModified\":\"2026-04-04T12:49:36+00:00\",\"mainEntityOfPage\":{\"@id\":\"https:\/\/radiolifefm.com.br\/noticias\/podcast-agora-e-que-sao-elas-destaca-historias-inspiradoras-do-bazar-sao-jorge-em-edicao-especial-do-dia-das-criancas\/\"},\"wordCount\":351,\"publisher\":{\"@id\":\"https:\/\/radiolifefm.com.br\/noticias\/#organization\"},\"image\":{\"@id\":\"https:\/\/radiolifefm.com.br\/noticias\/podcast-agora-e-que-sao-elas-destaca-historias-inspiradoras-do-bazar-sao-jorge-em-edicao-especial-do-dia-das-criancas\/#primaryimage\"},\"thumbnailUrl\":\"https:\/\/radiolifefm.com.br\/noticias\/wp-content\/uploads\/2025\/10\/WhatsApp-Image-2025-10-10-at-23.26.46.jpeg\",\"articleSection\":[\"Agora \u00e9 Que S\u00e3o Elas\"],\"inLanguage\":\"pt-BR\"},{\"@type\":\"WebPage\",\"@id\":\"https:\/\/radiolifefm.com.br\/noticias\/podcast-agora-e-que-sao-elas-destaca-historias-inspiradoras-do-bazar-sao-jorge-em-edicao-especial-do-dia-das-criancas\/\",\"url\":\"https:\/\/radiolifefm.com.br\/noticias\/podcast-agora-e-que-sao-elas-destaca-historias-inspiradoras-do-bazar-sao-jorge-em-edicao-especial-do-dia-das-criancas\/\",\"name\":\"Podcast \u201cAgora \u00e9 que s\u00e3o elas\u201d destaca hist\u00f3rias inspiradoras do Bazar S\u00e3o Jorge em edi\u00e7\u00e3o especial do Dia das Crian\u00e7as - R\u00e1dio Life FM\",\"isPartOf\":{\"@id\":\"https:\/\/radiolifefm.com.br\/noticias\/#website\"},\"primaryImageOfPage\":{\"@id\":\"https:\/\/radiolifefm.com.br\/noticias\/podcast-agora-e-que-sao-elas-destaca-historias-inspiradoras-do-bazar-sao-jorge-em-edicao-especial-do-dia-das-criancas\/#primaryimage\"},\"image\":{\"@id\":\"https:\/\/radiolifefm.com.br\/noticias\/podcast-agora-e-que-sao-elas-destaca-historias-inspiradoras-do-bazar-sao-jorge-em-edicao-especial-do-dia-das-criancas\/#primaryimage\"},\"thumbnailUrl\":\"https:\/\/radiolifefm.com.br\/noticias\/wp-content\/uploads\/2025\/10\/WhatsApp-Image-2025-10-10-at-23.26.46.jpeg\",\"datePublished\":\"2025-10-11T23:07:04+00:00\",\"dateModified\":\"2026-04-04T12:49:36+00:00\",\"breadcrumb\":{\"@id\":\"https:\/\/radiolifefm.com.br\/noticias\/podcast-agora-e-que-sao-elas-destaca-historias-inspiradoras-do-bazar-sao-jorge-em-edicao-especial-do-dia-das-criancas\/#breadcrumb\"},\"inLanguage\":\"pt-BR\",\"potentialAction\":[{\"@type\":\"ReadAction\",\"target\":[\"https:\/\/radiolifefm.com.br\/noticias\/podcast-agora-e-que-sao-elas-destaca-historias-inspiradoras-do-bazar-sao-jorge-em-edicao-especial-do-dia-das-criancas\/\"]}]},{\"@type\":\"ImageObject\",\"inLanguage\":\"pt-BR\",\"@id\":\"https:\/\/radiolifefm.com.br\/noticias\/podcast-agora-e-que-sao-elas-destaca-historias-inspiradoras-do-bazar-sao-jorge-em-edicao-especial-do-dia-das-criancas\/#primaryimage\",\"url\":\"https:\/\/radiolifefm.com.br\/noticias\/wp-content\/uploads\/2025\/10\/WhatsApp-Image-2025-10-10-at-23.26.46.jpeg\",\"contentUrl\":\"https:\/\/radiolifefm.com.br\/noticias\/wp-content\/uploads\/2025\/10\/WhatsApp-Image-2025-10-10-at-23.26.46.jpeg\",\"width\":1200,\"height\":1600},{\"@type\":\"BreadcrumbList\",\"@id\":\"https:\/\/radiolifefm.com.br\/noticias\/podcast-agora-e-que-sao-elas-destaca-historias-inspiradoras-do-bazar-sao-jorge-em-edicao-especial-do-dia-das-criancas\/#breadcrumb\",\"itemListElement\":[{\"@type\":\"ListItem\",\"position\":1,\"name\":\"In\u00edcio\",\"item\":\"https:\/\/radiolifefm.com.br\/noticias\/\"},{\"@type\":\"ListItem\",\"position\":2,\"name\":\"Podcast \u201cAgora \u00e9 que s\u00e3o elas\u201d destaca hist\u00f3rias inspiradoras do Bazar S\u00e3o Jorge em edi\u00e7\u00e3o especial do Dia das Crian\u00e7as\"}]},{\"@type\":\"WebSite\",\"@id\":\"https:\/\/radiolifefm.com.br\/noticias\/#website\",\"url\":\"https:\/\/radiolifefm.com.br\/noticias\/\",\"name\":\"R\u00e1dio Life FM\",\"description\":\"O Portal de Not\u00edcias de Adamantina\",\"publisher\":{\"@id\":\"https:\/\/radiolifefm.com.br\/noticias\/#organization\"},\"alternateName\":\"Life FM\",\"potentialAction\":[{\"@type\":\"SearchAction\",\"target\":{\"@type\":\"EntryPoint\",\"urlTemplate\":\"https:\/\/radiolifefm.com.br\/noticias\/?s={search_term_string}\"},\"query-input\":{\"@type\":\"PropertyValueSpecification\",\"valueRequired\":true,\"valueName\":\"search_term_string\"}}],\"inLanguage\":\"pt-BR\"},{\"@type\":\"Organization\",\"@id\":\"https:\/\/radiolifefm.com.br\/noticias\/#organization\",\"name\":\"R\u00e1dio Life FM\",\"alternateName\":\"Life FM\",\"url\":\"https:\/\/radiolifefm.com.br\/noticias\/\",\"logo\":{\"@type\":\"ImageObject\",\"inLanguage\":\"pt-BR\",\"@id\":\"https:\/\/radiolifefm.com.br\/noticias\/#\/schema\/logo\/image\/\",\"url\":\"https:\/\/static.radiolifefm.com.br\/noticias\/wp-content\/uploads\/2019\/10\/logo-lifefm.png\",\"contentUrl\":\"https:\/\/static.radiolifefm.com.br\/noticias\/wp-content\/uploads\/2019\/10\/logo-lifefm.png\",\"width\":196,\"height\":47,\"caption\":\"R\u00e1dio Life FM\"},\"image\":{\"@id\":\"https:\/\/radiolifefm.com.br\/noticias\/#\/schema\/logo\/image\/\"},\"sameAs\":[\"https:\/\/www.facebook.com\/radiolifefm\/\",\"https:\/\/www.instagram.com\/life1079fm\/\"]},{\"@type\":\"Person\",\"@id\":\"https:\/\/radiolifefm.com.br\/noticias\/#\/schema\/person\/6876e1240feffe6e1b63fd5cb85abf28\",\"name\":\"joaograndao\",\"image\":{\"@type\":\"ImageObject\",\"inLanguage\":\"pt-BR\",\"@id\":\"https:\/\/secure.gravatar.com\/avatar\/d5b1a3cf357ed9c50404e256a1294083aa8ab5d2a994001567302786016cb32c?s=96&d=mm&r=g\",\"url\":\"https:\/\/secure.gravatar.com\/avatar\/d5b1a3cf357ed9c50404e256a1294083aa8ab5d2a994001567302786016cb32c?s=96&d=mm&r=g\",\"contentUrl\":\"https:\/\/secure.gravatar.com\/avatar\/d5b1a3cf357ed9c50404e256a1294083aa8ab5d2a994001567302786016cb32c?s=96&d=mm&r=g\",\"caption\":\"joaograndao\"}}]}<\/script>\n<!-- \/ Yoast SEO plugin. -->","yoast_head_json":{"title":"Podcast \u201cAgora \u00e9 que s\u00e3o elas\u201d destaca hist\u00f3rias inspiradoras do Bazar S\u00e3o Jorge em edi\u00e7\u00e3o especial do Dia das Crian\u00e7as - R\u00e1dio Life FM","robots":{"index":"index","follow":"follow","max-snippet":"max-snippet:-1","max-image-preview":"max-image-preview:large","max-video-preview":"max-video-preview:-1"},"canonical":"https:\/\/radiolifefm.com.br\/noticias\/podcast-agora-e-que-sao-elas-destaca-historias-inspiradoras-do-bazar-sao-jorge-em-edicao-especial-do-dia-das-criancas\/","og_locale":"pt_BR","og_type":"article","og_title":"Podcast \u201cAgora \u00e9 que s\u00e3o elas\u201d destaca hist\u00f3rias inspiradoras do Bazar S\u00e3o Jorge em edi\u00e7\u00e3o especial do Dia das Crian\u00e7as - R\u00e1dio Life FM","og_description":"Em celebra\u00e7\u00e3o \u00e0 semana que antecede o Dia das Crian\u00e7as, a Life FM 107.9 lan\u00e7ou no dia 9 de outubro uma edi\u00e7\u00e3o especial do podcast Agora \u00e9 que s\u00e3o elas, com foco no universo infantil e na valoriza\u00e7\u00e3o de mulheres que fazem a diferen\u00e7a no com\u00e9rcio local. Com apresenta\u00e7\u00e3o da jornalista L\u00facia Prado e da [&hellip;]","og_url":"https:\/\/radiolifefm.com.br\/noticias\/podcast-agora-e-que-sao-elas-destaca-historias-inspiradoras-do-bazar-sao-jorge-em-edicao-especial-do-dia-das-criancas\/","og_site_name":"R\u00e1dio Life FM","article_publisher":"https:\/\/www.facebook.com\/radiolifefm\/","article_published_time":"2025-10-11T23:07:04+00:00","article_modified_time":"2026-04-04T12:49:36+00:00","og_image":[{"width":1200,"height":1600,"url":"https:\/\/radiolifefm.com.br\/noticias\/wp-content\/uploads\/2025\/10\/WhatsApp-Image-2025-10-10-at-23.26.46.jpeg","type":"image\/jpeg"}],"author":"joaograndao","twitter_card":"summary_large_image","twitter_misc":{"Escrito por":"joaograndao","Est. tempo de leitura":"2 minutos"},"schema":{"@context":"https:\/\/schema.org","@graph":[{"@type":"Article","@id":"https:\/\/radiolifefm.com.br\/noticias\/podcast-agora-e-que-sao-elas-destaca-historias-inspiradoras-do-bazar-sao-jorge-em-edicao-especial-do-dia-das-criancas\/#article","isPartOf":{"@id":"https:\/\/radiolifefm.com.br\/noticias\/podcast-agora-e-que-sao-elas-destaca-historias-inspiradoras-do-bazar-sao-jorge-em-edicao-especial-do-dia-das-criancas\/"},"author":{"name":"joaograndao","@id":"https:\/\/radiolifefm.com.br\/noticias\/#\/schema\/person\/6876e1240feffe6e1b63fd5cb85abf28"},"headline":"Podcast \u201cAgora \u00e9 que s\u00e3o elas\u201d destaca hist\u00f3rias inspiradoras do Bazar S\u00e3o Jorge em edi\u00e7\u00e3o especial do Dia das Crian\u00e7as","datePublished":"2025-10-11T23:07:04+00:00","dateModified":"2026-04-04T12:49:36+00:00","mainEntityOfPage":{"@id":"https:\/\/radiolifefm.com.br\/noticias\/podcast-agora-e-que-sao-elas-destaca-historias-inspiradoras-do-bazar-sao-jorge-em-edicao-especial-do-dia-das-criancas\/"},"wordCount":351,"publisher":{"@id":"https:\/\/radiolifefm.com.br\/noticias\/#organization"},"image":{"@id":"https:\/\/radiolifefm.com.br\/noticias\/podcast-agora-e-que-sao-elas-destaca-historias-inspiradoras-do-bazar-sao-jorge-em-edicao-especial-do-dia-das-criancas\/#primaryimage"},"thumbnailUrl":"https:\/\/radiolifefm.com.br\/noticias\/wp-content\/uploads\/2025\/10\/WhatsApp-Image-2025-10-10-at-23.26.46.jpeg","articleSection":["Agora \u00e9 Que S\u00e3o Elas"],"inLanguage":"pt-BR"},{"@type":"WebPage","@id":"https:\/\/radiolifefm.com.br\/noticias\/podcast-agora-e-que-sao-elas-destaca-historias-inspiradoras-do-bazar-sao-jorge-em-edicao-especial-do-dia-das-criancas\/","url":"https:\/\/radiolifefm.com.br\/noticias\/podcast-agora-e-que-sao-elas-destaca-historias-inspiradoras-do-bazar-sao-jorge-em-edicao-especial-do-dia-das-criancas\/","name":"Podcast \u201cAgora \u00e9 que s\u00e3o elas\u201d destaca hist\u00f3rias inspiradoras do Bazar S\u00e3o Jorge em edi\u00e7\u00e3o especial do Dia das Crian\u00e7as - R\u00e1dio Life FM","isPartOf":{"@id":"https:\/\/radiolifefm.com.br\/noticias\/#website"},"primaryImageOfPage":{"@id":"https:\/\/radiolifefm.com.br\/noticias\/podcast-agora-e-que-sao-elas-destaca-historias-inspiradoras-do-bazar-sao-jorge-em-edicao-especial-do-dia-das-criancas\/#primaryimage"},"image":{"@id":"https:\/\/radiolifefm.com.br\/noticias\/podcast-agora-e-que-sao-elas-destaca-historias-inspiradoras-do-bazar-sao-jorge-em-edicao-especial-do-dia-das-criancas\/#primaryimage"},"thumbnailUrl":"https:\/\/radiolifefm.com.br\/noticias\/wp-content\/uploads\/2025\/10\/WhatsApp-Image-2025-10-10-at-23.26.46.jpeg","datePublished":"2025-10-11T23:07:04+00:00","dateModified":"2026-04-04T12:49:36+00:00","breadcrumb":{"@id":"https:\/\/radiolifefm.com.br\/noticias\/podcast-agora-e-que-sao-elas-destaca-historias-inspiradoras-do-bazar-sao-jorge-em-edicao-especial-do-dia-das-criancas\/#breadcrumb"},"inLanguage":"pt-BR","potentialAction":[{"@type":"ReadAction","target":["https:\/\/radiolifefm.com.br\/noticias\/podcast-agora-e-que-sao-elas-destaca-historias-inspiradoras-do-bazar-sao-jorge-em-edicao-especial-do-dia-das-criancas\/"]}]},{"@type":"ImageObject","inLanguage":"pt-BR","@id":"https:\/\/radiolifefm.com.br\/noticias\/podcast-agora-e-que-sao-elas-destaca-historias-inspiradoras-do-bazar-sao-jorge-em-edicao-especial-do-dia-das-criancas\/#primaryimage","url":"https:\/\/radiolifefm.com.br\/noticias\/wp-content\/uploads\/2025\/10\/WhatsApp-Image-2025-10-10-at-23.26.46.jpeg","contentUrl":"https:\/\/radiolifefm.com.br\/noticias\/wp-content\/uploads\/2025\/10\/WhatsApp-Image-2025-10-10-at-23.26.46.jpeg","width":1200,"height":1600},{"@type":"BreadcrumbList","@id":"https:\/\/radiolifefm.com.br\/noticias\/podcast-agora-e-que-sao-elas-destaca-historias-inspiradoras-do-bazar-sao-jorge-em-edicao-especial-do-dia-das-criancas\/#breadcrumb","itemListElement":[{"@type":"ListItem","position":1,"name":"In\u00edcio","item":"https:\/\/radiolifefm.com.br\/noticias\/"},{"@type":"ListItem","position":2,"name":"Podcast \u201cAgora \u00e9 que s\u00e3o elas\u201d destaca hist\u00f3rias inspiradoras do Bazar S\u00e3o Jorge em edi\u00e7\u00e3o especial do Dia das Crian\u00e7as"}]},{"@type":"WebSite","@id":"https:\/\/radiolifefm.com.br\/noticias\/#website","url":"https:\/\/radiolifefm.com.br\/noticias\/","name":"R\u00e1dio Life FM","description":"O Portal de Not\u00edcias de Adamantina","publisher":{"@id":"https:\/\/radiolifefm.com.br\/noticias\/#organization"},"alternateName":"Life FM","potentialAction":[{"@type":"SearchAction","target":{"@type":"EntryPoint","urlTemplate":"https:\/\/radiolifefm.com.br\/noticias\/?s={search_term_string}"},"query-input":{"@type":"PropertyValueSpecification","valueRequired":true,"valueName":"search_term_string"}}],"inLanguage":"pt-BR"},{"@type":"Organization","@id":"https:\/\/radiolifefm.com.br\/noticias\/#organization","name":"R\u00e1dio Life FM","alternateName":"Life FM","url":"https:\/\/radiolifefm.com.br\/noticias\/","logo":{"@type":"ImageObject","inLanguage":"pt-BR","@id":"https:\/\/radiolifefm.com.br\/noticias\/#\/schema\/logo\/image\/","url":"https:\/\/static.radiolifefm.com.br\/noticias\/wp-content\/uploads\/2019\/10\/logo-lifefm.png","contentUrl":"https:\/\/static.radiolifefm.com.br\/noticias\/wp-content\/uploads\/2019\/10\/logo-lifefm.png","width":196,"height":47,"caption":"R\u00e1dio Life FM"},"image":{"@id":"https:\/\/radiolifefm.com.br\/noticias\/#\/schema\/logo\/image\/"},"sameAs":["https:\/\/www.facebook.com\/radiolifefm\/","https:\/\/www.instagram.com\/life1079fm\/"]},{"@type":"Person","@id":"https:\/\/radiolifefm.com.br\/noticias\/#\/schema\/person\/6876e1240feffe6e1b63fd5cb85abf28","name":"joaograndao","image":{"@type":"ImageObject","inLanguage":"pt-BR","@id":"https:\/\/secure.gravatar.com\/avatar\/d5b1a3cf357ed9c50404e256a1294083aa8ab5d2a994001567302786016cb32c?s=96&d=mm&r=g","url":"https:\/\/secure.gravatar.com\/avatar\/d5b1a3cf357ed9c50404e256a1294083aa8ab5d2a994001567302786016cb32c?s=96&d=mm&r=g","contentUrl":"https:\/\/secure.gravatar.com\/avatar\/d5b1a3cf357ed9c50404e256a1294083aa8ab5d2a994001567302786016cb32c?s=96&d=mm&r=g","caption":"joaograndao"}}]}},"amp_enabled":true,"_links":{"self":[{"href":"https:\/\/radiolifefm.com.br\/noticias\/wp-json\/wp\/v2\/posts\/106373","targetHints":{"allow":["GET"]}}],"collection":[{"href":"https:\/\/radiolifefm.com.br\/noticias\/wp-json\/wp\/v2\/posts"}],"about":[{"href":"https:\/\/radiolifefm.com.br\/noticias\/wp-json\/wp\/v2\/types\/post"}],"author":[{"embeddable":true,"href":"https:\/\/radiolifefm.com.br\/noticias\/wp-json\/wp\/v2\/users\/8"}],"replies":[{"embeddable":true,"href":"https:\/\/radiolifefm.com.br\/noticias\/wp-json\/wp\/v2\/comments?post=106373"}],"version-history":[{"count":1,"href":"https:\/\/radiolifefm.com.br\/noticias\/wp-json\/wp\/v2\/posts\/106373\/revisions"}],"predecessor-version":[{"id":106392,"href":"https:\/\/radiolifefm.com.br\/noticias\/wp-json\/wp\/v2\/posts\/106373\/revisions\/106392"}],"wp:featuredmedia":[{"embeddable":true,"href":"https:\/\/radiolifefm.com.br\/noticias\/wp-json\/wp\/v2\/media\/106391"}],"wp:attachment":[{"href":"https:\/\/radiolifefm.com.br\/noticias\/wp-json\/wp\/v2\/media?parent=106373"}],"wp:term":[{"taxonomy":"category","embeddable":true,"href":"https:\/\/radiolifefm.com.br\/noticias\/wp-json\/wp\/v2\/categories?post=106373"},{"taxonomy":"post_tag","embeddable":true,"href":"https:\/\/radiolifefm.com.br\/noticias\/wp-json\/wp\/v2\/tags?post=106373"}],"curies":[{"name":"wp","href":"https:\/\/api.w.org\/{rel}","templated":true}]}}