{"id":106087,"date":"2025-10-10T13:08:29","date_gmt":"2025-10-10T16:08:29","guid":{"rendered":"https:\/\/radiolifefm.com.br\/noticias\/?p=106087"},"modified":"2026-04-27T08:11:48","modified_gmt":"2026-04-27T11:11:48","slug":"marketing-justica-e-gestao-no-pauta-aberta","status":"publish","type":"post","link":"https:\/\/radiolifefm.com.br\/noticias\/marketing-justica-e-gestao-no-pauta-aberta\/","title":{"rendered":"Marketing, justi\u00e7a e gest\u00e3o no Pauta Aberta"},"content":{"rendered":"<div id=\"fb-root\"><\/div>\n<p>&nbsp;<\/p>\n<p><strong><em>\u201cAs pessoas n\u00e3o compram bens e servi\u00e7os. Elas compram relacionamentos, hist\u00f3rias e magia.\u201d (<\/em><\/strong><a href=\"https:\/\/www.pensador.com\/autor\/seth_godin\/\"><strong><em>Seth Godin<\/em><\/strong><\/a><strong><em>)<\/em><\/strong><\/p>\n<p><strong><em>\u00a0<\/em><\/strong><\/p>\n<p><strong><em>\u201cPode haver momentos em que somos impotentes para evitar a injusti\u00e7a, mas nunca deve haver um momento em que deixemos de protestar.\u201d (Elie Wiesel)<\/em><\/strong><\/p>\n<p><strong><em>\u00a0<\/em><\/strong><\/p>\n<p><strong><em>\u201cBasicamente, a Gest\u00e3o significa influenciar a a\u00e7\u00e3o. Gest\u00e3o \u00e9 sobre ajudar as organiza\u00e7\u00f5es e as unidades fazerem o que tem que ser feito, o que significa a\u00e7\u00e3o.\u201d (<\/em><\/strong><a href=\"https:\/\/www.pensador.com\/autor\/henry_mintzberg\/\"><strong><em>Henry Mintzberg<\/em><\/strong><\/a><strong><em>)<\/em><\/strong><\/p>\n<p><strong><em>\u00a0<\/em><\/strong><\/p>\n<p>&nbsp;<\/p>\n<p><strong>S\u00e9rgio Barbosa<\/strong><\/p>\n<p>Na atual conjuntura mercadol\u00f3gica, deve-se considerar que as Organiza\u00e7\u00f5es est\u00e3o buscando de um jeito ou de outro, atestar um POSICIONAMENTO em n\u00edvel GLOCAL, ou seja, do Global para o Local&#8230;<\/p>\n<p>Desta forma, faz-se necess\u00e1rio estar em CONEX\u00c3O com as propostas mediadas pela IA- INTELIG\u00caNCIA ARTIFICIAL, portanto, o cen\u00e1rio ORGANIZACIONAL em todas as \u00e1reas do MERCADO, deve ser pautado pelas NOVAS EXIG\u00caNCIAS, ainda, que s\u00e3o desenvolvidas pela expans\u00e3o das TECNOLOGIAS afins aos interesses que envolvem o MERCADO&#8230;<\/p>\n<div class='flex flex-wrap items-center -mx-1'>\r\n<a class='thumbnail gallery p-1 w-1\/2 md:w-1\/4' href='https:\/\/radiolifefm.com.br\/noticias\/wp-content\/uploads\/2025\/10\/Marca-dagua-PAUTA-ABERTA-43.jpg'><img class='border border-white' src='https:\/\/radiolifefm.com.br\/noticias\/wp-content\/uploads\/2025\/10\/Marca-dagua-PAUTA-ABERTA-43-200x200.jpg' alt='_Marca D'agua PAUTA ABERTA (43)' \/><\/a><a class='thumbnail gallery p-1 w-1\/2 md:w-1\/4' href='https:\/\/radiolifefm.com.br\/noticias\/wp-content\/uploads\/2025\/10\/Marca-dagua-PAUTA-ABERTA-44.jpg'><img class='border border-white' src='https:\/\/radiolifefm.com.br\/noticias\/wp-content\/uploads\/2025\/10\/Marca-dagua-PAUTA-ABERTA-44-200x200.jpg' alt='_Marca D'agua PAUTA ABERTA (44)' \/><\/a><\/div>\n<p>Tamb\u00e9m, neste MEIO, existem os denominados DESENCONTROS patrocinados pelos interesses que s\u00e3o PAUTADOS em nome do MERCADO e suas ORGANIZA\u00c7\u00d5ES, por\u00e9m, n\u00e3o se pode perder a REFLEX\u00c3O CR\u00cdTICA em n\u00edvel COMUNIT\u00c1RIO&#8230;<\/p>\n<p><strong>Marketing, justi\u00e7a e gest\u00e3o<\/strong><\/p>\n<figure id=\"attachment_106091\" aria-describedby=\"caption-attachment-106091\" style=\"width: 300px\" class=\"wp-caption aligncenter\"><img loading=\"lazy\" decoding=\"async\" class=\"wp-image-106091 size-medium\" src=\"https:\/\/static.radiolifefm.com.br\/noticias\/wp-content\/uploads\/2025\/10\/Marca-dagua-PAUTA-ABERTA-45-300x300.jpg\" alt=\"\" width=\"300\" height=\"300\" srcset=\"https:\/\/radiolifefm.com.br\/noticias\/wp-content\/uploads\/2025\/10\/Marca-dagua-PAUTA-ABERTA-45-300x300.jpg 300w, https:\/\/radiolifefm.com.br\/noticias\/wp-content\/uploads\/2025\/10\/Marca-dagua-PAUTA-ABERTA-45-1024x1024.jpg 1024w, https:\/\/radiolifefm.com.br\/noticias\/wp-content\/uploads\/2025\/10\/Marca-dagua-PAUTA-ABERTA-45-150x150.jpg 150w, https:\/\/radiolifefm.com.br\/noticias\/wp-content\/uploads\/2025\/10\/Marca-dagua-PAUTA-ABERTA-45-768x768.jpg 768w, https:\/\/radiolifefm.com.br\/noticias\/wp-content\/uploads\/2025\/10\/Marca-dagua-PAUTA-ABERTA-45-200x200.jpg 200w, https:\/\/radiolifefm.com.br\/noticias\/wp-content\/uploads\/2025\/10\/Marca-dagua-PAUTA-ABERTA-45-250x250.jpg 250w, https:\/\/radiolifefm.com.br\/noticias\/wp-content\/uploads\/2025\/10\/Marca-dagua-PAUTA-ABERTA-45-500x500.jpg 500w, https:\/\/radiolifefm.com.br\/noticias\/wp-content\/uploads\/2025\/10\/Marca-dagua-PAUTA-ABERTA-45-700x700.jpg 700w, https:\/\/radiolifefm.com.br\/noticias\/wp-content\/uploads\/2025\/10\/Marca-dagua-PAUTA-ABERTA-45.jpg 1080w\" sizes=\"auto, (max-width: 300px) 100vw, 300px\" \/><figcaption id=\"caption-attachment-106091\" class=\"wp-caption-text\">M\u00e1rcio<\/figcaption><\/figure>\n<p>As atividades desenvolvidas pelos\/as PROFISSIONAIS que atuam em \u00e1reas afins aos seus objetivos mediados pela FORMA\u00c7\u00c3O ACAD\u00caMICA, bem como, EXPERI\u00caNCIA PROFISSIONAL, proporcionam muitas VIS\u00d5ES sobre as demais \u00e1reas e assim por diante&#8230;<\/p>\n<figure id=\"attachment_106090\" aria-describedby=\"caption-attachment-106090\" style=\"width: 300px\" class=\"wp-caption aligncenter\"><img loading=\"lazy\" decoding=\"async\" class=\"wp-image-106090 size-medium\" src=\"https:\/\/static.radiolifefm.com.br\/noticias\/wp-content\/uploads\/2025\/10\/Marca-dagua-PAUTA-ABERTA-46-300x300.jpg\" alt=\"\" width=\"300\" height=\"300\" srcset=\"https:\/\/radiolifefm.com.br\/noticias\/wp-content\/uploads\/2025\/10\/Marca-dagua-PAUTA-ABERTA-46-300x300.jpg 300w, https:\/\/radiolifefm.com.br\/noticias\/wp-content\/uploads\/2025\/10\/Marca-dagua-PAUTA-ABERTA-46-1024x1024.jpg 1024w, https:\/\/radiolifefm.com.br\/noticias\/wp-content\/uploads\/2025\/10\/Marca-dagua-PAUTA-ABERTA-46-150x150.jpg 150w, https:\/\/radiolifefm.com.br\/noticias\/wp-content\/uploads\/2025\/10\/Marca-dagua-PAUTA-ABERTA-46-768x768.jpg 768w, https:\/\/radiolifefm.com.br\/noticias\/wp-content\/uploads\/2025\/10\/Marca-dagua-PAUTA-ABERTA-46-200x200.jpg 200w, https:\/\/radiolifefm.com.br\/noticias\/wp-content\/uploads\/2025\/10\/Marca-dagua-PAUTA-ABERTA-46-250x250.jpg 250w, https:\/\/radiolifefm.com.br\/noticias\/wp-content\/uploads\/2025\/10\/Marca-dagua-PAUTA-ABERTA-46-500x500.jpg 500w, https:\/\/radiolifefm.com.br\/noticias\/wp-content\/uploads\/2025\/10\/Marca-dagua-PAUTA-ABERTA-46-700x700.jpg 700w, https:\/\/radiolifefm.com.br\/noticias\/wp-content\/uploads\/2025\/10\/Marca-dagua-PAUTA-ABERTA-46.jpg 1080w\" sizes=\"auto, (max-width: 300px) 100vw, 300px\" \/><figcaption id=\"caption-attachment-106090\" class=\"wp-caption-text\">M\u00e1rcio<\/figcaption><\/figure>\n<p>Neste contexto PLURAL em n\u00edvel ORGANIZACIONAL, esteve participando do PAUTA ABERTA, um convidado mais do que especial, a saber: <strong>M\u00c1RCIO BARRETO<\/strong>., Jornalista, Mercad\u00f3logo e Empreendedor&#8230;<\/p>\n<p><strong>M\u00c1RCIO<\/strong> tem atua\u00e7\u00e3o destacada em diversas \u00e1reas desde quando chegou em ADAMANTINA no ano de 2.000, portanto, desde ent\u00e3o vem buscando se POSICIONAR frente as exig\u00eancias do MERCADO em n\u00edvel REGIOCAL, ou seja, do REGIONAL para o LOCAL&#8230;<\/p>\n<p>Portanto, <strong>BARRETO<\/strong> sempre procurou e continua buscando estar em SINTONIA com o CEN\u00c1RIO local, ainda, desenvolvendo e sempre que poss\u00edvel, estar ANTENADO com as NOVAS EXIG\u00caNCIAS nas \u00e1reas do MARKETING e da GEST\u00c3O ORGANIZACIONAL&#8230;<\/p>\n<figure id=\"attachment_106089\" aria-describedby=\"caption-attachment-106089\" style=\"width: 300px\" class=\"wp-caption aligncenter\"><img loading=\"lazy\" decoding=\"async\" class=\"size-medium wp-image-106089\" src=\"https:\/\/static.radiolifefm.com.br\/noticias\/wp-content\/uploads\/2025\/10\/Marca-dagua-PAUTA-ABERTA-47-300x300.jpg\" alt=\"\" width=\"300\" height=\"300\" srcset=\"https:\/\/radiolifefm.com.br\/noticias\/wp-content\/uploads\/2025\/10\/Marca-dagua-PAUTA-ABERTA-47-300x300.jpg 300w, https:\/\/radiolifefm.com.br\/noticias\/wp-content\/uploads\/2025\/10\/Marca-dagua-PAUTA-ABERTA-47-1024x1024.jpg 1024w, https:\/\/radiolifefm.com.br\/noticias\/wp-content\/uploads\/2025\/10\/Marca-dagua-PAUTA-ABERTA-47-150x150.jpg 150w, https:\/\/radiolifefm.com.br\/noticias\/wp-content\/uploads\/2025\/10\/Marca-dagua-PAUTA-ABERTA-47-768x768.jpg 768w, https:\/\/radiolifefm.com.br\/noticias\/wp-content\/uploads\/2025\/10\/Marca-dagua-PAUTA-ABERTA-47-200x200.jpg 200w, https:\/\/radiolifefm.com.br\/noticias\/wp-content\/uploads\/2025\/10\/Marca-dagua-PAUTA-ABERTA-47-250x250.jpg 250w, https:\/\/radiolifefm.com.br\/noticias\/wp-content\/uploads\/2025\/10\/Marca-dagua-PAUTA-ABERTA-47-500x500.jpg 500w, https:\/\/radiolifefm.com.br\/noticias\/wp-content\/uploads\/2025\/10\/Marca-dagua-PAUTA-ABERTA-47-700x700.jpg 700w, https:\/\/radiolifefm.com.br\/noticias\/wp-content\/uploads\/2025\/10\/Marca-dagua-PAUTA-ABERTA-47.jpg 1080w\" sizes=\"auto, (max-width: 300px) 100vw, 300px\" \/><figcaption id=\"caption-attachment-106089\" class=\"wp-caption-text\">M\u00e1rcio<\/figcaption><\/figure>\n<p><strong>M\u00c1RCIO<\/strong>, tamb\u00e9m, refor\u00e7ou cr\u00edticas aos diversos sistemas que marcam presen\u00e7a na sustenta\u00e7\u00e3o das ORGANIZA\u00c7\u00d5ES, entre as quais, a JUSTI\u00c7A, haja vista que o BEM COMUM deve estar acima dos interesses PESSOAIS&#8230;<\/p>\n<p><strong>Equipe e apoios<\/strong><\/p>\n<p>O Programa PAUTA ABERTA conta com o apoio cultural da <strong>ESPA\u00c7O ROCK STORE<\/strong> (facebook: espa\u00e7o rock-store ou @espa\u00e7orock ou 18.99707.9175 com Paulo); tamb\u00e9m, apoio institucional da <strong>C\u00c1TEDRA UNESCO\/UMESP DE COMUNICA\u00c7\u00c3O PARA O DESENVOLVIMENTO REGIONAL&#8230;<\/strong><\/p>\n<p>A <strong><em>Equipe de apoio<\/em><\/strong> nas atividades com trabalhos t\u00e9cnicos\/edi\u00e7\u00f5es de v\u00eddeo e \u00e1udio\/fotografia\/assessoria de mkt\/divulga\u00e7\u00e3o s\u00e3o de responsabilidade LIFE FM, ainda, o Jornalista respons\u00e1vel pela R\u00e1dio Comunit\u00e1ria,<strong>\u201cJo\u00e3o C\u00e9sar Prado\u201d&#8230;<\/strong><\/p>\n<p>A Coordena\u00e7\u00e3o editorial, dire\u00e7\u00e3o, apresenta\u00e7\u00e3o e jornalista respons\u00e1vel do Programa PAUTA ABERTA est\u00e1 com <strong><em>S\u00c9RGIO BARBOSA (seb@r)- <\/em><\/strong><strong><em>MTb No. 16.772\/SP \u2013 MS 18.209\/SJSP&#8230;<\/em><\/strong><\/p>\n<p>&nbsp;<\/p>\n","protected":false},"excerpt":{"rendered":"<p>&nbsp; \u201cAs pessoas n\u00e3o compram bens e servi\u00e7os. Elas compram relacionamentos, hist\u00f3rias e magia.\u201d (Seth Godin) \u00a0 \u201cPode haver momentos em que somos impotentes para evitar a injusti\u00e7a, mas nunca deve haver um momento em que deixemos de protestar.\u201d (Elie Wiesel) \u00a0 \u201cBasicamente, a Gest\u00e3o significa influenciar a a\u00e7\u00e3o. Gest\u00e3o \u00e9 sobre ajudar as organiza\u00e7\u00f5es [&hellip;]<\/p>\n","protected":false},"author":8,"featured_media":106088,"comment_status":"closed","ping_status":"open","sticky":false,"template":"","format":"standard","meta":{"_acf_changed":false,"_exactmetrics_skip_tracking":false,"_exactmetrics_sitenote_active":false,"_exactmetrics_sitenote_note":"","_exactmetrics_sitenote_category":0,"footnotes":""},"categories":[126],"tags":[],"class_list":["post-106087","post","type-post","status-publish","format-standard","has-post-thumbnail","hentry","category-pauta-aberta"],"acf":[],"yoast_head":"<!-- This site is optimized with the Yoast SEO plugin v27.2 - https:\/\/yoast.com\/product\/yoast-seo-wordpress\/ -->\n<title>Marketing, justi\u00e7a e gest\u00e3o no Pauta Aberta - R\u00e1dio Life FM<\/title>\n<meta name=\"robots\" content=\"index, follow, max-snippet:-1, max-image-preview:large, max-video-preview:-1\" \/>\n<link rel=\"canonical\" href=\"https:\/\/radiolifefm.com.br\/noticias\/marketing-justica-e-gestao-no-pauta-aberta\/\" \/>\n<meta property=\"og:locale\" content=\"pt_BR\" \/>\n<meta property=\"og:type\" content=\"article\" \/>\n<meta property=\"og:title\" content=\"Marketing, justi\u00e7a e gest\u00e3o no Pauta Aberta - R\u00e1dio Life FM\" \/>\n<meta property=\"og:description\" content=\"&nbsp; \u201cAs pessoas n\u00e3o compram bens e servi\u00e7os. Elas compram relacionamentos, hist\u00f3rias e magia.\u201d (Seth Godin) \u00a0 \u201cPode haver momentos em que somos impotentes para evitar a injusti\u00e7a, mas nunca deve haver um momento em que deixemos de protestar.\u201d (Elie Wiesel) \u00a0 \u201cBasicamente, a Gest\u00e3o significa influenciar a a\u00e7\u00e3o. Gest\u00e3o \u00e9 sobre ajudar as organiza\u00e7\u00f5es [&hellip;]\" \/>\n<meta property=\"og:url\" content=\"https:\/\/radiolifefm.com.br\/noticias\/marketing-justica-e-gestao-no-pauta-aberta\/\" \/>\n<meta property=\"og:site_name\" content=\"R\u00e1dio Life FM\" \/>\n<meta property=\"article:publisher\" content=\"https:\/\/www.facebook.com\/radiolifefm\/\" \/>\n<meta property=\"article:published_time\" content=\"2025-10-10T16:08:29+00:00\" \/>\n<meta property=\"article:modified_time\" content=\"2026-04-27T11:11:48+00:00\" \/>\n<meta property=\"og:image\" content=\"https:\/\/radiolifefm.com.br\/noticias\/wp-content\/uploads\/2025\/10\/Capa-Site-64.jpg\" \/>\n\t<meta property=\"og:image:width\" content=\"1366\" \/>\n\t<meta property=\"og:image:height\" content=\"768\" \/>\n\t<meta property=\"og:image:type\" content=\"image\/jpeg\" \/>\n<meta name=\"author\" content=\"joaograndao\" \/>\n<meta name=\"twitter:card\" content=\"summary_large_image\" \/>\n<meta name=\"twitter:label1\" content=\"Escrito por\" \/>\n\t<meta name=\"twitter:data1\" content=\"joaograndao\" \/>\n\t<meta name=\"twitter:label2\" content=\"Est. tempo de leitura\" \/>\n\t<meta name=\"twitter:data2\" content=\"4 minutos\" \/>\n<script type=\"application\/ld+json\" class=\"yoast-schema-graph\">{\"@context\":\"https:\/\/schema.org\",\"@graph\":[{\"@type\":\"Article\",\"@id\":\"https:\/\/radiolifefm.com.br\/noticias\/marketing-justica-e-gestao-no-pauta-aberta\/#article\",\"isPartOf\":{\"@id\":\"https:\/\/radiolifefm.com.br\/noticias\/marketing-justica-e-gestao-no-pauta-aberta\/\"},\"author\":{\"name\":\"joaograndao\",\"@id\":\"https:\/\/radiolifefm.com.br\/noticias\/#\/schema\/person\/6876e1240feffe6e1b63fd5cb85abf28\"},\"headline\":\"Marketing, justi\u00e7a e gest\u00e3o no Pauta Aberta\",\"datePublished\":\"2025-10-10T16:08:29+00:00\",\"dateModified\":\"2026-04-27T11:11:48+00:00\",\"mainEntityOfPage\":{\"@id\":\"https:\/\/radiolifefm.com.br\/noticias\/marketing-justica-e-gestao-no-pauta-aberta\/\"},\"wordCount\":553,\"publisher\":{\"@id\":\"https:\/\/radiolifefm.com.br\/noticias\/#organization\"},\"image\":{\"@id\":\"https:\/\/radiolifefm.com.br\/noticias\/marketing-justica-e-gestao-no-pauta-aberta\/#primaryimage\"},\"thumbnailUrl\":\"https:\/\/radiolifefm.com.br\/noticias\/wp-content\/uploads\/2025\/10\/Capa-Site-64.jpg\",\"articleSection\":[\"Pauta Aberta\"],\"inLanguage\":\"pt-BR\"},{\"@type\":\"WebPage\",\"@id\":\"https:\/\/radiolifefm.com.br\/noticias\/marketing-justica-e-gestao-no-pauta-aberta\/\",\"url\":\"https:\/\/radiolifefm.com.br\/noticias\/marketing-justica-e-gestao-no-pauta-aberta\/\",\"name\":\"Marketing, justi\u00e7a e gest\u00e3o no Pauta Aberta - R\u00e1dio Life FM\",\"isPartOf\":{\"@id\":\"https:\/\/radiolifefm.com.br\/noticias\/#website\"},\"primaryImageOfPage\":{\"@id\":\"https:\/\/radiolifefm.com.br\/noticias\/marketing-justica-e-gestao-no-pauta-aberta\/#primaryimage\"},\"image\":{\"@id\":\"https:\/\/radiolifefm.com.br\/noticias\/marketing-justica-e-gestao-no-pauta-aberta\/#primaryimage\"},\"thumbnailUrl\":\"https:\/\/radiolifefm.com.br\/noticias\/wp-content\/uploads\/2025\/10\/Capa-Site-64.jpg\",\"datePublished\":\"2025-10-10T16:08:29+00:00\",\"dateModified\":\"2026-04-27T11:11:48+00:00\",\"breadcrumb\":{\"@id\":\"https:\/\/radiolifefm.com.br\/noticias\/marketing-justica-e-gestao-no-pauta-aberta\/#breadcrumb\"},\"inLanguage\":\"pt-BR\",\"potentialAction\":[{\"@type\":\"ReadAction\",\"target\":[\"https:\/\/radiolifefm.com.br\/noticias\/marketing-justica-e-gestao-no-pauta-aberta\/\"]}]},{\"@type\":\"ImageObject\",\"inLanguage\":\"pt-BR\",\"@id\":\"https:\/\/radiolifefm.com.br\/noticias\/marketing-justica-e-gestao-no-pauta-aberta\/#primaryimage\",\"url\":\"https:\/\/radiolifefm.com.br\/noticias\/wp-content\/uploads\/2025\/10\/Capa-Site-64.jpg\",\"contentUrl\":\"https:\/\/radiolifefm.com.br\/noticias\/wp-content\/uploads\/2025\/10\/Capa-Site-64.jpg\",\"width\":1366,\"height\":768,\"caption\":\"seb@r e M\u00e1rcio\"},{\"@type\":\"BreadcrumbList\",\"@id\":\"https:\/\/radiolifefm.com.br\/noticias\/marketing-justica-e-gestao-no-pauta-aberta\/#breadcrumb\",\"itemListElement\":[{\"@type\":\"ListItem\",\"position\":1,\"name\":\"In\u00edcio\",\"item\":\"https:\/\/radiolifefm.com.br\/noticias\/\"},{\"@type\":\"ListItem\",\"position\":2,\"name\":\"Marketing, justi\u00e7a e gest\u00e3o no Pauta Aberta\"}]},{\"@type\":\"WebSite\",\"@id\":\"https:\/\/radiolifefm.com.br\/noticias\/#website\",\"url\":\"https:\/\/radiolifefm.com.br\/noticias\/\",\"name\":\"R\u00e1dio Life FM\",\"description\":\"O Portal de Not\u00edcias de Adamantina\",\"publisher\":{\"@id\":\"https:\/\/radiolifefm.com.br\/noticias\/#organization\"},\"alternateName\":\"Life FM\",\"potentialAction\":[{\"@type\":\"SearchAction\",\"target\":{\"@type\":\"EntryPoint\",\"urlTemplate\":\"https:\/\/radiolifefm.com.br\/noticias\/?s={search_term_string}\"},\"query-input\":{\"@type\":\"PropertyValueSpecification\",\"valueRequired\":true,\"valueName\":\"search_term_string\"}}],\"inLanguage\":\"pt-BR\"},{\"@type\":\"Organization\",\"@id\":\"https:\/\/radiolifefm.com.br\/noticias\/#organization\",\"name\":\"R\u00e1dio Life FM\",\"alternateName\":\"Life FM\",\"url\":\"https:\/\/radiolifefm.com.br\/noticias\/\",\"logo\":{\"@type\":\"ImageObject\",\"inLanguage\":\"pt-BR\",\"@id\":\"https:\/\/radiolifefm.com.br\/noticias\/#\/schema\/logo\/image\/\",\"url\":\"https:\/\/static.radiolifefm.com.br\/noticias\/wp-content\/uploads\/2019\/10\/logo-lifefm.png\",\"contentUrl\":\"https:\/\/static.radiolifefm.com.br\/noticias\/wp-content\/uploads\/2019\/10\/logo-lifefm.png\",\"width\":196,\"height\":47,\"caption\":\"R\u00e1dio Life FM\"},\"image\":{\"@id\":\"https:\/\/radiolifefm.com.br\/noticias\/#\/schema\/logo\/image\/\"},\"sameAs\":[\"https:\/\/www.facebook.com\/radiolifefm\/\",\"https:\/\/www.instagram.com\/life1079fm\/\"]},{\"@type\":\"Person\",\"@id\":\"https:\/\/radiolifefm.com.br\/noticias\/#\/schema\/person\/6876e1240feffe6e1b63fd5cb85abf28\",\"name\":\"joaograndao\",\"image\":{\"@type\":\"ImageObject\",\"inLanguage\":\"pt-BR\",\"@id\":\"https:\/\/secure.gravatar.com\/avatar\/d5b1a3cf357ed9c50404e256a1294083aa8ab5d2a994001567302786016cb32c?s=96&d=mm&r=g\",\"url\":\"https:\/\/secure.gravatar.com\/avatar\/d5b1a3cf357ed9c50404e256a1294083aa8ab5d2a994001567302786016cb32c?s=96&d=mm&r=g\",\"contentUrl\":\"https:\/\/secure.gravatar.com\/avatar\/d5b1a3cf357ed9c50404e256a1294083aa8ab5d2a994001567302786016cb32c?s=96&d=mm&r=g\",\"caption\":\"joaograndao\"}}]}<\/script>\n<!-- \/ Yoast SEO plugin. -->","yoast_head_json":{"title":"Marketing, justi\u00e7a e gest\u00e3o no Pauta Aberta - R\u00e1dio Life FM","robots":{"index":"index","follow":"follow","max-snippet":"max-snippet:-1","max-image-preview":"max-image-preview:large","max-video-preview":"max-video-preview:-1"},"canonical":"https:\/\/radiolifefm.com.br\/noticias\/marketing-justica-e-gestao-no-pauta-aberta\/","og_locale":"pt_BR","og_type":"article","og_title":"Marketing, justi\u00e7a e gest\u00e3o no Pauta Aberta - R\u00e1dio Life FM","og_description":"&nbsp; \u201cAs pessoas n\u00e3o compram bens e servi\u00e7os. Elas compram relacionamentos, hist\u00f3rias e magia.\u201d (Seth Godin) \u00a0 \u201cPode haver momentos em que somos impotentes para evitar a injusti\u00e7a, mas nunca deve haver um momento em que deixemos de protestar.\u201d (Elie Wiesel) \u00a0 \u201cBasicamente, a Gest\u00e3o significa influenciar a a\u00e7\u00e3o. Gest\u00e3o \u00e9 sobre ajudar as organiza\u00e7\u00f5es [&hellip;]","og_url":"https:\/\/radiolifefm.com.br\/noticias\/marketing-justica-e-gestao-no-pauta-aberta\/","og_site_name":"R\u00e1dio Life FM","article_publisher":"https:\/\/www.facebook.com\/radiolifefm\/","article_published_time":"2025-10-10T16:08:29+00:00","article_modified_time":"2026-04-27T11:11:48+00:00","og_image":[{"width":1366,"height":768,"url":"https:\/\/radiolifefm.com.br\/noticias\/wp-content\/uploads\/2025\/10\/Capa-Site-64.jpg","type":"image\/jpeg"}],"author":"joaograndao","twitter_card":"summary_large_image","twitter_misc":{"Escrito por":"joaograndao","Est. tempo de leitura":"4 minutos"},"schema":{"@context":"https:\/\/schema.org","@graph":[{"@type":"Article","@id":"https:\/\/radiolifefm.com.br\/noticias\/marketing-justica-e-gestao-no-pauta-aberta\/#article","isPartOf":{"@id":"https:\/\/radiolifefm.com.br\/noticias\/marketing-justica-e-gestao-no-pauta-aberta\/"},"author":{"name":"joaograndao","@id":"https:\/\/radiolifefm.com.br\/noticias\/#\/schema\/person\/6876e1240feffe6e1b63fd5cb85abf28"},"headline":"Marketing, justi\u00e7a e gest\u00e3o no Pauta Aberta","datePublished":"2025-10-10T16:08:29+00:00","dateModified":"2026-04-27T11:11:48+00:00","mainEntityOfPage":{"@id":"https:\/\/radiolifefm.com.br\/noticias\/marketing-justica-e-gestao-no-pauta-aberta\/"},"wordCount":553,"publisher":{"@id":"https:\/\/radiolifefm.com.br\/noticias\/#organization"},"image":{"@id":"https:\/\/radiolifefm.com.br\/noticias\/marketing-justica-e-gestao-no-pauta-aberta\/#primaryimage"},"thumbnailUrl":"https:\/\/radiolifefm.com.br\/noticias\/wp-content\/uploads\/2025\/10\/Capa-Site-64.jpg","articleSection":["Pauta Aberta"],"inLanguage":"pt-BR"},{"@type":"WebPage","@id":"https:\/\/radiolifefm.com.br\/noticias\/marketing-justica-e-gestao-no-pauta-aberta\/","url":"https:\/\/radiolifefm.com.br\/noticias\/marketing-justica-e-gestao-no-pauta-aberta\/","name":"Marketing, justi\u00e7a e gest\u00e3o no Pauta Aberta - R\u00e1dio Life FM","isPartOf":{"@id":"https:\/\/radiolifefm.com.br\/noticias\/#website"},"primaryImageOfPage":{"@id":"https:\/\/radiolifefm.com.br\/noticias\/marketing-justica-e-gestao-no-pauta-aberta\/#primaryimage"},"image":{"@id":"https:\/\/radiolifefm.com.br\/noticias\/marketing-justica-e-gestao-no-pauta-aberta\/#primaryimage"},"thumbnailUrl":"https:\/\/radiolifefm.com.br\/noticias\/wp-content\/uploads\/2025\/10\/Capa-Site-64.jpg","datePublished":"2025-10-10T16:08:29+00:00","dateModified":"2026-04-27T11:11:48+00:00","breadcrumb":{"@id":"https:\/\/radiolifefm.com.br\/noticias\/marketing-justica-e-gestao-no-pauta-aberta\/#breadcrumb"},"inLanguage":"pt-BR","potentialAction":[{"@type":"ReadAction","target":["https:\/\/radiolifefm.com.br\/noticias\/marketing-justica-e-gestao-no-pauta-aberta\/"]}]},{"@type":"ImageObject","inLanguage":"pt-BR","@id":"https:\/\/radiolifefm.com.br\/noticias\/marketing-justica-e-gestao-no-pauta-aberta\/#primaryimage","url":"https:\/\/radiolifefm.com.br\/noticias\/wp-content\/uploads\/2025\/10\/Capa-Site-64.jpg","contentUrl":"https:\/\/radiolifefm.com.br\/noticias\/wp-content\/uploads\/2025\/10\/Capa-Site-64.jpg","width":1366,"height":768,"caption":"seb@r e M\u00e1rcio"},{"@type":"BreadcrumbList","@id":"https:\/\/radiolifefm.com.br\/noticias\/marketing-justica-e-gestao-no-pauta-aberta\/#breadcrumb","itemListElement":[{"@type":"ListItem","position":1,"name":"In\u00edcio","item":"https:\/\/radiolifefm.com.br\/noticias\/"},{"@type":"ListItem","position":2,"name":"Marketing, justi\u00e7a e gest\u00e3o no Pauta Aberta"}]},{"@type":"WebSite","@id":"https:\/\/radiolifefm.com.br\/noticias\/#website","url":"https:\/\/radiolifefm.com.br\/noticias\/","name":"R\u00e1dio Life FM","description":"O Portal de Not\u00edcias de Adamantina","publisher":{"@id":"https:\/\/radiolifefm.com.br\/noticias\/#organization"},"alternateName":"Life FM","potentialAction":[{"@type":"SearchAction","target":{"@type":"EntryPoint","urlTemplate":"https:\/\/radiolifefm.com.br\/noticias\/?s={search_term_string}"},"query-input":{"@type":"PropertyValueSpecification","valueRequired":true,"valueName":"search_term_string"}}],"inLanguage":"pt-BR"},{"@type":"Organization","@id":"https:\/\/radiolifefm.com.br\/noticias\/#organization","name":"R\u00e1dio Life FM","alternateName":"Life FM","url":"https:\/\/radiolifefm.com.br\/noticias\/","logo":{"@type":"ImageObject","inLanguage":"pt-BR","@id":"https:\/\/radiolifefm.com.br\/noticias\/#\/schema\/logo\/image\/","url":"https:\/\/static.radiolifefm.com.br\/noticias\/wp-content\/uploads\/2019\/10\/logo-lifefm.png","contentUrl":"https:\/\/static.radiolifefm.com.br\/noticias\/wp-content\/uploads\/2019\/10\/logo-lifefm.png","width":196,"height":47,"caption":"R\u00e1dio Life FM"},"image":{"@id":"https:\/\/radiolifefm.com.br\/noticias\/#\/schema\/logo\/image\/"},"sameAs":["https:\/\/www.facebook.com\/radiolifefm\/","https:\/\/www.instagram.com\/life1079fm\/"]},{"@type":"Person","@id":"https:\/\/radiolifefm.com.br\/noticias\/#\/schema\/person\/6876e1240feffe6e1b63fd5cb85abf28","name":"joaograndao","image":{"@type":"ImageObject","inLanguage":"pt-BR","@id":"https:\/\/secure.gravatar.com\/avatar\/d5b1a3cf357ed9c50404e256a1294083aa8ab5d2a994001567302786016cb32c?s=96&d=mm&r=g","url":"https:\/\/secure.gravatar.com\/avatar\/d5b1a3cf357ed9c50404e256a1294083aa8ab5d2a994001567302786016cb32c?s=96&d=mm&r=g","contentUrl":"https:\/\/secure.gravatar.com\/avatar\/d5b1a3cf357ed9c50404e256a1294083aa8ab5d2a994001567302786016cb32c?s=96&d=mm&r=g","caption":"joaograndao"}}]}},"amp_enabled":true,"_links":{"self":[{"href":"https:\/\/radiolifefm.com.br\/noticias\/wp-json\/wp\/v2\/posts\/106087","targetHints":{"allow":["GET"]}}],"collection":[{"href":"https:\/\/radiolifefm.com.br\/noticias\/wp-json\/wp\/v2\/posts"}],"about":[{"href":"https:\/\/radiolifefm.com.br\/noticias\/wp-json\/wp\/v2\/types\/post"}],"author":[{"embeddable":true,"href":"https:\/\/radiolifefm.com.br\/noticias\/wp-json\/wp\/v2\/users\/8"}],"replies":[{"embeddable":true,"href":"https:\/\/radiolifefm.com.br\/noticias\/wp-json\/wp\/v2\/comments?post=106087"}],"version-history":[{"count":1,"href":"https:\/\/radiolifefm.com.br\/noticias\/wp-json\/wp\/v2\/posts\/106087\/revisions"}],"predecessor-version":[{"id":106095,"href":"https:\/\/radiolifefm.com.br\/noticias\/wp-json\/wp\/v2\/posts\/106087\/revisions\/106095"}],"wp:featuredmedia":[{"embeddable":true,"href":"https:\/\/radiolifefm.com.br\/noticias\/wp-json\/wp\/v2\/media\/106088"}],"wp:attachment":[{"href":"https:\/\/radiolifefm.com.br\/noticias\/wp-json\/wp\/v2\/media?parent=106087"}],"wp:term":[{"taxonomy":"category","embeddable":true,"href":"https:\/\/radiolifefm.com.br\/noticias\/wp-json\/wp\/v2\/categories?post=106087"},{"taxonomy":"post_tag","embeddable":true,"href":"https:\/\/radiolifefm.com.br\/noticias\/wp-json\/wp\/v2\/tags?post=106087"}],"curies":[{"name":"wp","href":"https:\/\/api.w.org\/{rel}","templated":true}]}}