{"id":105946,"date":"2025-10-03T21:46:20","date_gmt":"2025-10-04T00:46:20","guid":{"rendered":"https:\/\/radiolifefm.com.br\/noticias\/?p=105946"},"modified":"2026-04-18T00:35:38","modified_gmt":"2026-04-18T03:35:38","slug":"alem-do-senso-comum-nesta-provincia-do-faz-de-conta-2","status":"publish","type":"post","link":"https:\/\/radiolifefm.com.br\/noticias\/alem-do-senso-comum-nesta-provincia-do-faz-de-conta-2\/","title":{"rendered":"AL\u00c9M DO SENSO COMUM NESTA PROV\u00cdNCIA DO FAZ DE CONTA&#8230;"},"content":{"rendered":"<div id=\"fb-root\"><\/div>\n<p><em>\u201cO reformador est\u00e1 sempre certo sobre o que est\u00e1 errado. Ele, geralmente, est\u00e1 errado sobre o que est\u00e1 certo.\u201d (G. K. Chesterton) <\/em><\/p>\n<p><strong>seb@r. <\/strong><\/p>\n<p>Faz alguns meses que este articulista vem escrevendo sobre temas diversos nesta coluna, ainda, buscando desta forma colocar os\/as leitores\/as em contato com os diversos debates em terras provincianas&#8230;<\/p>\n<p>Por\u00e9m, o olhar sempre ocorre por meio da reflex\u00e3o cr\u00edtica sobre tais temas e tem\u00e1ticas, tentando destacar de um jeito ou de outro quest\u00f5es de interesse coletivo para o contexto plural dos fatos&#8230;<\/p>\n<p>Entretanto, desenvolver tais atividades \u00e9 um desafio &#8220;a perder de vista&#8221; como afirma o dito popular, entretanto, a insist\u00eancia sobre alguns temas nestes artigos s\u00e3o necess\u00e1rios, ainda, para que a \u201creflex\u00e3o cr\u00edtica\u201d possa estar acima do senso comum que predomina nos quatro cantos desta Prov\u00edncia do faz de conta&#8230;<\/p>\n<p>Por isso e mais aquilo, n\u00e3o se pode &#8220;fazer de conta&#8221; nos locais de encontros da turma de sempre em terras provincianas, haja vista os desencontros patrocinados pelo &#8220;senso comum&#8221; sobre tudo e todos, ainda, acima do bem e do mal ou do bom e mau &#8230;<\/p>\n<p>Diz um outro dito popular, a saber; &#8220;que uma andorinha sozinha n\u00e3o faz ver\u00e3o&#8221;, entretanto, afirma um outro dito, &#8220;que de gr\u00e3o em gr\u00e3o a galinha enche o papo&#8221;, portanto, pode-se projetar que existe alternativa para a reflex\u00e3o cr\u00edtica em terras provincianas&#8230;<\/p>\n<p>O que n\u00e3o se pode fazer \u00e9 ficar distante deste debate, ou seja, temas e tem\u00e1ticas relacionadas com a pol\u00edtica por meio dos politiqueiros de sempre no cen\u00e1rio provinciano, bem como, quando tais desencontros est\u00e3o direcionados com o outro lado, das &#8220;paredes alvas&#8221; e assim por diante&#8230;<\/p>\n<p>O cen\u00e1rio continua em &#8220;estado de alerta m\u00e1ximo&#8221; em todas as \u00e1reas e &#8220;todo cuidado \u00e9 pouco&#8221; quanto ao contexto da produ\u00e7\u00e3o e presta\u00e7\u00e3o de servi\u00e7os, tendo em vista que as medidas implementadas pelas pol\u00edticas p\u00fablicas em n\u00edvel local, ainda, proporcionaram resultados esperados pela comunidade provinciana&#8230;<\/p>\n<p>E segundo os analistas de plant\u00e3o nas quest\u00f5es econ\u00f4micas, este ano muita coisa pode ocorrer em n\u00edvel internacional com reflexos diretos no &#8220;Pa\u00eds do faz de conta&#8221; e por tabela na denominada regi\u00e3o da &#8220;nova&#8221; alta paulista&#8230;<\/p>\n<p>A comunidade provinciana deve estar atenta a tais movimenta\u00e7\u00f5es que quase sempre ocorrem nos bastidores do poder pelo poder em busca do poder, por\u00e9m, a &#8220;uni\u00e3o faz a for\u00e7a&#8221; pra que muitas decis\u00f5es sejam revogadas em nome do compromisso assumido nas campanhas eleitorais dos candidatos que foram vencedores nas \u00faltimas elei\u00e7\u00f5es para o executivo e legislativo provinciano&#8230;<\/p>\n<p>Os discursos com fundamenta\u00e7\u00e3o no &#8220;senso comum&#8221; do pode executivo municipal com aval do legislativo por meio da &#8220;maioria absoluta&#8221; nas vota\u00e7\u00f5es, pode proporcionar retrocessos em todas as \u00e1reas dominadas pelo pelo &#8220;executivo municipal&#8221; neste tempo novo tempo que se chama hoje&#8230;<\/p>\n<p>Pelo dito acima, a comunidade provinciana n\u00e3o pode ficar distante dos fatos que ocorrem nos &#8220;bastidores&#8221; da politicagem por meio dos compromissos assumidos na Campanha eleitoral dos vencedores&#8230;<\/p>\n<p>Tamb\u00e9m, espera-se que essa turma do \u201cNovo\u201d (sic) possa sair da mesmice de sempre, por\u00e9m, n\u00e3o se pode esperar muita coisa onde existe o \u201ccoiso\u201d e assim por diante&#8230;<\/p>\n<p>Finalizando, &#8220;apesar de voc\u00ea&#8221;, existe uma minoria que sabe o que est\u00e1 ocorrendo neste jogo do poder provinciano, tendo em vista que &#8220;mudam as moscas, mas a m&#8230; \u00e9 sempre a mesma&#8221;&#8230;<\/p>\n<p>__________________________________<\/p>\n<p>e-mail: barbosa.sebar@gmail.com<\/p>\n<p>&nbsp;<\/p>\n<p>&nbsp;<\/p>\n","protected":false},"excerpt":{"rendered":"<p>\u201cO reformador est\u00e1 sempre certo sobre o que est\u00e1 errado. Ele, geralmente, est\u00e1 errado sobre o que est\u00e1 certo.\u201d (G. K. Chesterton) seb@r. Faz alguns meses que este articulista vem escrevendo sobre temas diversos nesta coluna, ainda, buscando desta forma colocar os\/as leitores\/as em contato com os diversos debates em terras provincianas&#8230; Por\u00e9m, o olhar [&hellip;]<\/p>\n","protected":false},"author":13,"featured_media":51988,"comment_status":"closed","ping_status":"open","sticky":false,"template":"","format":"standard","meta":{"_acf_changed":false,"_exactmetrics_skip_tracking":false,"_exactmetrics_sitenote_active":false,"_exactmetrics_sitenote_note":"","_exactmetrics_sitenote_category":0,"footnotes":""},"categories":[59],"tags":[],"class_list":["post-105946","post","type-post","status-publish","format-standard","has-post-thumbnail","hentry","category-opiniao"],"acf":[],"yoast_head":"<!-- This site is optimized with the Yoast SEO plugin v27.2 - https:\/\/yoast.com\/product\/yoast-seo-wordpress\/ -->\n<title>AL\u00c9M DO SENSO COMUM NESTA PROV\u00cdNCIA DO FAZ DE CONTA... - R\u00e1dio Life FM<\/title>\n<meta name=\"robots\" content=\"index, follow, max-snippet:-1, max-image-preview:large, max-video-preview:-1\" \/>\n<link rel=\"canonical\" href=\"https:\/\/radiolifefm.com.br\/noticias\/alem-do-senso-comum-nesta-provincia-do-faz-de-conta-2\/\" \/>\n<meta property=\"og:locale\" content=\"pt_BR\" \/>\n<meta property=\"og:type\" content=\"article\" \/>\n<meta property=\"og:title\" content=\"AL\u00c9M DO SENSO COMUM NESTA PROV\u00cdNCIA DO FAZ DE CONTA... - R\u00e1dio Life FM\" \/>\n<meta property=\"og:description\" content=\"\u201cO reformador est\u00e1 sempre certo sobre o que est\u00e1 errado. Ele, geralmente, est\u00e1 errado sobre o que est\u00e1 certo.\u201d (G. K. Chesterton) seb@r. Faz alguns meses que este articulista vem escrevendo sobre temas diversos nesta coluna, ainda, buscando desta forma colocar os\/as leitores\/as em contato com os diversos debates em terras provincianas&#8230; Por\u00e9m, o olhar [&hellip;]\" \/>\n<meta property=\"og:url\" content=\"https:\/\/radiolifefm.com.br\/noticias\/alem-do-senso-comum-nesta-provincia-do-faz-de-conta-2\/\" \/>\n<meta property=\"og:site_name\" content=\"R\u00e1dio Life FM\" \/>\n<meta property=\"article:publisher\" content=\"https:\/\/www.facebook.com\/radiolifefm\/\" \/>\n<meta property=\"article:published_time\" content=\"2025-10-04T00:46:20+00:00\" \/>\n<meta property=\"article:modified_time\" content=\"2026-04-18T03:35:38+00:00\" \/>\n<meta property=\"og:image\" content=\"https:\/\/radiolifefm.com.br\/noticias\/wp-content\/uploads\/2022\/04\/WhatsApp-Image-2022-04-10-at-18.43.02.jpeg\" \/>\n\t<meta property=\"og:image:width\" content=\"972\" \/>\n\t<meta property=\"og:image:height\" content=\"1296\" \/>\n\t<meta property=\"og:image:type\" content=\"image\/jpeg\" \/>\n<meta name=\"author\" content=\"ritanery\" \/>\n<meta name=\"twitter:card\" content=\"summary_large_image\" \/>\n<meta name=\"twitter:label1\" content=\"Escrito por\" \/>\n\t<meta name=\"twitter:data1\" content=\"ritanery\" \/>\n\t<meta name=\"twitter:label2\" content=\"Est. tempo de leitura\" \/>\n\t<meta name=\"twitter:data2\" content=\"4 minutos\" \/>\n<script type=\"application\/ld+json\" class=\"yoast-schema-graph\">{\"@context\":\"https:\/\/schema.org\",\"@graph\":[{\"@type\":\"Article\",\"@id\":\"https:\/\/radiolifefm.com.br\/noticias\/alem-do-senso-comum-nesta-provincia-do-faz-de-conta-2\/#article\",\"isPartOf\":{\"@id\":\"https:\/\/radiolifefm.com.br\/noticias\/alem-do-senso-comum-nesta-provincia-do-faz-de-conta-2\/\"},\"author\":{\"name\":\"ritanery\",\"@id\":\"https:\/\/radiolifefm.com.br\/noticias\/#\/schema\/person\/6339b9fac59d12b071dec680d7375d87\"},\"headline\":\"AL\u00c9M DO SENSO COMUM NESTA PROV\u00cdNCIA DO FAZ DE CONTA&#8230;\",\"datePublished\":\"2025-10-04T00:46:20+00:00\",\"dateModified\":\"2026-04-18T03:35:38+00:00\",\"mainEntityOfPage\":{\"@id\":\"https:\/\/radiolifefm.com.br\/noticias\/alem-do-senso-comum-nesta-provincia-do-faz-de-conta-2\/\"},\"wordCount\":607,\"publisher\":{\"@id\":\"https:\/\/radiolifefm.com.br\/noticias\/#organization\"},\"image\":{\"@id\":\"https:\/\/radiolifefm.com.br\/noticias\/alem-do-senso-comum-nesta-provincia-do-faz-de-conta-2\/#primaryimage\"},\"thumbnailUrl\":\"https:\/\/radiolifefm.com.br\/noticias\/wp-content\/uploads\/2022\/04\/WhatsApp-Image-2022-04-10-at-18.43.02.jpeg\",\"articleSection\":[\"Opini\u00e3o\"],\"inLanguage\":\"pt-BR\"},{\"@type\":\"WebPage\",\"@id\":\"https:\/\/radiolifefm.com.br\/noticias\/alem-do-senso-comum-nesta-provincia-do-faz-de-conta-2\/\",\"url\":\"https:\/\/radiolifefm.com.br\/noticias\/alem-do-senso-comum-nesta-provincia-do-faz-de-conta-2\/\",\"name\":\"AL\u00c9M DO SENSO COMUM NESTA PROV\u00cdNCIA DO FAZ DE CONTA... - R\u00e1dio Life FM\",\"isPartOf\":{\"@id\":\"https:\/\/radiolifefm.com.br\/noticias\/#website\"},\"primaryImageOfPage\":{\"@id\":\"https:\/\/radiolifefm.com.br\/noticias\/alem-do-senso-comum-nesta-provincia-do-faz-de-conta-2\/#primaryimage\"},\"image\":{\"@id\":\"https:\/\/radiolifefm.com.br\/noticias\/alem-do-senso-comum-nesta-provincia-do-faz-de-conta-2\/#primaryimage\"},\"thumbnailUrl\":\"https:\/\/radiolifefm.com.br\/noticias\/wp-content\/uploads\/2022\/04\/WhatsApp-Image-2022-04-10-at-18.43.02.jpeg\",\"datePublished\":\"2025-10-04T00:46:20+00:00\",\"dateModified\":\"2026-04-18T03:35:38+00:00\",\"breadcrumb\":{\"@id\":\"https:\/\/radiolifefm.com.br\/noticias\/alem-do-senso-comum-nesta-provincia-do-faz-de-conta-2\/#breadcrumb\"},\"inLanguage\":\"pt-BR\",\"potentialAction\":[{\"@type\":\"ReadAction\",\"target\":[\"https:\/\/radiolifefm.com.br\/noticias\/alem-do-senso-comum-nesta-provincia-do-faz-de-conta-2\/\"]}]},{\"@type\":\"ImageObject\",\"inLanguage\":\"pt-BR\",\"@id\":\"https:\/\/radiolifefm.com.br\/noticias\/alem-do-senso-comum-nesta-provincia-do-faz-de-conta-2\/#primaryimage\",\"url\":\"https:\/\/radiolifefm.com.br\/noticias\/wp-content\/uploads\/2022\/04\/WhatsApp-Image-2022-04-10-at-18.43.02.jpeg\",\"contentUrl\":\"https:\/\/radiolifefm.com.br\/noticias\/wp-content\/uploads\/2022\/04\/WhatsApp-Image-2022-04-10-at-18.43.02.jpeg\",\"width\":972,\"height\":1296,\"caption\":\"S\u00e9rgio Barbosa\"},{\"@type\":\"BreadcrumbList\",\"@id\":\"https:\/\/radiolifefm.com.br\/noticias\/alem-do-senso-comum-nesta-provincia-do-faz-de-conta-2\/#breadcrumb\",\"itemListElement\":[{\"@type\":\"ListItem\",\"position\":1,\"name\":\"In\u00edcio\",\"item\":\"https:\/\/radiolifefm.com.br\/noticias\/\"},{\"@type\":\"ListItem\",\"position\":2,\"name\":\"AL\u00c9M DO SENSO COMUM NESTA PROV\u00cdNCIA DO FAZ DE CONTA&#8230;\"}]},{\"@type\":\"WebSite\",\"@id\":\"https:\/\/radiolifefm.com.br\/noticias\/#website\",\"url\":\"https:\/\/radiolifefm.com.br\/noticias\/\",\"name\":\"R\u00e1dio Life FM\",\"description\":\"O Portal de Not\u00edcias de Adamantina\",\"publisher\":{\"@id\":\"https:\/\/radiolifefm.com.br\/noticias\/#organization\"},\"alternateName\":\"Life FM\",\"potentialAction\":[{\"@type\":\"SearchAction\",\"target\":{\"@type\":\"EntryPoint\",\"urlTemplate\":\"https:\/\/radiolifefm.com.br\/noticias\/?s={search_term_string}\"},\"query-input\":{\"@type\":\"PropertyValueSpecification\",\"valueRequired\":true,\"valueName\":\"search_term_string\"}}],\"inLanguage\":\"pt-BR\"},{\"@type\":\"Organization\",\"@id\":\"https:\/\/radiolifefm.com.br\/noticias\/#organization\",\"name\":\"R\u00e1dio Life FM\",\"alternateName\":\"Life FM\",\"url\":\"https:\/\/radiolifefm.com.br\/noticias\/\",\"logo\":{\"@type\":\"ImageObject\",\"inLanguage\":\"pt-BR\",\"@id\":\"https:\/\/radiolifefm.com.br\/noticias\/#\/schema\/logo\/image\/\",\"url\":\"https:\/\/static.radiolifefm.com.br\/noticias\/wp-content\/uploads\/2019\/10\/logo-lifefm.png\",\"contentUrl\":\"https:\/\/static.radiolifefm.com.br\/noticias\/wp-content\/uploads\/2019\/10\/logo-lifefm.png\",\"width\":196,\"height\":47,\"caption\":\"R\u00e1dio Life FM\"},\"image\":{\"@id\":\"https:\/\/radiolifefm.com.br\/noticias\/#\/schema\/logo\/image\/\"},\"sameAs\":[\"https:\/\/www.facebook.com\/radiolifefm\/\",\"https:\/\/www.instagram.com\/life1079fm\/\"]},{\"@type\":\"Person\",\"@id\":\"https:\/\/radiolifefm.com.br\/noticias\/#\/schema\/person\/6339b9fac59d12b071dec680d7375d87\",\"name\":\"ritanery\",\"image\":{\"@type\":\"ImageObject\",\"inLanguage\":\"pt-BR\",\"@id\":\"https:\/\/secure.gravatar.com\/avatar\/0e37bb19071f47c0b8a23f62a903df117c5a0e75f65a0c2901562f97cd41cf86?s=96&d=mm&r=g\",\"url\":\"https:\/\/secure.gravatar.com\/avatar\/0e37bb19071f47c0b8a23f62a903df117c5a0e75f65a0c2901562f97cd41cf86?s=96&d=mm&r=g\",\"contentUrl\":\"https:\/\/secure.gravatar.com\/avatar\/0e37bb19071f47c0b8a23f62a903df117c5a0e75f65a0c2901562f97cd41cf86?s=96&d=mm&r=g\",\"caption\":\"ritanery\"}}]}<\/script>\n<!-- \/ Yoast SEO plugin. -->","yoast_head_json":{"title":"AL\u00c9M DO SENSO COMUM NESTA PROV\u00cdNCIA DO FAZ DE CONTA... - R\u00e1dio Life FM","robots":{"index":"index","follow":"follow","max-snippet":"max-snippet:-1","max-image-preview":"max-image-preview:large","max-video-preview":"max-video-preview:-1"},"canonical":"https:\/\/radiolifefm.com.br\/noticias\/alem-do-senso-comum-nesta-provincia-do-faz-de-conta-2\/","og_locale":"pt_BR","og_type":"article","og_title":"AL\u00c9M DO SENSO COMUM NESTA PROV\u00cdNCIA DO FAZ DE CONTA... - R\u00e1dio Life FM","og_description":"\u201cO reformador est\u00e1 sempre certo sobre o que est\u00e1 errado. Ele, geralmente, est\u00e1 errado sobre o que est\u00e1 certo.\u201d (G. K. Chesterton) seb@r. Faz alguns meses que este articulista vem escrevendo sobre temas diversos nesta coluna, ainda, buscando desta forma colocar os\/as leitores\/as em contato com os diversos debates em terras provincianas&#8230; Por\u00e9m, o olhar [&hellip;]","og_url":"https:\/\/radiolifefm.com.br\/noticias\/alem-do-senso-comum-nesta-provincia-do-faz-de-conta-2\/","og_site_name":"R\u00e1dio Life FM","article_publisher":"https:\/\/www.facebook.com\/radiolifefm\/","article_published_time":"2025-10-04T00:46:20+00:00","article_modified_time":"2026-04-18T03:35:38+00:00","og_image":[{"width":972,"height":1296,"url":"https:\/\/radiolifefm.com.br\/noticias\/wp-content\/uploads\/2022\/04\/WhatsApp-Image-2022-04-10-at-18.43.02.jpeg","type":"image\/jpeg"}],"author":"ritanery","twitter_card":"summary_large_image","twitter_misc":{"Escrito por":"ritanery","Est. tempo de leitura":"4 minutos"},"schema":{"@context":"https:\/\/schema.org","@graph":[{"@type":"Article","@id":"https:\/\/radiolifefm.com.br\/noticias\/alem-do-senso-comum-nesta-provincia-do-faz-de-conta-2\/#article","isPartOf":{"@id":"https:\/\/radiolifefm.com.br\/noticias\/alem-do-senso-comum-nesta-provincia-do-faz-de-conta-2\/"},"author":{"name":"ritanery","@id":"https:\/\/radiolifefm.com.br\/noticias\/#\/schema\/person\/6339b9fac59d12b071dec680d7375d87"},"headline":"AL\u00c9M DO SENSO COMUM NESTA PROV\u00cdNCIA DO FAZ DE CONTA&#8230;","datePublished":"2025-10-04T00:46:20+00:00","dateModified":"2026-04-18T03:35:38+00:00","mainEntityOfPage":{"@id":"https:\/\/radiolifefm.com.br\/noticias\/alem-do-senso-comum-nesta-provincia-do-faz-de-conta-2\/"},"wordCount":607,"publisher":{"@id":"https:\/\/radiolifefm.com.br\/noticias\/#organization"},"image":{"@id":"https:\/\/radiolifefm.com.br\/noticias\/alem-do-senso-comum-nesta-provincia-do-faz-de-conta-2\/#primaryimage"},"thumbnailUrl":"https:\/\/radiolifefm.com.br\/noticias\/wp-content\/uploads\/2022\/04\/WhatsApp-Image-2022-04-10-at-18.43.02.jpeg","articleSection":["Opini\u00e3o"],"inLanguage":"pt-BR"},{"@type":"WebPage","@id":"https:\/\/radiolifefm.com.br\/noticias\/alem-do-senso-comum-nesta-provincia-do-faz-de-conta-2\/","url":"https:\/\/radiolifefm.com.br\/noticias\/alem-do-senso-comum-nesta-provincia-do-faz-de-conta-2\/","name":"AL\u00c9M DO SENSO COMUM NESTA PROV\u00cdNCIA DO FAZ DE CONTA... - R\u00e1dio Life FM","isPartOf":{"@id":"https:\/\/radiolifefm.com.br\/noticias\/#website"},"primaryImageOfPage":{"@id":"https:\/\/radiolifefm.com.br\/noticias\/alem-do-senso-comum-nesta-provincia-do-faz-de-conta-2\/#primaryimage"},"image":{"@id":"https:\/\/radiolifefm.com.br\/noticias\/alem-do-senso-comum-nesta-provincia-do-faz-de-conta-2\/#primaryimage"},"thumbnailUrl":"https:\/\/radiolifefm.com.br\/noticias\/wp-content\/uploads\/2022\/04\/WhatsApp-Image-2022-04-10-at-18.43.02.jpeg","datePublished":"2025-10-04T00:46:20+00:00","dateModified":"2026-04-18T03:35:38+00:00","breadcrumb":{"@id":"https:\/\/radiolifefm.com.br\/noticias\/alem-do-senso-comum-nesta-provincia-do-faz-de-conta-2\/#breadcrumb"},"inLanguage":"pt-BR","potentialAction":[{"@type":"ReadAction","target":["https:\/\/radiolifefm.com.br\/noticias\/alem-do-senso-comum-nesta-provincia-do-faz-de-conta-2\/"]}]},{"@type":"ImageObject","inLanguage":"pt-BR","@id":"https:\/\/radiolifefm.com.br\/noticias\/alem-do-senso-comum-nesta-provincia-do-faz-de-conta-2\/#primaryimage","url":"https:\/\/radiolifefm.com.br\/noticias\/wp-content\/uploads\/2022\/04\/WhatsApp-Image-2022-04-10-at-18.43.02.jpeg","contentUrl":"https:\/\/radiolifefm.com.br\/noticias\/wp-content\/uploads\/2022\/04\/WhatsApp-Image-2022-04-10-at-18.43.02.jpeg","width":972,"height":1296,"caption":"S\u00e9rgio Barbosa"},{"@type":"BreadcrumbList","@id":"https:\/\/radiolifefm.com.br\/noticias\/alem-do-senso-comum-nesta-provincia-do-faz-de-conta-2\/#breadcrumb","itemListElement":[{"@type":"ListItem","position":1,"name":"In\u00edcio","item":"https:\/\/radiolifefm.com.br\/noticias\/"},{"@type":"ListItem","position":2,"name":"AL\u00c9M DO SENSO COMUM NESTA PROV\u00cdNCIA DO FAZ DE CONTA&#8230;"}]},{"@type":"WebSite","@id":"https:\/\/radiolifefm.com.br\/noticias\/#website","url":"https:\/\/radiolifefm.com.br\/noticias\/","name":"R\u00e1dio Life FM","description":"O Portal de Not\u00edcias de Adamantina","publisher":{"@id":"https:\/\/radiolifefm.com.br\/noticias\/#organization"},"alternateName":"Life FM","potentialAction":[{"@type":"SearchAction","target":{"@type":"EntryPoint","urlTemplate":"https:\/\/radiolifefm.com.br\/noticias\/?s={search_term_string}"},"query-input":{"@type":"PropertyValueSpecification","valueRequired":true,"valueName":"search_term_string"}}],"inLanguage":"pt-BR"},{"@type":"Organization","@id":"https:\/\/radiolifefm.com.br\/noticias\/#organization","name":"R\u00e1dio Life FM","alternateName":"Life FM","url":"https:\/\/radiolifefm.com.br\/noticias\/","logo":{"@type":"ImageObject","inLanguage":"pt-BR","@id":"https:\/\/radiolifefm.com.br\/noticias\/#\/schema\/logo\/image\/","url":"https:\/\/static.radiolifefm.com.br\/noticias\/wp-content\/uploads\/2019\/10\/logo-lifefm.png","contentUrl":"https:\/\/static.radiolifefm.com.br\/noticias\/wp-content\/uploads\/2019\/10\/logo-lifefm.png","width":196,"height":47,"caption":"R\u00e1dio Life FM"},"image":{"@id":"https:\/\/radiolifefm.com.br\/noticias\/#\/schema\/logo\/image\/"},"sameAs":["https:\/\/www.facebook.com\/radiolifefm\/","https:\/\/www.instagram.com\/life1079fm\/"]},{"@type":"Person","@id":"https:\/\/radiolifefm.com.br\/noticias\/#\/schema\/person\/6339b9fac59d12b071dec680d7375d87","name":"ritanery","image":{"@type":"ImageObject","inLanguage":"pt-BR","@id":"https:\/\/secure.gravatar.com\/avatar\/0e37bb19071f47c0b8a23f62a903df117c5a0e75f65a0c2901562f97cd41cf86?s=96&d=mm&r=g","url":"https:\/\/secure.gravatar.com\/avatar\/0e37bb19071f47c0b8a23f62a903df117c5a0e75f65a0c2901562f97cd41cf86?s=96&d=mm&r=g","contentUrl":"https:\/\/secure.gravatar.com\/avatar\/0e37bb19071f47c0b8a23f62a903df117c5a0e75f65a0c2901562f97cd41cf86?s=96&d=mm&r=g","caption":"ritanery"}}]}},"amp_enabled":true,"_links":{"self":[{"href":"https:\/\/radiolifefm.com.br\/noticias\/wp-json\/wp\/v2\/posts\/105946","targetHints":{"allow":["GET"]}}],"collection":[{"href":"https:\/\/radiolifefm.com.br\/noticias\/wp-json\/wp\/v2\/posts"}],"about":[{"href":"https:\/\/radiolifefm.com.br\/noticias\/wp-json\/wp\/v2\/types\/post"}],"author":[{"embeddable":true,"href":"https:\/\/radiolifefm.com.br\/noticias\/wp-json\/wp\/v2\/users\/13"}],"replies":[{"embeddable":true,"href":"https:\/\/radiolifefm.com.br\/noticias\/wp-json\/wp\/v2\/comments?post=105946"}],"version-history":[{"count":1,"href":"https:\/\/radiolifefm.com.br\/noticias\/wp-json\/wp\/v2\/posts\/105946\/revisions"}],"predecessor-version":[{"id":105947,"href":"https:\/\/radiolifefm.com.br\/noticias\/wp-json\/wp\/v2\/posts\/105946\/revisions\/105947"}],"wp:featuredmedia":[{"embeddable":true,"href":"https:\/\/radiolifefm.com.br\/noticias\/wp-json\/wp\/v2\/media\/51988"}],"wp:attachment":[{"href":"https:\/\/radiolifefm.com.br\/noticias\/wp-json\/wp\/v2\/media?parent=105946"}],"wp:term":[{"taxonomy":"category","embeddable":true,"href":"https:\/\/radiolifefm.com.br\/noticias\/wp-json\/wp\/v2\/categories?post=105946"},{"taxonomy":"post_tag","embeddable":true,"href":"https:\/\/radiolifefm.com.br\/noticias\/wp-json\/wp\/v2\/tags?post=105946"}],"curies":[{"name":"wp","href":"https:\/\/api.w.org\/{rel}","templated":true}]}}