{"id":105920,"date":"2025-10-03T11:04:53","date_gmt":"2025-10-03T14:04:53","guid":{"rendered":"https:\/\/radiolifefm.com.br\/noticias\/?p=105920"},"modified":"2026-04-30T13:59:30","modified_gmt":"2026-04-30T16:59:30","slug":"bailao-e-historias-de-vida-no-pauta-aberta","status":"publish","type":"post","link":"https:\/\/radiolifefm.com.br\/noticias\/bailao-e-historias-de-vida-no-pauta-aberta\/","title":{"rendered":"Bail\u00e3o e Hist\u00f3rias de Vida no Pauta Aberta"},"content":{"rendered":"<div id=\"fb-root\"><\/div>\n<p>&nbsp;<\/p>\n<p><strong><em>\u201cA vida \u00e9 igual a um evento de dan\u00e7a, o cavalheiro pode dan\u00e7ar com v\u00e1rias damas do baile, mas sempre tem aquela dama que faz a noite valer a pena.\u201d <\/em><\/strong><strong><em>(<\/em><\/strong><a href=\"https:\/\/www.pensador.com\/autor\/helder_cruz\/\"><strong><em>Helder Cruz<\/em><\/strong><\/a><strong><em>)<\/em><\/strong><\/p>\n<p><strong><em>\u00a0<\/em><\/strong><\/p>\n<p><strong><em>\u201cA vida \u00e9 uma pe\u00e7a de teatro que n\u00e3o permite ensaios. Por isso, cante, chore, dance, ria e viva intensamente, antes que a cortina se feche e a pe\u00e7a termine sem aplausos.\u201d <\/em><\/strong><strong><em>(<\/em><\/strong><a href=\"https:\/\/www.pensador.com\/autor\/desconhecido\/\"><strong><em>Desconhecido<\/em><\/strong><\/a><strong><em>\/Nota: Cita\u00e7\u00e3o atribu\u00edda erroneamente a Charles Chaplin).<\/em><\/strong><\/p>\n<p>&nbsp;<\/p>\n<p><strong>S\u00e9rgio Barbosa <\/strong><\/p>\n<p>N\u00e3o tem como deixar de lado aquelas hist\u00f3rias que na maioria das vezes s\u00e3o escondidas por tr\u00e1s das muitas EST\u00d3RIAS e assim por diante&#8230;<\/p>\n<p>Portanto, cada qual com seus DESENCONTROS neste TEMPO NOVO TEMPO que se chama hoje, assim, diz aquela frase, a saber: CAMINHA A HUMANIDADE&#8230;<\/p>\n<figure id=\"attachment_105927\" aria-describedby=\"caption-attachment-105927\" style=\"width: 300px\" class=\"wp-caption aligncenter\"><img loading=\"lazy\" decoding=\"async\" class=\"size-medium wp-image-105927\" src=\"https:\/\/static.radiolifefm.com.br\/noticias\/wp-content\/uploads\/2025\/10\/Marca-dagua-PAUTA-ABERTA-36-300x300.jpg\" alt=\"\" width=\"300\" height=\"300\" srcset=\"https:\/\/radiolifefm.com.br\/noticias\/wp-content\/uploads\/2025\/10\/Marca-dagua-PAUTA-ABERTA-36-300x300.jpg 300w, https:\/\/radiolifefm.com.br\/noticias\/wp-content\/uploads\/2025\/10\/Marca-dagua-PAUTA-ABERTA-36-1024x1024.jpg 1024w, https:\/\/radiolifefm.com.br\/noticias\/wp-content\/uploads\/2025\/10\/Marca-dagua-PAUTA-ABERTA-36-150x150.jpg 150w, https:\/\/radiolifefm.com.br\/noticias\/wp-content\/uploads\/2025\/10\/Marca-dagua-PAUTA-ABERTA-36-768x768.jpg 768w, https:\/\/radiolifefm.com.br\/noticias\/wp-content\/uploads\/2025\/10\/Marca-dagua-PAUTA-ABERTA-36-200x200.jpg 200w, https:\/\/radiolifefm.com.br\/noticias\/wp-content\/uploads\/2025\/10\/Marca-dagua-PAUTA-ABERTA-36-250x250.jpg 250w, https:\/\/radiolifefm.com.br\/noticias\/wp-content\/uploads\/2025\/10\/Marca-dagua-PAUTA-ABERTA-36-500x500.jpg 500w, https:\/\/radiolifefm.com.br\/noticias\/wp-content\/uploads\/2025\/10\/Marca-dagua-PAUTA-ABERTA-36-700x700.jpg 700w, https:\/\/radiolifefm.com.br\/noticias\/wp-content\/uploads\/2025\/10\/Marca-dagua-PAUTA-ABERTA-36.jpg 1080w\" sizes=\"auto, (max-width: 300px) 100vw, 300px\" \/><figcaption id=\"caption-attachment-105927\" class=\"wp-caption-text\">seb@r<\/figcaption><\/figure>\n<p>Desta forma, as pessoas em geral est\u00e3o sempre em BUSCA do seu EU para chegar ao N\u00d3S, se bem que muitos PERSONAGENS acabam fazendo o contr\u00e1rio desta proposta&#8230;<\/p>\n<p>Tamb\u00e9m, faz-se necess\u00e1rio estar em SINTONIA com a denominada SIMPLICADADE para que ocorram as APROXIMA\u00c7\u00d5ES, por isso e talvez aquilo, apenas quem est\u00e1 neste MEIO pode saber como fazer as coisas&#8230;<\/p>\n<figure id=\"attachment_105925\" aria-describedby=\"caption-attachment-105925\" style=\"width: 300px\" class=\"wp-caption aligncenter\"><img loading=\"lazy\" decoding=\"async\" class=\"size-medium wp-image-105925\" src=\"https:\/\/static.radiolifefm.com.br\/noticias\/wp-content\/uploads\/2025\/10\/Marca-dagua-PAUTA-ABERTA-38-300x300.jpg\" alt=\"\" width=\"300\" height=\"300\" srcset=\"https:\/\/radiolifefm.com.br\/noticias\/wp-content\/uploads\/2025\/10\/Marca-dagua-PAUTA-ABERTA-38-300x300.jpg 300w, https:\/\/radiolifefm.com.br\/noticias\/wp-content\/uploads\/2025\/10\/Marca-dagua-PAUTA-ABERTA-38-1024x1024.jpg 1024w, https:\/\/radiolifefm.com.br\/noticias\/wp-content\/uploads\/2025\/10\/Marca-dagua-PAUTA-ABERTA-38-150x150.jpg 150w, https:\/\/radiolifefm.com.br\/noticias\/wp-content\/uploads\/2025\/10\/Marca-dagua-PAUTA-ABERTA-38-768x768.jpg 768w, https:\/\/radiolifefm.com.br\/noticias\/wp-content\/uploads\/2025\/10\/Marca-dagua-PAUTA-ABERTA-38-200x200.jpg 200w, https:\/\/radiolifefm.com.br\/noticias\/wp-content\/uploads\/2025\/10\/Marca-dagua-PAUTA-ABERTA-38-250x250.jpg 250w, https:\/\/radiolifefm.com.br\/noticias\/wp-content\/uploads\/2025\/10\/Marca-dagua-PAUTA-ABERTA-38-500x500.jpg 500w, https:\/\/radiolifefm.com.br\/noticias\/wp-content\/uploads\/2025\/10\/Marca-dagua-PAUTA-ABERTA-38-700x700.jpg 700w, https:\/\/radiolifefm.com.br\/noticias\/wp-content\/uploads\/2025\/10\/Marca-dagua-PAUTA-ABERTA-38.jpg 1080w\" sizes=\"auto, (max-width: 300px) 100vw, 300px\" \/><figcaption id=\"caption-attachment-105925\" class=\"wp-caption-text\">Marcelo<\/figcaption><\/figure>\n<p><strong>Bail\u00e3o e simplicidade<\/strong><\/p>\n<p>Nas muitas CONVERSA\u00c7\u00d5ES desta quinta-feira, 2, das 10h30 \u00e0s 11H30, esteve participando e agitando o PAUTA ABERTA, um convidado mais do especial, <strong>MARCELO RENATO RODRIGUES<\/strong>, tamb\u00e9m, conhecido como <em>JARR\u00c3O e AUGUSTINHO<\/em> deste e do outro lado de um mesmo lado&#8230;<\/p>\n<p>Neste encontro que foi pautado pelas COISAS SIMPLES que se apresentam por meio dos DI\u00c1LOGOS entre <strong>MARCELO<\/strong> e o apresentador do Programa, deve-se considerar que foram apresentadas diversas HIST\u00d3RIAS de uma \u00fanica HIST\u00d3RIA DE VIDA&#8230;<\/p>\n<figure id=\"attachment_105926\" aria-describedby=\"caption-attachment-105926\" style=\"width: 300px\" class=\"wp-caption aligncenter\"><img loading=\"lazy\" decoding=\"async\" class=\"size-medium wp-image-105926\" src=\"https:\/\/static.radiolifefm.com.br\/noticias\/wp-content\/uploads\/2025\/10\/Marca-dagua-PAUTA-ABERTA-37-300x300.jpg\" alt=\"\" width=\"300\" height=\"300\" srcset=\"https:\/\/radiolifefm.com.br\/noticias\/wp-content\/uploads\/2025\/10\/Marca-dagua-PAUTA-ABERTA-37-300x300.jpg 300w, https:\/\/radiolifefm.com.br\/noticias\/wp-content\/uploads\/2025\/10\/Marca-dagua-PAUTA-ABERTA-37-1024x1024.jpg 1024w, https:\/\/radiolifefm.com.br\/noticias\/wp-content\/uploads\/2025\/10\/Marca-dagua-PAUTA-ABERTA-37-150x150.jpg 150w, https:\/\/radiolifefm.com.br\/noticias\/wp-content\/uploads\/2025\/10\/Marca-dagua-PAUTA-ABERTA-37-768x768.jpg 768w, https:\/\/radiolifefm.com.br\/noticias\/wp-content\/uploads\/2025\/10\/Marca-dagua-PAUTA-ABERTA-37-200x200.jpg 200w, https:\/\/radiolifefm.com.br\/noticias\/wp-content\/uploads\/2025\/10\/Marca-dagua-PAUTA-ABERTA-37-250x250.jpg 250w, https:\/\/radiolifefm.com.br\/noticias\/wp-content\/uploads\/2025\/10\/Marca-dagua-PAUTA-ABERTA-37-500x500.jpg 500w, https:\/\/radiolifefm.com.br\/noticias\/wp-content\/uploads\/2025\/10\/Marca-dagua-PAUTA-ABERTA-37-700x700.jpg 700w, https:\/\/radiolifefm.com.br\/noticias\/wp-content\/uploads\/2025\/10\/Marca-dagua-PAUTA-ABERTA-37.jpg 1080w\" sizes=\"auto, (max-width: 300px) 100vw, 300px\" \/><figcaption id=\"caption-attachment-105926\" class=\"wp-caption-text\">seb@r<\/figcaption><\/figure>\n<p>As CONVERSA\u00c7\u00d5ES ocorreram de forma descontra\u00edda e muitas viagens foram registradas por JARR\u00c3O, afinal de contas, a sua marca mais do que registrada esteve sempre PAUTADA pela SIMPLICIDADE de viver a vida do seu jeito de SER sem deixar de ESTAR&#8230;<\/p>\n<p>Natural de LUC\u00c9LIA, todavia, <strong>MARCELO<\/strong>, destacou que a sua trajet\u00f3ria desde os bons e velhos tempos de CRIAN\u00c7A, depois, ADOLESC\u00caNCIA e JUVENTUDE, ainda, at\u00e9 o momento atual, sempre esteve em ADAMANTINA, desta forma, demonstrou aquele CARINHO pela comunidade adamantinense&#8230;<\/p>\n<figure id=\"attachment_105924\" aria-describedby=\"caption-attachment-105924\" style=\"width: 300px\" class=\"wp-caption aligncenter\"><img loading=\"lazy\" decoding=\"async\" class=\"size-medium wp-image-105924\" src=\"https:\/\/static.radiolifefm.com.br\/noticias\/wp-content\/uploads\/2025\/10\/Marca-dagua-PAUTA-ABERTA-39-300x300.jpg\" alt=\"\" width=\"300\" height=\"300\" srcset=\"https:\/\/radiolifefm.com.br\/noticias\/wp-content\/uploads\/2025\/10\/Marca-dagua-PAUTA-ABERTA-39-300x300.jpg 300w, https:\/\/radiolifefm.com.br\/noticias\/wp-content\/uploads\/2025\/10\/Marca-dagua-PAUTA-ABERTA-39-1024x1024.jpg 1024w, https:\/\/radiolifefm.com.br\/noticias\/wp-content\/uploads\/2025\/10\/Marca-dagua-PAUTA-ABERTA-39-150x150.jpg 150w, https:\/\/radiolifefm.com.br\/noticias\/wp-content\/uploads\/2025\/10\/Marca-dagua-PAUTA-ABERTA-39-768x768.jpg 768w, https:\/\/radiolifefm.com.br\/noticias\/wp-content\/uploads\/2025\/10\/Marca-dagua-PAUTA-ABERTA-39-200x200.jpg 200w, https:\/\/radiolifefm.com.br\/noticias\/wp-content\/uploads\/2025\/10\/Marca-dagua-PAUTA-ABERTA-39-250x250.jpg 250w, https:\/\/radiolifefm.com.br\/noticias\/wp-content\/uploads\/2025\/10\/Marca-dagua-PAUTA-ABERTA-39-500x500.jpg 500w, https:\/\/radiolifefm.com.br\/noticias\/wp-content\/uploads\/2025\/10\/Marca-dagua-PAUTA-ABERTA-39-700x700.jpg 700w, https:\/\/radiolifefm.com.br\/noticias\/wp-content\/uploads\/2025\/10\/Marca-dagua-PAUTA-ABERTA-39.jpg 1080w\" sizes=\"auto, (max-width: 300px) 100vw, 300px\" \/><figcaption id=\"caption-attachment-105924\" class=\"wp-caption-text\">Marcelo<\/figcaption><\/figure>\n<p>Ainda, fez quest\u00e3o de registrar suas prefer\u00eancias pelos BAILES ou BAIL\u00d5ES que est\u00e3o presentes em sua caminhada faz d\u00e9cadas, assim, <strong>MARCELO<\/strong> refor\u00e7ou suas PREFER\u00caNCIAS em momentos de LAZER em n\u00edvel REGIONAL&#8230;<\/p>\n<figure id=\"attachment_105923\" aria-describedby=\"caption-attachment-105923\" style=\"width: 300px\" class=\"wp-caption aligncenter\"><img loading=\"lazy\" decoding=\"async\" class=\"size-medium wp-image-105923\" src=\"https:\/\/static.radiolifefm.com.br\/noticias\/wp-content\/uploads\/2025\/10\/Marca-dagua-PAUTA-ABERTA-40-300x300.jpg\" alt=\"\" width=\"300\" height=\"300\" srcset=\"https:\/\/radiolifefm.com.br\/noticias\/wp-content\/uploads\/2025\/10\/Marca-dagua-PAUTA-ABERTA-40-300x300.jpg 300w, https:\/\/radiolifefm.com.br\/noticias\/wp-content\/uploads\/2025\/10\/Marca-dagua-PAUTA-ABERTA-40-1024x1024.jpg 1024w, https:\/\/radiolifefm.com.br\/noticias\/wp-content\/uploads\/2025\/10\/Marca-dagua-PAUTA-ABERTA-40-150x150.jpg 150w, https:\/\/radiolifefm.com.br\/noticias\/wp-content\/uploads\/2025\/10\/Marca-dagua-PAUTA-ABERTA-40-768x768.jpg 768w, https:\/\/radiolifefm.com.br\/noticias\/wp-content\/uploads\/2025\/10\/Marca-dagua-PAUTA-ABERTA-40-200x200.jpg 200w, https:\/\/radiolifefm.com.br\/noticias\/wp-content\/uploads\/2025\/10\/Marca-dagua-PAUTA-ABERTA-40-250x250.jpg 250w, https:\/\/radiolifefm.com.br\/noticias\/wp-content\/uploads\/2025\/10\/Marca-dagua-PAUTA-ABERTA-40-500x500.jpg 500w, https:\/\/radiolifefm.com.br\/noticias\/wp-content\/uploads\/2025\/10\/Marca-dagua-PAUTA-ABERTA-40-700x700.jpg 700w, https:\/\/radiolifefm.com.br\/noticias\/wp-content\/uploads\/2025\/10\/Marca-dagua-PAUTA-ABERTA-40.jpg 1080w\" sizes=\"auto, (max-width: 300px) 100vw, 300px\" \/><figcaption id=\"caption-attachment-105923\" class=\"wp-caption-text\">Marcelo<\/figcaption><\/figure>\n<p><strong>Apoios e equipe <\/strong><\/p>\n<p>O Programa PAUTA ABERTA conta com o apoio cultural da <strong>ESPA\u00c7O ROCK STORE<\/strong> (facebook: espa\u00e7o rock-store ou @espa\u00e7orock ou 18.99707.9175 com Paulo); tamb\u00e9m, apoio institucional da <strong>C\u00c1TEDRA UNESCO\/UMESP DE COMUNICA\u00c7\u00c3O PARA O DESENVOLVIMENTO REGIONAL.<\/strong><\/p>\n<p>A equipe de apoio nas atividades de trabalhos t\u00e9cnicos\/edi\u00e7\u00f5es de v\u00eddeo e \u00e1udio\/fotografia\/assessoria de mkt\/divulga\u00e7\u00e3o \u00e9 da LIFE FM e o Jornalista respons\u00e1vel pela R\u00e1dio Comunit\u00e1ria,<strong>\u201cJo\u00e3o C\u00e9sar Prado\u201d.<\/strong><\/p>\n<figure id=\"attachment_105921\" aria-describedby=\"caption-attachment-105921\" style=\"width: 300px\" class=\"wp-caption aligncenter\"><img loading=\"lazy\" decoding=\"async\" class=\"size-medium wp-image-105921\" src=\"https:\/\/static.radiolifefm.com.br\/noticias\/wp-content\/uploads\/2025\/10\/Marca-dagua-PAUTA-ABERTA-41-300x300.jpg\" alt=\"\" width=\"300\" height=\"300\" srcset=\"https:\/\/radiolifefm.com.br\/noticias\/wp-content\/uploads\/2025\/10\/Marca-dagua-PAUTA-ABERTA-41-300x300.jpg 300w, https:\/\/radiolifefm.com.br\/noticias\/wp-content\/uploads\/2025\/10\/Marca-dagua-PAUTA-ABERTA-41-1024x1024.jpg 1024w, https:\/\/radiolifefm.com.br\/noticias\/wp-content\/uploads\/2025\/10\/Marca-dagua-PAUTA-ABERTA-41-150x150.jpg 150w, https:\/\/radiolifefm.com.br\/noticias\/wp-content\/uploads\/2025\/10\/Marca-dagua-PAUTA-ABERTA-41-768x768.jpg 768w, https:\/\/radiolifefm.com.br\/noticias\/wp-content\/uploads\/2025\/10\/Marca-dagua-PAUTA-ABERTA-41-200x200.jpg 200w, https:\/\/radiolifefm.com.br\/noticias\/wp-content\/uploads\/2025\/10\/Marca-dagua-PAUTA-ABERTA-41-250x250.jpg 250w, https:\/\/radiolifefm.com.br\/noticias\/wp-content\/uploads\/2025\/10\/Marca-dagua-PAUTA-ABERTA-41-500x500.jpg 500w, https:\/\/radiolifefm.com.br\/noticias\/wp-content\/uploads\/2025\/10\/Marca-dagua-PAUTA-ABERTA-41-700x700.jpg 700w, https:\/\/radiolifefm.com.br\/noticias\/wp-content\/uploads\/2025\/10\/Marca-dagua-PAUTA-ABERTA-41.jpg 1080w\" sizes=\"auto, (max-width: 300px) 100vw, 300px\" \/><figcaption id=\"caption-attachment-105921\" class=\"wp-caption-text\">seb@r e Marcelo<\/figcaption><\/figure>\n<p>A Coordena\u00e7\u00e3o editorial, dire\u00e7\u00e3o, apresenta\u00e7\u00e3o e jornalista respons\u00e1vel do Programa PAUTA ABERTA est\u00e1 com <strong><em>S\u00c9RGIO BARBOSA<\/em><\/strong><em> (seb@r)<\/em>.<\/p>\n<p>&nbsp;<\/p>\n","protected":false},"excerpt":{"rendered":"<p>&nbsp; \u201cA vida \u00e9 igual a um evento de dan\u00e7a, o cavalheiro pode dan\u00e7ar com v\u00e1rias damas do baile, mas sempre tem aquela dama que faz a noite valer a pena.\u201d (Helder Cruz) \u00a0 \u201cA vida \u00e9 uma pe\u00e7a de teatro que n\u00e3o permite ensaios. Por isso, cante, chore, dance, ria e viva intensamente, antes [&hellip;]<\/p>\n","protected":false},"author":8,"featured_media":105928,"comment_status":"closed","ping_status":"open","sticky":false,"template":"","format":"standard","meta":{"_acf_changed":false,"_exactmetrics_skip_tracking":false,"_exactmetrics_sitenote_active":false,"_exactmetrics_sitenote_note":"","_exactmetrics_sitenote_category":0,"footnotes":""},"categories":[126],"tags":[],"class_list":["post-105920","post","type-post","status-publish","format-standard","has-post-thumbnail","hentry","category-pauta-aberta"],"acf":[],"yoast_head":"<!-- This site is optimized with the Yoast SEO plugin v27.2 - https:\/\/yoast.com\/product\/yoast-seo-wordpress\/ -->\n<title>Bail\u00e3o e Hist\u00f3rias de Vida no Pauta Aberta - R\u00e1dio Life FM<\/title>\n<meta name=\"robots\" content=\"index, follow, max-snippet:-1, max-image-preview:large, max-video-preview:-1\" \/>\n<link rel=\"canonical\" href=\"https:\/\/radiolifefm.com.br\/noticias\/bailao-e-historias-de-vida-no-pauta-aberta\/\" \/>\n<meta property=\"og:locale\" content=\"pt_BR\" \/>\n<meta property=\"og:type\" content=\"article\" \/>\n<meta property=\"og:title\" content=\"Bail\u00e3o e Hist\u00f3rias de Vida no Pauta Aberta - R\u00e1dio Life FM\" \/>\n<meta property=\"og:description\" content=\"&nbsp; \u201cA vida \u00e9 igual a um evento de dan\u00e7a, o cavalheiro pode dan\u00e7ar com v\u00e1rias damas do baile, mas sempre tem aquela dama que faz a noite valer a pena.\u201d (Helder Cruz) \u00a0 \u201cA vida \u00e9 uma pe\u00e7a de teatro que n\u00e3o permite ensaios. Por isso, cante, chore, dance, ria e viva intensamente, antes [&hellip;]\" \/>\n<meta property=\"og:url\" content=\"https:\/\/radiolifefm.com.br\/noticias\/bailao-e-historias-de-vida-no-pauta-aberta\/\" \/>\n<meta property=\"og:site_name\" content=\"R\u00e1dio Life FM\" \/>\n<meta property=\"article:publisher\" content=\"https:\/\/www.facebook.com\/radiolifefm\/\" \/>\n<meta property=\"article:published_time\" content=\"2025-10-03T14:04:53+00:00\" \/>\n<meta property=\"article:modified_time\" content=\"2026-04-30T16:59:30+00:00\" \/>\n<meta property=\"og:image\" content=\"https:\/\/radiolifefm.com.br\/noticias\/wp-content\/uploads\/2025\/10\/Capa-Site-63.jpg\" \/>\n\t<meta property=\"og:image:width\" content=\"1366\" \/>\n\t<meta property=\"og:image:height\" content=\"768\" \/>\n\t<meta property=\"og:image:type\" content=\"image\/jpeg\" \/>\n<meta name=\"author\" content=\"joaograndao\" \/>\n<meta name=\"twitter:card\" content=\"summary_large_image\" \/>\n<meta name=\"twitter:label1\" content=\"Escrito por\" \/>\n\t<meta name=\"twitter:data1\" content=\"joaograndao\" \/>\n\t<meta name=\"twitter:label2\" content=\"Est. tempo de leitura\" \/>\n\t<meta name=\"twitter:data2\" content=\"5 minutos\" \/>\n<script type=\"application\/ld+json\" class=\"yoast-schema-graph\">{\"@context\":\"https:\/\/schema.org\",\"@graph\":[{\"@type\":\"Article\",\"@id\":\"https:\/\/radiolifefm.com.br\/noticias\/bailao-e-historias-de-vida-no-pauta-aberta\/#article\",\"isPartOf\":{\"@id\":\"https:\/\/radiolifefm.com.br\/noticias\/bailao-e-historias-de-vida-no-pauta-aberta\/\"},\"author\":{\"name\":\"joaograndao\",\"@id\":\"https:\/\/radiolifefm.com.br\/noticias\/#\/schema\/person\/6876e1240feffe6e1b63fd5cb85abf28\"},\"headline\":\"Bail\u00e3o e Hist\u00f3rias de Vida no Pauta Aberta\",\"datePublished\":\"2025-10-03T14:04:53+00:00\",\"dateModified\":\"2026-04-30T16:59:30+00:00\",\"mainEntityOfPage\":{\"@id\":\"https:\/\/radiolifefm.com.br\/noticias\/bailao-e-historias-de-vida-no-pauta-aberta\/\"},\"wordCount\":581,\"publisher\":{\"@id\":\"https:\/\/radiolifefm.com.br\/noticias\/#organization\"},\"image\":{\"@id\":\"https:\/\/radiolifefm.com.br\/noticias\/bailao-e-historias-de-vida-no-pauta-aberta\/#primaryimage\"},\"thumbnailUrl\":\"https:\/\/radiolifefm.com.br\/noticias\/wp-content\/uploads\/2025\/10\/Capa-Site-63.jpg\",\"articleSection\":[\"Pauta Aberta\"],\"inLanguage\":\"pt-BR\"},{\"@type\":\"WebPage\",\"@id\":\"https:\/\/radiolifefm.com.br\/noticias\/bailao-e-historias-de-vida-no-pauta-aberta\/\",\"url\":\"https:\/\/radiolifefm.com.br\/noticias\/bailao-e-historias-de-vida-no-pauta-aberta\/\",\"name\":\"Bail\u00e3o e Hist\u00f3rias de Vida no Pauta Aberta - R\u00e1dio Life FM\",\"isPartOf\":{\"@id\":\"https:\/\/radiolifefm.com.br\/noticias\/#website\"},\"primaryImageOfPage\":{\"@id\":\"https:\/\/radiolifefm.com.br\/noticias\/bailao-e-historias-de-vida-no-pauta-aberta\/#primaryimage\"},\"image\":{\"@id\":\"https:\/\/radiolifefm.com.br\/noticias\/bailao-e-historias-de-vida-no-pauta-aberta\/#primaryimage\"},\"thumbnailUrl\":\"https:\/\/radiolifefm.com.br\/noticias\/wp-content\/uploads\/2025\/10\/Capa-Site-63.jpg\",\"datePublished\":\"2025-10-03T14:04:53+00:00\",\"dateModified\":\"2026-04-30T16:59:30+00:00\",\"breadcrumb\":{\"@id\":\"https:\/\/radiolifefm.com.br\/noticias\/bailao-e-historias-de-vida-no-pauta-aberta\/#breadcrumb\"},\"inLanguage\":\"pt-BR\",\"potentialAction\":[{\"@type\":\"ReadAction\",\"target\":[\"https:\/\/radiolifefm.com.br\/noticias\/bailao-e-historias-de-vida-no-pauta-aberta\/\"]}]},{\"@type\":\"ImageObject\",\"inLanguage\":\"pt-BR\",\"@id\":\"https:\/\/radiolifefm.com.br\/noticias\/bailao-e-historias-de-vida-no-pauta-aberta\/#primaryimage\",\"url\":\"https:\/\/radiolifefm.com.br\/noticias\/wp-content\/uploads\/2025\/10\/Capa-Site-63.jpg\",\"contentUrl\":\"https:\/\/radiolifefm.com.br\/noticias\/wp-content\/uploads\/2025\/10\/Capa-Site-63.jpg\",\"width\":1366,\"height\":768,\"caption\":\"seb@r e Marcelo\"},{\"@type\":\"BreadcrumbList\",\"@id\":\"https:\/\/radiolifefm.com.br\/noticias\/bailao-e-historias-de-vida-no-pauta-aberta\/#breadcrumb\",\"itemListElement\":[{\"@type\":\"ListItem\",\"position\":1,\"name\":\"In\u00edcio\",\"item\":\"https:\/\/radiolifefm.com.br\/noticias\/\"},{\"@type\":\"ListItem\",\"position\":2,\"name\":\"Bail\u00e3o e Hist\u00f3rias de Vida no Pauta Aberta\"}]},{\"@type\":\"WebSite\",\"@id\":\"https:\/\/radiolifefm.com.br\/noticias\/#website\",\"url\":\"https:\/\/radiolifefm.com.br\/noticias\/\",\"name\":\"R\u00e1dio Life FM\",\"description\":\"O Portal de Not\u00edcias de Adamantina\",\"publisher\":{\"@id\":\"https:\/\/radiolifefm.com.br\/noticias\/#organization\"},\"alternateName\":\"Life FM\",\"potentialAction\":[{\"@type\":\"SearchAction\",\"target\":{\"@type\":\"EntryPoint\",\"urlTemplate\":\"https:\/\/radiolifefm.com.br\/noticias\/?s={search_term_string}\"},\"query-input\":{\"@type\":\"PropertyValueSpecification\",\"valueRequired\":true,\"valueName\":\"search_term_string\"}}],\"inLanguage\":\"pt-BR\"},{\"@type\":\"Organization\",\"@id\":\"https:\/\/radiolifefm.com.br\/noticias\/#organization\",\"name\":\"R\u00e1dio Life FM\",\"alternateName\":\"Life FM\",\"url\":\"https:\/\/radiolifefm.com.br\/noticias\/\",\"logo\":{\"@type\":\"ImageObject\",\"inLanguage\":\"pt-BR\",\"@id\":\"https:\/\/radiolifefm.com.br\/noticias\/#\/schema\/logo\/image\/\",\"url\":\"https:\/\/static.radiolifefm.com.br\/noticias\/wp-content\/uploads\/2019\/10\/logo-lifefm.png\",\"contentUrl\":\"https:\/\/static.radiolifefm.com.br\/noticias\/wp-content\/uploads\/2019\/10\/logo-lifefm.png\",\"width\":196,\"height\":47,\"caption\":\"R\u00e1dio Life FM\"},\"image\":{\"@id\":\"https:\/\/radiolifefm.com.br\/noticias\/#\/schema\/logo\/image\/\"},\"sameAs\":[\"https:\/\/www.facebook.com\/radiolifefm\/\",\"https:\/\/www.instagram.com\/life1079fm\/\"]},{\"@type\":\"Person\",\"@id\":\"https:\/\/radiolifefm.com.br\/noticias\/#\/schema\/person\/6876e1240feffe6e1b63fd5cb85abf28\",\"name\":\"joaograndao\",\"image\":{\"@type\":\"ImageObject\",\"inLanguage\":\"pt-BR\",\"@id\":\"https:\/\/secure.gravatar.com\/avatar\/d5b1a3cf357ed9c50404e256a1294083aa8ab5d2a994001567302786016cb32c?s=96&d=mm&r=g\",\"url\":\"https:\/\/secure.gravatar.com\/avatar\/d5b1a3cf357ed9c50404e256a1294083aa8ab5d2a994001567302786016cb32c?s=96&d=mm&r=g\",\"contentUrl\":\"https:\/\/secure.gravatar.com\/avatar\/d5b1a3cf357ed9c50404e256a1294083aa8ab5d2a994001567302786016cb32c?s=96&d=mm&r=g\",\"caption\":\"joaograndao\"}}]}<\/script>\n<!-- \/ Yoast SEO plugin. -->","yoast_head_json":{"title":"Bail\u00e3o e Hist\u00f3rias de Vida no Pauta Aberta - R\u00e1dio Life FM","robots":{"index":"index","follow":"follow","max-snippet":"max-snippet:-1","max-image-preview":"max-image-preview:large","max-video-preview":"max-video-preview:-1"},"canonical":"https:\/\/radiolifefm.com.br\/noticias\/bailao-e-historias-de-vida-no-pauta-aberta\/","og_locale":"pt_BR","og_type":"article","og_title":"Bail\u00e3o e Hist\u00f3rias de Vida no Pauta Aberta - R\u00e1dio Life FM","og_description":"&nbsp; \u201cA vida \u00e9 igual a um evento de dan\u00e7a, o cavalheiro pode dan\u00e7ar com v\u00e1rias damas do baile, mas sempre tem aquela dama que faz a noite valer a pena.\u201d (Helder Cruz) \u00a0 \u201cA vida \u00e9 uma pe\u00e7a de teatro que n\u00e3o permite ensaios. Por isso, cante, chore, dance, ria e viva intensamente, antes [&hellip;]","og_url":"https:\/\/radiolifefm.com.br\/noticias\/bailao-e-historias-de-vida-no-pauta-aberta\/","og_site_name":"R\u00e1dio Life FM","article_publisher":"https:\/\/www.facebook.com\/radiolifefm\/","article_published_time":"2025-10-03T14:04:53+00:00","article_modified_time":"2026-04-30T16:59:30+00:00","og_image":[{"width":1366,"height":768,"url":"https:\/\/radiolifefm.com.br\/noticias\/wp-content\/uploads\/2025\/10\/Capa-Site-63.jpg","type":"image\/jpeg"}],"author":"joaograndao","twitter_card":"summary_large_image","twitter_misc":{"Escrito por":"joaograndao","Est. tempo de leitura":"5 minutos"},"schema":{"@context":"https:\/\/schema.org","@graph":[{"@type":"Article","@id":"https:\/\/radiolifefm.com.br\/noticias\/bailao-e-historias-de-vida-no-pauta-aberta\/#article","isPartOf":{"@id":"https:\/\/radiolifefm.com.br\/noticias\/bailao-e-historias-de-vida-no-pauta-aberta\/"},"author":{"name":"joaograndao","@id":"https:\/\/radiolifefm.com.br\/noticias\/#\/schema\/person\/6876e1240feffe6e1b63fd5cb85abf28"},"headline":"Bail\u00e3o e Hist\u00f3rias de Vida no Pauta Aberta","datePublished":"2025-10-03T14:04:53+00:00","dateModified":"2026-04-30T16:59:30+00:00","mainEntityOfPage":{"@id":"https:\/\/radiolifefm.com.br\/noticias\/bailao-e-historias-de-vida-no-pauta-aberta\/"},"wordCount":581,"publisher":{"@id":"https:\/\/radiolifefm.com.br\/noticias\/#organization"},"image":{"@id":"https:\/\/radiolifefm.com.br\/noticias\/bailao-e-historias-de-vida-no-pauta-aberta\/#primaryimage"},"thumbnailUrl":"https:\/\/radiolifefm.com.br\/noticias\/wp-content\/uploads\/2025\/10\/Capa-Site-63.jpg","articleSection":["Pauta Aberta"],"inLanguage":"pt-BR"},{"@type":"WebPage","@id":"https:\/\/radiolifefm.com.br\/noticias\/bailao-e-historias-de-vida-no-pauta-aberta\/","url":"https:\/\/radiolifefm.com.br\/noticias\/bailao-e-historias-de-vida-no-pauta-aberta\/","name":"Bail\u00e3o e Hist\u00f3rias de Vida no Pauta Aberta - R\u00e1dio Life FM","isPartOf":{"@id":"https:\/\/radiolifefm.com.br\/noticias\/#website"},"primaryImageOfPage":{"@id":"https:\/\/radiolifefm.com.br\/noticias\/bailao-e-historias-de-vida-no-pauta-aberta\/#primaryimage"},"image":{"@id":"https:\/\/radiolifefm.com.br\/noticias\/bailao-e-historias-de-vida-no-pauta-aberta\/#primaryimage"},"thumbnailUrl":"https:\/\/radiolifefm.com.br\/noticias\/wp-content\/uploads\/2025\/10\/Capa-Site-63.jpg","datePublished":"2025-10-03T14:04:53+00:00","dateModified":"2026-04-30T16:59:30+00:00","breadcrumb":{"@id":"https:\/\/radiolifefm.com.br\/noticias\/bailao-e-historias-de-vida-no-pauta-aberta\/#breadcrumb"},"inLanguage":"pt-BR","potentialAction":[{"@type":"ReadAction","target":["https:\/\/radiolifefm.com.br\/noticias\/bailao-e-historias-de-vida-no-pauta-aberta\/"]}]},{"@type":"ImageObject","inLanguage":"pt-BR","@id":"https:\/\/radiolifefm.com.br\/noticias\/bailao-e-historias-de-vida-no-pauta-aberta\/#primaryimage","url":"https:\/\/radiolifefm.com.br\/noticias\/wp-content\/uploads\/2025\/10\/Capa-Site-63.jpg","contentUrl":"https:\/\/radiolifefm.com.br\/noticias\/wp-content\/uploads\/2025\/10\/Capa-Site-63.jpg","width":1366,"height":768,"caption":"seb@r e Marcelo"},{"@type":"BreadcrumbList","@id":"https:\/\/radiolifefm.com.br\/noticias\/bailao-e-historias-de-vida-no-pauta-aberta\/#breadcrumb","itemListElement":[{"@type":"ListItem","position":1,"name":"In\u00edcio","item":"https:\/\/radiolifefm.com.br\/noticias\/"},{"@type":"ListItem","position":2,"name":"Bail\u00e3o e Hist\u00f3rias de Vida no Pauta Aberta"}]},{"@type":"WebSite","@id":"https:\/\/radiolifefm.com.br\/noticias\/#website","url":"https:\/\/radiolifefm.com.br\/noticias\/","name":"R\u00e1dio Life FM","description":"O Portal de Not\u00edcias de Adamantina","publisher":{"@id":"https:\/\/radiolifefm.com.br\/noticias\/#organization"},"alternateName":"Life FM","potentialAction":[{"@type":"SearchAction","target":{"@type":"EntryPoint","urlTemplate":"https:\/\/radiolifefm.com.br\/noticias\/?s={search_term_string}"},"query-input":{"@type":"PropertyValueSpecification","valueRequired":true,"valueName":"search_term_string"}}],"inLanguage":"pt-BR"},{"@type":"Organization","@id":"https:\/\/radiolifefm.com.br\/noticias\/#organization","name":"R\u00e1dio Life FM","alternateName":"Life FM","url":"https:\/\/radiolifefm.com.br\/noticias\/","logo":{"@type":"ImageObject","inLanguage":"pt-BR","@id":"https:\/\/radiolifefm.com.br\/noticias\/#\/schema\/logo\/image\/","url":"https:\/\/static.radiolifefm.com.br\/noticias\/wp-content\/uploads\/2019\/10\/logo-lifefm.png","contentUrl":"https:\/\/static.radiolifefm.com.br\/noticias\/wp-content\/uploads\/2019\/10\/logo-lifefm.png","width":196,"height":47,"caption":"R\u00e1dio Life FM"},"image":{"@id":"https:\/\/radiolifefm.com.br\/noticias\/#\/schema\/logo\/image\/"},"sameAs":["https:\/\/www.facebook.com\/radiolifefm\/","https:\/\/www.instagram.com\/life1079fm\/"]},{"@type":"Person","@id":"https:\/\/radiolifefm.com.br\/noticias\/#\/schema\/person\/6876e1240feffe6e1b63fd5cb85abf28","name":"joaograndao","image":{"@type":"ImageObject","inLanguage":"pt-BR","@id":"https:\/\/secure.gravatar.com\/avatar\/d5b1a3cf357ed9c50404e256a1294083aa8ab5d2a994001567302786016cb32c?s=96&d=mm&r=g","url":"https:\/\/secure.gravatar.com\/avatar\/d5b1a3cf357ed9c50404e256a1294083aa8ab5d2a994001567302786016cb32c?s=96&d=mm&r=g","contentUrl":"https:\/\/secure.gravatar.com\/avatar\/d5b1a3cf357ed9c50404e256a1294083aa8ab5d2a994001567302786016cb32c?s=96&d=mm&r=g","caption":"joaograndao"}}]}},"amp_enabled":true,"_links":{"self":[{"href":"https:\/\/radiolifefm.com.br\/noticias\/wp-json\/wp\/v2\/posts\/105920","targetHints":{"allow":["GET"]}}],"collection":[{"href":"https:\/\/radiolifefm.com.br\/noticias\/wp-json\/wp\/v2\/posts"}],"about":[{"href":"https:\/\/radiolifefm.com.br\/noticias\/wp-json\/wp\/v2\/types\/post"}],"author":[{"embeddable":true,"href":"https:\/\/radiolifefm.com.br\/noticias\/wp-json\/wp\/v2\/users\/8"}],"replies":[{"embeddable":true,"href":"https:\/\/radiolifefm.com.br\/noticias\/wp-json\/wp\/v2\/comments?post=105920"}],"version-history":[{"count":1,"href":"https:\/\/radiolifefm.com.br\/noticias\/wp-json\/wp\/v2\/posts\/105920\/revisions"}],"predecessor-version":[{"id":105929,"href":"https:\/\/radiolifefm.com.br\/noticias\/wp-json\/wp\/v2\/posts\/105920\/revisions\/105929"}],"wp:featuredmedia":[{"embeddable":true,"href":"https:\/\/radiolifefm.com.br\/noticias\/wp-json\/wp\/v2\/media\/105928"}],"wp:attachment":[{"href":"https:\/\/radiolifefm.com.br\/noticias\/wp-json\/wp\/v2\/media?parent=105920"}],"wp:term":[{"taxonomy":"category","embeddable":true,"href":"https:\/\/radiolifefm.com.br\/noticias\/wp-json\/wp\/v2\/categories?post=105920"},{"taxonomy":"post_tag","embeddable":true,"href":"https:\/\/radiolifefm.com.br\/noticias\/wp-json\/wp\/v2\/tags?post=105920"}],"curies":[{"name":"wp","href":"https:\/\/api.w.org\/{rel}","templated":true}]}}