{"id":104377,"date":"2025-08-20T19:55:59","date_gmt":"2025-08-20T22:55:59","guid":{"rendered":"https:\/\/radiolifefm.com.br\/noticias\/?p=104377"},"modified":"2026-04-18T20:41:45","modified_gmt":"2026-04-18T23:41:45","slug":"mercado-organizacao-e-provincia","status":"publish","type":"post","link":"https:\/\/radiolifefm.com.br\/noticias\/mercado-organizacao-e-provincia\/","title":{"rendered":"Mercado, Organiza\u00e7\u00e3o e Prov\u00edncia&#8230;"},"content":{"rendered":"<div id=\"fb-root\"><\/div>\n<p><strong><em>&#8220;As ideias s\u00e3o um capital que s\u00f3 d\u00e1 juros nas m\u00e3os do talento.&#8221; (Rivarol)<\/em><\/strong><\/p>\n<p><strong><em>S\u00e9rgio Barbosa (*)<\/em><\/strong><\/p>\n<p>Pode-se afirmar que atualmente o cen\u00e1rio mercadol\u00f3gico continua proporcionando momentos de incertezas em todas as \u00e1reas, assim, faz-se necess\u00e1rio que as organiza\u00e7\u00f5es estejam em estado de alerta com o contexto plural deste tempo de incertezas&#8230;<\/p>\n<p>Tais divaga\u00e7\u00f5es est\u00e3o localizadas em temas e tem\u00e1ticas que est\u00e3o al\u00e9m do pragmatismo contextualizado deste ou daquele momento, portanto, \u00e9 necess\u00e1rio que a organiza\u00e7\u00e3o esteja preparada para enfrentar as turbul\u00eancias do mercado&#8230;<\/p>\n<p>Mesmo assim, tudo pode ocorrer de um momento para o outro, por isso, em quest\u00e3o de gest\u00e3o \u00e9 fundamental, primeiro, entender e depois, aplicar as propostas mediadas pela &#8220;teoria dos jogos&#8221; em benef\u00edcio da organiza\u00e7\u00e3o e sempre buscando estar em conex\u00e3o com as tend\u00eancias mercadol\u00f3gicas&#8230;<\/p>\n<p>Tamb\u00e9m, n\u00e3o se pode mais ficar &#8220;fazendo de conta&#8221; em um mercado que exige e qualifica tudo e todos, por isso, as organiza\u00e7\u00f5es devem estar acima dos interesses espec\u00edficos para que o projeto possa ser coletivo&#8230;<\/p>\n<p>N\u00e3o se pode esquecer que as diretrizes direcionadas para a competi\u00e7\u00e3o do mercado est\u00e3o de um jeito ou de outro comprometidas com a expans\u00e3o organizacional em tempo de p\u00f3s-globaliza\u00e7\u00e3o midi\u00e1tica&#8230;<\/p>\n<p>Desta forma, os gestores est\u00e3o mais do que comprometidos com as altera\u00e7\u00f5es que est\u00e3o atreladas aos avan\u00e7os tecnol\u00f3gicos que proporcionam uma constante transforma\u00e7\u00e3o nas redes empresariais em busca da qualidade e disputa pelo mercado&#8230;<\/p>\n<p>Neste apresentado em n\u00edvel &#8220;glocal&#8221;, ou seja, do global para o local, tendo em vista que a denominada &#8220;p\u00f3s-globaliza\u00e7\u00e3o&#8221; aproximou o planeta em todas as \u00e1reas, faz-se necess\u00e1rio que a Prov\u00edncia fique atenta \u00e0s novas propostas do mercado neste tempo de incertezas&#8230;<\/p>\n<p>No entanto, o mercado provinciano encontra muitas dificuldades relacionadas com este cen\u00e1rio mais do que complicado e assim por diante, ainda, por exemplo, na \u00e1rea de servi\u00e7os a presta\u00e7\u00e3o dos mesmos coloca em risco a continuidade do retorno financeiro e assim por diante&#8230;<\/p>\n<p>As organiza\u00e7\u00f5es em geral, n\u00e3o podem esperar passivamente pelo que pode ou vai ocorrer no mercado, mesmo preparando para enfrentar este cen\u00e1rio de turbul\u00eancias em quase todas as \u00e1reas de produ\u00e7\u00e3o e servi\u00e7os, pode-se de um jeito ou de outro, buscar outras alternativas para que se possa dar continuidade ao projeto empresarial&#8230;<\/p>\n<p>Entretanto, para que tais possibilidades possam ocorrer no mercado provinciano, deve-se estar &#8220;aberto&#8221; para as novas propostas mediadas pela necessidade da &#8220;reestrutura\u00e7\u00e3o organizacional&#8221; com a\u00e7\u00f5es segmentadas para que a expans\u00e3o possa estar de acordo com as exig\u00eancias mercadol\u00f3gicas&#8230;<\/p>\n<p>O mercado, como diz o dito popular, &#8220;n\u00e3o est\u00e1 pra peixe&#8221;, desta forma, os gestores e gestoras devem estar em sintonia com os cen\u00e1rios pr\u00f3ximo e distante, buscando informa\u00e7\u00f5es sobre sua \u00e1rea de atua\u00e7\u00e3o, bem como, pesquisando outras possibilidades de atua\u00e7\u00e3o neste mercado por meio de a\u00e7\u00f5es em parceria com o objetivo de racionaliza\u00e7\u00e3o de custos operacionais, produ\u00e7\u00e3o e servi\u00e7os&#8230;<\/p>\n<p>Neste panorama internacional, quando as organiza\u00e7\u00f5es est\u00e3o buscando a racionaliza\u00e7\u00e3o de custos em benef\u00edcio do lucro l\u00edquido, nada pode ser deixado de lado por causa de um simples problema localizado, assim, o\/a &#8220;Gestor\/a&#8221; deve estar acima do que se considera normal ou de acordo com o mercado&#8230;<\/p>\n<p>&nbsp;<\/p>\n<p><strong><em>____________________________________<\/em><\/strong><\/p>\n<p><strong><em>(*) jornalista diplomado e consultor na \u00e1rea de m\u00eddia organizacional. Autor do livro: ADAMANTINA: Novas Perspectivas de Organiza\u00e7\u00f5es Empresariais (acea\/asspem\/ep\/2021) e Organizador do livro: AEENAAP: da tradi\u00e7\u00e3o a transforma\u00e7\u00e3o (aeenap\/confea\/crea\/mutua\/2.025).<\/em><\/strong><\/p>\n<p><strong><em>e-mail: <\/em><\/strong><a href=\"mailto:barbosa.sebar@gmail.com\"><strong><em>barbosa.sebar@gmail.com<\/em><\/strong><\/a><\/p>\n<p><strong><em>\u00a0<\/em><\/strong><\/p>\n","protected":false},"excerpt":{"rendered":"<p>&#8220;As ideias s\u00e3o um capital que s\u00f3 d\u00e1 juros nas m\u00e3os do talento.&#8221; (Rivarol) S\u00e9rgio Barbosa (*) Pode-se afirmar que atualmente o cen\u00e1rio mercadol\u00f3gico continua proporcionando momentos de incertezas em todas as \u00e1reas, assim, faz-se necess\u00e1rio que as organiza\u00e7\u00f5es estejam em estado de alerta com o contexto plural deste tempo de incertezas&#8230; Tais divaga\u00e7\u00f5es est\u00e3o [&hellip;]<\/p>\n","protected":false},"author":13,"featured_media":51988,"comment_status":"closed","ping_status":"open","sticky":false,"template":"","format":"standard","meta":{"_acf_changed":false,"_exactmetrics_skip_tracking":false,"_exactmetrics_sitenote_active":false,"_exactmetrics_sitenote_note":"","_exactmetrics_sitenote_category":0,"footnotes":""},"categories":[59],"tags":[],"class_list":["post-104377","post","type-post","status-publish","format-standard","has-post-thumbnail","hentry","category-opiniao"],"acf":[],"yoast_head":"<!-- This site is optimized with the Yoast SEO plugin v27.2 - https:\/\/yoast.com\/product\/yoast-seo-wordpress\/ -->\n<title>Mercado, Organiza\u00e7\u00e3o e Prov\u00edncia... - R\u00e1dio Life FM<\/title>\n<meta name=\"robots\" content=\"index, follow, max-snippet:-1, max-image-preview:large, max-video-preview:-1\" \/>\n<link rel=\"canonical\" href=\"https:\/\/radiolifefm.com.br\/noticias\/mercado-organizacao-e-provincia\/\" \/>\n<meta property=\"og:locale\" content=\"pt_BR\" \/>\n<meta property=\"og:type\" content=\"article\" \/>\n<meta property=\"og:title\" content=\"Mercado, Organiza\u00e7\u00e3o e Prov\u00edncia... - R\u00e1dio Life FM\" \/>\n<meta property=\"og:description\" content=\"&#8220;As ideias s\u00e3o um capital que s\u00f3 d\u00e1 juros nas m\u00e3os do talento.&#8221; (Rivarol) S\u00e9rgio Barbosa (*) Pode-se afirmar que atualmente o cen\u00e1rio mercadol\u00f3gico continua proporcionando momentos de incertezas em todas as \u00e1reas, assim, faz-se necess\u00e1rio que as organiza\u00e7\u00f5es estejam em estado de alerta com o contexto plural deste tempo de incertezas&#8230; Tais divaga\u00e7\u00f5es est\u00e3o [&hellip;]\" \/>\n<meta property=\"og:url\" content=\"https:\/\/radiolifefm.com.br\/noticias\/mercado-organizacao-e-provincia\/\" \/>\n<meta property=\"og:site_name\" content=\"R\u00e1dio Life FM\" \/>\n<meta property=\"article:publisher\" content=\"https:\/\/www.facebook.com\/radiolifefm\/\" \/>\n<meta property=\"article:published_time\" content=\"2025-08-20T22:55:59+00:00\" \/>\n<meta property=\"article:modified_time\" content=\"2026-04-18T23:41:45+00:00\" \/>\n<meta property=\"og:image\" content=\"https:\/\/radiolifefm.com.br\/noticias\/wp-content\/uploads\/2022\/04\/WhatsApp-Image-2022-04-10-at-18.43.02.jpeg\" \/>\n\t<meta property=\"og:image:width\" content=\"972\" \/>\n\t<meta property=\"og:image:height\" content=\"1296\" \/>\n\t<meta property=\"og:image:type\" content=\"image\/jpeg\" \/>\n<meta name=\"author\" content=\"ritanery\" \/>\n<meta name=\"twitter:card\" content=\"summary_large_image\" \/>\n<meta name=\"twitter:label1\" content=\"Escrito por\" \/>\n\t<meta name=\"twitter:data1\" content=\"ritanery\" \/>\n\t<meta name=\"twitter:label2\" content=\"Est. tempo de leitura\" \/>\n\t<meta name=\"twitter:data2\" content=\"3 minutos\" \/>\n<script type=\"application\/ld+json\" class=\"yoast-schema-graph\">{\"@context\":\"https:\/\/schema.org\",\"@graph\":[{\"@type\":\"Article\",\"@id\":\"https:\/\/radiolifefm.com.br\/noticias\/mercado-organizacao-e-provincia\/#article\",\"isPartOf\":{\"@id\":\"https:\/\/radiolifefm.com.br\/noticias\/mercado-organizacao-e-provincia\/\"},\"author\":{\"name\":\"ritanery\",\"@id\":\"https:\/\/radiolifefm.com.br\/noticias\/#\/schema\/person\/6339b9fac59d12b071dec680d7375d87\"},\"headline\":\"Mercado, Organiza\u00e7\u00e3o e Prov\u00edncia&#8230;\",\"datePublished\":\"2025-08-20T22:55:59+00:00\",\"dateModified\":\"2026-04-18T23:41:45+00:00\",\"mainEntityOfPage\":{\"@id\":\"https:\/\/radiolifefm.com.br\/noticias\/mercado-organizacao-e-provincia\/\"},\"wordCount\":633,\"publisher\":{\"@id\":\"https:\/\/radiolifefm.com.br\/noticias\/#organization\"},\"image\":{\"@id\":\"https:\/\/radiolifefm.com.br\/noticias\/mercado-organizacao-e-provincia\/#primaryimage\"},\"thumbnailUrl\":\"https:\/\/radiolifefm.com.br\/noticias\/wp-content\/uploads\/2022\/04\/WhatsApp-Image-2022-04-10-at-18.43.02.jpeg\",\"articleSection\":[\"Opini\u00e3o\"],\"inLanguage\":\"pt-BR\"},{\"@type\":\"WebPage\",\"@id\":\"https:\/\/radiolifefm.com.br\/noticias\/mercado-organizacao-e-provincia\/\",\"url\":\"https:\/\/radiolifefm.com.br\/noticias\/mercado-organizacao-e-provincia\/\",\"name\":\"Mercado, Organiza\u00e7\u00e3o e Prov\u00edncia... - R\u00e1dio Life FM\",\"isPartOf\":{\"@id\":\"https:\/\/radiolifefm.com.br\/noticias\/#website\"},\"primaryImageOfPage\":{\"@id\":\"https:\/\/radiolifefm.com.br\/noticias\/mercado-organizacao-e-provincia\/#primaryimage\"},\"image\":{\"@id\":\"https:\/\/radiolifefm.com.br\/noticias\/mercado-organizacao-e-provincia\/#primaryimage\"},\"thumbnailUrl\":\"https:\/\/radiolifefm.com.br\/noticias\/wp-content\/uploads\/2022\/04\/WhatsApp-Image-2022-04-10-at-18.43.02.jpeg\",\"datePublished\":\"2025-08-20T22:55:59+00:00\",\"dateModified\":\"2026-04-18T23:41:45+00:00\",\"breadcrumb\":{\"@id\":\"https:\/\/radiolifefm.com.br\/noticias\/mercado-organizacao-e-provincia\/#breadcrumb\"},\"inLanguage\":\"pt-BR\",\"potentialAction\":[{\"@type\":\"ReadAction\",\"target\":[\"https:\/\/radiolifefm.com.br\/noticias\/mercado-organizacao-e-provincia\/\"]}]},{\"@type\":\"ImageObject\",\"inLanguage\":\"pt-BR\",\"@id\":\"https:\/\/radiolifefm.com.br\/noticias\/mercado-organizacao-e-provincia\/#primaryimage\",\"url\":\"https:\/\/radiolifefm.com.br\/noticias\/wp-content\/uploads\/2022\/04\/WhatsApp-Image-2022-04-10-at-18.43.02.jpeg\",\"contentUrl\":\"https:\/\/radiolifefm.com.br\/noticias\/wp-content\/uploads\/2022\/04\/WhatsApp-Image-2022-04-10-at-18.43.02.jpeg\",\"width\":972,\"height\":1296,\"caption\":\"S\u00e9rgio Barbosa\"},{\"@type\":\"BreadcrumbList\",\"@id\":\"https:\/\/radiolifefm.com.br\/noticias\/mercado-organizacao-e-provincia\/#breadcrumb\",\"itemListElement\":[{\"@type\":\"ListItem\",\"position\":1,\"name\":\"In\u00edcio\",\"item\":\"https:\/\/radiolifefm.com.br\/noticias\/\"},{\"@type\":\"ListItem\",\"position\":2,\"name\":\"Mercado, Organiza\u00e7\u00e3o e Prov\u00edncia&#8230;\"}]},{\"@type\":\"WebSite\",\"@id\":\"https:\/\/radiolifefm.com.br\/noticias\/#website\",\"url\":\"https:\/\/radiolifefm.com.br\/noticias\/\",\"name\":\"R\u00e1dio Life FM\",\"description\":\"O Portal de Not\u00edcias de Adamantina\",\"publisher\":{\"@id\":\"https:\/\/radiolifefm.com.br\/noticias\/#organization\"},\"alternateName\":\"Life FM\",\"potentialAction\":[{\"@type\":\"SearchAction\",\"target\":{\"@type\":\"EntryPoint\",\"urlTemplate\":\"https:\/\/radiolifefm.com.br\/noticias\/?s={search_term_string}\"},\"query-input\":{\"@type\":\"PropertyValueSpecification\",\"valueRequired\":true,\"valueName\":\"search_term_string\"}}],\"inLanguage\":\"pt-BR\"},{\"@type\":\"Organization\",\"@id\":\"https:\/\/radiolifefm.com.br\/noticias\/#organization\",\"name\":\"R\u00e1dio Life FM\",\"alternateName\":\"Life FM\",\"url\":\"https:\/\/radiolifefm.com.br\/noticias\/\",\"logo\":{\"@type\":\"ImageObject\",\"inLanguage\":\"pt-BR\",\"@id\":\"https:\/\/radiolifefm.com.br\/noticias\/#\/schema\/logo\/image\/\",\"url\":\"https:\/\/static.radiolifefm.com.br\/noticias\/wp-content\/uploads\/2019\/10\/logo-lifefm.png\",\"contentUrl\":\"https:\/\/static.radiolifefm.com.br\/noticias\/wp-content\/uploads\/2019\/10\/logo-lifefm.png\",\"width\":196,\"height\":47,\"caption\":\"R\u00e1dio Life FM\"},\"image\":{\"@id\":\"https:\/\/radiolifefm.com.br\/noticias\/#\/schema\/logo\/image\/\"},\"sameAs\":[\"https:\/\/www.facebook.com\/radiolifefm\/\",\"https:\/\/www.instagram.com\/life1079fm\/\"]},{\"@type\":\"Person\",\"@id\":\"https:\/\/radiolifefm.com.br\/noticias\/#\/schema\/person\/6339b9fac59d12b071dec680d7375d87\",\"name\":\"ritanery\",\"image\":{\"@type\":\"ImageObject\",\"inLanguage\":\"pt-BR\",\"@id\":\"https:\/\/secure.gravatar.com\/avatar\/0e37bb19071f47c0b8a23f62a903df117c5a0e75f65a0c2901562f97cd41cf86?s=96&d=mm&r=g\",\"url\":\"https:\/\/secure.gravatar.com\/avatar\/0e37bb19071f47c0b8a23f62a903df117c5a0e75f65a0c2901562f97cd41cf86?s=96&d=mm&r=g\",\"contentUrl\":\"https:\/\/secure.gravatar.com\/avatar\/0e37bb19071f47c0b8a23f62a903df117c5a0e75f65a0c2901562f97cd41cf86?s=96&d=mm&r=g\",\"caption\":\"ritanery\"}}]}<\/script>\n<!-- \/ Yoast SEO plugin. -->","yoast_head_json":{"title":"Mercado, Organiza\u00e7\u00e3o e Prov\u00edncia... - R\u00e1dio Life FM","robots":{"index":"index","follow":"follow","max-snippet":"max-snippet:-1","max-image-preview":"max-image-preview:large","max-video-preview":"max-video-preview:-1"},"canonical":"https:\/\/radiolifefm.com.br\/noticias\/mercado-organizacao-e-provincia\/","og_locale":"pt_BR","og_type":"article","og_title":"Mercado, Organiza\u00e7\u00e3o e Prov\u00edncia... - R\u00e1dio Life FM","og_description":"&#8220;As ideias s\u00e3o um capital que s\u00f3 d\u00e1 juros nas m\u00e3os do talento.&#8221; (Rivarol) S\u00e9rgio Barbosa (*) Pode-se afirmar que atualmente o cen\u00e1rio mercadol\u00f3gico continua proporcionando momentos de incertezas em todas as \u00e1reas, assim, faz-se necess\u00e1rio que as organiza\u00e7\u00f5es estejam em estado de alerta com o contexto plural deste tempo de incertezas&#8230; Tais divaga\u00e7\u00f5es est\u00e3o [&hellip;]","og_url":"https:\/\/radiolifefm.com.br\/noticias\/mercado-organizacao-e-provincia\/","og_site_name":"R\u00e1dio Life FM","article_publisher":"https:\/\/www.facebook.com\/radiolifefm\/","article_published_time":"2025-08-20T22:55:59+00:00","article_modified_time":"2026-04-18T23:41:45+00:00","og_image":[{"width":972,"height":1296,"url":"https:\/\/radiolifefm.com.br\/noticias\/wp-content\/uploads\/2022\/04\/WhatsApp-Image-2022-04-10-at-18.43.02.jpeg","type":"image\/jpeg"}],"author":"ritanery","twitter_card":"summary_large_image","twitter_misc":{"Escrito por":"ritanery","Est. tempo de leitura":"3 minutos"},"schema":{"@context":"https:\/\/schema.org","@graph":[{"@type":"Article","@id":"https:\/\/radiolifefm.com.br\/noticias\/mercado-organizacao-e-provincia\/#article","isPartOf":{"@id":"https:\/\/radiolifefm.com.br\/noticias\/mercado-organizacao-e-provincia\/"},"author":{"name":"ritanery","@id":"https:\/\/radiolifefm.com.br\/noticias\/#\/schema\/person\/6339b9fac59d12b071dec680d7375d87"},"headline":"Mercado, Organiza\u00e7\u00e3o e Prov\u00edncia&#8230;","datePublished":"2025-08-20T22:55:59+00:00","dateModified":"2026-04-18T23:41:45+00:00","mainEntityOfPage":{"@id":"https:\/\/radiolifefm.com.br\/noticias\/mercado-organizacao-e-provincia\/"},"wordCount":633,"publisher":{"@id":"https:\/\/radiolifefm.com.br\/noticias\/#organization"},"image":{"@id":"https:\/\/radiolifefm.com.br\/noticias\/mercado-organizacao-e-provincia\/#primaryimage"},"thumbnailUrl":"https:\/\/radiolifefm.com.br\/noticias\/wp-content\/uploads\/2022\/04\/WhatsApp-Image-2022-04-10-at-18.43.02.jpeg","articleSection":["Opini\u00e3o"],"inLanguage":"pt-BR"},{"@type":"WebPage","@id":"https:\/\/radiolifefm.com.br\/noticias\/mercado-organizacao-e-provincia\/","url":"https:\/\/radiolifefm.com.br\/noticias\/mercado-organizacao-e-provincia\/","name":"Mercado, Organiza\u00e7\u00e3o e Prov\u00edncia... - R\u00e1dio Life FM","isPartOf":{"@id":"https:\/\/radiolifefm.com.br\/noticias\/#website"},"primaryImageOfPage":{"@id":"https:\/\/radiolifefm.com.br\/noticias\/mercado-organizacao-e-provincia\/#primaryimage"},"image":{"@id":"https:\/\/radiolifefm.com.br\/noticias\/mercado-organizacao-e-provincia\/#primaryimage"},"thumbnailUrl":"https:\/\/radiolifefm.com.br\/noticias\/wp-content\/uploads\/2022\/04\/WhatsApp-Image-2022-04-10-at-18.43.02.jpeg","datePublished":"2025-08-20T22:55:59+00:00","dateModified":"2026-04-18T23:41:45+00:00","breadcrumb":{"@id":"https:\/\/radiolifefm.com.br\/noticias\/mercado-organizacao-e-provincia\/#breadcrumb"},"inLanguage":"pt-BR","potentialAction":[{"@type":"ReadAction","target":["https:\/\/radiolifefm.com.br\/noticias\/mercado-organizacao-e-provincia\/"]}]},{"@type":"ImageObject","inLanguage":"pt-BR","@id":"https:\/\/radiolifefm.com.br\/noticias\/mercado-organizacao-e-provincia\/#primaryimage","url":"https:\/\/radiolifefm.com.br\/noticias\/wp-content\/uploads\/2022\/04\/WhatsApp-Image-2022-04-10-at-18.43.02.jpeg","contentUrl":"https:\/\/radiolifefm.com.br\/noticias\/wp-content\/uploads\/2022\/04\/WhatsApp-Image-2022-04-10-at-18.43.02.jpeg","width":972,"height":1296,"caption":"S\u00e9rgio Barbosa"},{"@type":"BreadcrumbList","@id":"https:\/\/radiolifefm.com.br\/noticias\/mercado-organizacao-e-provincia\/#breadcrumb","itemListElement":[{"@type":"ListItem","position":1,"name":"In\u00edcio","item":"https:\/\/radiolifefm.com.br\/noticias\/"},{"@type":"ListItem","position":2,"name":"Mercado, Organiza\u00e7\u00e3o e Prov\u00edncia&#8230;"}]},{"@type":"WebSite","@id":"https:\/\/radiolifefm.com.br\/noticias\/#website","url":"https:\/\/radiolifefm.com.br\/noticias\/","name":"R\u00e1dio Life FM","description":"O Portal de Not\u00edcias de Adamantina","publisher":{"@id":"https:\/\/radiolifefm.com.br\/noticias\/#organization"},"alternateName":"Life FM","potentialAction":[{"@type":"SearchAction","target":{"@type":"EntryPoint","urlTemplate":"https:\/\/radiolifefm.com.br\/noticias\/?s={search_term_string}"},"query-input":{"@type":"PropertyValueSpecification","valueRequired":true,"valueName":"search_term_string"}}],"inLanguage":"pt-BR"},{"@type":"Organization","@id":"https:\/\/radiolifefm.com.br\/noticias\/#organization","name":"R\u00e1dio Life FM","alternateName":"Life FM","url":"https:\/\/radiolifefm.com.br\/noticias\/","logo":{"@type":"ImageObject","inLanguage":"pt-BR","@id":"https:\/\/radiolifefm.com.br\/noticias\/#\/schema\/logo\/image\/","url":"https:\/\/static.radiolifefm.com.br\/noticias\/wp-content\/uploads\/2019\/10\/logo-lifefm.png","contentUrl":"https:\/\/static.radiolifefm.com.br\/noticias\/wp-content\/uploads\/2019\/10\/logo-lifefm.png","width":196,"height":47,"caption":"R\u00e1dio Life FM"},"image":{"@id":"https:\/\/radiolifefm.com.br\/noticias\/#\/schema\/logo\/image\/"},"sameAs":["https:\/\/www.facebook.com\/radiolifefm\/","https:\/\/www.instagram.com\/life1079fm\/"]},{"@type":"Person","@id":"https:\/\/radiolifefm.com.br\/noticias\/#\/schema\/person\/6339b9fac59d12b071dec680d7375d87","name":"ritanery","image":{"@type":"ImageObject","inLanguage":"pt-BR","@id":"https:\/\/secure.gravatar.com\/avatar\/0e37bb19071f47c0b8a23f62a903df117c5a0e75f65a0c2901562f97cd41cf86?s=96&d=mm&r=g","url":"https:\/\/secure.gravatar.com\/avatar\/0e37bb19071f47c0b8a23f62a903df117c5a0e75f65a0c2901562f97cd41cf86?s=96&d=mm&r=g","contentUrl":"https:\/\/secure.gravatar.com\/avatar\/0e37bb19071f47c0b8a23f62a903df117c5a0e75f65a0c2901562f97cd41cf86?s=96&d=mm&r=g","caption":"ritanery"}}]}},"amp_enabled":true,"_links":{"self":[{"href":"https:\/\/radiolifefm.com.br\/noticias\/wp-json\/wp\/v2\/posts\/104377","targetHints":{"allow":["GET"]}}],"collection":[{"href":"https:\/\/radiolifefm.com.br\/noticias\/wp-json\/wp\/v2\/posts"}],"about":[{"href":"https:\/\/radiolifefm.com.br\/noticias\/wp-json\/wp\/v2\/types\/post"}],"author":[{"embeddable":true,"href":"https:\/\/radiolifefm.com.br\/noticias\/wp-json\/wp\/v2\/users\/13"}],"replies":[{"embeddable":true,"href":"https:\/\/radiolifefm.com.br\/noticias\/wp-json\/wp\/v2\/comments?post=104377"}],"version-history":[{"count":1,"href":"https:\/\/radiolifefm.com.br\/noticias\/wp-json\/wp\/v2\/posts\/104377\/revisions"}],"predecessor-version":[{"id":104378,"href":"https:\/\/radiolifefm.com.br\/noticias\/wp-json\/wp\/v2\/posts\/104377\/revisions\/104378"}],"wp:featuredmedia":[{"embeddable":true,"href":"https:\/\/radiolifefm.com.br\/noticias\/wp-json\/wp\/v2\/media\/51988"}],"wp:attachment":[{"href":"https:\/\/radiolifefm.com.br\/noticias\/wp-json\/wp\/v2\/media?parent=104377"}],"wp:term":[{"taxonomy":"category","embeddable":true,"href":"https:\/\/radiolifefm.com.br\/noticias\/wp-json\/wp\/v2\/categories?post=104377"},{"taxonomy":"post_tag","embeddable":true,"href":"https:\/\/radiolifefm.com.br\/noticias\/wp-json\/wp\/v2\/tags?post=104377"}],"curies":[{"name":"wp","href":"https:\/\/api.w.org\/{rel}","templated":true}]}}