{"id":104209,"date":"2025-08-18T11:27:43","date_gmt":"2025-08-18T14:27:43","guid":{"rendered":"https:\/\/radiolifefm.com.br\/noticias\/?p=104209"},"modified":"2026-03-04T10:08:05","modified_gmt":"2026-03-04T13:08:05","slug":"provincia-e-desencontros-politiqueiros","status":"publish","type":"post","link":"https:\/\/radiolifefm.com.br\/noticias\/provincia-e-desencontros-politiqueiros\/","title":{"rendered":"Prov\u00edncia e desencontros politiqueiros\u2026"},"content":{"rendered":"<div id=\"fb-root\"><\/div>\n<p><strong><em>\u201cMuitas vezes \u00e9 a falta de car\u00e1ter que decide uma partida. N\u00e3o se faz literatura, pol\u00edtica e futebol com bons sentimentos.\u201d (<\/em><\/strong><a href=\"https:\/\/www.pensador.com\/autor\/nelson_rodrigues\/\" rel=\"noopener\"><strong><em>Nelson Rodrigues<\/em><\/strong><strong><em>\u00a0<\/em><\/strong><\/a><strong><em>)<\/em><\/strong><\/p>\n<p><strong><em>\u00a0<\/em><\/strong><\/p>\n<p><strong>seb@r.<\/strong><\/p>\n<p>&nbsp;<\/p>\n<p>Pra n\u00e3o esquecer de registrar, ou seja, este TEXTO busca oferecer um pouco de tudo em meio ao nada, portanto, qualquer IDEMTIFICA\u00c7\u00c3O com a REALIDADE PROVINCIANA, pode ser apenas um DETALHE e nada mais\u2026<\/p>\n<p>Ent\u00e3o, tudo indica que daqui pra frente, ainda, pra variar e sempre pra MENOS, aqueles\/as PR\u00c9-CANDIFATOS\/AS nas pr\u00f3ximas ELEI\u00c7\u00d5ES deste PA\u00cdS DO FAZ DE CONTA\u2026<\/p>\n<p>Assim, cada qual deve seguir o seu CAMINHO que pode ser sem VOLTA e assim por diante, haja vista as famosas e eternas TROCAS NADA SIMB\u00d3LICAS, por isso e mais aquilo, fica sempre a m\u00e1xima de sempre, ou seja, TODO CUIDADO \u00c9 POUCO\u2026<\/p>\n<p>Al\u00e9m disso e mais aquilo, os\/as PATRIOT\u00c1RIOS\/AS PROVINCIANOS\/AS com suas MENTES MED\u00cdOCRES, continuam circulando de um lado para outro, portanto, SE VOC\u00ca PENSA QUE T\u00c1 RUIM, PODE PIORAR\u2026<\/p>\n<p>O cen\u00e1rio atual em n\u00edvel NACIONAL, ainda, est\u00e1 em ritmo de ESPECULA\u00c7\u00d5ES deste ou daquele NOME para este ou aquele CARGO ELETIVO nas esferas estadual e nacional, todavia, o famigerado TEMPO corre contra o TEMPO\u2026<\/p>\n<p>Neste CONTEXTO um tanto quanto INUSITADO, tendo em vista que os\/as IDIOT\u00c1RIOS\/AS PROVINCIANOS\/AS, ou seja, os\/as SEGUIDORES\/AS do INELEG\u00cdVEL, continuam seguindo o BERRANTE por meio das suas BUZINAS, CAMISETAS AMARELAS e outros adere\u00e7os mal\u00e9ficos\u2026<\/p>\n<p>Tais DESENCONTROS que envolvem o lado denominado de POLITIQUEIRO nesta PROV\u00cdNCIA DO FAZ DE CONTA, pode apresentar nos pr\u00f3ximos meses muitas INDICA\u00c7\u00d5ES, bem como, as FAMOSAS PROMESSAS de sempre\u2026<\/p>\n<p>Tamb\u00e9m, entendo que tais DISPUTAS que envolvem as INDICA\u00c7\u00d5ES ou ESCOLHAS dos\/as CANDITATOS\/AS, est\u00e3o mais ou menos ACERTADAS por debaixo dos PANOS dos PARTIDOS, por\u00e9m, como sempre, TODO CUIDADO \u00c9 POUCO\u2026<\/p>\n<p>N\u00e3o se pode esperar muito dessas ESCOLHAS que envolvem os interesses do PODER pelo PODER em busca do PODER, pois, aquela m\u00e1xima continua mais atual do que nunca, ou seja, nesta PROV\u00cdNCIA DO FAZ DE CONTA, prevalece quase sempre aquela proposta mais do que interessante, a saber: MUDAM AS MOSCAS, MAS A M\u2026 \u00c9 SEMPRE A MESMA\u2026<\/p>\n<p>N\u00e3o se pode esperar aquilo que VOC\u00ca n\u00e3o ACREDITA e ponto quase final, mesmo assim, as ESCOLHAS s\u00e3o necess\u00e1rias e o seu VOTO pode fazer a diferen\u00e7a, desta forma, QUEM SOBREVIVER VAI SABER\u2026<\/p>\n<p>PERDERAM MAN\u00c9S!<\/p>\n<p>&nbsp;<\/p>\n<p>&nbsp;<\/p>\n<p><strong>e-mail:\u00a0<\/strong><a href=\"mailto:barbosa.sebar@gmail.com\"><strong>barbosa.sebar@gmail.com<\/strong><\/a><\/p>\n","protected":false},"excerpt":{"rendered":"<p>\u201cMuitas vezes \u00e9 a falta de car\u00e1ter que decide uma partida. N\u00e3o se faz literatura, pol\u00edtica e futebol com bons sentimentos.\u201d (Nelson Rodrigues\u00a0) \u00a0 seb@r. &nbsp; Pra n\u00e3o esquecer de registrar, ou seja, este TEXTO busca oferecer um pouco de tudo em meio ao nada, portanto, qualquer IDEMTIFICA\u00c7\u00c3O com a REALIDADE PROVINCIANA, pode ser apenas [&hellip;]<\/p>\n","protected":false},"author":13,"featured_media":51988,"comment_status":"closed","ping_status":"open","sticky":false,"template":"","format":"standard","meta":{"_acf_changed":false,"_exactmetrics_skip_tracking":false,"_exactmetrics_sitenote_active":false,"_exactmetrics_sitenote_note":"","_exactmetrics_sitenote_category":0,"footnotes":""},"categories":[59],"tags":[],"class_list":["post-104209","post","type-post","status-publish","format-standard","has-post-thumbnail","hentry","category-opiniao"],"acf":[],"yoast_head":"<!-- This site is optimized with the Yoast SEO plugin v27.2 - https:\/\/yoast.com\/product\/yoast-seo-wordpress\/ -->\n<title>Prov\u00edncia e desencontros politiqueiros\u2026 - R\u00e1dio Life FM<\/title>\n<meta name=\"robots\" content=\"index, follow, max-snippet:-1, max-image-preview:large, max-video-preview:-1\" \/>\n<link rel=\"canonical\" href=\"https:\/\/radiolifefm.com.br\/noticias\/provincia-e-desencontros-politiqueiros\/\" \/>\n<meta property=\"og:locale\" content=\"pt_BR\" \/>\n<meta property=\"og:type\" content=\"article\" \/>\n<meta property=\"og:title\" content=\"Prov\u00edncia e desencontros politiqueiros\u2026 - R\u00e1dio Life FM\" \/>\n<meta property=\"og:description\" content=\"\u201cMuitas vezes \u00e9 a falta de car\u00e1ter que decide uma partida. N\u00e3o se faz literatura, pol\u00edtica e futebol com bons sentimentos.\u201d (Nelson Rodrigues\u00a0) \u00a0 seb@r. &nbsp; Pra n\u00e3o esquecer de registrar, ou seja, este TEXTO busca oferecer um pouco de tudo em meio ao nada, portanto, qualquer IDEMTIFICA\u00c7\u00c3O com a REALIDADE PROVINCIANA, pode ser apenas [&hellip;]\" \/>\n<meta property=\"og:url\" content=\"https:\/\/radiolifefm.com.br\/noticias\/provincia-e-desencontros-politiqueiros\/\" \/>\n<meta property=\"og:site_name\" content=\"R\u00e1dio Life FM\" \/>\n<meta property=\"article:publisher\" content=\"https:\/\/www.facebook.com\/radiolifefm\/\" \/>\n<meta property=\"article:published_time\" content=\"2025-08-18T14:27:43+00:00\" \/>\n<meta property=\"article:modified_time\" content=\"2026-03-04T13:08:05+00:00\" \/>\n<meta property=\"og:image\" content=\"https:\/\/radiolifefm.com.br\/noticias\/wp-content\/uploads\/2022\/04\/WhatsApp-Image-2022-04-10-at-18.43.02.jpeg\" \/>\n\t<meta property=\"og:image:width\" content=\"972\" \/>\n\t<meta property=\"og:image:height\" content=\"1296\" \/>\n\t<meta property=\"og:image:type\" content=\"image\/jpeg\" \/>\n<meta name=\"author\" content=\"ritanery\" \/>\n<meta name=\"twitter:card\" content=\"summary_large_image\" \/>\n<meta name=\"twitter:label1\" content=\"Escrito por\" \/>\n\t<meta name=\"twitter:data1\" content=\"ritanery\" \/>\n\t<meta name=\"twitter:label2\" content=\"Est. tempo de leitura\" \/>\n\t<meta name=\"twitter:data2\" content=\"3 minutos\" \/>\n<script type=\"application\/ld+json\" class=\"yoast-schema-graph\">{\"@context\":\"https:\/\/schema.org\",\"@graph\":[{\"@type\":\"Article\",\"@id\":\"https:\/\/radiolifefm.com.br\/noticias\/provincia-e-desencontros-politiqueiros\/#article\",\"isPartOf\":{\"@id\":\"https:\/\/radiolifefm.com.br\/noticias\/provincia-e-desencontros-politiqueiros\/\"},\"author\":{\"name\":\"ritanery\",\"@id\":\"https:\/\/radiolifefm.com.br\/noticias\/#\/schema\/person\/6339b9fac59d12b071dec680d7375d87\"},\"headline\":\"Prov\u00edncia e desencontros politiqueiros\u2026\",\"datePublished\":\"2025-08-18T14:27:43+00:00\",\"dateModified\":\"2026-03-04T13:08:05+00:00\",\"mainEntityOfPage\":{\"@id\":\"https:\/\/radiolifefm.com.br\/noticias\/provincia-e-desencontros-politiqueiros\/\"},\"wordCount\":435,\"publisher\":{\"@id\":\"https:\/\/radiolifefm.com.br\/noticias\/#organization\"},\"image\":{\"@id\":\"https:\/\/radiolifefm.com.br\/noticias\/provincia-e-desencontros-politiqueiros\/#primaryimage\"},\"thumbnailUrl\":\"https:\/\/radiolifefm.com.br\/noticias\/wp-content\/uploads\/2022\/04\/WhatsApp-Image-2022-04-10-at-18.43.02.jpeg\",\"articleSection\":[\"Opini\u00e3o\"],\"inLanguage\":\"pt-BR\"},{\"@type\":\"WebPage\",\"@id\":\"https:\/\/radiolifefm.com.br\/noticias\/provincia-e-desencontros-politiqueiros\/\",\"url\":\"https:\/\/radiolifefm.com.br\/noticias\/provincia-e-desencontros-politiqueiros\/\",\"name\":\"Prov\u00edncia e desencontros politiqueiros\u2026 - R\u00e1dio Life FM\",\"isPartOf\":{\"@id\":\"https:\/\/radiolifefm.com.br\/noticias\/#website\"},\"primaryImageOfPage\":{\"@id\":\"https:\/\/radiolifefm.com.br\/noticias\/provincia-e-desencontros-politiqueiros\/#primaryimage\"},\"image\":{\"@id\":\"https:\/\/radiolifefm.com.br\/noticias\/provincia-e-desencontros-politiqueiros\/#primaryimage\"},\"thumbnailUrl\":\"https:\/\/radiolifefm.com.br\/noticias\/wp-content\/uploads\/2022\/04\/WhatsApp-Image-2022-04-10-at-18.43.02.jpeg\",\"datePublished\":\"2025-08-18T14:27:43+00:00\",\"dateModified\":\"2026-03-04T13:08:05+00:00\",\"breadcrumb\":{\"@id\":\"https:\/\/radiolifefm.com.br\/noticias\/provincia-e-desencontros-politiqueiros\/#breadcrumb\"},\"inLanguage\":\"pt-BR\",\"potentialAction\":[{\"@type\":\"ReadAction\",\"target\":[\"https:\/\/radiolifefm.com.br\/noticias\/provincia-e-desencontros-politiqueiros\/\"]}]},{\"@type\":\"ImageObject\",\"inLanguage\":\"pt-BR\",\"@id\":\"https:\/\/radiolifefm.com.br\/noticias\/provincia-e-desencontros-politiqueiros\/#primaryimage\",\"url\":\"https:\/\/radiolifefm.com.br\/noticias\/wp-content\/uploads\/2022\/04\/WhatsApp-Image-2022-04-10-at-18.43.02.jpeg\",\"contentUrl\":\"https:\/\/radiolifefm.com.br\/noticias\/wp-content\/uploads\/2022\/04\/WhatsApp-Image-2022-04-10-at-18.43.02.jpeg\",\"width\":972,\"height\":1296,\"caption\":\"S\u00e9rgio Barbosa\"},{\"@type\":\"BreadcrumbList\",\"@id\":\"https:\/\/radiolifefm.com.br\/noticias\/provincia-e-desencontros-politiqueiros\/#breadcrumb\",\"itemListElement\":[{\"@type\":\"ListItem\",\"position\":1,\"name\":\"In\u00edcio\",\"item\":\"https:\/\/radiolifefm.com.br\/noticias\/\"},{\"@type\":\"ListItem\",\"position\":2,\"name\":\"Prov\u00edncia e desencontros politiqueiros\u2026\"}]},{\"@type\":\"WebSite\",\"@id\":\"https:\/\/radiolifefm.com.br\/noticias\/#website\",\"url\":\"https:\/\/radiolifefm.com.br\/noticias\/\",\"name\":\"R\u00e1dio Life FM\",\"description\":\"O Portal de Not\u00edcias de Adamantina\",\"publisher\":{\"@id\":\"https:\/\/radiolifefm.com.br\/noticias\/#organization\"},\"alternateName\":\"Life FM\",\"potentialAction\":[{\"@type\":\"SearchAction\",\"target\":{\"@type\":\"EntryPoint\",\"urlTemplate\":\"https:\/\/radiolifefm.com.br\/noticias\/?s={search_term_string}\"},\"query-input\":{\"@type\":\"PropertyValueSpecification\",\"valueRequired\":true,\"valueName\":\"search_term_string\"}}],\"inLanguage\":\"pt-BR\"},{\"@type\":\"Organization\",\"@id\":\"https:\/\/radiolifefm.com.br\/noticias\/#organization\",\"name\":\"R\u00e1dio Life FM\",\"alternateName\":\"Life FM\",\"url\":\"https:\/\/radiolifefm.com.br\/noticias\/\",\"logo\":{\"@type\":\"ImageObject\",\"inLanguage\":\"pt-BR\",\"@id\":\"https:\/\/radiolifefm.com.br\/noticias\/#\/schema\/logo\/image\/\",\"url\":\"https:\/\/static.radiolifefm.com.br\/noticias\/wp-content\/uploads\/2019\/10\/logo-lifefm.png\",\"contentUrl\":\"https:\/\/static.radiolifefm.com.br\/noticias\/wp-content\/uploads\/2019\/10\/logo-lifefm.png\",\"width\":196,\"height\":47,\"caption\":\"R\u00e1dio Life FM\"},\"image\":{\"@id\":\"https:\/\/radiolifefm.com.br\/noticias\/#\/schema\/logo\/image\/\"},\"sameAs\":[\"https:\/\/www.facebook.com\/radiolifefm\/\",\"https:\/\/www.instagram.com\/life1079fm\/\"]},{\"@type\":\"Person\",\"@id\":\"https:\/\/radiolifefm.com.br\/noticias\/#\/schema\/person\/6339b9fac59d12b071dec680d7375d87\",\"name\":\"ritanery\",\"image\":{\"@type\":\"ImageObject\",\"inLanguage\":\"pt-BR\",\"@id\":\"https:\/\/secure.gravatar.com\/avatar\/0e37bb19071f47c0b8a23f62a903df117c5a0e75f65a0c2901562f97cd41cf86?s=96&d=mm&r=g\",\"url\":\"https:\/\/secure.gravatar.com\/avatar\/0e37bb19071f47c0b8a23f62a903df117c5a0e75f65a0c2901562f97cd41cf86?s=96&d=mm&r=g\",\"contentUrl\":\"https:\/\/secure.gravatar.com\/avatar\/0e37bb19071f47c0b8a23f62a903df117c5a0e75f65a0c2901562f97cd41cf86?s=96&d=mm&r=g\",\"caption\":\"ritanery\"}}]}<\/script>\n<!-- \/ Yoast SEO plugin. -->","yoast_head_json":{"title":"Prov\u00edncia e desencontros politiqueiros\u2026 - R\u00e1dio Life FM","robots":{"index":"index","follow":"follow","max-snippet":"max-snippet:-1","max-image-preview":"max-image-preview:large","max-video-preview":"max-video-preview:-1"},"canonical":"https:\/\/radiolifefm.com.br\/noticias\/provincia-e-desencontros-politiqueiros\/","og_locale":"pt_BR","og_type":"article","og_title":"Prov\u00edncia e desencontros politiqueiros\u2026 - R\u00e1dio Life FM","og_description":"\u201cMuitas vezes \u00e9 a falta de car\u00e1ter que decide uma partida. N\u00e3o se faz literatura, pol\u00edtica e futebol com bons sentimentos.\u201d (Nelson Rodrigues\u00a0) \u00a0 seb@r. &nbsp; Pra n\u00e3o esquecer de registrar, ou seja, este TEXTO busca oferecer um pouco de tudo em meio ao nada, portanto, qualquer IDEMTIFICA\u00c7\u00c3O com a REALIDADE PROVINCIANA, pode ser apenas [&hellip;]","og_url":"https:\/\/radiolifefm.com.br\/noticias\/provincia-e-desencontros-politiqueiros\/","og_site_name":"R\u00e1dio Life FM","article_publisher":"https:\/\/www.facebook.com\/radiolifefm\/","article_published_time":"2025-08-18T14:27:43+00:00","article_modified_time":"2026-03-04T13:08:05+00:00","og_image":[{"width":972,"height":1296,"url":"https:\/\/radiolifefm.com.br\/noticias\/wp-content\/uploads\/2022\/04\/WhatsApp-Image-2022-04-10-at-18.43.02.jpeg","type":"image\/jpeg"}],"author":"ritanery","twitter_card":"summary_large_image","twitter_misc":{"Escrito por":"ritanery","Est. tempo de leitura":"3 minutos"},"schema":{"@context":"https:\/\/schema.org","@graph":[{"@type":"Article","@id":"https:\/\/radiolifefm.com.br\/noticias\/provincia-e-desencontros-politiqueiros\/#article","isPartOf":{"@id":"https:\/\/radiolifefm.com.br\/noticias\/provincia-e-desencontros-politiqueiros\/"},"author":{"name":"ritanery","@id":"https:\/\/radiolifefm.com.br\/noticias\/#\/schema\/person\/6339b9fac59d12b071dec680d7375d87"},"headline":"Prov\u00edncia e desencontros politiqueiros\u2026","datePublished":"2025-08-18T14:27:43+00:00","dateModified":"2026-03-04T13:08:05+00:00","mainEntityOfPage":{"@id":"https:\/\/radiolifefm.com.br\/noticias\/provincia-e-desencontros-politiqueiros\/"},"wordCount":435,"publisher":{"@id":"https:\/\/radiolifefm.com.br\/noticias\/#organization"},"image":{"@id":"https:\/\/radiolifefm.com.br\/noticias\/provincia-e-desencontros-politiqueiros\/#primaryimage"},"thumbnailUrl":"https:\/\/radiolifefm.com.br\/noticias\/wp-content\/uploads\/2022\/04\/WhatsApp-Image-2022-04-10-at-18.43.02.jpeg","articleSection":["Opini\u00e3o"],"inLanguage":"pt-BR"},{"@type":"WebPage","@id":"https:\/\/radiolifefm.com.br\/noticias\/provincia-e-desencontros-politiqueiros\/","url":"https:\/\/radiolifefm.com.br\/noticias\/provincia-e-desencontros-politiqueiros\/","name":"Prov\u00edncia e desencontros politiqueiros\u2026 - R\u00e1dio Life FM","isPartOf":{"@id":"https:\/\/radiolifefm.com.br\/noticias\/#website"},"primaryImageOfPage":{"@id":"https:\/\/radiolifefm.com.br\/noticias\/provincia-e-desencontros-politiqueiros\/#primaryimage"},"image":{"@id":"https:\/\/radiolifefm.com.br\/noticias\/provincia-e-desencontros-politiqueiros\/#primaryimage"},"thumbnailUrl":"https:\/\/radiolifefm.com.br\/noticias\/wp-content\/uploads\/2022\/04\/WhatsApp-Image-2022-04-10-at-18.43.02.jpeg","datePublished":"2025-08-18T14:27:43+00:00","dateModified":"2026-03-04T13:08:05+00:00","breadcrumb":{"@id":"https:\/\/radiolifefm.com.br\/noticias\/provincia-e-desencontros-politiqueiros\/#breadcrumb"},"inLanguage":"pt-BR","potentialAction":[{"@type":"ReadAction","target":["https:\/\/radiolifefm.com.br\/noticias\/provincia-e-desencontros-politiqueiros\/"]}]},{"@type":"ImageObject","inLanguage":"pt-BR","@id":"https:\/\/radiolifefm.com.br\/noticias\/provincia-e-desencontros-politiqueiros\/#primaryimage","url":"https:\/\/radiolifefm.com.br\/noticias\/wp-content\/uploads\/2022\/04\/WhatsApp-Image-2022-04-10-at-18.43.02.jpeg","contentUrl":"https:\/\/radiolifefm.com.br\/noticias\/wp-content\/uploads\/2022\/04\/WhatsApp-Image-2022-04-10-at-18.43.02.jpeg","width":972,"height":1296,"caption":"S\u00e9rgio Barbosa"},{"@type":"BreadcrumbList","@id":"https:\/\/radiolifefm.com.br\/noticias\/provincia-e-desencontros-politiqueiros\/#breadcrumb","itemListElement":[{"@type":"ListItem","position":1,"name":"In\u00edcio","item":"https:\/\/radiolifefm.com.br\/noticias\/"},{"@type":"ListItem","position":2,"name":"Prov\u00edncia e desencontros politiqueiros\u2026"}]},{"@type":"WebSite","@id":"https:\/\/radiolifefm.com.br\/noticias\/#website","url":"https:\/\/radiolifefm.com.br\/noticias\/","name":"R\u00e1dio Life FM","description":"O Portal de Not\u00edcias de Adamantina","publisher":{"@id":"https:\/\/radiolifefm.com.br\/noticias\/#organization"},"alternateName":"Life FM","potentialAction":[{"@type":"SearchAction","target":{"@type":"EntryPoint","urlTemplate":"https:\/\/radiolifefm.com.br\/noticias\/?s={search_term_string}"},"query-input":{"@type":"PropertyValueSpecification","valueRequired":true,"valueName":"search_term_string"}}],"inLanguage":"pt-BR"},{"@type":"Organization","@id":"https:\/\/radiolifefm.com.br\/noticias\/#organization","name":"R\u00e1dio Life FM","alternateName":"Life FM","url":"https:\/\/radiolifefm.com.br\/noticias\/","logo":{"@type":"ImageObject","inLanguage":"pt-BR","@id":"https:\/\/radiolifefm.com.br\/noticias\/#\/schema\/logo\/image\/","url":"https:\/\/static.radiolifefm.com.br\/noticias\/wp-content\/uploads\/2019\/10\/logo-lifefm.png","contentUrl":"https:\/\/static.radiolifefm.com.br\/noticias\/wp-content\/uploads\/2019\/10\/logo-lifefm.png","width":196,"height":47,"caption":"R\u00e1dio Life FM"},"image":{"@id":"https:\/\/radiolifefm.com.br\/noticias\/#\/schema\/logo\/image\/"},"sameAs":["https:\/\/www.facebook.com\/radiolifefm\/","https:\/\/www.instagram.com\/life1079fm\/"]},{"@type":"Person","@id":"https:\/\/radiolifefm.com.br\/noticias\/#\/schema\/person\/6339b9fac59d12b071dec680d7375d87","name":"ritanery","image":{"@type":"ImageObject","inLanguage":"pt-BR","@id":"https:\/\/secure.gravatar.com\/avatar\/0e37bb19071f47c0b8a23f62a903df117c5a0e75f65a0c2901562f97cd41cf86?s=96&d=mm&r=g","url":"https:\/\/secure.gravatar.com\/avatar\/0e37bb19071f47c0b8a23f62a903df117c5a0e75f65a0c2901562f97cd41cf86?s=96&d=mm&r=g","contentUrl":"https:\/\/secure.gravatar.com\/avatar\/0e37bb19071f47c0b8a23f62a903df117c5a0e75f65a0c2901562f97cd41cf86?s=96&d=mm&r=g","caption":"ritanery"}}]}},"amp_enabled":true,"_links":{"self":[{"href":"https:\/\/radiolifefm.com.br\/noticias\/wp-json\/wp\/v2\/posts\/104209","targetHints":{"allow":["GET"]}}],"collection":[{"href":"https:\/\/radiolifefm.com.br\/noticias\/wp-json\/wp\/v2\/posts"}],"about":[{"href":"https:\/\/radiolifefm.com.br\/noticias\/wp-json\/wp\/v2\/types\/post"}],"author":[{"embeddable":true,"href":"https:\/\/radiolifefm.com.br\/noticias\/wp-json\/wp\/v2\/users\/13"}],"replies":[{"embeddable":true,"href":"https:\/\/radiolifefm.com.br\/noticias\/wp-json\/wp\/v2\/comments?post=104209"}],"version-history":[{"count":1,"href":"https:\/\/radiolifefm.com.br\/noticias\/wp-json\/wp\/v2\/posts\/104209\/revisions"}],"predecessor-version":[{"id":104210,"href":"https:\/\/radiolifefm.com.br\/noticias\/wp-json\/wp\/v2\/posts\/104209\/revisions\/104210"}],"wp:featuredmedia":[{"embeddable":true,"href":"https:\/\/radiolifefm.com.br\/noticias\/wp-json\/wp\/v2\/media\/51988"}],"wp:attachment":[{"href":"https:\/\/radiolifefm.com.br\/noticias\/wp-json\/wp\/v2\/media?parent=104209"}],"wp:term":[{"taxonomy":"category","embeddable":true,"href":"https:\/\/radiolifefm.com.br\/noticias\/wp-json\/wp\/v2\/categories?post=104209"},{"taxonomy":"post_tag","embeddable":true,"href":"https:\/\/radiolifefm.com.br\/noticias\/wp-json\/wp\/v2\/tags?post=104209"}],"curies":[{"name":"wp","href":"https:\/\/api.w.org\/{rel}","templated":true}]}}