{"id":104149,"date":"2025-08-15T11:23:30","date_gmt":"2025-08-15T14:23:30","guid":{"rendered":"https:\/\/radiolifefm.com.br\/noticias\/?p=104149"},"modified":"2026-04-21T12:03:40","modified_gmt":"2026-04-21T15:03:40","slug":"aves-de-rapina-e-vigilante-do-mercado-provinciano","status":"publish","type":"post","link":"https:\/\/radiolifefm.com.br\/noticias\/aves-de-rapina-e-vigilante-do-mercado-provinciano\/","title":{"rendered":"AVES DE RAPINA E VIGILANTE DO MERCADO PROVINCIANO&#8230;"},"content":{"rendered":"<div id=\"fb-root\"><\/div>\n<p><strong><em>\u201cTudo come\u00e7ou quando o Coringa e eu terminamos. Foi completamente m\u00fatuo. N\u00e3o demorou para eu me levantar de novo. Pronta para abra\u00e7ar a deusa feroz dentro de mim.\u201d (Aves de Rapina)<\/em><\/strong><\/p>\n<p><strong>\u00a0<\/strong><\/p>\n<p><strong><em>seb@r.<\/em><\/strong><\/p>\n<p>Tal qual aquela S\u00c9RIE de TV que causou no passado, eis que surge de um jeito ou de outro nesta PROV\u00cdNCIA DO FAZ DE CONTA, aquele que se considera o VIGILTANTE que est\u00e1 cima de tudo e de todos\/as&#8230;<\/p>\n<p>Pode-se registrar que o DITO CUJO est\u00e1 mais para as denominadas AVES DE RAPINA que atuam no MERCADO PROVINCIANO em nome dos seus INTERESSES COMERCIAIS e ponto quase final&#8230;<\/p>\n<p>Entretanto, deve-se DESTACAR que as MENTES MED\u00cdOCRES continuam seguindo o BERRANTE por aqui ou ali, bem como, seguindo o tal do MITO que faz algum tempo que perdeu o RUMO das COISAS por ser o COISO&#8230;<\/p>\n<p>Todavia, como sempre, este \u00e9 o MUNDO DAS ESCOLHAS, assim, tudo pode SER aquilo que n\u00e3o PODE SER e assim por diante, todavia, o DITO CUJO travestido de VIGILANTE PROVINCIANO se colocar sempre como o DONO DA VERDADE&#8230;<\/p>\n<p>Deve ser COMPLEXO de BOZZONARO, por\u00e9m, entendo que NADA MELHOR DO QUE UM DIA DEPOIS DO OUTRO, haja vista que n\u00e3o se pode EMGANAR para TODO O SEMPRE deste ou do outro lado de um mesmo lado&#8230;<\/p>\n<p>Faz anos e anos que o DITO CUJO acredita que PODE TUDO em nome dos seus interesses um tanto quanto PATROCINADO pelas denominadas TROCAS NADA SIMB\u00d3LICAS em tempo de PROV\u00cdNCIA DO FAZ DE CONTA&#8230;<\/p>\n<p>As IRONIAS e outros DESENCONTROS s\u00e3o necess\u00e1rios nestes OCASOS de um TALVEZ com muitas RETIC\u00caNCIAS no final das FRASES, tendo em vista que o VIGILANTE est\u00e1 de OLHO e OUVIDOS atentos aos movimentos CONTR\u00c1RIOS as suas ESCOLHAS para isto ou aquilo, ainda, sem mais e com muito menos&#8230;<\/p>\n<p>Deve ser mais do que COMPLICADO querer SER o que nunca vai poder SER, mesmo assim, tais MENTES MED\u00cdOCRES est\u00e3o atreladas quase sempre ao SENSO COMUM em nome das suas BANDEIRAS do PASSADO que continua neste PRESENTE e sem FUTURO para uma aproxima\u00e7\u00e3o com o BEM COMUM em terras PROVINCIANAS&#8230;<\/p>\n<p>De um jeito ou de outro, VOC\u00ca pode fazer a DIFEREN\u00c7A neste cen\u00e1rio do FAZ DE CONTA, entretanto, faz-se necess\u00e1rio estar em SINTONIA com os FATOS que ocorrem nas diversas \u00e1reas focadas no MERCADO GLOCAL, ou seja, do GLOBAL para o LOCAL em tempo de P\u00d3S-PANDEMIA&#8230;<\/p>\n<p>Como as famigeradas AVES DE RAPINA que continuam atacando em todas as FRENTES PROVINCIANAS, deve-se MANTER a proposta de sempre, ou seja, A MELHOR DEFESA \u00c9 O ATAQUE nesta PROV\u00cdNCIA com suas MANADAS que teimam sem SEGUIR O BERRANTE do tal VIGILANTE&#8230;<\/p>\n<p>PERDERAM MAN\u00c9S!<\/p>\n<p>QUEM SOBREVIVER VAI SABER&#8230;<\/p>\n<p><strong><em>__________________________________<\/em><\/strong><\/p>\n<p><strong><em>e-mail; <\/em><\/strong><a href=\"mailto:barbosa.sebar@gmail.com\"><strong><em>barbosa.sebar@gmail.com<\/em><\/strong><\/a><\/p>\n","protected":false},"excerpt":{"rendered":"<p>\u201cTudo come\u00e7ou quando o Coringa e eu terminamos. Foi completamente m\u00fatuo. N\u00e3o demorou para eu me levantar de novo. Pronta para abra\u00e7ar a deusa feroz dentro de mim.\u201d (Aves de Rapina) \u00a0 seb@r. Tal qual aquela S\u00c9RIE de TV que causou no passado, eis que surge de um jeito ou de outro nesta PROV\u00cdNCIA DO [&hellip;]<\/p>\n","protected":false},"author":13,"featured_media":51988,"comment_status":"closed","ping_status":"open","sticky":false,"template":"","format":"standard","meta":{"_acf_changed":false,"_exactmetrics_skip_tracking":false,"_exactmetrics_sitenote_active":false,"_exactmetrics_sitenote_note":"","_exactmetrics_sitenote_category":0,"footnotes":""},"categories":[59],"tags":[],"class_list":["post-104149","post","type-post","status-publish","format-standard","has-post-thumbnail","hentry","category-opiniao"],"acf":[],"yoast_head":"<!-- This site is optimized with the Yoast SEO plugin v27.2 - https:\/\/yoast.com\/product\/yoast-seo-wordpress\/ -->\n<title>AVES DE RAPINA E VIGILANTE DO MERCADO PROVINCIANO... - R\u00e1dio Life FM<\/title>\n<meta name=\"robots\" content=\"index, follow, max-snippet:-1, max-image-preview:large, max-video-preview:-1\" \/>\n<link rel=\"canonical\" href=\"https:\/\/radiolifefm.com.br\/noticias\/aves-de-rapina-e-vigilante-do-mercado-provinciano\/\" \/>\n<meta property=\"og:locale\" content=\"pt_BR\" \/>\n<meta property=\"og:type\" content=\"article\" \/>\n<meta property=\"og:title\" content=\"AVES DE RAPINA E VIGILANTE DO MERCADO PROVINCIANO... - R\u00e1dio Life FM\" \/>\n<meta property=\"og:description\" content=\"\u201cTudo come\u00e7ou quando o Coringa e eu terminamos. Foi completamente m\u00fatuo. N\u00e3o demorou para eu me levantar de novo. Pronta para abra\u00e7ar a deusa feroz dentro de mim.\u201d (Aves de Rapina) \u00a0 seb@r. Tal qual aquela S\u00c9RIE de TV que causou no passado, eis que surge de um jeito ou de outro nesta PROV\u00cdNCIA DO [&hellip;]\" \/>\n<meta property=\"og:url\" content=\"https:\/\/radiolifefm.com.br\/noticias\/aves-de-rapina-e-vigilante-do-mercado-provinciano\/\" \/>\n<meta property=\"og:site_name\" content=\"R\u00e1dio Life FM\" \/>\n<meta property=\"article:publisher\" content=\"https:\/\/www.facebook.com\/radiolifefm\/\" \/>\n<meta property=\"article:published_time\" content=\"2025-08-15T14:23:30+00:00\" \/>\n<meta property=\"article:modified_time\" content=\"2026-04-21T15:03:40+00:00\" \/>\n<meta property=\"og:image\" content=\"https:\/\/radiolifefm.com.br\/noticias\/wp-content\/uploads\/2022\/04\/WhatsApp-Image-2022-04-10-at-18.43.02.jpeg\" \/>\n\t<meta property=\"og:image:width\" content=\"972\" \/>\n\t<meta property=\"og:image:height\" content=\"1296\" \/>\n\t<meta property=\"og:image:type\" content=\"image\/jpeg\" \/>\n<meta name=\"author\" content=\"ritanery\" \/>\n<meta name=\"twitter:card\" content=\"summary_large_image\" \/>\n<meta name=\"twitter:label1\" content=\"Escrito por\" \/>\n\t<meta name=\"twitter:data1\" content=\"ritanery\" \/>\n\t<meta name=\"twitter:label2\" content=\"Est. tempo de leitura\" \/>\n\t<meta name=\"twitter:data2\" content=\"3 minutos\" \/>\n<script type=\"application\/ld+json\" class=\"yoast-schema-graph\">{\"@context\":\"https:\/\/schema.org\",\"@graph\":[{\"@type\":\"Article\",\"@id\":\"https:\/\/radiolifefm.com.br\/noticias\/aves-de-rapina-e-vigilante-do-mercado-provinciano\/#article\",\"isPartOf\":{\"@id\":\"https:\/\/radiolifefm.com.br\/noticias\/aves-de-rapina-e-vigilante-do-mercado-provinciano\/\"},\"author\":{\"name\":\"ritanery\",\"@id\":\"https:\/\/radiolifefm.com.br\/noticias\/#\/schema\/person\/6339b9fac59d12b071dec680d7375d87\"},\"headline\":\"AVES DE RAPINA E VIGILANTE DO MERCADO PROVINCIANO&#8230;\",\"datePublished\":\"2025-08-15T14:23:30+00:00\",\"dateModified\":\"2026-04-21T15:03:40+00:00\",\"mainEntityOfPage\":{\"@id\":\"https:\/\/radiolifefm.com.br\/noticias\/aves-de-rapina-e-vigilante-do-mercado-provinciano\/\"},\"wordCount\":475,\"publisher\":{\"@id\":\"https:\/\/radiolifefm.com.br\/noticias\/#organization\"},\"image\":{\"@id\":\"https:\/\/radiolifefm.com.br\/noticias\/aves-de-rapina-e-vigilante-do-mercado-provinciano\/#primaryimage\"},\"thumbnailUrl\":\"https:\/\/radiolifefm.com.br\/noticias\/wp-content\/uploads\/2022\/04\/WhatsApp-Image-2022-04-10-at-18.43.02.jpeg\",\"articleSection\":[\"Opini\u00e3o\"],\"inLanguage\":\"pt-BR\"},{\"@type\":\"WebPage\",\"@id\":\"https:\/\/radiolifefm.com.br\/noticias\/aves-de-rapina-e-vigilante-do-mercado-provinciano\/\",\"url\":\"https:\/\/radiolifefm.com.br\/noticias\/aves-de-rapina-e-vigilante-do-mercado-provinciano\/\",\"name\":\"AVES DE RAPINA E VIGILANTE DO MERCADO PROVINCIANO... - R\u00e1dio Life FM\",\"isPartOf\":{\"@id\":\"https:\/\/radiolifefm.com.br\/noticias\/#website\"},\"primaryImageOfPage\":{\"@id\":\"https:\/\/radiolifefm.com.br\/noticias\/aves-de-rapina-e-vigilante-do-mercado-provinciano\/#primaryimage\"},\"image\":{\"@id\":\"https:\/\/radiolifefm.com.br\/noticias\/aves-de-rapina-e-vigilante-do-mercado-provinciano\/#primaryimage\"},\"thumbnailUrl\":\"https:\/\/radiolifefm.com.br\/noticias\/wp-content\/uploads\/2022\/04\/WhatsApp-Image-2022-04-10-at-18.43.02.jpeg\",\"datePublished\":\"2025-08-15T14:23:30+00:00\",\"dateModified\":\"2026-04-21T15:03:40+00:00\",\"breadcrumb\":{\"@id\":\"https:\/\/radiolifefm.com.br\/noticias\/aves-de-rapina-e-vigilante-do-mercado-provinciano\/#breadcrumb\"},\"inLanguage\":\"pt-BR\",\"potentialAction\":[{\"@type\":\"ReadAction\",\"target\":[\"https:\/\/radiolifefm.com.br\/noticias\/aves-de-rapina-e-vigilante-do-mercado-provinciano\/\"]}]},{\"@type\":\"ImageObject\",\"inLanguage\":\"pt-BR\",\"@id\":\"https:\/\/radiolifefm.com.br\/noticias\/aves-de-rapina-e-vigilante-do-mercado-provinciano\/#primaryimage\",\"url\":\"https:\/\/radiolifefm.com.br\/noticias\/wp-content\/uploads\/2022\/04\/WhatsApp-Image-2022-04-10-at-18.43.02.jpeg\",\"contentUrl\":\"https:\/\/radiolifefm.com.br\/noticias\/wp-content\/uploads\/2022\/04\/WhatsApp-Image-2022-04-10-at-18.43.02.jpeg\",\"width\":972,\"height\":1296,\"caption\":\"S\u00e9rgio Barbosa\"},{\"@type\":\"BreadcrumbList\",\"@id\":\"https:\/\/radiolifefm.com.br\/noticias\/aves-de-rapina-e-vigilante-do-mercado-provinciano\/#breadcrumb\",\"itemListElement\":[{\"@type\":\"ListItem\",\"position\":1,\"name\":\"In\u00edcio\",\"item\":\"https:\/\/radiolifefm.com.br\/noticias\/\"},{\"@type\":\"ListItem\",\"position\":2,\"name\":\"AVES DE RAPINA E VIGILANTE DO MERCADO PROVINCIANO&#8230;\"}]},{\"@type\":\"WebSite\",\"@id\":\"https:\/\/radiolifefm.com.br\/noticias\/#website\",\"url\":\"https:\/\/radiolifefm.com.br\/noticias\/\",\"name\":\"R\u00e1dio Life FM\",\"description\":\"O Portal de Not\u00edcias de Adamantina\",\"publisher\":{\"@id\":\"https:\/\/radiolifefm.com.br\/noticias\/#organization\"},\"alternateName\":\"Life FM\",\"potentialAction\":[{\"@type\":\"SearchAction\",\"target\":{\"@type\":\"EntryPoint\",\"urlTemplate\":\"https:\/\/radiolifefm.com.br\/noticias\/?s={search_term_string}\"},\"query-input\":{\"@type\":\"PropertyValueSpecification\",\"valueRequired\":true,\"valueName\":\"search_term_string\"}}],\"inLanguage\":\"pt-BR\"},{\"@type\":\"Organization\",\"@id\":\"https:\/\/radiolifefm.com.br\/noticias\/#organization\",\"name\":\"R\u00e1dio Life FM\",\"alternateName\":\"Life FM\",\"url\":\"https:\/\/radiolifefm.com.br\/noticias\/\",\"logo\":{\"@type\":\"ImageObject\",\"inLanguage\":\"pt-BR\",\"@id\":\"https:\/\/radiolifefm.com.br\/noticias\/#\/schema\/logo\/image\/\",\"url\":\"https:\/\/static.radiolifefm.com.br\/noticias\/wp-content\/uploads\/2019\/10\/logo-lifefm.png\",\"contentUrl\":\"https:\/\/static.radiolifefm.com.br\/noticias\/wp-content\/uploads\/2019\/10\/logo-lifefm.png\",\"width\":196,\"height\":47,\"caption\":\"R\u00e1dio Life FM\"},\"image\":{\"@id\":\"https:\/\/radiolifefm.com.br\/noticias\/#\/schema\/logo\/image\/\"},\"sameAs\":[\"https:\/\/www.facebook.com\/radiolifefm\/\",\"https:\/\/www.instagram.com\/life1079fm\/\"]},{\"@type\":\"Person\",\"@id\":\"https:\/\/radiolifefm.com.br\/noticias\/#\/schema\/person\/6339b9fac59d12b071dec680d7375d87\",\"name\":\"ritanery\",\"image\":{\"@type\":\"ImageObject\",\"inLanguage\":\"pt-BR\",\"@id\":\"https:\/\/secure.gravatar.com\/avatar\/0e37bb19071f47c0b8a23f62a903df117c5a0e75f65a0c2901562f97cd41cf86?s=96&d=mm&r=g\",\"url\":\"https:\/\/secure.gravatar.com\/avatar\/0e37bb19071f47c0b8a23f62a903df117c5a0e75f65a0c2901562f97cd41cf86?s=96&d=mm&r=g\",\"contentUrl\":\"https:\/\/secure.gravatar.com\/avatar\/0e37bb19071f47c0b8a23f62a903df117c5a0e75f65a0c2901562f97cd41cf86?s=96&d=mm&r=g\",\"caption\":\"ritanery\"}}]}<\/script>\n<!-- \/ Yoast SEO plugin. -->","yoast_head_json":{"title":"AVES DE RAPINA E VIGILANTE DO MERCADO PROVINCIANO... - R\u00e1dio Life FM","robots":{"index":"index","follow":"follow","max-snippet":"max-snippet:-1","max-image-preview":"max-image-preview:large","max-video-preview":"max-video-preview:-1"},"canonical":"https:\/\/radiolifefm.com.br\/noticias\/aves-de-rapina-e-vigilante-do-mercado-provinciano\/","og_locale":"pt_BR","og_type":"article","og_title":"AVES DE RAPINA E VIGILANTE DO MERCADO PROVINCIANO... - R\u00e1dio Life FM","og_description":"\u201cTudo come\u00e7ou quando o Coringa e eu terminamos. Foi completamente m\u00fatuo. N\u00e3o demorou para eu me levantar de novo. Pronta para abra\u00e7ar a deusa feroz dentro de mim.\u201d (Aves de Rapina) \u00a0 seb@r. Tal qual aquela S\u00c9RIE de TV que causou no passado, eis que surge de um jeito ou de outro nesta PROV\u00cdNCIA DO [&hellip;]","og_url":"https:\/\/radiolifefm.com.br\/noticias\/aves-de-rapina-e-vigilante-do-mercado-provinciano\/","og_site_name":"R\u00e1dio Life FM","article_publisher":"https:\/\/www.facebook.com\/radiolifefm\/","article_published_time":"2025-08-15T14:23:30+00:00","article_modified_time":"2026-04-21T15:03:40+00:00","og_image":[{"width":972,"height":1296,"url":"https:\/\/radiolifefm.com.br\/noticias\/wp-content\/uploads\/2022\/04\/WhatsApp-Image-2022-04-10-at-18.43.02.jpeg","type":"image\/jpeg"}],"author":"ritanery","twitter_card":"summary_large_image","twitter_misc":{"Escrito por":"ritanery","Est. tempo de leitura":"3 minutos"},"schema":{"@context":"https:\/\/schema.org","@graph":[{"@type":"Article","@id":"https:\/\/radiolifefm.com.br\/noticias\/aves-de-rapina-e-vigilante-do-mercado-provinciano\/#article","isPartOf":{"@id":"https:\/\/radiolifefm.com.br\/noticias\/aves-de-rapina-e-vigilante-do-mercado-provinciano\/"},"author":{"name":"ritanery","@id":"https:\/\/radiolifefm.com.br\/noticias\/#\/schema\/person\/6339b9fac59d12b071dec680d7375d87"},"headline":"AVES DE RAPINA E VIGILANTE DO MERCADO PROVINCIANO&#8230;","datePublished":"2025-08-15T14:23:30+00:00","dateModified":"2026-04-21T15:03:40+00:00","mainEntityOfPage":{"@id":"https:\/\/radiolifefm.com.br\/noticias\/aves-de-rapina-e-vigilante-do-mercado-provinciano\/"},"wordCount":475,"publisher":{"@id":"https:\/\/radiolifefm.com.br\/noticias\/#organization"},"image":{"@id":"https:\/\/radiolifefm.com.br\/noticias\/aves-de-rapina-e-vigilante-do-mercado-provinciano\/#primaryimage"},"thumbnailUrl":"https:\/\/radiolifefm.com.br\/noticias\/wp-content\/uploads\/2022\/04\/WhatsApp-Image-2022-04-10-at-18.43.02.jpeg","articleSection":["Opini\u00e3o"],"inLanguage":"pt-BR"},{"@type":"WebPage","@id":"https:\/\/radiolifefm.com.br\/noticias\/aves-de-rapina-e-vigilante-do-mercado-provinciano\/","url":"https:\/\/radiolifefm.com.br\/noticias\/aves-de-rapina-e-vigilante-do-mercado-provinciano\/","name":"AVES DE RAPINA E VIGILANTE DO MERCADO PROVINCIANO... - R\u00e1dio Life FM","isPartOf":{"@id":"https:\/\/radiolifefm.com.br\/noticias\/#website"},"primaryImageOfPage":{"@id":"https:\/\/radiolifefm.com.br\/noticias\/aves-de-rapina-e-vigilante-do-mercado-provinciano\/#primaryimage"},"image":{"@id":"https:\/\/radiolifefm.com.br\/noticias\/aves-de-rapina-e-vigilante-do-mercado-provinciano\/#primaryimage"},"thumbnailUrl":"https:\/\/radiolifefm.com.br\/noticias\/wp-content\/uploads\/2022\/04\/WhatsApp-Image-2022-04-10-at-18.43.02.jpeg","datePublished":"2025-08-15T14:23:30+00:00","dateModified":"2026-04-21T15:03:40+00:00","breadcrumb":{"@id":"https:\/\/radiolifefm.com.br\/noticias\/aves-de-rapina-e-vigilante-do-mercado-provinciano\/#breadcrumb"},"inLanguage":"pt-BR","potentialAction":[{"@type":"ReadAction","target":["https:\/\/radiolifefm.com.br\/noticias\/aves-de-rapina-e-vigilante-do-mercado-provinciano\/"]}]},{"@type":"ImageObject","inLanguage":"pt-BR","@id":"https:\/\/radiolifefm.com.br\/noticias\/aves-de-rapina-e-vigilante-do-mercado-provinciano\/#primaryimage","url":"https:\/\/radiolifefm.com.br\/noticias\/wp-content\/uploads\/2022\/04\/WhatsApp-Image-2022-04-10-at-18.43.02.jpeg","contentUrl":"https:\/\/radiolifefm.com.br\/noticias\/wp-content\/uploads\/2022\/04\/WhatsApp-Image-2022-04-10-at-18.43.02.jpeg","width":972,"height":1296,"caption":"S\u00e9rgio Barbosa"},{"@type":"BreadcrumbList","@id":"https:\/\/radiolifefm.com.br\/noticias\/aves-de-rapina-e-vigilante-do-mercado-provinciano\/#breadcrumb","itemListElement":[{"@type":"ListItem","position":1,"name":"In\u00edcio","item":"https:\/\/radiolifefm.com.br\/noticias\/"},{"@type":"ListItem","position":2,"name":"AVES DE RAPINA E VIGILANTE DO MERCADO PROVINCIANO&#8230;"}]},{"@type":"WebSite","@id":"https:\/\/radiolifefm.com.br\/noticias\/#website","url":"https:\/\/radiolifefm.com.br\/noticias\/","name":"R\u00e1dio Life FM","description":"O Portal de Not\u00edcias de Adamantina","publisher":{"@id":"https:\/\/radiolifefm.com.br\/noticias\/#organization"},"alternateName":"Life FM","potentialAction":[{"@type":"SearchAction","target":{"@type":"EntryPoint","urlTemplate":"https:\/\/radiolifefm.com.br\/noticias\/?s={search_term_string}"},"query-input":{"@type":"PropertyValueSpecification","valueRequired":true,"valueName":"search_term_string"}}],"inLanguage":"pt-BR"},{"@type":"Organization","@id":"https:\/\/radiolifefm.com.br\/noticias\/#organization","name":"R\u00e1dio Life FM","alternateName":"Life FM","url":"https:\/\/radiolifefm.com.br\/noticias\/","logo":{"@type":"ImageObject","inLanguage":"pt-BR","@id":"https:\/\/radiolifefm.com.br\/noticias\/#\/schema\/logo\/image\/","url":"https:\/\/static.radiolifefm.com.br\/noticias\/wp-content\/uploads\/2019\/10\/logo-lifefm.png","contentUrl":"https:\/\/static.radiolifefm.com.br\/noticias\/wp-content\/uploads\/2019\/10\/logo-lifefm.png","width":196,"height":47,"caption":"R\u00e1dio Life FM"},"image":{"@id":"https:\/\/radiolifefm.com.br\/noticias\/#\/schema\/logo\/image\/"},"sameAs":["https:\/\/www.facebook.com\/radiolifefm\/","https:\/\/www.instagram.com\/life1079fm\/"]},{"@type":"Person","@id":"https:\/\/radiolifefm.com.br\/noticias\/#\/schema\/person\/6339b9fac59d12b071dec680d7375d87","name":"ritanery","image":{"@type":"ImageObject","inLanguage":"pt-BR","@id":"https:\/\/secure.gravatar.com\/avatar\/0e37bb19071f47c0b8a23f62a903df117c5a0e75f65a0c2901562f97cd41cf86?s=96&d=mm&r=g","url":"https:\/\/secure.gravatar.com\/avatar\/0e37bb19071f47c0b8a23f62a903df117c5a0e75f65a0c2901562f97cd41cf86?s=96&d=mm&r=g","contentUrl":"https:\/\/secure.gravatar.com\/avatar\/0e37bb19071f47c0b8a23f62a903df117c5a0e75f65a0c2901562f97cd41cf86?s=96&d=mm&r=g","caption":"ritanery"}}]}},"amp_enabled":true,"_links":{"self":[{"href":"https:\/\/radiolifefm.com.br\/noticias\/wp-json\/wp\/v2\/posts\/104149","targetHints":{"allow":["GET"]}}],"collection":[{"href":"https:\/\/radiolifefm.com.br\/noticias\/wp-json\/wp\/v2\/posts"}],"about":[{"href":"https:\/\/radiolifefm.com.br\/noticias\/wp-json\/wp\/v2\/types\/post"}],"author":[{"embeddable":true,"href":"https:\/\/radiolifefm.com.br\/noticias\/wp-json\/wp\/v2\/users\/13"}],"replies":[{"embeddable":true,"href":"https:\/\/radiolifefm.com.br\/noticias\/wp-json\/wp\/v2\/comments?post=104149"}],"version-history":[{"count":1,"href":"https:\/\/radiolifefm.com.br\/noticias\/wp-json\/wp\/v2\/posts\/104149\/revisions"}],"predecessor-version":[{"id":104150,"href":"https:\/\/radiolifefm.com.br\/noticias\/wp-json\/wp\/v2\/posts\/104149\/revisions\/104150"}],"wp:featuredmedia":[{"embeddable":true,"href":"https:\/\/radiolifefm.com.br\/noticias\/wp-json\/wp\/v2\/media\/51988"}],"wp:attachment":[{"href":"https:\/\/radiolifefm.com.br\/noticias\/wp-json\/wp\/v2\/media?parent=104149"}],"wp:term":[{"taxonomy":"category","embeddable":true,"href":"https:\/\/radiolifefm.com.br\/noticias\/wp-json\/wp\/v2\/categories?post=104149"},{"taxonomy":"post_tag","embeddable":true,"href":"https:\/\/radiolifefm.com.br\/noticias\/wp-json\/wp\/v2\/tags?post=104149"}],"curies":[{"name":"wp","href":"https:\/\/api.w.org\/{rel}","templated":true}]}}