{"id":104115,"date":"2025-08-13T11:20:44","date_gmt":"2025-08-13T14:20:44","guid":{"rendered":"https:\/\/radiolifefm.com.br\/noticias\/?p=104115"},"modified":"2026-04-04T01:53:12","modified_gmt":"2026-04-04T04:53:12","slug":"religiao-e-poder-eclesiastico-neste-tempo-do-tempo","status":"publish","type":"post","link":"https:\/\/radiolifefm.com.br\/noticias\/religiao-e-poder-eclesiastico-neste-tempo-do-tempo\/","title":{"rendered":"RELIGI\u00c3O E PODER ECLESI\u00c1STICO NESTE TEMPO DO TEMPO&#8230;"},"content":{"rendered":"<div id=\"fb-root\"><\/div>\n<p><strong><em>\u201cO homem \u00e9 absurdo por aquilo que procura, grande por aquilo que encontra\u201d. (Paul Val\u00e9ry)<\/em><\/strong><\/p>\n<p><strong>\u201cA religi\u00e3o do futuro ser\u00e1 c\u00f3smica e transcender\u00e1 um Deus pessoal, evitando os dogmas e a teologia.\u201d (<a href=\"https:\/\/www.pensador.com\/autor\/desconhecido\/\">Desconhecido<\/a>)<\/strong><\/p>\n<p><strong><u>Nota:<\/u><\/strong> <strong>A cita\u00e7\u00e3o \u00e9 muitas vezes atribu\u00edda a Albert Einstein, mas n\u00e3o h\u00e1 fontes que confirmem essa autoria.<\/strong><\/p>\n<p><em>\u00a0<\/em><\/p>\n<p>&nbsp;<\/p>\n<p><strong><em>S\u00e9rgio Barbosa (*)<\/em><\/strong><\/p>\n<p>&nbsp;<\/p>\n<p>Quando se questiona acontecimentos hist\u00f3ricos relacionados com a Religi\u00e3o, neste caso em especial, da IGREJA CRIST\u00c3, pode-se refletir sobre muitas perguntas para poucas respostas em tempo de p\u00f3s-globaliza\u00e7\u00e3o midi\u00e1tica&#8230;<\/p>\n<p>N\u00e3o se pode ficar a espera desta ou daquela resposta religiosa, tendo em vista as d\u00favidas envoltas em conflitos mediados pela conquista do manto sagrado do profeta maior do cristianismo neste TEMPO NOVO TEMPO&#8230;<\/p>\n<p>As CRUZADAS encampadas, na maioria destas peregrina\u00e7\u00f5es religiosas pela CRUZ DE CRISTO em suas variantes e de acordo com a proposta dos cruzados, variavam conforme os objetivos em busca das riquezas e da liberta\u00e7\u00e3o dos pecados na Terra Santa e ponto quase final&#8230;<\/p>\n<p>Foram diversas cruzadas em nome da cristandade celestial mediada pelos poderes da IGREJA neste per\u00edodo que percorreu s\u00e9culos para muitas demonstra\u00e7\u00f5es de f\u00e9 como marca registrada pelo poder acima dos interesses de uma simples salva\u00e7\u00e3o religiosa&#8230;<\/p>\n<p>Ainda hoje, realizam-se muitas cruzadas em nome desta ou daquela denomina\u00e7\u00e3o religiosa, tais demonstra\u00e7\u00f5es visam exaltar o poder do sagrado frente aos desencontros do profano com o homem e seu tempo, tamb\u00e9m, al\u00e9m da salva\u00e7\u00e3o dos pecados em nome disto e mais aquilo&#8230;<\/p>\n<p>Tais celebra\u00e7\u00f5es medem-se pelas conquistas dos fieis desavisados dos bastidores deste poder ilimitado da f\u00e9 que aprisiona homens e mulheres em nome de pseudaliberta\u00e7\u00e3o de si mesmo para uma pris\u00e3o al\u00e9m do plano terreno&#8230;<\/p>\n<p>Na realidade, o ser humano fica entre o c\u00e9u e o inferno nesta media\u00e7\u00e3o religiosa, al\u00e9m do mais, as d\u00favidas permanecem como um meio sem in\u00edcio e muitos menos fim de alguma coisa mal resolvida pela religi\u00e3o&#8230;<\/p>\n<p>Nas muitas considera\u00e7\u00f5es sobre os acordos debatidos e finalizados pelos conc\u00edlios das denomina\u00e7\u00f5es em nome do \u201cPai, do Filho e do Esp\u00edrito Santo\u201d, permaneceram apenas detalhes destas trocas nada simb\u00f3licas em nome da Cruz sem Cristo, tamb\u00e9m, de Cristo sem a Cruz como marca de uma salva\u00e7\u00e3o medi\u00fanica&#8230;<\/p>\n<p>A morte pode ser o fim para a maioria das pessoas, por\u00e9m, pode ser um in\u00edcio para outras e at\u00e9 mesmo um meio de vida em busca da eternidade, ainda, prometida para aqueles que se arrependerem dos pecados terrenos em nome da salva\u00e7\u00e3o individual&#8230;<\/p>\n<p>Portanto, as CRUZADAS est\u00e3o mais do que presentes neste cen\u00e1rio hist\u00f3rico com aquele toque da \u201cest\u00f3ria da carochinha\u201d ou at\u00e9 mesmo, dos muitos dil\u00favios para uma cria\u00e7\u00e3o sem crucifica\u00e7\u00e3o do profeta para um olhar a frente do outro mensageiro divino em nome da luz que liberta por meio da pris\u00e3o do ser humano em nome da sua pseudo LIBERDADE&#8230;<\/p>\n<p><strong><em>____________________________________<\/em><\/strong><\/p>\n<p><strong><em>(*) Jornalista diplomado e mestre em ci\u00eancia da religi\u00e3o\/sociologia da religi\u00e3o pelo PPG\/CR-UMESP (1997).<\/em><\/strong><\/p>\n<p><strong><em>e-mail: <a href=\"mailto:barbosa.sebar@gmail.com\">barbosa.sebar@gmail.com<\/a><\/em><\/strong><\/p>\n<p><em>\u00a0<\/em><\/p>\n","protected":false},"excerpt":{"rendered":"<p>\u201cO homem \u00e9 absurdo por aquilo que procura, grande por aquilo que encontra\u201d. (Paul Val\u00e9ry) \u201cA religi\u00e3o do futuro ser\u00e1 c\u00f3smica e transcender\u00e1 um Deus pessoal, evitando os dogmas e a teologia.\u201d (Desconhecido) Nota: A cita\u00e7\u00e3o \u00e9 muitas vezes atribu\u00edda a Albert Einstein, mas n\u00e3o h\u00e1 fontes que confirmem essa autoria. \u00a0 &nbsp; S\u00e9rgio Barbosa [&hellip;]<\/p>\n","protected":false},"author":13,"featured_media":51988,"comment_status":"closed","ping_status":"open","sticky":false,"template":"","format":"standard","meta":{"_acf_changed":false,"_exactmetrics_skip_tracking":false,"_exactmetrics_sitenote_active":false,"_exactmetrics_sitenote_note":"","_exactmetrics_sitenote_category":0,"footnotes":""},"categories":[59],"tags":[],"class_list":["post-104115","post","type-post","status-publish","format-standard","has-post-thumbnail","hentry","category-opiniao"],"acf":[],"yoast_head":"<!-- This site is optimized with the Yoast SEO plugin v27.2 - https:\/\/yoast.com\/product\/yoast-seo-wordpress\/ -->\n<title>RELIGI\u00c3O E PODER ECLESI\u00c1STICO NESTE TEMPO DO TEMPO... - R\u00e1dio Life FM<\/title>\n<meta name=\"robots\" content=\"index, follow, max-snippet:-1, max-image-preview:large, max-video-preview:-1\" \/>\n<link rel=\"canonical\" href=\"https:\/\/radiolifefm.com.br\/noticias\/religiao-e-poder-eclesiastico-neste-tempo-do-tempo\/\" \/>\n<meta property=\"og:locale\" content=\"pt_BR\" \/>\n<meta property=\"og:type\" content=\"article\" \/>\n<meta property=\"og:title\" content=\"RELIGI\u00c3O E PODER ECLESI\u00c1STICO NESTE TEMPO DO TEMPO... - R\u00e1dio Life FM\" \/>\n<meta property=\"og:description\" content=\"\u201cO homem \u00e9 absurdo por aquilo que procura, grande por aquilo que encontra\u201d. (Paul Val\u00e9ry) \u201cA religi\u00e3o do futuro ser\u00e1 c\u00f3smica e transcender\u00e1 um Deus pessoal, evitando os dogmas e a teologia.\u201d (Desconhecido) Nota: A cita\u00e7\u00e3o \u00e9 muitas vezes atribu\u00edda a Albert Einstein, mas n\u00e3o h\u00e1 fontes que confirmem essa autoria. \u00a0 &nbsp; S\u00e9rgio Barbosa [&hellip;]\" \/>\n<meta property=\"og:url\" content=\"https:\/\/radiolifefm.com.br\/noticias\/religiao-e-poder-eclesiastico-neste-tempo-do-tempo\/\" \/>\n<meta property=\"og:site_name\" content=\"R\u00e1dio Life FM\" \/>\n<meta property=\"article:publisher\" content=\"https:\/\/www.facebook.com\/radiolifefm\/\" \/>\n<meta property=\"article:published_time\" content=\"2025-08-13T14:20:44+00:00\" \/>\n<meta property=\"article:modified_time\" content=\"2026-04-04T04:53:12+00:00\" \/>\n<meta property=\"og:image\" content=\"https:\/\/radiolifefm.com.br\/noticias\/wp-content\/uploads\/2022\/04\/WhatsApp-Image-2022-04-10-at-18.43.02.jpeg\" \/>\n\t<meta property=\"og:image:width\" content=\"972\" \/>\n\t<meta property=\"og:image:height\" content=\"1296\" \/>\n\t<meta property=\"og:image:type\" content=\"image\/jpeg\" \/>\n<meta name=\"author\" content=\"ritanery\" \/>\n<meta name=\"twitter:card\" content=\"summary_large_image\" \/>\n<meta name=\"twitter:label1\" content=\"Escrito por\" \/>\n\t<meta name=\"twitter:data1\" content=\"ritanery\" \/>\n\t<meta name=\"twitter:label2\" content=\"Est. tempo de leitura\" \/>\n\t<meta name=\"twitter:data2\" content=\"3 minutos\" \/>\n<script type=\"application\/ld+json\" class=\"yoast-schema-graph\">{\"@context\":\"https:\/\/schema.org\",\"@graph\":[{\"@type\":\"Article\",\"@id\":\"https:\/\/radiolifefm.com.br\/noticias\/religiao-e-poder-eclesiastico-neste-tempo-do-tempo\/#article\",\"isPartOf\":{\"@id\":\"https:\/\/radiolifefm.com.br\/noticias\/religiao-e-poder-eclesiastico-neste-tempo-do-tempo\/\"},\"author\":{\"name\":\"ritanery\",\"@id\":\"https:\/\/radiolifefm.com.br\/noticias\/#\/schema\/person\/6339b9fac59d12b071dec680d7375d87\"},\"headline\":\"RELIGI\u00c3O E PODER ECLESI\u00c1STICO NESTE TEMPO DO TEMPO&#8230;\",\"datePublished\":\"2025-08-13T14:20:44+00:00\",\"dateModified\":\"2026-04-04T04:53:12+00:00\",\"mainEntityOfPage\":{\"@id\":\"https:\/\/radiolifefm.com.br\/noticias\/religiao-e-poder-eclesiastico-neste-tempo-do-tempo\/\"},\"wordCount\":546,\"publisher\":{\"@id\":\"https:\/\/radiolifefm.com.br\/noticias\/#organization\"},\"image\":{\"@id\":\"https:\/\/radiolifefm.com.br\/noticias\/religiao-e-poder-eclesiastico-neste-tempo-do-tempo\/#primaryimage\"},\"thumbnailUrl\":\"https:\/\/radiolifefm.com.br\/noticias\/wp-content\/uploads\/2022\/04\/WhatsApp-Image-2022-04-10-at-18.43.02.jpeg\",\"articleSection\":[\"Opini\u00e3o\"],\"inLanguage\":\"pt-BR\"},{\"@type\":\"WebPage\",\"@id\":\"https:\/\/radiolifefm.com.br\/noticias\/religiao-e-poder-eclesiastico-neste-tempo-do-tempo\/\",\"url\":\"https:\/\/radiolifefm.com.br\/noticias\/religiao-e-poder-eclesiastico-neste-tempo-do-tempo\/\",\"name\":\"RELIGI\u00c3O E PODER ECLESI\u00c1STICO NESTE TEMPO DO TEMPO... - R\u00e1dio Life FM\",\"isPartOf\":{\"@id\":\"https:\/\/radiolifefm.com.br\/noticias\/#website\"},\"primaryImageOfPage\":{\"@id\":\"https:\/\/radiolifefm.com.br\/noticias\/religiao-e-poder-eclesiastico-neste-tempo-do-tempo\/#primaryimage\"},\"image\":{\"@id\":\"https:\/\/radiolifefm.com.br\/noticias\/religiao-e-poder-eclesiastico-neste-tempo-do-tempo\/#primaryimage\"},\"thumbnailUrl\":\"https:\/\/radiolifefm.com.br\/noticias\/wp-content\/uploads\/2022\/04\/WhatsApp-Image-2022-04-10-at-18.43.02.jpeg\",\"datePublished\":\"2025-08-13T14:20:44+00:00\",\"dateModified\":\"2026-04-04T04:53:12+00:00\",\"breadcrumb\":{\"@id\":\"https:\/\/radiolifefm.com.br\/noticias\/religiao-e-poder-eclesiastico-neste-tempo-do-tempo\/#breadcrumb\"},\"inLanguage\":\"pt-BR\",\"potentialAction\":[{\"@type\":\"ReadAction\",\"target\":[\"https:\/\/radiolifefm.com.br\/noticias\/religiao-e-poder-eclesiastico-neste-tempo-do-tempo\/\"]}]},{\"@type\":\"ImageObject\",\"inLanguage\":\"pt-BR\",\"@id\":\"https:\/\/radiolifefm.com.br\/noticias\/religiao-e-poder-eclesiastico-neste-tempo-do-tempo\/#primaryimage\",\"url\":\"https:\/\/radiolifefm.com.br\/noticias\/wp-content\/uploads\/2022\/04\/WhatsApp-Image-2022-04-10-at-18.43.02.jpeg\",\"contentUrl\":\"https:\/\/radiolifefm.com.br\/noticias\/wp-content\/uploads\/2022\/04\/WhatsApp-Image-2022-04-10-at-18.43.02.jpeg\",\"width\":972,\"height\":1296,\"caption\":\"S\u00e9rgio Barbosa\"},{\"@type\":\"BreadcrumbList\",\"@id\":\"https:\/\/radiolifefm.com.br\/noticias\/religiao-e-poder-eclesiastico-neste-tempo-do-tempo\/#breadcrumb\",\"itemListElement\":[{\"@type\":\"ListItem\",\"position\":1,\"name\":\"In\u00edcio\",\"item\":\"https:\/\/radiolifefm.com.br\/noticias\/\"},{\"@type\":\"ListItem\",\"position\":2,\"name\":\"RELIGI\u00c3O E PODER ECLESI\u00c1STICO NESTE TEMPO DO TEMPO&#8230;\"}]},{\"@type\":\"WebSite\",\"@id\":\"https:\/\/radiolifefm.com.br\/noticias\/#website\",\"url\":\"https:\/\/radiolifefm.com.br\/noticias\/\",\"name\":\"R\u00e1dio Life FM\",\"description\":\"O Portal de Not\u00edcias de Adamantina\",\"publisher\":{\"@id\":\"https:\/\/radiolifefm.com.br\/noticias\/#organization\"},\"alternateName\":\"Life FM\",\"potentialAction\":[{\"@type\":\"SearchAction\",\"target\":{\"@type\":\"EntryPoint\",\"urlTemplate\":\"https:\/\/radiolifefm.com.br\/noticias\/?s={search_term_string}\"},\"query-input\":{\"@type\":\"PropertyValueSpecification\",\"valueRequired\":true,\"valueName\":\"search_term_string\"}}],\"inLanguage\":\"pt-BR\"},{\"@type\":\"Organization\",\"@id\":\"https:\/\/radiolifefm.com.br\/noticias\/#organization\",\"name\":\"R\u00e1dio Life FM\",\"alternateName\":\"Life FM\",\"url\":\"https:\/\/radiolifefm.com.br\/noticias\/\",\"logo\":{\"@type\":\"ImageObject\",\"inLanguage\":\"pt-BR\",\"@id\":\"https:\/\/radiolifefm.com.br\/noticias\/#\/schema\/logo\/image\/\",\"url\":\"https:\/\/static.radiolifefm.com.br\/noticias\/wp-content\/uploads\/2019\/10\/logo-lifefm.png\",\"contentUrl\":\"https:\/\/static.radiolifefm.com.br\/noticias\/wp-content\/uploads\/2019\/10\/logo-lifefm.png\",\"width\":196,\"height\":47,\"caption\":\"R\u00e1dio Life FM\"},\"image\":{\"@id\":\"https:\/\/radiolifefm.com.br\/noticias\/#\/schema\/logo\/image\/\"},\"sameAs\":[\"https:\/\/www.facebook.com\/radiolifefm\/\",\"https:\/\/www.instagram.com\/life1079fm\/\"]},{\"@type\":\"Person\",\"@id\":\"https:\/\/radiolifefm.com.br\/noticias\/#\/schema\/person\/6339b9fac59d12b071dec680d7375d87\",\"name\":\"ritanery\",\"image\":{\"@type\":\"ImageObject\",\"inLanguage\":\"pt-BR\",\"@id\":\"https:\/\/secure.gravatar.com\/avatar\/0e37bb19071f47c0b8a23f62a903df117c5a0e75f65a0c2901562f97cd41cf86?s=96&d=mm&r=g\",\"url\":\"https:\/\/secure.gravatar.com\/avatar\/0e37bb19071f47c0b8a23f62a903df117c5a0e75f65a0c2901562f97cd41cf86?s=96&d=mm&r=g\",\"contentUrl\":\"https:\/\/secure.gravatar.com\/avatar\/0e37bb19071f47c0b8a23f62a903df117c5a0e75f65a0c2901562f97cd41cf86?s=96&d=mm&r=g\",\"caption\":\"ritanery\"}}]}<\/script>\n<!-- \/ Yoast SEO plugin. -->","yoast_head_json":{"title":"RELIGI\u00c3O E PODER ECLESI\u00c1STICO NESTE TEMPO DO TEMPO... - R\u00e1dio Life FM","robots":{"index":"index","follow":"follow","max-snippet":"max-snippet:-1","max-image-preview":"max-image-preview:large","max-video-preview":"max-video-preview:-1"},"canonical":"https:\/\/radiolifefm.com.br\/noticias\/religiao-e-poder-eclesiastico-neste-tempo-do-tempo\/","og_locale":"pt_BR","og_type":"article","og_title":"RELIGI\u00c3O E PODER ECLESI\u00c1STICO NESTE TEMPO DO TEMPO... - R\u00e1dio Life FM","og_description":"\u201cO homem \u00e9 absurdo por aquilo que procura, grande por aquilo que encontra\u201d. (Paul Val\u00e9ry) \u201cA religi\u00e3o do futuro ser\u00e1 c\u00f3smica e transcender\u00e1 um Deus pessoal, evitando os dogmas e a teologia.\u201d (Desconhecido) Nota: A cita\u00e7\u00e3o \u00e9 muitas vezes atribu\u00edda a Albert Einstein, mas n\u00e3o h\u00e1 fontes que confirmem essa autoria. \u00a0 &nbsp; S\u00e9rgio Barbosa [&hellip;]","og_url":"https:\/\/radiolifefm.com.br\/noticias\/religiao-e-poder-eclesiastico-neste-tempo-do-tempo\/","og_site_name":"R\u00e1dio Life FM","article_publisher":"https:\/\/www.facebook.com\/radiolifefm\/","article_published_time":"2025-08-13T14:20:44+00:00","article_modified_time":"2026-04-04T04:53:12+00:00","og_image":[{"width":972,"height":1296,"url":"https:\/\/radiolifefm.com.br\/noticias\/wp-content\/uploads\/2022\/04\/WhatsApp-Image-2022-04-10-at-18.43.02.jpeg","type":"image\/jpeg"}],"author":"ritanery","twitter_card":"summary_large_image","twitter_misc":{"Escrito por":"ritanery","Est. tempo de leitura":"3 minutos"},"schema":{"@context":"https:\/\/schema.org","@graph":[{"@type":"Article","@id":"https:\/\/radiolifefm.com.br\/noticias\/religiao-e-poder-eclesiastico-neste-tempo-do-tempo\/#article","isPartOf":{"@id":"https:\/\/radiolifefm.com.br\/noticias\/religiao-e-poder-eclesiastico-neste-tempo-do-tempo\/"},"author":{"name":"ritanery","@id":"https:\/\/radiolifefm.com.br\/noticias\/#\/schema\/person\/6339b9fac59d12b071dec680d7375d87"},"headline":"RELIGI\u00c3O E PODER ECLESI\u00c1STICO NESTE TEMPO DO TEMPO&#8230;","datePublished":"2025-08-13T14:20:44+00:00","dateModified":"2026-04-04T04:53:12+00:00","mainEntityOfPage":{"@id":"https:\/\/radiolifefm.com.br\/noticias\/religiao-e-poder-eclesiastico-neste-tempo-do-tempo\/"},"wordCount":546,"publisher":{"@id":"https:\/\/radiolifefm.com.br\/noticias\/#organization"},"image":{"@id":"https:\/\/radiolifefm.com.br\/noticias\/religiao-e-poder-eclesiastico-neste-tempo-do-tempo\/#primaryimage"},"thumbnailUrl":"https:\/\/radiolifefm.com.br\/noticias\/wp-content\/uploads\/2022\/04\/WhatsApp-Image-2022-04-10-at-18.43.02.jpeg","articleSection":["Opini\u00e3o"],"inLanguage":"pt-BR"},{"@type":"WebPage","@id":"https:\/\/radiolifefm.com.br\/noticias\/religiao-e-poder-eclesiastico-neste-tempo-do-tempo\/","url":"https:\/\/radiolifefm.com.br\/noticias\/religiao-e-poder-eclesiastico-neste-tempo-do-tempo\/","name":"RELIGI\u00c3O E PODER ECLESI\u00c1STICO NESTE TEMPO DO TEMPO... - R\u00e1dio Life FM","isPartOf":{"@id":"https:\/\/radiolifefm.com.br\/noticias\/#website"},"primaryImageOfPage":{"@id":"https:\/\/radiolifefm.com.br\/noticias\/religiao-e-poder-eclesiastico-neste-tempo-do-tempo\/#primaryimage"},"image":{"@id":"https:\/\/radiolifefm.com.br\/noticias\/religiao-e-poder-eclesiastico-neste-tempo-do-tempo\/#primaryimage"},"thumbnailUrl":"https:\/\/radiolifefm.com.br\/noticias\/wp-content\/uploads\/2022\/04\/WhatsApp-Image-2022-04-10-at-18.43.02.jpeg","datePublished":"2025-08-13T14:20:44+00:00","dateModified":"2026-04-04T04:53:12+00:00","breadcrumb":{"@id":"https:\/\/radiolifefm.com.br\/noticias\/religiao-e-poder-eclesiastico-neste-tempo-do-tempo\/#breadcrumb"},"inLanguage":"pt-BR","potentialAction":[{"@type":"ReadAction","target":["https:\/\/radiolifefm.com.br\/noticias\/religiao-e-poder-eclesiastico-neste-tempo-do-tempo\/"]}]},{"@type":"ImageObject","inLanguage":"pt-BR","@id":"https:\/\/radiolifefm.com.br\/noticias\/religiao-e-poder-eclesiastico-neste-tempo-do-tempo\/#primaryimage","url":"https:\/\/radiolifefm.com.br\/noticias\/wp-content\/uploads\/2022\/04\/WhatsApp-Image-2022-04-10-at-18.43.02.jpeg","contentUrl":"https:\/\/radiolifefm.com.br\/noticias\/wp-content\/uploads\/2022\/04\/WhatsApp-Image-2022-04-10-at-18.43.02.jpeg","width":972,"height":1296,"caption":"S\u00e9rgio Barbosa"},{"@type":"BreadcrumbList","@id":"https:\/\/radiolifefm.com.br\/noticias\/religiao-e-poder-eclesiastico-neste-tempo-do-tempo\/#breadcrumb","itemListElement":[{"@type":"ListItem","position":1,"name":"In\u00edcio","item":"https:\/\/radiolifefm.com.br\/noticias\/"},{"@type":"ListItem","position":2,"name":"RELIGI\u00c3O E PODER ECLESI\u00c1STICO NESTE TEMPO DO TEMPO&#8230;"}]},{"@type":"WebSite","@id":"https:\/\/radiolifefm.com.br\/noticias\/#website","url":"https:\/\/radiolifefm.com.br\/noticias\/","name":"R\u00e1dio Life FM","description":"O Portal de Not\u00edcias de Adamantina","publisher":{"@id":"https:\/\/radiolifefm.com.br\/noticias\/#organization"},"alternateName":"Life FM","potentialAction":[{"@type":"SearchAction","target":{"@type":"EntryPoint","urlTemplate":"https:\/\/radiolifefm.com.br\/noticias\/?s={search_term_string}"},"query-input":{"@type":"PropertyValueSpecification","valueRequired":true,"valueName":"search_term_string"}}],"inLanguage":"pt-BR"},{"@type":"Organization","@id":"https:\/\/radiolifefm.com.br\/noticias\/#organization","name":"R\u00e1dio Life FM","alternateName":"Life FM","url":"https:\/\/radiolifefm.com.br\/noticias\/","logo":{"@type":"ImageObject","inLanguage":"pt-BR","@id":"https:\/\/radiolifefm.com.br\/noticias\/#\/schema\/logo\/image\/","url":"https:\/\/static.radiolifefm.com.br\/noticias\/wp-content\/uploads\/2019\/10\/logo-lifefm.png","contentUrl":"https:\/\/static.radiolifefm.com.br\/noticias\/wp-content\/uploads\/2019\/10\/logo-lifefm.png","width":196,"height":47,"caption":"R\u00e1dio Life FM"},"image":{"@id":"https:\/\/radiolifefm.com.br\/noticias\/#\/schema\/logo\/image\/"},"sameAs":["https:\/\/www.facebook.com\/radiolifefm\/","https:\/\/www.instagram.com\/life1079fm\/"]},{"@type":"Person","@id":"https:\/\/radiolifefm.com.br\/noticias\/#\/schema\/person\/6339b9fac59d12b071dec680d7375d87","name":"ritanery","image":{"@type":"ImageObject","inLanguage":"pt-BR","@id":"https:\/\/secure.gravatar.com\/avatar\/0e37bb19071f47c0b8a23f62a903df117c5a0e75f65a0c2901562f97cd41cf86?s=96&d=mm&r=g","url":"https:\/\/secure.gravatar.com\/avatar\/0e37bb19071f47c0b8a23f62a903df117c5a0e75f65a0c2901562f97cd41cf86?s=96&d=mm&r=g","contentUrl":"https:\/\/secure.gravatar.com\/avatar\/0e37bb19071f47c0b8a23f62a903df117c5a0e75f65a0c2901562f97cd41cf86?s=96&d=mm&r=g","caption":"ritanery"}}]}},"amp_enabled":true,"_links":{"self":[{"href":"https:\/\/radiolifefm.com.br\/noticias\/wp-json\/wp\/v2\/posts\/104115","targetHints":{"allow":["GET"]}}],"collection":[{"href":"https:\/\/radiolifefm.com.br\/noticias\/wp-json\/wp\/v2\/posts"}],"about":[{"href":"https:\/\/radiolifefm.com.br\/noticias\/wp-json\/wp\/v2\/types\/post"}],"author":[{"embeddable":true,"href":"https:\/\/radiolifefm.com.br\/noticias\/wp-json\/wp\/v2\/users\/13"}],"replies":[{"embeddable":true,"href":"https:\/\/radiolifefm.com.br\/noticias\/wp-json\/wp\/v2\/comments?post=104115"}],"version-history":[{"count":1,"href":"https:\/\/radiolifefm.com.br\/noticias\/wp-json\/wp\/v2\/posts\/104115\/revisions"}],"predecessor-version":[{"id":104116,"href":"https:\/\/radiolifefm.com.br\/noticias\/wp-json\/wp\/v2\/posts\/104115\/revisions\/104116"}],"wp:featuredmedia":[{"embeddable":true,"href":"https:\/\/radiolifefm.com.br\/noticias\/wp-json\/wp\/v2\/media\/51988"}],"wp:attachment":[{"href":"https:\/\/radiolifefm.com.br\/noticias\/wp-json\/wp\/v2\/media?parent=104115"}],"wp:term":[{"taxonomy":"category","embeddable":true,"href":"https:\/\/radiolifefm.com.br\/noticias\/wp-json\/wp\/v2\/categories?post=104115"},{"taxonomy":"post_tag","embeddable":true,"href":"https:\/\/radiolifefm.com.br\/noticias\/wp-json\/wp\/v2\/tags?post=104115"}],"curies":[{"name":"wp","href":"https:\/\/api.w.org\/{rel}","templated":true}]}}