{"id":104062,"date":"2025-08-11T07:11:15","date_gmt":"2025-08-11T10:11:15","guid":{"rendered":"https:\/\/radiolifefm.com.br\/noticias\/?p=104062"},"modified":"2026-03-27T12:34:21","modified_gmt":"2026-03-27T15:34:21","slug":"nas-idas-e-vindas-em-terras-provincianas","status":"publish","type":"post","link":"https:\/\/radiolifefm.com.br\/noticias\/nas-idas-e-vindas-em-terras-provincianas\/","title":{"rendered":"Nas idas e vindas em terras provincianas\u2026"},"content":{"rendered":"<div id=\"fb-root\"><\/div>\n<p><strong>\u2060\u201dO uso de sinais e s\u00edmbolos \u00e9 empregue desde o ontem at\u00e9 o amanh\u00e3, e impercept\u00edvel no hoje.\u201d (A. L. Volovitch)<\/strong><\/p>\n<p>&nbsp;<\/p>\n<p><strong>\u00a0<\/strong><\/p>\n<p>&nbsp;<\/p>\n<p><strong>\u201cOs idiotas v\u00e3o tomar conta do mundo; n\u00e3o pela capacidade, mas pela quantidade. Eles s\u00e3o muitos.\u201d (Nelson Rodrigues)<\/strong><\/p>\n<p>&nbsp;<\/p>\n<p><strong>\u00a0<\/strong><\/p>\n<p>&nbsp;<\/p>\n<p><strong>By seb@r.\u00ad<\/strong><\/p>\n<p>&nbsp;<\/p>\n<p>Nestes \u00faltimos anos, se bem que faz quase TR\u00caS D\u00c9CADAS que estou residindo nesta PROV\u00cdNCIA DO FAZ DE CONTA, portanto, deve-se registrar que poderia receber sem mais e sem menos, aquele T\u00cdTULO que os MAIS DOS MAIORAIS recebem via LEGISLATIVO PROVINCIANO\u2026<\/p>\n<p>&nbsp;<\/p>\n<p>Entretanto, nestes OCASOS de um TALVEZ e PONTO QUASE FINAL, s\u00f3 acetaria tal HONRARIA se fosse de CIDAD\u00c3O PROVINCIANO, tendo em vista que estamos em uma PROV\u00cdNCIA DO FAZ DE CONTA\u2026<\/p>\n<p>&nbsp;<\/p>\n<p>Por\u00e9m, acredito que nestas ANOS que se perderam no TEMPO deste TEMPO, foram muitas as IDAS, bem como, as VINDAS deste e do outro TEMPO, todavia, depende sempre de como se pode definir este TEMPO que se perdeu naquele TEMPO\u2026<\/p>\n<p>&nbsp;<\/p>\n<p>Tamb\u00e9m, como tudo est\u00e1 TRAVESTIDO pelas denominadas e famigeradas MENTES MED\u00cdOCRES, considerando que as mesmas continuam com suas CAMNISAS AMARELAS, BANDEIRAS e outros APETRECHOS de VERDE E AMARELO (sic) para muitos DESENCONTROS com a proposta dos\/as eternos\/as PATRIOT\u00c1RIOS\/AS PROVINCIANOS\/AS\u2026<\/p>\n<p>&nbsp;<\/p>\n<p>Nada pode ser para SEMPRE como disse o POETA, haja vista que a REFLEX\u00c3O CR\u00cdTICA deve ser PEMANENTE em todas as \u00e1reas do CONHECIMENTO HUMANO, assim, como disse o pensador, CAMINHA A HUMANIDADE\u2026<\/p>\n<p>&nbsp;<\/p>\n<p>Como sempre, a MEDIOCRIDADE PROVINCIANA continua mais firme do que nunca, ainda mais nestes \u00faltimos anos quando os MAN\u00c9S PERDERAM e deu no que deu, isso \u00e9, o GENOCIDA est\u00e1 em PRIS\u00c3O DOMICILIAR (sic) e os MALUCOS na PAPUDA ou COLMEIA\u2026<\/p>\n<p>&nbsp;<\/p>\n<p>Isso sem deixar de lado aquela CAMBADA da tal DIREIRA VOLVER, travestidos e protegidos pela proposta de DEUS, P\u00c1TRIA E FAM\u00cdLIA, desta forma, tudo indica que se fosse PENSA QUE T\u00c1 RUIM, PODE PIORAR\u2026<\/p>\n<p>&nbsp;<\/p>\n<p>A turma do NOVO que est\u00e1 ficando VELHO, tamb\u00e9m, est\u00e3o mais PERDIDOS DO QUE NUNCA, assim, como afirma aquele velho dito popular, a saber: DE GR\u00c3O EM GR\u00c3O, A GALINHA ENCHE O PAPO\u2026<\/p>\n<p>&nbsp;<\/p>\n<p>Tais IRONIAS por meios dos DITOS pelos n\u00e3o DITOS populares, s\u00e3o mais do que necess\u00e1rios para muitas APROXIMA\u00c7\u00d5ES em nome dos DESENCONTROS que ocorrem nesta PROV\u00cdNCIA DO FAZ DE CONTA\u2026<\/p>\n<p>&nbsp;<\/p>\n<p>Nos lados das PAREDES CINZAS, apesar disto e mais aquilo, acabou tudo na MESMICE DE SEMPRE, se bem que trocaram as cores ALVAS, por\u00e9m, SAIU A MEIA D\u00daZIA e entrou o SEIS, assim, fica tudo em nome da FAM\u00cdLIA FAIANA\u2026<\/p>\n<p>&nbsp;<\/p>\n<p>Pra refor\u00e7ar, PERDERAM MAN\u00c9S!<\/p>\n<p>&nbsp;<\/p>\n<p>Ainda, QUEM SOBREVIVER VAI SABER\u2026<\/p>\n","protected":false},"excerpt":{"rendered":"<p>\u2060\u201dO uso de sinais e s\u00edmbolos \u00e9 empregue desde o ontem at\u00e9 o amanh\u00e3, e impercept\u00edvel no hoje.\u201d (A. L. Volovitch) &nbsp; \u00a0 &nbsp; \u201cOs idiotas v\u00e3o tomar conta do mundo; n\u00e3o pela capacidade, mas pela quantidade. Eles s\u00e3o muitos.\u201d (Nelson Rodrigues) &nbsp; \u00a0 &nbsp; By seb@r.\u00ad &nbsp; Nestes \u00faltimos anos, se bem que faz [&hellip;]<\/p>\n","protected":false},"author":13,"featured_media":51988,"comment_status":"closed","ping_status":"open","sticky":false,"template":"","format":"standard","meta":{"_acf_changed":false,"_exactmetrics_skip_tracking":false,"_exactmetrics_sitenote_active":false,"_exactmetrics_sitenote_note":"","_exactmetrics_sitenote_category":0,"footnotes":""},"categories":[59],"tags":[],"class_list":["post-104062","post","type-post","status-publish","format-standard","has-post-thumbnail","hentry","category-opiniao"],"acf":[],"yoast_head":"<!-- This site is optimized with the Yoast SEO plugin v27.2 - https:\/\/yoast.com\/product\/yoast-seo-wordpress\/ -->\n<title>Nas idas e vindas em terras provincianas\u2026 - R\u00e1dio Life FM<\/title>\n<meta name=\"robots\" content=\"index, follow, max-snippet:-1, max-image-preview:large, max-video-preview:-1\" \/>\n<link rel=\"canonical\" href=\"https:\/\/radiolifefm.com.br\/noticias\/nas-idas-e-vindas-em-terras-provincianas\/\" \/>\n<meta property=\"og:locale\" content=\"pt_BR\" \/>\n<meta property=\"og:type\" content=\"article\" \/>\n<meta property=\"og:title\" content=\"Nas idas e vindas em terras provincianas\u2026 - R\u00e1dio Life FM\" \/>\n<meta property=\"og:description\" content=\"\u2060\u201dO uso de sinais e s\u00edmbolos \u00e9 empregue desde o ontem at\u00e9 o amanh\u00e3, e impercept\u00edvel no hoje.\u201d (A. L. Volovitch) &nbsp; \u00a0 &nbsp; \u201cOs idiotas v\u00e3o tomar conta do mundo; n\u00e3o pela capacidade, mas pela quantidade. Eles s\u00e3o muitos.\u201d (Nelson Rodrigues) &nbsp; \u00a0 &nbsp; By seb@r.\u00ad &nbsp; Nestes \u00faltimos anos, se bem que faz [&hellip;]\" \/>\n<meta property=\"og:url\" content=\"https:\/\/radiolifefm.com.br\/noticias\/nas-idas-e-vindas-em-terras-provincianas\/\" \/>\n<meta property=\"og:site_name\" content=\"R\u00e1dio Life FM\" \/>\n<meta property=\"article:publisher\" content=\"https:\/\/www.facebook.com\/radiolifefm\/\" \/>\n<meta property=\"article:published_time\" content=\"2025-08-11T10:11:15+00:00\" \/>\n<meta property=\"article:modified_time\" content=\"2026-03-27T15:34:21+00:00\" \/>\n<meta property=\"og:image\" content=\"https:\/\/radiolifefm.com.br\/noticias\/wp-content\/uploads\/2022\/04\/WhatsApp-Image-2022-04-10-at-18.43.02.jpeg\" \/>\n\t<meta property=\"og:image:width\" content=\"972\" \/>\n\t<meta property=\"og:image:height\" content=\"1296\" \/>\n\t<meta property=\"og:image:type\" content=\"image\/jpeg\" \/>\n<meta name=\"author\" content=\"ritanery\" \/>\n<meta name=\"twitter:card\" content=\"summary_large_image\" \/>\n<meta name=\"twitter:label1\" content=\"Escrito por\" \/>\n\t<meta name=\"twitter:data1\" content=\"ritanery\" \/>\n\t<meta name=\"twitter:label2\" content=\"Est. tempo de leitura\" \/>\n\t<meta name=\"twitter:data2\" content=\"3 minutos\" \/>\n<script type=\"application\/ld+json\" class=\"yoast-schema-graph\">{\"@context\":\"https:\/\/schema.org\",\"@graph\":[{\"@type\":\"Article\",\"@id\":\"https:\/\/radiolifefm.com.br\/noticias\/nas-idas-e-vindas-em-terras-provincianas\/#article\",\"isPartOf\":{\"@id\":\"https:\/\/radiolifefm.com.br\/noticias\/nas-idas-e-vindas-em-terras-provincianas\/\"},\"author\":{\"name\":\"ritanery\",\"@id\":\"https:\/\/radiolifefm.com.br\/noticias\/#\/schema\/person\/6339b9fac59d12b071dec680d7375d87\"},\"headline\":\"Nas idas e vindas em terras provincianas\u2026\",\"datePublished\":\"2025-08-11T10:11:15+00:00\",\"dateModified\":\"2026-03-27T15:34:21+00:00\",\"mainEntityOfPage\":{\"@id\":\"https:\/\/radiolifefm.com.br\/noticias\/nas-idas-e-vindas-em-terras-provincianas\/\"},\"wordCount\":473,\"publisher\":{\"@id\":\"https:\/\/radiolifefm.com.br\/noticias\/#organization\"},\"image\":{\"@id\":\"https:\/\/radiolifefm.com.br\/noticias\/nas-idas-e-vindas-em-terras-provincianas\/#primaryimage\"},\"thumbnailUrl\":\"https:\/\/radiolifefm.com.br\/noticias\/wp-content\/uploads\/2022\/04\/WhatsApp-Image-2022-04-10-at-18.43.02.jpeg\",\"articleSection\":[\"Opini\u00e3o\"],\"inLanguage\":\"pt-BR\"},{\"@type\":\"WebPage\",\"@id\":\"https:\/\/radiolifefm.com.br\/noticias\/nas-idas-e-vindas-em-terras-provincianas\/\",\"url\":\"https:\/\/radiolifefm.com.br\/noticias\/nas-idas-e-vindas-em-terras-provincianas\/\",\"name\":\"Nas idas e vindas em terras provincianas\u2026 - R\u00e1dio Life FM\",\"isPartOf\":{\"@id\":\"https:\/\/radiolifefm.com.br\/noticias\/#website\"},\"primaryImageOfPage\":{\"@id\":\"https:\/\/radiolifefm.com.br\/noticias\/nas-idas-e-vindas-em-terras-provincianas\/#primaryimage\"},\"image\":{\"@id\":\"https:\/\/radiolifefm.com.br\/noticias\/nas-idas-e-vindas-em-terras-provincianas\/#primaryimage\"},\"thumbnailUrl\":\"https:\/\/radiolifefm.com.br\/noticias\/wp-content\/uploads\/2022\/04\/WhatsApp-Image-2022-04-10-at-18.43.02.jpeg\",\"datePublished\":\"2025-08-11T10:11:15+00:00\",\"dateModified\":\"2026-03-27T15:34:21+00:00\",\"breadcrumb\":{\"@id\":\"https:\/\/radiolifefm.com.br\/noticias\/nas-idas-e-vindas-em-terras-provincianas\/#breadcrumb\"},\"inLanguage\":\"pt-BR\",\"potentialAction\":[{\"@type\":\"ReadAction\",\"target\":[\"https:\/\/radiolifefm.com.br\/noticias\/nas-idas-e-vindas-em-terras-provincianas\/\"]}]},{\"@type\":\"ImageObject\",\"inLanguage\":\"pt-BR\",\"@id\":\"https:\/\/radiolifefm.com.br\/noticias\/nas-idas-e-vindas-em-terras-provincianas\/#primaryimage\",\"url\":\"https:\/\/radiolifefm.com.br\/noticias\/wp-content\/uploads\/2022\/04\/WhatsApp-Image-2022-04-10-at-18.43.02.jpeg\",\"contentUrl\":\"https:\/\/radiolifefm.com.br\/noticias\/wp-content\/uploads\/2022\/04\/WhatsApp-Image-2022-04-10-at-18.43.02.jpeg\",\"width\":972,\"height\":1296,\"caption\":\"S\u00e9rgio Barbosa\"},{\"@type\":\"BreadcrumbList\",\"@id\":\"https:\/\/radiolifefm.com.br\/noticias\/nas-idas-e-vindas-em-terras-provincianas\/#breadcrumb\",\"itemListElement\":[{\"@type\":\"ListItem\",\"position\":1,\"name\":\"In\u00edcio\",\"item\":\"https:\/\/radiolifefm.com.br\/noticias\/\"},{\"@type\":\"ListItem\",\"position\":2,\"name\":\"Nas idas e vindas em terras provincianas\u2026\"}]},{\"@type\":\"WebSite\",\"@id\":\"https:\/\/radiolifefm.com.br\/noticias\/#website\",\"url\":\"https:\/\/radiolifefm.com.br\/noticias\/\",\"name\":\"R\u00e1dio Life FM\",\"description\":\"O Portal de Not\u00edcias de Adamantina\",\"publisher\":{\"@id\":\"https:\/\/radiolifefm.com.br\/noticias\/#organization\"},\"alternateName\":\"Life FM\",\"potentialAction\":[{\"@type\":\"SearchAction\",\"target\":{\"@type\":\"EntryPoint\",\"urlTemplate\":\"https:\/\/radiolifefm.com.br\/noticias\/?s={search_term_string}\"},\"query-input\":{\"@type\":\"PropertyValueSpecification\",\"valueRequired\":true,\"valueName\":\"search_term_string\"}}],\"inLanguage\":\"pt-BR\"},{\"@type\":\"Organization\",\"@id\":\"https:\/\/radiolifefm.com.br\/noticias\/#organization\",\"name\":\"R\u00e1dio Life FM\",\"alternateName\":\"Life FM\",\"url\":\"https:\/\/radiolifefm.com.br\/noticias\/\",\"logo\":{\"@type\":\"ImageObject\",\"inLanguage\":\"pt-BR\",\"@id\":\"https:\/\/radiolifefm.com.br\/noticias\/#\/schema\/logo\/image\/\",\"url\":\"https:\/\/static.radiolifefm.com.br\/noticias\/wp-content\/uploads\/2019\/10\/logo-lifefm.png\",\"contentUrl\":\"https:\/\/static.radiolifefm.com.br\/noticias\/wp-content\/uploads\/2019\/10\/logo-lifefm.png\",\"width\":196,\"height\":47,\"caption\":\"R\u00e1dio Life FM\"},\"image\":{\"@id\":\"https:\/\/radiolifefm.com.br\/noticias\/#\/schema\/logo\/image\/\"},\"sameAs\":[\"https:\/\/www.facebook.com\/radiolifefm\/\",\"https:\/\/www.instagram.com\/life1079fm\/\"]},{\"@type\":\"Person\",\"@id\":\"https:\/\/radiolifefm.com.br\/noticias\/#\/schema\/person\/6339b9fac59d12b071dec680d7375d87\",\"name\":\"ritanery\",\"image\":{\"@type\":\"ImageObject\",\"inLanguage\":\"pt-BR\",\"@id\":\"https:\/\/secure.gravatar.com\/avatar\/0e37bb19071f47c0b8a23f62a903df117c5a0e75f65a0c2901562f97cd41cf86?s=96&d=mm&r=g\",\"url\":\"https:\/\/secure.gravatar.com\/avatar\/0e37bb19071f47c0b8a23f62a903df117c5a0e75f65a0c2901562f97cd41cf86?s=96&d=mm&r=g\",\"contentUrl\":\"https:\/\/secure.gravatar.com\/avatar\/0e37bb19071f47c0b8a23f62a903df117c5a0e75f65a0c2901562f97cd41cf86?s=96&d=mm&r=g\",\"caption\":\"ritanery\"}}]}<\/script>\n<!-- \/ Yoast SEO plugin. -->","yoast_head_json":{"title":"Nas idas e vindas em terras provincianas\u2026 - R\u00e1dio Life FM","robots":{"index":"index","follow":"follow","max-snippet":"max-snippet:-1","max-image-preview":"max-image-preview:large","max-video-preview":"max-video-preview:-1"},"canonical":"https:\/\/radiolifefm.com.br\/noticias\/nas-idas-e-vindas-em-terras-provincianas\/","og_locale":"pt_BR","og_type":"article","og_title":"Nas idas e vindas em terras provincianas\u2026 - R\u00e1dio Life FM","og_description":"\u2060\u201dO uso de sinais e s\u00edmbolos \u00e9 empregue desde o ontem at\u00e9 o amanh\u00e3, e impercept\u00edvel no hoje.\u201d (A. L. Volovitch) &nbsp; \u00a0 &nbsp; \u201cOs idiotas v\u00e3o tomar conta do mundo; n\u00e3o pela capacidade, mas pela quantidade. Eles s\u00e3o muitos.\u201d (Nelson Rodrigues) &nbsp; \u00a0 &nbsp; By seb@r.\u00ad &nbsp; Nestes \u00faltimos anos, se bem que faz [&hellip;]","og_url":"https:\/\/radiolifefm.com.br\/noticias\/nas-idas-e-vindas-em-terras-provincianas\/","og_site_name":"R\u00e1dio Life FM","article_publisher":"https:\/\/www.facebook.com\/radiolifefm\/","article_published_time":"2025-08-11T10:11:15+00:00","article_modified_time":"2026-03-27T15:34:21+00:00","og_image":[{"width":972,"height":1296,"url":"https:\/\/radiolifefm.com.br\/noticias\/wp-content\/uploads\/2022\/04\/WhatsApp-Image-2022-04-10-at-18.43.02.jpeg","type":"image\/jpeg"}],"author":"ritanery","twitter_card":"summary_large_image","twitter_misc":{"Escrito por":"ritanery","Est. tempo de leitura":"3 minutos"},"schema":{"@context":"https:\/\/schema.org","@graph":[{"@type":"Article","@id":"https:\/\/radiolifefm.com.br\/noticias\/nas-idas-e-vindas-em-terras-provincianas\/#article","isPartOf":{"@id":"https:\/\/radiolifefm.com.br\/noticias\/nas-idas-e-vindas-em-terras-provincianas\/"},"author":{"name":"ritanery","@id":"https:\/\/radiolifefm.com.br\/noticias\/#\/schema\/person\/6339b9fac59d12b071dec680d7375d87"},"headline":"Nas idas e vindas em terras provincianas\u2026","datePublished":"2025-08-11T10:11:15+00:00","dateModified":"2026-03-27T15:34:21+00:00","mainEntityOfPage":{"@id":"https:\/\/radiolifefm.com.br\/noticias\/nas-idas-e-vindas-em-terras-provincianas\/"},"wordCount":473,"publisher":{"@id":"https:\/\/radiolifefm.com.br\/noticias\/#organization"},"image":{"@id":"https:\/\/radiolifefm.com.br\/noticias\/nas-idas-e-vindas-em-terras-provincianas\/#primaryimage"},"thumbnailUrl":"https:\/\/radiolifefm.com.br\/noticias\/wp-content\/uploads\/2022\/04\/WhatsApp-Image-2022-04-10-at-18.43.02.jpeg","articleSection":["Opini\u00e3o"],"inLanguage":"pt-BR"},{"@type":"WebPage","@id":"https:\/\/radiolifefm.com.br\/noticias\/nas-idas-e-vindas-em-terras-provincianas\/","url":"https:\/\/radiolifefm.com.br\/noticias\/nas-idas-e-vindas-em-terras-provincianas\/","name":"Nas idas e vindas em terras provincianas\u2026 - R\u00e1dio Life FM","isPartOf":{"@id":"https:\/\/radiolifefm.com.br\/noticias\/#website"},"primaryImageOfPage":{"@id":"https:\/\/radiolifefm.com.br\/noticias\/nas-idas-e-vindas-em-terras-provincianas\/#primaryimage"},"image":{"@id":"https:\/\/radiolifefm.com.br\/noticias\/nas-idas-e-vindas-em-terras-provincianas\/#primaryimage"},"thumbnailUrl":"https:\/\/radiolifefm.com.br\/noticias\/wp-content\/uploads\/2022\/04\/WhatsApp-Image-2022-04-10-at-18.43.02.jpeg","datePublished":"2025-08-11T10:11:15+00:00","dateModified":"2026-03-27T15:34:21+00:00","breadcrumb":{"@id":"https:\/\/radiolifefm.com.br\/noticias\/nas-idas-e-vindas-em-terras-provincianas\/#breadcrumb"},"inLanguage":"pt-BR","potentialAction":[{"@type":"ReadAction","target":["https:\/\/radiolifefm.com.br\/noticias\/nas-idas-e-vindas-em-terras-provincianas\/"]}]},{"@type":"ImageObject","inLanguage":"pt-BR","@id":"https:\/\/radiolifefm.com.br\/noticias\/nas-idas-e-vindas-em-terras-provincianas\/#primaryimage","url":"https:\/\/radiolifefm.com.br\/noticias\/wp-content\/uploads\/2022\/04\/WhatsApp-Image-2022-04-10-at-18.43.02.jpeg","contentUrl":"https:\/\/radiolifefm.com.br\/noticias\/wp-content\/uploads\/2022\/04\/WhatsApp-Image-2022-04-10-at-18.43.02.jpeg","width":972,"height":1296,"caption":"S\u00e9rgio Barbosa"},{"@type":"BreadcrumbList","@id":"https:\/\/radiolifefm.com.br\/noticias\/nas-idas-e-vindas-em-terras-provincianas\/#breadcrumb","itemListElement":[{"@type":"ListItem","position":1,"name":"In\u00edcio","item":"https:\/\/radiolifefm.com.br\/noticias\/"},{"@type":"ListItem","position":2,"name":"Nas idas e vindas em terras provincianas\u2026"}]},{"@type":"WebSite","@id":"https:\/\/radiolifefm.com.br\/noticias\/#website","url":"https:\/\/radiolifefm.com.br\/noticias\/","name":"R\u00e1dio Life FM","description":"O Portal de Not\u00edcias de Adamantina","publisher":{"@id":"https:\/\/radiolifefm.com.br\/noticias\/#organization"},"alternateName":"Life FM","potentialAction":[{"@type":"SearchAction","target":{"@type":"EntryPoint","urlTemplate":"https:\/\/radiolifefm.com.br\/noticias\/?s={search_term_string}"},"query-input":{"@type":"PropertyValueSpecification","valueRequired":true,"valueName":"search_term_string"}}],"inLanguage":"pt-BR"},{"@type":"Organization","@id":"https:\/\/radiolifefm.com.br\/noticias\/#organization","name":"R\u00e1dio Life FM","alternateName":"Life FM","url":"https:\/\/radiolifefm.com.br\/noticias\/","logo":{"@type":"ImageObject","inLanguage":"pt-BR","@id":"https:\/\/radiolifefm.com.br\/noticias\/#\/schema\/logo\/image\/","url":"https:\/\/static.radiolifefm.com.br\/noticias\/wp-content\/uploads\/2019\/10\/logo-lifefm.png","contentUrl":"https:\/\/static.radiolifefm.com.br\/noticias\/wp-content\/uploads\/2019\/10\/logo-lifefm.png","width":196,"height":47,"caption":"R\u00e1dio Life FM"},"image":{"@id":"https:\/\/radiolifefm.com.br\/noticias\/#\/schema\/logo\/image\/"},"sameAs":["https:\/\/www.facebook.com\/radiolifefm\/","https:\/\/www.instagram.com\/life1079fm\/"]},{"@type":"Person","@id":"https:\/\/radiolifefm.com.br\/noticias\/#\/schema\/person\/6339b9fac59d12b071dec680d7375d87","name":"ritanery","image":{"@type":"ImageObject","inLanguage":"pt-BR","@id":"https:\/\/secure.gravatar.com\/avatar\/0e37bb19071f47c0b8a23f62a903df117c5a0e75f65a0c2901562f97cd41cf86?s=96&d=mm&r=g","url":"https:\/\/secure.gravatar.com\/avatar\/0e37bb19071f47c0b8a23f62a903df117c5a0e75f65a0c2901562f97cd41cf86?s=96&d=mm&r=g","contentUrl":"https:\/\/secure.gravatar.com\/avatar\/0e37bb19071f47c0b8a23f62a903df117c5a0e75f65a0c2901562f97cd41cf86?s=96&d=mm&r=g","caption":"ritanery"}}]}},"amp_enabled":true,"_links":{"self":[{"href":"https:\/\/radiolifefm.com.br\/noticias\/wp-json\/wp\/v2\/posts\/104062","targetHints":{"allow":["GET"]}}],"collection":[{"href":"https:\/\/radiolifefm.com.br\/noticias\/wp-json\/wp\/v2\/posts"}],"about":[{"href":"https:\/\/radiolifefm.com.br\/noticias\/wp-json\/wp\/v2\/types\/post"}],"author":[{"embeddable":true,"href":"https:\/\/radiolifefm.com.br\/noticias\/wp-json\/wp\/v2\/users\/13"}],"replies":[{"embeddable":true,"href":"https:\/\/radiolifefm.com.br\/noticias\/wp-json\/wp\/v2\/comments?post=104062"}],"version-history":[{"count":1,"href":"https:\/\/radiolifefm.com.br\/noticias\/wp-json\/wp\/v2\/posts\/104062\/revisions"}],"predecessor-version":[{"id":104063,"href":"https:\/\/radiolifefm.com.br\/noticias\/wp-json\/wp\/v2\/posts\/104062\/revisions\/104063"}],"wp:featuredmedia":[{"embeddable":true,"href":"https:\/\/radiolifefm.com.br\/noticias\/wp-json\/wp\/v2\/media\/51988"}],"wp:attachment":[{"href":"https:\/\/radiolifefm.com.br\/noticias\/wp-json\/wp\/v2\/media?parent=104062"}],"wp:term":[{"taxonomy":"category","embeddable":true,"href":"https:\/\/radiolifefm.com.br\/noticias\/wp-json\/wp\/v2\/categories?post=104062"},{"taxonomy":"post_tag","embeddable":true,"href":"https:\/\/radiolifefm.com.br\/noticias\/wp-json\/wp\/v2\/tags?post=104062"}],"curies":[{"name":"wp","href":"https:\/\/api.w.org\/{rel}","templated":true}]}}