{"id":104002,"date":"2025-08-08T16:22:38","date_gmt":"2025-08-08T19:22:38","guid":{"rendered":"https:\/\/radiolifefm.com.br\/noticias\/?p=104002"},"modified":"2026-04-12T12:11:38","modified_gmt":"2026-04-12T15:11:38","slug":"importancia-do-agosto-dourado-e-do-aleitamento-materno-no-saude-e-o-que-interessa","status":"publish","type":"post","link":"https:\/\/radiolifefm.com.br\/noticias\/importancia-do-agosto-dourado-e-do-aleitamento-materno-no-saude-e-o-que-interessa\/","title":{"rendered":"Import\u00e2ncia do Agosto Dourado e do aleitamento materno no \u201cSa\u00fade \u00e9 o que Interessa\u201d"},"content":{"rendered":"<div id=\"fb-root\"><\/div>\n<p data-start=\"74\" data-end=\"174\">\n<p data-start=\"176\" data-end=\"484\">Em alus\u00e3o ao Dia Mundial do Aleitamento Materno, comemorado no dia 1\u00ba de agosto, a Life FM transmitiu mais uma edi\u00e7\u00e3o do podcast <strong data-start=\"305\" data-end=\"334\">\u201cSa\u00fade \u00e9 o que Interessa\u201d<\/strong> na noite da \u00faltima quarta-feira (6).<img loading=\"lazy\" decoding=\"async\" class=\"aligncenter size-medium wp-image-104005\" src=\"https:\/\/static.radiolifefm.com.br\/noticias\/wp-content\/uploads\/2025\/08\/Marca-dagua-saude-e-oque-interessa-3-300x300.jpg\" alt=\"\" width=\"300\" height=\"300\" srcset=\"https:\/\/radiolifefm.com.br\/noticias\/wp-content\/uploads\/2025\/08\/Marca-dagua-saude-e-oque-interessa-3-300x300.jpg 300w, https:\/\/radiolifefm.com.br\/noticias\/wp-content\/uploads\/2025\/08\/Marca-dagua-saude-e-oque-interessa-3-1024x1024.jpg 1024w, https:\/\/radiolifefm.com.br\/noticias\/wp-content\/uploads\/2025\/08\/Marca-dagua-saude-e-oque-interessa-3-150x150.jpg 150w, https:\/\/radiolifefm.com.br\/noticias\/wp-content\/uploads\/2025\/08\/Marca-dagua-saude-e-oque-interessa-3-768x768.jpg 768w, https:\/\/radiolifefm.com.br\/noticias\/wp-content\/uploads\/2025\/08\/Marca-dagua-saude-e-oque-interessa-3-200x200.jpg 200w, https:\/\/radiolifefm.com.br\/noticias\/wp-content\/uploads\/2025\/08\/Marca-dagua-saude-e-oque-interessa-3-250x250.jpg 250w, https:\/\/radiolifefm.com.br\/noticias\/wp-content\/uploads\/2025\/08\/Marca-dagua-saude-e-oque-interessa-3-500x500.jpg 500w, https:\/\/radiolifefm.com.br\/noticias\/wp-content\/uploads\/2025\/08\/Marca-dagua-saude-e-oque-interessa-3-700x700.jpg 700w, https:\/\/radiolifefm.com.br\/noticias\/wp-content\/uploads\/2025\/08\/Marca-dagua-saude-e-oque-interessa-3.jpg 1080w\" sizes=\"auto, (max-width: 300px) 100vw, 300px\" \/> A data marca o in\u00edcio do Agosto Dourado, campanha dedicada \u00e0 conscientiza\u00e7\u00e3o sobre a import\u00e2ncia da amamenta\u00e7\u00e3o.<img loading=\"lazy\" decoding=\"async\" class=\"aligncenter size-medium wp-image-104008\" src=\"https:\/\/static.radiolifefm.com.br\/noticias\/wp-content\/uploads\/2025\/08\/Marca-dagua-saude-e-oque-interessa-300x300.jpg\" alt=\"\" width=\"300\" height=\"300\" srcset=\"https:\/\/radiolifefm.com.br\/noticias\/wp-content\/uploads\/2025\/08\/Marca-dagua-saude-e-oque-interessa-300x300.jpg 300w, https:\/\/radiolifefm.com.br\/noticias\/wp-content\/uploads\/2025\/08\/Marca-dagua-saude-e-oque-interessa-1024x1024.jpg 1024w, https:\/\/radiolifefm.com.br\/noticias\/wp-content\/uploads\/2025\/08\/Marca-dagua-saude-e-oque-interessa-150x150.jpg 150w, https:\/\/radiolifefm.com.br\/noticias\/wp-content\/uploads\/2025\/08\/Marca-dagua-saude-e-oque-interessa-768x768.jpg 768w, https:\/\/radiolifefm.com.br\/noticias\/wp-content\/uploads\/2025\/08\/Marca-dagua-saude-e-oque-interessa-200x200.jpg 200w, https:\/\/radiolifefm.com.br\/noticias\/wp-content\/uploads\/2025\/08\/Marca-dagua-saude-e-oque-interessa-250x250.jpg 250w, https:\/\/radiolifefm.com.br\/noticias\/wp-content\/uploads\/2025\/08\/Marca-dagua-saude-e-oque-interessa-500x500.jpg 500w, https:\/\/radiolifefm.com.br\/noticias\/wp-content\/uploads\/2025\/08\/Marca-dagua-saude-e-oque-interessa-700x700.jpg 700w, https:\/\/radiolifefm.com.br\/noticias\/wp-content\/uploads\/2025\/08\/Marca-dagua-saude-e-oque-interessa.jpg 1080w\" sizes=\"auto, (max-width: 300px) 100vw, 300px\" \/><\/p>\n<p data-start=\"486\" data-end=\"805\">Apresentado pelo Dr. <strong data-start=\"507\" data-end=\"536\">Guilherme Dias Bonardiman<\/strong>, o programa contou com a presen\u00e7a de alunos da <strong data-start=\"584\" data-end=\"627\">Liga Acad\u00eamica de Cl\u00ednica M\u00e9dica da FAI<\/strong> e da <strong data-start=\"633\" data-end=\"679\">odontopediatra Fabiana Freire Marn Pacheco<\/strong>, que abordaram temas relacionados \u00e0 sa\u00fade infantil, aleitamento materno e os impactos positivos da pr\u00e1tica para m\u00e3es e beb\u00eas.<img loading=\"lazy\" decoding=\"async\" class=\"aligncenter size-medium wp-image-104007\" src=\"https:\/\/static.radiolifefm.com.br\/noticias\/wp-content\/uploads\/2025\/08\/Marca-dagua-saude-e-oque-interessa-1-300x300.jpg\" alt=\"\" width=\"300\" height=\"300\" srcset=\"https:\/\/radiolifefm.com.br\/noticias\/wp-content\/uploads\/2025\/08\/Marca-dagua-saude-e-oque-interessa-1-300x300.jpg 300w, https:\/\/radiolifefm.com.br\/noticias\/wp-content\/uploads\/2025\/08\/Marca-dagua-saude-e-oque-interessa-1-1024x1024.jpg 1024w, https:\/\/radiolifefm.com.br\/noticias\/wp-content\/uploads\/2025\/08\/Marca-dagua-saude-e-oque-interessa-1-150x150.jpg 150w, https:\/\/radiolifefm.com.br\/noticias\/wp-content\/uploads\/2025\/08\/Marca-dagua-saude-e-oque-interessa-1-768x768.jpg 768w, https:\/\/radiolifefm.com.br\/noticias\/wp-content\/uploads\/2025\/08\/Marca-dagua-saude-e-oque-interessa-1-200x200.jpg 200w, https:\/\/radiolifefm.com.br\/noticias\/wp-content\/uploads\/2025\/08\/Marca-dagua-saude-e-oque-interessa-1-250x250.jpg 250w, https:\/\/radiolifefm.com.br\/noticias\/wp-content\/uploads\/2025\/08\/Marca-dagua-saude-e-oque-interessa-1-500x500.jpg 500w, https:\/\/radiolifefm.com.br\/noticias\/wp-content\/uploads\/2025\/08\/Marca-dagua-saude-e-oque-interessa-1-700x700.jpg 700w, https:\/\/radiolifefm.com.br\/noticias\/wp-content\/uploads\/2025\/08\/Marca-dagua-saude-e-oque-interessa-1.jpg 1080w\" sizes=\"auto, (max-width: 300px) 100vw, 300px\" \/><\/p>\n<p data-start=\"807\" data-end=\"1023\">O epis\u00f3dio refor\u00e7ou a relev\u00e2ncia do Agosto Dourado como m\u00eas de incentivo \u00e0 amamenta\u00e7\u00e3o exclusiva at\u00e9 os seis meses de vida e continuada at\u00e9 os dois anos ou mais, conforme recomenda\u00e7\u00e3o da Organiza\u00e7\u00e3o Mundial da Sa\u00fade.<img loading=\"lazy\" decoding=\"async\" class=\"aligncenter size-medium wp-image-104006\" src=\"https:\/\/static.radiolifefm.com.br\/noticias\/wp-content\/uploads\/2025\/08\/Marca-dagua-saude-e-oque-interessa-2-300x300.jpg\" alt=\"\" width=\"300\" height=\"300\" srcset=\"https:\/\/radiolifefm.com.br\/noticias\/wp-content\/uploads\/2025\/08\/Marca-dagua-saude-e-oque-interessa-2-300x300.jpg 300w, https:\/\/radiolifefm.com.br\/noticias\/wp-content\/uploads\/2025\/08\/Marca-dagua-saude-e-oque-interessa-2-1024x1024.jpg 1024w, https:\/\/radiolifefm.com.br\/noticias\/wp-content\/uploads\/2025\/08\/Marca-dagua-saude-e-oque-interessa-2-150x150.jpg 150w, https:\/\/radiolifefm.com.br\/noticias\/wp-content\/uploads\/2025\/08\/Marca-dagua-saude-e-oque-interessa-2-768x768.jpg 768w, https:\/\/radiolifefm.com.br\/noticias\/wp-content\/uploads\/2025\/08\/Marca-dagua-saude-e-oque-interessa-2-200x200.jpg 200w, https:\/\/radiolifefm.com.br\/noticias\/wp-content\/uploads\/2025\/08\/Marca-dagua-saude-e-oque-interessa-2-250x250.jpg 250w, https:\/\/radiolifefm.com.br\/noticias\/wp-content\/uploads\/2025\/08\/Marca-dagua-saude-e-oque-interessa-2-500x500.jpg 500w, https:\/\/radiolifefm.com.br\/noticias\/wp-content\/uploads\/2025\/08\/Marca-dagua-saude-e-oque-interessa-2-700x700.jpg 700w, https:\/\/radiolifefm.com.br\/noticias\/wp-content\/uploads\/2025\/08\/Marca-dagua-saude-e-oque-interessa-2.jpg 1080w\" sizes=\"auto, (max-width: 300px) 100vw, 300px\" \/><\/p>\n<p data-start=\"1025\" data-end=\"1118\">Para conferir a \u00edntegra do programa e se aprofundar no tema, acesse o link dispon\u00edvel abaixo<\/p>\n<p><a href=\"https:\/\/www.youtube.com\/watch?v=MBZ-t2DEpuw\">https:\/\/www.youtube.com\/watch?v=MBZ-t2DEpuw<\/a><\/p>\n","protected":false},"excerpt":{"rendered":"<p>Em alus\u00e3o ao Dia Mundial do Aleitamento Materno, comemorado no dia 1\u00ba de agosto, a Life FM transmitiu mais uma edi\u00e7\u00e3o do podcast \u201cSa\u00fade \u00e9 o que Interessa\u201d na noite da \u00faltima quarta-feira (6). A data marca o in\u00edcio do Agosto Dourado, campanha dedicada \u00e0 conscientiza\u00e7\u00e3o sobre a import\u00e2ncia da amamenta\u00e7\u00e3o. Apresentado pelo Dr. Guilherme [&hellip;]<\/p>\n","protected":false},"author":8,"featured_media":104004,"comment_status":"closed","ping_status":"open","sticky":false,"template":"","format":"standard","meta":{"_acf_changed":false,"_exactmetrics_skip_tracking":false,"_exactmetrics_sitenote_active":false,"_exactmetrics_sitenote_note":"","_exactmetrics_sitenote_category":0,"footnotes":""},"categories":[128],"tags":[],"class_list":["post-104002","post","type-post","status-publish","format-standard","has-post-thumbnail","hentry","category-saude-e-o-que-interessa"],"acf":[],"yoast_head":"<!-- This site is optimized with the Yoast SEO plugin v27.2 - https:\/\/yoast.com\/product\/yoast-seo-wordpress\/ -->\n<title>Import\u00e2ncia do Agosto Dourado e do aleitamento materno no \u201cSa\u00fade \u00e9 o que Interessa\u201d - R\u00e1dio Life FM<\/title>\n<meta name=\"robots\" content=\"index, follow, max-snippet:-1, max-image-preview:large, max-video-preview:-1\" \/>\n<link rel=\"canonical\" href=\"https:\/\/radiolifefm.com.br\/noticias\/importancia-do-agosto-dourado-e-do-aleitamento-materno-no-saude-e-o-que-interessa\/\" \/>\n<meta property=\"og:locale\" content=\"pt_BR\" \/>\n<meta property=\"og:type\" content=\"article\" \/>\n<meta property=\"og:title\" content=\"Import\u00e2ncia do Agosto Dourado e do aleitamento materno no \u201cSa\u00fade \u00e9 o que Interessa\u201d - R\u00e1dio Life FM\" \/>\n<meta property=\"og:description\" content=\"Em alus\u00e3o ao Dia Mundial do Aleitamento Materno, comemorado no dia 1\u00ba de agosto, a Life FM transmitiu mais uma edi\u00e7\u00e3o do podcast \u201cSa\u00fade \u00e9 o que Interessa\u201d na noite da \u00faltima quarta-feira (6). A data marca o in\u00edcio do Agosto Dourado, campanha dedicada \u00e0 conscientiza\u00e7\u00e3o sobre a import\u00e2ncia da amamenta\u00e7\u00e3o. Apresentado pelo Dr. Guilherme [&hellip;]\" \/>\n<meta property=\"og:url\" content=\"https:\/\/radiolifefm.com.br\/noticias\/importancia-do-agosto-dourado-e-do-aleitamento-materno-no-saude-e-o-que-interessa\/\" \/>\n<meta property=\"og:site_name\" content=\"R\u00e1dio Life FM\" \/>\n<meta property=\"article:publisher\" content=\"https:\/\/www.facebook.com\/radiolifefm\/\" \/>\n<meta property=\"article:published_time\" content=\"2025-08-08T19:22:38+00:00\" \/>\n<meta property=\"article:modified_time\" content=\"2026-04-12T15:11:38+00:00\" \/>\n<meta property=\"og:image\" content=\"https:\/\/radiolifefm.com.br\/noticias\/wp-content\/uploads\/2025\/08\/Capa-Site-20.jpg\" \/>\n\t<meta property=\"og:image:width\" content=\"1366\" \/>\n\t<meta property=\"og:image:height\" content=\"768\" \/>\n\t<meta property=\"og:image:type\" content=\"image\/jpeg\" \/>\n<meta name=\"author\" content=\"joaograndao\" \/>\n<meta name=\"twitter:card\" content=\"summary_large_image\" \/>\n<meta name=\"twitter:label1\" content=\"Escrito por\" \/>\n\t<meta name=\"twitter:data1\" content=\"joaograndao\" \/>\n\t<meta name=\"twitter:label2\" content=\"Est. tempo de leitura\" \/>\n\t<meta name=\"twitter:data2\" content=\"2 minutos\" \/>\n<script type=\"application\/ld+json\" class=\"yoast-schema-graph\">{\"@context\":\"https:\/\/schema.org\",\"@graph\":[{\"@type\":\"Article\",\"@id\":\"https:\/\/radiolifefm.com.br\/noticias\/importancia-do-agosto-dourado-e-do-aleitamento-materno-no-saude-e-o-que-interessa\/#article\",\"isPartOf\":{\"@id\":\"https:\/\/radiolifefm.com.br\/noticias\/importancia-do-agosto-dourado-e-do-aleitamento-materno-no-saude-e-o-que-interessa\/\"},\"author\":{\"name\":\"joaograndao\",\"@id\":\"https:\/\/radiolifefm.com.br\/noticias\/#\/schema\/person\/6876e1240feffe6e1b63fd5cb85abf28\"},\"headline\":\"Import\u00e2ncia do Agosto Dourado e do aleitamento materno no \u201cSa\u00fade \u00e9 o que Interessa\u201d\",\"datePublished\":\"2025-08-08T19:22:38+00:00\",\"dateModified\":\"2026-04-12T15:11:38+00:00\",\"mainEntityOfPage\":{\"@id\":\"https:\/\/radiolifefm.com.br\/noticias\/importancia-do-agosto-dourado-e-do-aleitamento-materno-no-saude-e-o-que-interessa\/\"},\"wordCount\":192,\"publisher\":{\"@id\":\"https:\/\/radiolifefm.com.br\/noticias\/#organization\"},\"image\":{\"@id\":\"https:\/\/radiolifefm.com.br\/noticias\/importancia-do-agosto-dourado-e-do-aleitamento-materno-no-saude-e-o-que-interessa\/#primaryimage\"},\"thumbnailUrl\":\"https:\/\/radiolifefm.com.br\/noticias\/wp-content\/uploads\/2025\/08\/Capa-Site-20.jpg\",\"articleSection\":[\"Sa\u00fade \u00e9 o que interessa\"],\"inLanguage\":\"pt-BR\"},{\"@type\":\"WebPage\",\"@id\":\"https:\/\/radiolifefm.com.br\/noticias\/importancia-do-agosto-dourado-e-do-aleitamento-materno-no-saude-e-o-que-interessa\/\",\"url\":\"https:\/\/radiolifefm.com.br\/noticias\/importancia-do-agosto-dourado-e-do-aleitamento-materno-no-saude-e-o-que-interessa\/\",\"name\":\"Import\u00e2ncia do Agosto Dourado e do aleitamento materno no \u201cSa\u00fade \u00e9 o que Interessa\u201d - R\u00e1dio Life FM\",\"isPartOf\":{\"@id\":\"https:\/\/radiolifefm.com.br\/noticias\/#website\"},\"primaryImageOfPage\":{\"@id\":\"https:\/\/radiolifefm.com.br\/noticias\/importancia-do-agosto-dourado-e-do-aleitamento-materno-no-saude-e-o-que-interessa\/#primaryimage\"},\"image\":{\"@id\":\"https:\/\/radiolifefm.com.br\/noticias\/importancia-do-agosto-dourado-e-do-aleitamento-materno-no-saude-e-o-que-interessa\/#primaryimage\"},\"thumbnailUrl\":\"https:\/\/radiolifefm.com.br\/noticias\/wp-content\/uploads\/2025\/08\/Capa-Site-20.jpg\",\"datePublished\":\"2025-08-08T19:22:38+00:00\",\"dateModified\":\"2026-04-12T15:11:38+00:00\",\"breadcrumb\":{\"@id\":\"https:\/\/radiolifefm.com.br\/noticias\/importancia-do-agosto-dourado-e-do-aleitamento-materno-no-saude-e-o-que-interessa\/#breadcrumb\"},\"inLanguage\":\"pt-BR\",\"potentialAction\":[{\"@type\":\"ReadAction\",\"target\":[\"https:\/\/radiolifefm.com.br\/noticias\/importancia-do-agosto-dourado-e-do-aleitamento-materno-no-saude-e-o-que-interessa\/\"]}]},{\"@type\":\"ImageObject\",\"inLanguage\":\"pt-BR\",\"@id\":\"https:\/\/radiolifefm.com.br\/noticias\/importancia-do-agosto-dourado-e-do-aleitamento-materno-no-saude-e-o-que-interessa\/#primaryimage\",\"url\":\"https:\/\/radiolifefm.com.br\/noticias\/wp-content\/uploads\/2025\/08\/Capa-Site-20.jpg\",\"contentUrl\":\"https:\/\/radiolifefm.com.br\/noticias\/wp-content\/uploads\/2025\/08\/Capa-Site-20.jpg\",\"width\":1366,\"height\":768},{\"@type\":\"BreadcrumbList\",\"@id\":\"https:\/\/radiolifefm.com.br\/noticias\/importancia-do-agosto-dourado-e-do-aleitamento-materno-no-saude-e-o-que-interessa\/#breadcrumb\",\"itemListElement\":[{\"@type\":\"ListItem\",\"position\":1,\"name\":\"In\u00edcio\",\"item\":\"https:\/\/radiolifefm.com.br\/noticias\/\"},{\"@type\":\"ListItem\",\"position\":2,\"name\":\"Import\u00e2ncia do Agosto Dourado e do aleitamento materno no \u201cSa\u00fade \u00e9 o que Interessa\u201d\"}]},{\"@type\":\"WebSite\",\"@id\":\"https:\/\/radiolifefm.com.br\/noticias\/#website\",\"url\":\"https:\/\/radiolifefm.com.br\/noticias\/\",\"name\":\"R\u00e1dio Life FM\",\"description\":\"O Portal de Not\u00edcias de Adamantina\",\"publisher\":{\"@id\":\"https:\/\/radiolifefm.com.br\/noticias\/#organization\"},\"alternateName\":\"Life FM\",\"potentialAction\":[{\"@type\":\"SearchAction\",\"target\":{\"@type\":\"EntryPoint\",\"urlTemplate\":\"https:\/\/radiolifefm.com.br\/noticias\/?s={search_term_string}\"},\"query-input\":{\"@type\":\"PropertyValueSpecification\",\"valueRequired\":true,\"valueName\":\"search_term_string\"}}],\"inLanguage\":\"pt-BR\"},{\"@type\":\"Organization\",\"@id\":\"https:\/\/radiolifefm.com.br\/noticias\/#organization\",\"name\":\"R\u00e1dio Life FM\",\"alternateName\":\"Life FM\",\"url\":\"https:\/\/radiolifefm.com.br\/noticias\/\",\"logo\":{\"@type\":\"ImageObject\",\"inLanguage\":\"pt-BR\",\"@id\":\"https:\/\/radiolifefm.com.br\/noticias\/#\/schema\/logo\/image\/\",\"url\":\"https:\/\/static.radiolifefm.com.br\/noticias\/wp-content\/uploads\/2019\/10\/logo-lifefm.png\",\"contentUrl\":\"https:\/\/static.radiolifefm.com.br\/noticias\/wp-content\/uploads\/2019\/10\/logo-lifefm.png\",\"width\":196,\"height\":47,\"caption\":\"R\u00e1dio Life FM\"},\"image\":{\"@id\":\"https:\/\/radiolifefm.com.br\/noticias\/#\/schema\/logo\/image\/\"},\"sameAs\":[\"https:\/\/www.facebook.com\/radiolifefm\/\",\"https:\/\/www.instagram.com\/life1079fm\/\"]},{\"@type\":\"Person\",\"@id\":\"https:\/\/radiolifefm.com.br\/noticias\/#\/schema\/person\/6876e1240feffe6e1b63fd5cb85abf28\",\"name\":\"joaograndao\",\"image\":{\"@type\":\"ImageObject\",\"inLanguage\":\"pt-BR\",\"@id\":\"https:\/\/secure.gravatar.com\/avatar\/d5b1a3cf357ed9c50404e256a1294083aa8ab5d2a994001567302786016cb32c?s=96&d=mm&r=g\",\"url\":\"https:\/\/secure.gravatar.com\/avatar\/d5b1a3cf357ed9c50404e256a1294083aa8ab5d2a994001567302786016cb32c?s=96&d=mm&r=g\",\"contentUrl\":\"https:\/\/secure.gravatar.com\/avatar\/d5b1a3cf357ed9c50404e256a1294083aa8ab5d2a994001567302786016cb32c?s=96&d=mm&r=g\",\"caption\":\"joaograndao\"}}]}<\/script>\n<!-- \/ Yoast SEO plugin. -->","yoast_head_json":{"title":"Import\u00e2ncia do Agosto Dourado e do aleitamento materno no \u201cSa\u00fade \u00e9 o que Interessa\u201d - R\u00e1dio Life FM","robots":{"index":"index","follow":"follow","max-snippet":"max-snippet:-1","max-image-preview":"max-image-preview:large","max-video-preview":"max-video-preview:-1"},"canonical":"https:\/\/radiolifefm.com.br\/noticias\/importancia-do-agosto-dourado-e-do-aleitamento-materno-no-saude-e-o-que-interessa\/","og_locale":"pt_BR","og_type":"article","og_title":"Import\u00e2ncia do Agosto Dourado e do aleitamento materno no \u201cSa\u00fade \u00e9 o que Interessa\u201d - R\u00e1dio Life FM","og_description":"Em alus\u00e3o ao Dia Mundial do Aleitamento Materno, comemorado no dia 1\u00ba de agosto, a Life FM transmitiu mais uma edi\u00e7\u00e3o do podcast \u201cSa\u00fade \u00e9 o que Interessa\u201d na noite da \u00faltima quarta-feira (6). A data marca o in\u00edcio do Agosto Dourado, campanha dedicada \u00e0 conscientiza\u00e7\u00e3o sobre a import\u00e2ncia da amamenta\u00e7\u00e3o. Apresentado pelo Dr. Guilherme [&hellip;]","og_url":"https:\/\/radiolifefm.com.br\/noticias\/importancia-do-agosto-dourado-e-do-aleitamento-materno-no-saude-e-o-que-interessa\/","og_site_name":"R\u00e1dio Life FM","article_publisher":"https:\/\/www.facebook.com\/radiolifefm\/","article_published_time":"2025-08-08T19:22:38+00:00","article_modified_time":"2026-04-12T15:11:38+00:00","og_image":[{"width":1366,"height":768,"url":"https:\/\/radiolifefm.com.br\/noticias\/wp-content\/uploads\/2025\/08\/Capa-Site-20.jpg","type":"image\/jpeg"}],"author":"joaograndao","twitter_card":"summary_large_image","twitter_misc":{"Escrito por":"joaograndao","Est. tempo de leitura":"2 minutos"},"schema":{"@context":"https:\/\/schema.org","@graph":[{"@type":"Article","@id":"https:\/\/radiolifefm.com.br\/noticias\/importancia-do-agosto-dourado-e-do-aleitamento-materno-no-saude-e-o-que-interessa\/#article","isPartOf":{"@id":"https:\/\/radiolifefm.com.br\/noticias\/importancia-do-agosto-dourado-e-do-aleitamento-materno-no-saude-e-o-que-interessa\/"},"author":{"name":"joaograndao","@id":"https:\/\/radiolifefm.com.br\/noticias\/#\/schema\/person\/6876e1240feffe6e1b63fd5cb85abf28"},"headline":"Import\u00e2ncia do Agosto Dourado e do aleitamento materno no \u201cSa\u00fade \u00e9 o que Interessa\u201d","datePublished":"2025-08-08T19:22:38+00:00","dateModified":"2026-04-12T15:11:38+00:00","mainEntityOfPage":{"@id":"https:\/\/radiolifefm.com.br\/noticias\/importancia-do-agosto-dourado-e-do-aleitamento-materno-no-saude-e-o-que-interessa\/"},"wordCount":192,"publisher":{"@id":"https:\/\/radiolifefm.com.br\/noticias\/#organization"},"image":{"@id":"https:\/\/radiolifefm.com.br\/noticias\/importancia-do-agosto-dourado-e-do-aleitamento-materno-no-saude-e-o-que-interessa\/#primaryimage"},"thumbnailUrl":"https:\/\/radiolifefm.com.br\/noticias\/wp-content\/uploads\/2025\/08\/Capa-Site-20.jpg","articleSection":["Sa\u00fade \u00e9 o que interessa"],"inLanguage":"pt-BR"},{"@type":"WebPage","@id":"https:\/\/radiolifefm.com.br\/noticias\/importancia-do-agosto-dourado-e-do-aleitamento-materno-no-saude-e-o-que-interessa\/","url":"https:\/\/radiolifefm.com.br\/noticias\/importancia-do-agosto-dourado-e-do-aleitamento-materno-no-saude-e-o-que-interessa\/","name":"Import\u00e2ncia do Agosto Dourado e do aleitamento materno no \u201cSa\u00fade \u00e9 o que Interessa\u201d - R\u00e1dio Life FM","isPartOf":{"@id":"https:\/\/radiolifefm.com.br\/noticias\/#website"},"primaryImageOfPage":{"@id":"https:\/\/radiolifefm.com.br\/noticias\/importancia-do-agosto-dourado-e-do-aleitamento-materno-no-saude-e-o-que-interessa\/#primaryimage"},"image":{"@id":"https:\/\/radiolifefm.com.br\/noticias\/importancia-do-agosto-dourado-e-do-aleitamento-materno-no-saude-e-o-que-interessa\/#primaryimage"},"thumbnailUrl":"https:\/\/radiolifefm.com.br\/noticias\/wp-content\/uploads\/2025\/08\/Capa-Site-20.jpg","datePublished":"2025-08-08T19:22:38+00:00","dateModified":"2026-04-12T15:11:38+00:00","breadcrumb":{"@id":"https:\/\/radiolifefm.com.br\/noticias\/importancia-do-agosto-dourado-e-do-aleitamento-materno-no-saude-e-o-que-interessa\/#breadcrumb"},"inLanguage":"pt-BR","potentialAction":[{"@type":"ReadAction","target":["https:\/\/radiolifefm.com.br\/noticias\/importancia-do-agosto-dourado-e-do-aleitamento-materno-no-saude-e-o-que-interessa\/"]}]},{"@type":"ImageObject","inLanguage":"pt-BR","@id":"https:\/\/radiolifefm.com.br\/noticias\/importancia-do-agosto-dourado-e-do-aleitamento-materno-no-saude-e-o-que-interessa\/#primaryimage","url":"https:\/\/radiolifefm.com.br\/noticias\/wp-content\/uploads\/2025\/08\/Capa-Site-20.jpg","contentUrl":"https:\/\/radiolifefm.com.br\/noticias\/wp-content\/uploads\/2025\/08\/Capa-Site-20.jpg","width":1366,"height":768},{"@type":"BreadcrumbList","@id":"https:\/\/radiolifefm.com.br\/noticias\/importancia-do-agosto-dourado-e-do-aleitamento-materno-no-saude-e-o-que-interessa\/#breadcrumb","itemListElement":[{"@type":"ListItem","position":1,"name":"In\u00edcio","item":"https:\/\/radiolifefm.com.br\/noticias\/"},{"@type":"ListItem","position":2,"name":"Import\u00e2ncia do Agosto Dourado e do aleitamento materno no \u201cSa\u00fade \u00e9 o que Interessa\u201d"}]},{"@type":"WebSite","@id":"https:\/\/radiolifefm.com.br\/noticias\/#website","url":"https:\/\/radiolifefm.com.br\/noticias\/","name":"R\u00e1dio Life FM","description":"O Portal de Not\u00edcias de Adamantina","publisher":{"@id":"https:\/\/radiolifefm.com.br\/noticias\/#organization"},"alternateName":"Life FM","potentialAction":[{"@type":"SearchAction","target":{"@type":"EntryPoint","urlTemplate":"https:\/\/radiolifefm.com.br\/noticias\/?s={search_term_string}"},"query-input":{"@type":"PropertyValueSpecification","valueRequired":true,"valueName":"search_term_string"}}],"inLanguage":"pt-BR"},{"@type":"Organization","@id":"https:\/\/radiolifefm.com.br\/noticias\/#organization","name":"R\u00e1dio Life FM","alternateName":"Life FM","url":"https:\/\/radiolifefm.com.br\/noticias\/","logo":{"@type":"ImageObject","inLanguage":"pt-BR","@id":"https:\/\/radiolifefm.com.br\/noticias\/#\/schema\/logo\/image\/","url":"https:\/\/static.radiolifefm.com.br\/noticias\/wp-content\/uploads\/2019\/10\/logo-lifefm.png","contentUrl":"https:\/\/static.radiolifefm.com.br\/noticias\/wp-content\/uploads\/2019\/10\/logo-lifefm.png","width":196,"height":47,"caption":"R\u00e1dio Life FM"},"image":{"@id":"https:\/\/radiolifefm.com.br\/noticias\/#\/schema\/logo\/image\/"},"sameAs":["https:\/\/www.facebook.com\/radiolifefm\/","https:\/\/www.instagram.com\/life1079fm\/"]},{"@type":"Person","@id":"https:\/\/radiolifefm.com.br\/noticias\/#\/schema\/person\/6876e1240feffe6e1b63fd5cb85abf28","name":"joaograndao","image":{"@type":"ImageObject","inLanguage":"pt-BR","@id":"https:\/\/secure.gravatar.com\/avatar\/d5b1a3cf357ed9c50404e256a1294083aa8ab5d2a994001567302786016cb32c?s=96&d=mm&r=g","url":"https:\/\/secure.gravatar.com\/avatar\/d5b1a3cf357ed9c50404e256a1294083aa8ab5d2a994001567302786016cb32c?s=96&d=mm&r=g","contentUrl":"https:\/\/secure.gravatar.com\/avatar\/d5b1a3cf357ed9c50404e256a1294083aa8ab5d2a994001567302786016cb32c?s=96&d=mm&r=g","caption":"joaograndao"}}]}},"amp_enabled":true,"_links":{"self":[{"href":"https:\/\/radiolifefm.com.br\/noticias\/wp-json\/wp\/v2\/posts\/104002","targetHints":{"allow":["GET"]}}],"collection":[{"href":"https:\/\/radiolifefm.com.br\/noticias\/wp-json\/wp\/v2\/posts"}],"about":[{"href":"https:\/\/radiolifefm.com.br\/noticias\/wp-json\/wp\/v2\/types\/post"}],"author":[{"embeddable":true,"href":"https:\/\/radiolifefm.com.br\/noticias\/wp-json\/wp\/v2\/users\/8"}],"replies":[{"embeddable":true,"href":"https:\/\/radiolifefm.com.br\/noticias\/wp-json\/wp\/v2\/comments?post=104002"}],"version-history":[{"count":1,"href":"https:\/\/radiolifefm.com.br\/noticias\/wp-json\/wp\/v2\/posts\/104002\/revisions"}],"predecessor-version":[{"id":104009,"href":"https:\/\/radiolifefm.com.br\/noticias\/wp-json\/wp\/v2\/posts\/104002\/revisions\/104009"}],"wp:featuredmedia":[{"embeddable":true,"href":"https:\/\/radiolifefm.com.br\/noticias\/wp-json\/wp\/v2\/media\/104004"}],"wp:attachment":[{"href":"https:\/\/radiolifefm.com.br\/noticias\/wp-json\/wp\/v2\/media?parent=104002"}],"wp:term":[{"taxonomy":"category","embeddable":true,"href":"https:\/\/radiolifefm.com.br\/noticias\/wp-json\/wp\/v2\/categories?post=104002"},{"taxonomy":"post_tag","embeddable":true,"href":"https:\/\/radiolifefm.com.br\/noticias\/wp-json\/wp\/v2\/tags?post=104002"}],"curies":[{"name":"wp","href":"https:\/\/api.w.org\/{rel}","templated":true}]}}