{"id":103974,"date":"2025-08-08T08:19:53","date_gmt":"2025-08-08T11:19:53","guid":{"rendered":"https:\/\/radiolifefm.com.br\/noticias\/?p=103974"},"modified":"2026-04-16T15:42:17","modified_gmt":"2026-04-16T18:42:17","slug":"uma-janela-mais-ou-menos-e-ponto-quse-final","status":"publish","type":"post","link":"https:\/\/radiolifefm.com.br\/noticias\/uma-janela-mais-ou-menos-e-ponto-quse-final\/","title":{"rendered":"UMA \u201cJANELA\u201d MAIS OU MENOS E PONTO QUSE FINAL&#8230;"},"content":{"rendered":"<div id=\"fb-root\"><\/div>\n<p><em>\u00ad\u201cDescobri uma lei sublime, a lei da equival\u00eancia das janelas, e estabeleci que o modo de compensar uma janela fechada \u00e9 abrir outra, a fim de que a moral possa arejar continuamente a consci\u00eancia.\u201d (Mem\u00f3rias P\u00f3stumas de Br\u00e1s Cubas\/Assis , Machado)<\/em><\/p>\n<p><strong>By seb@r. <\/strong><\/p>\n<p>Faz uns dois anos ou mais que fizemos uma reforma quase que geral aqui em casa, pode-se dizer que ficou \u201cmeia boca\u201d no acabamento final por causa das lamban\u00e7as do pedreiro e sua turma de aloprados&#8230;<\/p>\n<p>Mesmo assim, de um jeito ou de outro, atendeu as necessidades daquele tempo em termos de estrutura mais pra menos do que pra mais, mesmo assim, sempre existe um \u201cpor que\u201d disto ou daquilo&#8230;<\/p>\n<p>Tamb\u00e9m, ficar repensando que a tal reforma poderia ter sido diferente nisto ou naquilo, mas, como sempre a conclus\u00e3o \u00e9 quase a mesma, ou seja, \u201cagora n\u00e3o adiante reclamar\u201d e vamos que vamos&#8230;<\/p>\n<p>Em outra oportunidade, pretendo voltar a escrever sobre esses meses de reforma aqui em casa, pois foram muitos desencontros que ocorreram nesta \u201creforma residencial\u201d&#8230;<\/p>\n<p>Mas, voltando ao tema deste texto, ou seja, \u201cUMA JANELA&#8230;\u201d, pode-se pensar aqui e ali que de um jeito ou de outro, o tal do \u201cdetalhe\u201d pode estar nos olhos de quem quer ver ou n\u00e3o, depende sempre de cada olhar sobre o outro lado&#8230;<\/p>\n<p>Mas, depois das tais reformas que foram executadas aqui em casa, ficamos com tr\u00eas salas com a seguinte proposta, SALA DE TV, SALA DE LEITURA e uma SALA DE ENTRADA DA CASA&#8230;<\/p>\n<p>Ocorre que neste espa\u00e7o reservado como SALA DE ENTRADA era em um outro tempo uma \u201ccozinha\u201d, al\u00e9m de uma janela que abria para um corredor, tamb\u00e9m, existia e ainda existe uma \u201cJANELA REDONDA\u201d pro lado da \u201c\u00c1rea externa da casa\u201d&#8230;<\/p>\n<p>Sendo assim, outro dia olhando aqui e ali, percebi este detalhe mais do que interessante que \u00e9 esta JANELA REDONDAD, n\u00e3o sei o que levou dos antigos donos a fazerem tal op\u00e7\u00e3o com este formato, por\u00e9m, posso registrar que de acordo com o meu \u201colhar\u201d at\u00e9 que ficou diferente tal proposta&#8230;<\/p>\n<p>Como escrevi acima, DETALHES S\u00c3O DETALHES e depende sempre de cada olhar para um desencontro al\u00e9m deste tempo do tempo, todavia, acredito que sempre se podem perceber outros detalhes aqui e ali&#8230;<\/p>\n<p>Por exemplo, olhando de dentro pra fora pela JANELA REDONDA \u00e0 vis\u00e3o \u00e9 uma e limitada pelo formato, de lado, pode ser outro olhar e assim por diante, isso sem dizer que o interessante \u00e9 ficar olhando \u201cde fora pra dentro\u201d e tudo pode ficar mais do que interessante&#8230;<\/p>\n<p>Existem muitas possiblidades para que este OLHAR para um simples JANELA possa fazer a diferen\u00e7a em meio aos ocasos de um talvez e ponto quase final, por\u00e9m, entendo que tudo pode se resumir no \u201cdetalhe\u201d em meio ao tudo que pode ser um nada ao mesmo tempo do tempo&#8230;<\/p>\n<p>Todavia, esta JANELA REDONDA ser\u00e1 trocada por outra mais de acordo com o visual desta SALA, por\u00e9m, resolvi deixar registrado aqui este \u201cdetalhe\u201d que vai se perder quando a mesma for retirada da parece e com certeza ter\u00e1 um fim nada interessante depois de anos e anos servindo o visual da casa&#8230;<\/p>\n<p>QUEM CONHECEU VAI SABER&#8230;<\/p>\n<p>e-mail: barbosa.sebar@gmail.com<\/p>\n<p>&nbsp;<\/p>\n<p>&nbsp;<\/p>\n<p>&nbsp;<\/p>\n<p>&nbsp;<\/p>\n<p>&nbsp;<\/p>\n","protected":false},"excerpt":{"rendered":"<p>\u00ad\u201cDescobri uma lei sublime, a lei da equival\u00eancia das janelas, e estabeleci que o modo de compensar uma janela fechada \u00e9 abrir outra, a fim de que a moral possa arejar continuamente a consci\u00eancia.\u201d (Mem\u00f3rias P\u00f3stumas de Br\u00e1s Cubas\/Assis , Machado) By seb@r. Faz uns dois anos ou mais que fizemos uma reforma quase que [&hellip;]<\/p>\n","protected":false},"author":13,"featured_media":51988,"comment_status":"closed","ping_status":"open","sticky":false,"template":"","format":"standard","meta":{"_acf_changed":false,"_exactmetrics_skip_tracking":false,"_exactmetrics_sitenote_active":false,"_exactmetrics_sitenote_note":"","_exactmetrics_sitenote_category":0,"footnotes":""},"categories":[59],"tags":[],"class_list":["post-103974","post","type-post","status-publish","format-standard","has-post-thumbnail","hentry","category-opiniao"],"acf":[],"yoast_head":"<!-- This site is optimized with the Yoast SEO plugin v27.2 - https:\/\/yoast.com\/product\/yoast-seo-wordpress\/ -->\n<title>UMA \u201cJANELA\u201d MAIS OU MENOS E PONTO QUSE FINAL... - R\u00e1dio Life FM<\/title>\n<meta name=\"robots\" content=\"index, follow, max-snippet:-1, max-image-preview:large, max-video-preview:-1\" \/>\n<link rel=\"canonical\" href=\"https:\/\/radiolifefm.com.br\/noticias\/uma-janela-mais-ou-menos-e-ponto-quse-final\/\" \/>\n<meta property=\"og:locale\" content=\"pt_BR\" \/>\n<meta property=\"og:type\" content=\"article\" \/>\n<meta property=\"og:title\" content=\"UMA \u201cJANELA\u201d MAIS OU MENOS E PONTO QUSE FINAL... - R\u00e1dio Life FM\" \/>\n<meta property=\"og:description\" content=\"\u00ad\u201cDescobri uma lei sublime, a lei da equival\u00eancia das janelas, e estabeleci que o modo de compensar uma janela fechada \u00e9 abrir outra, a fim de que a moral possa arejar continuamente a consci\u00eancia.\u201d (Mem\u00f3rias P\u00f3stumas de Br\u00e1s Cubas\/Assis , Machado) By seb@r. Faz uns dois anos ou mais que fizemos uma reforma quase que [&hellip;]\" \/>\n<meta property=\"og:url\" content=\"https:\/\/radiolifefm.com.br\/noticias\/uma-janela-mais-ou-menos-e-ponto-quse-final\/\" \/>\n<meta property=\"og:site_name\" content=\"R\u00e1dio Life FM\" \/>\n<meta property=\"article:publisher\" content=\"https:\/\/www.facebook.com\/radiolifefm\/\" \/>\n<meta property=\"article:published_time\" content=\"2025-08-08T11:19:53+00:00\" \/>\n<meta property=\"article:modified_time\" content=\"2026-04-16T18:42:17+00:00\" \/>\n<meta property=\"og:image\" content=\"https:\/\/radiolifefm.com.br\/noticias\/wp-content\/uploads\/2022\/04\/WhatsApp-Image-2022-04-10-at-18.43.02.jpeg\" \/>\n\t<meta property=\"og:image:width\" content=\"972\" \/>\n\t<meta property=\"og:image:height\" content=\"1296\" \/>\n\t<meta property=\"og:image:type\" content=\"image\/jpeg\" \/>\n<meta name=\"author\" content=\"ritanery\" \/>\n<meta name=\"twitter:card\" content=\"summary_large_image\" \/>\n<meta name=\"twitter:label1\" content=\"Escrito por\" \/>\n\t<meta name=\"twitter:data1\" content=\"ritanery\" \/>\n\t<meta name=\"twitter:label2\" content=\"Est. tempo de leitura\" \/>\n\t<meta name=\"twitter:data2\" content=\"4 minutos\" \/>\n<script type=\"application\/ld+json\" class=\"yoast-schema-graph\">{\"@context\":\"https:\/\/schema.org\",\"@graph\":[{\"@type\":\"Article\",\"@id\":\"https:\/\/radiolifefm.com.br\/noticias\/uma-janela-mais-ou-menos-e-ponto-quse-final\/#article\",\"isPartOf\":{\"@id\":\"https:\/\/radiolifefm.com.br\/noticias\/uma-janela-mais-ou-menos-e-ponto-quse-final\/\"},\"author\":{\"name\":\"ritanery\",\"@id\":\"https:\/\/radiolifefm.com.br\/noticias\/#\/schema\/person\/6339b9fac59d12b071dec680d7375d87\"},\"headline\":\"UMA \u201cJANELA\u201d MAIS OU MENOS E PONTO QUSE FINAL&#8230;\",\"datePublished\":\"2025-08-08T11:19:53+00:00\",\"dateModified\":\"2026-04-16T18:42:17+00:00\",\"mainEntityOfPage\":{\"@id\":\"https:\/\/radiolifefm.com.br\/noticias\/uma-janela-mais-ou-menos-e-ponto-quse-final\/\"},\"wordCount\":561,\"publisher\":{\"@id\":\"https:\/\/radiolifefm.com.br\/noticias\/#organization\"},\"image\":{\"@id\":\"https:\/\/radiolifefm.com.br\/noticias\/uma-janela-mais-ou-menos-e-ponto-quse-final\/#primaryimage\"},\"thumbnailUrl\":\"https:\/\/radiolifefm.com.br\/noticias\/wp-content\/uploads\/2022\/04\/WhatsApp-Image-2022-04-10-at-18.43.02.jpeg\",\"articleSection\":[\"Opini\u00e3o\"],\"inLanguage\":\"pt-BR\"},{\"@type\":\"WebPage\",\"@id\":\"https:\/\/radiolifefm.com.br\/noticias\/uma-janela-mais-ou-menos-e-ponto-quse-final\/\",\"url\":\"https:\/\/radiolifefm.com.br\/noticias\/uma-janela-mais-ou-menos-e-ponto-quse-final\/\",\"name\":\"UMA \u201cJANELA\u201d MAIS OU MENOS E PONTO QUSE FINAL... - R\u00e1dio Life FM\",\"isPartOf\":{\"@id\":\"https:\/\/radiolifefm.com.br\/noticias\/#website\"},\"primaryImageOfPage\":{\"@id\":\"https:\/\/radiolifefm.com.br\/noticias\/uma-janela-mais-ou-menos-e-ponto-quse-final\/#primaryimage\"},\"image\":{\"@id\":\"https:\/\/radiolifefm.com.br\/noticias\/uma-janela-mais-ou-menos-e-ponto-quse-final\/#primaryimage\"},\"thumbnailUrl\":\"https:\/\/radiolifefm.com.br\/noticias\/wp-content\/uploads\/2022\/04\/WhatsApp-Image-2022-04-10-at-18.43.02.jpeg\",\"datePublished\":\"2025-08-08T11:19:53+00:00\",\"dateModified\":\"2026-04-16T18:42:17+00:00\",\"breadcrumb\":{\"@id\":\"https:\/\/radiolifefm.com.br\/noticias\/uma-janela-mais-ou-menos-e-ponto-quse-final\/#breadcrumb\"},\"inLanguage\":\"pt-BR\",\"potentialAction\":[{\"@type\":\"ReadAction\",\"target\":[\"https:\/\/radiolifefm.com.br\/noticias\/uma-janela-mais-ou-menos-e-ponto-quse-final\/\"]}]},{\"@type\":\"ImageObject\",\"inLanguage\":\"pt-BR\",\"@id\":\"https:\/\/radiolifefm.com.br\/noticias\/uma-janela-mais-ou-menos-e-ponto-quse-final\/#primaryimage\",\"url\":\"https:\/\/radiolifefm.com.br\/noticias\/wp-content\/uploads\/2022\/04\/WhatsApp-Image-2022-04-10-at-18.43.02.jpeg\",\"contentUrl\":\"https:\/\/radiolifefm.com.br\/noticias\/wp-content\/uploads\/2022\/04\/WhatsApp-Image-2022-04-10-at-18.43.02.jpeg\",\"width\":972,\"height\":1296,\"caption\":\"S\u00e9rgio Barbosa\"},{\"@type\":\"BreadcrumbList\",\"@id\":\"https:\/\/radiolifefm.com.br\/noticias\/uma-janela-mais-ou-menos-e-ponto-quse-final\/#breadcrumb\",\"itemListElement\":[{\"@type\":\"ListItem\",\"position\":1,\"name\":\"In\u00edcio\",\"item\":\"https:\/\/radiolifefm.com.br\/noticias\/\"},{\"@type\":\"ListItem\",\"position\":2,\"name\":\"UMA \u201cJANELA\u201d MAIS OU MENOS E PONTO QUSE FINAL&#8230;\"}]},{\"@type\":\"WebSite\",\"@id\":\"https:\/\/radiolifefm.com.br\/noticias\/#website\",\"url\":\"https:\/\/radiolifefm.com.br\/noticias\/\",\"name\":\"R\u00e1dio Life FM\",\"description\":\"O Portal de Not\u00edcias de Adamantina\",\"publisher\":{\"@id\":\"https:\/\/radiolifefm.com.br\/noticias\/#organization\"},\"alternateName\":\"Life FM\",\"potentialAction\":[{\"@type\":\"SearchAction\",\"target\":{\"@type\":\"EntryPoint\",\"urlTemplate\":\"https:\/\/radiolifefm.com.br\/noticias\/?s={search_term_string}\"},\"query-input\":{\"@type\":\"PropertyValueSpecification\",\"valueRequired\":true,\"valueName\":\"search_term_string\"}}],\"inLanguage\":\"pt-BR\"},{\"@type\":\"Organization\",\"@id\":\"https:\/\/radiolifefm.com.br\/noticias\/#organization\",\"name\":\"R\u00e1dio Life FM\",\"alternateName\":\"Life FM\",\"url\":\"https:\/\/radiolifefm.com.br\/noticias\/\",\"logo\":{\"@type\":\"ImageObject\",\"inLanguage\":\"pt-BR\",\"@id\":\"https:\/\/radiolifefm.com.br\/noticias\/#\/schema\/logo\/image\/\",\"url\":\"https:\/\/static.radiolifefm.com.br\/noticias\/wp-content\/uploads\/2019\/10\/logo-lifefm.png\",\"contentUrl\":\"https:\/\/static.radiolifefm.com.br\/noticias\/wp-content\/uploads\/2019\/10\/logo-lifefm.png\",\"width\":196,\"height\":47,\"caption\":\"R\u00e1dio Life FM\"},\"image\":{\"@id\":\"https:\/\/radiolifefm.com.br\/noticias\/#\/schema\/logo\/image\/\"},\"sameAs\":[\"https:\/\/www.facebook.com\/radiolifefm\/\",\"https:\/\/www.instagram.com\/life1079fm\/\"]},{\"@type\":\"Person\",\"@id\":\"https:\/\/radiolifefm.com.br\/noticias\/#\/schema\/person\/6339b9fac59d12b071dec680d7375d87\",\"name\":\"ritanery\",\"image\":{\"@type\":\"ImageObject\",\"inLanguage\":\"pt-BR\",\"@id\":\"https:\/\/secure.gravatar.com\/avatar\/0e37bb19071f47c0b8a23f62a903df117c5a0e75f65a0c2901562f97cd41cf86?s=96&d=mm&r=g\",\"url\":\"https:\/\/secure.gravatar.com\/avatar\/0e37bb19071f47c0b8a23f62a903df117c5a0e75f65a0c2901562f97cd41cf86?s=96&d=mm&r=g\",\"contentUrl\":\"https:\/\/secure.gravatar.com\/avatar\/0e37bb19071f47c0b8a23f62a903df117c5a0e75f65a0c2901562f97cd41cf86?s=96&d=mm&r=g\",\"caption\":\"ritanery\"}}]}<\/script>\n<!-- \/ Yoast SEO plugin. -->","yoast_head_json":{"title":"UMA \u201cJANELA\u201d MAIS OU MENOS E PONTO QUSE FINAL... - R\u00e1dio Life FM","robots":{"index":"index","follow":"follow","max-snippet":"max-snippet:-1","max-image-preview":"max-image-preview:large","max-video-preview":"max-video-preview:-1"},"canonical":"https:\/\/radiolifefm.com.br\/noticias\/uma-janela-mais-ou-menos-e-ponto-quse-final\/","og_locale":"pt_BR","og_type":"article","og_title":"UMA \u201cJANELA\u201d MAIS OU MENOS E PONTO QUSE FINAL... - R\u00e1dio Life FM","og_description":"\u00ad\u201cDescobri uma lei sublime, a lei da equival\u00eancia das janelas, e estabeleci que o modo de compensar uma janela fechada \u00e9 abrir outra, a fim de que a moral possa arejar continuamente a consci\u00eancia.\u201d (Mem\u00f3rias P\u00f3stumas de Br\u00e1s Cubas\/Assis , Machado) By seb@r. Faz uns dois anos ou mais que fizemos uma reforma quase que [&hellip;]","og_url":"https:\/\/radiolifefm.com.br\/noticias\/uma-janela-mais-ou-menos-e-ponto-quse-final\/","og_site_name":"R\u00e1dio Life FM","article_publisher":"https:\/\/www.facebook.com\/radiolifefm\/","article_published_time":"2025-08-08T11:19:53+00:00","article_modified_time":"2026-04-16T18:42:17+00:00","og_image":[{"width":972,"height":1296,"url":"https:\/\/radiolifefm.com.br\/noticias\/wp-content\/uploads\/2022\/04\/WhatsApp-Image-2022-04-10-at-18.43.02.jpeg","type":"image\/jpeg"}],"author":"ritanery","twitter_card":"summary_large_image","twitter_misc":{"Escrito por":"ritanery","Est. tempo de leitura":"4 minutos"},"schema":{"@context":"https:\/\/schema.org","@graph":[{"@type":"Article","@id":"https:\/\/radiolifefm.com.br\/noticias\/uma-janela-mais-ou-menos-e-ponto-quse-final\/#article","isPartOf":{"@id":"https:\/\/radiolifefm.com.br\/noticias\/uma-janela-mais-ou-menos-e-ponto-quse-final\/"},"author":{"name":"ritanery","@id":"https:\/\/radiolifefm.com.br\/noticias\/#\/schema\/person\/6339b9fac59d12b071dec680d7375d87"},"headline":"UMA \u201cJANELA\u201d MAIS OU MENOS E PONTO QUSE FINAL&#8230;","datePublished":"2025-08-08T11:19:53+00:00","dateModified":"2026-04-16T18:42:17+00:00","mainEntityOfPage":{"@id":"https:\/\/radiolifefm.com.br\/noticias\/uma-janela-mais-ou-menos-e-ponto-quse-final\/"},"wordCount":561,"publisher":{"@id":"https:\/\/radiolifefm.com.br\/noticias\/#organization"},"image":{"@id":"https:\/\/radiolifefm.com.br\/noticias\/uma-janela-mais-ou-menos-e-ponto-quse-final\/#primaryimage"},"thumbnailUrl":"https:\/\/radiolifefm.com.br\/noticias\/wp-content\/uploads\/2022\/04\/WhatsApp-Image-2022-04-10-at-18.43.02.jpeg","articleSection":["Opini\u00e3o"],"inLanguage":"pt-BR"},{"@type":"WebPage","@id":"https:\/\/radiolifefm.com.br\/noticias\/uma-janela-mais-ou-menos-e-ponto-quse-final\/","url":"https:\/\/radiolifefm.com.br\/noticias\/uma-janela-mais-ou-menos-e-ponto-quse-final\/","name":"UMA \u201cJANELA\u201d MAIS OU MENOS E PONTO QUSE FINAL... - R\u00e1dio Life FM","isPartOf":{"@id":"https:\/\/radiolifefm.com.br\/noticias\/#website"},"primaryImageOfPage":{"@id":"https:\/\/radiolifefm.com.br\/noticias\/uma-janela-mais-ou-menos-e-ponto-quse-final\/#primaryimage"},"image":{"@id":"https:\/\/radiolifefm.com.br\/noticias\/uma-janela-mais-ou-menos-e-ponto-quse-final\/#primaryimage"},"thumbnailUrl":"https:\/\/radiolifefm.com.br\/noticias\/wp-content\/uploads\/2022\/04\/WhatsApp-Image-2022-04-10-at-18.43.02.jpeg","datePublished":"2025-08-08T11:19:53+00:00","dateModified":"2026-04-16T18:42:17+00:00","breadcrumb":{"@id":"https:\/\/radiolifefm.com.br\/noticias\/uma-janela-mais-ou-menos-e-ponto-quse-final\/#breadcrumb"},"inLanguage":"pt-BR","potentialAction":[{"@type":"ReadAction","target":["https:\/\/radiolifefm.com.br\/noticias\/uma-janela-mais-ou-menos-e-ponto-quse-final\/"]}]},{"@type":"ImageObject","inLanguage":"pt-BR","@id":"https:\/\/radiolifefm.com.br\/noticias\/uma-janela-mais-ou-menos-e-ponto-quse-final\/#primaryimage","url":"https:\/\/radiolifefm.com.br\/noticias\/wp-content\/uploads\/2022\/04\/WhatsApp-Image-2022-04-10-at-18.43.02.jpeg","contentUrl":"https:\/\/radiolifefm.com.br\/noticias\/wp-content\/uploads\/2022\/04\/WhatsApp-Image-2022-04-10-at-18.43.02.jpeg","width":972,"height":1296,"caption":"S\u00e9rgio Barbosa"},{"@type":"BreadcrumbList","@id":"https:\/\/radiolifefm.com.br\/noticias\/uma-janela-mais-ou-menos-e-ponto-quse-final\/#breadcrumb","itemListElement":[{"@type":"ListItem","position":1,"name":"In\u00edcio","item":"https:\/\/radiolifefm.com.br\/noticias\/"},{"@type":"ListItem","position":2,"name":"UMA \u201cJANELA\u201d MAIS OU MENOS E PONTO QUSE FINAL&#8230;"}]},{"@type":"WebSite","@id":"https:\/\/radiolifefm.com.br\/noticias\/#website","url":"https:\/\/radiolifefm.com.br\/noticias\/","name":"R\u00e1dio Life FM","description":"O Portal de Not\u00edcias de Adamantina","publisher":{"@id":"https:\/\/radiolifefm.com.br\/noticias\/#organization"},"alternateName":"Life FM","potentialAction":[{"@type":"SearchAction","target":{"@type":"EntryPoint","urlTemplate":"https:\/\/radiolifefm.com.br\/noticias\/?s={search_term_string}"},"query-input":{"@type":"PropertyValueSpecification","valueRequired":true,"valueName":"search_term_string"}}],"inLanguage":"pt-BR"},{"@type":"Organization","@id":"https:\/\/radiolifefm.com.br\/noticias\/#organization","name":"R\u00e1dio Life FM","alternateName":"Life FM","url":"https:\/\/radiolifefm.com.br\/noticias\/","logo":{"@type":"ImageObject","inLanguage":"pt-BR","@id":"https:\/\/radiolifefm.com.br\/noticias\/#\/schema\/logo\/image\/","url":"https:\/\/static.radiolifefm.com.br\/noticias\/wp-content\/uploads\/2019\/10\/logo-lifefm.png","contentUrl":"https:\/\/static.radiolifefm.com.br\/noticias\/wp-content\/uploads\/2019\/10\/logo-lifefm.png","width":196,"height":47,"caption":"R\u00e1dio Life FM"},"image":{"@id":"https:\/\/radiolifefm.com.br\/noticias\/#\/schema\/logo\/image\/"},"sameAs":["https:\/\/www.facebook.com\/radiolifefm\/","https:\/\/www.instagram.com\/life1079fm\/"]},{"@type":"Person","@id":"https:\/\/radiolifefm.com.br\/noticias\/#\/schema\/person\/6339b9fac59d12b071dec680d7375d87","name":"ritanery","image":{"@type":"ImageObject","inLanguage":"pt-BR","@id":"https:\/\/secure.gravatar.com\/avatar\/0e37bb19071f47c0b8a23f62a903df117c5a0e75f65a0c2901562f97cd41cf86?s=96&d=mm&r=g","url":"https:\/\/secure.gravatar.com\/avatar\/0e37bb19071f47c0b8a23f62a903df117c5a0e75f65a0c2901562f97cd41cf86?s=96&d=mm&r=g","contentUrl":"https:\/\/secure.gravatar.com\/avatar\/0e37bb19071f47c0b8a23f62a903df117c5a0e75f65a0c2901562f97cd41cf86?s=96&d=mm&r=g","caption":"ritanery"}}]}},"amp_enabled":true,"_links":{"self":[{"href":"https:\/\/radiolifefm.com.br\/noticias\/wp-json\/wp\/v2\/posts\/103974","targetHints":{"allow":["GET"]}}],"collection":[{"href":"https:\/\/radiolifefm.com.br\/noticias\/wp-json\/wp\/v2\/posts"}],"about":[{"href":"https:\/\/radiolifefm.com.br\/noticias\/wp-json\/wp\/v2\/types\/post"}],"author":[{"embeddable":true,"href":"https:\/\/radiolifefm.com.br\/noticias\/wp-json\/wp\/v2\/users\/13"}],"replies":[{"embeddable":true,"href":"https:\/\/radiolifefm.com.br\/noticias\/wp-json\/wp\/v2\/comments?post=103974"}],"version-history":[{"count":2,"href":"https:\/\/radiolifefm.com.br\/noticias\/wp-json\/wp\/v2\/posts\/103974\/revisions"}],"predecessor-version":[{"id":103976,"href":"https:\/\/radiolifefm.com.br\/noticias\/wp-json\/wp\/v2\/posts\/103974\/revisions\/103976"}],"wp:featuredmedia":[{"embeddable":true,"href":"https:\/\/radiolifefm.com.br\/noticias\/wp-json\/wp\/v2\/media\/51988"}],"wp:attachment":[{"href":"https:\/\/radiolifefm.com.br\/noticias\/wp-json\/wp\/v2\/media?parent=103974"}],"wp:term":[{"taxonomy":"category","embeddable":true,"href":"https:\/\/radiolifefm.com.br\/noticias\/wp-json\/wp\/v2\/categories?post=103974"},{"taxonomy":"post_tag","embeddable":true,"href":"https:\/\/radiolifefm.com.br\/noticias\/wp-json\/wp\/v2\/tags?post=103974"}],"curies":[{"name":"wp","href":"https:\/\/api.w.org\/{rel}","templated":true}]}}