{"id":103938,"date":"2025-08-06T11:29:07","date_gmt":"2025-08-06T14:29:07","guid":{"rendered":"https:\/\/radiolifefm.com.br\/noticias\/?p=103938"},"modified":"2026-04-05T10:39:55","modified_gmt":"2026-04-05T13:39:55","slug":"bons-e-velhos-tempos-do-almanaque-2","status":"publish","type":"post","link":"https:\/\/radiolifefm.com.br\/noticias\/bons-e-velhos-tempos-do-almanaque-2\/","title":{"rendered":"BONS E VELHOS TEMPOS DO \u201cALMANAQUE\u201d&#8230;"},"content":{"rendered":"<div id=\"fb-root\"><\/div>\n<p><em>\u201cDo \u00e1rabe almanakh : Tem v\u00e1rias hip\u00f3teses para sua origem. A mais s\u00f3bria diz que vem de al-manaj, o c\u00edrculo dos meses: manaj parece ser a arabiza\u00e7\u00e3o do voc\u00e1bulo latino manacus, que designava o c\u00edrculo do rel\u00f3gio solar que marca a sucess\u00e3o dos meses. Combina com a finalidade primordial dos almanaques, que sempre foi a de publicar o calend\u00e1rio com as esta\u00e7\u00f5es, a luna\u00e7\u00e3o, os eclipses etc. Outra hip\u00f3tese, muito mais imaginativa, tamb\u00e9m passa pelos \u00e1rabes: o voc\u00e1bulo viria de al-manah: lugar onde se p\u00e1ra numa viagem, local onde o camelo descansa, referindo-se \u00e0s 12 paradas que a Terra faria no seu trajeto ao redor do Sol, nas casas do zod\u00edaco, e lembrando, ao mesmo tempo, o local onde os condutores de caravanas estacionavam para descansar e trocar entre si not\u00edcias, hist\u00f3rias curiosas e fatos pitorescos, bem ao modo dos almanaques modernos.\u201d (Origem da palavra almanaque in DICION\u00c1RIO ETIMOL\u00d3GICO) <\/em><\/p>\n<p><strong>S\u00e9rgio Barbosa (*) <\/strong><\/p>\n<p>\u201cQuando eu era crian\u00e7a pequena\u201d em OURINHOS, lembro que existiam algumas publica\u00e7\u00f5es mais do que interessantes naquele tempo do tempo, entre as quais, o famoso ALAMANAQUE denominado com o nome de \u201cBIOT\u00d4NICO FONTOURA\u201d&#8230;<\/p>\n<p>At\u00e9 onde estou recordando aqui, esta publica\u00e7\u00e3o era famosa e muito utilizada pelos sitiantes e curiosos em geral por causa das indica\u00e7\u00f5es e orienta\u00e7\u00f5es relacionadas com os per\u00edodos do plantio e da colheita desta ou daquela planta\u00e7\u00e3o&#8230;<\/p>\n<p>Bem como, era uma refer\u00eancia para outras \u00e1reas e apresentava muitas op\u00e7\u00f5es de \u201centretenimento\u201d para os leitores e leitoras de todas as idades e atividades, tamb\u00e9m, um dos pontos de distribui\u00e7\u00e3o \u201cgratuita\u201d eram as Farm\u00e1cias da cidade, neste caso, como o meu pai, BASTI\u00c3O BARBOSA tinha conta mensal na FARM\u00c1CIA CENTRAL, este era o nosso local para pegar os muitos \u201cALMANAQUES\u201d&#8230;<\/p>\n<p>N\u00e3o me lembro por quantos anos isso ocorreu naquela \u00e9poca, entretanto, s\u00e3o recorda\u00e7\u00f5es mais do que presente quando voc\u00ea encontra uma publica\u00e7\u00e3o com as mesmas caracter\u00edsticas editoriais, ou seja, o \u201cALAMANQUE DO FAZENDEIRO\u201d, Ano I, No. 1, 1.998, ainda, com a seguinte frase impressa na capa: \u201c\u00c9 tudo que voc\u00ea precisa levar para o campo.\u201d&#8230;<\/p>\n<p>No tempo do outro ALMANAQUE, aquele patrocinado pelo BIT\u00d4NICO FONTOURA, tamb\u00e9m, que ficou conhecido e respeitado com a seguinte frase \u201cTOMA BIT\u00d4NICO FONTOURA\u201d, portanto, tratava-se de um \u201csanto rem\u00e9dio\u201d para a sa\u00fade das crian\u00e7as, jovens e adultos&#8230;<\/p>\n<p>Sem falar que foi mais ou menos por meio desta publica\u00e7\u00e3o que aquele personagem, o \u201cJECA TATU\u201d ficou mais do que conhecido em todos os cantos da cidade e na \u00e1rea rural, possibilitando que o mesmo se tornasse um \u00edcone da literatura brasileira&#8230;<\/p>\n<p>A publica\u00e7\u00e3o trazia muitas informa\u00e7\u00f5es sobre os per\u00edodos para esta ou aquela planta\u00e7\u00e3o, bem como, orienta\u00e7\u00f5es sobre \u201cdoen\u00e7as e males\u201d diversos, \u201cpiadas e Curiosidades\u201de as famosas \u201cadivinha\u00e7\u00f5es\u201d que provocavam muitas curiosidades para todas as idades&#8230;<\/p>\n<p>Este outro ALMANAQUE, do \u201cFazendeiro\u201d, at\u00e9 onde se pode perceber, apresenta as mesmas caracter\u00edsticas editoriais do antigo, por\u00e9m, mais atualizado por causa da edi\u00e7\u00e3o no final da d\u00e9cada de 90&#8230;<\/p>\n<p>Mas, tudo era muito interessante, principalmente para a \u201ccrian\u00e7ada\u201d que sabia ler e pensar sobre alguma coisa que tinha a ver com o cen\u00e1rio daquele tempo, ainda, era quase obrigat\u00f3rio conhecer o tal ALMANAQUE&#8230;<\/p>\n<p>Infelizmente, tais ALMAQUES n\u00e3o existem mais, afinal de contas, hoje existe o ALMAQUE \u201cGOOGLE\u201d que se coloca acima de tudo e de todos em todas as \u00e1reas do conhecimento, pelo menos em \u201cterras brasilis\u201d&#8230;<\/p>\n<p>S\u00e3o recorda\u00e7\u00f5es de um outro tempo que n\u00e3o existe mais, por\u00e9m, ficaram nas lembran\u00e7as de crian\u00e7a que sempre existe dentro de cada pessoa, por\u00e9m, cada qual deve saber como trazer essas recorda\u00e7\u00f5es do passado para o presente&#8230;<\/p>\n<p>QUEM VIVEU VAI SABER&#8230;<\/p>\n<p>______________________________<\/p>\n<p>(*) jornalista diplomado.<\/p>\n<p>e-mail: barbosa.sebar@gmail.com<\/p>\n<p>&nbsp;<\/p>\n<p>&nbsp;<\/p>\n","protected":false},"excerpt":{"rendered":"<p>\u201cDo \u00e1rabe almanakh : Tem v\u00e1rias hip\u00f3teses para sua origem. A mais s\u00f3bria diz que vem de al-manaj, o c\u00edrculo dos meses: manaj parece ser a arabiza\u00e7\u00e3o do voc\u00e1bulo latino manacus, que designava o c\u00edrculo do rel\u00f3gio solar que marca a sucess\u00e3o dos meses. Combina com a finalidade primordial dos almanaques, que sempre foi a [&hellip;]<\/p>\n","protected":false},"author":13,"featured_media":51988,"comment_status":"closed","ping_status":"open","sticky":false,"template":"","format":"standard","meta":{"_acf_changed":false,"_exactmetrics_skip_tracking":false,"_exactmetrics_sitenote_active":false,"_exactmetrics_sitenote_note":"","_exactmetrics_sitenote_category":0,"footnotes":""},"categories":[59],"tags":[],"class_list":["post-103938","post","type-post","status-publish","format-standard","has-post-thumbnail","hentry","category-opiniao"],"acf":[],"yoast_head":"<!-- This site is optimized with the Yoast SEO plugin v27.2 - https:\/\/yoast.com\/product\/yoast-seo-wordpress\/ -->\n<title>BONS E VELHOS TEMPOS DO \u201cALMANAQUE\u201d... - R\u00e1dio Life FM<\/title>\n<meta name=\"robots\" content=\"index, follow, max-snippet:-1, max-image-preview:large, max-video-preview:-1\" \/>\n<link rel=\"canonical\" href=\"https:\/\/radiolifefm.com.br\/noticias\/bons-e-velhos-tempos-do-almanaque-2\/\" \/>\n<meta property=\"og:locale\" content=\"pt_BR\" \/>\n<meta property=\"og:type\" content=\"article\" \/>\n<meta property=\"og:title\" content=\"BONS E VELHOS TEMPOS DO \u201cALMANAQUE\u201d... - R\u00e1dio Life FM\" \/>\n<meta property=\"og:description\" content=\"\u201cDo \u00e1rabe almanakh : Tem v\u00e1rias hip\u00f3teses para sua origem. A mais s\u00f3bria diz que vem de al-manaj, o c\u00edrculo dos meses: manaj parece ser a arabiza\u00e7\u00e3o do voc\u00e1bulo latino manacus, que designava o c\u00edrculo do rel\u00f3gio solar que marca a sucess\u00e3o dos meses. Combina com a finalidade primordial dos almanaques, que sempre foi a [&hellip;]\" \/>\n<meta property=\"og:url\" content=\"https:\/\/radiolifefm.com.br\/noticias\/bons-e-velhos-tempos-do-almanaque-2\/\" \/>\n<meta property=\"og:site_name\" content=\"R\u00e1dio Life FM\" \/>\n<meta property=\"article:publisher\" content=\"https:\/\/www.facebook.com\/radiolifefm\/\" \/>\n<meta property=\"article:published_time\" content=\"2025-08-06T14:29:07+00:00\" \/>\n<meta property=\"article:modified_time\" content=\"2026-04-05T13:39:55+00:00\" \/>\n<meta property=\"og:image\" content=\"https:\/\/radiolifefm.com.br\/noticias\/wp-content\/uploads\/2022\/04\/WhatsApp-Image-2022-04-10-at-18.43.02.jpeg\" \/>\n\t<meta property=\"og:image:width\" content=\"972\" \/>\n\t<meta property=\"og:image:height\" content=\"1296\" \/>\n\t<meta property=\"og:image:type\" content=\"image\/jpeg\" \/>\n<meta name=\"author\" content=\"ritanery\" \/>\n<meta name=\"twitter:card\" content=\"summary_large_image\" \/>\n<meta name=\"twitter:label1\" content=\"Escrito por\" \/>\n\t<meta name=\"twitter:data1\" content=\"ritanery\" \/>\n\t<meta name=\"twitter:label2\" content=\"Est. tempo de leitura\" \/>\n\t<meta name=\"twitter:data2\" content=\"4 minutos\" \/>\n<script type=\"application\/ld+json\" class=\"yoast-schema-graph\">{\"@context\":\"https:\/\/schema.org\",\"@graph\":[{\"@type\":\"Article\",\"@id\":\"https:\/\/radiolifefm.com.br\/noticias\/bons-e-velhos-tempos-do-almanaque-2\/#article\",\"isPartOf\":{\"@id\":\"https:\/\/radiolifefm.com.br\/noticias\/bons-e-velhos-tempos-do-almanaque-2\/\"},\"author\":{\"name\":\"ritanery\",\"@id\":\"https:\/\/radiolifefm.com.br\/noticias\/#\/schema\/person\/6339b9fac59d12b071dec680d7375d87\"},\"headline\":\"BONS E VELHOS TEMPOS DO \u201cALMANAQUE\u201d&#8230;\",\"datePublished\":\"2025-08-06T14:29:07+00:00\",\"dateModified\":\"2026-04-05T13:39:55+00:00\",\"mainEntityOfPage\":{\"@id\":\"https:\/\/radiolifefm.com.br\/noticias\/bons-e-velhos-tempos-do-almanaque-2\/\"},\"wordCount\":673,\"publisher\":{\"@id\":\"https:\/\/radiolifefm.com.br\/noticias\/#organization\"},\"image\":{\"@id\":\"https:\/\/radiolifefm.com.br\/noticias\/bons-e-velhos-tempos-do-almanaque-2\/#primaryimage\"},\"thumbnailUrl\":\"https:\/\/radiolifefm.com.br\/noticias\/wp-content\/uploads\/2022\/04\/WhatsApp-Image-2022-04-10-at-18.43.02.jpeg\",\"articleSection\":[\"Opini\u00e3o\"],\"inLanguage\":\"pt-BR\"},{\"@type\":\"WebPage\",\"@id\":\"https:\/\/radiolifefm.com.br\/noticias\/bons-e-velhos-tempos-do-almanaque-2\/\",\"url\":\"https:\/\/radiolifefm.com.br\/noticias\/bons-e-velhos-tempos-do-almanaque-2\/\",\"name\":\"BONS E VELHOS TEMPOS DO \u201cALMANAQUE\u201d... - R\u00e1dio Life FM\",\"isPartOf\":{\"@id\":\"https:\/\/radiolifefm.com.br\/noticias\/#website\"},\"primaryImageOfPage\":{\"@id\":\"https:\/\/radiolifefm.com.br\/noticias\/bons-e-velhos-tempos-do-almanaque-2\/#primaryimage\"},\"image\":{\"@id\":\"https:\/\/radiolifefm.com.br\/noticias\/bons-e-velhos-tempos-do-almanaque-2\/#primaryimage\"},\"thumbnailUrl\":\"https:\/\/radiolifefm.com.br\/noticias\/wp-content\/uploads\/2022\/04\/WhatsApp-Image-2022-04-10-at-18.43.02.jpeg\",\"datePublished\":\"2025-08-06T14:29:07+00:00\",\"dateModified\":\"2026-04-05T13:39:55+00:00\",\"breadcrumb\":{\"@id\":\"https:\/\/radiolifefm.com.br\/noticias\/bons-e-velhos-tempos-do-almanaque-2\/#breadcrumb\"},\"inLanguage\":\"pt-BR\",\"potentialAction\":[{\"@type\":\"ReadAction\",\"target\":[\"https:\/\/radiolifefm.com.br\/noticias\/bons-e-velhos-tempos-do-almanaque-2\/\"]}]},{\"@type\":\"ImageObject\",\"inLanguage\":\"pt-BR\",\"@id\":\"https:\/\/radiolifefm.com.br\/noticias\/bons-e-velhos-tempos-do-almanaque-2\/#primaryimage\",\"url\":\"https:\/\/radiolifefm.com.br\/noticias\/wp-content\/uploads\/2022\/04\/WhatsApp-Image-2022-04-10-at-18.43.02.jpeg\",\"contentUrl\":\"https:\/\/radiolifefm.com.br\/noticias\/wp-content\/uploads\/2022\/04\/WhatsApp-Image-2022-04-10-at-18.43.02.jpeg\",\"width\":972,\"height\":1296,\"caption\":\"S\u00e9rgio Barbosa\"},{\"@type\":\"BreadcrumbList\",\"@id\":\"https:\/\/radiolifefm.com.br\/noticias\/bons-e-velhos-tempos-do-almanaque-2\/#breadcrumb\",\"itemListElement\":[{\"@type\":\"ListItem\",\"position\":1,\"name\":\"In\u00edcio\",\"item\":\"https:\/\/radiolifefm.com.br\/noticias\/\"},{\"@type\":\"ListItem\",\"position\":2,\"name\":\"BONS E VELHOS TEMPOS DO \u201cALMANAQUE\u201d&#8230;\"}]},{\"@type\":\"WebSite\",\"@id\":\"https:\/\/radiolifefm.com.br\/noticias\/#website\",\"url\":\"https:\/\/radiolifefm.com.br\/noticias\/\",\"name\":\"R\u00e1dio Life FM\",\"description\":\"O Portal de Not\u00edcias de Adamantina\",\"publisher\":{\"@id\":\"https:\/\/radiolifefm.com.br\/noticias\/#organization\"},\"alternateName\":\"Life FM\",\"potentialAction\":[{\"@type\":\"SearchAction\",\"target\":{\"@type\":\"EntryPoint\",\"urlTemplate\":\"https:\/\/radiolifefm.com.br\/noticias\/?s={search_term_string}\"},\"query-input\":{\"@type\":\"PropertyValueSpecification\",\"valueRequired\":true,\"valueName\":\"search_term_string\"}}],\"inLanguage\":\"pt-BR\"},{\"@type\":\"Organization\",\"@id\":\"https:\/\/radiolifefm.com.br\/noticias\/#organization\",\"name\":\"R\u00e1dio Life FM\",\"alternateName\":\"Life FM\",\"url\":\"https:\/\/radiolifefm.com.br\/noticias\/\",\"logo\":{\"@type\":\"ImageObject\",\"inLanguage\":\"pt-BR\",\"@id\":\"https:\/\/radiolifefm.com.br\/noticias\/#\/schema\/logo\/image\/\",\"url\":\"https:\/\/static.radiolifefm.com.br\/noticias\/wp-content\/uploads\/2019\/10\/logo-lifefm.png\",\"contentUrl\":\"https:\/\/static.radiolifefm.com.br\/noticias\/wp-content\/uploads\/2019\/10\/logo-lifefm.png\",\"width\":196,\"height\":47,\"caption\":\"R\u00e1dio Life FM\"},\"image\":{\"@id\":\"https:\/\/radiolifefm.com.br\/noticias\/#\/schema\/logo\/image\/\"},\"sameAs\":[\"https:\/\/www.facebook.com\/radiolifefm\/\",\"https:\/\/www.instagram.com\/life1079fm\/\"]},{\"@type\":\"Person\",\"@id\":\"https:\/\/radiolifefm.com.br\/noticias\/#\/schema\/person\/6339b9fac59d12b071dec680d7375d87\",\"name\":\"ritanery\",\"image\":{\"@type\":\"ImageObject\",\"inLanguage\":\"pt-BR\",\"@id\":\"https:\/\/secure.gravatar.com\/avatar\/0e37bb19071f47c0b8a23f62a903df117c5a0e75f65a0c2901562f97cd41cf86?s=96&d=mm&r=g\",\"url\":\"https:\/\/secure.gravatar.com\/avatar\/0e37bb19071f47c0b8a23f62a903df117c5a0e75f65a0c2901562f97cd41cf86?s=96&d=mm&r=g\",\"contentUrl\":\"https:\/\/secure.gravatar.com\/avatar\/0e37bb19071f47c0b8a23f62a903df117c5a0e75f65a0c2901562f97cd41cf86?s=96&d=mm&r=g\",\"caption\":\"ritanery\"}}]}<\/script>\n<!-- \/ Yoast SEO plugin. -->","yoast_head_json":{"title":"BONS E VELHOS TEMPOS DO \u201cALMANAQUE\u201d... - R\u00e1dio Life FM","robots":{"index":"index","follow":"follow","max-snippet":"max-snippet:-1","max-image-preview":"max-image-preview:large","max-video-preview":"max-video-preview:-1"},"canonical":"https:\/\/radiolifefm.com.br\/noticias\/bons-e-velhos-tempos-do-almanaque-2\/","og_locale":"pt_BR","og_type":"article","og_title":"BONS E VELHOS TEMPOS DO \u201cALMANAQUE\u201d... - R\u00e1dio Life FM","og_description":"\u201cDo \u00e1rabe almanakh : Tem v\u00e1rias hip\u00f3teses para sua origem. A mais s\u00f3bria diz que vem de al-manaj, o c\u00edrculo dos meses: manaj parece ser a arabiza\u00e7\u00e3o do voc\u00e1bulo latino manacus, que designava o c\u00edrculo do rel\u00f3gio solar que marca a sucess\u00e3o dos meses. Combina com a finalidade primordial dos almanaques, que sempre foi a [&hellip;]","og_url":"https:\/\/radiolifefm.com.br\/noticias\/bons-e-velhos-tempos-do-almanaque-2\/","og_site_name":"R\u00e1dio Life FM","article_publisher":"https:\/\/www.facebook.com\/radiolifefm\/","article_published_time":"2025-08-06T14:29:07+00:00","article_modified_time":"2026-04-05T13:39:55+00:00","og_image":[{"width":972,"height":1296,"url":"https:\/\/radiolifefm.com.br\/noticias\/wp-content\/uploads\/2022\/04\/WhatsApp-Image-2022-04-10-at-18.43.02.jpeg","type":"image\/jpeg"}],"author":"ritanery","twitter_card":"summary_large_image","twitter_misc":{"Escrito por":"ritanery","Est. tempo de leitura":"4 minutos"},"schema":{"@context":"https:\/\/schema.org","@graph":[{"@type":"Article","@id":"https:\/\/radiolifefm.com.br\/noticias\/bons-e-velhos-tempos-do-almanaque-2\/#article","isPartOf":{"@id":"https:\/\/radiolifefm.com.br\/noticias\/bons-e-velhos-tempos-do-almanaque-2\/"},"author":{"name":"ritanery","@id":"https:\/\/radiolifefm.com.br\/noticias\/#\/schema\/person\/6339b9fac59d12b071dec680d7375d87"},"headline":"BONS E VELHOS TEMPOS DO \u201cALMANAQUE\u201d&#8230;","datePublished":"2025-08-06T14:29:07+00:00","dateModified":"2026-04-05T13:39:55+00:00","mainEntityOfPage":{"@id":"https:\/\/radiolifefm.com.br\/noticias\/bons-e-velhos-tempos-do-almanaque-2\/"},"wordCount":673,"publisher":{"@id":"https:\/\/radiolifefm.com.br\/noticias\/#organization"},"image":{"@id":"https:\/\/radiolifefm.com.br\/noticias\/bons-e-velhos-tempos-do-almanaque-2\/#primaryimage"},"thumbnailUrl":"https:\/\/radiolifefm.com.br\/noticias\/wp-content\/uploads\/2022\/04\/WhatsApp-Image-2022-04-10-at-18.43.02.jpeg","articleSection":["Opini\u00e3o"],"inLanguage":"pt-BR"},{"@type":"WebPage","@id":"https:\/\/radiolifefm.com.br\/noticias\/bons-e-velhos-tempos-do-almanaque-2\/","url":"https:\/\/radiolifefm.com.br\/noticias\/bons-e-velhos-tempos-do-almanaque-2\/","name":"BONS E VELHOS TEMPOS DO \u201cALMANAQUE\u201d... - R\u00e1dio Life FM","isPartOf":{"@id":"https:\/\/radiolifefm.com.br\/noticias\/#website"},"primaryImageOfPage":{"@id":"https:\/\/radiolifefm.com.br\/noticias\/bons-e-velhos-tempos-do-almanaque-2\/#primaryimage"},"image":{"@id":"https:\/\/radiolifefm.com.br\/noticias\/bons-e-velhos-tempos-do-almanaque-2\/#primaryimage"},"thumbnailUrl":"https:\/\/radiolifefm.com.br\/noticias\/wp-content\/uploads\/2022\/04\/WhatsApp-Image-2022-04-10-at-18.43.02.jpeg","datePublished":"2025-08-06T14:29:07+00:00","dateModified":"2026-04-05T13:39:55+00:00","breadcrumb":{"@id":"https:\/\/radiolifefm.com.br\/noticias\/bons-e-velhos-tempos-do-almanaque-2\/#breadcrumb"},"inLanguage":"pt-BR","potentialAction":[{"@type":"ReadAction","target":["https:\/\/radiolifefm.com.br\/noticias\/bons-e-velhos-tempos-do-almanaque-2\/"]}]},{"@type":"ImageObject","inLanguage":"pt-BR","@id":"https:\/\/radiolifefm.com.br\/noticias\/bons-e-velhos-tempos-do-almanaque-2\/#primaryimage","url":"https:\/\/radiolifefm.com.br\/noticias\/wp-content\/uploads\/2022\/04\/WhatsApp-Image-2022-04-10-at-18.43.02.jpeg","contentUrl":"https:\/\/radiolifefm.com.br\/noticias\/wp-content\/uploads\/2022\/04\/WhatsApp-Image-2022-04-10-at-18.43.02.jpeg","width":972,"height":1296,"caption":"S\u00e9rgio Barbosa"},{"@type":"BreadcrumbList","@id":"https:\/\/radiolifefm.com.br\/noticias\/bons-e-velhos-tempos-do-almanaque-2\/#breadcrumb","itemListElement":[{"@type":"ListItem","position":1,"name":"In\u00edcio","item":"https:\/\/radiolifefm.com.br\/noticias\/"},{"@type":"ListItem","position":2,"name":"BONS E VELHOS TEMPOS DO \u201cALMANAQUE\u201d&#8230;"}]},{"@type":"WebSite","@id":"https:\/\/radiolifefm.com.br\/noticias\/#website","url":"https:\/\/radiolifefm.com.br\/noticias\/","name":"R\u00e1dio Life FM","description":"O Portal de Not\u00edcias de Adamantina","publisher":{"@id":"https:\/\/radiolifefm.com.br\/noticias\/#organization"},"alternateName":"Life FM","potentialAction":[{"@type":"SearchAction","target":{"@type":"EntryPoint","urlTemplate":"https:\/\/radiolifefm.com.br\/noticias\/?s={search_term_string}"},"query-input":{"@type":"PropertyValueSpecification","valueRequired":true,"valueName":"search_term_string"}}],"inLanguage":"pt-BR"},{"@type":"Organization","@id":"https:\/\/radiolifefm.com.br\/noticias\/#organization","name":"R\u00e1dio Life FM","alternateName":"Life FM","url":"https:\/\/radiolifefm.com.br\/noticias\/","logo":{"@type":"ImageObject","inLanguage":"pt-BR","@id":"https:\/\/radiolifefm.com.br\/noticias\/#\/schema\/logo\/image\/","url":"https:\/\/static.radiolifefm.com.br\/noticias\/wp-content\/uploads\/2019\/10\/logo-lifefm.png","contentUrl":"https:\/\/static.radiolifefm.com.br\/noticias\/wp-content\/uploads\/2019\/10\/logo-lifefm.png","width":196,"height":47,"caption":"R\u00e1dio Life FM"},"image":{"@id":"https:\/\/radiolifefm.com.br\/noticias\/#\/schema\/logo\/image\/"},"sameAs":["https:\/\/www.facebook.com\/radiolifefm\/","https:\/\/www.instagram.com\/life1079fm\/"]},{"@type":"Person","@id":"https:\/\/radiolifefm.com.br\/noticias\/#\/schema\/person\/6339b9fac59d12b071dec680d7375d87","name":"ritanery","image":{"@type":"ImageObject","inLanguage":"pt-BR","@id":"https:\/\/secure.gravatar.com\/avatar\/0e37bb19071f47c0b8a23f62a903df117c5a0e75f65a0c2901562f97cd41cf86?s=96&d=mm&r=g","url":"https:\/\/secure.gravatar.com\/avatar\/0e37bb19071f47c0b8a23f62a903df117c5a0e75f65a0c2901562f97cd41cf86?s=96&d=mm&r=g","contentUrl":"https:\/\/secure.gravatar.com\/avatar\/0e37bb19071f47c0b8a23f62a903df117c5a0e75f65a0c2901562f97cd41cf86?s=96&d=mm&r=g","caption":"ritanery"}}]}},"amp_enabled":true,"_links":{"self":[{"href":"https:\/\/radiolifefm.com.br\/noticias\/wp-json\/wp\/v2\/posts\/103938","targetHints":{"allow":["GET"]}}],"collection":[{"href":"https:\/\/radiolifefm.com.br\/noticias\/wp-json\/wp\/v2\/posts"}],"about":[{"href":"https:\/\/radiolifefm.com.br\/noticias\/wp-json\/wp\/v2\/types\/post"}],"author":[{"embeddable":true,"href":"https:\/\/radiolifefm.com.br\/noticias\/wp-json\/wp\/v2\/users\/13"}],"replies":[{"embeddable":true,"href":"https:\/\/radiolifefm.com.br\/noticias\/wp-json\/wp\/v2\/comments?post=103938"}],"version-history":[{"count":1,"href":"https:\/\/radiolifefm.com.br\/noticias\/wp-json\/wp\/v2\/posts\/103938\/revisions"}],"predecessor-version":[{"id":103939,"href":"https:\/\/radiolifefm.com.br\/noticias\/wp-json\/wp\/v2\/posts\/103938\/revisions\/103939"}],"wp:featuredmedia":[{"embeddable":true,"href":"https:\/\/radiolifefm.com.br\/noticias\/wp-json\/wp\/v2\/media\/51988"}],"wp:attachment":[{"href":"https:\/\/radiolifefm.com.br\/noticias\/wp-json\/wp\/v2\/media?parent=103938"}],"wp:term":[{"taxonomy":"category","embeddable":true,"href":"https:\/\/radiolifefm.com.br\/noticias\/wp-json\/wp\/v2\/categories?post=103938"},{"taxonomy":"post_tag","embeddable":true,"href":"https:\/\/radiolifefm.com.br\/noticias\/wp-json\/wp\/v2\/tags?post=103938"}],"curies":[{"name":"wp","href":"https:\/\/api.w.org\/{rel}","templated":true}]}}