{"id":103851,"date":"2025-08-04T07:20:16","date_gmt":"2025-08-04T10:20:16","guid":{"rendered":"https:\/\/radiolifefm.com.br\/noticias\/?p=103851"},"modified":"2026-04-25T01:44:39","modified_gmt":"2026-04-25T04:44:39","slug":"midia-senso-comum-e-provincia-do-faz-de-conta","status":"publish","type":"post","link":"https:\/\/radiolifefm.com.br\/noticias\/midia-senso-comum-e-provincia-do-faz-de-conta\/","title":{"rendered":"M\u00eddia, senso comum e prov\u00edncia do faz de conta\u2026"},"content":{"rendered":"<div id=\"fb-root\"><\/div>\n<p><strong>A massa mant\u00e9m a marca, a marca mant\u00e9m a m\u00eddia e a m\u00eddia controla a massa.\u201d (George Orwell)<\/strong><\/p>\n<p>&nbsp;<\/p>\n<p>&nbsp;<\/p>\n<p>&nbsp;<\/p>\n<p><strong>\u201co dito senso comum \u00e9 uma loucura t\u00edpica de rebanho. A sociedade \u00e9 um manic\u00f4mio onde todos os doidos entraram num acordo.\u201d (Dimael Silva)<\/strong><\/p>\n<p>&nbsp;<\/p>\n<p>&nbsp;<\/p>\n<p>&nbsp;<\/p>\n<p><strong>By seb@r.<\/strong><\/p>\n<p>&nbsp;<\/p>\n<p>Pra n\u00e3o esquecer, este TEXTO est\u00e1 mais ou menos para as muitas DIVAGA\u00c7\u00d5ES sobre o CEN\u00c1RIO PROVINCIANO, por\u00e9m, pode ser isto ou aquilo, assim, depende sempre de quem vai VESTIR A CARAPU\u00c7A\u2026<\/p>\n<p>&nbsp;<\/p>\n<p>Sendo assim, pode ser sempre aquilo que NUNCA FOI, ainda mais nesta PROV\u00cdNCIA DO FAZ DE CONTAS com suas MANADAS dispersas nos quatro cantos, bem como, nas diversas CAFETERIAS e outros lugares perdidos ou at\u00e9 mesmo ESCONDIDOS deste ou daquele OLHAR PERDIDO\u2026<\/p>\n<p>&nbsp;<\/p>\n<p>Assim, o BERRANTE (buzinas) continua ECOANDO pelas RUAS, AVENIDAS e ALAMEDAS (sic), como sempre, tentando DESPERTAR as MENTES MED\u00cdOCRES dos\/as PATRIOT\u00c1RIOS\/AS em nome do INELEG\u00cdVEL\u2026 do GENOCIDA\u2026 do LADR\u00c3O DE JOIAS\u2026 do CORRUPTO\u2026 do CHEFE DA ORCRIM\u2026<\/p>\n<p>&nbsp;<\/p>\n<p>Portanto, se existem os\/as SEGUIDORES\/AS deste IDIOTA travestido de MITO, deve-se considerar que s\u00e3o FARINHAS DO MESMO SACO, por\u00e9m, neste caso em especial, ESTRAGADA\u2026<\/p>\n<p>&nbsp;<\/p>\n<p>Nos ocasos da M\u00cdDIA PROVINCIANA, nada se pode esperar quanto ao SENSO CR\u00cdTICO, tendo em vista as eternas TROCAS NADA SIMB\u00d3LICAS entre os PODERES CONSTITUIDOS e ORGANIZA\u00c7\u00d5ES afins a manuten\u00e7\u00e3o do PODER pelo PODER em busca do PODER\u2026<\/p>\n<p>&nbsp;<\/p>\n<p>Tamb\u00e9m, o denominado PODER P\u00daBLICO, al\u00e9m do outro lado, ou seja, das PAREDES CINZAS, tendo em vista que apenas em um dos CAMPI, permanece nas cores ALVAS, tamb\u00e9m, entra neste PACOTE mediado pelo SENSO COMUM, entretanto, por se na \u00e1rea ACAD\u00caMICA, tal posicionamento deixa a desejar para a REFLEX\u00c3O CR\u00cdTICA\u2026<\/p>\n<p>&nbsp;<\/p>\n<p>Por isso e aquilo, ainda, o DITO pelo N\u00c3O DITO, tudo vai indo e vindo de VENTO EM POPA, isso \u00e9, pelo menos para aquele GRUPO DE APOIO, por\u00e9m, como NADA \u00c9 PARA SEMPRE como disse o POETA, talvez, ainda possa existir alguma ESPERAN\u00c7A para todos os VAG\u00d5ES que est\u00e3o um tanto quanto DESGOVERNADOS\u2026<\/p>\n<p>&nbsp;<\/p>\n<p>Infelizmente, a MEDIOCRIDADE PROVINCIANA \u00e9 um SELO DE QUALIDADE que existe faz D\u00c9CADAS, ainda, em todas as \u00e1reas do MERCADO em n\u00edvel REGIOCAL, ou seja, do REGIONAL PARA O LOCAL\u2026<\/p>\n<p>&nbsp;<\/p>\n<p>Nestes OCASOS de um TALVEZ com PONTO QUASE FINAL, pode ser que o TEMPO deste TEMPO, ainda, proporcione NOVOS ARES, isso \u00e9, desde que n\u00e3o seja com a turma perdida da DIREITA VOLVER com seus PATRIOT\u00c1RIOS PROVINCIANOS\u2026<\/p>\n<p>&nbsp;<\/p>\n<p>Pra refor\u00e7ar, PERDERAM MAN\u00c9S!<\/p>\n<p>&nbsp;<\/p>\n<p>Ainda, QUEM SOBREVIVER VAI SABER\u2026<\/p>\n<p>&nbsp;<\/p>\n<p><strong>EM TEMPO:<\/strong> estou novamente, SINDICALIZADO ao SJSP-SINDICATO DOS JORNALISTAS PROFISSIONAIS DO ESTADO DE S\u00c3O PAULO (diplomados\/as), pois, como sempre, nesta PROV\u00cdNCIA DO FAZ DE CONTA, \u201cnunca se sabe de onde vem o tiro, na maioria das vezes, vem do lugar que voc\u00ea menos espera e pelas costas\u2026\u201d<\/p>\n<p>&nbsp;<\/p>\n<p>&nbsp;<\/p>\n<p>&nbsp;<\/p>\n<p>e-mail: barbosa.sebar@gmail.com<\/p>\n","protected":false},"excerpt":{"rendered":"<p>A massa mant\u00e9m a marca, a marca mant\u00e9m a m\u00eddia e a m\u00eddia controla a massa.\u201d (George Orwell) &nbsp; &nbsp; &nbsp; \u201co dito senso comum \u00e9 uma loucura t\u00edpica de rebanho. A sociedade \u00e9 um manic\u00f4mio onde todos os doidos entraram num acordo.\u201d (Dimael Silva) &nbsp; &nbsp; &nbsp; By seb@r. &nbsp; Pra n\u00e3o esquecer, este [&hellip;]<\/p>\n","protected":false},"author":13,"featured_media":51988,"comment_status":"closed","ping_status":"open","sticky":false,"template":"","format":"standard","meta":{"_acf_changed":false,"_exactmetrics_skip_tracking":false,"_exactmetrics_sitenote_active":false,"_exactmetrics_sitenote_note":"","_exactmetrics_sitenote_category":0,"footnotes":""},"categories":[59],"tags":[],"class_list":["post-103851","post","type-post","status-publish","format-standard","has-post-thumbnail","hentry","category-opiniao"],"acf":[],"yoast_head":"<!-- This site is optimized with the Yoast SEO plugin v27.2 - https:\/\/yoast.com\/product\/yoast-seo-wordpress\/ -->\n<title>M\u00eddia, senso comum e prov\u00edncia do faz de conta\u2026 - R\u00e1dio Life FM<\/title>\n<meta name=\"robots\" content=\"index, follow, max-snippet:-1, max-image-preview:large, max-video-preview:-1\" \/>\n<link rel=\"canonical\" href=\"https:\/\/radiolifefm.com.br\/noticias\/midia-senso-comum-e-provincia-do-faz-de-conta\/\" \/>\n<meta property=\"og:locale\" content=\"pt_BR\" \/>\n<meta property=\"og:type\" content=\"article\" \/>\n<meta property=\"og:title\" content=\"M\u00eddia, senso comum e prov\u00edncia do faz de conta\u2026 - R\u00e1dio Life FM\" \/>\n<meta property=\"og:description\" content=\"A massa mant\u00e9m a marca, a marca mant\u00e9m a m\u00eddia e a m\u00eddia controla a massa.\u201d (George Orwell) &nbsp; &nbsp; &nbsp; \u201co dito senso comum \u00e9 uma loucura t\u00edpica de rebanho. A sociedade \u00e9 um manic\u00f4mio onde todos os doidos entraram num acordo.\u201d (Dimael Silva) &nbsp; &nbsp; &nbsp; By seb@r. &nbsp; Pra n\u00e3o esquecer, este [&hellip;]\" \/>\n<meta property=\"og:url\" content=\"https:\/\/radiolifefm.com.br\/noticias\/midia-senso-comum-e-provincia-do-faz-de-conta\/\" \/>\n<meta property=\"og:site_name\" content=\"R\u00e1dio Life FM\" \/>\n<meta property=\"article:publisher\" content=\"https:\/\/www.facebook.com\/radiolifefm\/\" \/>\n<meta property=\"article:published_time\" content=\"2025-08-04T10:20:16+00:00\" \/>\n<meta property=\"article:modified_time\" content=\"2026-04-25T04:44:39+00:00\" \/>\n<meta property=\"og:image\" content=\"https:\/\/radiolifefm.com.br\/noticias\/wp-content\/uploads\/2022\/04\/WhatsApp-Image-2022-04-10-at-18.43.02.jpeg\" \/>\n\t<meta property=\"og:image:width\" content=\"972\" \/>\n\t<meta property=\"og:image:height\" content=\"1296\" \/>\n\t<meta property=\"og:image:type\" content=\"image\/jpeg\" \/>\n<meta name=\"author\" content=\"ritanery\" \/>\n<meta name=\"twitter:card\" content=\"summary_large_image\" \/>\n<meta name=\"twitter:label1\" content=\"Escrito por\" \/>\n\t<meta name=\"twitter:data1\" content=\"ritanery\" \/>\n\t<meta name=\"twitter:label2\" content=\"Est. tempo de leitura\" \/>\n\t<meta name=\"twitter:data2\" content=\"3 minutos\" \/>\n<script type=\"application\/ld+json\" class=\"yoast-schema-graph\">{\"@context\":\"https:\/\/schema.org\",\"@graph\":[{\"@type\":\"Article\",\"@id\":\"https:\/\/radiolifefm.com.br\/noticias\/midia-senso-comum-e-provincia-do-faz-de-conta\/#article\",\"isPartOf\":{\"@id\":\"https:\/\/radiolifefm.com.br\/noticias\/midia-senso-comum-e-provincia-do-faz-de-conta\/\"},\"author\":{\"name\":\"ritanery\",\"@id\":\"https:\/\/radiolifefm.com.br\/noticias\/#\/schema\/person\/6339b9fac59d12b071dec680d7375d87\"},\"headline\":\"M\u00eddia, senso comum e prov\u00edncia do faz de conta\u2026\",\"datePublished\":\"2025-08-04T10:20:16+00:00\",\"dateModified\":\"2026-04-25T04:44:39+00:00\",\"mainEntityOfPage\":{\"@id\":\"https:\/\/radiolifefm.com.br\/noticias\/midia-senso-comum-e-provincia-do-faz-de-conta\/\"},\"wordCount\":524,\"publisher\":{\"@id\":\"https:\/\/radiolifefm.com.br\/noticias\/#organization\"},\"image\":{\"@id\":\"https:\/\/radiolifefm.com.br\/noticias\/midia-senso-comum-e-provincia-do-faz-de-conta\/#primaryimage\"},\"thumbnailUrl\":\"https:\/\/radiolifefm.com.br\/noticias\/wp-content\/uploads\/2022\/04\/WhatsApp-Image-2022-04-10-at-18.43.02.jpeg\",\"articleSection\":[\"Opini\u00e3o\"],\"inLanguage\":\"pt-BR\"},{\"@type\":\"WebPage\",\"@id\":\"https:\/\/radiolifefm.com.br\/noticias\/midia-senso-comum-e-provincia-do-faz-de-conta\/\",\"url\":\"https:\/\/radiolifefm.com.br\/noticias\/midia-senso-comum-e-provincia-do-faz-de-conta\/\",\"name\":\"M\u00eddia, senso comum e prov\u00edncia do faz de conta\u2026 - R\u00e1dio Life FM\",\"isPartOf\":{\"@id\":\"https:\/\/radiolifefm.com.br\/noticias\/#website\"},\"primaryImageOfPage\":{\"@id\":\"https:\/\/radiolifefm.com.br\/noticias\/midia-senso-comum-e-provincia-do-faz-de-conta\/#primaryimage\"},\"image\":{\"@id\":\"https:\/\/radiolifefm.com.br\/noticias\/midia-senso-comum-e-provincia-do-faz-de-conta\/#primaryimage\"},\"thumbnailUrl\":\"https:\/\/radiolifefm.com.br\/noticias\/wp-content\/uploads\/2022\/04\/WhatsApp-Image-2022-04-10-at-18.43.02.jpeg\",\"datePublished\":\"2025-08-04T10:20:16+00:00\",\"dateModified\":\"2026-04-25T04:44:39+00:00\",\"breadcrumb\":{\"@id\":\"https:\/\/radiolifefm.com.br\/noticias\/midia-senso-comum-e-provincia-do-faz-de-conta\/#breadcrumb\"},\"inLanguage\":\"pt-BR\",\"potentialAction\":[{\"@type\":\"ReadAction\",\"target\":[\"https:\/\/radiolifefm.com.br\/noticias\/midia-senso-comum-e-provincia-do-faz-de-conta\/\"]}]},{\"@type\":\"ImageObject\",\"inLanguage\":\"pt-BR\",\"@id\":\"https:\/\/radiolifefm.com.br\/noticias\/midia-senso-comum-e-provincia-do-faz-de-conta\/#primaryimage\",\"url\":\"https:\/\/radiolifefm.com.br\/noticias\/wp-content\/uploads\/2022\/04\/WhatsApp-Image-2022-04-10-at-18.43.02.jpeg\",\"contentUrl\":\"https:\/\/radiolifefm.com.br\/noticias\/wp-content\/uploads\/2022\/04\/WhatsApp-Image-2022-04-10-at-18.43.02.jpeg\",\"width\":972,\"height\":1296,\"caption\":\"S\u00e9rgio Barbosa\"},{\"@type\":\"BreadcrumbList\",\"@id\":\"https:\/\/radiolifefm.com.br\/noticias\/midia-senso-comum-e-provincia-do-faz-de-conta\/#breadcrumb\",\"itemListElement\":[{\"@type\":\"ListItem\",\"position\":1,\"name\":\"In\u00edcio\",\"item\":\"https:\/\/radiolifefm.com.br\/noticias\/\"},{\"@type\":\"ListItem\",\"position\":2,\"name\":\"M\u00eddia, senso comum e prov\u00edncia do faz de conta\u2026\"}]},{\"@type\":\"WebSite\",\"@id\":\"https:\/\/radiolifefm.com.br\/noticias\/#website\",\"url\":\"https:\/\/radiolifefm.com.br\/noticias\/\",\"name\":\"R\u00e1dio Life FM\",\"description\":\"O Portal de Not\u00edcias de Adamantina\",\"publisher\":{\"@id\":\"https:\/\/radiolifefm.com.br\/noticias\/#organization\"},\"alternateName\":\"Life FM\",\"potentialAction\":[{\"@type\":\"SearchAction\",\"target\":{\"@type\":\"EntryPoint\",\"urlTemplate\":\"https:\/\/radiolifefm.com.br\/noticias\/?s={search_term_string}\"},\"query-input\":{\"@type\":\"PropertyValueSpecification\",\"valueRequired\":true,\"valueName\":\"search_term_string\"}}],\"inLanguage\":\"pt-BR\"},{\"@type\":\"Organization\",\"@id\":\"https:\/\/radiolifefm.com.br\/noticias\/#organization\",\"name\":\"R\u00e1dio Life FM\",\"alternateName\":\"Life FM\",\"url\":\"https:\/\/radiolifefm.com.br\/noticias\/\",\"logo\":{\"@type\":\"ImageObject\",\"inLanguage\":\"pt-BR\",\"@id\":\"https:\/\/radiolifefm.com.br\/noticias\/#\/schema\/logo\/image\/\",\"url\":\"https:\/\/static.radiolifefm.com.br\/noticias\/wp-content\/uploads\/2019\/10\/logo-lifefm.png\",\"contentUrl\":\"https:\/\/static.radiolifefm.com.br\/noticias\/wp-content\/uploads\/2019\/10\/logo-lifefm.png\",\"width\":196,\"height\":47,\"caption\":\"R\u00e1dio Life FM\"},\"image\":{\"@id\":\"https:\/\/radiolifefm.com.br\/noticias\/#\/schema\/logo\/image\/\"},\"sameAs\":[\"https:\/\/www.facebook.com\/radiolifefm\/\",\"https:\/\/www.instagram.com\/life1079fm\/\"]},{\"@type\":\"Person\",\"@id\":\"https:\/\/radiolifefm.com.br\/noticias\/#\/schema\/person\/6339b9fac59d12b071dec680d7375d87\",\"name\":\"ritanery\",\"image\":{\"@type\":\"ImageObject\",\"inLanguage\":\"pt-BR\",\"@id\":\"https:\/\/secure.gravatar.com\/avatar\/0e37bb19071f47c0b8a23f62a903df117c5a0e75f65a0c2901562f97cd41cf86?s=96&d=mm&r=g\",\"url\":\"https:\/\/secure.gravatar.com\/avatar\/0e37bb19071f47c0b8a23f62a903df117c5a0e75f65a0c2901562f97cd41cf86?s=96&d=mm&r=g\",\"contentUrl\":\"https:\/\/secure.gravatar.com\/avatar\/0e37bb19071f47c0b8a23f62a903df117c5a0e75f65a0c2901562f97cd41cf86?s=96&d=mm&r=g\",\"caption\":\"ritanery\"}}]}<\/script>\n<!-- \/ Yoast SEO plugin. -->","yoast_head_json":{"title":"M\u00eddia, senso comum e prov\u00edncia do faz de conta\u2026 - R\u00e1dio Life FM","robots":{"index":"index","follow":"follow","max-snippet":"max-snippet:-1","max-image-preview":"max-image-preview:large","max-video-preview":"max-video-preview:-1"},"canonical":"https:\/\/radiolifefm.com.br\/noticias\/midia-senso-comum-e-provincia-do-faz-de-conta\/","og_locale":"pt_BR","og_type":"article","og_title":"M\u00eddia, senso comum e prov\u00edncia do faz de conta\u2026 - R\u00e1dio Life FM","og_description":"A massa mant\u00e9m a marca, a marca mant\u00e9m a m\u00eddia e a m\u00eddia controla a massa.\u201d (George Orwell) &nbsp; &nbsp; &nbsp; \u201co dito senso comum \u00e9 uma loucura t\u00edpica de rebanho. A sociedade \u00e9 um manic\u00f4mio onde todos os doidos entraram num acordo.\u201d (Dimael Silva) &nbsp; &nbsp; &nbsp; By seb@r. &nbsp; Pra n\u00e3o esquecer, este [&hellip;]","og_url":"https:\/\/radiolifefm.com.br\/noticias\/midia-senso-comum-e-provincia-do-faz-de-conta\/","og_site_name":"R\u00e1dio Life FM","article_publisher":"https:\/\/www.facebook.com\/radiolifefm\/","article_published_time":"2025-08-04T10:20:16+00:00","article_modified_time":"2026-04-25T04:44:39+00:00","og_image":[{"width":972,"height":1296,"url":"https:\/\/radiolifefm.com.br\/noticias\/wp-content\/uploads\/2022\/04\/WhatsApp-Image-2022-04-10-at-18.43.02.jpeg","type":"image\/jpeg"}],"author":"ritanery","twitter_card":"summary_large_image","twitter_misc":{"Escrito por":"ritanery","Est. tempo de leitura":"3 minutos"},"schema":{"@context":"https:\/\/schema.org","@graph":[{"@type":"Article","@id":"https:\/\/radiolifefm.com.br\/noticias\/midia-senso-comum-e-provincia-do-faz-de-conta\/#article","isPartOf":{"@id":"https:\/\/radiolifefm.com.br\/noticias\/midia-senso-comum-e-provincia-do-faz-de-conta\/"},"author":{"name":"ritanery","@id":"https:\/\/radiolifefm.com.br\/noticias\/#\/schema\/person\/6339b9fac59d12b071dec680d7375d87"},"headline":"M\u00eddia, senso comum e prov\u00edncia do faz de conta\u2026","datePublished":"2025-08-04T10:20:16+00:00","dateModified":"2026-04-25T04:44:39+00:00","mainEntityOfPage":{"@id":"https:\/\/radiolifefm.com.br\/noticias\/midia-senso-comum-e-provincia-do-faz-de-conta\/"},"wordCount":524,"publisher":{"@id":"https:\/\/radiolifefm.com.br\/noticias\/#organization"},"image":{"@id":"https:\/\/radiolifefm.com.br\/noticias\/midia-senso-comum-e-provincia-do-faz-de-conta\/#primaryimage"},"thumbnailUrl":"https:\/\/radiolifefm.com.br\/noticias\/wp-content\/uploads\/2022\/04\/WhatsApp-Image-2022-04-10-at-18.43.02.jpeg","articleSection":["Opini\u00e3o"],"inLanguage":"pt-BR"},{"@type":"WebPage","@id":"https:\/\/radiolifefm.com.br\/noticias\/midia-senso-comum-e-provincia-do-faz-de-conta\/","url":"https:\/\/radiolifefm.com.br\/noticias\/midia-senso-comum-e-provincia-do-faz-de-conta\/","name":"M\u00eddia, senso comum e prov\u00edncia do faz de conta\u2026 - R\u00e1dio Life FM","isPartOf":{"@id":"https:\/\/radiolifefm.com.br\/noticias\/#website"},"primaryImageOfPage":{"@id":"https:\/\/radiolifefm.com.br\/noticias\/midia-senso-comum-e-provincia-do-faz-de-conta\/#primaryimage"},"image":{"@id":"https:\/\/radiolifefm.com.br\/noticias\/midia-senso-comum-e-provincia-do-faz-de-conta\/#primaryimage"},"thumbnailUrl":"https:\/\/radiolifefm.com.br\/noticias\/wp-content\/uploads\/2022\/04\/WhatsApp-Image-2022-04-10-at-18.43.02.jpeg","datePublished":"2025-08-04T10:20:16+00:00","dateModified":"2026-04-25T04:44:39+00:00","breadcrumb":{"@id":"https:\/\/radiolifefm.com.br\/noticias\/midia-senso-comum-e-provincia-do-faz-de-conta\/#breadcrumb"},"inLanguage":"pt-BR","potentialAction":[{"@type":"ReadAction","target":["https:\/\/radiolifefm.com.br\/noticias\/midia-senso-comum-e-provincia-do-faz-de-conta\/"]}]},{"@type":"ImageObject","inLanguage":"pt-BR","@id":"https:\/\/radiolifefm.com.br\/noticias\/midia-senso-comum-e-provincia-do-faz-de-conta\/#primaryimage","url":"https:\/\/radiolifefm.com.br\/noticias\/wp-content\/uploads\/2022\/04\/WhatsApp-Image-2022-04-10-at-18.43.02.jpeg","contentUrl":"https:\/\/radiolifefm.com.br\/noticias\/wp-content\/uploads\/2022\/04\/WhatsApp-Image-2022-04-10-at-18.43.02.jpeg","width":972,"height":1296,"caption":"S\u00e9rgio Barbosa"},{"@type":"BreadcrumbList","@id":"https:\/\/radiolifefm.com.br\/noticias\/midia-senso-comum-e-provincia-do-faz-de-conta\/#breadcrumb","itemListElement":[{"@type":"ListItem","position":1,"name":"In\u00edcio","item":"https:\/\/radiolifefm.com.br\/noticias\/"},{"@type":"ListItem","position":2,"name":"M\u00eddia, senso comum e prov\u00edncia do faz de conta\u2026"}]},{"@type":"WebSite","@id":"https:\/\/radiolifefm.com.br\/noticias\/#website","url":"https:\/\/radiolifefm.com.br\/noticias\/","name":"R\u00e1dio Life FM","description":"O Portal de Not\u00edcias de Adamantina","publisher":{"@id":"https:\/\/radiolifefm.com.br\/noticias\/#organization"},"alternateName":"Life FM","potentialAction":[{"@type":"SearchAction","target":{"@type":"EntryPoint","urlTemplate":"https:\/\/radiolifefm.com.br\/noticias\/?s={search_term_string}"},"query-input":{"@type":"PropertyValueSpecification","valueRequired":true,"valueName":"search_term_string"}}],"inLanguage":"pt-BR"},{"@type":"Organization","@id":"https:\/\/radiolifefm.com.br\/noticias\/#organization","name":"R\u00e1dio Life FM","alternateName":"Life FM","url":"https:\/\/radiolifefm.com.br\/noticias\/","logo":{"@type":"ImageObject","inLanguage":"pt-BR","@id":"https:\/\/radiolifefm.com.br\/noticias\/#\/schema\/logo\/image\/","url":"https:\/\/static.radiolifefm.com.br\/noticias\/wp-content\/uploads\/2019\/10\/logo-lifefm.png","contentUrl":"https:\/\/static.radiolifefm.com.br\/noticias\/wp-content\/uploads\/2019\/10\/logo-lifefm.png","width":196,"height":47,"caption":"R\u00e1dio Life FM"},"image":{"@id":"https:\/\/radiolifefm.com.br\/noticias\/#\/schema\/logo\/image\/"},"sameAs":["https:\/\/www.facebook.com\/radiolifefm\/","https:\/\/www.instagram.com\/life1079fm\/"]},{"@type":"Person","@id":"https:\/\/radiolifefm.com.br\/noticias\/#\/schema\/person\/6339b9fac59d12b071dec680d7375d87","name":"ritanery","image":{"@type":"ImageObject","inLanguage":"pt-BR","@id":"https:\/\/secure.gravatar.com\/avatar\/0e37bb19071f47c0b8a23f62a903df117c5a0e75f65a0c2901562f97cd41cf86?s=96&d=mm&r=g","url":"https:\/\/secure.gravatar.com\/avatar\/0e37bb19071f47c0b8a23f62a903df117c5a0e75f65a0c2901562f97cd41cf86?s=96&d=mm&r=g","contentUrl":"https:\/\/secure.gravatar.com\/avatar\/0e37bb19071f47c0b8a23f62a903df117c5a0e75f65a0c2901562f97cd41cf86?s=96&d=mm&r=g","caption":"ritanery"}}]}},"amp_enabled":true,"_links":{"self":[{"href":"https:\/\/radiolifefm.com.br\/noticias\/wp-json\/wp\/v2\/posts\/103851","targetHints":{"allow":["GET"]}}],"collection":[{"href":"https:\/\/radiolifefm.com.br\/noticias\/wp-json\/wp\/v2\/posts"}],"about":[{"href":"https:\/\/radiolifefm.com.br\/noticias\/wp-json\/wp\/v2\/types\/post"}],"author":[{"embeddable":true,"href":"https:\/\/radiolifefm.com.br\/noticias\/wp-json\/wp\/v2\/users\/13"}],"replies":[{"embeddable":true,"href":"https:\/\/radiolifefm.com.br\/noticias\/wp-json\/wp\/v2\/comments?post=103851"}],"version-history":[{"count":1,"href":"https:\/\/radiolifefm.com.br\/noticias\/wp-json\/wp\/v2\/posts\/103851\/revisions"}],"predecessor-version":[{"id":103852,"href":"https:\/\/radiolifefm.com.br\/noticias\/wp-json\/wp\/v2\/posts\/103851\/revisions\/103852"}],"wp:featuredmedia":[{"embeddable":true,"href":"https:\/\/radiolifefm.com.br\/noticias\/wp-json\/wp\/v2\/media\/51988"}],"wp:attachment":[{"href":"https:\/\/radiolifefm.com.br\/noticias\/wp-json\/wp\/v2\/media?parent=103851"}],"wp:term":[{"taxonomy":"category","embeddable":true,"href":"https:\/\/radiolifefm.com.br\/noticias\/wp-json\/wp\/v2\/categories?post=103851"},{"taxonomy":"post_tag","embeddable":true,"href":"https:\/\/radiolifefm.com.br\/noticias\/wp-json\/wp\/v2\/tags?post=103851"}],"curies":[{"name":"wp","href":"https:\/\/api.w.org\/{rel}","templated":true}]}}