{"id":103819,"date":"2025-08-01T20:17:37","date_gmt":"2025-08-01T23:17:37","guid":{"rendered":"https:\/\/radiolifefm.com.br\/noticias\/?p=103819"},"modified":"2026-04-04T23:25:38","modified_gmt":"2026-04-05T02:25:38","slug":"naquele-quarto-escuro-de-uma-provincia-qualquer-2","status":"publish","type":"post","link":"https:\/\/radiolifefm.com.br\/noticias\/naquele-quarto-escuro-de-uma-provincia-qualquer-2\/","title":{"rendered":"Naquele \u201cquarto\u201d escuro de uma prov\u00edncia qualquer&#8230;"},"content":{"rendered":"<div id=\"fb-root\"><\/div>\n<p>\u201c<em>O s\u00e1bio deve viver como pode, se n\u00e3o pode viver como quer\u201d. (Gracian) <\/em><\/p>\n<p>By seb@r.<\/p>\n<p>Imaginem caros leitores e leitoras, ficar num quarto escuro em compasso de espera para um desencontro a mais em terras provincianas, diriam os pesquisadores deste e do outro tempo, coisas de fam\u00edlia e tudo mais, todavia, pode-se pensar em muitas alternativas para uma ou mais respostas para a mesma pergunta sobre o caso em pauta&#8230;<\/p>\n<p>O caso pode ser retratado como um cen\u00e1rio familiar, afinal de contas, quantos pais n\u00e3o ficam fora do lar em busca do sucesso pessoal, neste caso, pode ser visando uma forma\u00e7\u00e3o acad\u00eamica, at\u00e9 mesmo, uma promo\u00e7\u00e3o na \u00e1rea profissional para um olhar mais adiante deste tempo novo tempo&#8230;<\/p>\n<p>Os fatos continuam acontecendo em terras provincianas, quando os pais deixam de marcar presen\u00e7a aqui ou ali, criando um descaminho para os filhos em tempo de p\u00f3s-globaliza\u00e7\u00e3o, entretanto, cada qual, sabe \u201conde aperta o cinto\u201d, por\u00e9m, \u00e9 necess\u00e1rio, mais do que nunca, estar atento \u00e0s mudan\u00e7as no cen\u00e1rio provinciano&#8230;<\/p>\n<p>Os ditos cujos, \u201cvigilantes provincianos\u201d, ainda, teimam em querer ser mais do que saber coisas do outro lado do poder, talvez, uma busca pelo confronto com o outro poder institucionalizado pelas normas vigentes, ora pelas leis do homem, tamb\u00e9m, em outros casos nada espec\u00edficos, pela lei sagrada mediada pelas falcatruas do profano&#8230;<\/p>\n<p>Dizem que neste contexto plural para o ser humano, pelo menos, aquele que buscar ser fam\u00edlia pensando numa outra postura para o seu lar, deveria pautar pela vontade soberana de ser e n\u00e3o apenas estar preso aos la\u00e7os familiares&#8230;<\/p>\n<p>Que os pensadores possam ficar no seu canto, pois, vale aqui a m\u00e1xima de sempre, a saber: \u201ccada louco\/a com sua mania\u201d, haja vista, a procura pela sabedoria por meio das trocas nada simb\u00f3licas que o poder proporciona aos aproveitadores provincianos, quando muito, falsos profetas em nome de uma verdade arranhada pela filosofia foucaltiana do \u201cvigiar e punir\u201d&#8230;<\/p>\n<p>As perdas do passado est\u00e3o presentes em seus atos, mas, \u201cnada como um dia depois do outro\u201d, se poss\u00edvel, \u201ccom uma noite de ins\u00f4nia no meio\u201d para fazer a diferen\u00e7a para os donos da sabedoria provinciana&#8230;<\/p>\n<p>Andar pelas ruas com \u201car de mo\u00e7o bom\u201d n\u00e3o leva a lugar nenhum, mas, pode-se pensar na falsa postura do \u201cquerer ser o que nunca ser\u00e1\u201d, afinal de contas, neste universo, a pseudo-humildade do mesmo n\u00e3o engana mais ningu\u00e9m, tamb\u00e9m, o dito sem cujo nunca se recuperou de uma ou mais derrotas em sua caminhada em terras provincianas&#8230;<\/p>\n<p>Num balc\u00e3o, os anos passaram rapidamente, enquanto outros, foram em busca dos desafios daquele tempo, portanto, continuar no presente, querendo recuperar o tempo perdido atr\u00e1s deste ou daquele balc\u00e3o, pode virar uma neurose al\u00e9m dos la\u00e7os familiares, como sempre, \u201ccada um se vira como pode\u201d&#8230;<\/p>\n<p>______________________<\/p>\n<p>e-mail: barbosa.sebar@gmail.com<\/p>\n<p>&nbsp;<\/p>\n<p>&nbsp;<\/p>\n<p>&nbsp;<\/p>\n<p>&nbsp;<\/p>\n<p>&nbsp;<\/p>\n","protected":false},"excerpt":{"rendered":"<p>\u201cO s\u00e1bio deve viver como pode, se n\u00e3o pode viver como quer\u201d. (Gracian) By seb@r. Imaginem caros leitores e leitoras, ficar num quarto escuro em compasso de espera para um desencontro a mais em terras provincianas, diriam os pesquisadores deste e do outro tempo, coisas de fam\u00edlia e tudo mais, todavia, pode-se pensar em muitas [&hellip;]<\/p>\n","protected":false},"author":13,"featured_media":51988,"comment_status":"closed","ping_status":"open","sticky":false,"template":"","format":"standard","meta":{"_acf_changed":false,"_exactmetrics_skip_tracking":false,"_exactmetrics_sitenote_active":false,"_exactmetrics_sitenote_note":"","_exactmetrics_sitenote_category":0,"footnotes":""},"categories":[59],"tags":[],"class_list":["post-103819","post","type-post","status-publish","format-standard","has-post-thumbnail","hentry","category-opiniao"],"acf":[],"yoast_head":"<!-- This site is optimized with the Yoast SEO plugin v27.2 - https:\/\/yoast.com\/product\/yoast-seo-wordpress\/ -->\n<title>Naquele \u201cquarto\u201d escuro de uma prov\u00edncia qualquer... - R\u00e1dio Life FM<\/title>\n<meta name=\"robots\" content=\"index, follow, max-snippet:-1, max-image-preview:large, max-video-preview:-1\" \/>\n<link rel=\"canonical\" href=\"https:\/\/radiolifefm.com.br\/noticias\/naquele-quarto-escuro-de-uma-provincia-qualquer-2\/\" \/>\n<meta property=\"og:locale\" content=\"pt_BR\" \/>\n<meta property=\"og:type\" content=\"article\" \/>\n<meta property=\"og:title\" content=\"Naquele \u201cquarto\u201d escuro de uma prov\u00edncia qualquer... - R\u00e1dio Life FM\" \/>\n<meta property=\"og:description\" content=\"\u201cO s\u00e1bio deve viver como pode, se n\u00e3o pode viver como quer\u201d. (Gracian) By seb@r. Imaginem caros leitores e leitoras, ficar num quarto escuro em compasso de espera para um desencontro a mais em terras provincianas, diriam os pesquisadores deste e do outro tempo, coisas de fam\u00edlia e tudo mais, todavia, pode-se pensar em muitas [&hellip;]\" \/>\n<meta property=\"og:url\" content=\"https:\/\/radiolifefm.com.br\/noticias\/naquele-quarto-escuro-de-uma-provincia-qualquer-2\/\" \/>\n<meta property=\"og:site_name\" content=\"R\u00e1dio Life FM\" \/>\n<meta property=\"article:publisher\" content=\"https:\/\/www.facebook.com\/radiolifefm\/\" \/>\n<meta property=\"article:published_time\" content=\"2025-08-01T23:17:37+00:00\" \/>\n<meta property=\"article:modified_time\" content=\"2026-04-05T02:25:38+00:00\" \/>\n<meta property=\"og:image\" content=\"https:\/\/radiolifefm.com.br\/noticias\/wp-content\/uploads\/2022\/04\/WhatsApp-Image-2022-04-10-at-18.43.02.jpeg\" \/>\n\t<meta property=\"og:image:width\" content=\"972\" \/>\n\t<meta property=\"og:image:height\" content=\"1296\" \/>\n\t<meta property=\"og:image:type\" content=\"image\/jpeg\" \/>\n<meta name=\"author\" content=\"ritanery\" \/>\n<meta name=\"twitter:card\" content=\"summary_large_image\" \/>\n<meta name=\"twitter:label1\" content=\"Escrito por\" \/>\n\t<meta name=\"twitter:data1\" content=\"ritanery\" \/>\n\t<meta name=\"twitter:label2\" content=\"Est. tempo de leitura\" \/>\n\t<meta name=\"twitter:data2\" content=\"3 minutos\" \/>\n<script type=\"application\/ld+json\" class=\"yoast-schema-graph\">{\"@context\":\"https:\/\/schema.org\",\"@graph\":[{\"@type\":\"Article\",\"@id\":\"https:\/\/radiolifefm.com.br\/noticias\/naquele-quarto-escuro-de-uma-provincia-qualquer-2\/#article\",\"isPartOf\":{\"@id\":\"https:\/\/radiolifefm.com.br\/noticias\/naquele-quarto-escuro-de-uma-provincia-qualquer-2\/\"},\"author\":{\"name\":\"ritanery\",\"@id\":\"https:\/\/radiolifefm.com.br\/noticias\/#\/schema\/person\/6339b9fac59d12b071dec680d7375d87\"},\"headline\":\"Naquele \u201cquarto\u201d escuro de uma prov\u00edncia qualquer&#8230;\",\"datePublished\":\"2025-08-01T23:17:37+00:00\",\"dateModified\":\"2026-04-05T02:25:38+00:00\",\"mainEntityOfPage\":{\"@id\":\"https:\/\/radiolifefm.com.br\/noticias\/naquele-quarto-escuro-de-uma-provincia-qualquer-2\/\"},\"wordCount\":510,\"publisher\":{\"@id\":\"https:\/\/radiolifefm.com.br\/noticias\/#organization\"},\"image\":{\"@id\":\"https:\/\/radiolifefm.com.br\/noticias\/naquele-quarto-escuro-de-uma-provincia-qualquer-2\/#primaryimage\"},\"thumbnailUrl\":\"https:\/\/radiolifefm.com.br\/noticias\/wp-content\/uploads\/2022\/04\/WhatsApp-Image-2022-04-10-at-18.43.02.jpeg\",\"articleSection\":[\"Opini\u00e3o\"],\"inLanguage\":\"pt-BR\"},{\"@type\":\"WebPage\",\"@id\":\"https:\/\/radiolifefm.com.br\/noticias\/naquele-quarto-escuro-de-uma-provincia-qualquer-2\/\",\"url\":\"https:\/\/radiolifefm.com.br\/noticias\/naquele-quarto-escuro-de-uma-provincia-qualquer-2\/\",\"name\":\"Naquele \u201cquarto\u201d escuro de uma prov\u00edncia qualquer... - R\u00e1dio Life FM\",\"isPartOf\":{\"@id\":\"https:\/\/radiolifefm.com.br\/noticias\/#website\"},\"primaryImageOfPage\":{\"@id\":\"https:\/\/radiolifefm.com.br\/noticias\/naquele-quarto-escuro-de-uma-provincia-qualquer-2\/#primaryimage\"},\"image\":{\"@id\":\"https:\/\/radiolifefm.com.br\/noticias\/naquele-quarto-escuro-de-uma-provincia-qualquer-2\/#primaryimage\"},\"thumbnailUrl\":\"https:\/\/radiolifefm.com.br\/noticias\/wp-content\/uploads\/2022\/04\/WhatsApp-Image-2022-04-10-at-18.43.02.jpeg\",\"datePublished\":\"2025-08-01T23:17:37+00:00\",\"dateModified\":\"2026-04-05T02:25:38+00:00\",\"breadcrumb\":{\"@id\":\"https:\/\/radiolifefm.com.br\/noticias\/naquele-quarto-escuro-de-uma-provincia-qualquer-2\/#breadcrumb\"},\"inLanguage\":\"pt-BR\",\"potentialAction\":[{\"@type\":\"ReadAction\",\"target\":[\"https:\/\/radiolifefm.com.br\/noticias\/naquele-quarto-escuro-de-uma-provincia-qualquer-2\/\"]}]},{\"@type\":\"ImageObject\",\"inLanguage\":\"pt-BR\",\"@id\":\"https:\/\/radiolifefm.com.br\/noticias\/naquele-quarto-escuro-de-uma-provincia-qualquer-2\/#primaryimage\",\"url\":\"https:\/\/radiolifefm.com.br\/noticias\/wp-content\/uploads\/2022\/04\/WhatsApp-Image-2022-04-10-at-18.43.02.jpeg\",\"contentUrl\":\"https:\/\/radiolifefm.com.br\/noticias\/wp-content\/uploads\/2022\/04\/WhatsApp-Image-2022-04-10-at-18.43.02.jpeg\",\"width\":972,\"height\":1296,\"caption\":\"S\u00e9rgio Barbosa\"},{\"@type\":\"BreadcrumbList\",\"@id\":\"https:\/\/radiolifefm.com.br\/noticias\/naquele-quarto-escuro-de-uma-provincia-qualquer-2\/#breadcrumb\",\"itemListElement\":[{\"@type\":\"ListItem\",\"position\":1,\"name\":\"In\u00edcio\",\"item\":\"https:\/\/radiolifefm.com.br\/noticias\/\"},{\"@type\":\"ListItem\",\"position\":2,\"name\":\"Naquele \u201cquarto\u201d escuro de uma prov\u00edncia qualquer&#8230;\"}]},{\"@type\":\"WebSite\",\"@id\":\"https:\/\/radiolifefm.com.br\/noticias\/#website\",\"url\":\"https:\/\/radiolifefm.com.br\/noticias\/\",\"name\":\"R\u00e1dio Life FM\",\"description\":\"O Portal de Not\u00edcias de Adamantina\",\"publisher\":{\"@id\":\"https:\/\/radiolifefm.com.br\/noticias\/#organization\"},\"alternateName\":\"Life FM\",\"potentialAction\":[{\"@type\":\"SearchAction\",\"target\":{\"@type\":\"EntryPoint\",\"urlTemplate\":\"https:\/\/radiolifefm.com.br\/noticias\/?s={search_term_string}\"},\"query-input\":{\"@type\":\"PropertyValueSpecification\",\"valueRequired\":true,\"valueName\":\"search_term_string\"}}],\"inLanguage\":\"pt-BR\"},{\"@type\":\"Organization\",\"@id\":\"https:\/\/radiolifefm.com.br\/noticias\/#organization\",\"name\":\"R\u00e1dio Life FM\",\"alternateName\":\"Life FM\",\"url\":\"https:\/\/radiolifefm.com.br\/noticias\/\",\"logo\":{\"@type\":\"ImageObject\",\"inLanguage\":\"pt-BR\",\"@id\":\"https:\/\/radiolifefm.com.br\/noticias\/#\/schema\/logo\/image\/\",\"url\":\"https:\/\/static.radiolifefm.com.br\/noticias\/wp-content\/uploads\/2019\/10\/logo-lifefm.png\",\"contentUrl\":\"https:\/\/static.radiolifefm.com.br\/noticias\/wp-content\/uploads\/2019\/10\/logo-lifefm.png\",\"width\":196,\"height\":47,\"caption\":\"R\u00e1dio Life FM\"},\"image\":{\"@id\":\"https:\/\/radiolifefm.com.br\/noticias\/#\/schema\/logo\/image\/\"},\"sameAs\":[\"https:\/\/www.facebook.com\/radiolifefm\/\",\"https:\/\/www.instagram.com\/life1079fm\/\"]},{\"@type\":\"Person\",\"@id\":\"https:\/\/radiolifefm.com.br\/noticias\/#\/schema\/person\/6339b9fac59d12b071dec680d7375d87\",\"name\":\"ritanery\",\"image\":{\"@type\":\"ImageObject\",\"inLanguage\":\"pt-BR\",\"@id\":\"https:\/\/secure.gravatar.com\/avatar\/0e37bb19071f47c0b8a23f62a903df117c5a0e75f65a0c2901562f97cd41cf86?s=96&d=mm&r=g\",\"url\":\"https:\/\/secure.gravatar.com\/avatar\/0e37bb19071f47c0b8a23f62a903df117c5a0e75f65a0c2901562f97cd41cf86?s=96&d=mm&r=g\",\"contentUrl\":\"https:\/\/secure.gravatar.com\/avatar\/0e37bb19071f47c0b8a23f62a903df117c5a0e75f65a0c2901562f97cd41cf86?s=96&d=mm&r=g\",\"caption\":\"ritanery\"}}]}<\/script>\n<!-- \/ Yoast SEO plugin. -->","yoast_head_json":{"title":"Naquele \u201cquarto\u201d escuro de uma prov\u00edncia qualquer... - R\u00e1dio Life FM","robots":{"index":"index","follow":"follow","max-snippet":"max-snippet:-1","max-image-preview":"max-image-preview:large","max-video-preview":"max-video-preview:-1"},"canonical":"https:\/\/radiolifefm.com.br\/noticias\/naquele-quarto-escuro-de-uma-provincia-qualquer-2\/","og_locale":"pt_BR","og_type":"article","og_title":"Naquele \u201cquarto\u201d escuro de uma prov\u00edncia qualquer... - R\u00e1dio Life FM","og_description":"\u201cO s\u00e1bio deve viver como pode, se n\u00e3o pode viver como quer\u201d. (Gracian) By seb@r. Imaginem caros leitores e leitoras, ficar num quarto escuro em compasso de espera para um desencontro a mais em terras provincianas, diriam os pesquisadores deste e do outro tempo, coisas de fam\u00edlia e tudo mais, todavia, pode-se pensar em muitas [&hellip;]","og_url":"https:\/\/radiolifefm.com.br\/noticias\/naquele-quarto-escuro-de-uma-provincia-qualquer-2\/","og_site_name":"R\u00e1dio Life FM","article_publisher":"https:\/\/www.facebook.com\/radiolifefm\/","article_published_time":"2025-08-01T23:17:37+00:00","article_modified_time":"2026-04-05T02:25:38+00:00","og_image":[{"width":972,"height":1296,"url":"https:\/\/radiolifefm.com.br\/noticias\/wp-content\/uploads\/2022\/04\/WhatsApp-Image-2022-04-10-at-18.43.02.jpeg","type":"image\/jpeg"}],"author":"ritanery","twitter_card":"summary_large_image","twitter_misc":{"Escrito por":"ritanery","Est. tempo de leitura":"3 minutos"},"schema":{"@context":"https:\/\/schema.org","@graph":[{"@type":"Article","@id":"https:\/\/radiolifefm.com.br\/noticias\/naquele-quarto-escuro-de-uma-provincia-qualquer-2\/#article","isPartOf":{"@id":"https:\/\/radiolifefm.com.br\/noticias\/naquele-quarto-escuro-de-uma-provincia-qualquer-2\/"},"author":{"name":"ritanery","@id":"https:\/\/radiolifefm.com.br\/noticias\/#\/schema\/person\/6339b9fac59d12b071dec680d7375d87"},"headline":"Naquele \u201cquarto\u201d escuro de uma prov\u00edncia qualquer&#8230;","datePublished":"2025-08-01T23:17:37+00:00","dateModified":"2026-04-05T02:25:38+00:00","mainEntityOfPage":{"@id":"https:\/\/radiolifefm.com.br\/noticias\/naquele-quarto-escuro-de-uma-provincia-qualquer-2\/"},"wordCount":510,"publisher":{"@id":"https:\/\/radiolifefm.com.br\/noticias\/#organization"},"image":{"@id":"https:\/\/radiolifefm.com.br\/noticias\/naquele-quarto-escuro-de-uma-provincia-qualquer-2\/#primaryimage"},"thumbnailUrl":"https:\/\/radiolifefm.com.br\/noticias\/wp-content\/uploads\/2022\/04\/WhatsApp-Image-2022-04-10-at-18.43.02.jpeg","articleSection":["Opini\u00e3o"],"inLanguage":"pt-BR"},{"@type":"WebPage","@id":"https:\/\/radiolifefm.com.br\/noticias\/naquele-quarto-escuro-de-uma-provincia-qualquer-2\/","url":"https:\/\/radiolifefm.com.br\/noticias\/naquele-quarto-escuro-de-uma-provincia-qualquer-2\/","name":"Naquele \u201cquarto\u201d escuro de uma prov\u00edncia qualquer... - R\u00e1dio Life FM","isPartOf":{"@id":"https:\/\/radiolifefm.com.br\/noticias\/#website"},"primaryImageOfPage":{"@id":"https:\/\/radiolifefm.com.br\/noticias\/naquele-quarto-escuro-de-uma-provincia-qualquer-2\/#primaryimage"},"image":{"@id":"https:\/\/radiolifefm.com.br\/noticias\/naquele-quarto-escuro-de-uma-provincia-qualquer-2\/#primaryimage"},"thumbnailUrl":"https:\/\/radiolifefm.com.br\/noticias\/wp-content\/uploads\/2022\/04\/WhatsApp-Image-2022-04-10-at-18.43.02.jpeg","datePublished":"2025-08-01T23:17:37+00:00","dateModified":"2026-04-05T02:25:38+00:00","breadcrumb":{"@id":"https:\/\/radiolifefm.com.br\/noticias\/naquele-quarto-escuro-de-uma-provincia-qualquer-2\/#breadcrumb"},"inLanguage":"pt-BR","potentialAction":[{"@type":"ReadAction","target":["https:\/\/radiolifefm.com.br\/noticias\/naquele-quarto-escuro-de-uma-provincia-qualquer-2\/"]}]},{"@type":"ImageObject","inLanguage":"pt-BR","@id":"https:\/\/radiolifefm.com.br\/noticias\/naquele-quarto-escuro-de-uma-provincia-qualquer-2\/#primaryimage","url":"https:\/\/radiolifefm.com.br\/noticias\/wp-content\/uploads\/2022\/04\/WhatsApp-Image-2022-04-10-at-18.43.02.jpeg","contentUrl":"https:\/\/radiolifefm.com.br\/noticias\/wp-content\/uploads\/2022\/04\/WhatsApp-Image-2022-04-10-at-18.43.02.jpeg","width":972,"height":1296,"caption":"S\u00e9rgio Barbosa"},{"@type":"BreadcrumbList","@id":"https:\/\/radiolifefm.com.br\/noticias\/naquele-quarto-escuro-de-uma-provincia-qualquer-2\/#breadcrumb","itemListElement":[{"@type":"ListItem","position":1,"name":"In\u00edcio","item":"https:\/\/radiolifefm.com.br\/noticias\/"},{"@type":"ListItem","position":2,"name":"Naquele \u201cquarto\u201d escuro de uma prov\u00edncia qualquer&#8230;"}]},{"@type":"WebSite","@id":"https:\/\/radiolifefm.com.br\/noticias\/#website","url":"https:\/\/radiolifefm.com.br\/noticias\/","name":"R\u00e1dio Life FM","description":"O Portal de Not\u00edcias de Adamantina","publisher":{"@id":"https:\/\/radiolifefm.com.br\/noticias\/#organization"},"alternateName":"Life FM","potentialAction":[{"@type":"SearchAction","target":{"@type":"EntryPoint","urlTemplate":"https:\/\/radiolifefm.com.br\/noticias\/?s={search_term_string}"},"query-input":{"@type":"PropertyValueSpecification","valueRequired":true,"valueName":"search_term_string"}}],"inLanguage":"pt-BR"},{"@type":"Organization","@id":"https:\/\/radiolifefm.com.br\/noticias\/#organization","name":"R\u00e1dio Life FM","alternateName":"Life FM","url":"https:\/\/radiolifefm.com.br\/noticias\/","logo":{"@type":"ImageObject","inLanguage":"pt-BR","@id":"https:\/\/radiolifefm.com.br\/noticias\/#\/schema\/logo\/image\/","url":"https:\/\/static.radiolifefm.com.br\/noticias\/wp-content\/uploads\/2019\/10\/logo-lifefm.png","contentUrl":"https:\/\/static.radiolifefm.com.br\/noticias\/wp-content\/uploads\/2019\/10\/logo-lifefm.png","width":196,"height":47,"caption":"R\u00e1dio Life FM"},"image":{"@id":"https:\/\/radiolifefm.com.br\/noticias\/#\/schema\/logo\/image\/"},"sameAs":["https:\/\/www.facebook.com\/radiolifefm\/","https:\/\/www.instagram.com\/life1079fm\/"]},{"@type":"Person","@id":"https:\/\/radiolifefm.com.br\/noticias\/#\/schema\/person\/6339b9fac59d12b071dec680d7375d87","name":"ritanery","image":{"@type":"ImageObject","inLanguage":"pt-BR","@id":"https:\/\/secure.gravatar.com\/avatar\/0e37bb19071f47c0b8a23f62a903df117c5a0e75f65a0c2901562f97cd41cf86?s=96&d=mm&r=g","url":"https:\/\/secure.gravatar.com\/avatar\/0e37bb19071f47c0b8a23f62a903df117c5a0e75f65a0c2901562f97cd41cf86?s=96&d=mm&r=g","contentUrl":"https:\/\/secure.gravatar.com\/avatar\/0e37bb19071f47c0b8a23f62a903df117c5a0e75f65a0c2901562f97cd41cf86?s=96&d=mm&r=g","caption":"ritanery"}}]}},"amp_enabled":true,"_links":{"self":[{"href":"https:\/\/radiolifefm.com.br\/noticias\/wp-json\/wp\/v2\/posts\/103819","targetHints":{"allow":["GET"]}}],"collection":[{"href":"https:\/\/radiolifefm.com.br\/noticias\/wp-json\/wp\/v2\/posts"}],"about":[{"href":"https:\/\/radiolifefm.com.br\/noticias\/wp-json\/wp\/v2\/types\/post"}],"author":[{"embeddable":true,"href":"https:\/\/radiolifefm.com.br\/noticias\/wp-json\/wp\/v2\/users\/13"}],"replies":[{"embeddable":true,"href":"https:\/\/radiolifefm.com.br\/noticias\/wp-json\/wp\/v2\/comments?post=103819"}],"version-history":[{"count":1,"href":"https:\/\/radiolifefm.com.br\/noticias\/wp-json\/wp\/v2\/posts\/103819\/revisions"}],"predecessor-version":[{"id":103820,"href":"https:\/\/radiolifefm.com.br\/noticias\/wp-json\/wp\/v2\/posts\/103819\/revisions\/103820"}],"wp:featuredmedia":[{"embeddable":true,"href":"https:\/\/radiolifefm.com.br\/noticias\/wp-json\/wp\/v2\/media\/51988"}],"wp:attachment":[{"href":"https:\/\/radiolifefm.com.br\/noticias\/wp-json\/wp\/v2\/media?parent=103819"}],"wp:term":[{"taxonomy":"category","embeddable":true,"href":"https:\/\/radiolifefm.com.br\/noticias\/wp-json\/wp\/v2\/categories?post=103819"},{"taxonomy":"post_tag","embeddable":true,"href":"https:\/\/radiolifefm.com.br\/noticias\/wp-json\/wp\/v2\/tags?post=103819"}],"curies":[{"name":"wp","href":"https:\/\/api.w.org\/{rel}","templated":true}]}}