{"id":103749,"date":"2025-08-01T11:18:56","date_gmt":"2025-08-01T14:18:56","guid":{"rendered":"https:\/\/radiolifefm.com.br\/noticias\/?p=103749"},"modified":"2026-03-23T06:34:51","modified_gmt":"2026-03-23T09:34:51","slug":"dracena-e-contabilidade-no-pauta-aberta","status":"publish","type":"post","link":"https:\/\/radiolifefm.com.br\/noticias\/dracena-e-contabilidade-no-pauta-aberta\/","title":{"rendered":"Dracena e Contabilidade no Pauta Aberta"},"content":{"rendered":"<div id=\"fb-root\"><\/div>\n<p><strong><em>\u201cNa contabilidade da vida \u00e9 melhor ser credor do que devedor. Somos credores quando ajudamos as pessoas a se tornarem melhores e devedores quando as prejudicamos. Sejamos conscientes de nossas a\u00e7\u00f5es para manter sempre o saldo positivo.\u201d (<\/em><\/strong><a href=\"https:\/\/www.pensador.com\/autor\/damiao_maximino\/\"><strong><em>Dami\u00e3o Maximino<\/em><\/strong><\/a><strong><em>)<\/em><\/strong><\/p>\n<p><strong><em><a href=\"https:\/\/www.migalhas.com.br\/literarias\/frase\/olavo-bilac\/o-sino-e-o-nume-protetor-da-cidade-em-torno-do-qual\">\u201cO sino \u00e9 o nume protetor da cidade, em torno do qual todos os habitantes se congregam\u201d. (<\/a><\/em><\/strong><a href=\"https:\/\/www.migalhas.com.br\/literarias\/autor\/olavo-bilac\"><strong><em>Olavo Bilac<\/em><\/strong><\/a><strong><em>\/\u201dTrecho retirado do livro &#8220;Ironia e Piedade. 2\u00aa edi\u00e7\u00e3o. Rio de Janeiro: Livraria Francisco Alves, 1921.&#8221;)<\/em><\/strong><\/p>\n<p><strong><em>\u00a0<\/em><\/strong><\/p>\n<p><strong><em>\u00a0<\/em><\/strong><\/p>\n<p><strong>Da reda\u00e7\u00e3o.<\/strong><\/p>\n<p>Em tempo de desencontros patrocinados pela \u201cdesinforma\u00e7\u00e3o\u201d em todas as \u00e1reas do Mercado, ainda, em n\u00edvel GLOCAL, ou seja, do Global para o Local, faz-se necess\u00e1rio estar em conex\u00e3o com a Reflex\u00e3o Cr\u00edtica.<\/p>\n<p>Desta forma, todas as denominadas \u201cci\u00eancias\u201d est\u00e3o comprometidas com o desenvolvimento do \u201cser humano\u201d por meio do avan\u00e7o tecnol\u00f3gico.<\/p>\n<p>Por\u00e9m, existe a necessidade da busca constante pelas descobertas que tenham como objetivo fundamental, o bem estar \u201csocial\u201d para todos\/as aqueles\/as que est\u00e3o neste contexto plural.<\/p>\n<p><strong>Dracena e Contabilidade<\/strong><\/p>\n<p>Aproveitando o momento atual que o mundo est\u00e1 passando, tendo em vista os desmandos do Governo patrocinado pelo \u201cTio Sam\u201d, ou seja, EUA- Estados Unidos da Am\u00e9rica, esteve nesta quinta-feira, 31, no Programa Pauta Aberta, <strong>PABLO SANDU<\/strong>.<\/p>\n<p><strong>PABLO<\/strong> destacou suas origens familiares na cidade de DRACENA, bem como, a forma\u00e7\u00e3o acad\u00eamica em CI\u00caNCIAS CONTABEIS, tamb\u00e9m, respeitada como CONTABILIDADE, ainda, como mestrando nesta \u00e1rea na UEM- Universidade Estadual de Maring\u00e1 (defesa de Mestrado prevista para este m\u00eas (Agosto).<\/p>\n<p>Deve-se registrar que foram muitas \u201cconversa\u00e7\u00f5es\u201d sobre diversos temas e tem\u00e1ticas, tendo em vista que PABLO possui uma vasta experi\u00eancia na \u00e1rea \u201ccont\u00e1bil\u201d, tendo atuado em diversas cidades e empresas que atuam nesta \u00e1rea.<\/p>\n<p><strong>Equipe e apoios<\/strong><\/p>\n<p>O Programa PAUTA ABERTA conta com o apoio cultural da <strong>ESPA\u00c7O ROCK STORE<\/strong> (facebook: espa\u00e7o rock-store ou @espa\u00e7orock ou 18.99707.9175 com Paulo); tamb\u00e9m, apoio institucional da <strong>C\u00c1TEDRA UNESCO\/UMESP DE COMUNICA\u00c7\u00c3O PARA O DESENVOLVIMENTO REGIONAL.<\/strong><\/p>\n<p>A equipe de apoio: <em>JAQUELINE BORGES e CRIS ALLYSSON<\/em> (trabalhos t\u00e9cnicos\/edi\u00e7\u00f5es de v\u00eddeo e \u00e1udio\/fotografia); <em>GILSON LEANDRO<\/em> (assessoria de mkt\/divulga\u00e7\u00e3o\/fotografia); <em>JO\u00c3O C\u00c9SAR PRADO<\/em> (Jornalista respons\u00e1vel pela R\u00e1dio LIFE FM e Coordena\u00e7\u00e3o editorial, dire\u00e7\u00e3o, apresenta\u00e7\u00e3o e jornalista respons\u00e1vel, <em>S\u00c9RGIO BARBOSA (seb@r)<\/em>.<\/p>\n<p>&nbsp;<\/p>\n<div class='flex flex-wrap items-center -mx-1'>\r\n<a class='thumbnail gallery p-1 w-1\/2 md:w-1\/4' href='https:\/\/radiolifefm.com.br\/noticias\/wp-content\/uploads\/2025\/08\/WhatsApp-Image-2025-07-31-at-19.54.50.jpeg'><img class='border border-white' src='https:\/\/radiolifefm.com.br\/noticias\/wp-content\/uploads\/2025\/08\/WhatsApp-Image-2025-07-31-at-19.54.50-200x200.jpeg' alt='WhatsApp Image 2025 07 31 At 19.54.50' \/><\/a><a class='thumbnail gallery p-1 w-1\/2 md:w-1\/4' href='https:\/\/radiolifefm.com.br\/noticias\/wp-content\/uploads\/2025\/08\/WhatsApp-Image-2025-07-31-at-19.54.49-1.jpeg'><img class='border border-white' src='https:\/\/radiolifefm.com.br\/noticias\/wp-content\/uploads\/2025\/08\/WhatsApp-Image-2025-07-31-at-19.54.49-1-200x200.jpeg' alt='WhatsApp Image 2025 07 31 At 19.54.49 (1)' \/><\/a><a class='thumbnail gallery p-1 w-1\/2 md:w-1\/4' href='https:\/\/radiolifefm.com.br\/noticias\/wp-content\/uploads\/2025\/08\/WhatsApp-Image-2025-07-31-at-19.54.49-2.jpeg'><img class='border border-white' src='https:\/\/radiolifefm.com.br\/noticias\/wp-content\/uploads\/2025\/08\/WhatsApp-Image-2025-07-31-at-19.54.49-2-200x200.jpeg' alt='WhatsApp Image 2025 07 31 At 19.54.49 (2)' \/><\/a><\/div>\n","protected":false},"excerpt":{"rendered":"<p>\u201cNa contabilidade da vida \u00e9 melhor ser credor do que devedor. Somos credores quando ajudamos as pessoas a se tornarem melhores e devedores quando as prejudicamos. Sejamos conscientes de nossas a\u00e7\u00f5es para manter sempre o saldo positivo.\u201d (Dami\u00e3o Maximino) \u201cO sino \u00e9 o nume protetor da cidade, em torno do qual todos os habitantes se [&hellip;]<\/p>\n","protected":false},"author":13,"featured_media":103750,"comment_status":"closed","ping_status":"open","sticky":false,"template":"","format":"standard","meta":{"_acf_changed":false,"_exactmetrics_skip_tracking":false,"_exactmetrics_sitenote_active":false,"_exactmetrics_sitenote_note":"","_exactmetrics_sitenote_category":0,"footnotes":""},"categories":[59],"tags":[],"class_list":["post-103749","post","type-post","status-publish","format-standard","has-post-thumbnail","hentry","category-opiniao"],"acf":[],"yoast_head":"<!-- This site is optimized with the Yoast SEO plugin v27.2 - https:\/\/yoast.com\/product\/yoast-seo-wordpress\/ -->\n<title>Dracena e Contabilidade no Pauta Aberta - R\u00e1dio Life FM<\/title>\n<meta name=\"robots\" content=\"index, follow, max-snippet:-1, max-image-preview:large, max-video-preview:-1\" \/>\n<link rel=\"canonical\" href=\"https:\/\/radiolifefm.com.br\/noticias\/dracena-e-contabilidade-no-pauta-aberta\/\" \/>\n<meta property=\"og:locale\" content=\"pt_BR\" \/>\n<meta property=\"og:type\" content=\"article\" \/>\n<meta property=\"og:title\" content=\"Dracena e Contabilidade no Pauta Aberta - R\u00e1dio Life FM\" \/>\n<meta property=\"og:description\" content=\"\u201cNa contabilidade da vida \u00e9 melhor ser credor do que devedor. Somos credores quando ajudamos as pessoas a se tornarem melhores e devedores quando as prejudicamos. Sejamos conscientes de nossas a\u00e7\u00f5es para manter sempre o saldo positivo.\u201d (Dami\u00e3o Maximino) \u201cO sino \u00e9 o nume protetor da cidade, em torno do qual todos os habitantes se [&hellip;]\" \/>\n<meta property=\"og:url\" content=\"https:\/\/radiolifefm.com.br\/noticias\/dracena-e-contabilidade-no-pauta-aberta\/\" \/>\n<meta property=\"og:site_name\" content=\"R\u00e1dio Life FM\" \/>\n<meta property=\"article:publisher\" content=\"https:\/\/www.facebook.com\/radiolifefm\/\" \/>\n<meta property=\"article:published_time\" content=\"2025-08-01T14:18:56+00:00\" \/>\n<meta property=\"article:modified_time\" content=\"2026-03-23T09:34:51+00:00\" \/>\n<meta property=\"og:image\" content=\"https:\/\/radiolifefm.com.br\/noticias\/wp-content\/uploads\/2025\/08\/WhatsApp-Image-2025-07-31-at-19.54.30.jpeg\" \/>\n\t<meta property=\"og:image:width\" content=\"1080\" \/>\n\t<meta property=\"og:image:height\" content=\"1080\" \/>\n\t<meta property=\"og:image:type\" content=\"image\/jpeg\" \/>\n<meta name=\"author\" content=\"ritanery\" \/>\n<meta name=\"twitter:card\" content=\"summary_large_image\" \/>\n<meta name=\"twitter:label1\" content=\"Escrito por\" \/>\n\t<meta name=\"twitter:data1\" content=\"ritanery\" \/>\n\t<meta name=\"twitter:label2\" content=\"Est. tempo de leitura\" \/>\n\t<meta name=\"twitter:data2\" content=\"3 minutos\" \/>\n<script type=\"application\/ld+json\" class=\"yoast-schema-graph\">{\"@context\":\"https:\/\/schema.org\",\"@graph\":[{\"@type\":\"Article\",\"@id\":\"https:\/\/radiolifefm.com.br\/noticias\/dracena-e-contabilidade-no-pauta-aberta\/#article\",\"isPartOf\":{\"@id\":\"https:\/\/radiolifefm.com.br\/noticias\/dracena-e-contabilidade-no-pauta-aberta\/\"},\"author\":{\"name\":\"ritanery\",\"@id\":\"https:\/\/radiolifefm.com.br\/noticias\/#\/schema\/person\/6339b9fac59d12b071dec680d7375d87\"},\"headline\":\"Dracena e Contabilidade no Pauta Aberta\",\"datePublished\":\"2025-08-01T14:18:56+00:00\",\"dateModified\":\"2026-03-23T09:34:51+00:00\",\"mainEntityOfPage\":{\"@id\":\"https:\/\/radiolifefm.com.br\/noticias\/dracena-e-contabilidade-no-pauta-aberta\/\"},\"wordCount\":401,\"publisher\":{\"@id\":\"https:\/\/radiolifefm.com.br\/noticias\/#organization\"},\"image\":{\"@id\":\"https:\/\/radiolifefm.com.br\/noticias\/dracena-e-contabilidade-no-pauta-aberta\/#primaryimage\"},\"thumbnailUrl\":\"https:\/\/radiolifefm.com.br\/noticias\/wp-content\/uploads\/2025\/08\/WhatsApp-Image-2025-07-31-at-19.54.30.jpeg\",\"articleSection\":[\"Opini\u00e3o\"],\"inLanguage\":\"pt-BR\"},{\"@type\":\"WebPage\",\"@id\":\"https:\/\/radiolifefm.com.br\/noticias\/dracena-e-contabilidade-no-pauta-aberta\/\",\"url\":\"https:\/\/radiolifefm.com.br\/noticias\/dracena-e-contabilidade-no-pauta-aberta\/\",\"name\":\"Dracena e Contabilidade no Pauta Aberta - R\u00e1dio Life FM\",\"isPartOf\":{\"@id\":\"https:\/\/radiolifefm.com.br\/noticias\/#website\"},\"primaryImageOfPage\":{\"@id\":\"https:\/\/radiolifefm.com.br\/noticias\/dracena-e-contabilidade-no-pauta-aberta\/#primaryimage\"},\"image\":{\"@id\":\"https:\/\/radiolifefm.com.br\/noticias\/dracena-e-contabilidade-no-pauta-aberta\/#primaryimage\"},\"thumbnailUrl\":\"https:\/\/radiolifefm.com.br\/noticias\/wp-content\/uploads\/2025\/08\/WhatsApp-Image-2025-07-31-at-19.54.30.jpeg\",\"datePublished\":\"2025-08-01T14:18:56+00:00\",\"dateModified\":\"2026-03-23T09:34:51+00:00\",\"breadcrumb\":{\"@id\":\"https:\/\/radiolifefm.com.br\/noticias\/dracena-e-contabilidade-no-pauta-aberta\/#breadcrumb\"},\"inLanguage\":\"pt-BR\",\"potentialAction\":[{\"@type\":\"ReadAction\",\"target\":[\"https:\/\/radiolifefm.com.br\/noticias\/dracena-e-contabilidade-no-pauta-aberta\/\"]}]},{\"@type\":\"ImageObject\",\"inLanguage\":\"pt-BR\",\"@id\":\"https:\/\/radiolifefm.com.br\/noticias\/dracena-e-contabilidade-no-pauta-aberta\/#primaryimage\",\"url\":\"https:\/\/radiolifefm.com.br\/noticias\/wp-content\/uploads\/2025\/08\/WhatsApp-Image-2025-07-31-at-19.54.30.jpeg\",\"contentUrl\":\"https:\/\/radiolifefm.com.br\/noticias\/wp-content\/uploads\/2025\/08\/WhatsApp-Image-2025-07-31-at-19.54.30.jpeg\",\"width\":1080,\"height\":1080,\"caption\":\"Seb@r e Pablo\"},{\"@type\":\"BreadcrumbList\",\"@id\":\"https:\/\/radiolifefm.com.br\/noticias\/dracena-e-contabilidade-no-pauta-aberta\/#breadcrumb\",\"itemListElement\":[{\"@type\":\"ListItem\",\"position\":1,\"name\":\"In\u00edcio\",\"item\":\"https:\/\/radiolifefm.com.br\/noticias\/\"},{\"@type\":\"ListItem\",\"position\":2,\"name\":\"Dracena e Contabilidade no Pauta Aberta\"}]},{\"@type\":\"WebSite\",\"@id\":\"https:\/\/radiolifefm.com.br\/noticias\/#website\",\"url\":\"https:\/\/radiolifefm.com.br\/noticias\/\",\"name\":\"R\u00e1dio Life FM\",\"description\":\"O Portal de Not\u00edcias de Adamantina\",\"publisher\":{\"@id\":\"https:\/\/radiolifefm.com.br\/noticias\/#organization\"},\"alternateName\":\"Life FM\",\"potentialAction\":[{\"@type\":\"SearchAction\",\"target\":{\"@type\":\"EntryPoint\",\"urlTemplate\":\"https:\/\/radiolifefm.com.br\/noticias\/?s={search_term_string}\"},\"query-input\":{\"@type\":\"PropertyValueSpecification\",\"valueRequired\":true,\"valueName\":\"search_term_string\"}}],\"inLanguage\":\"pt-BR\"},{\"@type\":\"Organization\",\"@id\":\"https:\/\/radiolifefm.com.br\/noticias\/#organization\",\"name\":\"R\u00e1dio Life FM\",\"alternateName\":\"Life FM\",\"url\":\"https:\/\/radiolifefm.com.br\/noticias\/\",\"logo\":{\"@type\":\"ImageObject\",\"inLanguage\":\"pt-BR\",\"@id\":\"https:\/\/radiolifefm.com.br\/noticias\/#\/schema\/logo\/image\/\",\"url\":\"https:\/\/static.radiolifefm.com.br\/noticias\/wp-content\/uploads\/2019\/10\/logo-lifefm.png\",\"contentUrl\":\"https:\/\/static.radiolifefm.com.br\/noticias\/wp-content\/uploads\/2019\/10\/logo-lifefm.png\",\"width\":196,\"height\":47,\"caption\":\"R\u00e1dio Life FM\"},\"image\":{\"@id\":\"https:\/\/radiolifefm.com.br\/noticias\/#\/schema\/logo\/image\/\"},\"sameAs\":[\"https:\/\/www.facebook.com\/radiolifefm\/\",\"https:\/\/www.instagram.com\/life1079fm\/\"]},{\"@type\":\"Person\",\"@id\":\"https:\/\/radiolifefm.com.br\/noticias\/#\/schema\/person\/6339b9fac59d12b071dec680d7375d87\",\"name\":\"ritanery\",\"image\":{\"@type\":\"ImageObject\",\"inLanguage\":\"pt-BR\",\"@id\":\"https:\/\/secure.gravatar.com\/avatar\/0e37bb19071f47c0b8a23f62a903df117c5a0e75f65a0c2901562f97cd41cf86?s=96&d=mm&r=g\",\"url\":\"https:\/\/secure.gravatar.com\/avatar\/0e37bb19071f47c0b8a23f62a903df117c5a0e75f65a0c2901562f97cd41cf86?s=96&d=mm&r=g\",\"contentUrl\":\"https:\/\/secure.gravatar.com\/avatar\/0e37bb19071f47c0b8a23f62a903df117c5a0e75f65a0c2901562f97cd41cf86?s=96&d=mm&r=g\",\"caption\":\"ritanery\"}}]}<\/script>\n<!-- \/ Yoast SEO plugin. -->","yoast_head_json":{"title":"Dracena e Contabilidade no Pauta Aberta - R\u00e1dio Life FM","robots":{"index":"index","follow":"follow","max-snippet":"max-snippet:-1","max-image-preview":"max-image-preview:large","max-video-preview":"max-video-preview:-1"},"canonical":"https:\/\/radiolifefm.com.br\/noticias\/dracena-e-contabilidade-no-pauta-aberta\/","og_locale":"pt_BR","og_type":"article","og_title":"Dracena e Contabilidade no Pauta Aberta - R\u00e1dio Life FM","og_description":"\u201cNa contabilidade da vida \u00e9 melhor ser credor do que devedor. Somos credores quando ajudamos as pessoas a se tornarem melhores e devedores quando as prejudicamos. Sejamos conscientes de nossas a\u00e7\u00f5es para manter sempre o saldo positivo.\u201d (Dami\u00e3o Maximino) \u201cO sino \u00e9 o nume protetor da cidade, em torno do qual todos os habitantes se [&hellip;]","og_url":"https:\/\/radiolifefm.com.br\/noticias\/dracena-e-contabilidade-no-pauta-aberta\/","og_site_name":"R\u00e1dio Life FM","article_publisher":"https:\/\/www.facebook.com\/radiolifefm\/","article_published_time":"2025-08-01T14:18:56+00:00","article_modified_time":"2026-03-23T09:34:51+00:00","og_image":[{"width":1080,"height":1080,"url":"https:\/\/radiolifefm.com.br\/noticias\/wp-content\/uploads\/2025\/08\/WhatsApp-Image-2025-07-31-at-19.54.30.jpeg","type":"image\/jpeg"}],"author":"ritanery","twitter_card":"summary_large_image","twitter_misc":{"Escrito por":"ritanery","Est. tempo de leitura":"3 minutos"},"schema":{"@context":"https:\/\/schema.org","@graph":[{"@type":"Article","@id":"https:\/\/radiolifefm.com.br\/noticias\/dracena-e-contabilidade-no-pauta-aberta\/#article","isPartOf":{"@id":"https:\/\/radiolifefm.com.br\/noticias\/dracena-e-contabilidade-no-pauta-aberta\/"},"author":{"name":"ritanery","@id":"https:\/\/radiolifefm.com.br\/noticias\/#\/schema\/person\/6339b9fac59d12b071dec680d7375d87"},"headline":"Dracena e Contabilidade no Pauta Aberta","datePublished":"2025-08-01T14:18:56+00:00","dateModified":"2026-03-23T09:34:51+00:00","mainEntityOfPage":{"@id":"https:\/\/radiolifefm.com.br\/noticias\/dracena-e-contabilidade-no-pauta-aberta\/"},"wordCount":401,"publisher":{"@id":"https:\/\/radiolifefm.com.br\/noticias\/#organization"},"image":{"@id":"https:\/\/radiolifefm.com.br\/noticias\/dracena-e-contabilidade-no-pauta-aberta\/#primaryimage"},"thumbnailUrl":"https:\/\/radiolifefm.com.br\/noticias\/wp-content\/uploads\/2025\/08\/WhatsApp-Image-2025-07-31-at-19.54.30.jpeg","articleSection":["Opini\u00e3o"],"inLanguage":"pt-BR"},{"@type":"WebPage","@id":"https:\/\/radiolifefm.com.br\/noticias\/dracena-e-contabilidade-no-pauta-aberta\/","url":"https:\/\/radiolifefm.com.br\/noticias\/dracena-e-contabilidade-no-pauta-aberta\/","name":"Dracena e Contabilidade no Pauta Aberta - R\u00e1dio Life FM","isPartOf":{"@id":"https:\/\/radiolifefm.com.br\/noticias\/#website"},"primaryImageOfPage":{"@id":"https:\/\/radiolifefm.com.br\/noticias\/dracena-e-contabilidade-no-pauta-aberta\/#primaryimage"},"image":{"@id":"https:\/\/radiolifefm.com.br\/noticias\/dracena-e-contabilidade-no-pauta-aberta\/#primaryimage"},"thumbnailUrl":"https:\/\/radiolifefm.com.br\/noticias\/wp-content\/uploads\/2025\/08\/WhatsApp-Image-2025-07-31-at-19.54.30.jpeg","datePublished":"2025-08-01T14:18:56+00:00","dateModified":"2026-03-23T09:34:51+00:00","breadcrumb":{"@id":"https:\/\/radiolifefm.com.br\/noticias\/dracena-e-contabilidade-no-pauta-aberta\/#breadcrumb"},"inLanguage":"pt-BR","potentialAction":[{"@type":"ReadAction","target":["https:\/\/radiolifefm.com.br\/noticias\/dracena-e-contabilidade-no-pauta-aberta\/"]}]},{"@type":"ImageObject","inLanguage":"pt-BR","@id":"https:\/\/radiolifefm.com.br\/noticias\/dracena-e-contabilidade-no-pauta-aberta\/#primaryimage","url":"https:\/\/radiolifefm.com.br\/noticias\/wp-content\/uploads\/2025\/08\/WhatsApp-Image-2025-07-31-at-19.54.30.jpeg","contentUrl":"https:\/\/radiolifefm.com.br\/noticias\/wp-content\/uploads\/2025\/08\/WhatsApp-Image-2025-07-31-at-19.54.30.jpeg","width":1080,"height":1080,"caption":"Seb@r e Pablo"},{"@type":"BreadcrumbList","@id":"https:\/\/radiolifefm.com.br\/noticias\/dracena-e-contabilidade-no-pauta-aberta\/#breadcrumb","itemListElement":[{"@type":"ListItem","position":1,"name":"In\u00edcio","item":"https:\/\/radiolifefm.com.br\/noticias\/"},{"@type":"ListItem","position":2,"name":"Dracena e Contabilidade no Pauta Aberta"}]},{"@type":"WebSite","@id":"https:\/\/radiolifefm.com.br\/noticias\/#website","url":"https:\/\/radiolifefm.com.br\/noticias\/","name":"R\u00e1dio Life FM","description":"O Portal de Not\u00edcias de Adamantina","publisher":{"@id":"https:\/\/radiolifefm.com.br\/noticias\/#organization"},"alternateName":"Life FM","potentialAction":[{"@type":"SearchAction","target":{"@type":"EntryPoint","urlTemplate":"https:\/\/radiolifefm.com.br\/noticias\/?s={search_term_string}"},"query-input":{"@type":"PropertyValueSpecification","valueRequired":true,"valueName":"search_term_string"}}],"inLanguage":"pt-BR"},{"@type":"Organization","@id":"https:\/\/radiolifefm.com.br\/noticias\/#organization","name":"R\u00e1dio Life FM","alternateName":"Life FM","url":"https:\/\/radiolifefm.com.br\/noticias\/","logo":{"@type":"ImageObject","inLanguage":"pt-BR","@id":"https:\/\/radiolifefm.com.br\/noticias\/#\/schema\/logo\/image\/","url":"https:\/\/static.radiolifefm.com.br\/noticias\/wp-content\/uploads\/2019\/10\/logo-lifefm.png","contentUrl":"https:\/\/static.radiolifefm.com.br\/noticias\/wp-content\/uploads\/2019\/10\/logo-lifefm.png","width":196,"height":47,"caption":"R\u00e1dio Life FM"},"image":{"@id":"https:\/\/radiolifefm.com.br\/noticias\/#\/schema\/logo\/image\/"},"sameAs":["https:\/\/www.facebook.com\/radiolifefm\/","https:\/\/www.instagram.com\/life1079fm\/"]},{"@type":"Person","@id":"https:\/\/radiolifefm.com.br\/noticias\/#\/schema\/person\/6339b9fac59d12b071dec680d7375d87","name":"ritanery","image":{"@type":"ImageObject","inLanguage":"pt-BR","@id":"https:\/\/secure.gravatar.com\/avatar\/0e37bb19071f47c0b8a23f62a903df117c5a0e75f65a0c2901562f97cd41cf86?s=96&d=mm&r=g","url":"https:\/\/secure.gravatar.com\/avatar\/0e37bb19071f47c0b8a23f62a903df117c5a0e75f65a0c2901562f97cd41cf86?s=96&d=mm&r=g","contentUrl":"https:\/\/secure.gravatar.com\/avatar\/0e37bb19071f47c0b8a23f62a903df117c5a0e75f65a0c2901562f97cd41cf86?s=96&d=mm&r=g","caption":"ritanery"}}]}},"amp_enabled":true,"_links":{"self":[{"href":"https:\/\/radiolifefm.com.br\/noticias\/wp-json\/wp\/v2\/posts\/103749","targetHints":{"allow":["GET"]}}],"collection":[{"href":"https:\/\/radiolifefm.com.br\/noticias\/wp-json\/wp\/v2\/posts"}],"about":[{"href":"https:\/\/radiolifefm.com.br\/noticias\/wp-json\/wp\/v2\/types\/post"}],"author":[{"embeddable":true,"href":"https:\/\/radiolifefm.com.br\/noticias\/wp-json\/wp\/v2\/users\/13"}],"replies":[{"embeddable":true,"href":"https:\/\/radiolifefm.com.br\/noticias\/wp-json\/wp\/v2\/comments?post=103749"}],"version-history":[{"count":1,"href":"https:\/\/radiolifefm.com.br\/noticias\/wp-json\/wp\/v2\/posts\/103749\/revisions"}],"predecessor-version":[{"id":103754,"href":"https:\/\/radiolifefm.com.br\/noticias\/wp-json\/wp\/v2\/posts\/103749\/revisions\/103754"}],"wp:featuredmedia":[{"embeddable":true,"href":"https:\/\/radiolifefm.com.br\/noticias\/wp-json\/wp\/v2\/media\/103750"}],"wp:attachment":[{"href":"https:\/\/radiolifefm.com.br\/noticias\/wp-json\/wp\/v2\/media?parent=103749"}],"wp:term":[{"taxonomy":"category","embeddable":true,"href":"https:\/\/radiolifefm.com.br\/noticias\/wp-json\/wp\/v2\/categories?post=103749"},{"taxonomy":"post_tag","embeddable":true,"href":"https:\/\/radiolifefm.com.br\/noticias\/wp-json\/wp\/v2\/tags?post=103749"}],"curies":[{"name":"wp","href":"https:\/\/api.w.org\/{rel}","templated":true}]}}