{"id":103696,"date":"2025-07-30T19:49:14","date_gmt":"2025-07-30T22:49:14","guid":{"rendered":"https:\/\/radiolifefm.com.br\/noticias\/?p=103696"},"modified":"2026-02-02T09:48:00","modified_gmt":"2026-02-02T12:48:00","slug":"a-provincia-entre-todos-os-lados-de-um-mesmo-lado","status":"publish","type":"post","link":"https:\/\/radiolifefm.com.br\/noticias\/a-provincia-entre-todos-os-lados-de-um-mesmo-lado\/","title":{"rendered":"A Prov\u00edncia entre todos os lados de um mesmo lado&#8230;"},"content":{"rendered":"<div id=\"fb-root\"><\/div>\n<p><em>\u2013 \u201cUma rep\u00fablica sem cidad\u00e3os de boa reputa\u00e7\u00e3o n\u00e3o pode existir nem ser bem governada; por outro lado, a reputa\u00e7\u00e3o dos cidad\u00e3os \u00e9 motivo de tirania das rep\u00fablicas\u201d.<\/em><\/p>\n<p><em>\u2013 \u201cO primeiro m\u00e9todo para estimar a intelig\u00eancia de um governante \u00e9 olhar para os homens que tem \u00e0 sua volta\u201c.<\/em><\/p>\n<p><em>\u2013 \u201cQuero ir para o inferno, n\u00e3o para o c\u00e9u. No inferno, gozarei da presen\u00e7a de papas, reis e pr\u00edncipes. No c\u00e9u, s\u00f3 terei por companhia mendigos, monges, eremitas e ap\u00f3stolos\u201d.<\/em><\/p>\n<p><em>\u2013 \u201cGovernar \u00e9 fazer acreditar\u201d.<\/em><\/p>\n<p><em>\u2013 \u201cAquele que quer ser tirano e n\u00e3o mata a Bruto e o que quer estabelecer um Estado livre e n\u00e3o mata os filhos de Bruto, s\u00f3 por breve tempo conservar\u00e1 sua obra\u201d.<\/em><\/p>\n<p><em>\u2013 \u201cComo \u00e9 perigoso libertar um povo&#8221;<\/em><\/p>\n<p><em>(Frases de Maqui\u00e1vel)<\/em><\/p>\n<p><strong>S\u00e9rgio Barbosa (*)<\/strong><\/p>\n<p>Entre perdas e ganhos, pode-se escrever que a Prov\u00edncia continua quase sempre no mesmo lugar, ou seja, quando se pensa que a coisa vai, sempre ocorre alguma coisa que acaba emperrando isto ou aquilo em terras provincianas&#8230;<\/p>\n<p>Por exemplo, projetos aprovados pelo legislativo aqui e depois, tudo volta a mesmice de sempre, nestes ocasos, pode-se tentar entender o que ocorreu, por\u00e9m, sem compreender isto ou aquilo&#8230;<\/p>\n<p>Tal qual os muitos pin\u00f3quios que existem em todos os cantos desta ou daquela Prov\u00edncia, tamb\u00e9m, est\u00e3o mais do que presentes os\/as legisladores\/as deste novo tempo novo e vamos que vamos, ainda, de um jeito ou de outro&#8230;<\/p>\n<p>Afirmou o pensador do outro tempo que &#8220;o poder corrompe&#8221;, todavia, cada qual deve saber como sair desta ou daquela situa\u00e7\u00e3o quando alguma coisa ocorre sem mais e sem menos&#8230;<\/p>\n<p>Pra variar, os ru\u00eddos continuam circulando pelas ruas, esquinas, avenidas, padarias e pastelarias da regi\u00e3o central provinciana, assim, n\u00e3o se pode &#8220;dormir de toca&#8221; neste cen\u00e1rio nebuloso para todos os lados de um mesmo lado&#8230;<\/p>\n<p>O mais complicado neste contexto est\u00e1 inserido nos desencontros patrocinados pelos tais aventureiros de plant\u00e3o que marcam presen\u00e7a nos quatro cantos da Prov\u00edncia em nome do poder sublime de ocasi\u00e3o e tudo acaba ficando na mesmice de sempre&#8230;<\/p>\n<p>Ainda, as promessas est\u00e3o registradas nos anais do desenvolvimento para uma reflex\u00e3o cr\u00edtica nesta Prov\u00edncia mais do que prometida pelo &#8220;Senhor&#8221; que se coloca acima do bem e do mal&#8230;<\/p>\n<p>Al\u00e9m do mais ou de menos neste cen\u00e1rio local, prevalece sempre os interesses da minoria frente aos interesses da maioria dos\/as provincianos\/as, haja vista que &#8220;nem tudo que reluz \u00e9 ouro&#8221; como afirma aquele dito popular&#8230;<\/p>\n<p>Entretanto, n\u00e3o se pode fazer de conta, tal qual os &#8220;contos da carochinha&#8221;, se bem que muitas pessoas continuam reproduzindo o denominado &#8220;senso comum&#8221; em nome dos seus interesses limitados&#8230;<\/p>\n<p>Mas, em tempo de &#8220;100 dias&#8221;, tudo pode, ainda, acontecer para a comunidade provinciana em tempo de promessas e assim por diante, portanto, nada melhor do que dar tempo ao tempo neste tempo da Prov\u00edncia&#8230;<\/p>\n<p>Na maioria dos ocasos entre os casos, fica sempre a mesma, ou seja, &#8220;o culpado \u00e9 sempre o outro&#8221;, tal afirma\u00e7\u00e3o ou limita\u00e7\u00e3o tem a ver com a nossa s\u00f3lida forma\u00e7\u00e3o ocidental e cristianizada pela cruz da salva\u00e7\u00e3o eterna em todos os tempos&#8230;<\/p>\n<p>Muitos preferem a tal &#8220;zona de conforto&#8221; para ficar na boca de espera de alguma coisa que pode n\u00e3o aparecer, por\u00e9m, um ou outro mais descolado disto e daquilo, sabe muito bem o que est\u00e1 ocorrendo em nome do poder pelo poder em busca do poder&#8230;<\/p>\n<p>A Prov\u00edncia pode tentar muitas alternativas nas \u00e1reas privada e p\u00fablica, entretanto, faz-se necess\u00e1rio estar em conex\u00e3o com as diversas a\u00e7\u00f5es estrat\u00e9gicas mediadas pelo marketing organizacional em tempo de p\u00f3s-globaliza\u00e7\u00e3o&#8230;<\/p>\n<p>Quem viver, vai ver&#8230;<\/p>\n<p>\u00ac\u00ac\u00ac\u00ac\u00ac\u00ac\u00ac\u00ac\u00ac\u00ac\u00ac\u00ac\u00ac\u00ac\u00ac\u00ac\u00ac\u00ac\u00ac\u00ac\u00ac\u00ac\u00ac\u00ac\u00ac\u00ac\u00ac\u00ac\u00ac________________________________<\/p>\n<p>(*) jornalista profissional diplomado \u2013 MTb No. 16.772\/SP \u2013 MS No. 18.209\/SJSP.<\/p>\n<p>e-mail: barbosa.sebar@gmail.com<\/p>\n<p>&nbsp;<\/p>\n<p>&nbsp;<\/p>\n","protected":false},"excerpt":{"rendered":"<p>\u2013 \u201cUma rep\u00fablica sem cidad\u00e3os de boa reputa\u00e7\u00e3o n\u00e3o pode existir nem ser bem governada; por outro lado, a reputa\u00e7\u00e3o dos cidad\u00e3os \u00e9 motivo de tirania das rep\u00fablicas\u201d. \u2013 \u201cO primeiro m\u00e9todo para estimar a intelig\u00eancia de um governante \u00e9 olhar para os homens que tem \u00e0 sua volta\u201c. \u2013 \u201cQuero ir para o inferno, [&hellip;]<\/p>\n","protected":false},"author":13,"featured_media":0,"comment_status":"closed","ping_status":"open","sticky":false,"template":"","format":"standard","meta":{"_acf_changed":false,"_exactmetrics_skip_tracking":false,"_exactmetrics_sitenote_active":false,"_exactmetrics_sitenote_note":"","_exactmetrics_sitenote_category":0,"footnotes":""},"categories":[59],"tags":[],"class_list":["post-103696","post","type-post","status-publish","format-standard","hentry","category-opiniao"],"acf":[],"yoast_head":"<!-- This site is optimized with the Yoast SEO plugin v27.2 - https:\/\/yoast.com\/product\/yoast-seo-wordpress\/ -->\n<title>A Prov\u00edncia entre todos os lados de um mesmo lado... - R\u00e1dio Life FM<\/title>\n<meta name=\"robots\" content=\"index, follow, max-snippet:-1, max-image-preview:large, max-video-preview:-1\" \/>\n<link rel=\"canonical\" href=\"https:\/\/radiolifefm.com.br\/noticias\/a-provincia-entre-todos-os-lados-de-um-mesmo-lado\/\" \/>\n<meta property=\"og:locale\" content=\"pt_BR\" \/>\n<meta property=\"og:type\" content=\"article\" \/>\n<meta property=\"og:title\" content=\"A Prov\u00edncia entre todos os lados de um mesmo lado... - R\u00e1dio Life FM\" \/>\n<meta property=\"og:description\" content=\"\u2013 \u201cUma rep\u00fablica sem cidad\u00e3os de boa reputa\u00e7\u00e3o n\u00e3o pode existir nem ser bem governada; por outro lado, a reputa\u00e7\u00e3o dos cidad\u00e3os \u00e9 motivo de tirania das rep\u00fablicas\u201d. \u2013 \u201cO primeiro m\u00e9todo para estimar a intelig\u00eancia de um governante \u00e9 olhar para os homens que tem \u00e0 sua volta\u201c. \u2013 \u201cQuero ir para o inferno, [&hellip;]\" \/>\n<meta property=\"og:url\" content=\"https:\/\/radiolifefm.com.br\/noticias\/a-provincia-entre-todos-os-lados-de-um-mesmo-lado\/\" \/>\n<meta property=\"og:site_name\" content=\"R\u00e1dio Life FM\" \/>\n<meta property=\"article:publisher\" content=\"https:\/\/www.facebook.com\/radiolifefm\/\" \/>\n<meta property=\"article:published_time\" content=\"2025-07-30T22:49:14+00:00\" \/>\n<meta property=\"article:modified_time\" content=\"2026-02-02T12:48:00+00:00\" \/>\n<meta name=\"author\" content=\"ritanery\" \/>\n<meta name=\"twitter:card\" content=\"summary_large_image\" \/>\n<meta name=\"twitter:label1\" content=\"Escrito por\" \/>\n\t<meta name=\"twitter:data1\" content=\"ritanery\" \/>\n\t<meta name=\"twitter:label2\" content=\"Est. tempo de leitura\" \/>\n\t<meta name=\"twitter:data2\" content=\"4 minutos\" \/>\n<script type=\"application\/ld+json\" class=\"yoast-schema-graph\">{\"@context\":\"https:\/\/schema.org\",\"@graph\":[{\"@type\":\"Article\",\"@id\":\"https:\/\/radiolifefm.com.br\/noticias\/a-provincia-entre-todos-os-lados-de-um-mesmo-lado\/#article\",\"isPartOf\":{\"@id\":\"https:\/\/radiolifefm.com.br\/noticias\/a-provincia-entre-todos-os-lados-de-um-mesmo-lado\/\"},\"author\":{\"name\":\"ritanery\",\"@id\":\"https:\/\/radiolifefm.com.br\/noticias\/#\/schema\/person\/6339b9fac59d12b071dec680d7375d87\"},\"headline\":\"A Prov\u00edncia entre todos os lados de um mesmo lado&#8230;\",\"datePublished\":\"2025-07-30T22:49:14+00:00\",\"dateModified\":\"2026-02-02T12:48:00+00:00\",\"mainEntityOfPage\":{\"@id\":\"https:\/\/radiolifefm.com.br\/noticias\/a-provincia-entre-todos-os-lados-de-um-mesmo-lado\/\"},\"wordCount\":665,\"publisher\":{\"@id\":\"https:\/\/radiolifefm.com.br\/noticias\/#organization\"},\"articleSection\":[\"Opini\u00e3o\"],\"inLanguage\":\"pt-BR\"},{\"@type\":\"WebPage\",\"@id\":\"https:\/\/radiolifefm.com.br\/noticias\/a-provincia-entre-todos-os-lados-de-um-mesmo-lado\/\",\"url\":\"https:\/\/radiolifefm.com.br\/noticias\/a-provincia-entre-todos-os-lados-de-um-mesmo-lado\/\",\"name\":\"A Prov\u00edncia entre todos os lados de um mesmo lado... - R\u00e1dio Life FM\",\"isPartOf\":{\"@id\":\"https:\/\/radiolifefm.com.br\/noticias\/#website\"},\"datePublished\":\"2025-07-30T22:49:14+00:00\",\"dateModified\":\"2026-02-02T12:48:00+00:00\",\"breadcrumb\":{\"@id\":\"https:\/\/radiolifefm.com.br\/noticias\/a-provincia-entre-todos-os-lados-de-um-mesmo-lado\/#breadcrumb\"},\"inLanguage\":\"pt-BR\",\"potentialAction\":[{\"@type\":\"ReadAction\",\"target\":[\"https:\/\/radiolifefm.com.br\/noticias\/a-provincia-entre-todos-os-lados-de-um-mesmo-lado\/\"]}]},{\"@type\":\"BreadcrumbList\",\"@id\":\"https:\/\/radiolifefm.com.br\/noticias\/a-provincia-entre-todos-os-lados-de-um-mesmo-lado\/#breadcrumb\",\"itemListElement\":[{\"@type\":\"ListItem\",\"position\":1,\"name\":\"In\u00edcio\",\"item\":\"https:\/\/radiolifefm.com.br\/noticias\/\"},{\"@type\":\"ListItem\",\"position\":2,\"name\":\"A Prov\u00edncia entre todos os lados de um mesmo lado&#8230;\"}]},{\"@type\":\"WebSite\",\"@id\":\"https:\/\/radiolifefm.com.br\/noticias\/#website\",\"url\":\"https:\/\/radiolifefm.com.br\/noticias\/\",\"name\":\"R\u00e1dio Life FM\",\"description\":\"O Portal de Not\u00edcias de Adamantina\",\"publisher\":{\"@id\":\"https:\/\/radiolifefm.com.br\/noticias\/#organization\"},\"alternateName\":\"Life FM\",\"potentialAction\":[{\"@type\":\"SearchAction\",\"target\":{\"@type\":\"EntryPoint\",\"urlTemplate\":\"https:\/\/radiolifefm.com.br\/noticias\/?s={search_term_string}\"},\"query-input\":{\"@type\":\"PropertyValueSpecification\",\"valueRequired\":true,\"valueName\":\"search_term_string\"}}],\"inLanguage\":\"pt-BR\"},{\"@type\":\"Organization\",\"@id\":\"https:\/\/radiolifefm.com.br\/noticias\/#organization\",\"name\":\"R\u00e1dio Life FM\",\"alternateName\":\"Life FM\",\"url\":\"https:\/\/radiolifefm.com.br\/noticias\/\",\"logo\":{\"@type\":\"ImageObject\",\"inLanguage\":\"pt-BR\",\"@id\":\"https:\/\/radiolifefm.com.br\/noticias\/#\/schema\/logo\/image\/\",\"url\":\"https:\/\/static.radiolifefm.com.br\/noticias\/wp-content\/uploads\/2019\/10\/logo-lifefm.png\",\"contentUrl\":\"https:\/\/static.radiolifefm.com.br\/noticias\/wp-content\/uploads\/2019\/10\/logo-lifefm.png\",\"width\":196,\"height\":47,\"caption\":\"R\u00e1dio Life FM\"},\"image\":{\"@id\":\"https:\/\/radiolifefm.com.br\/noticias\/#\/schema\/logo\/image\/\"},\"sameAs\":[\"https:\/\/www.facebook.com\/radiolifefm\/\",\"https:\/\/www.instagram.com\/life1079fm\/\"]},{\"@type\":\"Person\",\"@id\":\"https:\/\/radiolifefm.com.br\/noticias\/#\/schema\/person\/6339b9fac59d12b071dec680d7375d87\",\"name\":\"ritanery\",\"image\":{\"@type\":\"ImageObject\",\"inLanguage\":\"pt-BR\",\"@id\":\"https:\/\/secure.gravatar.com\/avatar\/0e37bb19071f47c0b8a23f62a903df117c5a0e75f65a0c2901562f97cd41cf86?s=96&d=mm&r=g\",\"url\":\"https:\/\/secure.gravatar.com\/avatar\/0e37bb19071f47c0b8a23f62a903df117c5a0e75f65a0c2901562f97cd41cf86?s=96&d=mm&r=g\",\"contentUrl\":\"https:\/\/secure.gravatar.com\/avatar\/0e37bb19071f47c0b8a23f62a903df117c5a0e75f65a0c2901562f97cd41cf86?s=96&d=mm&r=g\",\"caption\":\"ritanery\"}}]}<\/script>\n<!-- \/ Yoast SEO plugin. -->","yoast_head_json":{"title":"A Prov\u00edncia entre todos os lados de um mesmo lado... - R\u00e1dio Life FM","robots":{"index":"index","follow":"follow","max-snippet":"max-snippet:-1","max-image-preview":"max-image-preview:large","max-video-preview":"max-video-preview:-1"},"canonical":"https:\/\/radiolifefm.com.br\/noticias\/a-provincia-entre-todos-os-lados-de-um-mesmo-lado\/","og_locale":"pt_BR","og_type":"article","og_title":"A Prov\u00edncia entre todos os lados de um mesmo lado... - R\u00e1dio Life FM","og_description":"\u2013 \u201cUma rep\u00fablica sem cidad\u00e3os de boa reputa\u00e7\u00e3o n\u00e3o pode existir nem ser bem governada; por outro lado, a reputa\u00e7\u00e3o dos cidad\u00e3os \u00e9 motivo de tirania das rep\u00fablicas\u201d. \u2013 \u201cO primeiro m\u00e9todo para estimar a intelig\u00eancia de um governante \u00e9 olhar para os homens que tem \u00e0 sua volta\u201c. \u2013 \u201cQuero ir para o inferno, [&hellip;]","og_url":"https:\/\/radiolifefm.com.br\/noticias\/a-provincia-entre-todos-os-lados-de-um-mesmo-lado\/","og_site_name":"R\u00e1dio Life FM","article_publisher":"https:\/\/www.facebook.com\/radiolifefm\/","article_published_time":"2025-07-30T22:49:14+00:00","article_modified_time":"2026-02-02T12:48:00+00:00","author":"ritanery","twitter_card":"summary_large_image","twitter_misc":{"Escrito por":"ritanery","Est. tempo de leitura":"4 minutos"},"schema":{"@context":"https:\/\/schema.org","@graph":[{"@type":"Article","@id":"https:\/\/radiolifefm.com.br\/noticias\/a-provincia-entre-todos-os-lados-de-um-mesmo-lado\/#article","isPartOf":{"@id":"https:\/\/radiolifefm.com.br\/noticias\/a-provincia-entre-todos-os-lados-de-um-mesmo-lado\/"},"author":{"name":"ritanery","@id":"https:\/\/radiolifefm.com.br\/noticias\/#\/schema\/person\/6339b9fac59d12b071dec680d7375d87"},"headline":"A Prov\u00edncia entre todos os lados de um mesmo lado&#8230;","datePublished":"2025-07-30T22:49:14+00:00","dateModified":"2026-02-02T12:48:00+00:00","mainEntityOfPage":{"@id":"https:\/\/radiolifefm.com.br\/noticias\/a-provincia-entre-todos-os-lados-de-um-mesmo-lado\/"},"wordCount":665,"publisher":{"@id":"https:\/\/radiolifefm.com.br\/noticias\/#organization"},"articleSection":["Opini\u00e3o"],"inLanguage":"pt-BR"},{"@type":"WebPage","@id":"https:\/\/radiolifefm.com.br\/noticias\/a-provincia-entre-todos-os-lados-de-um-mesmo-lado\/","url":"https:\/\/radiolifefm.com.br\/noticias\/a-provincia-entre-todos-os-lados-de-um-mesmo-lado\/","name":"A Prov\u00edncia entre todos os lados de um mesmo lado... - R\u00e1dio Life FM","isPartOf":{"@id":"https:\/\/radiolifefm.com.br\/noticias\/#website"},"datePublished":"2025-07-30T22:49:14+00:00","dateModified":"2026-02-02T12:48:00+00:00","breadcrumb":{"@id":"https:\/\/radiolifefm.com.br\/noticias\/a-provincia-entre-todos-os-lados-de-um-mesmo-lado\/#breadcrumb"},"inLanguage":"pt-BR","potentialAction":[{"@type":"ReadAction","target":["https:\/\/radiolifefm.com.br\/noticias\/a-provincia-entre-todos-os-lados-de-um-mesmo-lado\/"]}]},{"@type":"BreadcrumbList","@id":"https:\/\/radiolifefm.com.br\/noticias\/a-provincia-entre-todos-os-lados-de-um-mesmo-lado\/#breadcrumb","itemListElement":[{"@type":"ListItem","position":1,"name":"In\u00edcio","item":"https:\/\/radiolifefm.com.br\/noticias\/"},{"@type":"ListItem","position":2,"name":"A Prov\u00edncia entre todos os lados de um mesmo lado&#8230;"}]},{"@type":"WebSite","@id":"https:\/\/radiolifefm.com.br\/noticias\/#website","url":"https:\/\/radiolifefm.com.br\/noticias\/","name":"R\u00e1dio Life FM","description":"O Portal de Not\u00edcias de Adamantina","publisher":{"@id":"https:\/\/radiolifefm.com.br\/noticias\/#organization"},"alternateName":"Life FM","potentialAction":[{"@type":"SearchAction","target":{"@type":"EntryPoint","urlTemplate":"https:\/\/radiolifefm.com.br\/noticias\/?s={search_term_string}"},"query-input":{"@type":"PropertyValueSpecification","valueRequired":true,"valueName":"search_term_string"}}],"inLanguage":"pt-BR"},{"@type":"Organization","@id":"https:\/\/radiolifefm.com.br\/noticias\/#organization","name":"R\u00e1dio Life FM","alternateName":"Life FM","url":"https:\/\/radiolifefm.com.br\/noticias\/","logo":{"@type":"ImageObject","inLanguage":"pt-BR","@id":"https:\/\/radiolifefm.com.br\/noticias\/#\/schema\/logo\/image\/","url":"https:\/\/static.radiolifefm.com.br\/noticias\/wp-content\/uploads\/2019\/10\/logo-lifefm.png","contentUrl":"https:\/\/static.radiolifefm.com.br\/noticias\/wp-content\/uploads\/2019\/10\/logo-lifefm.png","width":196,"height":47,"caption":"R\u00e1dio Life FM"},"image":{"@id":"https:\/\/radiolifefm.com.br\/noticias\/#\/schema\/logo\/image\/"},"sameAs":["https:\/\/www.facebook.com\/radiolifefm\/","https:\/\/www.instagram.com\/life1079fm\/"]},{"@type":"Person","@id":"https:\/\/radiolifefm.com.br\/noticias\/#\/schema\/person\/6339b9fac59d12b071dec680d7375d87","name":"ritanery","image":{"@type":"ImageObject","inLanguage":"pt-BR","@id":"https:\/\/secure.gravatar.com\/avatar\/0e37bb19071f47c0b8a23f62a903df117c5a0e75f65a0c2901562f97cd41cf86?s=96&d=mm&r=g","url":"https:\/\/secure.gravatar.com\/avatar\/0e37bb19071f47c0b8a23f62a903df117c5a0e75f65a0c2901562f97cd41cf86?s=96&d=mm&r=g","contentUrl":"https:\/\/secure.gravatar.com\/avatar\/0e37bb19071f47c0b8a23f62a903df117c5a0e75f65a0c2901562f97cd41cf86?s=96&d=mm&r=g","caption":"ritanery"}}]}},"amp_enabled":true,"_links":{"self":[{"href":"https:\/\/radiolifefm.com.br\/noticias\/wp-json\/wp\/v2\/posts\/103696","targetHints":{"allow":["GET"]}}],"collection":[{"href":"https:\/\/radiolifefm.com.br\/noticias\/wp-json\/wp\/v2\/posts"}],"about":[{"href":"https:\/\/radiolifefm.com.br\/noticias\/wp-json\/wp\/v2\/types\/post"}],"author":[{"embeddable":true,"href":"https:\/\/radiolifefm.com.br\/noticias\/wp-json\/wp\/v2\/users\/13"}],"replies":[{"embeddable":true,"href":"https:\/\/radiolifefm.com.br\/noticias\/wp-json\/wp\/v2\/comments?post=103696"}],"version-history":[{"count":4,"href":"https:\/\/radiolifefm.com.br\/noticias\/wp-json\/wp\/v2\/posts\/103696\/revisions"}],"predecessor-version":[{"id":103700,"href":"https:\/\/radiolifefm.com.br\/noticias\/wp-json\/wp\/v2\/posts\/103696\/revisions\/103700"}],"wp:attachment":[{"href":"https:\/\/radiolifefm.com.br\/noticias\/wp-json\/wp\/v2\/media?parent=103696"}],"wp:term":[{"taxonomy":"category","embeddable":true,"href":"https:\/\/radiolifefm.com.br\/noticias\/wp-json\/wp\/v2\/categories?post=103696"},{"taxonomy":"post_tag","embeddable":true,"href":"https:\/\/radiolifefm.com.br\/noticias\/wp-json\/wp\/v2\/tags?post=103696"}],"curies":[{"name":"wp","href":"https:\/\/api.w.org\/{rel}","templated":true}]}}