{"id":103585,"date":"2025-07-28T14:27:11","date_gmt":"2025-07-28T17:27:11","guid":{"rendered":"https:\/\/radiolifefm.com.br\/noticias\/?p=103585"},"modified":"2026-04-18T15:19:39","modified_gmt":"2026-04-18T18:19:39","slug":"provincia-patriotarios-as-e-mentes-mediocres-2","status":"publish","type":"post","link":"https:\/\/radiolifefm.com.br\/noticias\/provincia-patriotarios-as-e-mentes-mediocres-2\/","title":{"rendered":"Prov\u00edncia, patriot\u00e1rios\/as e mentes med\u00edocres&#8230;"},"content":{"rendered":"<div id=\"fb-root\"><\/div>\n<p>\u201cEu sou can\u00e7\u00e3o do ex\u00edlio \u2013 intelig\u00eancia colonizada.<\/p>\n<p>Segredo para mais de 500 anos.<\/p>\n<p>Imp\u00e9rio de sem terras, de sem tetos e de sem vergonhas.\u201d<\/p>\n<p>(extra\u00eddo do poema \u201cWoolfs e Stornis aqui dentro\u201d \/ LISA ALVES)<\/p>\n<p>By seb@r.<\/p>\n<p>Pra refor\u00e7ar, este TEXTO est\u00e1 entre as muitas IRONIAS que est\u00e3o em todos os cantos desta PROV\u00cdNCIA DO FAZ DE CONTA, bem como, nas TEORIAS DA FIC\u00c7\u00c3O, assim, qualquer IDENTIFICA\u00c7\u00c3O com a REALIDADE, deve ser encarada (sic) como uma SIMPLES COINCID\u00caNCIA&#8230;<\/p>\n<p>No mais em meio ao tudo de menos, na semana passada, ocorreram nos quatro cantos deste denominado PA\u00cdS DO FAZ DE CONTA, bem como, nesta PROV\u00cdNCIA mais do que interessante, muitas MANIFESTA\u00c7\u00d5ES, todas com os IDIOT\u00c1RIOS\/AS travestidos de PATRIOT\u00c1RIOS\/AS com suas eternas MENTES MED\u00cdOCRES&#8230;<\/p>\n<p>O mais interessante, isso \u00e9, a MEDIOCRIDADE esteve marcando presen\u00e7a em todos essas ATOS em defesa dos GENOCIDAS, tendo em vista que no per\u00edodo da PANDEMIA, partiram para o outro lado deste TEMPO do TEMPO, mais de 700 mil pessoas, isso de acordo com FONTES OFICIAIS, entretanto, este N\u00daMERO pode ser o DOBRO, talvez, o TRIPLO&#8230;<\/p>\n<p>Assim, n\u00e3o tem como deixar de lado que tais MANIFESTA\u00c7\u00d5ES foram e continuam sendo PATROCINADAS pelos denominados e famigerados\/as PATRIOT\u00c1RIOS\/AS, isso mesmo, a turma da tr\u00edade DEUS, P\u00c1TRIA E FAM\u00cdLIA&#8230;<\/p>\n<p>Por\u00e9m, como sempre, tais CARRETAS e PASSEATAS, todavia, todas foram LIMITADAS nos n\u00fameros, pois, apenas aqueles\/as que est\u00e3o completamente FORA DA REALIDADE, aqui, est\u00e3o inclu\u00eddos todas as \u00e1reas com seus PERSONAGENS ALIENADOS\/AS e MANIPULADOS\/AS pela DESINFORMA\u00c7\u00c3O das REDES SOCIAIS E M\u00cdDIA tradicional&#8230;<\/p>\n<p>Portanto, n\u00e3o se pode esperar muitos destas MENTES MED\u00cdOCRES em terras provincianas, tamb\u00e9m, o GENOCIDA MOR continua com a MESMICE DE SEMPRE, ou seja, tocando o BERRANTE e conclamando a MANADA com suas BANDEIRAS, CAMISETAS AMARELAS e outros&#8230;<\/p>\n<p>Est\u00e3o, ainda, refor\u00e7ando os DESENCONTROS relacionados com as URNAS ELETR\u00d4NICAS, tamb\u00e9m, isto e mais aquilo para tentar DEFENDER o INELEG\u00cdVEL, ainda, o DITO CUJO ser\u00e1 PRESO de um jeito ou de outro com a ORCRIM&#8230;<\/p>\n<p>Todos\/as os\/as APOIADORES\/AS s\u00e3o GOLPISTAS, tal qual aqueles\/as que marcaram presen\u00e7a com suas MARCHAS nas proximidades desta ou aquela UNIDADE MILITAR, todavia, n\u00e3o se pode esquecer o ROUBO DAS JOIAS&#8230; VACINAS&#8230; COMPRA DE IM\u00d3VEIS COM MOEDA CORRENTE&#8230; PRIVATIZA\u00c7\u00d5ES&#8230;<\/p>\n<p>Recado para todos\/as os\/as PROVINCIANOS\/AS, a saber: PERDERAM MAN\u00c9S!<\/p>\n<p>QUEM SOBREVIVER VAI SABER&#8230;<\/p>\n<p>e-mail: barbosa.sebar@gmail.com<\/p>\n<p>&nbsp;<\/p>\n<p>&nbsp;<\/p>\n<p>&nbsp;<\/p>\n<p>&nbsp;<\/p>\n<p>&nbsp;<\/p>\n<p>&nbsp;<\/p>\n","protected":false},"excerpt":{"rendered":"<p>\u201cEu sou can\u00e7\u00e3o do ex\u00edlio \u2013 intelig\u00eancia colonizada. Segredo para mais de 500 anos. Imp\u00e9rio de sem terras, de sem tetos e de sem vergonhas.\u201d (extra\u00eddo do poema \u201cWoolfs e Stornis aqui dentro\u201d \/ LISA ALVES) By seb@r. Pra refor\u00e7ar, este TEXTO est\u00e1 entre as muitas IRONIAS que est\u00e3o em todos os cantos desta PROV\u00cdNCIA [&hellip;]<\/p>\n","protected":false},"author":13,"featured_media":51988,"comment_status":"closed","ping_status":"open","sticky":false,"template":"","format":"standard","meta":{"_acf_changed":false,"_exactmetrics_skip_tracking":false,"_exactmetrics_sitenote_active":false,"_exactmetrics_sitenote_note":"","_exactmetrics_sitenote_category":0,"footnotes":""},"categories":[59],"tags":[],"class_list":["post-103585","post","type-post","status-publish","format-standard","has-post-thumbnail","hentry","category-opiniao"],"acf":[],"yoast_head":"<!-- This site is optimized with the Yoast SEO plugin v27.2 - https:\/\/yoast.com\/product\/yoast-seo-wordpress\/ -->\n<title>Prov\u00edncia, patriot\u00e1rios\/as e mentes med\u00edocres... - R\u00e1dio Life FM<\/title>\n<meta name=\"robots\" content=\"index, follow, max-snippet:-1, max-image-preview:large, max-video-preview:-1\" \/>\n<link rel=\"canonical\" href=\"https:\/\/radiolifefm.com.br\/noticias\/provincia-patriotarios-as-e-mentes-mediocres-2\/\" \/>\n<meta property=\"og:locale\" content=\"pt_BR\" \/>\n<meta property=\"og:type\" content=\"article\" \/>\n<meta property=\"og:title\" content=\"Prov\u00edncia, patriot\u00e1rios\/as e mentes med\u00edocres... - R\u00e1dio Life FM\" \/>\n<meta property=\"og:description\" content=\"\u201cEu sou can\u00e7\u00e3o do ex\u00edlio \u2013 intelig\u00eancia colonizada. Segredo para mais de 500 anos. Imp\u00e9rio de sem terras, de sem tetos e de sem vergonhas.\u201d (extra\u00eddo do poema \u201cWoolfs e Stornis aqui dentro\u201d \/ LISA ALVES) By seb@r. Pra refor\u00e7ar, este TEXTO est\u00e1 entre as muitas IRONIAS que est\u00e3o em todos os cantos desta PROV\u00cdNCIA [&hellip;]\" \/>\n<meta property=\"og:url\" content=\"https:\/\/radiolifefm.com.br\/noticias\/provincia-patriotarios-as-e-mentes-mediocres-2\/\" \/>\n<meta property=\"og:site_name\" content=\"R\u00e1dio Life FM\" \/>\n<meta property=\"article:publisher\" content=\"https:\/\/www.facebook.com\/radiolifefm\/\" \/>\n<meta property=\"article:published_time\" content=\"2025-07-28T17:27:11+00:00\" \/>\n<meta property=\"article:modified_time\" content=\"2026-04-18T18:19:39+00:00\" \/>\n<meta property=\"og:image\" content=\"https:\/\/radiolifefm.com.br\/noticias\/wp-content\/uploads\/2022\/04\/WhatsApp-Image-2022-04-10-at-18.43.02.jpeg\" \/>\n\t<meta property=\"og:image:width\" content=\"972\" \/>\n\t<meta property=\"og:image:height\" content=\"1296\" \/>\n\t<meta property=\"og:image:type\" content=\"image\/jpeg\" \/>\n<meta name=\"author\" content=\"ritanery\" \/>\n<meta name=\"twitter:card\" content=\"summary_large_image\" \/>\n<meta name=\"twitter:label1\" content=\"Escrito por\" \/>\n\t<meta name=\"twitter:data1\" content=\"ritanery\" \/>\n\t<meta name=\"twitter:label2\" content=\"Est. tempo de leitura\" \/>\n\t<meta name=\"twitter:data2\" content=\"3 minutos\" \/>\n<script type=\"application\/ld+json\" class=\"yoast-schema-graph\">{\"@context\":\"https:\/\/schema.org\",\"@graph\":[{\"@type\":\"Article\",\"@id\":\"https:\/\/radiolifefm.com.br\/noticias\/provincia-patriotarios-as-e-mentes-mediocres-2\/#article\",\"isPartOf\":{\"@id\":\"https:\/\/radiolifefm.com.br\/noticias\/provincia-patriotarios-as-e-mentes-mediocres-2\/\"},\"author\":{\"name\":\"ritanery\",\"@id\":\"https:\/\/radiolifefm.com.br\/noticias\/#\/schema\/person\/6339b9fac59d12b071dec680d7375d87\"},\"headline\":\"Prov\u00edncia, patriot\u00e1rios\/as e mentes med\u00edocres&#8230;\",\"datePublished\":\"2025-07-28T17:27:11+00:00\",\"dateModified\":\"2026-04-18T18:19:39+00:00\",\"mainEntityOfPage\":{\"@id\":\"https:\/\/radiolifefm.com.br\/noticias\/provincia-patriotarios-as-e-mentes-mediocres-2\/\"},\"wordCount\":452,\"publisher\":{\"@id\":\"https:\/\/radiolifefm.com.br\/noticias\/#organization\"},\"image\":{\"@id\":\"https:\/\/radiolifefm.com.br\/noticias\/provincia-patriotarios-as-e-mentes-mediocres-2\/#primaryimage\"},\"thumbnailUrl\":\"https:\/\/radiolifefm.com.br\/noticias\/wp-content\/uploads\/2022\/04\/WhatsApp-Image-2022-04-10-at-18.43.02.jpeg\",\"articleSection\":[\"Opini\u00e3o\"],\"inLanguage\":\"pt-BR\"},{\"@type\":\"WebPage\",\"@id\":\"https:\/\/radiolifefm.com.br\/noticias\/provincia-patriotarios-as-e-mentes-mediocres-2\/\",\"url\":\"https:\/\/radiolifefm.com.br\/noticias\/provincia-patriotarios-as-e-mentes-mediocres-2\/\",\"name\":\"Prov\u00edncia, patriot\u00e1rios\/as e mentes med\u00edocres... - R\u00e1dio Life FM\",\"isPartOf\":{\"@id\":\"https:\/\/radiolifefm.com.br\/noticias\/#website\"},\"primaryImageOfPage\":{\"@id\":\"https:\/\/radiolifefm.com.br\/noticias\/provincia-patriotarios-as-e-mentes-mediocres-2\/#primaryimage\"},\"image\":{\"@id\":\"https:\/\/radiolifefm.com.br\/noticias\/provincia-patriotarios-as-e-mentes-mediocres-2\/#primaryimage\"},\"thumbnailUrl\":\"https:\/\/radiolifefm.com.br\/noticias\/wp-content\/uploads\/2022\/04\/WhatsApp-Image-2022-04-10-at-18.43.02.jpeg\",\"datePublished\":\"2025-07-28T17:27:11+00:00\",\"dateModified\":\"2026-04-18T18:19:39+00:00\",\"breadcrumb\":{\"@id\":\"https:\/\/radiolifefm.com.br\/noticias\/provincia-patriotarios-as-e-mentes-mediocres-2\/#breadcrumb\"},\"inLanguage\":\"pt-BR\",\"potentialAction\":[{\"@type\":\"ReadAction\",\"target\":[\"https:\/\/radiolifefm.com.br\/noticias\/provincia-patriotarios-as-e-mentes-mediocres-2\/\"]}]},{\"@type\":\"ImageObject\",\"inLanguage\":\"pt-BR\",\"@id\":\"https:\/\/radiolifefm.com.br\/noticias\/provincia-patriotarios-as-e-mentes-mediocres-2\/#primaryimage\",\"url\":\"https:\/\/radiolifefm.com.br\/noticias\/wp-content\/uploads\/2022\/04\/WhatsApp-Image-2022-04-10-at-18.43.02.jpeg\",\"contentUrl\":\"https:\/\/radiolifefm.com.br\/noticias\/wp-content\/uploads\/2022\/04\/WhatsApp-Image-2022-04-10-at-18.43.02.jpeg\",\"width\":972,\"height\":1296,\"caption\":\"S\u00e9rgio Barbosa\"},{\"@type\":\"BreadcrumbList\",\"@id\":\"https:\/\/radiolifefm.com.br\/noticias\/provincia-patriotarios-as-e-mentes-mediocres-2\/#breadcrumb\",\"itemListElement\":[{\"@type\":\"ListItem\",\"position\":1,\"name\":\"In\u00edcio\",\"item\":\"https:\/\/radiolifefm.com.br\/noticias\/\"},{\"@type\":\"ListItem\",\"position\":2,\"name\":\"Prov\u00edncia, patriot\u00e1rios\/as e mentes med\u00edocres&#8230;\"}]},{\"@type\":\"WebSite\",\"@id\":\"https:\/\/radiolifefm.com.br\/noticias\/#website\",\"url\":\"https:\/\/radiolifefm.com.br\/noticias\/\",\"name\":\"R\u00e1dio Life FM\",\"description\":\"O Portal de Not\u00edcias de Adamantina\",\"publisher\":{\"@id\":\"https:\/\/radiolifefm.com.br\/noticias\/#organization\"},\"alternateName\":\"Life FM\",\"potentialAction\":[{\"@type\":\"SearchAction\",\"target\":{\"@type\":\"EntryPoint\",\"urlTemplate\":\"https:\/\/radiolifefm.com.br\/noticias\/?s={search_term_string}\"},\"query-input\":{\"@type\":\"PropertyValueSpecification\",\"valueRequired\":true,\"valueName\":\"search_term_string\"}}],\"inLanguage\":\"pt-BR\"},{\"@type\":\"Organization\",\"@id\":\"https:\/\/radiolifefm.com.br\/noticias\/#organization\",\"name\":\"R\u00e1dio Life FM\",\"alternateName\":\"Life FM\",\"url\":\"https:\/\/radiolifefm.com.br\/noticias\/\",\"logo\":{\"@type\":\"ImageObject\",\"inLanguage\":\"pt-BR\",\"@id\":\"https:\/\/radiolifefm.com.br\/noticias\/#\/schema\/logo\/image\/\",\"url\":\"https:\/\/static.radiolifefm.com.br\/noticias\/wp-content\/uploads\/2019\/10\/logo-lifefm.png\",\"contentUrl\":\"https:\/\/static.radiolifefm.com.br\/noticias\/wp-content\/uploads\/2019\/10\/logo-lifefm.png\",\"width\":196,\"height\":47,\"caption\":\"R\u00e1dio Life FM\"},\"image\":{\"@id\":\"https:\/\/radiolifefm.com.br\/noticias\/#\/schema\/logo\/image\/\"},\"sameAs\":[\"https:\/\/www.facebook.com\/radiolifefm\/\",\"https:\/\/www.instagram.com\/life1079fm\/\"]},{\"@type\":\"Person\",\"@id\":\"https:\/\/radiolifefm.com.br\/noticias\/#\/schema\/person\/6339b9fac59d12b071dec680d7375d87\",\"name\":\"ritanery\",\"image\":{\"@type\":\"ImageObject\",\"inLanguage\":\"pt-BR\",\"@id\":\"https:\/\/secure.gravatar.com\/avatar\/0e37bb19071f47c0b8a23f62a903df117c5a0e75f65a0c2901562f97cd41cf86?s=96&d=mm&r=g\",\"url\":\"https:\/\/secure.gravatar.com\/avatar\/0e37bb19071f47c0b8a23f62a903df117c5a0e75f65a0c2901562f97cd41cf86?s=96&d=mm&r=g\",\"contentUrl\":\"https:\/\/secure.gravatar.com\/avatar\/0e37bb19071f47c0b8a23f62a903df117c5a0e75f65a0c2901562f97cd41cf86?s=96&d=mm&r=g\",\"caption\":\"ritanery\"}}]}<\/script>\n<!-- \/ Yoast SEO plugin. -->","yoast_head_json":{"title":"Prov\u00edncia, patriot\u00e1rios\/as e mentes med\u00edocres... - R\u00e1dio Life FM","robots":{"index":"index","follow":"follow","max-snippet":"max-snippet:-1","max-image-preview":"max-image-preview:large","max-video-preview":"max-video-preview:-1"},"canonical":"https:\/\/radiolifefm.com.br\/noticias\/provincia-patriotarios-as-e-mentes-mediocres-2\/","og_locale":"pt_BR","og_type":"article","og_title":"Prov\u00edncia, patriot\u00e1rios\/as e mentes med\u00edocres... - R\u00e1dio Life FM","og_description":"\u201cEu sou can\u00e7\u00e3o do ex\u00edlio \u2013 intelig\u00eancia colonizada. Segredo para mais de 500 anos. Imp\u00e9rio de sem terras, de sem tetos e de sem vergonhas.\u201d (extra\u00eddo do poema \u201cWoolfs e Stornis aqui dentro\u201d \/ LISA ALVES) By seb@r. Pra refor\u00e7ar, este TEXTO est\u00e1 entre as muitas IRONIAS que est\u00e3o em todos os cantos desta PROV\u00cdNCIA [&hellip;]","og_url":"https:\/\/radiolifefm.com.br\/noticias\/provincia-patriotarios-as-e-mentes-mediocres-2\/","og_site_name":"R\u00e1dio Life FM","article_publisher":"https:\/\/www.facebook.com\/radiolifefm\/","article_published_time":"2025-07-28T17:27:11+00:00","article_modified_time":"2026-04-18T18:19:39+00:00","og_image":[{"width":972,"height":1296,"url":"https:\/\/radiolifefm.com.br\/noticias\/wp-content\/uploads\/2022\/04\/WhatsApp-Image-2022-04-10-at-18.43.02.jpeg","type":"image\/jpeg"}],"author":"ritanery","twitter_card":"summary_large_image","twitter_misc":{"Escrito por":"ritanery","Est. tempo de leitura":"3 minutos"},"schema":{"@context":"https:\/\/schema.org","@graph":[{"@type":"Article","@id":"https:\/\/radiolifefm.com.br\/noticias\/provincia-patriotarios-as-e-mentes-mediocres-2\/#article","isPartOf":{"@id":"https:\/\/radiolifefm.com.br\/noticias\/provincia-patriotarios-as-e-mentes-mediocres-2\/"},"author":{"name":"ritanery","@id":"https:\/\/radiolifefm.com.br\/noticias\/#\/schema\/person\/6339b9fac59d12b071dec680d7375d87"},"headline":"Prov\u00edncia, patriot\u00e1rios\/as e mentes med\u00edocres&#8230;","datePublished":"2025-07-28T17:27:11+00:00","dateModified":"2026-04-18T18:19:39+00:00","mainEntityOfPage":{"@id":"https:\/\/radiolifefm.com.br\/noticias\/provincia-patriotarios-as-e-mentes-mediocres-2\/"},"wordCount":452,"publisher":{"@id":"https:\/\/radiolifefm.com.br\/noticias\/#organization"},"image":{"@id":"https:\/\/radiolifefm.com.br\/noticias\/provincia-patriotarios-as-e-mentes-mediocres-2\/#primaryimage"},"thumbnailUrl":"https:\/\/radiolifefm.com.br\/noticias\/wp-content\/uploads\/2022\/04\/WhatsApp-Image-2022-04-10-at-18.43.02.jpeg","articleSection":["Opini\u00e3o"],"inLanguage":"pt-BR"},{"@type":"WebPage","@id":"https:\/\/radiolifefm.com.br\/noticias\/provincia-patriotarios-as-e-mentes-mediocres-2\/","url":"https:\/\/radiolifefm.com.br\/noticias\/provincia-patriotarios-as-e-mentes-mediocres-2\/","name":"Prov\u00edncia, patriot\u00e1rios\/as e mentes med\u00edocres... - R\u00e1dio Life FM","isPartOf":{"@id":"https:\/\/radiolifefm.com.br\/noticias\/#website"},"primaryImageOfPage":{"@id":"https:\/\/radiolifefm.com.br\/noticias\/provincia-patriotarios-as-e-mentes-mediocres-2\/#primaryimage"},"image":{"@id":"https:\/\/radiolifefm.com.br\/noticias\/provincia-patriotarios-as-e-mentes-mediocres-2\/#primaryimage"},"thumbnailUrl":"https:\/\/radiolifefm.com.br\/noticias\/wp-content\/uploads\/2022\/04\/WhatsApp-Image-2022-04-10-at-18.43.02.jpeg","datePublished":"2025-07-28T17:27:11+00:00","dateModified":"2026-04-18T18:19:39+00:00","breadcrumb":{"@id":"https:\/\/radiolifefm.com.br\/noticias\/provincia-patriotarios-as-e-mentes-mediocres-2\/#breadcrumb"},"inLanguage":"pt-BR","potentialAction":[{"@type":"ReadAction","target":["https:\/\/radiolifefm.com.br\/noticias\/provincia-patriotarios-as-e-mentes-mediocres-2\/"]}]},{"@type":"ImageObject","inLanguage":"pt-BR","@id":"https:\/\/radiolifefm.com.br\/noticias\/provincia-patriotarios-as-e-mentes-mediocres-2\/#primaryimage","url":"https:\/\/radiolifefm.com.br\/noticias\/wp-content\/uploads\/2022\/04\/WhatsApp-Image-2022-04-10-at-18.43.02.jpeg","contentUrl":"https:\/\/radiolifefm.com.br\/noticias\/wp-content\/uploads\/2022\/04\/WhatsApp-Image-2022-04-10-at-18.43.02.jpeg","width":972,"height":1296,"caption":"S\u00e9rgio Barbosa"},{"@type":"BreadcrumbList","@id":"https:\/\/radiolifefm.com.br\/noticias\/provincia-patriotarios-as-e-mentes-mediocres-2\/#breadcrumb","itemListElement":[{"@type":"ListItem","position":1,"name":"In\u00edcio","item":"https:\/\/radiolifefm.com.br\/noticias\/"},{"@type":"ListItem","position":2,"name":"Prov\u00edncia, patriot\u00e1rios\/as e mentes med\u00edocres&#8230;"}]},{"@type":"WebSite","@id":"https:\/\/radiolifefm.com.br\/noticias\/#website","url":"https:\/\/radiolifefm.com.br\/noticias\/","name":"R\u00e1dio Life FM","description":"O Portal de Not\u00edcias de Adamantina","publisher":{"@id":"https:\/\/radiolifefm.com.br\/noticias\/#organization"},"alternateName":"Life FM","potentialAction":[{"@type":"SearchAction","target":{"@type":"EntryPoint","urlTemplate":"https:\/\/radiolifefm.com.br\/noticias\/?s={search_term_string}"},"query-input":{"@type":"PropertyValueSpecification","valueRequired":true,"valueName":"search_term_string"}}],"inLanguage":"pt-BR"},{"@type":"Organization","@id":"https:\/\/radiolifefm.com.br\/noticias\/#organization","name":"R\u00e1dio Life FM","alternateName":"Life FM","url":"https:\/\/radiolifefm.com.br\/noticias\/","logo":{"@type":"ImageObject","inLanguage":"pt-BR","@id":"https:\/\/radiolifefm.com.br\/noticias\/#\/schema\/logo\/image\/","url":"https:\/\/static.radiolifefm.com.br\/noticias\/wp-content\/uploads\/2019\/10\/logo-lifefm.png","contentUrl":"https:\/\/static.radiolifefm.com.br\/noticias\/wp-content\/uploads\/2019\/10\/logo-lifefm.png","width":196,"height":47,"caption":"R\u00e1dio Life FM"},"image":{"@id":"https:\/\/radiolifefm.com.br\/noticias\/#\/schema\/logo\/image\/"},"sameAs":["https:\/\/www.facebook.com\/radiolifefm\/","https:\/\/www.instagram.com\/life1079fm\/"]},{"@type":"Person","@id":"https:\/\/radiolifefm.com.br\/noticias\/#\/schema\/person\/6339b9fac59d12b071dec680d7375d87","name":"ritanery","image":{"@type":"ImageObject","inLanguage":"pt-BR","@id":"https:\/\/secure.gravatar.com\/avatar\/0e37bb19071f47c0b8a23f62a903df117c5a0e75f65a0c2901562f97cd41cf86?s=96&d=mm&r=g","url":"https:\/\/secure.gravatar.com\/avatar\/0e37bb19071f47c0b8a23f62a903df117c5a0e75f65a0c2901562f97cd41cf86?s=96&d=mm&r=g","contentUrl":"https:\/\/secure.gravatar.com\/avatar\/0e37bb19071f47c0b8a23f62a903df117c5a0e75f65a0c2901562f97cd41cf86?s=96&d=mm&r=g","caption":"ritanery"}}]}},"amp_enabled":true,"_links":{"self":[{"href":"https:\/\/radiolifefm.com.br\/noticias\/wp-json\/wp\/v2\/posts\/103585","targetHints":{"allow":["GET"]}}],"collection":[{"href":"https:\/\/radiolifefm.com.br\/noticias\/wp-json\/wp\/v2\/posts"}],"about":[{"href":"https:\/\/radiolifefm.com.br\/noticias\/wp-json\/wp\/v2\/types\/post"}],"author":[{"embeddable":true,"href":"https:\/\/radiolifefm.com.br\/noticias\/wp-json\/wp\/v2\/users\/13"}],"replies":[{"embeddable":true,"href":"https:\/\/radiolifefm.com.br\/noticias\/wp-json\/wp\/v2\/comments?post=103585"}],"version-history":[{"count":1,"href":"https:\/\/radiolifefm.com.br\/noticias\/wp-json\/wp\/v2\/posts\/103585\/revisions"}],"predecessor-version":[{"id":103586,"href":"https:\/\/radiolifefm.com.br\/noticias\/wp-json\/wp\/v2\/posts\/103585\/revisions\/103586"}],"wp:featuredmedia":[{"embeddable":true,"href":"https:\/\/radiolifefm.com.br\/noticias\/wp-json\/wp\/v2\/media\/51988"}],"wp:attachment":[{"href":"https:\/\/radiolifefm.com.br\/noticias\/wp-json\/wp\/v2\/media?parent=103585"}],"wp:term":[{"taxonomy":"category","embeddable":true,"href":"https:\/\/radiolifefm.com.br\/noticias\/wp-json\/wp\/v2\/categories?post=103585"},{"taxonomy":"post_tag","embeddable":true,"href":"https:\/\/radiolifefm.com.br\/noticias\/wp-json\/wp\/v2\/tags?post=103585"}],"curies":[{"name":"wp","href":"https:\/\/api.w.org\/{rel}","templated":true}]}}