{"id":103344,"date":"2025-07-25T07:22:55","date_gmt":"2025-07-25T10:22:55","guid":{"rendered":"https:\/\/radiolifefm.com.br\/noticias\/?p=103344"},"modified":"2026-04-19T04:00:58","modified_gmt":"2026-04-19T07:00:58","slug":"desencontros-em-ourinhos-sp-com-o-passado-no-presente","status":"publish","type":"post","link":"https:\/\/radiolifefm.com.br\/noticias\/desencontros-em-ourinhos-sp-com-o-passado-no-presente\/","title":{"rendered":"DESENCONTROS EM OURINHOS-SP COM O PASSADO NO PRESENTE&#8230;"},"content":{"rendered":"<div id=\"fb-root\"><\/div>\n<p><em>\u201cTodos n\u00f3s temos nossas m\u00e1quinas do tempo. Algumas nos levam pra tr\u00e1s, s\u00e3o chamadas de mem\u00f3rias. Outras nos levam para frente, s\u00e3o chamadas sonhos.\u201d (Jeremy Irons)<\/em><\/p>\n<p>\u201cQuando era crian\u00e7a pequena\u201d l\u00e1 em OURINHOS, lembro que minha av\u00f3 paterna, ANT\u00d4NIA, bem como, a minha TIA DALILA, irm\u00e3 da minha m\u00e3e, DONA TATINHA (GENY), moravam no bairro da BARRA FUNDA, ou seja, na RUA NARCIZO MIGILIARI&#8230;<\/p>\n<p>Por\u00e9m, tamb\u00e9m, recordando aqui e ali, pra sair da RUA 21 DE ABRIL na minha VILA MARGARIDA, quase sempre com a minha saudosa M\u00c3E e o meu irm\u00e3o VALDIR, era necess\u00e1rio descer essa rua em dire\u00e7\u00e3o a \u201cPASSAGEM DA LINHA\u201d, pois, a divisa entre os dois bairros era a LINHA F\u00c9RREA DA FEPASA, naquele outro tempo, ESTRADA DE FERRO SOROCABANA&#8230;<\/p>\n<p>Tamb\u00e9m, uma vez ou outro pra variar, o caminho poderia ser via RUA 15 DE NOVEMBRO, entretanto, naquele outro tempo tudo era uma aventura de crian\u00e7a pequena&#8230;<\/p>\n<p>Depois da PASSAGEM DA LINHA, n\u00e3o tinha como n\u00e3o olhar do lado direito de quem est\u00e1 descendo pra BARRA FUNDA, a imponente e grandiosa CER\u00c2MICA SANTO ANT\u00d4NIO, naquela \u00e9poca era conhecida como CER\u00c2MICA DA \u201cPEPA\u201d&#8230;<\/p>\n<p>Para \u201co olhar de uma crian\u00e7a tudo era coisa do outro mundo naquele galp\u00e3o enorme com suas chamin\u00e9s altas\u201d, assim, de um jeito ou de outro, para o meu lado tudo era grandioso naquela CER\u00c2MICA&#8230;<\/p>\n<p>Oura coisa mais do que interessante neste tempo do tempo, estava nos nossos desencontros com muitas brincadeiras com os primos e primas que moravam e alguns, ainda, residem na BARRA FUNDA&#8230;<\/p>\n<p>Posso registrar que foram anos e anos com muitas idas e vindas entre a VILA MARGARIDA e a BARRA FUNDA, quase sempre ao lado da minha m\u00e3e e do meu irm\u00e3o&#8230;<\/p>\n<p>Todavia, como sempre, NADA \u00c9 PRA SEMPRE e um dia cada qual vai em busca do seu caminho por aqui ou por ali, dependendo sempre das nossas escolhas e ponto quase final&#8230;<\/p>\n<p>Assim, depois de muitos anos, ainda, numa destas visitas que sempre que poss\u00edvel procuro fazer, ou seja, ir at\u00e9 OURINHOS pra vistas familiares, resolvi aproveitar e \u201cfazer uma arte\u201d, caminhar at\u00e9 a PASSAGEM DA LINHA e retornar&#8230;<\/p>\n<p>Mas, ao chegar na LINHA DO TREM, a primeira coisa que olhei foi para o lado direito e consegui localizar o que sobrou desta CER\u00c2MICA e tudo mais em meio ao tudo de menos&#8230;<\/p>\n<p>O local est\u00e1 praticamente ABANDONADO e apenas um dos barrac\u00f5es est\u00e1 sendo utilizado por uma empresa, no mais est\u00e1 tudo se perdendo neste tempo do tempo&#8230;<\/p>\n<p>Tais desencontros com o local e na medida em que caminhava em volta da quadra para muitos olhares sobre um mesmo olhar, as recorda\u00e7\u00f5es marcavam presen\u00e7a do meu lado quanto ao outro tempo que se perdeu para nunca mais voltar&#8230;<\/p>\n<p>Tais registros s\u00e3o mais do que necess\u00e1rios para que o PRESENTE possa aprender alguma coisa com o PASSADO em todas as \u00e1reas, haja vista que o PRESENTE est\u00e1 deixando a desejar quando a MEM\u00d3RIA se faz presente&#8230;<\/p>\n<p>e-mail: barbosa.sebar@gmail.com<\/p>\n<p>&nbsp;<\/p>\n<p>&nbsp;<\/p>\n","protected":false},"excerpt":{"rendered":"<p>\u201cTodos n\u00f3s temos nossas m\u00e1quinas do tempo. Algumas nos levam pra tr\u00e1s, s\u00e3o chamadas de mem\u00f3rias. Outras nos levam para frente, s\u00e3o chamadas sonhos.\u201d (Jeremy Irons) \u201cQuando era crian\u00e7a pequena\u201d l\u00e1 em OURINHOS, lembro que minha av\u00f3 paterna, ANT\u00d4NIA, bem como, a minha TIA DALILA, irm\u00e3 da minha m\u00e3e, DONA TATINHA (GENY), moravam no bairro [&hellip;]<\/p>\n","protected":false},"author":13,"featured_media":51988,"comment_status":"closed","ping_status":"open","sticky":false,"template":"","format":"standard","meta":{"_acf_changed":false,"_exactmetrics_skip_tracking":false,"_exactmetrics_sitenote_active":false,"_exactmetrics_sitenote_note":"","_exactmetrics_sitenote_category":0,"footnotes":""},"categories":[59],"tags":[],"class_list":["post-103344","post","type-post","status-publish","format-standard","has-post-thumbnail","hentry","category-opiniao"],"acf":[],"yoast_head":"<!-- This site is optimized with the Yoast SEO plugin v27.2 - https:\/\/yoast.com\/product\/yoast-seo-wordpress\/ -->\n<title>DESENCONTROS EM OURINHOS-SP COM O PASSADO NO PRESENTE... - R\u00e1dio Life FM<\/title>\n<meta name=\"robots\" content=\"index, follow, max-snippet:-1, max-image-preview:large, max-video-preview:-1\" \/>\n<link rel=\"canonical\" href=\"https:\/\/radiolifefm.com.br\/noticias\/desencontros-em-ourinhos-sp-com-o-passado-no-presente\/\" \/>\n<meta property=\"og:locale\" content=\"pt_BR\" \/>\n<meta property=\"og:type\" content=\"article\" \/>\n<meta property=\"og:title\" content=\"DESENCONTROS EM OURINHOS-SP COM O PASSADO NO PRESENTE... - R\u00e1dio Life FM\" \/>\n<meta property=\"og:description\" content=\"\u201cTodos n\u00f3s temos nossas m\u00e1quinas do tempo. Algumas nos levam pra tr\u00e1s, s\u00e3o chamadas de mem\u00f3rias. Outras nos levam para frente, s\u00e3o chamadas sonhos.\u201d (Jeremy Irons) \u201cQuando era crian\u00e7a pequena\u201d l\u00e1 em OURINHOS, lembro que minha av\u00f3 paterna, ANT\u00d4NIA, bem como, a minha TIA DALILA, irm\u00e3 da minha m\u00e3e, DONA TATINHA (GENY), moravam no bairro [&hellip;]\" \/>\n<meta property=\"og:url\" content=\"https:\/\/radiolifefm.com.br\/noticias\/desencontros-em-ourinhos-sp-com-o-passado-no-presente\/\" \/>\n<meta property=\"og:site_name\" content=\"R\u00e1dio Life FM\" \/>\n<meta property=\"article:publisher\" content=\"https:\/\/www.facebook.com\/radiolifefm\/\" \/>\n<meta property=\"article:published_time\" content=\"2025-07-25T10:22:55+00:00\" \/>\n<meta property=\"article:modified_time\" content=\"2026-04-19T07:00:58+00:00\" \/>\n<meta property=\"og:image\" content=\"https:\/\/radiolifefm.com.br\/noticias\/wp-content\/uploads\/2022\/04\/WhatsApp-Image-2022-04-10-at-18.43.02.jpeg\" \/>\n\t<meta property=\"og:image:width\" content=\"972\" \/>\n\t<meta property=\"og:image:height\" content=\"1296\" \/>\n\t<meta property=\"og:image:type\" content=\"image\/jpeg\" \/>\n<meta name=\"author\" content=\"ritanery\" \/>\n<meta name=\"twitter:card\" content=\"summary_large_image\" \/>\n<meta name=\"twitter:label1\" content=\"Escrito por\" \/>\n\t<meta name=\"twitter:data1\" content=\"ritanery\" \/>\n\t<meta name=\"twitter:label2\" content=\"Est. tempo de leitura\" \/>\n\t<meta name=\"twitter:data2\" content=\"3 minutos\" \/>\n<script type=\"application\/ld+json\" class=\"yoast-schema-graph\">{\"@context\":\"https:\/\/schema.org\",\"@graph\":[{\"@type\":\"Article\",\"@id\":\"https:\/\/radiolifefm.com.br\/noticias\/desencontros-em-ourinhos-sp-com-o-passado-no-presente\/#article\",\"isPartOf\":{\"@id\":\"https:\/\/radiolifefm.com.br\/noticias\/desencontros-em-ourinhos-sp-com-o-passado-no-presente\/\"},\"author\":{\"name\":\"ritanery\",\"@id\":\"https:\/\/radiolifefm.com.br\/noticias\/#\/schema\/person\/6339b9fac59d12b071dec680d7375d87\"},\"headline\":\"DESENCONTROS EM OURINHOS-SP COM O PASSADO NO PRESENTE&#8230;\",\"datePublished\":\"2025-07-25T10:22:55+00:00\",\"dateModified\":\"2026-04-19T07:00:58+00:00\",\"mainEntityOfPage\":{\"@id\":\"https:\/\/radiolifefm.com.br\/noticias\/desencontros-em-ourinhos-sp-com-o-passado-no-presente\/\"},\"wordCount\":538,\"publisher\":{\"@id\":\"https:\/\/radiolifefm.com.br\/noticias\/#organization\"},\"image\":{\"@id\":\"https:\/\/radiolifefm.com.br\/noticias\/desencontros-em-ourinhos-sp-com-o-passado-no-presente\/#primaryimage\"},\"thumbnailUrl\":\"https:\/\/radiolifefm.com.br\/noticias\/wp-content\/uploads\/2022\/04\/WhatsApp-Image-2022-04-10-at-18.43.02.jpeg\",\"articleSection\":[\"Opini\u00e3o\"],\"inLanguage\":\"pt-BR\"},{\"@type\":\"WebPage\",\"@id\":\"https:\/\/radiolifefm.com.br\/noticias\/desencontros-em-ourinhos-sp-com-o-passado-no-presente\/\",\"url\":\"https:\/\/radiolifefm.com.br\/noticias\/desencontros-em-ourinhos-sp-com-o-passado-no-presente\/\",\"name\":\"DESENCONTROS EM OURINHOS-SP COM O PASSADO NO PRESENTE... - R\u00e1dio Life FM\",\"isPartOf\":{\"@id\":\"https:\/\/radiolifefm.com.br\/noticias\/#website\"},\"primaryImageOfPage\":{\"@id\":\"https:\/\/radiolifefm.com.br\/noticias\/desencontros-em-ourinhos-sp-com-o-passado-no-presente\/#primaryimage\"},\"image\":{\"@id\":\"https:\/\/radiolifefm.com.br\/noticias\/desencontros-em-ourinhos-sp-com-o-passado-no-presente\/#primaryimage\"},\"thumbnailUrl\":\"https:\/\/radiolifefm.com.br\/noticias\/wp-content\/uploads\/2022\/04\/WhatsApp-Image-2022-04-10-at-18.43.02.jpeg\",\"datePublished\":\"2025-07-25T10:22:55+00:00\",\"dateModified\":\"2026-04-19T07:00:58+00:00\",\"breadcrumb\":{\"@id\":\"https:\/\/radiolifefm.com.br\/noticias\/desencontros-em-ourinhos-sp-com-o-passado-no-presente\/#breadcrumb\"},\"inLanguage\":\"pt-BR\",\"potentialAction\":[{\"@type\":\"ReadAction\",\"target\":[\"https:\/\/radiolifefm.com.br\/noticias\/desencontros-em-ourinhos-sp-com-o-passado-no-presente\/\"]}]},{\"@type\":\"ImageObject\",\"inLanguage\":\"pt-BR\",\"@id\":\"https:\/\/radiolifefm.com.br\/noticias\/desencontros-em-ourinhos-sp-com-o-passado-no-presente\/#primaryimage\",\"url\":\"https:\/\/radiolifefm.com.br\/noticias\/wp-content\/uploads\/2022\/04\/WhatsApp-Image-2022-04-10-at-18.43.02.jpeg\",\"contentUrl\":\"https:\/\/radiolifefm.com.br\/noticias\/wp-content\/uploads\/2022\/04\/WhatsApp-Image-2022-04-10-at-18.43.02.jpeg\",\"width\":972,\"height\":1296,\"caption\":\"S\u00e9rgio Barbosa\"},{\"@type\":\"BreadcrumbList\",\"@id\":\"https:\/\/radiolifefm.com.br\/noticias\/desencontros-em-ourinhos-sp-com-o-passado-no-presente\/#breadcrumb\",\"itemListElement\":[{\"@type\":\"ListItem\",\"position\":1,\"name\":\"In\u00edcio\",\"item\":\"https:\/\/radiolifefm.com.br\/noticias\/\"},{\"@type\":\"ListItem\",\"position\":2,\"name\":\"DESENCONTROS EM OURINHOS-SP COM O PASSADO NO PRESENTE&#8230;\"}]},{\"@type\":\"WebSite\",\"@id\":\"https:\/\/radiolifefm.com.br\/noticias\/#website\",\"url\":\"https:\/\/radiolifefm.com.br\/noticias\/\",\"name\":\"R\u00e1dio Life FM\",\"description\":\"O Portal de Not\u00edcias de Adamantina\",\"publisher\":{\"@id\":\"https:\/\/radiolifefm.com.br\/noticias\/#organization\"},\"alternateName\":\"Life FM\",\"potentialAction\":[{\"@type\":\"SearchAction\",\"target\":{\"@type\":\"EntryPoint\",\"urlTemplate\":\"https:\/\/radiolifefm.com.br\/noticias\/?s={search_term_string}\"},\"query-input\":{\"@type\":\"PropertyValueSpecification\",\"valueRequired\":true,\"valueName\":\"search_term_string\"}}],\"inLanguage\":\"pt-BR\"},{\"@type\":\"Organization\",\"@id\":\"https:\/\/radiolifefm.com.br\/noticias\/#organization\",\"name\":\"R\u00e1dio Life FM\",\"alternateName\":\"Life FM\",\"url\":\"https:\/\/radiolifefm.com.br\/noticias\/\",\"logo\":{\"@type\":\"ImageObject\",\"inLanguage\":\"pt-BR\",\"@id\":\"https:\/\/radiolifefm.com.br\/noticias\/#\/schema\/logo\/image\/\",\"url\":\"https:\/\/static.radiolifefm.com.br\/noticias\/wp-content\/uploads\/2019\/10\/logo-lifefm.png\",\"contentUrl\":\"https:\/\/static.radiolifefm.com.br\/noticias\/wp-content\/uploads\/2019\/10\/logo-lifefm.png\",\"width\":196,\"height\":47,\"caption\":\"R\u00e1dio Life FM\"},\"image\":{\"@id\":\"https:\/\/radiolifefm.com.br\/noticias\/#\/schema\/logo\/image\/\"},\"sameAs\":[\"https:\/\/www.facebook.com\/radiolifefm\/\",\"https:\/\/www.instagram.com\/life1079fm\/\"]},{\"@type\":\"Person\",\"@id\":\"https:\/\/radiolifefm.com.br\/noticias\/#\/schema\/person\/6339b9fac59d12b071dec680d7375d87\",\"name\":\"ritanery\",\"image\":{\"@type\":\"ImageObject\",\"inLanguage\":\"pt-BR\",\"@id\":\"https:\/\/secure.gravatar.com\/avatar\/0e37bb19071f47c0b8a23f62a903df117c5a0e75f65a0c2901562f97cd41cf86?s=96&d=mm&r=g\",\"url\":\"https:\/\/secure.gravatar.com\/avatar\/0e37bb19071f47c0b8a23f62a903df117c5a0e75f65a0c2901562f97cd41cf86?s=96&d=mm&r=g\",\"contentUrl\":\"https:\/\/secure.gravatar.com\/avatar\/0e37bb19071f47c0b8a23f62a903df117c5a0e75f65a0c2901562f97cd41cf86?s=96&d=mm&r=g\",\"caption\":\"ritanery\"}}]}<\/script>\n<!-- \/ Yoast SEO plugin. -->","yoast_head_json":{"title":"DESENCONTROS EM OURINHOS-SP COM O PASSADO NO PRESENTE... - R\u00e1dio Life FM","robots":{"index":"index","follow":"follow","max-snippet":"max-snippet:-1","max-image-preview":"max-image-preview:large","max-video-preview":"max-video-preview:-1"},"canonical":"https:\/\/radiolifefm.com.br\/noticias\/desencontros-em-ourinhos-sp-com-o-passado-no-presente\/","og_locale":"pt_BR","og_type":"article","og_title":"DESENCONTROS EM OURINHOS-SP COM O PASSADO NO PRESENTE... - R\u00e1dio Life FM","og_description":"\u201cTodos n\u00f3s temos nossas m\u00e1quinas do tempo. Algumas nos levam pra tr\u00e1s, s\u00e3o chamadas de mem\u00f3rias. Outras nos levam para frente, s\u00e3o chamadas sonhos.\u201d (Jeremy Irons) \u201cQuando era crian\u00e7a pequena\u201d l\u00e1 em OURINHOS, lembro que minha av\u00f3 paterna, ANT\u00d4NIA, bem como, a minha TIA DALILA, irm\u00e3 da minha m\u00e3e, DONA TATINHA (GENY), moravam no bairro [&hellip;]","og_url":"https:\/\/radiolifefm.com.br\/noticias\/desencontros-em-ourinhos-sp-com-o-passado-no-presente\/","og_site_name":"R\u00e1dio Life FM","article_publisher":"https:\/\/www.facebook.com\/radiolifefm\/","article_published_time":"2025-07-25T10:22:55+00:00","article_modified_time":"2026-04-19T07:00:58+00:00","og_image":[{"width":972,"height":1296,"url":"https:\/\/radiolifefm.com.br\/noticias\/wp-content\/uploads\/2022\/04\/WhatsApp-Image-2022-04-10-at-18.43.02.jpeg","type":"image\/jpeg"}],"author":"ritanery","twitter_card":"summary_large_image","twitter_misc":{"Escrito por":"ritanery","Est. tempo de leitura":"3 minutos"},"schema":{"@context":"https:\/\/schema.org","@graph":[{"@type":"Article","@id":"https:\/\/radiolifefm.com.br\/noticias\/desencontros-em-ourinhos-sp-com-o-passado-no-presente\/#article","isPartOf":{"@id":"https:\/\/radiolifefm.com.br\/noticias\/desencontros-em-ourinhos-sp-com-o-passado-no-presente\/"},"author":{"name":"ritanery","@id":"https:\/\/radiolifefm.com.br\/noticias\/#\/schema\/person\/6339b9fac59d12b071dec680d7375d87"},"headline":"DESENCONTROS EM OURINHOS-SP COM O PASSADO NO PRESENTE&#8230;","datePublished":"2025-07-25T10:22:55+00:00","dateModified":"2026-04-19T07:00:58+00:00","mainEntityOfPage":{"@id":"https:\/\/radiolifefm.com.br\/noticias\/desencontros-em-ourinhos-sp-com-o-passado-no-presente\/"},"wordCount":538,"publisher":{"@id":"https:\/\/radiolifefm.com.br\/noticias\/#organization"},"image":{"@id":"https:\/\/radiolifefm.com.br\/noticias\/desencontros-em-ourinhos-sp-com-o-passado-no-presente\/#primaryimage"},"thumbnailUrl":"https:\/\/radiolifefm.com.br\/noticias\/wp-content\/uploads\/2022\/04\/WhatsApp-Image-2022-04-10-at-18.43.02.jpeg","articleSection":["Opini\u00e3o"],"inLanguage":"pt-BR"},{"@type":"WebPage","@id":"https:\/\/radiolifefm.com.br\/noticias\/desencontros-em-ourinhos-sp-com-o-passado-no-presente\/","url":"https:\/\/radiolifefm.com.br\/noticias\/desencontros-em-ourinhos-sp-com-o-passado-no-presente\/","name":"DESENCONTROS EM OURINHOS-SP COM O PASSADO NO PRESENTE... - R\u00e1dio Life FM","isPartOf":{"@id":"https:\/\/radiolifefm.com.br\/noticias\/#website"},"primaryImageOfPage":{"@id":"https:\/\/radiolifefm.com.br\/noticias\/desencontros-em-ourinhos-sp-com-o-passado-no-presente\/#primaryimage"},"image":{"@id":"https:\/\/radiolifefm.com.br\/noticias\/desencontros-em-ourinhos-sp-com-o-passado-no-presente\/#primaryimage"},"thumbnailUrl":"https:\/\/radiolifefm.com.br\/noticias\/wp-content\/uploads\/2022\/04\/WhatsApp-Image-2022-04-10-at-18.43.02.jpeg","datePublished":"2025-07-25T10:22:55+00:00","dateModified":"2026-04-19T07:00:58+00:00","breadcrumb":{"@id":"https:\/\/radiolifefm.com.br\/noticias\/desencontros-em-ourinhos-sp-com-o-passado-no-presente\/#breadcrumb"},"inLanguage":"pt-BR","potentialAction":[{"@type":"ReadAction","target":["https:\/\/radiolifefm.com.br\/noticias\/desencontros-em-ourinhos-sp-com-o-passado-no-presente\/"]}]},{"@type":"ImageObject","inLanguage":"pt-BR","@id":"https:\/\/radiolifefm.com.br\/noticias\/desencontros-em-ourinhos-sp-com-o-passado-no-presente\/#primaryimage","url":"https:\/\/radiolifefm.com.br\/noticias\/wp-content\/uploads\/2022\/04\/WhatsApp-Image-2022-04-10-at-18.43.02.jpeg","contentUrl":"https:\/\/radiolifefm.com.br\/noticias\/wp-content\/uploads\/2022\/04\/WhatsApp-Image-2022-04-10-at-18.43.02.jpeg","width":972,"height":1296,"caption":"S\u00e9rgio Barbosa"},{"@type":"BreadcrumbList","@id":"https:\/\/radiolifefm.com.br\/noticias\/desencontros-em-ourinhos-sp-com-o-passado-no-presente\/#breadcrumb","itemListElement":[{"@type":"ListItem","position":1,"name":"In\u00edcio","item":"https:\/\/radiolifefm.com.br\/noticias\/"},{"@type":"ListItem","position":2,"name":"DESENCONTROS EM OURINHOS-SP COM O PASSADO NO PRESENTE&#8230;"}]},{"@type":"WebSite","@id":"https:\/\/radiolifefm.com.br\/noticias\/#website","url":"https:\/\/radiolifefm.com.br\/noticias\/","name":"R\u00e1dio Life FM","description":"O Portal de Not\u00edcias de Adamantina","publisher":{"@id":"https:\/\/radiolifefm.com.br\/noticias\/#organization"},"alternateName":"Life FM","potentialAction":[{"@type":"SearchAction","target":{"@type":"EntryPoint","urlTemplate":"https:\/\/radiolifefm.com.br\/noticias\/?s={search_term_string}"},"query-input":{"@type":"PropertyValueSpecification","valueRequired":true,"valueName":"search_term_string"}}],"inLanguage":"pt-BR"},{"@type":"Organization","@id":"https:\/\/radiolifefm.com.br\/noticias\/#organization","name":"R\u00e1dio Life FM","alternateName":"Life FM","url":"https:\/\/radiolifefm.com.br\/noticias\/","logo":{"@type":"ImageObject","inLanguage":"pt-BR","@id":"https:\/\/radiolifefm.com.br\/noticias\/#\/schema\/logo\/image\/","url":"https:\/\/static.radiolifefm.com.br\/noticias\/wp-content\/uploads\/2019\/10\/logo-lifefm.png","contentUrl":"https:\/\/static.radiolifefm.com.br\/noticias\/wp-content\/uploads\/2019\/10\/logo-lifefm.png","width":196,"height":47,"caption":"R\u00e1dio Life FM"},"image":{"@id":"https:\/\/radiolifefm.com.br\/noticias\/#\/schema\/logo\/image\/"},"sameAs":["https:\/\/www.facebook.com\/radiolifefm\/","https:\/\/www.instagram.com\/life1079fm\/"]},{"@type":"Person","@id":"https:\/\/radiolifefm.com.br\/noticias\/#\/schema\/person\/6339b9fac59d12b071dec680d7375d87","name":"ritanery","image":{"@type":"ImageObject","inLanguage":"pt-BR","@id":"https:\/\/secure.gravatar.com\/avatar\/0e37bb19071f47c0b8a23f62a903df117c5a0e75f65a0c2901562f97cd41cf86?s=96&d=mm&r=g","url":"https:\/\/secure.gravatar.com\/avatar\/0e37bb19071f47c0b8a23f62a903df117c5a0e75f65a0c2901562f97cd41cf86?s=96&d=mm&r=g","contentUrl":"https:\/\/secure.gravatar.com\/avatar\/0e37bb19071f47c0b8a23f62a903df117c5a0e75f65a0c2901562f97cd41cf86?s=96&d=mm&r=g","caption":"ritanery"}}]}},"amp_enabled":true,"_links":{"self":[{"href":"https:\/\/radiolifefm.com.br\/noticias\/wp-json\/wp\/v2\/posts\/103344","targetHints":{"allow":["GET"]}}],"collection":[{"href":"https:\/\/radiolifefm.com.br\/noticias\/wp-json\/wp\/v2\/posts"}],"about":[{"href":"https:\/\/radiolifefm.com.br\/noticias\/wp-json\/wp\/v2\/types\/post"}],"author":[{"embeddable":true,"href":"https:\/\/radiolifefm.com.br\/noticias\/wp-json\/wp\/v2\/users\/13"}],"replies":[{"embeddable":true,"href":"https:\/\/radiolifefm.com.br\/noticias\/wp-json\/wp\/v2\/comments?post=103344"}],"version-history":[{"count":2,"href":"https:\/\/radiolifefm.com.br\/noticias\/wp-json\/wp\/v2\/posts\/103344\/revisions"}],"predecessor-version":[{"id":103352,"href":"https:\/\/radiolifefm.com.br\/noticias\/wp-json\/wp\/v2\/posts\/103344\/revisions\/103352"}],"wp:featuredmedia":[{"embeddable":true,"href":"https:\/\/radiolifefm.com.br\/noticias\/wp-json\/wp\/v2\/media\/51988"}],"wp:attachment":[{"href":"https:\/\/radiolifefm.com.br\/noticias\/wp-json\/wp\/v2\/media?parent=103344"}],"wp:term":[{"taxonomy":"category","embeddable":true,"href":"https:\/\/radiolifefm.com.br\/noticias\/wp-json\/wp\/v2\/categories?post=103344"},{"taxonomy":"post_tag","embeddable":true,"href":"https:\/\/radiolifefm.com.br\/noticias\/wp-json\/wp\/v2\/tags?post=103344"}],"curies":[{"name":"wp","href":"https:\/\/api.w.org\/{rel}","templated":true}]}}